{"id":10723,"date":"2021-08-26T10:56:05","date_gmt":"2021-08-26T10:56:05","guid":{"rendered":"https:\/\/www.africa-press.net\/niger\/?p=10723"},"modified":"2021-08-26T18:55:00","modified_gmt":"2021-08-26T18:55:00","slug":"ouverture-de-la-premiere-session-du-parlement-des-jeunes-au-titre-de-lannee-2021-a-maradi-des-echanges-sur-des-thematiques-dinteret-commun-et-visites-guidees-au-programme-de-la-se","status":"publish","type":"post","link":"https:\/\/www.africa-press.net\/niger\/politique\/ouverture-de-la-premiere-session-du-parlement-des-jeunes-au-titre-de-lannee-2021-a-maradi-des-echanges-sur-des-thematiques-dinteret-commun-et-visites-guidees-au-programme-de-la-se","title":{"rendered":"Ouverture de la premi\u00e8re session  du Parlement des Jeunes au titre de l\u2019ann\u00e9e 2021 \u00e0 Maradi : Des \u00e9changes sur des th\u00e9matiques d\u2019int\u00e9r\u00eat commun et visites guid\u00e9es au programme de la session"},"content":{"rendered":"<p><span style=\"color: #ff6600\"><strong><a href=\"https:\/\/www.africa-press.net\/\">Africa-Press<\/a> &#8211; <a href=\"https:\/\/www.africa-press.net\/niger\">Niger<\/a>. <\/strong><\/span>Le parlement des jeunes du Niger a ouvert les travaux de sa premi\u00e8re session au titre de l\u2019ann\u00e9e 2021 \u00e0 Maradi. Plusieurs allocutions ont marqu\u00e9 la c\u00e9r\u00e9monie d\u2019ouverture de ces travaux. Durant cette session, des th\u00e8mes relatifs \u00e0 la sant\u00e9, \u00e0 l\u2019emploi, \u00e0 la d\u00e9mocratie, aux droits de l\u2019enfant, au civisme et \u00e0 la bonne gouvernance seront d\u00e9velopp\u00e9s. La c\u00e9r\u00e9monie d\u2019ouverture a \u00e9t\u00e9 plac\u00e9e sous le haut patronage du 1er Vice pr\u00e9sident de l\u2019Assembl\u00e9e nationale M. Kalla Ankouraou<\/p>\n<p>Dans son discours \u00e0 cette occasion, le premier Vice-pr\u00e9sident de l\u2019Assembl\u00e9e Nationale a d\u00e9velopp\u00e9 plusieurs th\u00e8mes. Ainsi, concernant l\u2019hivernage, il a indiqu\u00e9 que cette ann\u00e9e des pluies diluviennes ont caus\u00e9 des d\u00e9g\u00e2ts importants et fait de nombreuses victimes. C\u2019est pourquoi M. Kalla Ankouraou a demand\u00e9 une fatiha pour le repos des \u00e2mes de ceux qui ont perdu leur vie et de compatir avec les sinistr\u00e9s. Il a aussi demand\u00e9 aux d\u00e9put\u00e9s juniors de profiter des grandes vacances pour assister leurs parents dans les travaux champ\u00eatres afin de contribuer significativement \u00e0 l\u2019autosuffisance alimentaire qui occupe une place de choix dans le programme de renaissance acte II du Pr\u00e9sident de la R\u00e9publique, Chef de l\u2019Etat, M. Mohamed Bazoum.<\/p>\n<p>Les menaces de groupes terroristes dans notre pays ont constitu\u00e9 le deuxi\u00e8me point de l\u2019intervention du 1er Vice-pr\u00e9sident de l\u2019Assembl\u00e9e Nationale. \u00abC\u2019est pour mieux assurer la s\u00e9curit\u00e9 des populations que le gouvernement a pris diverses mesures dont l\u2019instauration de l\u2019\u00e9tat d\u2019urgence et l\u2019intensification de la pr\u00e9sence militaire dans les zones concern\u00e9es\u00bb a-t-il dit. M. Kalla Ankouraou a soutenu que cette lutte qui se d\u00e9roule sous la forme asym\u00e9trique sera longue, mais la victoire est certaine. Pour ce qui est de l\u2019ins\u00e9curit\u00e9 et du banditisme qui s\u00e9vissent aux fronti\u00e8res sud de la r\u00e9gion de Maradi, il a reconnu que les autorit\u00e9s administratives et coutumi\u00e8res prennent des initiatives audacieuses pour soutenir et accompagner l\u2019op\u00e9ration \u00abFarawta Bishia\u00bb avec des succ\u00e8s \u00e9clatants. Le 1er Vice pr\u00e9sident de l\u2019Assembl\u00e9e nationale a demand\u00e9 aux populations une franche collaboration avec les forces de d\u00e9fense et de s\u00e9curit\u00e9 pour d\u00e9noncer tout individu suspect ou tout acte malveillant dont elles ont connaissance.<\/p>\n<p>La pr\u00e9sidente du Parlement des Jeunes, Mlle Rimana Youssouf Hassane Mayaki a soutenu que cette session s\u2019ouvre au moment o\u00f9 les examens de fin d\u2019ann\u00e9e livrent leurs r\u00e9sultats. \u00abCes dernier son h\u00e9las des plus d\u00e9plorables tant en ce qui concerne le taux d\u2019admission qu\u2019en ce qui concerne les fraudes et autres mauvaises pratiques r\u00e9v\u00e9l\u00e9es\u00bb a-t-elle dit. \u00abNotre partition \u00e0 nous jeunes, poursuit-elle, est de convaincre que seul le travail paye et qu\u2019il n\u2019y a en effet aucune fiert\u00e9 \u00e0 tirer de la tricherie\u00bb. \u00abC\u2019est pourquoi nous saluons l\u2019effort d\u2019assainissement en cours tout en plaidant pour plus d\u2019investissement en tout genre dans ce domaine qui nous concerne tous\u00bb. Elle a invit\u00e9 les jeunes parlementaires \u00e0 suivre, avec l\u2019attention requise, les enseignements \u00e0 tirer de leurs diff\u00e9rentes visites aupr\u00e8s des autorit\u00e9s traditionnelles et les visites guid\u00e9es au niveau des structures socio- \u00e9conomiques de la r\u00e9gion.<\/p>\n<p>Pour sa part, le pr\u00e9sident du R\u00e9seau Parlementaire des Jeunes et la Protection de l\u2019Enfant, l\u2019honorable Amadou Massalatchi a reconnu que la tenue des sessions du Parlement des jeunes en r\u00e9gion offre une occasion \u00e0 ces derniers de mieux d\u00e9couvrir leur propre pays, surtout dans sa diversit\u00e9. Il a soutenu que la philosophie derri\u00e8re l\u2019initiative \u2018\u2019Parlement des jeunes\u2019\u2019 est de contribuer \u00e0 former une jeunesse responsable devant ses droits et ses devoirs, capable de faire face au d\u00e9fi d\u2019une rel\u00e8ve avertie dans l\u2019\u0153uvre de construction d\u2019une nation, \u00e9prise de paix.<\/p>\n<p><b>\u00a0<\/b><\/p>\n","protected":false},"excerpt":{"rendered":"<p>Africa-Press &#8211; Niger. Le parlement des jeunes du Niger a ouvert les travaux de sa premi\u00e8re session au titre de l\u2019ann\u00e9e 2021 \u00e0 Maradi. Plusieurs allocutions ont marqu\u00e9 la c\u00e9r\u00e9monie d\u2019ouverture de ces travaux. Durant cette session, des th\u00e8mes relatifs \u00e0 la sant\u00e9, \u00e0 l\u2019emploi, \u00e0 la d\u00e9mocratie, aux droits de l\u2019enfant, au civisme et [&hellip;]<\/p>\n","protected":false},"author":82,"featured_media":10722,"comment_status":"open","ping_status":"closed","sticky":false,"template":"","format":"standard","meta":{"footnotes":""},"categories":[11,2,10],"tags":[55,60,29],"class_list":["post-10723","post","type-post","status-publish","format-standard","has-post-thumbnail","hentry","category-homepage-french","category-politique","category-toutes-les-actualites","tag-africa-press","tag-africa-press-niger","tag-niger"],"yoast_head":"<!-- This site is optimized with the Yoast SEO Premium plugin v26.1 (Yoast SEO v27.0) - https:\/\/yoast.com\/product\/yoast-seo-premium-wordpress\/ -->\n<title>Ouverture de la premi\u00e8re session du Parlement des Jeunes au titre de l\u2019ann\u00e9e 2021 \u00e0 Maradi : Des \u00e9changes sur des th\u00e9matiques d\u2019int\u00e9r\u00eat commun et visites guid\u00e9es au programme de la session - niger<\/title>\n<meta name=\"description\" content=\"\ufeffLe parlement des jeunes du Niger a ouvert les travaux de sa premi\u00e8re session au titre de l\u2019ann\u00e9e 2021 \u00e0 Maradi. Plusieu ...\" \/>\n<meta name=\"robots\" content=\"index, follow, max-snippet:-1, max-image-preview:large, max-video-preview:-1\" \/>\n<link rel=\"canonical\" href=\"https:\/\/www.africa-press.net\/niger\/politique\/ouverture-de-la-premiere-session-du-parlement-des-jeunes-au-titre-de-lannee-2021-a-maradi-des-echanges-sur-des-thematiques-dinteret-commun-et-visites-guidees-au-programme-de-la-se\" \/>\n<meta property=\"og:locale\" content=\"fr_FR\" \/>\n<meta property=\"og:type\" content=\"article\" \/>\n<meta property=\"og:title\" content=\"Ouverture de la premi\u00e8re session du Parlement des Jeunes au titre de l\u2019ann\u00e9e 2021 \u00e0 Maradi : Des \u00e9changes sur des th\u00e9matiques d\u2019int\u00e9r\u00eat commun et visites guid\u00e9es au programme de la session\" \/>\n<meta property=\"og:description\" content=\"\ufeffLe parlement des jeunes du Niger a ouvert les travaux de sa premi\u00e8re session au titre de l\u2019ann\u00e9e 2021 \u00e0 Maradi. Plusieu ...\" \/>\n<meta property=\"og:url\" content=\"https:\/\/www.africa-press.net\/niger\/politique\/ouverture-de-la-premiere-session-du-parlement-des-jeunes-au-titre-de-lannee-2021-a-maradi-des-echanges-sur-des-thematiques-dinteret-commun-et-visites-guidees-au-programme-de-la-se\" \/>\n<meta property=\"og:site_name\" content=\"niger\" \/>\n<meta property=\"article:published_time\" content=\"2021-08-26T10:56:05+00:00\" \/>\n<meta property=\"article:modified_time\" content=\"2021-08-26T18:55:00+00:00\" \/>\n<meta property=\"og:image\" content=\"https:\/\/static.africa-press.net\/niger\/sites\/40\/2021\/08\/img-61275f4ba4413.jpg\" \/>\n\t<meta property=\"og:image:width\" content=\"720\" \/>\n\t<meta property=\"og:image:height\" content=\"444\" \/>\n\t<meta property=\"og:image:type\" content=\"image\/jpeg\" \/>\n<meta name=\"author\" content=\"cfeditorfr\" \/>\n<meta name=\"twitter:card\" content=\"summary_large_image\" \/>\n<meta name=\"twitter:label1\" content=\"\u00c9crit par\" \/>\n\t<meta name=\"twitter:data1\" content=\"cfeditorfr\" \/>\n\t<meta name=\"twitter:label2\" content=\"Dur\u00e9e de lecture estim\u00e9e\" \/>\n\t<meta name=\"twitter:data2\" content=\"3 minutes\" \/>\n<script type=\"application\/ld+json\" class=\"yoast-schema-graph\">{\"@context\":\"https:\/\/schema.org\",\"@graph\":[{\"@type\":\"Article\",\"@id\":\"https:\/\/www.africa-press.net\/niger\/politique\/ouverture-de-la-premiere-session-du-parlement-des-jeunes-au-titre-de-lannee-2021-a-maradi-des-echanges-sur-des-thematiques-dinteret-commun-et-visites-guidees-au-programme-de-la-se#article\",\"isPartOf\":{\"@id\":\"https:\/\/www.africa-press.net\/niger\/politique\/ouverture-de-la-premiere-session-du-parlement-des-jeunes-au-titre-de-lannee-2021-a-maradi-des-echanges-sur-des-thematiques-dinteret-commun-et-visites-guidees-au-programme-de-la-se\"},\"author\":{\"name\":\"cfeditorfr\",\"@id\":\"https:\/\/www.africa-press.net\/niger\/#\/schema\/person\/2b1cf3cd81a31e3cd26889ca66d677f1\"},\"headline\":\"Ouverture de la premi\u00e8re session du Parlement des Jeunes au titre de l\u2019ann\u00e9e 2021 \u00e0 Maradi : Des \u00e9changes sur des th\u00e9matiques d\u2019int\u00e9r\u00eat commun et visites guid\u00e9es au programme de la session\",\"datePublished\":\"2021-08-26T10:56:05+00:00\",\"dateModified\":\"2021-08-26T18:55:00+00:00\",\"mainEntityOfPage\":{\"@id\":\"https:\/\/www.africa-press.net\/niger\/politique\/ouverture-de-la-premiere-session-du-parlement-des-jeunes-au-titre-de-lannee-2021-a-maradi-des-echanges-sur-des-thematiques-dinteret-commun-et-visites-guidees-au-programme-de-la-se\"},\"wordCount\":711,\"commentCount\":0,\"image\":{\"@id\":\"https:\/\/www.africa-press.net\/niger\/politique\/ouverture-de-la-premiere-session-du-parlement-des-jeunes-au-titre-de-lannee-2021-a-maradi-des-echanges-sur-des-thematiques-dinteret-commun-et-visites-guidees-au-programme-de-la-se#primaryimage\"},\"thumbnailUrl\":\"https:\/\/static.africa-press.net\/niger\/sites\/40\/2021\/08\/img-61275f4ba4413.jpg\",\"keywords\":[\"Africa Press\",\"Africa Press-Niger\",\"Niger\"],\"articleSection\":[\"homepage-french\",\"Politique\",\"Toutes les actualit\u00e9s\"],\"inLanguage\":\"fr-FR\",\"potentialAction\":[{\"@type\":\"CommentAction\",\"name\":\"Comment\",\"target\":[\"https:\/\/www.africa-press.net\/niger\/politique\/ouverture-de-la-premiere-session-du-parlement-des-jeunes-au-titre-de-lannee-2021-a-maradi-des-echanges-sur-des-thematiques-dinteret-commun-et-visites-guidees-au-programme-de-la-se#respond\"]}]},{\"@type\":\"WebPage\",\"@id\":\"https:\/\/www.africa-press.net\/niger\/politique\/ouverture-de-la-premiere-session-du-parlement-des-jeunes-au-titre-de-lannee-2021-a-maradi-des-echanges-sur-des-thematiques-dinteret-commun-et-visites-guidees-au-programme-de-la-se\",\"url\":\"https:\/\/www.africa-press.net\/niger\/politique\/ouverture-de-la-premiere-session-du-parlement-des-jeunes-au-titre-de-lannee-2021-a-maradi-des-echanges-sur-des-thematiques-dinteret-commun-et-visites-guidees-au-programme-de-la-se\",\"name\":\"Ouverture de la premi\u00e8re session du Parlement des Jeunes au titre de l\u2019ann\u00e9e 2021 \u00e0 Maradi : Des \u00e9changes sur des th\u00e9matiques d\u2019int\u00e9r\u00eat commun et visites guid\u00e9es au programme de la session - niger\",\"isPartOf\":{\"@id\":\"https:\/\/www.africa-press.net\/niger\/#website\"},\"primaryImageOfPage\":{\"@id\":\"https:\/\/www.africa-press.net\/niger\/politique\/ouverture-de-la-premiere-session-du-parlement-des-jeunes-au-titre-de-lannee-2021-a-maradi-des-echanges-sur-des-thematiques-dinteret-commun-et-visites-guidees-au-programme-de-la-se#primaryimage\"},\"image\":{\"@id\":\"https:\/\/www.africa-press.net\/niger\/politique\/ouverture-de-la-premiere-session-du-parlement-des-jeunes-au-titre-de-lannee-2021-a-maradi-des-echanges-sur-des-thematiques-dinteret-commun-et-visites-guidees-au-programme-de-la-se#primaryimage\"},\"thumbnailUrl\":\"https:\/\/static.africa-press.net\/niger\/sites\/40\/2021\/08\/img-61275f4ba4413.jpg\",\"datePublished\":\"2021-08-26T10:56:05+00:00\",\"dateModified\":\"2021-08-26T18:55:00+00:00\",\"author\":{\"@id\":\"https:\/\/www.africa-press.net\/niger\/#\/schema\/person\/2b1cf3cd81a31e3cd26889ca66d677f1\"},\"description\":\"\ufeffLe parlement des jeunes du Niger a ouvert les travaux de sa premi\u00e8re session au titre de l\u2019ann\u00e9e 2021 \u00e0 Maradi. Plusieu ...\",\"breadcrumb\":{\"@id\":\"https:\/\/www.africa-press.net\/niger\/politique\/ouverture-de-la-premiere-session-du-parlement-des-jeunes-au-titre-de-lannee-2021-a-maradi-des-echanges-sur-des-thematiques-dinteret-commun-et-visites-guidees-au-programme-de-la-se#breadcrumb\"},\"inLanguage\":\"fr-FR\",\"potentialAction\":[{\"@type\":\"ReadAction\",\"target\":[\"https:\/\/www.africa-press.net\/niger\/politique\/ouverture-de-la-premiere-session-du-parlement-des-jeunes-au-titre-de-lannee-2021-a-maradi-des-echanges-sur-des-thematiques-dinteret-commun-et-visites-guidees-au-programme-de-la-se\"]}]},{\"@type\":\"ImageObject\",\"inLanguage\":\"fr-FR\",\"@id\":\"https:\/\/www.africa-press.net\/niger\/politique\/ouverture-de-la-premiere-session-du-parlement-des-jeunes-au-titre-de-lannee-2021-a-maradi-des-echanges-sur-des-thematiques-dinteret-commun-et-visites-guidees-au-programme-de-la-se#primaryimage\",\"url\":\"https:\/\/static.africa-press.net\/niger\/sites\/40\/2021\/08\/img-61275f4ba4413.jpg\",\"contentUrl\":\"https:\/\/static.africa-press.net\/niger\/sites\/40\/2021\/08\/img-61275f4ba4413.jpg\",\"width\":720,\"height\":444,\"caption\":\"Ouverture de la premi\u00e8re session du Parlement des Jeunes au titre de l\u2019ann\u00e9e 2021 \u00e0 Maradi : Des \u00e9changes sur des th\u00e9matiques d\u2019int\u00e9r\u00eat commun et visites guid\u00e9es au programme de la session\"},{\"@type\":\"BreadcrumbList\",\"@id\":\"https:\/\/www.africa-press.net\/niger\/politique\/ouverture-de-la-premiere-session-du-parlement-des-jeunes-au-titre-de-lannee-2021-a-maradi-des-echanges-sur-des-thematiques-dinteret-commun-et-visites-guidees-au-programme-de-la-se#breadcrumb\",\"itemListElement\":[{\"@type\":\"ListItem\",\"position\":1,\"name\":\"Accueil\",\"item\":\"https:\/\/www.africa-press.net\/niger\/\"},{\"@type\":\"ListItem\",\"position\":2,\"name\":\"Ouverture de la premi\u00e8re session du Parlement des Jeunes au titre de l\u2019ann\u00e9e 2021 \u00e0 Maradi : Des \u00e9changes sur des th\u00e9matiques d\u2019int\u00e9r\u00eat commun et visites guid\u00e9es au programme de la session\"}]},{\"@type\":\"WebSite\",\"@id\":\"https:\/\/www.africa-press.net\/niger\/#website\",\"url\":\"https:\/\/www.africa-press.net\/niger\/\",\"name\":\"niger\",\"description\":\"Just another Africa News Agency Sites site\",\"potentialAction\":[{\"@type\":\"SearchAction\",\"target\":{\"@type\":\"EntryPoint\",\"urlTemplate\":\"https:\/\/www.africa-press.net\/niger\/?s={search_term_string}\"},\"query-input\":{\"@type\":\"PropertyValueSpecification\",\"valueRequired\":true,\"valueName\":\"search_term_string\"}}],\"inLanguage\":\"fr-FR\"},{\"@type\":\"Person\",\"@id\":\"https:\/\/www.africa-press.net\/niger\/#\/schema\/person\/2b1cf3cd81a31e3cd26889ca66d677f1\",\"name\":\"cfeditorfr\"}]}<\/script>\n<!-- \/ Yoast SEO Premium plugin. -->","yoast_head_json":{"title":"Ouverture de la premi\u00e8re session du Parlement des Jeunes au titre de l\u2019ann\u00e9e 2021 \u00e0 Maradi : Des \u00e9changes sur des th\u00e9matiques d\u2019int\u00e9r\u00eat commun et visites guid\u00e9es au programme de la session - niger","description":"\ufeffLe parlement des jeunes du Niger a ouvert les travaux de sa premi\u00e8re session au titre de l\u2019ann\u00e9e 2021 \u00e0 Maradi. Plusieu ...","robots":{"index":"index","follow":"follow","max-snippet":"max-snippet:-1","max-image-preview":"max-image-preview:large","max-video-preview":"max-video-preview:-1"},"canonical":"https:\/\/www.africa-press.net\/niger\/politique\/ouverture-de-la-premiere-session-du-parlement-des-jeunes-au-titre-de-lannee-2021-a-maradi-des-echanges-sur-des-thematiques-dinteret-commun-et-visites-guidees-au-programme-de-la-se","og_locale":"fr_FR","og_type":"article","og_title":"Ouverture de la premi\u00e8re session du Parlement des Jeunes au titre de l\u2019ann\u00e9e 2021 \u00e0 Maradi : Des \u00e9changes sur des th\u00e9matiques d\u2019int\u00e9r\u00eat commun et visites guid\u00e9es au programme de la session","og_description":"\ufeffLe parlement des jeunes du Niger a ouvert les travaux de sa premi\u00e8re session au titre de l\u2019ann\u00e9e 2021 \u00e0 Maradi. Plusieu ...","og_url":"https:\/\/www.africa-press.net\/niger\/politique\/ouverture-de-la-premiere-session-du-parlement-des-jeunes-au-titre-de-lannee-2021-a-maradi-des-echanges-sur-des-thematiques-dinteret-commun-et-visites-guidees-au-programme-de-la-se","og_site_name":"niger","article_published_time":"2021-08-26T10:56:05+00:00","article_modified_time":"2021-08-26T18:55:00+00:00","og_image":[{"width":720,"height":444,"url":"https:\/\/static.africa-press.net\/niger\/sites\/40\/2021\/08\/img-61275f4ba4413.jpg","type":"image\/jpeg"}],"author":"cfeditorfr","twitter_card":"summary_large_image","twitter_misc":{"\u00c9crit par":"cfeditorfr","Dur\u00e9e de lecture estim\u00e9e":"3 minutes"},"schema":{"@context":"https:\/\/schema.org","@graph":[{"@type":"Article","@id":"https:\/\/www.africa-press.net\/niger\/politique\/ouverture-de-la-premiere-session-du-parlement-des-jeunes-au-titre-de-lannee-2021-a-maradi-des-echanges-sur-des-thematiques-dinteret-commun-et-visites-guidees-au-programme-de-la-se#article","isPartOf":{"@id":"https:\/\/www.africa-press.net\/niger\/politique\/ouverture-de-la-premiere-session-du-parlement-des-jeunes-au-titre-de-lannee-2021-a-maradi-des-echanges-sur-des-thematiques-dinteret-commun-et-visites-guidees-au-programme-de-la-se"},"author":{"name":"cfeditorfr","@id":"https:\/\/www.africa-press.net\/niger\/#\/schema\/person\/2b1cf3cd81a31e3cd26889ca66d677f1"},"headline":"Ouverture de la premi\u00e8re session du Parlement des Jeunes au titre de l\u2019ann\u00e9e 2021 \u00e0 Maradi : Des \u00e9changes sur des th\u00e9matiques d\u2019int\u00e9r\u00eat commun et visites guid\u00e9es au programme de la session","datePublished":"2021-08-26T10:56:05+00:00","dateModified":"2021-08-26T18:55:00+00:00","mainEntityOfPage":{"@id":"https:\/\/www.africa-press.net\/niger\/politique\/ouverture-de-la-premiere-session-du-parlement-des-jeunes-au-titre-de-lannee-2021-a-maradi-des-echanges-sur-des-thematiques-dinteret-commun-et-visites-guidees-au-programme-de-la-se"},"wordCount":711,"commentCount":0,"image":{"@id":"https:\/\/www.africa-press.net\/niger\/politique\/ouverture-de-la-premiere-session-du-parlement-des-jeunes-au-titre-de-lannee-2021-a-maradi-des-echanges-sur-des-thematiques-dinteret-commun-et-visites-guidees-au-programme-de-la-se#primaryimage"},"thumbnailUrl":"https:\/\/static.africa-press.net\/niger\/sites\/40\/2021\/08\/img-61275f4ba4413.jpg","keywords":["Africa Press","Africa Press-Niger","Niger"],"articleSection":["homepage-french","Politique","Toutes les actualit\u00e9s"],"inLanguage":"fr-FR","potentialAction":[{"@type":"CommentAction","name":"Comment","target":["https:\/\/www.africa-press.net\/niger\/politique\/ouverture-de-la-premiere-session-du-parlement-des-jeunes-au-titre-de-lannee-2021-a-maradi-des-echanges-sur-des-thematiques-dinteret-commun-et-visites-guidees-au-programme-de-la-se#respond"]}]},{"@type":"WebPage","@id":"https:\/\/www.africa-press.net\/niger\/politique\/ouverture-de-la-premiere-session-du-parlement-des-jeunes-au-titre-de-lannee-2021-a-maradi-des-echanges-sur-des-thematiques-dinteret-commun-et-visites-guidees-au-programme-de-la-se","url":"https:\/\/www.africa-press.net\/niger\/politique\/ouverture-de-la-premiere-session-du-parlement-des-jeunes-au-titre-de-lannee-2021-a-maradi-des-echanges-sur-des-thematiques-dinteret-commun-et-visites-guidees-au-programme-de-la-se","name":"Ouverture de la premi\u00e8re session du Parlement des Jeunes au titre de l\u2019ann\u00e9e 2021 \u00e0 Maradi : Des \u00e9changes sur des th\u00e9matiques d\u2019int\u00e9r\u00eat commun et visites guid\u00e9es au programme de la session - niger","isPartOf":{"@id":"https:\/\/www.africa-press.net\/niger\/#website"},"primaryImageOfPage":{"@id":"https:\/\/www.africa-press.net\/niger\/politique\/ouverture-de-la-premiere-session-du-parlement-des-jeunes-au-titre-de-lannee-2021-a-maradi-des-echanges-sur-des-thematiques-dinteret-commun-et-visites-guidees-au-programme-de-la-se#primaryimage"},"image":{"@id":"https:\/\/www.africa-press.net\/niger\/politique\/ouverture-de-la-premiere-session-du-parlement-des-jeunes-au-titre-de-lannee-2021-a-maradi-des-echanges-sur-des-thematiques-dinteret-commun-et-visites-guidees-au-programme-de-la-se#primaryimage"},"thumbnailUrl":"https:\/\/static.africa-press.net\/niger\/sites\/40\/2021\/08\/img-61275f4ba4413.jpg","datePublished":"2021-08-26T10:56:05+00:00","dateModified":"2021-08-26T18:55:00+00:00","author":{"@id":"https:\/\/www.africa-press.net\/niger\/#\/schema\/person\/2b1cf3cd81a31e3cd26889ca66d677f1"},"description":"\ufeffLe parlement des jeunes du Niger a ouvert les travaux de sa premi\u00e8re session au titre de l\u2019ann\u00e9e 2021 \u00e0 Maradi. Plusieu ...","breadcrumb":{"@id":"https:\/\/www.africa-press.net\/niger\/politique\/ouverture-de-la-premiere-session-du-parlement-des-jeunes-au-titre-de-lannee-2021-a-maradi-des-echanges-sur-des-thematiques-dinteret-commun-et-visites-guidees-au-programme-de-la-se#breadcrumb"},"inLanguage":"fr-FR","potentialAction":[{"@type":"ReadAction","target":["https:\/\/www.africa-press.net\/niger\/politique\/ouverture-de-la-premiere-session-du-parlement-des-jeunes-au-titre-de-lannee-2021-a-maradi-des-echanges-sur-des-thematiques-dinteret-commun-et-visites-guidees-au-programme-de-la-se"]}]},{"@type":"ImageObject","inLanguage":"fr-FR","@id":"https:\/\/www.africa-press.net\/niger\/politique\/ouverture-de-la-premiere-session-du-parlement-des-jeunes-au-titre-de-lannee-2021-a-maradi-des-echanges-sur-des-thematiques-dinteret-commun-et-visites-guidees-au-programme-de-la-se#primaryimage","url":"https:\/\/static.africa-press.net\/niger\/sites\/40\/2021\/08\/img-61275f4ba4413.jpg","contentUrl":"https:\/\/static.africa-press.net\/niger\/sites\/40\/2021\/08\/img-61275f4ba4413.jpg","width":720,"height":444,"caption":"Ouverture de la premi\u00e8re session du Parlement des Jeunes au titre de l\u2019ann\u00e9e 2021 \u00e0 Maradi : Des \u00e9changes sur des th\u00e9matiques d\u2019int\u00e9r\u00eat commun et visites guid\u00e9es au programme de la session"},{"@type":"BreadcrumbList","@id":"https:\/\/www.africa-press.net\/niger\/politique\/ouverture-de-la-premiere-session-du-parlement-des-jeunes-au-titre-de-lannee-2021-a-maradi-des-echanges-sur-des-thematiques-dinteret-commun-et-visites-guidees-au-programme-de-la-se#breadcrumb","itemListElement":[{"@type":"ListItem","position":1,"name":"Accueil","item":"https:\/\/www.africa-press.net\/niger\/"},{"@type":"ListItem","position":2,"name":"Ouverture de la premi\u00e8re session du Parlement des Jeunes au titre de l\u2019ann\u00e9e 2021 \u00e0 Maradi : Des \u00e9changes sur des th\u00e9matiques d\u2019int\u00e9r\u00eat commun et visites guid\u00e9es au programme de la session"}]},{"@type":"WebSite","@id":"https:\/\/www.africa-press.net\/niger\/#website","url":"https:\/\/www.africa-press.net\/niger\/","name":"niger","description":"Just another Africa News Agency Sites site","potentialAction":[{"@type":"SearchAction","target":{"@type":"EntryPoint","urlTemplate":"https:\/\/www.africa-press.net\/niger\/?s={search_term_string}"},"query-input":{"@type":"PropertyValueSpecification","valueRequired":true,"valueName":"search_term_string"}}],"inLanguage":"fr-FR"},{"@type":"Person","@id":"https:\/\/www.africa-press.net\/niger\/#\/schema\/person\/2b1cf3cd81a31e3cd26889ca66d677f1","name":"cfeditorfr"}]}},"_links":{"self":[{"href":"https:\/\/www.africa-press.net\/niger\/wp-json\/wp\/v2\/posts\/10723","targetHints":{"allow":["GET"]}}],"collection":[{"href":"https:\/\/www.africa-press.net\/niger\/wp-json\/wp\/v2\/posts"}],"about":[{"href":"https:\/\/www.africa-press.net\/niger\/wp-json\/wp\/v2\/types\/post"}],"author":[{"embeddable":true,"href":"https:\/\/www.africa-press.net\/niger\/wp-json\/wp\/v2\/users\/82"}],"replies":[{"embeddable":true,"href":"https:\/\/www.africa-press.net\/niger\/wp-json\/wp\/v2\/comments?post=10723"}],"version-history":[{"count":0,"href":"https:\/\/www.africa-press.net\/niger\/wp-json\/wp\/v2\/posts\/10723\/revisions"}],"wp:featuredmedia":[{"embeddable":true,"href":"https:\/\/www.africa-press.net\/niger\/wp-json\/wp\/v2\/media\/10722"}],"wp:attachment":[{"href":"https:\/\/www.africa-press.net\/niger\/wp-json\/wp\/v2\/media?parent=10723"}],"wp:term":[{"taxonomy":"category","embeddable":true,"href":"https:\/\/www.africa-press.net\/niger\/wp-json\/wp\/v2\/categories?post=10723"},{"taxonomy":"post_tag","embeddable":true,"href":"https:\/\/www.africa-press.net\/niger\/wp-json\/wp\/v2\/tags?post=10723"}],"curies":[{"name":"wp","href":"https:\/\/api.w.org\/{rel}","templated":true}]}}