{"id":10806,"date":"2021-08-24T14:16:32","date_gmt":"2021-08-24T14:16:32","guid":{"rendered":"https:\/\/www.africa-press.net\/niger\/?p=10806"},"modified":"2021-08-28T14:17:22","modified_gmt":"2021-08-28T14:17:22","slug":"un-bilan-macabre-de-pres-de-450-civils-tues-en-2021","status":"publish","type":"post","link":"https:\/\/www.africa-press.net\/niger\/dossiers\/un-bilan-macabre-de-pres-de-450-civils-tues-en-2021","title":{"rendered":"Un bilan macabre de pr\u00e9s de 450 civils tu\u00e9s en 2021"},"content":{"rendered":"<p><strong>apport\u00e9 par<\/strong><br \/>\n<strong>Anouar Chennoufi<\/strong><\/p>\n<p><span style=\"color: #ff6600\"><strong><a href=\"https:\/\/www.africa-press.net\/\">Africa-Press<\/a> &#8211; <a href=\"https:\/\/www.africa-press.net\/niger\">Niger<\/a>.\u00a0<\/strong><\/span>Nous avons vu utile de revenir avec une r\u00e9trospective sur les attaques meurtri\u00e8res commises au Niger, depuis le d\u00e9but de janvier 2021, p\u00e9riode cruciale pour le pays qui baignait dans des vagues houleuses, suite au d\u00e9roulement de ses \u00e9lections pr\u00e9sidentielles.<\/p>\n<p>Il importe de reconna\u00eetre que le Niger semble bien avoir \u00e9t\u00e9 pris entre le marteau et l\u2019enclume, \u00e0 savoir entre les attaques du groupe arm\u00e9 nig\u00e9rian \u00ab Boko Haram \u00bb et celles des n\u00e9buleuses sah\u00e9liennes relevant des deux organisations d\u2019Al-Qa\u00efda et de Daech.<\/p>\n<p>Le pays a \u00e9t\u00e9 s\u00e9rieusement secou\u00e9 par une s\u00e9rie d&rsquo;attaques contre des civils, ce qui a incit\u00e9 des milliers d\u2019entre eux \u00e0 fuir leurs maisons dans les zones attaqu\u00e9es.<\/p>\n<p>Il s\u2019agirait du d\u00e9placement de presque 11.000 nig\u00e9riens, vis-\u00e0-vis duquel le Bureau de la coordination des affaires humanitaires des Nations Unies (OCHA) a indiqu\u00e9 qu\u2019il s\u2019agissait de \u00ab d\u00e9placement massif \u00bb de population r\u00e9sultant d&rsquo;\u00ab attaques r\u00e9p\u00e9t\u00e9es \u00bb contre des civils, faisant r\u00e9f\u00e9rence \u00e0 \u00ab des meurtres, viols, extorsions et vols de b\u00e9tail \u00bb commis par des \u00ab membres pr\u00e9sum\u00e9s de groupes arm\u00e9s non \u00e9tatiques op\u00e9rant le long de la fronti\u00e8re \u00bb avec le Mali.<br \/>\nC\u2019est dans ce contexte que nous avons \u00e9tabli ci-apr\u00e8s une chronologie de ces \u00ab meurtres en masse et en s\u00e9rie \u00bb :<\/p>\n<p><strong>Samedi 2 Janvier 2021 <\/strong><br \/>\nPlusieurs personnes (au moins 100 morts) ont \u00e9t\u00e9 tu\u00e9es par des hommes arm\u00e9s \u00e0 Tchomo-Bangou, un village de la r\u00e9gion de Tillab\u00e9ri, dans l&rsquo;ouest du Niger, le jour de la proclamation des r\u00e9sultats du premier tour de la pr\u00e9sidentielle.<br \/>\nCe sont de nombreux civils qui ont \u00e9t\u00e9 tu\u00e9s dans une attaque survenue dans ce village, relevant du d\u00e9partement de Ouallam, dans la zone dite des \u00ab 3 fronti\u00e8res \u00bb, proche du Mali et du Burkina Faso.<\/p>\n<p><strong>Dimanche 21 F\u00e9vrier <\/strong><br \/>\nAlors que les Nig\u00e9riens votaient, pour \u00e9lire leur pr\u00e9sident, sept membres de la Commission \u00e9lectorale nationale ind\u00e9pendante (CENI) ont \u00e9t\u00e9 tu\u00e9s et trois autres personnes bless\u00e9es gravement. Leur v\u00e9hicule aurait saut\u00e9 sur une mine dans la r\u00e9gion de Tillab\u00e9ri, \u00e0 l\u2019ouest du Niger. Une explosion qui serait \u00ab probablement d\u2019origine terroriste \u00bb.<\/p>\n<p><strong>Vendredi 26 F\u00e9vrier <\/strong><br \/>\nCe jour-l\u00e0, la tension \u00e9tait toujours aussi vive depuis l&rsquo;annonce des r\u00e9sultats de la pr\u00e9sidentielle. Au moins deux personnes sont mortes et 468 autres arr\u00eat\u00e9es, en plus d\u2019hommes politiques recherch\u00e9s par les autorit\u00e9s, comme Hama Amadou, opposant historique. Paris a appel\u00e9 l&rsquo;ensemble des parties au \u00ab dialogue \u00bb et \u00e0 recourir aux voies l\u00e9gales pour r\u00e9gler tout diff\u00e9rend. De leur c\u00f4t\u00e9, la Communaut\u00e9 \u00e9conomique des Etats d&rsquo;Afrique de l&rsquo;Ouest (CEDEAO) et l&rsquo;ONU avaient condamn\u00e9 fermement les actes de violence et appel\u00e9 toutes les parties prenantes \u00e0 la retenue.<\/p>\n<p><strong>Lundi 15 Mars<\/strong><br \/>\nLe Niger a de nouveau \u00e9t\u00e9 la cible d&rsquo;attaques de groupes arm\u00e9s qui ont fait 58 morts dans l&rsquo;ouest du pays, pr\u00e8s du Mali. Il s&rsquo;agit des premi\u00e8res violences depuis l&rsquo;\u00e9lection du pr\u00e9sident Mohamed Bazoum le 21 f\u00e9vrier. En effet, ce lundi 15 mars, au moins 31 soldats maliens ont \u00e9t\u00e9 tu\u00e9s apr\u00e8s une attaque attribu\u00e9e \u00e0 des rebelles arm\u00e9s dans l&rsquo;Est du Mali, selon un nouveau bilan publi\u00e9 par des sources militaires et locales.<\/p>\n<p>Tout compte fait, le Niger a connu au moins 203 morts en seulement six jours, sachant que les attaques s\u2019intensifient dans l\u2019ouest du Niger. Le gouvernement a d\u00e9cr\u00e9t\u00e9 un deuil national de trois jours apr\u00e8s l\u2019attaque survenue ce dimanche 21 mars 2021. Ces attaques constituent le plus grand d\u00e9fi du pr\u00e9sident Mohamed Bazoum.<\/p>\n<p><strong>Jeudi 25 Mars<\/strong><br \/>\nDes \u00e9lus locaux ont annonc\u00e9 que des attaques ont eu lieu contre trois villages de la r\u00e9gion de Tillab\u00e9ri, pr\u00e8s de la fronti\u00e8re avec le Mali, faisant 11 victimes. La r\u00e9gion de Tillab\u00e9ri, situ\u00e9e dans la zone dite \u00ab\u00a0des trois fronti\u00e8res\u00a0\u00bb, est r\u00e9guli\u00e8rement frapp\u00e9e par les groupes arm\u00e9s d\u2019Al-Qa\u00efda et de Daech.<\/p>\n<p><img loading=\"lazy\" decoding=\"async\" class=\"alignnone wp-image-10807\" src=\"https:\/\/static.africa-press.net\/niger\/sites\/40\/2021\/08\/26-300x183.jpg\" alt=\"\" width=\"715\" height=\"436\" srcset=\"https:\/\/static.africa-press.net\/niger\/sites\/40\/2021\/08\/26-300x183.jpg 300w, https:\/\/static.africa-press.net\/niger\/sites\/40\/2021\/08\/26-1024x626.jpg 1024w, https:\/\/static.africa-press.net\/niger\/sites\/40\/2021\/08\/26.jpg 1161w\" sizes=\"auto, (max-width: 715px) 100vw, 715px\" \/><\/p>\n<p><strong>Mercredi 28 Juillet <\/strong><br \/>\nDix-huit personnes ont \u00e9t\u00e9 tu\u00e9es ce mercredi-l\u00e0 au Niger, dans une attaque ayant eu lieu dans la zone de Banibangou (Ouest du pays), proche de la fronti\u00e8re avec le Mali. Trois jours avant, le dimanche 25 Juillet 2021, 14 civils y avaient \u00e9t\u00e9 tu\u00e9s par des hommes arm\u00e9s roulant \u00e0 moto, selon des informations confirm\u00e9es par l&rsquo;AFP et par un \u00e9lu local.<\/p>\n<p><strong>Lundi 16 Ao\u00fbt <\/strong><br \/>\nLa derni\u00e8re attaque enregistr\u00e9e, dans l&rsquo;ouest du Niger, a vis\u00e9 le lundi 16 ao\u00fbt 2021 le village de Darey-Daye pr\u00e8s de la fronti\u00e8re malienne. Des hommes arm\u00e9s ont tir\u00e9 sur des habitants du village alors qu\u2019ils \u00e9taient occup\u00e9s \u00e0 cultiver paisiblement leurs champs.<\/p>\n<p>Le bilan macabre de cette journ\u00e9e \u00e9tait de 37 morts, dont quatre femmes et treize adolescents.<br \/>\nA toutes ces victimes, il faudra ajouter celles qui ont p\u00e9ries dans un incendie dans la p\u00e9riph\u00e9rie de Niamey.<\/p>\n<p>En effet, une vingtaine d&rsquo;enfants de 3 \u00e0 5 ans sont morts le mardi 13 avril 2021 dans l\u2019apr\u00e8s-midi, et ce dans l&rsquo;incendie qui a ravag\u00e9 les classes en paille et en bois de leur \u00e9cole situ\u00e9e au quartier \u00ab\u00a0Pays-Bas\u00a0\u00bb, \u00e0 Niamey. Les causes de ce drame ne sont toujours pas connues.<\/p>\n<p><img loading=\"lazy\" decoding=\"async\" class=\"alignnone wp-image-10808\" src=\"https:\/\/static.africa-press.net\/niger\/sites\/40\/2021\/08\/27-300x156.jpg\" alt=\"\" width=\"733\" height=\"381\" srcset=\"https:\/\/static.africa-press.net\/niger\/sites\/40\/2021\/08\/27-300x156.jpg 300w, https:\/\/static.africa-press.net\/niger\/sites\/40\/2021\/08\/27-1024x534.jpg 1024w, https:\/\/static.africa-press.net\/niger\/sites\/40\/2021\/08\/27-768x400.jpg 768w, https:\/\/static.africa-press.net\/niger\/sites\/40\/2021\/08\/27.jpg 1149w\" sizes=\"auto, (max-width: 733px) 100vw, 733px\" \/><\/p>\n<p><strong>R\u00e9action et pr\u00e9occupation des Organisations internationales<\/strong><br \/>\nL\u2019organisation Human Rights Watch (HRW) a estim\u00e9, dans un rapport rendu public r\u00e9cemment, que le nombre des civils tu\u00e9s depuis le d\u00e9but de l&rsquo;ann\u00e9e 2021, dans l&rsquo;ouest du Niger, dans des attaques men\u00e9es par des groupes arm\u00e9s, \u00e9tait de 420 civils.<\/p>\n<p>Cela fait donc en tout plus de 450 morts en moins de 8 mois, en prenant en consid\u00e9ration les 20 \u00e9l\u00e8ves morts dans l\u2019incendie.<\/p>\n<p>A noter que Le Fonds des Nations unies pour l&rsquo;enfance (Unicef) s&rsquo;est d\u00e9clar\u00e9 \u00e0 son tour \u00ab profond\u00e9ment choqu\u00e9 et indign\u00e9 par les terribles attaques contre des enfants et des familles par des groupes arm\u00e9s non identifi\u00e9s dans le village de Darey-Daye \u00bb.<\/p>\n<p>Comment donc le Niger a pr\u00e9vu, dans ses nouvelles politiques, de faire face \u00e0 toutes ses attaques meurtri\u00e8res ?<\/p>\n","protected":false},"excerpt":{"rendered":"<p>apport\u00e9 par Anouar Chennoufi Africa-Press &#8211; Niger.\u00a0Nous avons vu utile de revenir avec une r\u00e9trospective sur les attaques meurtri\u00e8res commises au Niger, depuis le d\u00e9but de janvier 2021, p\u00e9riode cruciale pour le pays qui baignait dans des vagues houleuses, suite au d\u00e9roulement de ses \u00e9lections pr\u00e9sidentielles. Il importe de reconna\u00eetre que le Niger semble bien [&hellip;]<\/p>\n","protected":false},"author":82,"featured_media":10248,"comment_status":"open","ping_status":"closed","sticky":false,"template":"","format":"standard","meta":{"footnotes":""},"categories":[7,11,73,20,10],"tags":[60],"class_list":["post-10806","post","type-post","status-publish","format-standard","has-post-thumbnail","hentry","category-dossiers","category-homepage-french","category-to-homepage","category-top-nouvelles","category-toutes-les-actualites","tag-africa-press-niger"],"yoast_head":"<!-- This site is optimized with the Yoast SEO Premium plugin v26.1 (Yoast SEO v27.0) - https:\/\/yoast.com\/product\/yoast-seo-premium-wordpress\/ -->\n<title>Un bilan macabre de pr\u00e9s de 450 civils tu\u00e9s en 2021 - niger<\/title>\n<meta name=\"robots\" content=\"index, follow, max-snippet:-1, max-image-preview:large, max-video-preview:-1\" \/>\n<link rel=\"canonical\" href=\"https:\/\/www.africa-press.net\/niger\/dossiers\/un-bilan-macabre-de-pres-de-450-civils-tues-en-2021\" \/>\n<meta property=\"og:locale\" content=\"fr_FR\" \/>\n<meta property=\"og:type\" content=\"article\" \/>\n<meta property=\"og:title\" content=\"Un bilan macabre de pr\u00e9s de 450 civils tu\u00e9s en 2021\" \/>\n<meta property=\"og:description\" content=\"apport\u00e9 par Anouar Chennoufi Africa-Press &#8211; Niger.\u00a0Nous avons vu utile de revenir avec une r\u00e9trospective sur les attaques meurtri\u00e8res commises au Niger, depuis le d\u00e9but de janvier 2021, p\u00e9riode cruciale pour le pays qui baignait dans des vagues houleuses, suite au d\u00e9roulement de ses \u00e9lections pr\u00e9sidentielles. Il importe de reconna\u00eetre que le Niger semble bien [&hellip;]\" \/>\n<meta property=\"og:url\" content=\"https:\/\/www.africa-press.net\/niger\/dossiers\/un-bilan-macabre-de-pres-de-450-civils-tues-en-2021\" \/>\n<meta property=\"og:site_name\" content=\"niger\" \/>\n<meta property=\"article:published_time\" content=\"2021-08-24T14:16:32+00:00\" \/>\n<meta property=\"article:modified_time\" content=\"2021-08-28T14:17:22+00:00\" \/>\n<meta property=\"og:image\" content=\"https:\/\/static.africa-press.net\/niger\/sites\/40\/2021\/08\/img-611cf41b1c7fe.jpg\" \/>\n\t<meta property=\"og:image:width\" content=\"720\" \/>\n\t<meta property=\"og:image:height\" content=\"405\" \/>\n\t<meta property=\"og:image:type\" content=\"image\/jpeg\" \/>\n<meta name=\"author\" content=\"cfeditorfr\" \/>\n<meta name=\"twitter:card\" content=\"summary_large_image\" \/>\n<meta name=\"twitter:label1\" content=\"\u00c9crit par\" \/>\n\t<meta name=\"twitter:data1\" content=\"cfeditorfr\" \/>\n\t<meta name=\"twitter:label2\" content=\"Dur\u00e9e de lecture estim\u00e9e\" \/>\n\t<meta name=\"twitter:data2\" content=\"5 minutes\" \/>\n<script type=\"application\/ld+json\" class=\"yoast-schema-graph\">{\"@context\":\"https:\/\/schema.org\",\"@graph\":[{\"@type\":\"Article\",\"@id\":\"https:\/\/www.africa-press.net\/niger\/dossiers\/un-bilan-macabre-de-pres-de-450-civils-tues-en-2021#article\",\"isPartOf\":{\"@id\":\"https:\/\/www.africa-press.net\/niger\/dossiers\/un-bilan-macabre-de-pres-de-450-civils-tues-en-2021\"},\"author\":{\"name\":\"cfeditorfr\",\"@id\":\"https:\/\/www.africa-press.net\/niger\/#\/schema\/person\/2b1cf3cd81a31e3cd26889ca66d677f1\"},\"headline\":\"Un bilan macabre de pr\u00e9s de 450 civils tu\u00e9s en 2021\",\"datePublished\":\"2021-08-24T14:16:32+00:00\",\"dateModified\":\"2021-08-28T14:17:22+00:00\",\"mainEntityOfPage\":{\"@id\":\"https:\/\/www.africa-press.net\/niger\/dossiers\/un-bilan-macabre-de-pres-de-450-civils-tues-en-2021\"},\"wordCount\":1060,\"commentCount\":0,\"image\":{\"@id\":\"https:\/\/www.africa-press.net\/niger\/dossiers\/un-bilan-macabre-de-pres-de-450-civils-tues-en-2021#primaryimage\"},\"thumbnailUrl\":\"https:\/\/static.africa-press.net\/niger\/sites\/40\/2021\/08\/img-611cf41b1c7fe.jpg\",\"keywords\":[\"Africa Press-Niger\"],\"articleSection\":[\"Dossiers\",\"homepage-french\",\"to-homepage\",\"Top Nouvelles\",\"Toutes les actualit\u00e9s\"],\"inLanguage\":\"fr-FR\",\"potentialAction\":[{\"@type\":\"CommentAction\",\"name\":\"Comment\",\"target\":[\"https:\/\/www.africa-press.net\/niger\/dossiers\/un-bilan-macabre-de-pres-de-450-civils-tues-en-2021#respond\"]}]},{\"@type\":\"WebPage\",\"@id\":\"https:\/\/www.africa-press.net\/niger\/dossiers\/un-bilan-macabre-de-pres-de-450-civils-tues-en-2021\",\"url\":\"https:\/\/www.africa-press.net\/niger\/dossiers\/un-bilan-macabre-de-pres-de-450-civils-tues-en-2021\",\"name\":\"Un bilan macabre de pr\u00e9s de 450 civils tu\u00e9s en 2021 - niger\",\"isPartOf\":{\"@id\":\"https:\/\/www.africa-press.net\/niger\/#website\"},\"primaryImageOfPage\":{\"@id\":\"https:\/\/www.africa-press.net\/niger\/dossiers\/un-bilan-macabre-de-pres-de-450-civils-tues-en-2021#primaryimage\"},\"image\":{\"@id\":\"https:\/\/www.africa-press.net\/niger\/dossiers\/un-bilan-macabre-de-pres-de-450-civils-tues-en-2021#primaryimage\"},\"thumbnailUrl\":\"https:\/\/static.africa-press.net\/niger\/sites\/40\/2021\/08\/img-611cf41b1c7fe.jpg\",\"datePublished\":\"2021-08-24T14:16:32+00:00\",\"dateModified\":\"2021-08-28T14:17:22+00:00\",\"author\":{\"@id\":\"https:\/\/www.africa-press.net\/niger\/#\/schema\/person\/2b1cf3cd81a31e3cd26889ca66d677f1\"},\"breadcrumb\":{\"@id\":\"https:\/\/www.africa-press.net\/niger\/dossiers\/un-bilan-macabre-de-pres-de-450-civils-tues-en-2021#breadcrumb\"},\"inLanguage\":\"fr-FR\",\"potentialAction\":[{\"@type\":\"ReadAction\",\"target\":[\"https:\/\/www.africa-press.net\/niger\/dossiers\/un-bilan-macabre-de-pres-de-450-civils-tues-en-2021\"]}]},{\"@type\":\"ImageObject\",\"inLanguage\":\"fr-FR\",\"@id\":\"https:\/\/www.africa-press.net\/niger\/dossiers\/un-bilan-macabre-de-pres-de-450-civils-tues-en-2021#primaryimage\",\"url\":\"https:\/\/static.africa-press.net\/niger\/sites\/40\/2021\/08\/img-611cf41b1c7fe.jpg\",\"contentUrl\":\"https:\/\/static.africa-press.net\/niger\/sites\/40\/2021\/08\/img-611cf41b1c7fe.jpg\",\"width\":720,\"height\":405,\"caption\":\"Tuerie de Darey-dey\u00a0: Le Gouvernement nig\u00e9rien d\u00e9cr\u00e8te un deuil national de 48 heures\"},{\"@type\":\"BreadcrumbList\",\"@id\":\"https:\/\/www.africa-press.net\/niger\/dossiers\/un-bilan-macabre-de-pres-de-450-civils-tues-en-2021#breadcrumb\",\"itemListElement\":[{\"@type\":\"ListItem\",\"position\":1,\"name\":\"Accueil\",\"item\":\"https:\/\/www.africa-press.net\/niger\/\"},{\"@type\":\"ListItem\",\"position\":2,\"name\":\"Un bilan macabre de pr\u00e9s de 450 civils tu\u00e9s en 2021\"}]},{\"@type\":\"WebSite\",\"@id\":\"https:\/\/www.africa-press.net\/niger\/#website\",\"url\":\"https:\/\/www.africa-press.net\/niger\/\",\"name\":\"niger\",\"description\":\"Just another Africa News Agency Sites site\",\"potentialAction\":[{\"@type\":\"SearchAction\",\"target\":{\"@type\":\"EntryPoint\",\"urlTemplate\":\"https:\/\/www.africa-press.net\/niger\/?s={search_term_string}\"},\"query-input\":{\"@type\":\"PropertyValueSpecification\",\"valueRequired\":true,\"valueName\":\"search_term_string\"}}],\"inLanguage\":\"fr-FR\"},{\"@type\":\"Person\",\"@id\":\"https:\/\/www.africa-press.net\/niger\/#\/schema\/person\/2b1cf3cd81a31e3cd26889ca66d677f1\",\"name\":\"cfeditorfr\"}]}<\/script>\n<!-- \/ Yoast SEO Premium plugin. -->","yoast_head_json":{"title":"Un bilan macabre de pr\u00e9s de 450 civils tu\u00e9s en 2021 - niger","robots":{"index":"index","follow":"follow","max-snippet":"max-snippet:-1","max-image-preview":"max-image-preview:large","max-video-preview":"max-video-preview:-1"},"canonical":"https:\/\/www.africa-press.net\/niger\/dossiers\/un-bilan-macabre-de-pres-de-450-civils-tues-en-2021","og_locale":"fr_FR","og_type":"article","og_title":"Un bilan macabre de pr\u00e9s de 450 civils tu\u00e9s en 2021","og_description":"apport\u00e9 par Anouar Chennoufi Africa-Press &#8211; Niger.\u00a0Nous avons vu utile de revenir avec une r\u00e9trospective sur les attaques meurtri\u00e8res commises au Niger, depuis le d\u00e9but de janvier 2021, p\u00e9riode cruciale pour le pays qui baignait dans des vagues houleuses, suite au d\u00e9roulement de ses \u00e9lections pr\u00e9sidentielles. Il importe de reconna\u00eetre que le Niger semble bien [&hellip;]","og_url":"https:\/\/www.africa-press.net\/niger\/dossiers\/un-bilan-macabre-de-pres-de-450-civils-tues-en-2021","og_site_name":"niger","article_published_time":"2021-08-24T14:16:32+00:00","article_modified_time":"2021-08-28T14:17:22+00:00","og_image":[{"width":720,"height":405,"url":"https:\/\/static.africa-press.net\/niger\/sites\/40\/2021\/08\/img-611cf41b1c7fe.jpg","type":"image\/jpeg"}],"author":"cfeditorfr","twitter_card":"summary_large_image","twitter_misc":{"\u00c9crit par":"cfeditorfr","Dur\u00e9e de lecture estim\u00e9e":"5 minutes"},"schema":{"@context":"https:\/\/schema.org","@graph":[{"@type":"Article","@id":"https:\/\/www.africa-press.net\/niger\/dossiers\/un-bilan-macabre-de-pres-de-450-civils-tues-en-2021#article","isPartOf":{"@id":"https:\/\/www.africa-press.net\/niger\/dossiers\/un-bilan-macabre-de-pres-de-450-civils-tues-en-2021"},"author":{"name":"cfeditorfr","@id":"https:\/\/www.africa-press.net\/niger\/#\/schema\/person\/2b1cf3cd81a31e3cd26889ca66d677f1"},"headline":"Un bilan macabre de pr\u00e9s de 450 civils tu\u00e9s en 2021","datePublished":"2021-08-24T14:16:32+00:00","dateModified":"2021-08-28T14:17:22+00:00","mainEntityOfPage":{"@id":"https:\/\/www.africa-press.net\/niger\/dossiers\/un-bilan-macabre-de-pres-de-450-civils-tues-en-2021"},"wordCount":1060,"commentCount":0,"image":{"@id":"https:\/\/www.africa-press.net\/niger\/dossiers\/un-bilan-macabre-de-pres-de-450-civils-tues-en-2021#primaryimage"},"thumbnailUrl":"https:\/\/static.africa-press.net\/niger\/sites\/40\/2021\/08\/img-611cf41b1c7fe.jpg","keywords":["Africa Press-Niger"],"articleSection":["Dossiers","homepage-french","to-homepage","Top Nouvelles","Toutes les actualit\u00e9s"],"inLanguage":"fr-FR","potentialAction":[{"@type":"CommentAction","name":"Comment","target":["https:\/\/www.africa-press.net\/niger\/dossiers\/un-bilan-macabre-de-pres-de-450-civils-tues-en-2021#respond"]}]},{"@type":"WebPage","@id":"https:\/\/www.africa-press.net\/niger\/dossiers\/un-bilan-macabre-de-pres-de-450-civils-tues-en-2021","url":"https:\/\/www.africa-press.net\/niger\/dossiers\/un-bilan-macabre-de-pres-de-450-civils-tues-en-2021","name":"Un bilan macabre de pr\u00e9s de 450 civils tu\u00e9s en 2021 - niger","isPartOf":{"@id":"https:\/\/www.africa-press.net\/niger\/#website"},"primaryImageOfPage":{"@id":"https:\/\/www.africa-press.net\/niger\/dossiers\/un-bilan-macabre-de-pres-de-450-civils-tues-en-2021#primaryimage"},"image":{"@id":"https:\/\/www.africa-press.net\/niger\/dossiers\/un-bilan-macabre-de-pres-de-450-civils-tues-en-2021#primaryimage"},"thumbnailUrl":"https:\/\/static.africa-press.net\/niger\/sites\/40\/2021\/08\/img-611cf41b1c7fe.jpg","datePublished":"2021-08-24T14:16:32+00:00","dateModified":"2021-08-28T14:17:22+00:00","author":{"@id":"https:\/\/www.africa-press.net\/niger\/#\/schema\/person\/2b1cf3cd81a31e3cd26889ca66d677f1"},"breadcrumb":{"@id":"https:\/\/www.africa-press.net\/niger\/dossiers\/un-bilan-macabre-de-pres-de-450-civils-tues-en-2021#breadcrumb"},"inLanguage":"fr-FR","potentialAction":[{"@type":"ReadAction","target":["https:\/\/www.africa-press.net\/niger\/dossiers\/un-bilan-macabre-de-pres-de-450-civils-tues-en-2021"]}]},{"@type":"ImageObject","inLanguage":"fr-FR","@id":"https:\/\/www.africa-press.net\/niger\/dossiers\/un-bilan-macabre-de-pres-de-450-civils-tues-en-2021#primaryimage","url":"https:\/\/static.africa-press.net\/niger\/sites\/40\/2021\/08\/img-611cf41b1c7fe.jpg","contentUrl":"https:\/\/static.africa-press.net\/niger\/sites\/40\/2021\/08\/img-611cf41b1c7fe.jpg","width":720,"height":405,"caption":"Tuerie de Darey-dey\u00a0: Le Gouvernement nig\u00e9rien d\u00e9cr\u00e8te un deuil national de 48 heures"},{"@type":"BreadcrumbList","@id":"https:\/\/www.africa-press.net\/niger\/dossiers\/un-bilan-macabre-de-pres-de-450-civils-tues-en-2021#breadcrumb","itemListElement":[{"@type":"ListItem","position":1,"name":"Accueil","item":"https:\/\/www.africa-press.net\/niger\/"},{"@type":"ListItem","position":2,"name":"Un bilan macabre de pr\u00e9s de 450 civils tu\u00e9s en 2021"}]},{"@type":"WebSite","@id":"https:\/\/www.africa-press.net\/niger\/#website","url":"https:\/\/www.africa-press.net\/niger\/","name":"niger","description":"Just another Africa News Agency Sites site","potentialAction":[{"@type":"SearchAction","target":{"@type":"EntryPoint","urlTemplate":"https:\/\/www.africa-press.net\/niger\/?s={search_term_string}"},"query-input":{"@type":"PropertyValueSpecification","valueRequired":true,"valueName":"search_term_string"}}],"inLanguage":"fr-FR"},{"@type":"Person","@id":"https:\/\/www.africa-press.net\/niger\/#\/schema\/person\/2b1cf3cd81a31e3cd26889ca66d677f1","name":"cfeditorfr"}]}},"_links":{"self":[{"href":"https:\/\/www.africa-press.net\/niger\/wp-json\/wp\/v2\/posts\/10806","targetHints":{"allow":["GET"]}}],"collection":[{"href":"https:\/\/www.africa-press.net\/niger\/wp-json\/wp\/v2\/posts"}],"about":[{"href":"https:\/\/www.africa-press.net\/niger\/wp-json\/wp\/v2\/types\/post"}],"author":[{"embeddable":true,"href":"https:\/\/www.africa-press.net\/niger\/wp-json\/wp\/v2\/users\/82"}],"replies":[{"embeddable":true,"href":"https:\/\/www.africa-press.net\/niger\/wp-json\/wp\/v2\/comments?post=10806"}],"version-history":[{"count":0,"href":"https:\/\/www.africa-press.net\/niger\/wp-json\/wp\/v2\/posts\/10806\/revisions"}],"wp:featuredmedia":[{"embeddable":true,"href":"https:\/\/www.africa-press.net\/niger\/wp-json\/wp\/v2\/media\/10248"}],"wp:attachment":[{"href":"https:\/\/www.africa-press.net\/niger\/wp-json\/wp\/v2\/media?parent=10806"}],"wp:term":[{"taxonomy":"category","embeddable":true,"href":"https:\/\/www.africa-press.net\/niger\/wp-json\/wp\/v2\/categories?post=10806"},{"taxonomy":"post_tag","embeddable":true,"href":"https:\/\/www.africa-press.net\/niger\/wp-json\/wp\/v2\/tags?post=10806"}],"curies":[{"name":"wp","href":"https:\/\/api.w.org\/{rel}","templated":true}]}}