{"id":10810,"date":"2021-08-28T15:28:49","date_gmt":"2021-08-28T15:28:49","guid":{"rendered":"https:\/\/www.africa-press.net\/niger\/?p=10810"},"modified":"2021-08-28T18:48:48","modified_gmt":"2021-08-28T18:48:48","slug":"mohamed-bazoum-ou-le-1er-president-nigerien-arabe","status":"publish","type":"post","link":"https:\/\/www.africa-press.net\/niger\/dossiers\/mohamed-bazoum-ou-le-1er-president-nigerien-arabe","title":{"rendered":"Mohamed Bazoum ou le 1er Pr\u00e9sident nig\u00e9rien arabe !"},"content":{"rendered":"<p><strong>Rapport\u00e9 par<\/strong><br \/>\n<strong>Anouar Chennoufi<\/strong><\/p>\n<p><span style=\"color: #ff6600\"><strong><a href=\"https:\/\/www.africa-press.net\/\">Africa-Press<\/a> &#8211; <a href=\"https:\/\/www.africa-press.net\/niger\">Niger<\/a>.\u00a0<\/strong><\/span>Depuis son ind\u00e9pendance en Ao\u00fbt 1960, la r\u00e9publique du Niger, pays d&rsquo;Afrique de l&rsquo;Ouest situ\u00e9 entre l&rsquo;Alg\u00e9rie au nord-nord-ouest, la Libye au nord-est, le Tchad \u00e0 l&rsquo;est, le Nigeria au sud, le B\u00e9nin au sud-sud-ouest, le Burkina Faso et le Mali \u00e0 l&rsquo;ouest-sud-ouest, f\u00fbt gouvern\u00e9 \u00e0 tour de r\u00f4le et coups d\u2019Etat par les pr\u00e9sidents suivants :<br \/>\nHammani Diori (1960 &#8211; 1974) \/ Seyni Kountch\u00e9 (1974 &#8211; 1987) \/ Ali Saibou (1987 &#8211; 1993) \/ Mahamane Ousmane (1993 \u2013 1996) \/ Ibrahim Bar\u00e9 Ma\u00efnassara (1996 &#8211; 1999) \/ Daouada Malam Wank\u00e9 (1999 &#8211; 1999) \/ Mamadou Tandja (1999 &#8211; 2010) \/ Salou Djibo (2010 &#8211; 2011) \/ Mahamadou Issoufou (2011 &#8211; avril 2021) \/ Mohamed Bazoum (avril 2021\u2026).<\/p>\n<p>L\u2019actuel pr\u00e9sident \u00e9lu aux suffrages universels au Niger, Mohamed Bazoum, qui a pr\u00eat\u00e9 serment le vendredi 2 avril 2021, lors d&rsquo;une c\u00e9r\u00e9monie d&rsquo;investiture organis\u00e9e dans la capitale, Niamey, a une particularit\u00e9 de taille pour le pays, du fait qu\u2019il est le \u00ab 1er Pr\u00e9sident arabe \u00bb issu de \u00ab Oulad Souleymane \u00bb, en plus d\u2019\u00eatre \u00ab Musulman sunnite \u00bb.<\/p>\n<p><img loading=\"lazy\" decoding=\"async\" class=\"wp-image-10813 alignright\" src=\"https:\/\/static.africa-press.net\/niger\/sites\/40\/2021\/08\/38-226x300.jpg\" alt=\"\" width=\"351\" height=\"466\" srcset=\"https:\/\/static.africa-press.net\/niger\/sites\/40\/2021\/08\/38-226x300.jpg 226w, https:\/\/static.africa-press.net\/niger\/sites\/40\/2021\/08\/38.jpg 456w\" sizes=\"auto, (max-width: 351px) 100vw, 351px\" \/><\/p>\n<p>Pour rappel, plus de 94% de la population totale du Niger est musulmane, avec de petits groupes pratiquant des croyances pa\u00efennes, et d&rsquo;autres groupes dont la population est chr\u00e9tienne, suite \u00e0 une propagation aid\u00e9e par de nombreux missionnaires venus dans le pays pendant l&rsquo;occupation fran\u00e7aise, en plus des expatri\u00e9s venus d&rsquo;Europe et d&rsquo;Afrique de l&rsquo;Ouest.<\/p>\n<p>Autre point fort de cette c\u00e9r\u00e9monie d\u2019investiture, qui a \u00e9t\u00e9 t\u00e9moin d&rsquo;un \u00e9v\u00e9nement politique sans pr\u00e9c\u00e9dent dans l&rsquo;histoire du pays, depuis son ind\u00e9pendance de la France, c\u2019est que le pouvoir a \u00e9t\u00e9 transf\u00e9r\u00e9 pacifiquement d&rsquo;un pr\u00e9sident civil \u00e9lu \u00e0 un autre pr\u00e9sident civil \u00e9lu, dans l&rsquo;un des pays les plus pauvres du monde, en pr\u00e9vision du pr\u00e9sident sortant, Mahamadou Issoufou.<\/p>\n<p>A noter que Bazoum a remport\u00e9 une victoire difficile apr\u00e8s avoir recueilli 2,5 millions de voix, contre 1,9 million de voix en faveur de son adversaire, Mahamane Ousman, le premier pr\u00e9sident \u00e9lu du Niger (1993 \u00e0 1996), et qui esp\u00e9rait d\u00e9crocher la pr\u00e9sidence pour la deuxi\u00e8me fois, soutenu par la puissante tribu Haoussa, dont 50% de la population totale de 24 millions de personnes, en fait partie.<\/p>\n<p>Conna\u00eetre plus profond\u00e9ment le nouveau pr\u00e9sident et son parcours<br \/>\nMohamed Bazoum est n\u00e9 dans la r\u00e9gion de Diffa, \u00e0 l&rsquo;extr\u00eame sud-est du Niger, pr\u00e8s de la fronti\u00e8re avec le Nigeria. Il est n\u00e9 un 1er janvier 1960, l&rsquo;ann\u00e9e m\u00eame o\u00f9 son pays s\u2019\u00e9tait extirp\u00e9 des griffes de la France coloniale.<\/p>\n<p>Dans une vid\u00e9o titr\u00e9e \u00ab Mohamed Bazoum \u00e0 c\u0153ur ouvert \u00bb, diffus\u00e9e durant sa campagne \u00e9lectorale, il a d\u00e9clar\u00e9 alors qu\u2019il n\u2019\u00e9tait encore que candidat \u00e0 la pr\u00e9sidentielle :<br \/>\n\u00ab Je suis n\u00e9 en brousse, pour ainsi dire. On va dire \u00e0 la campagne. Je n&rsquo;ai m\u00eame jamais construit de huttes ou de chaume, car nous n&rsquo;utilisions que des tentes dans mon environnement d&rsquo;origine. La premi\u00e8re fois que j&rsquo;ai vu une maison en terre ou en b\u00e9ton, c&rsquo;\u00e9tait quand je suis all\u00e9 passer mon dipl\u00f4me d&rsquo;\u00e9tudes primaires \u00e0 Gori.<\/p>\n<p>Bazoum a poursuivi : \u00ab J&rsquo;ai grandi dans un environnement pastoral, o\u00f9 une personne vit dans une relation d&rsquo;int\u00e9gration compl\u00e8te avec les animaux, et notre nourriture principale \u00e9tait le lait de chamelle, que nous n&rsquo;avions jamais pour le petit d\u00e9jeuner et le d\u00eener, et seul le repas de midi \u00e9tait pr\u00e9par\u00e9 \u00e0 partir d&rsquo;autre chose que du lait. Et c&rsquo;\u00e9tait vrai pour ma communaut\u00e9, et je pense que ce mode de vie laisse des traces, et ces effets d&rsquo;enfance en particulier sont un lien avec la nature et les animaux. J&rsquo;ai v\u00e9cu avec des chameaux en particulier, et d&rsquo;autre part avec la vache dans une relation presque familiale, o\u00f9 l&rsquo;on aime nos vaches et nos chameaux en plus de notre amour pour les humains, et quand un animal meurt on ressent la m\u00eame tristesse que quand quelqu&rsquo;un meurt, car la relation homme-animal \u00e9tait plus qu&rsquo;une simple passion. \u00bb<\/p>\n<p><strong>Scolarit\u00e9 et \u00e9tudes sup\u00e9rieures <\/strong><br \/>\nUne fois son Dipl\u00f4me d&rsquo;\u00e9tudes secondaires (baccalaur\u00e9at) en poche en 1979, il part au S\u00e9n\u00e9gal \u00e9tudier la philosophie morale et politique \u00e0 l&rsquo;Universit\u00e9 de Dakar, qui \u00e9tait alors la plus grande universit\u00e9 d&rsquo;Afrique de l\u2019Ouest, avant son retour dans son pays, sachant qu\u2019il est entr\u00e9 tr\u00e8s t\u00f4t dans le monde de la politique, alors qu&rsquo;il n&rsquo;avait pas plus de trente ans jusqu&rsquo;\u00e0 ce qu&rsquo;il assuma le poste de ministre d&rsquo;\u00c9tat \u00e0 la Coop\u00e9ration dans le gouvernement de transition du Premier ministre Amadou Chefu, de 1991 \u00e0 1993.<\/p>\n<p><img loading=\"lazy\" decoding=\"async\" class=\"alignnone wp-image-10812\" src=\"https:\/\/static.africa-press.net\/niger\/sites\/40\/2021\/08\/37-300x176.jpg\" alt=\"\" width=\"753\" height=\"442\" srcset=\"https:\/\/static.africa-press.net\/niger\/sites\/40\/2021\/08\/37-300x176.jpg 300w, https:\/\/static.africa-press.net\/niger\/sites\/40\/2021\/08\/37-768x450.jpg 768w, https:\/\/static.africa-press.net\/niger\/sites\/40\/2021\/08\/37.jpg 1000w\" sizes=\"auto, (max-width: 753px) 100vw, 753px\" \/><\/p>\n<p><strong>Parcours partisan et politique<\/strong><br \/>\nBazoum a eu une longue relation historique avec le pr\u00e9sident sortant Mahamadou Issoufou. Il a cofond\u00e9 avec lui le Parti national social-d\u00e9mocrate en 1990, puis a pris sa pr\u00e9sidence en 2011 apr\u00e8s qu\u2019Issoufou ait pris la pr\u00e9sidence, selon la condition que le chef de l&rsquo;Etat ne participe pas \u00e0 la politique des partis.<\/p>\n<p>A noter que Bazoum a \u00e9t\u00e9 nomm\u00e9, le 21 avril 2011, ministre d&rsquo;\u00c9tat charg\u00e9 des Affaires \u00e9trang\u00e8res, de la Coop\u00e9ration et de l&rsquo;Int\u00e9gration africaine et des Nig\u00e9riens de l&rsquo;\u00e9tranger.<\/p>\n<p>Durant son parcours parlementaire, il a \u00e9t\u00e9 \u00e9lu 4 fois d\u00e9put\u00e9 aux \u00e9lections l\u00e9gislatives (1993, 2004, 2011 et 2016) pour la circonscription de Tisker, dans la r\u00e9gion de Zinder dans le sud-est du pays.<\/p>\n<p>Ce n\u2019est que le 25 f\u00e9vrier 2015, que Bazoum a pu acc\u00e9der au poste de ministre d&rsquo;\u00c9tat \u00e0 la pr\u00e9sidence de la R\u00e9publique, ce qui lui a permis de se concentrer sur la direction du parti en pr\u00e9vision de la candidature d\u2019Issoufou \u00e0 sa r\u00e9\u00e9lection en 2016.<\/p>\n<p>Mohamed Bazoum a \u00e9t\u00e9 \u00e9lu membre du Conseil l\u00e9gislatif lors des \u00e9lections l\u00e9gislatives de f\u00e9vrier 2016. Apr\u00e8s la prestation de serment de Issoufou pour un second mandat, il a \u00e9t\u00e9 nomm\u00e9 \u00ab ministre d&rsquo;\u00c9tat de l&rsquo;Int\u00e9rieur, de la S\u00e9curit\u00e9 publique, de la D\u00e9centralisation, des Affaires martiales et religieuses \u00bb en avril 2016, et est rest\u00e9 en fonction jusqu&rsquo;\u00e0 l&rsquo;\u00e9t\u00e9 2020.<\/p>\n<p>Il a d\u00e9missionn\u00e9 de ses fonctions \u00e0 cette date, pour pr\u00e9parer sa candidature aux \u00e9lections pr\u00e9sidentielles.<\/p>\n<p>Les politiciens qui l&rsquo;ont approch\u00e9 lui t\u00e9moignent qu&rsquo;il \u00e9tait un ministre des Affaires \u00e9trang\u00e8res efficace et qu&rsquo;il poss\u00e9dait une emprise dominante pendant son mandat de ministre de l&rsquo;Int\u00e9rieur, car il pr\u00e9servait et connaissait bien la topographie de son pays et en arpentait tous ses coins et recoins.<\/p>\n<p>Mohamed Bazoum, qui gouvernera pendant cinq ans, est Grand officier de la l\u00e9gion d\u2019honneur fran\u00e7aise pour son engagement dans la coop\u00e9ration et son amiti\u00e9 avec la France.<\/p>\n","protected":false},"excerpt":{"rendered":"<p>Rapport\u00e9 par Anouar Chennoufi Africa-Press &#8211; Niger.\u00a0Depuis son ind\u00e9pendance en Ao\u00fbt 1960, la r\u00e9publique du Niger, pays d&rsquo;Afrique de l&rsquo;Ouest situ\u00e9 entre l&rsquo;Alg\u00e9rie au nord-nord-ouest, la Libye au nord-est, le Tchad \u00e0 l&rsquo;est, le Nigeria au sud, le B\u00e9nin au sud-sud-ouest, le Burkina Faso et le Mali \u00e0 l&rsquo;ouest-sud-ouest, f\u00fbt gouvern\u00e9 \u00e0 tour de r\u00f4le [&hellip;]<\/p>\n","protected":false},"author":82,"featured_media":10811,"comment_status":"open","ping_status":"closed","sticky":false,"template":"","format":"standard","meta":{"footnotes":""},"categories":[7,11,73,20,10],"tags":[60,114],"class_list":["post-10810","post","type-post","status-publish","format-standard","has-post-thumbnail","hentry","category-dossiers","category-homepage-french","category-to-homepage","category-top-nouvelles","category-toutes-les-actualites","tag-africa-press-niger","tag-mohamed-bazoum"],"yoast_head":"<!-- This site is optimized with the Yoast SEO Premium plugin v26.1 (Yoast SEO v27.0) - https:\/\/yoast.com\/product\/yoast-seo-premium-wordpress\/ -->\n<title>Mohamed Bazoum ou le 1er Pr\u00e9sident nig\u00e9rien arabe ! - niger<\/title>\n<meta name=\"robots\" content=\"index, follow, max-snippet:-1, max-image-preview:large, max-video-preview:-1\" \/>\n<link rel=\"canonical\" href=\"https:\/\/www.africa-press.net\/niger\/dossiers\/mohamed-bazoum-ou-le-1er-president-nigerien-arabe\" \/>\n<meta property=\"og:locale\" content=\"fr_FR\" \/>\n<meta property=\"og:type\" content=\"article\" \/>\n<meta property=\"og:title\" content=\"Mohamed Bazoum ou le 1er Pr\u00e9sident nig\u00e9rien arabe !\" \/>\n<meta property=\"og:description\" content=\"Rapport\u00e9 par Anouar Chennoufi Africa-Press &#8211; Niger.\u00a0Depuis son ind\u00e9pendance en Ao\u00fbt 1960, la r\u00e9publique du Niger, pays d&rsquo;Afrique de l&rsquo;Ouest situ\u00e9 entre l&rsquo;Alg\u00e9rie au nord-nord-ouest, la Libye au nord-est, le Tchad \u00e0 l&rsquo;est, le Nigeria au sud, le B\u00e9nin au sud-sud-ouest, le Burkina Faso et le Mali \u00e0 l&rsquo;ouest-sud-ouest, f\u00fbt gouvern\u00e9 \u00e0 tour de r\u00f4le [&hellip;]\" \/>\n<meta property=\"og:url\" content=\"https:\/\/www.africa-press.net\/niger\/dossiers\/mohamed-bazoum-ou-le-1er-president-nigerien-arabe\" \/>\n<meta property=\"og:site_name\" content=\"niger\" \/>\n<meta property=\"article:published_time\" content=\"2021-08-28T15:28:49+00:00\" \/>\n<meta property=\"article:modified_time\" content=\"2021-08-28T18:48:48+00:00\" \/>\n<meta property=\"og:image\" content=\"https:\/\/static.africa-press.net\/niger\/sites\/40\/2021\/08\/36.jpg\" \/>\n\t<meta property=\"og:image:width\" content=\"928\" \/>\n\t<meta property=\"og:image:height\" content=\"618\" \/>\n\t<meta property=\"og:image:type\" content=\"image\/jpeg\" \/>\n<meta name=\"author\" content=\"cfeditorfr\" \/>\n<meta name=\"twitter:card\" content=\"summary_large_image\" \/>\n<meta name=\"twitter:label1\" content=\"\u00c9crit par\" \/>\n\t<meta name=\"twitter:data1\" content=\"cfeditorfr\" \/>\n\t<meta name=\"twitter:label2\" content=\"Dur\u00e9e de lecture estim\u00e9e\" \/>\n\t<meta name=\"twitter:data2\" content=\"5 minutes\" \/>\n<script type=\"application\/ld+json\" class=\"yoast-schema-graph\">{\"@context\":\"https:\/\/schema.org\",\"@graph\":[{\"@type\":\"Article\",\"@id\":\"https:\/\/www.africa-press.net\/niger\/dossiers\/mohamed-bazoum-ou-le-1er-president-nigerien-arabe#article\",\"isPartOf\":{\"@id\":\"https:\/\/www.africa-press.net\/niger\/dossiers\/mohamed-bazoum-ou-le-1er-president-nigerien-arabe\"},\"author\":{\"name\":\"cfeditorfr\",\"@id\":\"https:\/\/www.africa-press.net\/niger\/#\/schema\/person\/2b1cf3cd81a31e3cd26889ca66d677f1\"},\"headline\":\"Mohamed Bazoum ou le 1er Pr\u00e9sident nig\u00e9rien arabe !\",\"datePublished\":\"2021-08-28T15:28:49+00:00\",\"dateModified\":\"2021-08-28T18:48:48+00:00\",\"mainEntityOfPage\":{\"@id\":\"https:\/\/www.africa-press.net\/niger\/dossiers\/mohamed-bazoum-ou-le-1er-president-nigerien-arabe\"},\"wordCount\":1155,\"commentCount\":0,\"image\":{\"@id\":\"https:\/\/www.africa-press.net\/niger\/dossiers\/mohamed-bazoum-ou-le-1er-president-nigerien-arabe#primaryimage\"},\"thumbnailUrl\":\"https:\/\/static.africa-press.net\/niger\/sites\/40\/2021\/08\/36.jpg\",\"keywords\":[\"Africa Press-Niger\",\"Mohamed Bazoum\"],\"articleSection\":[\"Dossiers\",\"homepage-french\",\"to-homepage\",\"Top Nouvelles\",\"Toutes les actualit\u00e9s\"],\"inLanguage\":\"fr-FR\",\"potentialAction\":[{\"@type\":\"CommentAction\",\"name\":\"Comment\",\"target\":[\"https:\/\/www.africa-press.net\/niger\/dossiers\/mohamed-bazoum-ou-le-1er-president-nigerien-arabe#respond\"]}]},{\"@type\":\"WebPage\",\"@id\":\"https:\/\/www.africa-press.net\/niger\/dossiers\/mohamed-bazoum-ou-le-1er-president-nigerien-arabe\",\"url\":\"https:\/\/www.africa-press.net\/niger\/dossiers\/mohamed-bazoum-ou-le-1er-president-nigerien-arabe\",\"name\":\"Mohamed Bazoum ou le 1er Pr\u00e9sident nig\u00e9rien arabe ! - niger\",\"isPartOf\":{\"@id\":\"https:\/\/www.africa-press.net\/niger\/#website\"},\"primaryImageOfPage\":{\"@id\":\"https:\/\/www.africa-press.net\/niger\/dossiers\/mohamed-bazoum-ou-le-1er-president-nigerien-arabe#primaryimage\"},\"image\":{\"@id\":\"https:\/\/www.africa-press.net\/niger\/dossiers\/mohamed-bazoum-ou-le-1er-president-nigerien-arabe#primaryimage\"},\"thumbnailUrl\":\"https:\/\/static.africa-press.net\/niger\/sites\/40\/2021\/08\/36.jpg\",\"datePublished\":\"2021-08-28T15:28:49+00:00\",\"dateModified\":\"2021-08-28T18:48:48+00:00\",\"author\":{\"@id\":\"https:\/\/www.africa-press.net\/niger\/#\/schema\/person\/2b1cf3cd81a31e3cd26889ca66d677f1\"},\"breadcrumb\":{\"@id\":\"https:\/\/www.africa-press.net\/niger\/dossiers\/mohamed-bazoum-ou-le-1er-president-nigerien-arabe#breadcrumb\"},\"inLanguage\":\"fr-FR\",\"potentialAction\":[{\"@type\":\"ReadAction\",\"target\":[\"https:\/\/www.africa-press.net\/niger\/dossiers\/mohamed-bazoum-ou-le-1er-president-nigerien-arabe\"]}]},{\"@type\":\"ImageObject\",\"inLanguage\":\"fr-FR\",\"@id\":\"https:\/\/www.africa-press.net\/niger\/dossiers\/mohamed-bazoum-ou-le-1er-president-nigerien-arabe#primaryimage\",\"url\":\"https:\/\/static.africa-press.net\/niger\/sites\/40\/2021\/08\/36.jpg\",\"contentUrl\":\"https:\/\/static.africa-press.net\/niger\/sites\/40\/2021\/08\/36.jpg\",\"width\":928,\"height\":618},{\"@type\":\"BreadcrumbList\",\"@id\":\"https:\/\/www.africa-press.net\/niger\/dossiers\/mohamed-bazoum-ou-le-1er-president-nigerien-arabe#breadcrumb\",\"itemListElement\":[{\"@type\":\"ListItem\",\"position\":1,\"name\":\"Accueil\",\"item\":\"https:\/\/www.africa-press.net\/niger\/\"},{\"@type\":\"ListItem\",\"position\":2,\"name\":\"Mohamed Bazoum ou le 1er Pr\u00e9sident nig\u00e9rien arabe !\"}]},{\"@type\":\"WebSite\",\"@id\":\"https:\/\/www.africa-press.net\/niger\/#website\",\"url\":\"https:\/\/www.africa-press.net\/niger\/\",\"name\":\"niger\",\"description\":\"Just another Africa News Agency Sites site\",\"potentialAction\":[{\"@type\":\"SearchAction\",\"target\":{\"@type\":\"EntryPoint\",\"urlTemplate\":\"https:\/\/www.africa-press.net\/niger\/?s={search_term_string}\"},\"query-input\":{\"@type\":\"PropertyValueSpecification\",\"valueRequired\":true,\"valueName\":\"search_term_string\"}}],\"inLanguage\":\"fr-FR\"},{\"@type\":\"Person\",\"@id\":\"https:\/\/www.africa-press.net\/niger\/#\/schema\/person\/2b1cf3cd81a31e3cd26889ca66d677f1\",\"name\":\"cfeditorfr\"}]}<\/script>\n<!-- \/ Yoast SEO Premium plugin. -->","yoast_head_json":{"title":"Mohamed Bazoum ou le 1er Pr\u00e9sident nig\u00e9rien arabe ! - niger","robots":{"index":"index","follow":"follow","max-snippet":"max-snippet:-1","max-image-preview":"max-image-preview:large","max-video-preview":"max-video-preview:-1"},"canonical":"https:\/\/www.africa-press.net\/niger\/dossiers\/mohamed-bazoum-ou-le-1er-president-nigerien-arabe","og_locale":"fr_FR","og_type":"article","og_title":"Mohamed Bazoum ou le 1er Pr\u00e9sident nig\u00e9rien arabe !","og_description":"Rapport\u00e9 par Anouar Chennoufi Africa-Press &#8211; Niger.\u00a0Depuis son ind\u00e9pendance en Ao\u00fbt 1960, la r\u00e9publique du Niger, pays d&rsquo;Afrique de l&rsquo;Ouest situ\u00e9 entre l&rsquo;Alg\u00e9rie au nord-nord-ouest, la Libye au nord-est, le Tchad \u00e0 l&rsquo;est, le Nigeria au sud, le B\u00e9nin au sud-sud-ouest, le Burkina Faso et le Mali \u00e0 l&rsquo;ouest-sud-ouest, f\u00fbt gouvern\u00e9 \u00e0 tour de r\u00f4le [&hellip;]","og_url":"https:\/\/www.africa-press.net\/niger\/dossiers\/mohamed-bazoum-ou-le-1er-president-nigerien-arabe","og_site_name":"niger","article_published_time":"2021-08-28T15:28:49+00:00","article_modified_time":"2021-08-28T18:48:48+00:00","og_image":[{"width":928,"height":618,"url":"https:\/\/static.africa-press.net\/niger\/sites\/40\/2021\/08\/36.jpg","type":"image\/jpeg"}],"author":"cfeditorfr","twitter_card":"summary_large_image","twitter_misc":{"\u00c9crit par":"cfeditorfr","Dur\u00e9e de lecture estim\u00e9e":"5 minutes"},"schema":{"@context":"https:\/\/schema.org","@graph":[{"@type":"Article","@id":"https:\/\/www.africa-press.net\/niger\/dossiers\/mohamed-bazoum-ou-le-1er-president-nigerien-arabe#article","isPartOf":{"@id":"https:\/\/www.africa-press.net\/niger\/dossiers\/mohamed-bazoum-ou-le-1er-president-nigerien-arabe"},"author":{"name":"cfeditorfr","@id":"https:\/\/www.africa-press.net\/niger\/#\/schema\/person\/2b1cf3cd81a31e3cd26889ca66d677f1"},"headline":"Mohamed Bazoum ou le 1er Pr\u00e9sident nig\u00e9rien arabe !","datePublished":"2021-08-28T15:28:49+00:00","dateModified":"2021-08-28T18:48:48+00:00","mainEntityOfPage":{"@id":"https:\/\/www.africa-press.net\/niger\/dossiers\/mohamed-bazoum-ou-le-1er-president-nigerien-arabe"},"wordCount":1155,"commentCount":0,"image":{"@id":"https:\/\/www.africa-press.net\/niger\/dossiers\/mohamed-bazoum-ou-le-1er-president-nigerien-arabe#primaryimage"},"thumbnailUrl":"https:\/\/static.africa-press.net\/niger\/sites\/40\/2021\/08\/36.jpg","keywords":["Africa Press-Niger","Mohamed Bazoum"],"articleSection":["Dossiers","homepage-french","to-homepage","Top Nouvelles","Toutes les actualit\u00e9s"],"inLanguage":"fr-FR","potentialAction":[{"@type":"CommentAction","name":"Comment","target":["https:\/\/www.africa-press.net\/niger\/dossiers\/mohamed-bazoum-ou-le-1er-president-nigerien-arabe#respond"]}]},{"@type":"WebPage","@id":"https:\/\/www.africa-press.net\/niger\/dossiers\/mohamed-bazoum-ou-le-1er-president-nigerien-arabe","url":"https:\/\/www.africa-press.net\/niger\/dossiers\/mohamed-bazoum-ou-le-1er-president-nigerien-arabe","name":"Mohamed Bazoum ou le 1er Pr\u00e9sident nig\u00e9rien arabe ! - niger","isPartOf":{"@id":"https:\/\/www.africa-press.net\/niger\/#website"},"primaryImageOfPage":{"@id":"https:\/\/www.africa-press.net\/niger\/dossiers\/mohamed-bazoum-ou-le-1er-president-nigerien-arabe#primaryimage"},"image":{"@id":"https:\/\/www.africa-press.net\/niger\/dossiers\/mohamed-bazoum-ou-le-1er-president-nigerien-arabe#primaryimage"},"thumbnailUrl":"https:\/\/static.africa-press.net\/niger\/sites\/40\/2021\/08\/36.jpg","datePublished":"2021-08-28T15:28:49+00:00","dateModified":"2021-08-28T18:48:48+00:00","author":{"@id":"https:\/\/www.africa-press.net\/niger\/#\/schema\/person\/2b1cf3cd81a31e3cd26889ca66d677f1"},"breadcrumb":{"@id":"https:\/\/www.africa-press.net\/niger\/dossiers\/mohamed-bazoum-ou-le-1er-president-nigerien-arabe#breadcrumb"},"inLanguage":"fr-FR","potentialAction":[{"@type":"ReadAction","target":["https:\/\/www.africa-press.net\/niger\/dossiers\/mohamed-bazoum-ou-le-1er-president-nigerien-arabe"]}]},{"@type":"ImageObject","inLanguage":"fr-FR","@id":"https:\/\/www.africa-press.net\/niger\/dossiers\/mohamed-bazoum-ou-le-1er-president-nigerien-arabe#primaryimage","url":"https:\/\/static.africa-press.net\/niger\/sites\/40\/2021\/08\/36.jpg","contentUrl":"https:\/\/static.africa-press.net\/niger\/sites\/40\/2021\/08\/36.jpg","width":928,"height":618},{"@type":"BreadcrumbList","@id":"https:\/\/www.africa-press.net\/niger\/dossiers\/mohamed-bazoum-ou-le-1er-president-nigerien-arabe#breadcrumb","itemListElement":[{"@type":"ListItem","position":1,"name":"Accueil","item":"https:\/\/www.africa-press.net\/niger\/"},{"@type":"ListItem","position":2,"name":"Mohamed Bazoum ou le 1er Pr\u00e9sident nig\u00e9rien arabe !"}]},{"@type":"WebSite","@id":"https:\/\/www.africa-press.net\/niger\/#website","url":"https:\/\/www.africa-press.net\/niger\/","name":"niger","description":"Just another Africa News Agency Sites site","potentialAction":[{"@type":"SearchAction","target":{"@type":"EntryPoint","urlTemplate":"https:\/\/www.africa-press.net\/niger\/?s={search_term_string}"},"query-input":{"@type":"PropertyValueSpecification","valueRequired":true,"valueName":"search_term_string"}}],"inLanguage":"fr-FR"},{"@type":"Person","@id":"https:\/\/www.africa-press.net\/niger\/#\/schema\/person\/2b1cf3cd81a31e3cd26889ca66d677f1","name":"cfeditorfr"}]}},"_links":{"self":[{"href":"https:\/\/www.africa-press.net\/niger\/wp-json\/wp\/v2\/posts\/10810","targetHints":{"allow":["GET"]}}],"collection":[{"href":"https:\/\/www.africa-press.net\/niger\/wp-json\/wp\/v2\/posts"}],"about":[{"href":"https:\/\/www.africa-press.net\/niger\/wp-json\/wp\/v2\/types\/post"}],"author":[{"embeddable":true,"href":"https:\/\/www.africa-press.net\/niger\/wp-json\/wp\/v2\/users\/82"}],"replies":[{"embeddable":true,"href":"https:\/\/www.africa-press.net\/niger\/wp-json\/wp\/v2\/comments?post=10810"}],"version-history":[{"count":0,"href":"https:\/\/www.africa-press.net\/niger\/wp-json\/wp\/v2\/posts\/10810\/revisions"}],"wp:featuredmedia":[{"embeddable":true,"href":"https:\/\/www.africa-press.net\/niger\/wp-json\/wp\/v2\/media\/10811"}],"wp:attachment":[{"href":"https:\/\/www.africa-press.net\/niger\/wp-json\/wp\/v2\/media?parent=10810"}],"wp:term":[{"taxonomy":"category","embeddable":true,"href":"https:\/\/www.africa-press.net\/niger\/wp-json\/wp\/v2\/categories?post=10810"},{"taxonomy":"post_tag","embeddable":true,"href":"https:\/\/www.africa-press.net\/niger\/wp-json\/wp\/v2\/tags?post=10810"}],"curies":[{"name":"wp","href":"https:\/\/api.w.org\/{rel}","templated":true}]}}