{"id":10820,"date":"2021-08-29T11:43:21","date_gmt":"2021-08-29T11:43:21","guid":{"rendered":"https:\/\/www.africa-press.net\/niger\/?p=10820"},"modified":"2021-08-29T19:10:55","modified_gmt":"2021-08-29T19:10:55","slug":"le-niger-compte-institutionnaliser-la-campagne-mon-lait-est-local","status":"publish","type":"post","link":"https:\/\/www.africa-press.net\/niger\/toutes-les-actualites\/le-niger-compte-institutionnaliser-la-campagne-mon-lait-est-local","title":{"rendered":"Le Niger compte institutionnaliser la campagne mon lait est local"},"content":{"rendered":"<p><span style=\"color: #ff6600\"><strong><a href=\"https:\/\/www.africa-press.net\/\">Africa-Press<\/a> &#8211; <a href=\"https:\/\/www.africa-press.net\/niger\">Niger<\/a>. <\/strong><\/span>, 27 aout (ANP) &#8211; Le minist\u00e8re de l\u2019\u00e9levage compte institutionnaliser la Campagne mon Lait est Local pour soutenir et prot\u00e9ger la production.<\/p>\n<p>Les autres initiatives dans ce cadre portent sur Le processus en cours de mise en place de l\u2019Interprofession lait ; la cr\u00e9ation de 9 centres de collecte de lait en 2020 ; la cr\u00e9ation de 5 mini-laiteries et la r\u00e9habilitation 2 autres en 2020.<\/p>\n<p>Il est pr\u00e9vu le placement au cours de la campagne 2020-2021 de 10 800 Tonnes d\u2019aliments pour b\u00e9tail afin de soutenir le troupeau laitier; la s\u00e9curisation des zones de productions fourrag\u00e8res essentiellement compos\u00e9es d\u2019esp\u00e8ces herbac\u00e9es tr\u00e8s sensibles aux actions anthropiques et climatiques.<\/p>\n<p>Au plan sant\u00e9 animale, il est pr\u00e9vu la vaccination de 5 667 736 bovins contre la PPCB, de plus d\u2019un million de petits ruminants contre la PPR, et celle de 737 356 camelins contre la Pasteurellose, entre autres.<\/p>\n<p>Pays sah\u00e9lo-saharien, le Niger est vaste pays \u00e0 vocation agro-pastoral.<\/p>\n<p>La consommation moyenne nig\u00e9rienne est de 31litres\/habitant\/an ce qui est en de\u00e7\u00e0 des normes OMS\/FAO qui est de 90litres \/habitant\/an, note-t-on.<\/p>\n<p>&nbsp;<\/p>\n","protected":false},"excerpt":{"rendered":"<p>Africa-Press &#8211; Niger. , 27 aout (ANP) &#8211; Le minist\u00e8re de l\u2019\u00e9levage compte institutionnaliser la Campagne mon Lait est Local pour soutenir et prot\u00e9ger la production. Les autres initiatives dans ce cadre portent sur Le processus en cours de mise en place de l\u2019Interprofession lait ; la cr\u00e9ation de 9 centres de collecte de lait [&hellip;]<\/p>\n","protected":false},"author":82,"featured_media":10819,"comment_status":"open","ping_status":"closed","sticky":false,"template":"","format":"standard","meta":{"footnotes":""},"categories":[21,11,10],"tags":[55,60,29],"class_list":["post-10820","post","type-post","status-publish","format-standard","has-post-thumbnail","hentry","category-communaute","category-homepage-french","category-toutes-les-actualites","tag-africa-press","tag-africa-press-niger","tag-niger"],"yoast_head":"<!-- This site is optimized with the Yoast SEO Premium plugin v26.1 (Yoast SEO v27.0) - https:\/\/yoast.com\/product\/yoast-seo-premium-wordpress\/ -->\n<title>Le Niger compte institutionnaliser la campagne mon lait est local - niger<\/title>\n<meta name=\"description\" content=\", 27 aout (ANP) - Le minist\u00e8re de l\u2019\u00e9levage compte institutionnaliser la Campagne mon Lait est Local pour soutenir et pr ...\" \/>\n<meta name=\"robots\" content=\"index, follow, max-snippet:-1, max-image-preview:large, max-video-preview:-1\" \/>\n<link rel=\"canonical\" href=\"https:\/\/www.africa-press.net\/niger\/toutes-les-actualites\/le-niger-compte-institutionnaliser-la-campagne-mon-lait-est-local\" \/>\n<meta property=\"og:locale\" content=\"fr_FR\" \/>\n<meta property=\"og:type\" content=\"article\" \/>\n<meta property=\"og:title\" content=\"Le Niger compte institutionnaliser la campagne mon lait est local\" \/>\n<meta property=\"og:description\" content=\", 27 aout (ANP) - Le minist\u00e8re de l\u2019\u00e9levage compte institutionnaliser la Campagne mon Lait est Local pour soutenir et pr ...\" \/>\n<meta property=\"og:url\" content=\"https:\/\/www.africa-press.net\/niger\/toutes-les-actualites\/le-niger-compte-institutionnaliser-la-campagne-mon-lait-est-local\" \/>\n<meta property=\"og:site_name\" content=\"niger\" \/>\n<meta property=\"article:published_time\" content=\"2021-08-29T11:43:21+00:00\" \/>\n<meta property=\"article:modified_time\" content=\"2021-08-29T19:10:55+00:00\" \/>\n<meta property=\"og:image\" content=\"https:\/\/static.africa-press.net\/niger\/sites\/40\/2021\/08\/img-612b70b10285f.jpg\" \/>\n\t<meta property=\"og:image:width\" content=\"720\" \/>\n\t<meta property=\"og:image:height\" content=\"539\" \/>\n\t<meta property=\"og:image:type\" content=\"image\/jpeg\" \/>\n<meta name=\"author\" content=\"cfeditorfr\" \/>\n<meta name=\"twitter:card\" content=\"summary_large_image\" \/>\n<meta name=\"twitter:label1\" content=\"\u00c9crit par\" \/>\n\t<meta name=\"twitter:data1\" content=\"cfeditorfr\" \/>\n\t<meta name=\"twitter:label2\" content=\"Dur\u00e9e de lecture estim\u00e9e\" \/>\n\t<meta name=\"twitter:data2\" content=\"1 minute\" \/>\n<script type=\"application\/ld+json\" class=\"yoast-schema-graph\">{\"@context\":\"https:\/\/schema.org\",\"@graph\":[{\"@type\":\"Article\",\"@id\":\"https:\/\/www.africa-press.net\/niger\/toutes-les-actualites\/le-niger-compte-institutionnaliser-la-campagne-mon-lait-est-local#article\",\"isPartOf\":{\"@id\":\"https:\/\/www.africa-press.net\/niger\/toutes-les-actualites\/le-niger-compte-institutionnaliser-la-campagne-mon-lait-est-local\"},\"author\":{\"name\":\"cfeditorfr\",\"@id\":\"https:\/\/www.africa-press.net\/niger\/#\/schema\/person\/2b1cf3cd81a31e3cd26889ca66d677f1\"},\"headline\":\"Le Niger compte institutionnaliser la campagne mon lait est local\",\"datePublished\":\"2021-08-29T11:43:21+00:00\",\"dateModified\":\"2021-08-29T19:10:55+00:00\",\"mainEntityOfPage\":{\"@id\":\"https:\/\/www.africa-press.net\/niger\/toutes-les-actualites\/le-niger-compte-institutionnaliser-la-campagne-mon-lait-est-local\"},\"wordCount\":200,\"commentCount\":0,\"image\":{\"@id\":\"https:\/\/www.africa-press.net\/niger\/toutes-les-actualites\/le-niger-compte-institutionnaliser-la-campagne-mon-lait-est-local#primaryimage\"},\"thumbnailUrl\":\"https:\/\/static.africa-press.net\/niger\/sites\/40\/2021\/08\/img-612b70b10285f.jpg\",\"keywords\":[\"Africa Press\",\"Africa Press-Niger\",\"Niger\"],\"articleSection\":[\"Communaut\u00e9\",\"homepage-french\",\"Toutes les actualit\u00e9s\"],\"inLanguage\":\"fr-FR\",\"potentialAction\":[{\"@type\":\"CommentAction\",\"name\":\"Comment\",\"target\":[\"https:\/\/www.africa-press.net\/niger\/toutes-les-actualites\/le-niger-compte-institutionnaliser-la-campagne-mon-lait-est-local#respond\"]}]},{\"@type\":\"WebPage\",\"@id\":\"https:\/\/www.africa-press.net\/niger\/toutes-les-actualites\/le-niger-compte-institutionnaliser-la-campagne-mon-lait-est-local\",\"url\":\"https:\/\/www.africa-press.net\/niger\/toutes-les-actualites\/le-niger-compte-institutionnaliser-la-campagne-mon-lait-est-local\",\"name\":\"Le Niger compte institutionnaliser la campagne mon lait est local - niger\",\"isPartOf\":{\"@id\":\"https:\/\/www.africa-press.net\/niger\/#website\"},\"primaryImageOfPage\":{\"@id\":\"https:\/\/www.africa-press.net\/niger\/toutes-les-actualites\/le-niger-compte-institutionnaliser-la-campagne-mon-lait-est-local#primaryimage\"},\"image\":{\"@id\":\"https:\/\/www.africa-press.net\/niger\/toutes-les-actualites\/le-niger-compte-institutionnaliser-la-campagne-mon-lait-est-local#primaryimage\"},\"thumbnailUrl\":\"https:\/\/static.africa-press.net\/niger\/sites\/40\/2021\/08\/img-612b70b10285f.jpg\",\"datePublished\":\"2021-08-29T11:43:21+00:00\",\"dateModified\":\"2021-08-29T19:10:55+00:00\",\"author\":{\"@id\":\"https:\/\/www.africa-press.net\/niger\/#\/schema\/person\/2b1cf3cd81a31e3cd26889ca66d677f1\"},\"description\":\", 27 aout (ANP) - Le minist\u00e8re de l\u2019\u00e9levage compte institutionnaliser la Campagne mon Lait est Local pour soutenir et pr ...\",\"breadcrumb\":{\"@id\":\"https:\/\/www.africa-press.net\/niger\/toutes-les-actualites\/le-niger-compte-institutionnaliser-la-campagne-mon-lait-est-local#breadcrumb\"},\"inLanguage\":\"fr-FR\",\"potentialAction\":[{\"@type\":\"ReadAction\",\"target\":[\"https:\/\/www.africa-press.net\/niger\/toutes-les-actualites\/le-niger-compte-institutionnaliser-la-campagne-mon-lait-est-local\"]}]},{\"@type\":\"ImageObject\",\"inLanguage\":\"fr-FR\",\"@id\":\"https:\/\/www.africa-press.net\/niger\/toutes-les-actualites\/le-niger-compte-institutionnaliser-la-campagne-mon-lait-est-local#primaryimage\",\"url\":\"https:\/\/static.africa-press.net\/niger\/sites\/40\/2021\/08\/img-612b70b10285f.jpg\",\"contentUrl\":\"https:\/\/static.africa-press.net\/niger\/sites\/40\/2021\/08\/img-612b70b10285f.jpg\",\"width\":720,\"height\":539,\"caption\":\"Le Niger compte institutionnaliser la campagne mon lait est local\"},{\"@type\":\"BreadcrumbList\",\"@id\":\"https:\/\/www.africa-press.net\/niger\/toutes-les-actualites\/le-niger-compte-institutionnaliser-la-campagne-mon-lait-est-local#breadcrumb\",\"itemListElement\":[{\"@type\":\"ListItem\",\"position\":1,\"name\":\"Accueil\",\"item\":\"https:\/\/www.africa-press.net\/niger\/\"},{\"@type\":\"ListItem\",\"position\":2,\"name\":\"Le Niger compte institutionnaliser la campagne mon lait est local\"}]},{\"@type\":\"WebSite\",\"@id\":\"https:\/\/www.africa-press.net\/niger\/#website\",\"url\":\"https:\/\/www.africa-press.net\/niger\/\",\"name\":\"niger\",\"description\":\"Just another Africa News Agency Sites site\",\"potentialAction\":[{\"@type\":\"SearchAction\",\"target\":{\"@type\":\"EntryPoint\",\"urlTemplate\":\"https:\/\/www.africa-press.net\/niger\/?s={search_term_string}\"},\"query-input\":{\"@type\":\"PropertyValueSpecification\",\"valueRequired\":true,\"valueName\":\"search_term_string\"}}],\"inLanguage\":\"fr-FR\"},{\"@type\":\"Person\",\"@id\":\"https:\/\/www.africa-press.net\/niger\/#\/schema\/person\/2b1cf3cd81a31e3cd26889ca66d677f1\",\"name\":\"cfeditorfr\"}]}<\/script>\n<!-- \/ Yoast SEO Premium plugin. -->","yoast_head_json":{"title":"Le Niger compte institutionnaliser la campagne mon lait est local - niger","description":", 27 aout (ANP) - Le minist\u00e8re de l\u2019\u00e9levage compte institutionnaliser la Campagne mon Lait est Local pour soutenir et pr ...","robots":{"index":"index","follow":"follow","max-snippet":"max-snippet:-1","max-image-preview":"max-image-preview:large","max-video-preview":"max-video-preview:-1"},"canonical":"https:\/\/www.africa-press.net\/niger\/toutes-les-actualites\/le-niger-compte-institutionnaliser-la-campagne-mon-lait-est-local","og_locale":"fr_FR","og_type":"article","og_title":"Le Niger compte institutionnaliser la campagne mon lait est local","og_description":", 27 aout (ANP) - Le minist\u00e8re de l\u2019\u00e9levage compte institutionnaliser la Campagne mon Lait est Local pour soutenir et pr ...","og_url":"https:\/\/www.africa-press.net\/niger\/toutes-les-actualites\/le-niger-compte-institutionnaliser-la-campagne-mon-lait-est-local","og_site_name":"niger","article_published_time":"2021-08-29T11:43:21+00:00","article_modified_time":"2021-08-29T19:10:55+00:00","og_image":[{"width":720,"height":539,"url":"https:\/\/static.africa-press.net\/niger\/sites\/40\/2021\/08\/img-612b70b10285f.jpg","type":"image\/jpeg"}],"author":"cfeditorfr","twitter_card":"summary_large_image","twitter_misc":{"\u00c9crit par":"cfeditorfr","Dur\u00e9e de lecture estim\u00e9e":"1 minute"},"schema":{"@context":"https:\/\/schema.org","@graph":[{"@type":"Article","@id":"https:\/\/www.africa-press.net\/niger\/toutes-les-actualites\/le-niger-compte-institutionnaliser-la-campagne-mon-lait-est-local#article","isPartOf":{"@id":"https:\/\/www.africa-press.net\/niger\/toutes-les-actualites\/le-niger-compte-institutionnaliser-la-campagne-mon-lait-est-local"},"author":{"name":"cfeditorfr","@id":"https:\/\/www.africa-press.net\/niger\/#\/schema\/person\/2b1cf3cd81a31e3cd26889ca66d677f1"},"headline":"Le Niger compte institutionnaliser la campagne mon lait est local","datePublished":"2021-08-29T11:43:21+00:00","dateModified":"2021-08-29T19:10:55+00:00","mainEntityOfPage":{"@id":"https:\/\/www.africa-press.net\/niger\/toutes-les-actualites\/le-niger-compte-institutionnaliser-la-campagne-mon-lait-est-local"},"wordCount":200,"commentCount":0,"image":{"@id":"https:\/\/www.africa-press.net\/niger\/toutes-les-actualites\/le-niger-compte-institutionnaliser-la-campagne-mon-lait-est-local#primaryimage"},"thumbnailUrl":"https:\/\/static.africa-press.net\/niger\/sites\/40\/2021\/08\/img-612b70b10285f.jpg","keywords":["Africa Press","Africa Press-Niger","Niger"],"articleSection":["Communaut\u00e9","homepage-french","Toutes les actualit\u00e9s"],"inLanguage":"fr-FR","potentialAction":[{"@type":"CommentAction","name":"Comment","target":["https:\/\/www.africa-press.net\/niger\/toutes-les-actualites\/le-niger-compte-institutionnaliser-la-campagne-mon-lait-est-local#respond"]}]},{"@type":"WebPage","@id":"https:\/\/www.africa-press.net\/niger\/toutes-les-actualites\/le-niger-compte-institutionnaliser-la-campagne-mon-lait-est-local","url":"https:\/\/www.africa-press.net\/niger\/toutes-les-actualites\/le-niger-compte-institutionnaliser-la-campagne-mon-lait-est-local","name":"Le Niger compte institutionnaliser la campagne mon lait est local - niger","isPartOf":{"@id":"https:\/\/www.africa-press.net\/niger\/#website"},"primaryImageOfPage":{"@id":"https:\/\/www.africa-press.net\/niger\/toutes-les-actualites\/le-niger-compte-institutionnaliser-la-campagne-mon-lait-est-local#primaryimage"},"image":{"@id":"https:\/\/www.africa-press.net\/niger\/toutes-les-actualites\/le-niger-compte-institutionnaliser-la-campagne-mon-lait-est-local#primaryimage"},"thumbnailUrl":"https:\/\/static.africa-press.net\/niger\/sites\/40\/2021\/08\/img-612b70b10285f.jpg","datePublished":"2021-08-29T11:43:21+00:00","dateModified":"2021-08-29T19:10:55+00:00","author":{"@id":"https:\/\/www.africa-press.net\/niger\/#\/schema\/person\/2b1cf3cd81a31e3cd26889ca66d677f1"},"description":", 27 aout (ANP) - Le minist\u00e8re de l\u2019\u00e9levage compte institutionnaliser la Campagne mon Lait est Local pour soutenir et pr ...","breadcrumb":{"@id":"https:\/\/www.africa-press.net\/niger\/toutes-les-actualites\/le-niger-compte-institutionnaliser-la-campagne-mon-lait-est-local#breadcrumb"},"inLanguage":"fr-FR","potentialAction":[{"@type":"ReadAction","target":["https:\/\/www.africa-press.net\/niger\/toutes-les-actualites\/le-niger-compte-institutionnaliser-la-campagne-mon-lait-est-local"]}]},{"@type":"ImageObject","inLanguage":"fr-FR","@id":"https:\/\/www.africa-press.net\/niger\/toutes-les-actualites\/le-niger-compte-institutionnaliser-la-campagne-mon-lait-est-local#primaryimage","url":"https:\/\/static.africa-press.net\/niger\/sites\/40\/2021\/08\/img-612b70b10285f.jpg","contentUrl":"https:\/\/static.africa-press.net\/niger\/sites\/40\/2021\/08\/img-612b70b10285f.jpg","width":720,"height":539,"caption":"Le Niger compte institutionnaliser la campagne mon lait est local"},{"@type":"BreadcrumbList","@id":"https:\/\/www.africa-press.net\/niger\/toutes-les-actualites\/le-niger-compte-institutionnaliser-la-campagne-mon-lait-est-local#breadcrumb","itemListElement":[{"@type":"ListItem","position":1,"name":"Accueil","item":"https:\/\/www.africa-press.net\/niger\/"},{"@type":"ListItem","position":2,"name":"Le Niger compte institutionnaliser la campagne mon lait est local"}]},{"@type":"WebSite","@id":"https:\/\/www.africa-press.net\/niger\/#website","url":"https:\/\/www.africa-press.net\/niger\/","name":"niger","description":"Just another Africa News Agency Sites site","potentialAction":[{"@type":"SearchAction","target":{"@type":"EntryPoint","urlTemplate":"https:\/\/www.africa-press.net\/niger\/?s={search_term_string}"},"query-input":{"@type":"PropertyValueSpecification","valueRequired":true,"valueName":"search_term_string"}}],"inLanguage":"fr-FR"},{"@type":"Person","@id":"https:\/\/www.africa-press.net\/niger\/#\/schema\/person\/2b1cf3cd81a31e3cd26889ca66d677f1","name":"cfeditorfr"}]}},"_links":{"self":[{"href":"https:\/\/www.africa-press.net\/niger\/wp-json\/wp\/v2\/posts\/10820","targetHints":{"allow":["GET"]}}],"collection":[{"href":"https:\/\/www.africa-press.net\/niger\/wp-json\/wp\/v2\/posts"}],"about":[{"href":"https:\/\/www.africa-press.net\/niger\/wp-json\/wp\/v2\/types\/post"}],"author":[{"embeddable":true,"href":"https:\/\/www.africa-press.net\/niger\/wp-json\/wp\/v2\/users\/82"}],"replies":[{"embeddable":true,"href":"https:\/\/www.africa-press.net\/niger\/wp-json\/wp\/v2\/comments?post=10820"}],"version-history":[{"count":0,"href":"https:\/\/www.africa-press.net\/niger\/wp-json\/wp\/v2\/posts\/10820\/revisions"}],"wp:featuredmedia":[{"embeddable":true,"href":"https:\/\/www.africa-press.net\/niger\/wp-json\/wp\/v2\/media\/10819"}],"wp:attachment":[{"href":"https:\/\/www.africa-press.net\/niger\/wp-json\/wp\/v2\/media?parent=10820"}],"wp:term":[{"taxonomy":"category","embeddable":true,"href":"https:\/\/www.africa-press.net\/niger\/wp-json\/wp\/v2\/categories?post=10820"},{"taxonomy":"post_tag","embeddable":true,"href":"https:\/\/www.africa-press.net\/niger\/wp-json\/wp\/v2\/tags?post=10820"}],"curies":[{"name":"wp","href":"https:\/\/api.w.org\/{rel}","templated":true}]}}