{"id":10823,"date":"2021-08-29T11:50:14","date_gmt":"2021-08-29T11:50:14","guid":{"rendered":"https:\/\/www.africa-press.net\/niger\/?p=10823"},"modified":"2021-08-29T19:11:28","modified_gmt":"2021-08-29T19:11:28","slug":"la-commission-finance-et-budget-de-lassemblee-nationale-en-mission-de-travail-dans-la-region-de-maradi","status":"publish","type":"post","link":"https:\/\/www.africa-press.net\/niger\/economie\/la-commission-finance-et-budget-de-lassemblee-nationale-en-mission-de-travail-dans-la-region-de-maradi","title":{"rendered":"La commission finance et budget de l\u2019Assembl\u00e9e Nationale en mission de travail dans la r\u00e9gion de Maradi"},"content":{"rendered":"<p><span style=\"color: #ff6600\"><strong><a href=\"https:\/\/www.africa-press.net\/\">Africa-Press<\/a> &#8211; <a href=\"https:\/\/www.africa-press.net\/niger\">Niger<\/a>. <\/strong><\/span>Une Mission parlementaire compos\u00e9e des d\u00e9put\u00e9s membres de la commission finance et budget de l\u2019Assembl\u00e9e Nationale de notre pays a s\u00e9journ\u00e9, dans le cadre d&rsquo;une mission de travail, du 22 au 27 Ao\u00fbt 2021 dans la r\u00e9gion de Maradi.<\/p>\n<p>Conduite par le premier vice-pr\u00e9sident de l\u2019 l\u2019Assembl\u00e9e Nationale, Kalla Hakouraou, cette mission a travaill\u00e9 sur des questions essentielles pour les populations et pour l\u2019Etat.<\/p>\n<p>C\u2019est ainsi qu\u2019elle s\u2019est rendue dans une dizaine de communes pour \u00e9changer avec les populations, les Maires, les responsables de certains services, afin d\u2019avoir des id\u00e9es, formuler des recommandations et des suj\u00e9tions sur quatre th\u00e9matiques essentielles.<\/p>\n<p>La premi\u00e8re th\u00e9matique est celle de la production agricole. Il s\u2019agit l\u00e0 de comprendre ce qu\u2019il est n\u00e9cessaire de faire ou de renforcer pour soutenir les paysans dans la production agricole, la commercialisation, et la transformation. La deuxi\u00e8me relative \u00e0 l\u2019eau, notamment la gestion d\u00e9l\u00e9gu\u00e9e des ouvrages hydrauliques dans les milieux semi-urbains et ruraux. La troisi\u00e8me th\u00e9matique, quant \u00e0 elle, concerne les performances des r\u00e9gies financi\u00e8res, et la derni\u00e8re, l\u2019\u00e9lectrification rurale.<\/p>\n<p>Selon le d\u00e9put\u00e9 Ibrahim Yacoubou, membre de cette mission, la mission parlementaire, sur toutes ces questions a rencontr\u00e9 les responsables, les producteurs et les populations concern\u00e9es pour faire le point de ce qu\u2019ils font comme activit\u00e9s, ce qu\u2019ils projettent de faire pour l\u2019avenir et identifier les probl\u00e8mes et les contraintes qu\u2019ils rencontrent.<\/p>\n<p>\u2018\u2019Au niveau de la mission, nous ferons un rapport que nous soumettrons \u00e0 l\u2019Assembl\u00e9e Nationale et nous travaillerons \u00e0 ce que les recommandations soient suivies pour am\u00e9liorer la performance de tous les secteurs que nous avons identifi\u00e9s et sur lesquels nous avons travaill\u00e9\u2019\u2019 a-t-il d\u00e9clar\u00e9.<\/p>\n<p>Pour lui, le choix de plusieurs communes \u00e0 visiter rel\u00e8ve de la n\u00e9cessit\u00e9 de comprendre la r\u00e9alit\u00e9, voir s\u2019il y a des particularit\u00e9s qui peuvent int\u00e9resser leur compr\u00e9hension, mais mieux, discuter directement avec les populations . Il a indiqu\u00e9 que sur la gestion d\u00e9l\u00e9gu\u00e9e des ouvrages hydrauliques, ils ont eu des discussions avec les responsables de l\u2019hydraulique et les Maires.<\/p>\n<p>Pour ce qui est des recommandations, le d\u00e9put\u00e9 Ibrahim Yacoubou a indiqu\u00e9 que \u2018\u2019sur la question agricole, les parlementaires se sont engag\u00e9s \u00e0 faire un plaidoyer \u00e0 l\u2019Assembl\u00e9e pour que le soutien aux producteurs soit renforc\u00e9 dans le domaine de l\u2019acc\u00e8s \u00e0 l\u2019engrais, la question du co\u00fbt de l\u2019\u00e9lectricit\u00e9 sur les p\u00e9rim\u00e8tres irrigu\u00e9s\u2019\u2019.<\/p>\n<p>\u2018\u2019Nous avons retenu de soutenir \u00e9galement la cr\u00e9ation des cadres pour la commercialisation et la transformation de leurs productions\u2019\u2019 a-t-il annonc\u00e9.<\/p>\n<p>Toutefois, il a \u00e9voqu\u00e9 la n\u00e9cessit\u00e9 de renouveler \u2018\u2019l\u2019\u00e9quipement sur certains p\u00e9rim\u00e8tres comme celui de Jirataoua dont l\u2019\u00e9quipement date de plus de 40 ans\u2019\u2019.<\/p>\n<p>Sur la question de l\u2019\u00e9lectricit\u00e9, il a affirm\u00e9 que la mission a d\u00e9cid\u00e9 de continuer \u00e0 soutenir l\u2019\u00e9largissement du programme d\u2019\u00e9lectrification rurale.<\/p>\n<p>En ce qui concerne les r\u00e9gies financi\u00e8res, la mission a reconnu les efforts qu\u2019elles font, et seront soutenues pour enrailler la fraude qui est nocive \u00e0 plus d\u2019un titre. Il a, enfin, reconnu qu\u2019il y a dans \u2018\u2019tous les services visit\u00e9s, un besoin de recrutement de personnel\u2019\u2019.<\/p>\n","protected":false},"excerpt":{"rendered":"<p>Africa-Press &#8211; Niger. Une Mission parlementaire compos\u00e9e des d\u00e9put\u00e9s membres de la commission finance et budget de l\u2019Assembl\u00e9e Nationale de notre pays a s\u00e9journ\u00e9, dans le cadre d&rsquo;une mission de travail, du 22 au 27 Ao\u00fbt 2021 dans la r\u00e9gion de Maradi. Conduite par le premier vice-pr\u00e9sident de l\u2019 l\u2019Assembl\u00e9e Nationale, Kalla Hakouraou, cette mission [&hellip;]<\/p>\n","protected":false},"author":82,"featured_media":10822,"comment_status":"open","ping_status":"closed","sticky":false,"template":"","format":"standard","meta":{"footnotes":""},"categories":[3,11,10],"tags":[55,60,29],"class_list":["post-10823","post","type-post","status-publish","format-standard","has-post-thumbnail","hentry","category-economie","category-homepage-french","category-toutes-les-actualites","tag-africa-press","tag-africa-press-niger","tag-niger"],"yoast_head":"<!-- This site is optimized with the Yoast SEO Premium plugin v26.1 (Yoast SEO v27.0) - https:\/\/yoast.com\/product\/yoast-seo-premium-wordpress\/ -->\n<title>La commission finance et budget de l\u2019Assembl\u00e9e Nationale en mission de travail dans la r\u00e9gion de Maradi - niger<\/title>\n<meta name=\"robots\" content=\"index, follow, max-snippet:-1, max-image-preview:large, max-video-preview:-1\" \/>\n<link rel=\"canonical\" href=\"https:\/\/www.africa-press.net\/niger\/economie\/la-commission-finance-et-budget-de-lassemblee-nationale-en-mission-de-travail-dans-la-region-de-maradi\" \/>\n<meta property=\"og:locale\" content=\"fr_FR\" \/>\n<meta property=\"og:type\" content=\"article\" \/>\n<meta property=\"og:title\" content=\"La commission finance et budget de l\u2019Assembl\u00e9e Nationale en mission de travail dans la r\u00e9gion de Maradi\" \/>\n<meta property=\"og:description\" content=\"Africa-Press &#8211; Niger. Une Mission parlementaire compos\u00e9e des d\u00e9put\u00e9s membres de la commission finance et budget de l\u2019Assembl\u00e9e Nationale de notre pays a s\u00e9journ\u00e9, dans le cadre d&rsquo;une mission de travail, du 22 au 27 Ao\u00fbt 2021 dans la r\u00e9gion de Maradi. Conduite par le premier vice-pr\u00e9sident de l\u2019 l\u2019Assembl\u00e9e Nationale, Kalla Hakouraou, cette mission [&hellip;]\" \/>\n<meta property=\"og:url\" content=\"https:\/\/www.africa-press.net\/niger\/economie\/la-commission-finance-et-budget-de-lassemblee-nationale-en-mission-de-travail-dans-la-region-de-maradi\" \/>\n<meta property=\"og:site_name\" content=\"niger\" \/>\n<meta property=\"article:published_time\" content=\"2021-08-29T11:50:14+00:00\" \/>\n<meta property=\"article:modified_time\" content=\"2021-08-29T19:11:28+00:00\" \/>\n<meta property=\"og:image\" content=\"https:\/\/static.africa-press.net\/niger\/sites\/40\/2021\/08\/img-612b70e156124.jpg\" \/>\n\t<meta property=\"og:image:width\" content=\"1920\" \/>\n\t<meta property=\"og:image:height\" content=\"1381\" \/>\n\t<meta property=\"og:image:type\" content=\"image\/jpeg\" \/>\n<meta name=\"author\" content=\"cfeditorfr\" \/>\n<meta name=\"twitter:card\" content=\"summary_large_image\" \/>\n<meta name=\"twitter:label1\" content=\"\u00c9crit par\" \/>\n\t<meta name=\"twitter:data1\" content=\"cfeditorfr\" \/>\n\t<meta name=\"twitter:label2\" content=\"Dur\u00e9e de lecture estim\u00e9e\" \/>\n\t<meta name=\"twitter:data2\" content=\"3 minutes\" \/>\n<script type=\"application\/ld+json\" class=\"yoast-schema-graph\">{\"@context\":\"https:\/\/schema.org\",\"@graph\":[{\"@type\":\"Article\",\"@id\":\"https:\/\/www.africa-press.net\/niger\/economie\/la-commission-finance-et-budget-de-lassemblee-nationale-en-mission-de-travail-dans-la-region-de-maradi#article\",\"isPartOf\":{\"@id\":\"https:\/\/www.africa-press.net\/niger\/economie\/la-commission-finance-et-budget-de-lassemblee-nationale-en-mission-de-travail-dans-la-region-de-maradi\"},\"author\":{\"name\":\"cfeditorfr\",\"@id\":\"https:\/\/www.africa-press.net\/niger\/#\/schema\/person\/2b1cf3cd81a31e3cd26889ca66d677f1\"},\"headline\":\"La commission finance et budget de l\u2019Assembl\u00e9e Nationale en mission de travail dans la r\u00e9gion de Maradi\",\"datePublished\":\"2021-08-29T11:50:14+00:00\",\"dateModified\":\"2021-08-29T19:11:28+00:00\",\"mainEntityOfPage\":{\"@id\":\"https:\/\/www.africa-press.net\/niger\/economie\/la-commission-finance-et-budget-de-lassemblee-nationale-en-mission-de-travail-dans-la-region-de-maradi\"},\"wordCount\":591,\"commentCount\":0,\"image\":{\"@id\":\"https:\/\/www.africa-press.net\/niger\/economie\/la-commission-finance-et-budget-de-lassemblee-nationale-en-mission-de-travail-dans-la-region-de-maradi#primaryimage\"},\"thumbnailUrl\":\"https:\/\/static.africa-press.net\/niger\/sites\/40\/2021\/08\/img-612b70e156124.jpg\",\"keywords\":[\"Africa Press\",\"Africa Press-Niger\",\"Niger\"],\"articleSection\":[\"\u00c9conomie\",\"homepage-french\",\"Toutes les actualit\u00e9s\"],\"inLanguage\":\"fr-FR\",\"potentialAction\":[{\"@type\":\"CommentAction\",\"name\":\"Comment\",\"target\":[\"https:\/\/www.africa-press.net\/niger\/economie\/la-commission-finance-et-budget-de-lassemblee-nationale-en-mission-de-travail-dans-la-region-de-maradi#respond\"]}]},{\"@type\":\"WebPage\",\"@id\":\"https:\/\/www.africa-press.net\/niger\/economie\/la-commission-finance-et-budget-de-lassemblee-nationale-en-mission-de-travail-dans-la-region-de-maradi\",\"url\":\"https:\/\/www.africa-press.net\/niger\/economie\/la-commission-finance-et-budget-de-lassemblee-nationale-en-mission-de-travail-dans-la-region-de-maradi\",\"name\":\"La commission finance et budget de l\u2019Assembl\u00e9e Nationale en mission de travail dans la r\u00e9gion de Maradi - niger\",\"isPartOf\":{\"@id\":\"https:\/\/www.africa-press.net\/niger\/#website\"},\"primaryImageOfPage\":{\"@id\":\"https:\/\/www.africa-press.net\/niger\/economie\/la-commission-finance-et-budget-de-lassemblee-nationale-en-mission-de-travail-dans-la-region-de-maradi#primaryimage\"},\"image\":{\"@id\":\"https:\/\/www.africa-press.net\/niger\/economie\/la-commission-finance-et-budget-de-lassemblee-nationale-en-mission-de-travail-dans-la-region-de-maradi#primaryimage\"},\"thumbnailUrl\":\"https:\/\/static.africa-press.net\/niger\/sites\/40\/2021\/08\/img-612b70e156124.jpg\",\"datePublished\":\"2021-08-29T11:50:14+00:00\",\"dateModified\":\"2021-08-29T19:11:28+00:00\",\"author\":{\"@id\":\"https:\/\/www.africa-press.net\/niger\/#\/schema\/person\/2b1cf3cd81a31e3cd26889ca66d677f1\"},\"breadcrumb\":{\"@id\":\"https:\/\/www.africa-press.net\/niger\/economie\/la-commission-finance-et-budget-de-lassemblee-nationale-en-mission-de-travail-dans-la-region-de-maradi#breadcrumb\"},\"inLanguage\":\"fr-FR\",\"potentialAction\":[{\"@type\":\"ReadAction\",\"target\":[\"https:\/\/www.africa-press.net\/niger\/economie\/la-commission-finance-et-budget-de-lassemblee-nationale-en-mission-de-travail-dans-la-region-de-maradi\"]}]},{\"@type\":\"ImageObject\",\"inLanguage\":\"fr-FR\",\"@id\":\"https:\/\/www.africa-press.net\/niger\/economie\/la-commission-finance-et-budget-de-lassemblee-nationale-en-mission-de-travail-dans-la-region-de-maradi#primaryimage\",\"url\":\"https:\/\/static.africa-press.net\/niger\/sites\/40\/2021\/08\/img-612b70e156124.jpg\",\"contentUrl\":\"https:\/\/static.africa-press.net\/niger\/sites\/40\/2021\/08\/img-612b70e156124.jpg\",\"width\":1920,\"height\":1381,\"caption\":\"La commission finance et budget de l\u2019Assembl\u00e9e Nationale en mission de travail dans la r\u00e9gion de Maradi\"},{\"@type\":\"BreadcrumbList\",\"@id\":\"https:\/\/www.africa-press.net\/niger\/economie\/la-commission-finance-et-budget-de-lassemblee-nationale-en-mission-de-travail-dans-la-region-de-maradi#breadcrumb\",\"itemListElement\":[{\"@type\":\"ListItem\",\"position\":1,\"name\":\"Accueil\",\"item\":\"https:\/\/www.africa-press.net\/niger\/\"},{\"@type\":\"ListItem\",\"position\":2,\"name\":\"La commission finance et budget de l\u2019Assembl\u00e9e Nationale en mission de travail dans la r\u00e9gion de Maradi\"}]},{\"@type\":\"WebSite\",\"@id\":\"https:\/\/www.africa-press.net\/niger\/#website\",\"url\":\"https:\/\/www.africa-press.net\/niger\/\",\"name\":\"niger\",\"description\":\"Just another Africa News Agency Sites site\",\"potentialAction\":[{\"@type\":\"SearchAction\",\"target\":{\"@type\":\"EntryPoint\",\"urlTemplate\":\"https:\/\/www.africa-press.net\/niger\/?s={search_term_string}\"},\"query-input\":{\"@type\":\"PropertyValueSpecification\",\"valueRequired\":true,\"valueName\":\"search_term_string\"}}],\"inLanguage\":\"fr-FR\"},{\"@type\":\"Person\",\"@id\":\"https:\/\/www.africa-press.net\/niger\/#\/schema\/person\/2b1cf3cd81a31e3cd26889ca66d677f1\",\"name\":\"cfeditorfr\"}]}<\/script>\n<!-- \/ Yoast SEO Premium plugin. -->","yoast_head_json":{"title":"La commission finance et budget de l\u2019Assembl\u00e9e Nationale en mission de travail dans la r\u00e9gion de Maradi - niger","robots":{"index":"index","follow":"follow","max-snippet":"max-snippet:-1","max-image-preview":"max-image-preview:large","max-video-preview":"max-video-preview:-1"},"canonical":"https:\/\/www.africa-press.net\/niger\/economie\/la-commission-finance-et-budget-de-lassemblee-nationale-en-mission-de-travail-dans-la-region-de-maradi","og_locale":"fr_FR","og_type":"article","og_title":"La commission finance et budget de l\u2019Assembl\u00e9e Nationale en mission de travail dans la r\u00e9gion de Maradi","og_description":"Africa-Press &#8211; Niger. Une Mission parlementaire compos\u00e9e des d\u00e9put\u00e9s membres de la commission finance et budget de l\u2019Assembl\u00e9e Nationale de notre pays a s\u00e9journ\u00e9, dans le cadre d&rsquo;une mission de travail, du 22 au 27 Ao\u00fbt 2021 dans la r\u00e9gion de Maradi. Conduite par le premier vice-pr\u00e9sident de l\u2019 l\u2019Assembl\u00e9e Nationale, Kalla Hakouraou, cette mission [&hellip;]","og_url":"https:\/\/www.africa-press.net\/niger\/economie\/la-commission-finance-et-budget-de-lassemblee-nationale-en-mission-de-travail-dans-la-region-de-maradi","og_site_name":"niger","article_published_time":"2021-08-29T11:50:14+00:00","article_modified_time":"2021-08-29T19:11:28+00:00","og_image":[{"width":1920,"height":1381,"url":"https:\/\/static.africa-press.net\/niger\/sites\/40\/2021\/08\/img-612b70e156124.jpg","type":"image\/jpeg"}],"author":"cfeditorfr","twitter_card":"summary_large_image","twitter_misc":{"\u00c9crit par":"cfeditorfr","Dur\u00e9e de lecture estim\u00e9e":"3 minutes"},"schema":{"@context":"https:\/\/schema.org","@graph":[{"@type":"Article","@id":"https:\/\/www.africa-press.net\/niger\/economie\/la-commission-finance-et-budget-de-lassemblee-nationale-en-mission-de-travail-dans-la-region-de-maradi#article","isPartOf":{"@id":"https:\/\/www.africa-press.net\/niger\/economie\/la-commission-finance-et-budget-de-lassemblee-nationale-en-mission-de-travail-dans-la-region-de-maradi"},"author":{"name":"cfeditorfr","@id":"https:\/\/www.africa-press.net\/niger\/#\/schema\/person\/2b1cf3cd81a31e3cd26889ca66d677f1"},"headline":"La commission finance et budget de l\u2019Assembl\u00e9e Nationale en mission de travail dans la r\u00e9gion de Maradi","datePublished":"2021-08-29T11:50:14+00:00","dateModified":"2021-08-29T19:11:28+00:00","mainEntityOfPage":{"@id":"https:\/\/www.africa-press.net\/niger\/economie\/la-commission-finance-et-budget-de-lassemblee-nationale-en-mission-de-travail-dans-la-region-de-maradi"},"wordCount":591,"commentCount":0,"image":{"@id":"https:\/\/www.africa-press.net\/niger\/economie\/la-commission-finance-et-budget-de-lassemblee-nationale-en-mission-de-travail-dans-la-region-de-maradi#primaryimage"},"thumbnailUrl":"https:\/\/static.africa-press.net\/niger\/sites\/40\/2021\/08\/img-612b70e156124.jpg","keywords":["Africa Press","Africa Press-Niger","Niger"],"articleSection":["\u00c9conomie","homepage-french","Toutes les actualit\u00e9s"],"inLanguage":"fr-FR","potentialAction":[{"@type":"CommentAction","name":"Comment","target":["https:\/\/www.africa-press.net\/niger\/economie\/la-commission-finance-et-budget-de-lassemblee-nationale-en-mission-de-travail-dans-la-region-de-maradi#respond"]}]},{"@type":"WebPage","@id":"https:\/\/www.africa-press.net\/niger\/economie\/la-commission-finance-et-budget-de-lassemblee-nationale-en-mission-de-travail-dans-la-region-de-maradi","url":"https:\/\/www.africa-press.net\/niger\/economie\/la-commission-finance-et-budget-de-lassemblee-nationale-en-mission-de-travail-dans-la-region-de-maradi","name":"La commission finance et budget de l\u2019Assembl\u00e9e Nationale en mission de travail dans la r\u00e9gion de Maradi - niger","isPartOf":{"@id":"https:\/\/www.africa-press.net\/niger\/#website"},"primaryImageOfPage":{"@id":"https:\/\/www.africa-press.net\/niger\/economie\/la-commission-finance-et-budget-de-lassemblee-nationale-en-mission-de-travail-dans-la-region-de-maradi#primaryimage"},"image":{"@id":"https:\/\/www.africa-press.net\/niger\/economie\/la-commission-finance-et-budget-de-lassemblee-nationale-en-mission-de-travail-dans-la-region-de-maradi#primaryimage"},"thumbnailUrl":"https:\/\/static.africa-press.net\/niger\/sites\/40\/2021\/08\/img-612b70e156124.jpg","datePublished":"2021-08-29T11:50:14+00:00","dateModified":"2021-08-29T19:11:28+00:00","author":{"@id":"https:\/\/www.africa-press.net\/niger\/#\/schema\/person\/2b1cf3cd81a31e3cd26889ca66d677f1"},"breadcrumb":{"@id":"https:\/\/www.africa-press.net\/niger\/economie\/la-commission-finance-et-budget-de-lassemblee-nationale-en-mission-de-travail-dans-la-region-de-maradi#breadcrumb"},"inLanguage":"fr-FR","potentialAction":[{"@type":"ReadAction","target":["https:\/\/www.africa-press.net\/niger\/economie\/la-commission-finance-et-budget-de-lassemblee-nationale-en-mission-de-travail-dans-la-region-de-maradi"]}]},{"@type":"ImageObject","inLanguage":"fr-FR","@id":"https:\/\/www.africa-press.net\/niger\/economie\/la-commission-finance-et-budget-de-lassemblee-nationale-en-mission-de-travail-dans-la-region-de-maradi#primaryimage","url":"https:\/\/static.africa-press.net\/niger\/sites\/40\/2021\/08\/img-612b70e156124.jpg","contentUrl":"https:\/\/static.africa-press.net\/niger\/sites\/40\/2021\/08\/img-612b70e156124.jpg","width":1920,"height":1381,"caption":"La commission finance et budget de l\u2019Assembl\u00e9e Nationale en mission de travail dans la r\u00e9gion de Maradi"},{"@type":"BreadcrumbList","@id":"https:\/\/www.africa-press.net\/niger\/economie\/la-commission-finance-et-budget-de-lassemblee-nationale-en-mission-de-travail-dans-la-region-de-maradi#breadcrumb","itemListElement":[{"@type":"ListItem","position":1,"name":"Accueil","item":"https:\/\/www.africa-press.net\/niger\/"},{"@type":"ListItem","position":2,"name":"La commission finance et budget de l\u2019Assembl\u00e9e Nationale en mission de travail dans la r\u00e9gion de Maradi"}]},{"@type":"WebSite","@id":"https:\/\/www.africa-press.net\/niger\/#website","url":"https:\/\/www.africa-press.net\/niger\/","name":"niger","description":"Just another Africa News Agency Sites site","potentialAction":[{"@type":"SearchAction","target":{"@type":"EntryPoint","urlTemplate":"https:\/\/www.africa-press.net\/niger\/?s={search_term_string}"},"query-input":{"@type":"PropertyValueSpecification","valueRequired":true,"valueName":"search_term_string"}}],"inLanguage":"fr-FR"},{"@type":"Person","@id":"https:\/\/www.africa-press.net\/niger\/#\/schema\/person\/2b1cf3cd81a31e3cd26889ca66d677f1","name":"cfeditorfr"}]}},"_links":{"self":[{"href":"https:\/\/www.africa-press.net\/niger\/wp-json\/wp\/v2\/posts\/10823","targetHints":{"allow":["GET"]}}],"collection":[{"href":"https:\/\/www.africa-press.net\/niger\/wp-json\/wp\/v2\/posts"}],"about":[{"href":"https:\/\/www.africa-press.net\/niger\/wp-json\/wp\/v2\/types\/post"}],"author":[{"embeddable":true,"href":"https:\/\/www.africa-press.net\/niger\/wp-json\/wp\/v2\/users\/82"}],"replies":[{"embeddable":true,"href":"https:\/\/www.africa-press.net\/niger\/wp-json\/wp\/v2\/comments?post=10823"}],"version-history":[{"count":0,"href":"https:\/\/www.africa-press.net\/niger\/wp-json\/wp\/v2\/posts\/10823\/revisions"}],"wp:featuredmedia":[{"embeddable":true,"href":"https:\/\/www.africa-press.net\/niger\/wp-json\/wp\/v2\/media\/10822"}],"wp:attachment":[{"href":"https:\/\/www.africa-press.net\/niger\/wp-json\/wp\/v2\/media?parent=10823"}],"wp:term":[{"taxonomy":"category","embeddable":true,"href":"https:\/\/www.africa-press.net\/niger\/wp-json\/wp\/v2\/categories?post=10823"},{"taxonomy":"post_tag","embeddable":true,"href":"https:\/\/www.africa-press.net\/niger\/wp-json\/wp\/v2\/tags?post=10823"}],"curies":[{"name":"wp","href":"https:\/\/api.w.org\/{rel}","templated":true}]}}