{"id":10878,"date":"2021-08-30T15:39:12","date_gmt":"2021-08-30T15:39:12","guid":{"rendered":"https:\/\/www.africa-press.net\/niger\/?p=10878"},"modified":"2021-08-31T17:51:10","modified_gmt":"2021-08-31T17:51:10","slug":"securite-sociale-examen-des-dossiers-de-la-cipres","status":"publish","type":"post","link":"https:\/\/www.africa-press.net\/niger\/economie\/securite-sociale-examen-des-dossiers-de-la-cipres","title":{"rendered":"S\u00e9curit\u00e9 sociale : examen des  dossiers de la Cipres"},"content":{"rendered":"<p><span style=\"color: #ff6600\"><strong><a href=\"https:\/\/www.africa-press.net\/\">Africa-Press<\/a> &#8211; <a href=\"https:\/\/www.africa-press.net\/niger\">Niger<\/a>. <\/strong><\/span><b>Les ministres des Caisses africaines de s\u00e9curit\u00e9 sociale, r\u00e9unis par visioconf\u00e9rence, ont examin\u00e9 le 29 juillet les documents de l\u2019organisation de contr\u00f4le et d\u2019appui technique aux caisses lors de la 30e session du conseil de la Conf\u00e9rence interafricaine de la pr\u00e9voyance sociale (Cipres) organis\u00e9e au B\u00e9nin.<\/b><\/p>\n<p>Le ministre d\u2019Etat, de la Fonction publique, du Travail et de la S\u00e9curit\u00e9 sociale, Firmin Ayessa, a pris part \u00e0 la 30e session ordinaire du conseil des ministres de tutelle de la pr\u00e9voyance sociale. Elle s\u2019inscrit dans le cadre de la mutualisation des forces, des connaissances ou des traditions ayant en charge des organismes de pr\u00e9voyance sociale.<\/p>\n<p>A cette occasion, les ministres en charge des caisses de s\u00e9curit\u00e9 sociale ont examin\u00e9, \u00e0 huis clos, les documents propos\u00e9s par les experts, \u00e0 savoir les projets de d\u00e9cisions, de r\u00e8glements, de directives et profondes r\u00e9formes susceptibles de rendre les institutions de s\u00e9curit\u00e9 sociale plus efficientes dans l\u2019exercice de leurs missions.<\/p>\n<p>En rappel, la Cipres compte dix-sept Etats membres : le B\u00e9nin, le Burkina Faso, le Cameroun, le Congo, le Gabon, Madagascar, le Mali, le Niger, la Guin\u00e9e- Bissau, la Guin\u00e9e \u00e9quatoriale, la R\u00e9publique centrafricaine, la C\u00f4te d\u2019Ivoire, la R\u00e9publique d\u00e9mocratique du Congo, le Togo, l&rsquo;Union des comores, le Tchad, le S\u00e9n\u00e9gal.<\/p>\n<p>Les objectifs de la Conf\u00e9rence interafricaine de la pr\u00e9voyance sociale sont, entre autres, de fixer les r\u00e8gles communes de gestion ; instituer un contr\u00f4le de gestion des organismes de pr\u00e9voyance sociale en vue de rationaliser leur fonctionnement pour mieux garantir les int\u00e9r\u00eats des assur\u00e9s sociaux y compris ceux des travailleurs migrants ; r\u00e9aliser des \u00e9tudes et \u00e9laborer des propositions tendant \u00e0 l\u2019harmonisation des dispositions l\u00e9gislatives et r\u00e8glementaires applicables aux organismes et aux r\u00e9gimes de pr\u00e9voyance sociale .<\/p>\n<p>Le conseil des ministres est le principal organe statutaire de la Cipres. Il se r\u00e9unit deux fois par an en session ordinaire.<\/p>\n\r\n                <style type=\"text\/css\">\r\n                    \r\n                    #td_uid_1_69f000f91daa5  .td-doubleSlider-2 .td-item1 {\r\n                        background: url(https:\/\/static.africa-press.net\/niger\/sites\/40\/2021\/08\/img-612cfa5badf74-80x60.jpg) 0 0 no-repeat;\r\n                    }\r\n                <\/style>\r\n\r\n                <div id=\"td_uid_1_69f000f91daa5\" class=\"td-gallery td-slide-on-2-columns\">\r\n                    <div class=\"post_td_gallery\">\r\n                        <div class=\"td-gallery-slide-top\">\r\n                           <div class=\"td-gallery-title\"><\/div>\r\n\r\n                            <div class=\"td-gallery-controls-wrapper\">\r\n                                <div class=\"td-gallery-slide-count\"><span class=\"td-gallery-slide-item-focus\">1<\/span> de 2<\/div>\r\n                                <div class=\"td-gallery-slide-prev-next-but\">\r\n                                    <i class = \"td-icon-left doubleSliderPrevButton\"><\/i>\r\n                                    <i class = \"td-icon-right doubleSliderNextButton\"><\/i>\r\n                                <\/div>\r\n                            <\/div>\r\n                        <\/div>\r\n\r\n                        <div class = \"td-doubleSlider-1 \">\r\n                            <div class = \"td-slider\">\r\n                                \r\n                    <div class = \"td-slide-item td-item1\">\r\n                        <figure class=\"td-slide-galery-figure td-slide-popup-gallery\">\r\n                            <a class=\"slide-gallery-image-link\" href=\"https:\/\/static.africa-press.net\/niger\/sites\/40\/2021\/08\/img-612cfa5badf74.jpg\" title=\"img-612cfa5badf74\"  data-caption=\"\"  data-description=\"\">\r\n                                <img decoding=\"async\" src=\"https:\/\/static.africa-press.net\/niger\/sites\/40\/2021\/08\/img-612cfa5badf74.jpg\" srcset=\"https:\/\/static.africa-press.net\/niger\/sites\/40\/2021\/08\/img-612cfa5badf74.jpg 1352w, https:\/\/static.africa-press.net\/niger\/sites\/40\/2021\/08\/img-612cfa5badf74-300x170.jpg 300w, https:\/\/static.africa-press.net\/niger\/sites\/40\/2021\/08\/img-612cfa5badf74-1024x582.jpg 1024w, https:\/\/static.africa-press.net\/niger\/sites\/40\/2021\/08\/img-612cfa5badf74-768x436.jpg 768w\" sizes=\"(max-width: 1352px) 100vw, 1352px\" alt=\"\">\r\n                            <\/a>\r\n                            \r\n                        <\/figure>\r\n                    <\/div>\r\n                            <\/div>\r\n                        <\/div>\r\n\r\n                        <div class = \"td-doubleSlider-2\">\r\n                            <div class = \"td-slider\">\r\n                                \r\n                    <div class = \"td-button td-item1\">\r\n                        <div class = \"td-border\"><\/div>\r\n                    <\/div>\r\n                            <\/div>\r\n                        <\/div>\r\n\r\n                    <\/div>\r\n\r\n                <\/div>\r\n                \n","protected":false},"excerpt":{"rendered":"<p>Africa-Press &#8211; Niger. Les ministres des Caisses africaines de s\u00e9curit\u00e9 sociale, r\u00e9unis par visioconf\u00e9rence, ont examin\u00e9 le 29 juillet les documents de l\u2019organisation de contr\u00f4le et d\u2019appui technique aux caisses lors de la 30e session du conseil de la Conf\u00e9rence interafricaine de la pr\u00e9voyance sociale (Cipres) organis\u00e9e au B\u00e9nin. Le ministre d\u2019Etat, de la Fonction [&hellip;]<\/p>\n","protected":false},"author":82,"featured_media":10877,"comment_status":"open","ping_status":"closed","sticky":false,"template":"","format":"standard","meta":{"footnotes":""},"categories":[3,11,8,10],"tags":[55,60,29],"class_list":["post-10878","post","type-post","status-publish","format-standard","has-post-thumbnail","hentry","category-economie","category-homepage-french","category-photo","category-toutes-les-actualites","tag-africa-press","tag-africa-press-niger","tag-niger"],"yoast_head":"<!-- This site is optimized with the Yoast SEO Premium plugin v26.1 (Yoast SEO v27.0) - https:\/\/yoast.com\/product\/yoast-seo-premium-wordpress\/ -->\n<title>S\u00e9curit\u00e9 sociale : examen des dossiers de la Cipres - niger<\/title>\n<meta name=\"description\" content=\"Les ministres des Caisses africaines de s\u00e9curit\u00e9 sociale, r\u00e9unis par visioconf\u00e9rence, ont examin\u00e9 le 29 juillet les d ...\" \/>\n<meta name=\"robots\" content=\"index, follow, max-snippet:-1, max-image-preview:large, max-video-preview:-1\" \/>\n<link rel=\"canonical\" href=\"https:\/\/www.africa-press.net\/niger\/economie\/securite-sociale-examen-des-dossiers-de-la-cipres\" \/>\n<meta property=\"og:locale\" content=\"fr_FR\" \/>\n<meta property=\"og:type\" content=\"article\" \/>\n<meta property=\"og:title\" content=\"S\u00e9curit\u00e9 sociale : examen des dossiers de la Cipres\" \/>\n<meta property=\"og:description\" content=\"Les ministres des Caisses africaines de s\u00e9curit\u00e9 sociale, r\u00e9unis par visioconf\u00e9rence, ont examin\u00e9 le 29 juillet les d ...\" \/>\n<meta property=\"og:url\" content=\"https:\/\/www.africa-press.net\/niger\/economie\/securite-sociale-examen-des-dossiers-de-la-cipres\" \/>\n<meta property=\"og:site_name\" content=\"niger\" \/>\n<meta property=\"article:published_time\" content=\"2021-08-30T15:39:12+00:00\" \/>\n<meta property=\"article:modified_time\" content=\"2021-08-31T17:51:10+00:00\" \/>\n<meta property=\"og:image\" content=\"https:\/\/static.africa-press.net\/niger\/sites\/40\/2021\/08\/img-612cfa66b0472.jpg\" \/>\n\t<meta property=\"og:image:width\" content=\"1352\" \/>\n\t<meta property=\"og:image:height\" content=\"768\" \/>\n\t<meta property=\"og:image:type\" content=\"image\/jpeg\" \/>\n<meta name=\"author\" content=\"cfeditorfr\" \/>\n<meta name=\"twitter:card\" content=\"summary_large_image\" \/>\n<meta name=\"twitter:label1\" content=\"\u00c9crit par\" \/>\n\t<meta name=\"twitter:data1\" content=\"cfeditorfr\" \/>\n\t<meta name=\"twitter:label2\" content=\"Dur\u00e9e de lecture estim\u00e9e\" \/>\n\t<meta name=\"twitter:data2\" content=\"2 minutes\" \/>\n<script type=\"application\/ld+json\" class=\"yoast-schema-graph\">{\"@context\":\"https:\/\/schema.org\",\"@graph\":[{\"@type\":\"Article\",\"@id\":\"https:\/\/www.africa-press.net\/niger\/economie\/securite-sociale-examen-des-dossiers-de-la-cipres#article\",\"isPartOf\":{\"@id\":\"https:\/\/www.africa-press.net\/niger\/economie\/securite-sociale-examen-des-dossiers-de-la-cipres\"},\"author\":{\"name\":\"cfeditorfr\",\"@id\":\"https:\/\/www.africa-press.net\/niger\/#\/schema\/person\/2b1cf3cd81a31e3cd26889ca66d677f1\"},\"headline\":\"S\u00e9curit\u00e9 sociale : examen des dossiers de la Cipres\",\"datePublished\":\"2021-08-30T15:39:12+00:00\",\"dateModified\":\"2021-08-31T17:51:10+00:00\",\"mainEntityOfPage\":{\"@id\":\"https:\/\/www.africa-press.net\/niger\/economie\/securite-sociale-examen-des-dossiers-de-la-cipres\"},\"wordCount\":365,\"commentCount\":0,\"image\":{\"@id\":\"https:\/\/www.africa-press.net\/niger\/economie\/securite-sociale-examen-des-dossiers-de-la-cipres#primaryimage\"},\"thumbnailUrl\":\"https:\/\/static.africa-press.net\/niger\/sites\/40\/2021\/08\/img-612cfa66b0472.jpg\",\"keywords\":[\"Africa Press\",\"Africa Press-Niger\",\"Niger\"],\"articleSection\":[\"\u00c9conomie\",\"homepage-french\",\"Photo\",\"Toutes les actualit\u00e9s\"],\"inLanguage\":\"fr-FR\",\"potentialAction\":[{\"@type\":\"CommentAction\",\"name\":\"Comment\",\"target\":[\"https:\/\/www.africa-press.net\/niger\/economie\/securite-sociale-examen-des-dossiers-de-la-cipres#respond\"]}]},{\"@type\":\"WebPage\",\"@id\":\"https:\/\/www.africa-press.net\/niger\/economie\/securite-sociale-examen-des-dossiers-de-la-cipres\",\"url\":\"https:\/\/www.africa-press.net\/niger\/economie\/securite-sociale-examen-des-dossiers-de-la-cipres\",\"name\":\"S\u00e9curit\u00e9 sociale : examen des dossiers de la Cipres - niger\",\"isPartOf\":{\"@id\":\"https:\/\/www.africa-press.net\/niger\/#website\"},\"primaryImageOfPage\":{\"@id\":\"https:\/\/www.africa-press.net\/niger\/economie\/securite-sociale-examen-des-dossiers-de-la-cipres#primaryimage\"},\"image\":{\"@id\":\"https:\/\/www.africa-press.net\/niger\/economie\/securite-sociale-examen-des-dossiers-de-la-cipres#primaryimage\"},\"thumbnailUrl\":\"https:\/\/static.africa-press.net\/niger\/sites\/40\/2021\/08\/img-612cfa66b0472.jpg\",\"datePublished\":\"2021-08-30T15:39:12+00:00\",\"dateModified\":\"2021-08-31T17:51:10+00:00\",\"author\":{\"@id\":\"https:\/\/www.africa-press.net\/niger\/#\/schema\/person\/2b1cf3cd81a31e3cd26889ca66d677f1\"},\"description\":\"Les ministres des Caisses africaines de s\u00e9curit\u00e9 sociale, r\u00e9unis par visioconf\u00e9rence, ont examin\u00e9 le 29 juillet les d ...\",\"breadcrumb\":{\"@id\":\"https:\/\/www.africa-press.net\/niger\/economie\/securite-sociale-examen-des-dossiers-de-la-cipres#breadcrumb\"},\"inLanguage\":\"fr-FR\",\"potentialAction\":[{\"@type\":\"ReadAction\",\"target\":[\"https:\/\/www.africa-press.net\/niger\/economie\/securite-sociale-examen-des-dossiers-de-la-cipres\"]}]},{\"@type\":\"ImageObject\",\"inLanguage\":\"fr-FR\",\"@id\":\"https:\/\/www.africa-press.net\/niger\/economie\/securite-sociale-examen-des-dossiers-de-la-cipres#primaryimage\",\"url\":\"https:\/\/static.africa-press.net\/niger\/sites\/40\/2021\/08\/img-612cfa66b0472.jpg\",\"contentUrl\":\"https:\/\/static.africa-press.net\/niger\/sites\/40\/2021\/08\/img-612cfa66b0472.jpg\",\"width\":1352,\"height\":768,\"caption\":\"S\u00e9curit\u00e9 sociale : examen des dossiers de la Cipres\"},{\"@type\":\"BreadcrumbList\",\"@id\":\"https:\/\/www.africa-press.net\/niger\/economie\/securite-sociale-examen-des-dossiers-de-la-cipres#breadcrumb\",\"itemListElement\":[{\"@type\":\"ListItem\",\"position\":1,\"name\":\"Accueil\",\"item\":\"https:\/\/www.africa-press.net\/niger\/\"},{\"@type\":\"ListItem\",\"position\":2,\"name\":\"S\u00e9curit\u00e9 sociale : examen des dossiers de la Cipres\"}]},{\"@type\":\"WebSite\",\"@id\":\"https:\/\/www.africa-press.net\/niger\/#website\",\"url\":\"https:\/\/www.africa-press.net\/niger\/\",\"name\":\"niger\",\"description\":\"Just another Africa News Agency Sites site\",\"potentialAction\":[{\"@type\":\"SearchAction\",\"target\":{\"@type\":\"EntryPoint\",\"urlTemplate\":\"https:\/\/www.africa-press.net\/niger\/?s={search_term_string}\"},\"query-input\":{\"@type\":\"PropertyValueSpecification\",\"valueRequired\":true,\"valueName\":\"search_term_string\"}}],\"inLanguage\":\"fr-FR\"},{\"@type\":\"Person\",\"@id\":\"https:\/\/www.africa-press.net\/niger\/#\/schema\/person\/2b1cf3cd81a31e3cd26889ca66d677f1\",\"name\":\"cfeditorfr\"}]}<\/script>\n<!-- \/ Yoast SEO Premium plugin. -->","yoast_head_json":{"title":"S\u00e9curit\u00e9 sociale : examen des dossiers de la Cipres - niger","description":"Les ministres des Caisses africaines de s\u00e9curit\u00e9 sociale, r\u00e9unis par visioconf\u00e9rence, ont examin\u00e9 le 29 juillet les d ...","robots":{"index":"index","follow":"follow","max-snippet":"max-snippet:-1","max-image-preview":"max-image-preview:large","max-video-preview":"max-video-preview:-1"},"canonical":"https:\/\/www.africa-press.net\/niger\/economie\/securite-sociale-examen-des-dossiers-de-la-cipres","og_locale":"fr_FR","og_type":"article","og_title":"S\u00e9curit\u00e9 sociale : examen des dossiers de la Cipres","og_description":"Les ministres des Caisses africaines de s\u00e9curit\u00e9 sociale, r\u00e9unis par visioconf\u00e9rence, ont examin\u00e9 le 29 juillet les d ...","og_url":"https:\/\/www.africa-press.net\/niger\/economie\/securite-sociale-examen-des-dossiers-de-la-cipres","og_site_name":"niger","article_published_time":"2021-08-30T15:39:12+00:00","article_modified_time":"2021-08-31T17:51:10+00:00","og_image":[{"width":1352,"height":768,"url":"https:\/\/static.africa-press.net\/niger\/sites\/40\/2021\/08\/img-612cfa66b0472.jpg","type":"image\/jpeg"}],"author":"cfeditorfr","twitter_card":"summary_large_image","twitter_misc":{"\u00c9crit par":"cfeditorfr","Dur\u00e9e de lecture estim\u00e9e":"2 minutes"},"schema":{"@context":"https:\/\/schema.org","@graph":[{"@type":"Article","@id":"https:\/\/www.africa-press.net\/niger\/economie\/securite-sociale-examen-des-dossiers-de-la-cipres#article","isPartOf":{"@id":"https:\/\/www.africa-press.net\/niger\/economie\/securite-sociale-examen-des-dossiers-de-la-cipres"},"author":{"name":"cfeditorfr","@id":"https:\/\/www.africa-press.net\/niger\/#\/schema\/person\/2b1cf3cd81a31e3cd26889ca66d677f1"},"headline":"S\u00e9curit\u00e9 sociale : examen des dossiers de la Cipres","datePublished":"2021-08-30T15:39:12+00:00","dateModified":"2021-08-31T17:51:10+00:00","mainEntityOfPage":{"@id":"https:\/\/www.africa-press.net\/niger\/economie\/securite-sociale-examen-des-dossiers-de-la-cipres"},"wordCount":365,"commentCount":0,"image":{"@id":"https:\/\/www.africa-press.net\/niger\/economie\/securite-sociale-examen-des-dossiers-de-la-cipres#primaryimage"},"thumbnailUrl":"https:\/\/static.africa-press.net\/niger\/sites\/40\/2021\/08\/img-612cfa66b0472.jpg","keywords":["Africa Press","Africa Press-Niger","Niger"],"articleSection":["\u00c9conomie","homepage-french","Photo","Toutes les actualit\u00e9s"],"inLanguage":"fr-FR","potentialAction":[{"@type":"CommentAction","name":"Comment","target":["https:\/\/www.africa-press.net\/niger\/economie\/securite-sociale-examen-des-dossiers-de-la-cipres#respond"]}]},{"@type":"WebPage","@id":"https:\/\/www.africa-press.net\/niger\/economie\/securite-sociale-examen-des-dossiers-de-la-cipres","url":"https:\/\/www.africa-press.net\/niger\/economie\/securite-sociale-examen-des-dossiers-de-la-cipres","name":"S\u00e9curit\u00e9 sociale : examen des dossiers de la Cipres - niger","isPartOf":{"@id":"https:\/\/www.africa-press.net\/niger\/#website"},"primaryImageOfPage":{"@id":"https:\/\/www.africa-press.net\/niger\/economie\/securite-sociale-examen-des-dossiers-de-la-cipres#primaryimage"},"image":{"@id":"https:\/\/www.africa-press.net\/niger\/economie\/securite-sociale-examen-des-dossiers-de-la-cipres#primaryimage"},"thumbnailUrl":"https:\/\/static.africa-press.net\/niger\/sites\/40\/2021\/08\/img-612cfa66b0472.jpg","datePublished":"2021-08-30T15:39:12+00:00","dateModified":"2021-08-31T17:51:10+00:00","author":{"@id":"https:\/\/www.africa-press.net\/niger\/#\/schema\/person\/2b1cf3cd81a31e3cd26889ca66d677f1"},"description":"Les ministres des Caisses africaines de s\u00e9curit\u00e9 sociale, r\u00e9unis par visioconf\u00e9rence, ont examin\u00e9 le 29 juillet les d ...","breadcrumb":{"@id":"https:\/\/www.africa-press.net\/niger\/economie\/securite-sociale-examen-des-dossiers-de-la-cipres#breadcrumb"},"inLanguage":"fr-FR","potentialAction":[{"@type":"ReadAction","target":["https:\/\/www.africa-press.net\/niger\/economie\/securite-sociale-examen-des-dossiers-de-la-cipres"]}]},{"@type":"ImageObject","inLanguage":"fr-FR","@id":"https:\/\/www.africa-press.net\/niger\/economie\/securite-sociale-examen-des-dossiers-de-la-cipres#primaryimage","url":"https:\/\/static.africa-press.net\/niger\/sites\/40\/2021\/08\/img-612cfa66b0472.jpg","contentUrl":"https:\/\/static.africa-press.net\/niger\/sites\/40\/2021\/08\/img-612cfa66b0472.jpg","width":1352,"height":768,"caption":"S\u00e9curit\u00e9 sociale : examen des dossiers de la Cipres"},{"@type":"BreadcrumbList","@id":"https:\/\/www.africa-press.net\/niger\/economie\/securite-sociale-examen-des-dossiers-de-la-cipres#breadcrumb","itemListElement":[{"@type":"ListItem","position":1,"name":"Accueil","item":"https:\/\/www.africa-press.net\/niger\/"},{"@type":"ListItem","position":2,"name":"S\u00e9curit\u00e9 sociale : examen des dossiers de la Cipres"}]},{"@type":"WebSite","@id":"https:\/\/www.africa-press.net\/niger\/#website","url":"https:\/\/www.africa-press.net\/niger\/","name":"niger","description":"Just another Africa News Agency Sites site","potentialAction":[{"@type":"SearchAction","target":{"@type":"EntryPoint","urlTemplate":"https:\/\/www.africa-press.net\/niger\/?s={search_term_string}"},"query-input":{"@type":"PropertyValueSpecification","valueRequired":true,"valueName":"search_term_string"}}],"inLanguage":"fr-FR"},{"@type":"Person","@id":"https:\/\/www.africa-press.net\/niger\/#\/schema\/person\/2b1cf3cd81a31e3cd26889ca66d677f1","name":"cfeditorfr"}]}},"_links":{"self":[{"href":"https:\/\/www.africa-press.net\/niger\/wp-json\/wp\/v2\/posts\/10878","targetHints":{"allow":["GET"]}}],"collection":[{"href":"https:\/\/www.africa-press.net\/niger\/wp-json\/wp\/v2\/posts"}],"about":[{"href":"https:\/\/www.africa-press.net\/niger\/wp-json\/wp\/v2\/types\/post"}],"author":[{"embeddable":true,"href":"https:\/\/www.africa-press.net\/niger\/wp-json\/wp\/v2\/users\/82"}],"replies":[{"embeddable":true,"href":"https:\/\/www.africa-press.net\/niger\/wp-json\/wp\/v2\/comments?post=10878"}],"version-history":[{"count":0,"href":"https:\/\/www.africa-press.net\/niger\/wp-json\/wp\/v2\/posts\/10878\/revisions"}],"wp:featuredmedia":[{"embeddable":true,"href":"https:\/\/www.africa-press.net\/niger\/wp-json\/wp\/v2\/media\/10877"}],"wp:attachment":[{"href":"https:\/\/www.africa-press.net\/niger\/wp-json\/wp\/v2\/media?parent=10878"}],"wp:term":[{"taxonomy":"category","embeddable":true,"href":"https:\/\/www.africa-press.net\/niger\/wp-json\/wp\/v2\/categories?post=10878"},{"taxonomy":"post_tag","embeddable":true,"href":"https:\/\/www.africa-press.net\/niger\/wp-json\/wp\/v2\/tags?post=10878"}],"curies":[{"name":"wp","href":"https:\/\/api.w.org\/{rel}","templated":true}]}}