{"id":10896,"date":"2021-08-30T16:25:34","date_gmt":"2021-08-30T16:25:34","guid":{"rendered":"https:\/\/www.africa-press.net\/niger\/?p=10896"},"modified":"2021-08-31T17:52:04","modified_gmt":"2021-08-31T17:52:04","slug":"le-secretaire-general-de-la-zlecaf-fait-le-point-des-negociations-au-premier-ministre-nigerien","status":"publish","type":"post","link":"https:\/\/www.africa-press.net\/niger\/politique\/le-secretaire-general-de-la-zlecaf-fait-le-point-des-negociations-au-premier-ministre-nigerien","title":{"rendered":"Le Secr\u00e9taire G\u00e9n\u00e9ral de la ZLECAf fait le point des n\u00e9gociations au Premier Ministre nig\u00e9rien"},"content":{"rendered":"<p><span style=\"color: #ff6600\"><strong><a href=\"https:\/\/www.africa-press.net\/\">Africa-Press<\/a> &#8211; <a href=\"https:\/\/www.africa-press.net\/niger\">Niger<\/a>.\u00a0 <\/strong><\/span>Le Premier Ministre nig\u00e9rien Ouhoumoudou Mahamadou s\u2019est entretenu, ce lundi 30 ao\u00fbt 2021, avec le Secr\u00e9taire G\u00e9n\u00e9ral de la Zone de Libre Echange Continentale Africaine (ZLECAf), M. Wamkel\u00e9 Mene.<\/p>\n<p>A l\u2019issue de l\u2019entretien, M. Wamkel\u00e9 a indiqu\u00e9 \u00e0 la presse \u00ab avoir f\u00e9licit\u00e9 le Premier Ministre pour sa nomination, avant de lui faire un compte rendu des progr\u00e8s des travaux du Secr\u00e9tariat G\u00e9n\u00e9ral de la ZLECAf, et de l\u2019\u00e9tat des n\u00e9gociations que nous avons initi\u00e9es au sein de la ZLECAf \u00bb.<\/p>\n<p>\u00ab Je lui ai \u00e9galement fait part des succ\u00e8s que nous avons enregistr\u00e9s et des d\u00e9fis auxquels nous faisons face \u00bb, a-t-il ajout\u00e9, pr\u00e9cisant qu\u2019il a aussi sollicit\u00e9 \u00ab\u00a0l\u2019appui continu et le leadership du Niger dans cette mission\u00a0\u00bb.<\/p>\n<p>Le Secr\u00e9taire G\u00e9n\u00e9ral de la ZLECAf s\u2019est dit tr\u00e8s heureux par ce que le Premier Ministre nig\u00e9rien lui a r\u00e9affirm\u00e9, au nom du Pr\u00e9sident Mohamed Bazoum, sa disponibilit\u00e9 \u00e0 continuer \u00e0 soutenir la ZLECAf, \u00ab que le Niger continuera d\u2019apporter son appui pour aider \u00e0 d\u00e9bloquer les situations l\u00e0 o\u00f9 il le faut \u00bb pour une meilleure mise en \u0153uvre de la ZLECAf.<\/p>\n<p>La ZLECAf, note-t-on, est l\u2019un des projets phares de l\u2019Agenda 2063 de l\u2019Union Africaine. Lanc\u00e9 en janvier 2012, il a \u00e9t\u00e9 port\u00e9 jusqu\u2019\u00e0 son lancement officiel en 2019 \u00e0 Niamey et son entr\u00e9e en vigueur en janvier 2021 par l\u2019ancien Pr\u00e9sident nig\u00e9rien Issoufou Mahamadou dont il a \u00e9t\u00e9 le Champion.<\/p>\n<p>L&rsquo;accord sur ce projet pr\u00e9voit une suppression des droits de douane pour 90% des lignes tarifaires sur 5 ans pour les pays les plus d\u00e9velopp\u00e9s et sur 10 ans pour les pays les moins d\u00e9velopp\u00e9s. Les droits de douane devront \u00eatre supprim\u00e9s \u00e0 une \u00e9ch\u00e9ance ult\u00e9rieure pour 7% des lignes tarifaires.<\/p>\n<p>Avec pour objectif d&rsquo;int\u00e9grer l&rsquo;ensemble des 55 \u00c9tats membres de l&rsquo;Union Africaine au sein d\u2019un march\u00e9 commun, l\u2019accord sur la ZLECAf est sign\u00e9 par 54 des 55 Etats membres de l\u2019UA (Except\u00e9 l\u2019Erythr\u00e9e), alors que 38 Etats l\u2019ont ratifi\u00e9 et d\u00e9pos\u00e9 leurs instruments.<\/p>\n<p>Son secr\u00e9tariat g\u00e9n\u00e9ral est bas\u00e9 \u00e0 Accra au Ghana. Il est dirig\u00e9 par le Sud-africain Wamkel\u00e9 Mene.<\/p>\n<p>&nbsp;<\/p>\n","protected":false},"excerpt":{"rendered":"<p>Africa-Press &#8211; Niger.\u00a0 Le Premier Ministre nig\u00e9rien Ouhoumoudou Mahamadou s\u2019est entretenu, ce lundi 30 ao\u00fbt 2021, avec le Secr\u00e9taire G\u00e9n\u00e9ral de la Zone de Libre Echange Continentale Africaine (ZLECAf), M. Wamkel\u00e9 Mene. A l\u2019issue de l\u2019entretien, M. Wamkel\u00e9 a indiqu\u00e9 \u00e0 la presse \u00ab avoir f\u00e9licit\u00e9 le Premier Ministre pour sa nomination, avant de lui [&hellip;]<\/p>\n","protected":false},"author":82,"featured_media":10895,"comment_status":"open","ping_status":"closed","sticky":false,"template":"","format":"standard","meta":{"footnotes":""},"categories":[11,2,20,10],"tags":[55,60,29],"class_list":["post-10896","post","type-post","status-publish","format-standard","has-post-thumbnail","hentry","category-homepage-french","category-politique","category-top-nouvelles","category-toutes-les-actualites","tag-africa-press","tag-africa-press-niger","tag-niger"],"yoast_head":"<!-- This site is optimized with the Yoast SEO Premium plugin v26.1 (Yoast SEO v27.0) - https:\/\/yoast.com\/product\/yoast-seo-premium-wordpress\/ -->\n<title>Le Secr\u00e9taire G\u00e9n\u00e9ral de la ZLECAf fait le point des n\u00e9gociations au Premier Ministre nig\u00e9rien - niger<\/title>\n<meta name=\"description\" content=\", 30 ao\u00fbt (ANP) - Le Premier Ministre nig\u00e9rien Ouhoumoudou Mahamadou s\u2019est entretenu, ce lundi 30 ao\u00fbt 2021, avec le Sec ...\" \/>\n<meta name=\"robots\" content=\"index, follow, max-snippet:-1, max-image-preview:large, max-video-preview:-1\" \/>\n<link rel=\"canonical\" href=\"https:\/\/www.africa-press.net\/niger\/politique\/le-secretaire-general-de-la-zlecaf-fait-le-point-des-negociations-au-premier-ministre-nigerien\" \/>\n<meta property=\"og:locale\" content=\"fr_FR\" \/>\n<meta property=\"og:type\" content=\"article\" \/>\n<meta property=\"og:title\" content=\"Le Secr\u00e9taire G\u00e9n\u00e9ral de la ZLECAf fait le point des n\u00e9gociations au Premier Ministre nig\u00e9rien\" \/>\n<meta property=\"og:description\" content=\", 30 ao\u00fbt (ANP) - Le Premier Ministre nig\u00e9rien Ouhoumoudou Mahamadou s\u2019est entretenu, ce lundi 30 ao\u00fbt 2021, avec le Sec ...\" \/>\n<meta property=\"og:url\" content=\"https:\/\/www.africa-press.net\/niger\/politique\/le-secretaire-general-de-la-zlecaf-fait-le-point-des-negociations-au-premier-ministre-nigerien\" \/>\n<meta property=\"og:site_name\" content=\"niger\" \/>\n<meta property=\"article:published_time\" content=\"2021-08-30T16:25:34+00:00\" \/>\n<meta property=\"article:modified_time\" content=\"2021-08-31T17:52:04+00:00\" \/>\n<meta property=\"og:image\" content=\"https:\/\/static.africa-press.net\/niger\/sites\/40\/2021\/08\/img-612cfb6ba577c.jpg\" \/>\n\t<meta property=\"og:image:width\" content=\"1200\" \/>\n\t<meta property=\"og:image:height\" content=\"800\" \/>\n\t<meta property=\"og:image:type\" content=\"image\/jpeg\" \/>\n<meta name=\"author\" content=\"cfeditorfr\" \/>\n<meta name=\"twitter:card\" content=\"summary_large_image\" \/>\n<meta name=\"twitter:label1\" content=\"\u00c9crit par\" \/>\n\t<meta name=\"twitter:data1\" content=\"cfeditorfr\" \/>\n\t<meta name=\"twitter:label2\" content=\"Dur\u00e9e de lecture estim\u00e9e\" \/>\n\t<meta name=\"twitter:data2\" content=\"2 minutes\" \/>\n<script type=\"application\/ld+json\" class=\"yoast-schema-graph\">{\"@context\":\"https:\/\/schema.org\",\"@graph\":[{\"@type\":\"Article\",\"@id\":\"https:\/\/www.africa-press.net\/niger\/politique\/le-secretaire-general-de-la-zlecaf-fait-le-point-des-negociations-au-premier-ministre-nigerien#article\",\"isPartOf\":{\"@id\":\"https:\/\/www.africa-press.net\/niger\/politique\/le-secretaire-general-de-la-zlecaf-fait-le-point-des-negociations-au-premier-ministre-nigerien\"},\"author\":{\"name\":\"cfeditorfr\",\"@id\":\"https:\/\/www.africa-press.net\/niger\/#\/schema\/person\/2b1cf3cd81a31e3cd26889ca66d677f1\"},\"headline\":\"Le Secr\u00e9taire G\u00e9n\u00e9ral de la ZLECAf fait le point des n\u00e9gociations au Premier Ministre nig\u00e9rien\",\"datePublished\":\"2021-08-30T16:25:34+00:00\",\"dateModified\":\"2021-08-31T17:52:04+00:00\",\"mainEntityOfPage\":{\"@id\":\"https:\/\/www.africa-press.net\/niger\/politique\/le-secretaire-general-de-la-zlecaf-fait-le-point-des-negociations-au-premier-ministre-nigerien\"},\"wordCount\":402,\"commentCount\":0,\"image\":{\"@id\":\"https:\/\/www.africa-press.net\/niger\/politique\/le-secretaire-general-de-la-zlecaf-fait-le-point-des-negociations-au-premier-ministre-nigerien#primaryimage\"},\"thumbnailUrl\":\"https:\/\/static.africa-press.net\/niger\/sites\/40\/2021\/08\/img-612cfb6ba577c.jpg\",\"keywords\":[\"Africa Press\",\"Africa Press-Niger\",\"Niger\"],\"articleSection\":[\"homepage-french\",\"Politique\",\"Top Nouvelles\",\"Toutes les actualit\u00e9s\"],\"inLanguage\":\"fr-FR\",\"potentialAction\":[{\"@type\":\"CommentAction\",\"name\":\"Comment\",\"target\":[\"https:\/\/www.africa-press.net\/niger\/politique\/le-secretaire-general-de-la-zlecaf-fait-le-point-des-negociations-au-premier-ministre-nigerien#respond\"]}]},{\"@type\":\"WebPage\",\"@id\":\"https:\/\/www.africa-press.net\/niger\/politique\/le-secretaire-general-de-la-zlecaf-fait-le-point-des-negociations-au-premier-ministre-nigerien\",\"url\":\"https:\/\/www.africa-press.net\/niger\/politique\/le-secretaire-general-de-la-zlecaf-fait-le-point-des-negociations-au-premier-ministre-nigerien\",\"name\":\"Le Secr\u00e9taire G\u00e9n\u00e9ral de la ZLECAf fait le point des n\u00e9gociations au Premier Ministre nig\u00e9rien - niger\",\"isPartOf\":{\"@id\":\"https:\/\/www.africa-press.net\/niger\/#website\"},\"primaryImageOfPage\":{\"@id\":\"https:\/\/www.africa-press.net\/niger\/politique\/le-secretaire-general-de-la-zlecaf-fait-le-point-des-negociations-au-premier-ministre-nigerien#primaryimage\"},\"image\":{\"@id\":\"https:\/\/www.africa-press.net\/niger\/politique\/le-secretaire-general-de-la-zlecaf-fait-le-point-des-negociations-au-premier-ministre-nigerien#primaryimage\"},\"thumbnailUrl\":\"https:\/\/static.africa-press.net\/niger\/sites\/40\/2021\/08\/img-612cfb6ba577c.jpg\",\"datePublished\":\"2021-08-30T16:25:34+00:00\",\"dateModified\":\"2021-08-31T17:52:04+00:00\",\"author\":{\"@id\":\"https:\/\/www.africa-press.net\/niger\/#\/schema\/person\/2b1cf3cd81a31e3cd26889ca66d677f1\"},\"description\":\", 30 ao\u00fbt (ANP) - Le Premier Ministre nig\u00e9rien Ouhoumoudou Mahamadou s\u2019est entretenu, ce lundi 30 ao\u00fbt 2021, avec le Sec ...\",\"breadcrumb\":{\"@id\":\"https:\/\/www.africa-press.net\/niger\/politique\/le-secretaire-general-de-la-zlecaf-fait-le-point-des-negociations-au-premier-ministre-nigerien#breadcrumb\"},\"inLanguage\":\"fr-FR\",\"potentialAction\":[{\"@type\":\"ReadAction\",\"target\":[\"https:\/\/www.africa-press.net\/niger\/politique\/le-secretaire-general-de-la-zlecaf-fait-le-point-des-negociations-au-premier-ministre-nigerien\"]}]},{\"@type\":\"ImageObject\",\"inLanguage\":\"fr-FR\",\"@id\":\"https:\/\/www.africa-press.net\/niger\/politique\/le-secretaire-general-de-la-zlecaf-fait-le-point-des-negociations-au-premier-ministre-nigerien#primaryimage\",\"url\":\"https:\/\/static.africa-press.net\/niger\/sites\/40\/2021\/08\/img-612cfb6ba577c.jpg\",\"contentUrl\":\"https:\/\/static.africa-press.net\/niger\/sites\/40\/2021\/08\/img-612cfb6ba577c.jpg\",\"width\":1200,\"height\":800,\"caption\":\"Le Secr\u00e9taire G\u00e9n\u00e9ral de la ZLECAf fait le point des n\u00e9gociations au Premier Ministre nig\u00e9rien\"},{\"@type\":\"BreadcrumbList\",\"@id\":\"https:\/\/www.africa-press.net\/niger\/politique\/le-secretaire-general-de-la-zlecaf-fait-le-point-des-negociations-au-premier-ministre-nigerien#breadcrumb\",\"itemListElement\":[{\"@type\":\"ListItem\",\"position\":1,\"name\":\"Accueil\",\"item\":\"https:\/\/www.africa-press.net\/niger\/\"},{\"@type\":\"ListItem\",\"position\":2,\"name\":\"Le Secr\u00e9taire G\u00e9n\u00e9ral de la ZLECAf fait le point des n\u00e9gociations au Premier Ministre nig\u00e9rien\"}]},{\"@type\":\"WebSite\",\"@id\":\"https:\/\/www.africa-press.net\/niger\/#website\",\"url\":\"https:\/\/www.africa-press.net\/niger\/\",\"name\":\"niger\",\"description\":\"Just another Africa News Agency Sites site\",\"potentialAction\":[{\"@type\":\"SearchAction\",\"target\":{\"@type\":\"EntryPoint\",\"urlTemplate\":\"https:\/\/www.africa-press.net\/niger\/?s={search_term_string}\"},\"query-input\":{\"@type\":\"PropertyValueSpecification\",\"valueRequired\":true,\"valueName\":\"search_term_string\"}}],\"inLanguage\":\"fr-FR\"},{\"@type\":\"Person\",\"@id\":\"https:\/\/www.africa-press.net\/niger\/#\/schema\/person\/2b1cf3cd81a31e3cd26889ca66d677f1\",\"name\":\"cfeditorfr\"}]}<\/script>\n<!-- \/ Yoast SEO Premium plugin. -->","yoast_head_json":{"title":"Le Secr\u00e9taire G\u00e9n\u00e9ral de la ZLECAf fait le point des n\u00e9gociations au Premier Ministre nig\u00e9rien - niger","description":", 30 ao\u00fbt (ANP) - Le Premier Ministre nig\u00e9rien Ouhoumoudou Mahamadou s\u2019est entretenu, ce lundi 30 ao\u00fbt 2021, avec le Sec ...","robots":{"index":"index","follow":"follow","max-snippet":"max-snippet:-1","max-image-preview":"max-image-preview:large","max-video-preview":"max-video-preview:-1"},"canonical":"https:\/\/www.africa-press.net\/niger\/politique\/le-secretaire-general-de-la-zlecaf-fait-le-point-des-negociations-au-premier-ministre-nigerien","og_locale":"fr_FR","og_type":"article","og_title":"Le Secr\u00e9taire G\u00e9n\u00e9ral de la ZLECAf fait le point des n\u00e9gociations au Premier Ministre nig\u00e9rien","og_description":", 30 ao\u00fbt (ANP) - Le Premier Ministre nig\u00e9rien Ouhoumoudou Mahamadou s\u2019est entretenu, ce lundi 30 ao\u00fbt 2021, avec le Sec ...","og_url":"https:\/\/www.africa-press.net\/niger\/politique\/le-secretaire-general-de-la-zlecaf-fait-le-point-des-negociations-au-premier-ministre-nigerien","og_site_name":"niger","article_published_time":"2021-08-30T16:25:34+00:00","article_modified_time":"2021-08-31T17:52:04+00:00","og_image":[{"width":1200,"height":800,"url":"https:\/\/static.africa-press.net\/niger\/sites\/40\/2021\/08\/img-612cfb6ba577c.jpg","type":"image\/jpeg"}],"author":"cfeditorfr","twitter_card":"summary_large_image","twitter_misc":{"\u00c9crit par":"cfeditorfr","Dur\u00e9e de lecture estim\u00e9e":"2 minutes"},"schema":{"@context":"https:\/\/schema.org","@graph":[{"@type":"Article","@id":"https:\/\/www.africa-press.net\/niger\/politique\/le-secretaire-general-de-la-zlecaf-fait-le-point-des-negociations-au-premier-ministre-nigerien#article","isPartOf":{"@id":"https:\/\/www.africa-press.net\/niger\/politique\/le-secretaire-general-de-la-zlecaf-fait-le-point-des-negociations-au-premier-ministre-nigerien"},"author":{"name":"cfeditorfr","@id":"https:\/\/www.africa-press.net\/niger\/#\/schema\/person\/2b1cf3cd81a31e3cd26889ca66d677f1"},"headline":"Le Secr\u00e9taire G\u00e9n\u00e9ral de la ZLECAf fait le point des n\u00e9gociations au Premier Ministre nig\u00e9rien","datePublished":"2021-08-30T16:25:34+00:00","dateModified":"2021-08-31T17:52:04+00:00","mainEntityOfPage":{"@id":"https:\/\/www.africa-press.net\/niger\/politique\/le-secretaire-general-de-la-zlecaf-fait-le-point-des-negociations-au-premier-ministre-nigerien"},"wordCount":402,"commentCount":0,"image":{"@id":"https:\/\/www.africa-press.net\/niger\/politique\/le-secretaire-general-de-la-zlecaf-fait-le-point-des-negociations-au-premier-ministre-nigerien#primaryimage"},"thumbnailUrl":"https:\/\/static.africa-press.net\/niger\/sites\/40\/2021\/08\/img-612cfb6ba577c.jpg","keywords":["Africa Press","Africa Press-Niger","Niger"],"articleSection":["homepage-french","Politique","Top Nouvelles","Toutes les actualit\u00e9s"],"inLanguage":"fr-FR","potentialAction":[{"@type":"CommentAction","name":"Comment","target":["https:\/\/www.africa-press.net\/niger\/politique\/le-secretaire-general-de-la-zlecaf-fait-le-point-des-negociations-au-premier-ministre-nigerien#respond"]}]},{"@type":"WebPage","@id":"https:\/\/www.africa-press.net\/niger\/politique\/le-secretaire-general-de-la-zlecaf-fait-le-point-des-negociations-au-premier-ministre-nigerien","url":"https:\/\/www.africa-press.net\/niger\/politique\/le-secretaire-general-de-la-zlecaf-fait-le-point-des-negociations-au-premier-ministre-nigerien","name":"Le Secr\u00e9taire G\u00e9n\u00e9ral de la ZLECAf fait le point des n\u00e9gociations au Premier Ministre nig\u00e9rien - niger","isPartOf":{"@id":"https:\/\/www.africa-press.net\/niger\/#website"},"primaryImageOfPage":{"@id":"https:\/\/www.africa-press.net\/niger\/politique\/le-secretaire-general-de-la-zlecaf-fait-le-point-des-negociations-au-premier-ministre-nigerien#primaryimage"},"image":{"@id":"https:\/\/www.africa-press.net\/niger\/politique\/le-secretaire-general-de-la-zlecaf-fait-le-point-des-negociations-au-premier-ministre-nigerien#primaryimage"},"thumbnailUrl":"https:\/\/static.africa-press.net\/niger\/sites\/40\/2021\/08\/img-612cfb6ba577c.jpg","datePublished":"2021-08-30T16:25:34+00:00","dateModified":"2021-08-31T17:52:04+00:00","author":{"@id":"https:\/\/www.africa-press.net\/niger\/#\/schema\/person\/2b1cf3cd81a31e3cd26889ca66d677f1"},"description":", 30 ao\u00fbt (ANP) - Le Premier Ministre nig\u00e9rien Ouhoumoudou Mahamadou s\u2019est entretenu, ce lundi 30 ao\u00fbt 2021, avec le Sec ...","breadcrumb":{"@id":"https:\/\/www.africa-press.net\/niger\/politique\/le-secretaire-general-de-la-zlecaf-fait-le-point-des-negociations-au-premier-ministre-nigerien#breadcrumb"},"inLanguage":"fr-FR","potentialAction":[{"@type":"ReadAction","target":["https:\/\/www.africa-press.net\/niger\/politique\/le-secretaire-general-de-la-zlecaf-fait-le-point-des-negociations-au-premier-ministre-nigerien"]}]},{"@type":"ImageObject","inLanguage":"fr-FR","@id":"https:\/\/www.africa-press.net\/niger\/politique\/le-secretaire-general-de-la-zlecaf-fait-le-point-des-negociations-au-premier-ministre-nigerien#primaryimage","url":"https:\/\/static.africa-press.net\/niger\/sites\/40\/2021\/08\/img-612cfb6ba577c.jpg","contentUrl":"https:\/\/static.africa-press.net\/niger\/sites\/40\/2021\/08\/img-612cfb6ba577c.jpg","width":1200,"height":800,"caption":"Le Secr\u00e9taire G\u00e9n\u00e9ral de la ZLECAf fait le point des n\u00e9gociations au Premier Ministre nig\u00e9rien"},{"@type":"BreadcrumbList","@id":"https:\/\/www.africa-press.net\/niger\/politique\/le-secretaire-general-de-la-zlecaf-fait-le-point-des-negociations-au-premier-ministre-nigerien#breadcrumb","itemListElement":[{"@type":"ListItem","position":1,"name":"Accueil","item":"https:\/\/www.africa-press.net\/niger\/"},{"@type":"ListItem","position":2,"name":"Le Secr\u00e9taire G\u00e9n\u00e9ral de la ZLECAf fait le point des n\u00e9gociations au Premier Ministre nig\u00e9rien"}]},{"@type":"WebSite","@id":"https:\/\/www.africa-press.net\/niger\/#website","url":"https:\/\/www.africa-press.net\/niger\/","name":"niger","description":"Just another Africa News Agency Sites site","potentialAction":[{"@type":"SearchAction","target":{"@type":"EntryPoint","urlTemplate":"https:\/\/www.africa-press.net\/niger\/?s={search_term_string}"},"query-input":{"@type":"PropertyValueSpecification","valueRequired":true,"valueName":"search_term_string"}}],"inLanguage":"fr-FR"},{"@type":"Person","@id":"https:\/\/www.africa-press.net\/niger\/#\/schema\/person\/2b1cf3cd81a31e3cd26889ca66d677f1","name":"cfeditorfr"}]}},"_links":{"self":[{"href":"https:\/\/www.africa-press.net\/niger\/wp-json\/wp\/v2\/posts\/10896","targetHints":{"allow":["GET"]}}],"collection":[{"href":"https:\/\/www.africa-press.net\/niger\/wp-json\/wp\/v2\/posts"}],"about":[{"href":"https:\/\/www.africa-press.net\/niger\/wp-json\/wp\/v2\/types\/post"}],"author":[{"embeddable":true,"href":"https:\/\/www.africa-press.net\/niger\/wp-json\/wp\/v2\/users\/82"}],"replies":[{"embeddable":true,"href":"https:\/\/www.africa-press.net\/niger\/wp-json\/wp\/v2\/comments?post=10896"}],"version-history":[{"count":0,"href":"https:\/\/www.africa-press.net\/niger\/wp-json\/wp\/v2\/posts\/10896\/revisions"}],"wp:featuredmedia":[{"embeddable":true,"href":"https:\/\/www.africa-press.net\/niger\/wp-json\/wp\/v2\/media\/10895"}],"wp:attachment":[{"href":"https:\/\/www.africa-press.net\/niger\/wp-json\/wp\/v2\/media?parent=10896"}],"wp:term":[{"taxonomy":"category","embeddable":true,"href":"https:\/\/www.africa-press.net\/niger\/wp-json\/wp\/v2\/categories?post=10896"},{"taxonomy":"post_tag","embeddable":true,"href":"https:\/\/www.africa-press.net\/niger\/wp-json\/wp\/v2\/tags?post=10896"}],"curies":[{"name":"wp","href":"https:\/\/api.w.org\/{rel}","templated":true}]}}