{"id":10903,"date":"2021-08-30T16:41:18","date_gmt":"2021-08-30T16:41:18","guid":{"rendered":"https:\/\/www.africa-press.net\/niger\/?p=10903"},"modified":"2021-08-31T17:52:16","modified_gmt":"2021-08-31T17:52:16","slug":"journee-de-mobilisation-communautaire-dans-le-departement-de-say-susciter-une-adhesion-de-la-population-autour-du-site-dapprentissage-agricole","status":"publish","type":"post","link":"https:\/\/www.africa-press.net\/niger\/economie\/journee-de-mobilisation-communautaire-dans-le-departement-de-say-susciter-une-adhesion-de-la-population-autour-du-site-dapprentissage-agricole","title":{"rendered":"Journ\u00e9e de mobilisation communautaire dans le d\u00e9partement de Say : Susciter une adh\u00e9sion de la population autour du Site d\u2019Apprentissage Agricole"},"content":{"rendered":"<p><span style=\"color: #ff6600\"><strong><a href=\"https:\/\/www.africa-press.net\/\">Africa-Press<\/a> &#8211; <a href=\"https:\/\/www.africa-press.net\/niger\">Niger<\/a>. <\/strong><\/span>A quelques encablures de Dalwey (commune de Say) se trouve l\u2019un des 10 Sites d\u2019Apprentissage Agricole (SAA) du Niger. Sur ce site install\u00e9 sur une superficie de 5 ha, 30 jeunes de 15 \u00e0 25 ans dont 7 filles viennent de finir leurs apprentissages (th\u00e9oriques et pratiques) en alphab\u00e9tisation, agriculture, production animale, transformation agro-alimentaire et pisciculture. Le jeudi 26 ao\u00fbt 2021 a \u00e9t\u00e9 consacr\u00e9 \u2018\u2019Journ\u00e9e de mobilisation communautaire autour du site d\u2019apprentissage agricole\u2019\u2019. Cette journ\u00e9e qui co\u00efncide avec la sortie de la premi\u00e8re promotion suivie de la rentr\u00e9e de la deuxi\u00e8me a pour but de susciter une adh\u00e9sion de la population autour du Site d\u2019Apprentissage Agricole.<\/p>\n<p>Pour rappel, le \u2018\u2019Site d\u2019Apprentissage Agricole\u2019\u2019 est une initiative financ\u00e9e par la Banque Mondiale \u00e0 travers le Projet de D\u00e9veloppement des Comp\u00e9tences pour la Croissance (PRODEC) et mise en \u0153uvre par le Fonds d\u2019Appui \u00e0 la Formation Professionnelle (FAFPA).<\/p>\n<p>Le gestionnaire du Site d\u2019Apprentissage Agricole de Say, M. Ali Mounkaila, a affirm\u00e9 que son site, \u00e0 l\u2019instar des autres SAA du Niger, a pour but de professionnaliser des jeunes nig\u00e9riens dans divers domaines, notamment l\u2019agriculture, l\u2019\u00e9levage, etc. \u00abA Say notre activit\u00e9 principale, c\u2019est l\u2019agriculture et l\u2019\u00e9levage. Au del\u00e0 de l\u2019agriculture et l\u2019\u00e9levage traditionnels on veut professionnaliser, \u00e0 travers ces jeunes, ces deux acticit\u00e9s. Nous avons 5 espaces, notamment les espaces Alphab\u00e9tisation, Agriculture, Production animale, Transformation agro-alimentaire et Pisciculture. Les enfants passent 4 mois sur les sites. Apr\u00e8s les 4 mois, ils iront en stage pratique. Avant de prendre l\u2019apprenant, son p\u00e8re signe un document qu\u2019on appelle \u2018\u2019Certificat d\u2019engagement des parents\u2019\u2019, qui consiste \u00e0 amener les parents \u00e0 donner un lopin de terrain \u00e0 l\u2019apprenant afin qu\u2019il puisse mettre en pratique les connaissances apprises ou l\u2019activit\u00e9 choisie sur le site\u00bb, a expliqu\u00e9 M. Ali Mounkaila.<\/p>\n<p>L\u2019apprentissage au niveau du SAA est sanctionn\u00e9 par un dipl\u00f4me de qualification et\/ou une attestation. \u00abApr\u00e8s l\u2019apprentissage sur ce site, nous organisons une formation sur l\u2019entreprenariat. A l\u2019issue de cette formation, il sera demand\u00e9 aux apprenants d\u2019\u00e9laborer des plans d\u2019affaires. Et les meilleurs plans d\u2019affaires seront financ\u00e9s par le projet\u00bb a-t-il annonc\u00e9.<\/p>\n<p>Pr\u00e9sente \u00e0 cette journ\u00e9e de mobilisation communautaire, la repr\u00e9sentante du maire de la commune urbaine de Say, Mme Yacouba Zaynabou a appr\u00e9ci\u00e9 et mesur\u00e9 l\u2019impact de la formation sur l\u2019am\u00e9lioration de la production agricole sur l\u2019ensemble de la commune de Say. Ainsi, elle a pr\u00e9cis\u00e9 que la sortie de la premi\u00e8re promotion suivie de la rentr\u00e9e de la deuxi\u00e8me montre l\u2019engagement des acteurs impliqu\u00e9s dans la mise en \u0153uvre du projet \u00e0 contribuer au d\u00e9veloppement du Niger. \u00abNous sommes tr\u00e8s satisfaits de la mise en \u0153uvre de ce programme au niveau communautaire. D\u00e9j\u00e0 avec la sortie de cette premi\u00e8re promotion, nous avons un r\u00e9sultat satisfaisant. Une bonne partie des apprenants sont bien form\u00e9s et pr\u00eats \u00e0 entreprendre dans les domaines de l\u2019agriculture, de l\u2019\u00e9levage, de la transformation agro-alimentaire, etc.\u00bb, a-t-elle notifi\u00e9.<\/p>\n<p>Razak Lawal fait partie de la premi\u00e8re promotion des apprenants du site d\u2019apprentissage agricole de Say. Il a abandonn\u00e9 l\u2019\u00e9cole en classe de seconde. Comme la plus part de ses camarades, Razak Lawal \u00e9tait au ch\u00f4mage. Aujourd\u2019hui avec cette formation, il est tr\u00e8s confiant et s\u00fbr de ses comp\u00e9tences. Son r\u00eave, c\u2019est d\u2019\u00e9voluer dans le domaine de l\u2019\u00e9levage. \u00abJ\u2019ai choisi l\u2019\u00e9levage. Je trouve la formation tr\u00e8s fantastique. J\u2019ai beaucoup appris. Je compte avoir ma propre ferme. J\u2019ai juste besoin d\u2019un terrain et des poules pondeuses pour d\u00e9marrer\u00bb, a t\u00e9moign\u00e9 le jeune Razak, pr\u00eat \u00e0 s\u2019engager dans la vie active.<\/p>\n<p><b>\u00a0<\/b><\/p>\n","protected":false},"excerpt":{"rendered":"<p>Africa-Press &#8211; Niger. A quelques encablures de Dalwey (commune de Say) se trouve l\u2019un des 10 Sites d\u2019Apprentissage Agricole (SAA) du Niger. Sur ce site install\u00e9 sur une superficie de 5 ha, 30 jeunes de 15 \u00e0 25 ans dont 7 filles viennent de finir leurs apprentissages (th\u00e9oriques et pratiques) en alphab\u00e9tisation, agriculture, production animale, [&hellip;]<\/p>\n","protected":false},"author":82,"featured_media":10902,"comment_status":"open","ping_status":"closed","sticky":false,"template":"","format":"standard","meta":{"footnotes":""},"categories":[3,11,10],"tags":[55,60,29],"class_list":["post-10903","post","type-post","status-publish","format-standard","has-post-thumbnail","hentry","category-economie","category-homepage-french","category-toutes-les-actualites","tag-africa-press","tag-africa-press-niger","tag-niger"],"yoast_head":"<!-- This site is optimized with the Yoast SEO Premium plugin v26.1 (Yoast SEO v27.0) - https:\/\/yoast.com\/product\/yoast-seo-premium-wordpress\/ -->\n<title>Journ\u00e9e de mobilisation communautaire dans le d\u00e9partement de Say : Susciter une adh\u00e9sion de la population autour du Site d\u2019Apprentissage Agricole - niger<\/title>\n<meta name=\"description\" content=\"\ufeffA quelques encablures de Dalwey (commune de Say) se trouve l\u2019un des 10 Sites d\u2019Apprentissage Agricole (SAA) du Niger. S ...\" \/>\n<meta name=\"robots\" content=\"index, follow, max-snippet:-1, max-image-preview:large, max-video-preview:-1\" \/>\n<link rel=\"canonical\" href=\"https:\/\/www.africa-press.net\/niger\/economie\/journee-de-mobilisation-communautaire-dans-le-departement-de-say-susciter-une-adhesion-de-la-population-autour-du-site-dapprentissage-agricole\" \/>\n<meta property=\"og:locale\" content=\"fr_FR\" \/>\n<meta property=\"og:type\" content=\"article\" \/>\n<meta property=\"og:title\" content=\"Journ\u00e9e de mobilisation communautaire dans le d\u00e9partement de Say : Susciter une adh\u00e9sion de la population autour du Site d\u2019Apprentissage Agricole\" \/>\n<meta property=\"og:description\" content=\"\ufeffA quelques encablures de Dalwey (commune de Say) se trouve l\u2019un des 10 Sites d\u2019Apprentissage Agricole (SAA) du Niger. S ...\" \/>\n<meta property=\"og:url\" content=\"https:\/\/www.africa-press.net\/niger\/economie\/journee-de-mobilisation-communautaire-dans-le-departement-de-say-susciter-une-adhesion-de-la-population-autour-du-site-dapprentissage-agricole\" \/>\n<meta property=\"og:site_name\" content=\"niger\" \/>\n<meta property=\"article:published_time\" content=\"2021-08-30T16:41:18+00:00\" \/>\n<meta property=\"article:modified_time\" content=\"2021-08-31T17:52:16+00:00\" \/>\n<meta property=\"og:image\" content=\"https:\/\/static.africa-press.net\/niger\/sites\/40\/2021\/08\/img-612cfc139a652.jpg\" \/>\n\t<meta property=\"og:image:width\" content=\"720\" \/>\n\t<meta property=\"og:image:height\" content=\"388\" \/>\n\t<meta property=\"og:image:type\" content=\"image\/jpeg\" \/>\n<meta name=\"author\" content=\"cfeditorfr\" \/>\n<meta name=\"twitter:card\" content=\"summary_large_image\" \/>\n<meta name=\"twitter:label1\" content=\"\u00c9crit par\" \/>\n\t<meta name=\"twitter:data1\" content=\"cfeditorfr\" \/>\n\t<meta name=\"twitter:label2\" content=\"Dur\u00e9e de lecture estim\u00e9e\" \/>\n\t<meta name=\"twitter:data2\" content=\"3 minutes\" \/>\n<script type=\"application\/ld+json\" class=\"yoast-schema-graph\">{\"@context\":\"https:\/\/schema.org\",\"@graph\":[{\"@type\":\"Article\",\"@id\":\"https:\/\/www.africa-press.net\/niger\/economie\/journee-de-mobilisation-communautaire-dans-le-departement-de-say-susciter-une-adhesion-de-la-population-autour-du-site-dapprentissage-agricole#article\",\"isPartOf\":{\"@id\":\"https:\/\/www.africa-press.net\/niger\/economie\/journee-de-mobilisation-communautaire-dans-le-departement-de-say-susciter-une-adhesion-de-la-population-autour-du-site-dapprentissage-agricole\"},\"author\":{\"name\":\"cfeditorfr\",\"@id\":\"https:\/\/www.africa-press.net\/niger\/#\/schema\/person\/2b1cf3cd81a31e3cd26889ca66d677f1\"},\"headline\":\"Journ\u00e9e de mobilisation communautaire dans le d\u00e9partement de Say : Susciter une adh\u00e9sion de la population autour du Site d\u2019Apprentissage Agricole\",\"datePublished\":\"2021-08-30T16:41:18+00:00\",\"dateModified\":\"2021-08-31T17:52:16+00:00\",\"mainEntityOfPage\":{\"@id\":\"https:\/\/www.africa-press.net\/niger\/economie\/journee-de-mobilisation-communautaire-dans-le-departement-de-say-susciter-une-adhesion-de-la-population-autour-du-site-dapprentissage-agricole\"},\"wordCount\":671,\"commentCount\":0,\"image\":{\"@id\":\"https:\/\/www.africa-press.net\/niger\/economie\/journee-de-mobilisation-communautaire-dans-le-departement-de-say-susciter-une-adhesion-de-la-population-autour-du-site-dapprentissage-agricole#primaryimage\"},\"thumbnailUrl\":\"https:\/\/static.africa-press.net\/niger\/sites\/40\/2021\/08\/img-612cfc139a652.jpg\",\"keywords\":[\"Africa Press\",\"Africa Press-Niger\",\"Niger\"],\"articleSection\":[\"\u00c9conomie\",\"homepage-french\",\"Toutes les actualit\u00e9s\"],\"inLanguage\":\"fr-FR\",\"potentialAction\":[{\"@type\":\"CommentAction\",\"name\":\"Comment\",\"target\":[\"https:\/\/www.africa-press.net\/niger\/economie\/journee-de-mobilisation-communautaire-dans-le-departement-de-say-susciter-une-adhesion-de-la-population-autour-du-site-dapprentissage-agricole#respond\"]}]},{\"@type\":\"WebPage\",\"@id\":\"https:\/\/www.africa-press.net\/niger\/economie\/journee-de-mobilisation-communautaire-dans-le-departement-de-say-susciter-une-adhesion-de-la-population-autour-du-site-dapprentissage-agricole\",\"url\":\"https:\/\/www.africa-press.net\/niger\/economie\/journee-de-mobilisation-communautaire-dans-le-departement-de-say-susciter-une-adhesion-de-la-population-autour-du-site-dapprentissage-agricole\",\"name\":\"Journ\u00e9e de mobilisation communautaire dans le d\u00e9partement de Say : Susciter une adh\u00e9sion de la population autour du Site d\u2019Apprentissage Agricole - niger\",\"isPartOf\":{\"@id\":\"https:\/\/www.africa-press.net\/niger\/#website\"},\"primaryImageOfPage\":{\"@id\":\"https:\/\/www.africa-press.net\/niger\/economie\/journee-de-mobilisation-communautaire-dans-le-departement-de-say-susciter-une-adhesion-de-la-population-autour-du-site-dapprentissage-agricole#primaryimage\"},\"image\":{\"@id\":\"https:\/\/www.africa-press.net\/niger\/economie\/journee-de-mobilisation-communautaire-dans-le-departement-de-say-susciter-une-adhesion-de-la-population-autour-du-site-dapprentissage-agricole#primaryimage\"},\"thumbnailUrl\":\"https:\/\/static.africa-press.net\/niger\/sites\/40\/2021\/08\/img-612cfc139a652.jpg\",\"datePublished\":\"2021-08-30T16:41:18+00:00\",\"dateModified\":\"2021-08-31T17:52:16+00:00\",\"author\":{\"@id\":\"https:\/\/www.africa-press.net\/niger\/#\/schema\/person\/2b1cf3cd81a31e3cd26889ca66d677f1\"},\"description\":\"\ufeffA quelques encablures de Dalwey (commune de Say) se trouve l\u2019un des 10 Sites d\u2019Apprentissage Agricole (SAA) du Niger. S ...\",\"breadcrumb\":{\"@id\":\"https:\/\/www.africa-press.net\/niger\/economie\/journee-de-mobilisation-communautaire-dans-le-departement-de-say-susciter-une-adhesion-de-la-population-autour-du-site-dapprentissage-agricole#breadcrumb\"},\"inLanguage\":\"fr-FR\",\"potentialAction\":[{\"@type\":\"ReadAction\",\"target\":[\"https:\/\/www.africa-press.net\/niger\/economie\/journee-de-mobilisation-communautaire-dans-le-departement-de-say-susciter-une-adhesion-de-la-population-autour-du-site-dapprentissage-agricole\"]}]},{\"@type\":\"ImageObject\",\"inLanguage\":\"fr-FR\",\"@id\":\"https:\/\/www.africa-press.net\/niger\/economie\/journee-de-mobilisation-communautaire-dans-le-departement-de-say-susciter-une-adhesion-de-la-population-autour-du-site-dapprentissage-agricole#primaryimage\",\"url\":\"https:\/\/static.africa-press.net\/niger\/sites\/40\/2021\/08\/img-612cfc139a652.jpg\",\"contentUrl\":\"https:\/\/static.africa-press.net\/niger\/sites\/40\/2021\/08\/img-612cfc139a652.jpg\",\"width\":720,\"height\":388,\"caption\":\"Journ\u00e9e de mobilisation communautaire dans le d\u00e9partement de Say : Susciter une adh\u00e9sion de la population autour du Site d\u2019Apprentissage Agricole\"},{\"@type\":\"BreadcrumbList\",\"@id\":\"https:\/\/www.africa-press.net\/niger\/economie\/journee-de-mobilisation-communautaire-dans-le-departement-de-say-susciter-une-adhesion-de-la-population-autour-du-site-dapprentissage-agricole#breadcrumb\",\"itemListElement\":[{\"@type\":\"ListItem\",\"position\":1,\"name\":\"Accueil\",\"item\":\"https:\/\/www.africa-press.net\/niger\/\"},{\"@type\":\"ListItem\",\"position\":2,\"name\":\"Journ\u00e9e de mobilisation communautaire dans le d\u00e9partement de Say : Susciter une adh\u00e9sion de la population autour du Site d\u2019Apprentissage Agricole\"}]},{\"@type\":\"WebSite\",\"@id\":\"https:\/\/www.africa-press.net\/niger\/#website\",\"url\":\"https:\/\/www.africa-press.net\/niger\/\",\"name\":\"niger\",\"description\":\"Just another Africa News Agency Sites site\",\"potentialAction\":[{\"@type\":\"SearchAction\",\"target\":{\"@type\":\"EntryPoint\",\"urlTemplate\":\"https:\/\/www.africa-press.net\/niger\/?s={search_term_string}\"},\"query-input\":{\"@type\":\"PropertyValueSpecification\",\"valueRequired\":true,\"valueName\":\"search_term_string\"}}],\"inLanguage\":\"fr-FR\"},{\"@type\":\"Person\",\"@id\":\"https:\/\/www.africa-press.net\/niger\/#\/schema\/person\/2b1cf3cd81a31e3cd26889ca66d677f1\",\"name\":\"cfeditorfr\"}]}<\/script>\n<!-- \/ Yoast SEO Premium plugin. -->","yoast_head_json":{"title":"Journ\u00e9e de mobilisation communautaire dans le d\u00e9partement de Say : Susciter une adh\u00e9sion de la population autour du Site d\u2019Apprentissage Agricole - niger","description":"\ufeffA quelques encablures de Dalwey (commune de Say) se trouve l\u2019un des 10 Sites d\u2019Apprentissage Agricole (SAA) du Niger. S ...","robots":{"index":"index","follow":"follow","max-snippet":"max-snippet:-1","max-image-preview":"max-image-preview:large","max-video-preview":"max-video-preview:-1"},"canonical":"https:\/\/www.africa-press.net\/niger\/economie\/journee-de-mobilisation-communautaire-dans-le-departement-de-say-susciter-une-adhesion-de-la-population-autour-du-site-dapprentissage-agricole","og_locale":"fr_FR","og_type":"article","og_title":"Journ\u00e9e de mobilisation communautaire dans le d\u00e9partement de Say : Susciter une adh\u00e9sion de la population autour du Site d\u2019Apprentissage Agricole","og_description":"\ufeffA quelques encablures de Dalwey (commune de Say) se trouve l\u2019un des 10 Sites d\u2019Apprentissage Agricole (SAA) du Niger. S ...","og_url":"https:\/\/www.africa-press.net\/niger\/economie\/journee-de-mobilisation-communautaire-dans-le-departement-de-say-susciter-une-adhesion-de-la-population-autour-du-site-dapprentissage-agricole","og_site_name":"niger","article_published_time":"2021-08-30T16:41:18+00:00","article_modified_time":"2021-08-31T17:52:16+00:00","og_image":[{"width":720,"height":388,"url":"https:\/\/static.africa-press.net\/niger\/sites\/40\/2021\/08\/img-612cfc139a652.jpg","type":"image\/jpeg"}],"author":"cfeditorfr","twitter_card":"summary_large_image","twitter_misc":{"\u00c9crit par":"cfeditorfr","Dur\u00e9e de lecture estim\u00e9e":"3 minutes"},"schema":{"@context":"https:\/\/schema.org","@graph":[{"@type":"Article","@id":"https:\/\/www.africa-press.net\/niger\/economie\/journee-de-mobilisation-communautaire-dans-le-departement-de-say-susciter-une-adhesion-de-la-population-autour-du-site-dapprentissage-agricole#article","isPartOf":{"@id":"https:\/\/www.africa-press.net\/niger\/economie\/journee-de-mobilisation-communautaire-dans-le-departement-de-say-susciter-une-adhesion-de-la-population-autour-du-site-dapprentissage-agricole"},"author":{"name":"cfeditorfr","@id":"https:\/\/www.africa-press.net\/niger\/#\/schema\/person\/2b1cf3cd81a31e3cd26889ca66d677f1"},"headline":"Journ\u00e9e de mobilisation communautaire dans le d\u00e9partement de Say : Susciter une adh\u00e9sion de la population autour du Site d\u2019Apprentissage Agricole","datePublished":"2021-08-30T16:41:18+00:00","dateModified":"2021-08-31T17:52:16+00:00","mainEntityOfPage":{"@id":"https:\/\/www.africa-press.net\/niger\/economie\/journee-de-mobilisation-communautaire-dans-le-departement-de-say-susciter-une-adhesion-de-la-population-autour-du-site-dapprentissage-agricole"},"wordCount":671,"commentCount":0,"image":{"@id":"https:\/\/www.africa-press.net\/niger\/economie\/journee-de-mobilisation-communautaire-dans-le-departement-de-say-susciter-une-adhesion-de-la-population-autour-du-site-dapprentissage-agricole#primaryimage"},"thumbnailUrl":"https:\/\/static.africa-press.net\/niger\/sites\/40\/2021\/08\/img-612cfc139a652.jpg","keywords":["Africa Press","Africa Press-Niger","Niger"],"articleSection":["\u00c9conomie","homepage-french","Toutes les actualit\u00e9s"],"inLanguage":"fr-FR","potentialAction":[{"@type":"CommentAction","name":"Comment","target":["https:\/\/www.africa-press.net\/niger\/economie\/journee-de-mobilisation-communautaire-dans-le-departement-de-say-susciter-une-adhesion-de-la-population-autour-du-site-dapprentissage-agricole#respond"]}]},{"@type":"WebPage","@id":"https:\/\/www.africa-press.net\/niger\/economie\/journee-de-mobilisation-communautaire-dans-le-departement-de-say-susciter-une-adhesion-de-la-population-autour-du-site-dapprentissage-agricole","url":"https:\/\/www.africa-press.net\/niger\/economie\/journee-de-mobilisation-communautaire-dans-le-departement-de-say-susciter-une-adhesion-de-la-population-autour-du-site-dapprentissage-agricole","name":"Journ\u00e9e de mobilisation communautaire dans le d\u00e9partement de Say : Susciter une adh\u00e9sion de la population autour du Site d\u2019Apprentissage Agricole - niger","isPartOf":{"@id":"https:\/\/www.africa-press.net\/niger\/#website"},"primaryImageOfPage":{"@id":"https:\/\/www.africa-press.net\/niger\/economie\/journee-de-mobilisation-communautaire-dans-le-departement-de-say-susciter-une-adhesion-de-la-population-autour-du-site-dapprentissage-agricole#primaryimage"},"image":{"@id":"https:\/\/www.africa-press.net\/niger\/economie\/journee-de-mobilisation-communautaire-dans-le-departement-de-say-susciter-une-adhesion-de-la-population-autour-du-site-dapprentissage-agricole#primaryimage"},"thumbnailUrl":"https:\/\/static.africa-press.net\/niger\/sites\/40\/2021\/08\/img-612cfc139a652.jpg","datePublished":"2021-08-30T16:41:18+00:00","dateModified":"2021-08-31T17:52:16+00:00","author":{"@id":"https:\/\/www.africa-press.net\/niger\/#\/schema\/person\/2b1cf3cd81a31e3cd26889ca66d677f1"},"description":"\ufeffA quelques encablures de Dalwey (commune de Say) se trouve l\u2019un des 10 Sites d\u2019Apprentissage Agricole (SAA) du Niger. S ...","breadcrumb":{"@id":"https:\/\/www.africa-press.net\/niger\/economie\/journee-de-mobilisation-communautaire-dans-le-departement-de-say-susciter-une-adhesion-de-la-population-autour-du-site-dapprentissage-agricole#breadcrumb"},"inLanguage":"fr-FR","potentialAction":[{"@type":"ReadAction","target":["https:\/\/www.africa-press.net\/niger\/economie\/journee-de-mobilisation-communautaire-dans-le-departement-de-say-susciter-une-adhesion-de-la-population-autour-du-site-dapprentissage-agricole"]}]},{"@type":"ImageObject","inLanguage":"fr-FR","@id":"https:\/\/www.africa-press.net\/niger\/economie\/journee-de-mobilisation-communautaire-dans-le-departement-de-say-susciter-une-adhesion-de-la-population-autour-du-site-dapprentissage-agricole#primaryimage","url":"https:\/\/static.africa-press.net\/niger\/sites\/40\/2021\/08\/img-612cfc139a652.jpg","contentUrl":"https:\/\/static.africa-press.net\/niger\/sites\/40\/2021\/08\/img-612cfc139a652.jpg","width":720,"height":388,"caption":"Journ\u00e9e de mobilisation communautaire dans le d\u00e9partement de Say : Susciter une adh\u00e9sion de la population autour du Site d\u2019Apprentissage Agricole"},{"@type":"BreadcrumbList","@id":"https:\/\/www.africa-press.net\/niger\/economie\/journee-de-mobilisation-communautaire-dans-le-departement-de-say-susciter-une-adhesion-de-la-population-autour-du-site-dapprentissage-agricole#breadcrumb","itemListElement":[{"@type":"ListItem","position":1,"name":"Accueil","item":"https:\/\/www.africa-press.net\/niger\/"},{"@type":"ListItem","position":2,"name":"Journ\u00e9e de mobilisation communautaire dans le d\u00e9partement de Say : Susciter une adh\u00e9sion de la population autour du Site d\u2019Apprentissage Agricole"}]},{"@type":"WebSite","@id":"https:\/\/www.africa-press.net\/niger\/#website","url":"https:\/\/www.africa-press.net\/niger\/","name":"niger","description":"Just another Africa News Agency Sites site","potentialAction":[{"@type":"SearchAction","target":{"@type":"EntryPoint","urlTemplate":"https:\/\/www.africa-press.net\/niger\/?s={search_term_string}"},"query-input":{"@type":"PropertyValueSpecification","valueRequired":true,"valueName":"search_term_string"}}],"inLanguage":"fr-FR"},{"@type":"Person","@id":"https:\/\/www.africa-press.net\/niger\/#\/schema\/person\/2b1cf3cd81a31e3cd26889ca66d677f1","name":"cfeditorfr"}]}},"_links":{"self":[{"href":"https:\/\/www.africa-press.net\/niger\/wp-json\/wp\/v2\/posts\/10903","targetHints":{"allow":["GET"]}}],"collection":[{"href":"https:\/\/www.africa-press.net\/niger\/wp-json\/wp\/v2\/posts"}],"about":[{"href":"https:\/\/www.africa-press.net\/niger\/wp-json\/wp\/v2\/types\/post"}],"author":[{"embeddable":true,"href":"https:\/\/www.africa-press.net\/niger\/wp-json\/wp\/v2\/users\/82"}],"replies":[{"embeddable":true,"href":"https:\/\/www.africa-press.net\/niger\/wp-json\/wp\/v2\/comments?post=10903"}],"version-history":[{"count":0,"href":"https:\/\/www.africa-press.net\/niger\/wp-json\/wp\/v2\/posts\/10903\/revisions"}],"wp:featuredmedia":[{"embeddable":true,"href":"https:\/\/www.africa-press.net\/niger\/wp-json\/wp\/v2\/media\/10902"}],"wp:attachment":[{"href":"https:\/\/www.africa-press.net\/niger\/wp-json\/wp\/v2\/media?parent=10903"}],"wp:term":[{"taxonomy":"category","embeddable":true,"href":"https:\/\/www.africa-press.net\/niger\/wp-json\/wp\/v2\/categories?post=10903"},{"taxonomy":"post_tag","embeddable":true,"href":"https:\/\/www.africa-press.net\/niger\/wp-json\/wp\/v2\/tags?post=10903"}],"curies":[{"name":"wp","href":"https:\/\/api.w.org\/{rel}","templated":true}]}}