{"id":10914,"date":"2021-08-30T18:02:50","date_gmt":"2021-08-30T18:02:50","guid":{"rendered":"https:\/\/www.africa-press.net\/niger\/?p=10914"},"modified":"2021-08-30T16:38:33","modified_gmt":"2021-08-30T16:38:33","slug":"dosso-debut-dun-atelier-de-vulgarisation-des-textes-du-csc-dans-la-region","status":"publish","type":"post","link":"https:\/\/www.africa-press.net\/niger\/politique\/dosso-debut-dun-atelier-de-vulgarisation-des-textes-du-csc-dans-la-region","title":{"rendered":"Dosso\u00a0: D\u00e9but d\u2019un atelier de vulgarisation des textes du CSC dans la r\u00e9gion"},"content":{"rendered":"<p><span style=\"color: #ff6600\"><strong><a href=\"https:\/\/www.africa-press.net\/\">Africa-Press<\/a> &#8211; <a href=\"https:\/\/www.africa-press.net\/niger\">Niger<\/a>. <\/strong><\/span>30 Ao\u00fbt (ANP) &#8211; Le pr\u00e9sident du Conseil Sup\u00e9rieur de la Communication (CSC), Dr Kabirou Sani a pr\u00e9sid\u00e9, ce lundi 30 ao\u00fbt 2021 \u00e0 Dosso, la c\u00e9r\u00e9monie d\u2019ouverture d\u2019un atelier de vulgarisation des textes du CSC sur l\u2019acc\u00e8s \u00e9quitable aux m\u00e9dias d\u2019Etat, les proc\u00e9dures de saisine et l\u2019attribution de la carte de presse professionnelle des journalistes.<\/p>\n<p>Cet atelier financ\u00e9 par l\u2019Union europ\u00e9enne a regroup\u00e9 les acteurs m\u00e9diatiques, les repr\u00e9sentants des partis politiques, les organisations de la soci\u00e9t\u00e9 civile, les autorit\u00e9s administratives, religieuses, et coutumi\u00e8res, ainsi que les responsables des forces de d\u00e9fense et de s\u00e9curit\u00e9.<\/p>\n<p>Dans le discours qu\u2019il a prononc\u00e9 \u00e0 l\u2019ouverture des travaux, le pr\u00e9sident du Conseil Sup\u00e9rieur de la Communication, Dr Kabirou Sani a rappel\u00e9 \u00e0 l\u2019assistance que son institution a r\u00e9vis\u00e9 au cours de cette ann\u00e9e 2021 certains de ses textes r\u00e8glementaires pour combler des insuffisances d\u00e9cel\u00e9es \u00e0 la lumi\u00e8re de leur application.<\/p>\n<p>Parmi ces textes r\u00e9vis\u00e9s figure la d\u00e9lib\u00e9ration du 06 septembre 2018 d\u00e9terminant les modalit\u00e9s de la saisine d\u2019office et la proc\u00e9dure de traitement des plaintes et recours soumis au CSC.<\/p>\n<p>Cependant, a fait remarquer le pr\u00e9sident du CSC, \u2018\u2019il est apparu dans le traitement des plaintes par les services de l\u2019institution, en l\u2019occurrence la direction des affaires juridiques et du contentieux et la commission \u00e9thique et d\u00e9ontologie, que le d\u00e9lai de traitement est insuffisant pour faire aboutir une plainte en un mois alors que la pl\u00e9ni\u00e8re du CSC ne se tient qu\u2019une seule fois par mois. C\u2019est pourquoi, depuis l\u2019adoption de cette d\u00e9lib\u00e9ration, beaucoup de plaintes et auto saisines n\u2019ont pas prosp\u00e9r\u00e9\u2019\u2019.<\/p>\n<p>Pour pallier cette insuffisance, a indiqu\u00e9 Dr Kabirou Sani, \u2018\u2019le conseil Sup\u00e9rieur de la Communication a organis\u00e9 deux ateliers le 12 et le 15 juillet 2021 avec les membres du CSC, les organisations de la soci\u00e9t\u00e9 civile, les partis politiques, les syndicats, les leaders religieux les m\u00e9dias et les organisations f\u00e9minines afin de recueillir leurs avis et les sensibiliser sur les dispositions de cette d\u00e9lib\u00e9ration\u2019\u2019. La modification intervenue, a-t-il pr\u00e9cis\u00e9, a r\u00e9duit \u2018\u2019ce d\u00e9lai le portant d\u00e9sormais \u00e0 23 jours en vue de r\u00e9pondre aux attentes des plaignants\u2019\u2019.<\/p>\n<p>Tout au long de son intervention, le pr\u00e9sident du CSC s\u2019est longuement appesanti sur les modalit\u00e9s d\u2019acc\u00e8s des citoyens, associations et partis politiques aux m\u00e9dias d\u2019\u00e9tat.<\/p>\n<p>Ce texte, a-t-il expliqu\u00e9, malgr\u00e9 sa relative anciennet\u00e9 demeure m\u00e9connu du grand public et des partis politiques sur ces modalit\u00e9s d\u2019acc\u00e8s.<\/p>\n<p>La vulgarisation, a notifi\u00e9 Dr Kabirou Sani, portera aussi sur \u2018\u2019la d\u00e9lib\u00e9ration du 05 septembre 2013 d\u00e9terminant les conditions d\u2019attribution, d\u2019annulation et de retrait de la carte de presse des journalistes professionnels et la d\u00e9lib\u00e9ration du 02 mars 2015 fixant les modalit\u00e9s de respect par les m\u00e9dias priv\u00e9s des principes de pluralisme et d\u2019\u00e9quilibre de l\u2019information\u2019\u2019.<\/p>\n<p>Parlant des radios communautaires, le pr\u00e9sident du SCS a indiqu\u00e9 qu\u2019un plaidoyer sera men\u00e9 aupr\u00e8s du gouvernement et du parlement en vue de l\u2019adoption de la loi sur le financement des radios communautaires mais aussi celle ouvrant la voie \u00e0 la cr\u00e9ation des m\u00e9dias \u00e9lectroniques au Niger.<\/p>\n<p>Dans le contexte de la mondialisation marqu\u00e9e aujourd\u2019hui par la num\u00e9risation et la digitation de l\u2019information et de la communication, \u2018\u2019il est imp\u00e9rieux\u2019\u2019 a notifi\u00e9 Dr Kabirou Sani, \u2018\u2019d\u2019adopter des textes normatifs permettant l\u2019effectivit\u00e9 d\u2019exercice des m\u00e9dias \u00e9lectroniques et leur r\u00e9gulation effective\u2019\u2019.<\/p>\n<p>Le pr\u00e9sident du CSC a esp\u00e9r\u00e9 que cet atelier de vulgarisation permettra \u2018\u2019une meilleure appropriation des textes par les acteurs m\u00e9diatiques sur la gestion des plaintes et sur l\u2019acc\u00e8s des citoyens, associations et partis politiques aux m\u00e9dias d\u2019Etat, aux commissions et directions concern\u00e9es de traiter les plaintes dans les d\u00e9lais raisonnables et d\u2019inciter les journalistes de se munir d\u2019une carte de presse\u2019\u2019.<\/p>\n<p>Le pr\u00e9sident du CSC a exprim\u00e9 sa profonde gratitude \u00e0 l\u2019endroit de l\u2019Union Europ\u00e9enne qui a financ\u00e9 cette vulgarisation des textes du CSC et le Projet d\u2019Appui \u00e0 la CENI et au CSC pour des \u00e9lections cr\u00e9dibles, inclusives et apais\u00e9es au Niger.<\/p>\n<p>Auparavant, dans son discours de bienvenue, le secr\u00e9taire g\u00e9n\u00e9ral de la r\u00e9gion de Dosso, M. Assoumana Amadou a salu\u00e9 cette initiative \u2018\u2019combien louable\u2019\u2019 du CSC.<\/p>\n<p>Le secr\u00e9taire g\u00e9n\u00e9ral de la r\u00e9gion de Dosso a invit\u00e9 les participants \u00e0 suivre attentivement les diff\u00e9rents expos\u00e9s pour \u2018\u2019tirer le meilleur profit de cette rencontre\u2019\u2019.<\/p>\n","protected":false},"excerpt":{"rendered":"<p>Africa-Press &#8211; Niger. 30 Ao\u00fbt (ANP) &#8211; Le pr\u00e9sident du Conseil Sup\u00e9rieur de la Communication (CSC), Dr Kabirou Sani a pr\u00e9sid\u00e9, ce lundi 30 ao\u00fbt 2021 \u00e0 Dosso, la c\u00e9r\u00e9monie d\u2019ouverture d\u2019un atelier de vulgarisation des textes du CSC sur l\u2019acc\u00e8s \u00e9quitable aux m\u00e9dias d\u2019Etat, les proc\u00e9dures de saisine et l\u2019attribution de la carte de [&hellip;]<\/p>\n","protected":false},"author":82,"featured_media":10913,"comment_status":"open","ping_status":"closed","sticky":false,"template":"","format":"standard","meta":{"footnotes":""},"categories":[11,2,10],"tags":[55,60,29],"class_list":["post-10914","post","type-post","status-publish","format-standard","has-post-thumbnail","hentry","category-homepage-french","category-politique","category-toutes-les-actualites","tag-africa-press","tag-africa-press-niger","tag-niger"],"yoast_head":"<!-- This site is optimized with the Yoast SEO Premium plugin v26.1 (Yoast SEO v27.0) - https:\/\/yoast.com\/product\/yoast-seo-premium-wordpress\/ -->\n<title>Dosso\u00a0: D\u00e9but d\u2019un atelier de vulgarisation des textes du CSC dans la r\u00e9gion - niger<\/title>\n<meta name=\"description\" content=\"30 Ao\u00fbt (ANP) - Le pr\u00e9sident du Conseil Sup\u00e9rieur de la Communication (CSC), Dr Kabirou Sani a pr\u00e9sid\u00e9, ce lundi 30 ao\u00fbt ...\" \/>\n<meta name=\"robots\" content=\"index, follow, max-snippet:-1, max-image-preview:large, max-video-preview:-1\" \/>\n<link rel=\"canonical\" href=\"https:\/\/www.africa-press.net\/niger\/politique\/dosso-debut-dun-atelier-de-vulgarisation-des-textes-du-csc-dans-la-region\" \/>\n<meta property=\"og:locale\" content=\"fr_FR\" \/>\n<meta property=\"og:type\" content=\"article\" \/>\n<meta property=\"og:title\" content=\"Dosso\u00a0: D\u00e9but d\u2019un atelier de vulgarisation des textes du CSC dans la r\u00e9gion\" \/>\n<meta property=\"og:description\" content=\"30 Ao\u00fbt (ANP) - Le pr\u00e9sident du Conseil Sup\u00e9rieur de la Communication (CSC), Dr Kabirou Sani a pr\u00e9sid\u00e9, ce lundi 30 ao\u00fbt ...\" \/>\n<meta property=\"og:url\" content=\"https:\/\/www.africa-press.net\/niger\/politique\/dosso-debut-dun-atelier-de-vulgarisation-des-textes-du-csc-dans-la-region\" \/>\n<meta property=\"og:site_name\" content=\"niger\" \/>\n<meta property=\"article:published_time\" content=\"2021-08-30T18:02:50+00:00\" \/>\n<meta property=\"og:image\" content=\"https:\/\/static.africa-press.net\/niger\/sites\/40\/2021\/08\/img-612d094459d9d.jpg\" \/>\n\t<meta property=\"og:image:width\" content=\"1080\" \/>\n\t<meta property=\"og:image:height\" content=\"810\" \/>\n\t<meta property=\"og:image:type\" content=\"image\/jpeg\" \/>\n<meta name=\"author\" content=\"cfeditorfr\" \/>\n<meta name=\"twitter:card\" content=\"summary_large_image\" \/>\n<meta name=\"twitter:label1\" content=\"\u00c9crit par\" \/>\n\t<meta name=\"twitter:data1\" content=\"cfeditorfr\" \/>\n\t<meta name=\"twitter:label2\" content=\"Dur\u00e9e de lecture estim\u00e9e\" \/>\n\t<meta name=\"twitter:data2\" content=\"4 minutes\" \/>\n<script type=\"application\/ld+json\" class=\"yoast-schema-graph\">{\"@context\":\"https:\/\/schema.org\",\"@graph\":[{\"@type\":\"Article\",\"@id\":\"https:\/\/www.africa-press.net\/niger\/politique\/dosso-debut-dun-atelier-de-vulgarisation-des-textes-du-csc-dans-la-region#article\",\"isPartOf\":{\"@id\":\"https:\/\/www.africa-press.net\/niger\/politique\/dosso-debut-dun-atelier-de-vulgarisation-des-textes-du-csc-dans-la-region\"},\"author\":{\"name\":\"cfeditorfr\",\"@id\":\"https:\/\/www.africa-press.net\/niger\/#\/schema\/person\/2b1cf3cd81a31e3cd26889ca66d677f1\"},\"headline\":\"Dosso\u00a0: D\u00e9but d\u2019un atelier de vulgarisation des textes du CSC dans la r\u00e9gion\",\"datePublished\":\"2021-08-30T18:02:50+00:00\",\"mainEntityOfPage\":{\"@id\":\"https:\/\/www.africa-press.net\/niger\/politique\/dosso-debut-dun-atelier-de-vulgarisation-des-textes-du-csc-dans-la-region\"},\"wordCount\":825,\"commentCount\":0,\"image\":{\"@id\":\"https:\/\/www.africa-press.net\/niger\/politique\/dosso-debut-dun-atelier-de-vulgarisation-des-textes-du-csc-dans-la-region#primaryimage\"},\"thumbnailUrl\":\"https:\/\/static.africa-press.net\/niger\/sites\/40\/2021\/08\/img-612d094459d9d.jpg\",\"keywords\":[\"Africa Press\",\"Africa Press-Niger\",\"Niger\"],\"articleSection\":[\"homepage-french\",\"Politique\",\"Toutes les actualit\u00e9s\"],\"inLanguage\":\"fr-FR\",\"potentialAction\":[{\"@type\":\"CommentAction\",\"name\":\"Comment\",\"target\":[\"https:\/\/www.africa-press.net\/niger\/politique\/dosso-debut-dun-atelier-de-vulgarisation-des-textes-du-csc-dans-la-region#respond\"]}]},{\"@type\":\"WebPage\",\"@id\":\"https:\/\/www.africa-press.net\/niger\/politique\/dosso-debut-dun-atelier-de-vulgarisation-des-textes-du-csc-dans-la-region\",\"url\":\"https:\/\/www.africa-press.net\/niger\/politique\/dosso-debut-dun-atelier-de-vulgarisation-des-textes-du-csc-dans-la-region\",\"name\":\"Dosso\u00a0: D\u00e9but d\u2019un atelier de vulgarisation des textes du CSC dans la r\u00e9gion - niger\",\"isPartOf\":{\"@id\":\"https:\/\/www.africa-press.net\/niger\/#website\"},\"primaryImageOfPage\":{\"@id\":\"https:\/\/www.africa-press.net\/niger\/politique\/dosso-debut-dun-atelier-de-vulgarisation-des-textes-du-csc-dans-la-region#primaryimage\"},\"image\":{\"@id\":\"https:\/\/www.africa-press.net\/niger\/politique\/dosso-debut-dun-atelier-de-vulgarisation-des-textes-du-csc-dans-la-region#primaryimage\"},\"thumbnailUrl\":\"https:\/\/static.africa-press.net\/niger\/sites\/40\/2021\/08\/img-612d094459d9d.jpg\",\"datePublished\":\"2021-08-30T18:02:50+00:00\",\"author\":{\"@id\":\"https:\/\/www.africa-press.net\/niger\/#\/schema\/person\/2b1cf3cd81a31e3cd26889ca66d677f1\"},\"description\":\"30 Ao\u00fbt (ANP) - Le pr\u00e9sident du Conseil Sup\u00e9rieur de la Communication (CSC), Dr Kabirou Sani a pr\u00e9sid\u00e9, ce lundi 30 ao\u00fbt ...\",\"breadcrumb\":{\"@id\":\"https:\/\/www.africa-press.net\/niger\/politique\/dosso-debut-dun-atelier-de-vulgarisation-des-textes-du-csc-dans-la-region#breadcrumb\"},\"inLanguage\":\"fr-FR\",\"potentialAction\":[{\"@type\":\"ReadAction\",\"target\":[\"https:\/\/www.africa-press.net\/niger\/politique\/dosso-debut-dun-atelier-de-vulgarisation-des-textes-du-csc-dans-la-region\"]}]},{\"@type\":\"ImageObject\",\"inLanguage\":\"fr-FR\",\"@id\":\"https:\/\/www.africa-press.net\/niger\/politique\/dosso-debut-dun-atelier-de-vulgarisation-des-textes-du-csc-dans-la-region#primaryimage\",\"url\":\"https:\/\/static.africa-press.net\/niger\/sites\/40\/2021\/08\/img-612d094459d9d.jpg\",\"contentUrl\":\"https:\/\/static.africa-press.net\/niger\/sites\/40\/2021\/08\/img-612d094459d9d.jpg\",\"width\":1080,\"height\":810,\"caption\":\"Dosso\u00a0: D\u00e9but d\u2019un atelier de vulgarisation des textes du CSC dans la r\u00e9gion\"},{\"@type\":\"BreadcrumbList\",\"@id\":\"https:\/\/www.africa-press.net\/niger\/politique\/dosso-debut-dun-atelier-de-vulgarisation-des-textes-du-csc-dans-la-region#breadcrumb\",\"itemListElement\":[{\"@type\":\"ListItem\",\"position\":1,\"name\":\"Accueil\",\"item\":\"https:\/\/www.africa-press.net\/niger\/\"},{\"@type\":\"ListItem\",\"position\":2,\"name\":\"Dosso\u00a0: D\u00e9but d\u2019un atelier de vulgarisation des textes du CSC dans la r\u00e9gion\"}]},{\"@type\":\"WebSite\",\"@id\":\"https:\/\/www.africa-press.net\/niger\/#website\",\"url\":\"https:\/\/www.africa-press.net\/niger\/\",\"name\":\"niger\",\"description\":\"Just another Africa News Agency Sites site\",\"potentialAction\":[{\"@type\":\"SearchAction\",\"target\":{\"@type\":\"EntryPoint\",\"urlTemplate\":\"https:\/\/www.africa-press.net\/niger\/?s={search_term_string}\"},\"query-input\":{\"@type\":\"PropertyValueSpecification\",\"valueRequired\":true,\"valueName\":\"search_term_string\"}}],\"inLanguage\":\"fr-FR\"},{\"@type\":\"Person\",\"@id\":\"https:\/\/www.africa-press.net\/niger\/#\/schema\/person\/2b1cf3cd81a31e3cd26889ca66d677f1\",\"name\":\"cfeditorfr\"}]}<\/script>\n<!-- \/ Yoast SEO Premium plugin. -->","yoast_head_json":{"title":"Dosso\u00a0: D\u00e9but d\u2019un atelier de vulgarisation des textes du CSC dans la r\u00e9gion - niger","description":"30 Ao\u00fbt (ANP) - Le pr\u00e9sident du Conseil Sup\u00e9rieur de la Communication (CSC), Dr Kabirou Sani a pr\u00e9sid\u00e9, ce lundi 30 ao\u00fbt ...","robots":{"index":"index","follow":"follow","max-snippet":"max-snippet:-1","max-image-preview":"max-image-preview:large","max-video-preview":"max-video-preview:-1"},"canonical":"https:\/\/www.africa-press.net\/niger\/politique\/dosso-debut-dun-atelier-de-vulgarisation-des-textes-du-csc-dans-la-region","og_locale":"fr_FR","og_type":"article","og_title":"Dosso\u00a0: D\u00e9but d\u2019un atelier de vulgarisation des textes du CSC dans la r\u00e9gion","og_description":"30 Ao\u00fbt (ANP) - Le pr\u00e9sident du Conseil Sup\u00e9rieur de la Communication (CSC), Dr Kabirou Sani a pr\u00e9sid\u00e9, ce lundi 30 ao\u00fbt ...","og_url":"https:\/\/www.africa-press.net\/niger\/politique\/dosso-debut-dun-atelier-de-vulgarisation-des-textes-du-csc-dans-la-region","og_site_name":"niger","article_published_time":"2021-08-30T18:02:50+00:00","og_image":[{"width":1080,"height":810,"url":"https:\/\/static.africa-press.net\/niger\/sites\/40\/2021\/08\/img-612d094459d9d.jpg","type":"image\/jpeg"}],"author":"cfeditorfr","twitter_card":"summary_large_image","twitter_misc":{"\u00c9crit par":"cfeditorfr","Dur\u00e9e de lecture estim\u00e9e":"4 minutes"},"schema":{"@context":"https:\/\/schema.org","@graph":[{"@type":"Article","@id":"https:\/\/www.africa-press.net\/niger\/politique\/dosso-debut-dun-atelier-de-vulgarisation-des-textes-du-csc-dans-la-region#article","isPartOf":{"@id":"https:\/\/www.africa-press.net\/niger\/politique\/dosso-debut-dun-atelier-de-vulgarisation-des-textes-du-csc-dans-la-region"},"author":{"name":"cfeditorfr","@id":"https:\/\/www.africa-press.net\/niger\/#\/schema\/person\/2b1cf3cd81a31e3cd26889ca66d677f1"},"headline":"Dosso\u00a0: D\u00e9but d\u2019un atelier de vulgarisation des textes du CSC dans la r\u00e9gion","datePublished":"2021-08-30T18:02:50+00:00","mainEntityOfPage":{"@id":"https:\/\/www.africa-press.net\/niger\/politique\/dosso-debut-dun-atelier-de-vulgarisation-des-textes-du-csc-dans-la-region"},"wordCount":825,"commentCount":0,"image":{"@id":"https:\/\/www.africa-press.net\/niger\/politique\/dosso-debut-dun-atelier-de-vulgarisation-des-textes-du-csc-dans-la-region#primaryimage"},"thumbnailUrl":"https:\/\/static.africa-press.net\/niger\/sites\/40\/2021\/08\/img-612d094459d9d.jpg","keywords":["Africa Press","Africa Press-Niger","Niger"],"articleSection":["homepage-french","Politique","Toutes les actualit\u00e9s"],"inLanguage":"fr-FR","potentialAction":[{"@type":"CommentAction","name":"Comment","target":["https:\/\/www.africa-press.net\/niger\/politique\/dosso-debut-dun-atelier-de-vulgarisation-des-textes-du-csc-dans-la-region#respond"]}]},{"@type":"WebPage","@id":"https:\/\/www.africa-press.net\/niger\/politique\/dosso-debut-dun-atelier-de-vulgarisation-des-textes-du-csc-dans-la-region","url":"https:\/\/www.africa-press.net\/niger\/politique\/dosso-debut-dun-atelier-de-vulgarisation-des-textes-du-csc-dans-la-region","name":"Dosso\u00a0: D\u00e9but d\u2019un atelier de vulgarisation des textes du CSC dans la r\u00e9gion - niger","isPartOf":{"@id":"https:\/\/www.africa-press.net\/niger\/#website"},"primaryImageOfPage":{"@id":"https:\/\/www.africa-press.net\/niger\/politique\/dosso-debut-dun-atelier-de-vulgarisation-des-textes-du-csc-dans-la-region#primaryimage"},"image":{"@id":"https:\/\/www.africa-press.net\/niger\/politique\/dosso-debut-dun-atelier-de-vulgarisation-des-textes-du-csc-dans-la-region#primaryimage"},"thumbnailUrl":"https:\/\/static.africa-press.net\/niger\/sites\/40\/2021\/08\/img-612d094459d9d.jpg","datePublished":"2021-08-30T18:02:50+00:00","author":{"@id":"https:\/\/www.africa-press.net\/niger\/#\/schema\/person\/2b1cf3cd81a31e3cd26889ca66d677f1"},"description":"30 Ao\u00fbt (ANP) - Le pr\u00e9sident du Conseil Sup\u00e9rieur de la Communication (CSC), Dr Kabirou Sani a pr\u00e9sid\u00e9, ce lundi 30 ao\u00fbt ...","breadcrumb":{"@id":"https:\/\/www.africa-press.net\/niger\/politique\/dosso-debut-dun-atelier-de-vulgarisation-des-textes-du-csc-dans-la-region#breadcrumb"},"inLanguage":"fr-FR","potentialAction":[{"@type":"ReadAction","target":["https:\/\/www.africa-press.net\/niger\/politique\/dosso-debut-dun-atelier-de-vulgarisation-des-textes-du-csc-dans-la-region"]}]},{"@type":"ImageObject","inLanguage":"fr-FR","@id":"https:\/\/www.africa-press.net\/niger\/politique\/dosso-debut-dun-atelier-de-vulgarisation-des-textes-du-csc-dans-la-region#primaryimage","url":"https:\/\/static.africa-press.net\/niger\/sites\/40\/2021\/08\/img-612d094459d9d.jpg","contentUrl":"https:\/\/static.africa-press.net\/niger\/sites\/40\/2021\/08\/img-612d094459d9d.jpg","width":1080,"height":810,"caption":"Dosso\u00a0: D\u00e9but d\u2019un atelier de vulgarisation des textes du CSC dans la r\u00e9gion"},{"@type":"BreadcrumbList","@id":"https:\/\/www.africa-press.net\/niger\/politique\/dosso-debut-dun-atelier-de-vulgarisation-des-textes-du-csc-dans-la-region#breadcrumb","itemListElement":[{"@type":"ListItem","position":1,"name":"Accueil","item":"https:\/\/www.africa-press.net\/niger\/"},{"@type":"ListItem","position":2,"name":"Dosso\u00a0: D\u00e9but d\u2019un atelier de vulgarisation des textes du CSC dans la r\u00e9gion"}]},{"@type":"WebSite","@id":"https:\/\/www.africa-press.net\/niger\/#website","url":"https:\/\/www.africa-press.net\/niger\/","name":"niger","description":"Just another Africa News Agency Sites site","potentialAction":[{"@type":"SearchAction","target":{"@type":"EntryPoint","urlTemplate":"https:\/\/www.africa-press.net\/niger\/?s={search_term_string}"},"query-input":{"@type":"PropertyValueSpecification","valueRequired":true,"valueName":"search_term_string"}}],"inLanguage":"fr-FR"},{"@type":"Person","@id":"https:\/\/www.africa-press.net\/niger\/#\/schema\/person\/2b1cf3cd81a31e3cd26889ca66d677f1","name":"cfeditorfr"}]}},"_links":{"self":[{"href":"https:\/\/www.africa-press.net\/niger\/wp-json\/wp\/v2\/posts\/10914","targetHints":{"allow":["GET"]}}],"collection":[{"href":"https:\/\/www.africa-press.net\/niger\/wp-json\/wp\/v2\/posts"}],"about":[{"href":"https:\/\/www.africa-press.net\/niger\/wp-json\/wp\/v2\/types\/post"}],"author":[{"embeddable":true,"href":"https:\/\/www.africa-press.net\/niger\/wp-json\/wp\/v2\/users\/82"}],"replies":[{"embeddable":true,"href":"https:\/\/www.africa-press.net\/niger\/wp-json\/wp\/v2\/comments?post=10914"}],"version-history":[{"count":0,"href":"https:\/\/www.africa-press.net\/niger\/wp-json\/wp\/v2\/posts\/10914\/revisions"}],"wp:featuredmedia":[{"embeddable":true,"href":"https:\/\/www.africa-press.net\/niger\/wp-json\/wp\/v2\/media\/10913"}],"wp:attachment":[{"href":"https:\/\/www.africa-press.net\/niger\/wp-json\/wp\/v2\/media?parent=10914"}],"wp:term":[{"taxonomy":"category","embeddable":true,"href":"https:\/\/www.africa-press.net\/niger\/wp-json\/wp\/v2\/categories?post=10914"},{"taxonomy":"post_tag","embeddable":true,"href":"https:\/\/www.africa-press.net\/niger\/wp-json\/wp\/v2\/tags?post=10914"}],"curies":[{"name":"wp","href":"https:\/\/api.w.org\/{rel}","templated":true}]}}