{"id":10918,"date":"2021-08-30T18:14:59","date_gmt":"2021-08-30T18:14:59","guid":{"rendered":"https:\/\/www.africa-press.net\/niger\/?p=10918"},"modified":"2021-08-30T16:40:27","modified_gmt":"2021-08-30T16:40:27","slug":"plafonnement-des-frais-de-scolarite-dans-les-etablissements-prives-de-lenseignement-general-installation-officielle-du-comite-technique-charge-de-reflechir-sur-la-question","status":"publish","type":"post","link":"https:\/\/www.africa-press.net\/niger\/toutes-les-actualites\/plafonnement-des-frais-de-scolarite-dans-les-etablissements-prives-de-lenseignement-general-installation-officielle-du-comite-technique-charge-de-reflechir-sur-la-question","title":{"rendered":"Plafonnement des frais de scolarit\u00e9 dans les \u00e9tablissements priv\u00e9s de l\u2019enseignement g\u00e9n\u00e9ral : Installation officielle du comit\u00e9 technique charg\u00e9 de r\u00e9fl\u00e9chir sur la question"},"content":{"rendered":"<p><span style=\"color: #ff6600\"><strong><a href=\"https:\/\/www.africa-press.net\/\">Africa-Press<\/a> &#8211; <a href=\"https:\/\/www.africa-press.net\/niger\">Niger<\/a>. <\/strong><\/span>Le ministre du Commerce, de l\u2019Industrie et de l\u2019Entreprenariat des jeunes M. Gado Sabo Moctar a proc\u00e9d\u00e9 le vendredi 27 ao\u00fbt dernier \u00e0 l\u2019installation officielle du comit\u00e9 technique charg\u00e9 de r\u00e9fl\u00e9chir sur les frais de scolarit\u00e9 dans les \u00e9tablissements priv\u00e9s de l\u2019enseignement g\u00e9n\u00e9ral. Ce comit\u00e9 sur lequel l\u2019Etat fonde l\u2019espoir de revoir \u00e0 la baisse les frais scolaires qui progressent significativement \u00e0 chaque rentr\u00e9e est compos\u00e9 de 25 membres issus des services techniques de l\u2019Etat, des fondateurs des \u00e9tablissements priv\u00e9s, des repr\u00e9sentants de la soci\u00e9t\u00e9 civile concern\u00e9e par le sujet. L\u2019installation s\u2019est d\u00e9roul\u00e9e en pr\u00e9sence du ministre de l\u2019Education nationale, venu apporter son soutien au comit\u00e9.<\/p>\n<p>Dans son intervention, le ministre du Commerce, de l\u2019industrie et de l\u2019entreprenariat des jeunes a indiqu\u00e9 que les membres du comit\u00e9 technique, choisis par leurs structures respectives sur la base de leurs comp\u00e9tences, ont pour r\u00f4le d\u2019aider l\u2019Etat du Niger \u00ab\u00e0 diminuer la souffrance des parents d\u2019\u00e9l\u00e8ves\u00bb qui parviennent difficilement \u00e0 inscrire leurs enfants dans les \u00e9tablissements priv\u00e9s. \u00abJe suis persuad\u00e9 qu\u2019en tant que partenaires du syst\u00e8me \u00e9ducatif nig\u00e9rien, parents d\u2019\u00e9l\u00e8ves et \u00e9ducateurs, vous saurez trouver ensemble les solutions salutaires permettant aux parents d\u2019\u00e9l\u00e8ves les plus d\u00e9munis d\u2019inscrire leurs enfants\u00bb, a-t-il dit.<\/p>\n<p>Le Ministre Gado Sabo Moctar a rappel\u00e9 que le syst\u00e8me \u00e9ducatif du pays est confront\u00e9 \u00e0 plusieurs difficult\u00e9s. Parmi ces derni\u00e8res, il \u00e9num\u00e8re la faiblesse des capacit\u00e9s de l\u2019apprentissage, la faiblesse de la capacit\u00e9 des enseignants, l\u2019augmentation excessive des frais de scolarit\u00e9 des \u00e9tablissements priv\u00e9s de l\u2019enseignement g\u00e9n\u00e9ral qui croissent d\u2019ann\u00e9e en ann\u00e9e et la variation des frais de scolarit\u00e9 pour des prestations \u00e9quivalentes d\u2019un \u00e9tablissement \u00e0 un autre. Il a aussi rappel\u00e9 l\u2019engagement pris par le Chef de l\u2019Etat \u00abde veiller personnellement \u00e0 ce que le secteur de l\u2019\u00e9ducation soit au centre de toutes les actions du Gouvernement, car le d\u00e9veloppement d\u2019un pays d\u00e9pend forcement de son syst\u00e8me \u00e9ducatif\u00bb.<\/p>\n<p>Pour le ministre de l\u2019Education nationale, M. Rabiou Ousman, l\u2019enseignement priv\u00e9 constitue un maillon important dans le syst\u00e8me \u00e9ducatif nig\u00e9rien. Ce qui lui vaut une place de choix dans les programmes \u00e9conomiques et sociaux du gouvernement. Avec un effectif de 123.045 \u00e9l\u00e8ves au primaire et 108.982 au secondaire, a-t-il ajout\u00e9, l\u2019apport de l\u2019enseignement priv\u00e9 dans le d\u00e9veloppement de l\u2019\u00e9ducation au Niger n\u2019est plus \u00e0 d\u00e9montr\u00e9. \u00abIl contribue significativement \u00e0 l\u2019accroissement de la capacit\u00e9 d\u2019accueil dans nos \u00e9tablissements, \u00e0 la r\u00e9tention des filles \u00e0 l\u2019\u00e9cole et au d\u00e9veloppement du capital humain qui sont respectivement l\u2019axe 1, 2 et 3 de la politique \u00e9ducative du gouvernement\u00bb, a-t-il pr\u00e9cis\u00e9.<\/p>\n<p>L\u2019installation du comit\u00e9 technique fait suite au d\u00e9cret N\u00b0 2020-902\/PRN\/MC\/PSP du 11 d\u00e9cembre 2020 fixant la liste des produits et services dont les prix sont d\u00e9termin\u00e9s par arr\u00eat\u00e9 du ministre du commerce, et l\u2019arr\u00eat\u00e9 N\u00b0 0045\/MC\/I\/EJ\/DGC\/DCI\/LCVC du 5 juillet 2021 qui a cr\u00e9\u00e9 le comit\u00e9 technique. Les membres du comit\u00e9 ont pour objet de faire des propositions de frais de scolarit\u00e9 des \u00e9tablissements priv\u00e9s de l\u2019enseignement g\u00e9n\u00e9ral, du pr\u00e9scolaire au lyc\u00e9e, tout en examinant toutes les charges entrant dans la composition desdits frais.<\/p>\n<p><b>Souleymane Yahaya(onep)<\/b><\/p>\n","protected":false},"excerpt":{"rendered":"<p>Africa-Press &#8211; Niger. Le ministre du Commerce, de l\u2019Industrie et de l\u2019Entreprenariat des jeunes M. Gado Sabo Moctar a proc\u00e9d\u00e9 le vendredi 27 ao\u00fbt dernier \u00e0 l\u2019installation officielle du comit\u00e9 technique charg\u00e9 de r\u00e9fl\u00e9chir sur les frais de scolarit\u00e9 dans les \u00e9tablissements priv\u00e9s de l\u2019enseignement g\u00e9n\u00e9ral. Ce comit\u00e9 sur lequel l\u2019Etat fonde l\u2019espoir de revoir [&hellip;]<\/p>\n","protected":false},"author":82,"featured_media":10917,"comment_status":"open","ping_status":"closed","sticky":false,"template":"","format":"standard","meta":{"footnotes":""},"categories":[21,11,20,10],"tags":[55,60,29],"class_list":["post-10918","post","type-post","status-publish","format-standard","has-post-thumbnail","hentry","category-communaute","category-homepage-french","category-top-nouvelles","category-toutes-les-actualites","tag-africa-press","tag-africa-press-niger","tag-niger"],"yoast_head":"<!-- This site is optimized with the Yoast SEO Premium plugin v26.1 (Yoast SEO v27.0) - https:\/\/yoast.com\/product\/yoast-seo-premium-wordpress\/ -->\n<title>Plafonnement des frais de scolarit\u00e9 dans les \u00e9tablissements priv\u00e9s de l\u2019enseignement g\u00e9n\u00e9ral : Installation officielle du comit\u00e9 technique charg\u00e9 de r\u00e9fl\u00e9chir sur la question - niger<\/title>\n<meta name=\"description\" content=\"\ufeffLe ministre du Commerce, de l\u2019Industrie et de l\u2019Entreprenariat des jeunes M. Gado Sabo Moctar a proc\u00e9d\u00e9 le vendredi 27 ...\" \/>\n<meta name=\"robots\" content=\"index, follow, max-snippet:-1, max-image-preview:large, max-video-preview:-1\" \/>\n<link rel=\"canonical\" href=\"https:\/\/www.africa-press.net\/niger\/toutes-les-actualites\/plafonnement-des-frais-de-scolarite-dans-les-etablissements-prives-de-lenseignement-general-installation-officielle-du-comite-technique-charge-de-reflechir-sur-la-question\" \/>\n<meta property=\"og:locale\" content=\"fr_FR\" \/>\n<meta property=\"og:type\" content=\"article\" \/>\n<meta property=\"og:title\" content=\"Plafonnement des frais de scolarit\u00e9 dans les \u00e9tablissements priv\u00e9s de l\u2019enseignement g\u00e9n\u00e9ral : Installation officielle du comit\u00e9 technique charg\u00e9 de r\u00e9fl\u00e9chir sur la question\" \/>\n<meta property=\"og:description\" content=\"\ufeffLe ministre du Commerce, de l\u2019Industrie et de l\u2019Entreprenariat des jeunes M. Gado Sabo Moctar a proc\u00e9d\u00e9 le vendredi 27 ...\" \/>\n<meta property=\"og:url\" content=\"https:\/\/www.africa-press.net\/niger\/toutes-les-actualites\/plafonnement-des-frais-de-scolarite-dans-les-etablissements-prives-de-lenseignement-general-installation-officielle-du-comite-technique-charge-de-reflechir-sur-la-question\" \/>\n<meta property=\"og:site_name\" content=\"niger\" \/>\n<meta property=\"article:published_time\" content=\"2021-08-30T18:14:59+00:00\" \/>\n<meta property=\"og:image\" content=\"https:\/\/static.africa-press.net\/niger\/sites\/40\/2021\/08\/img-612d09c58f38f.jpg\" \/>\n\t<meta property=\"og:image:width\" content=\"720\" \/>\n\t<meta property=\"og:image:height\" content=\"432\" \/>\n\t<meta property=\"og:image:type\" content=\"image\/jpeg\" \/>\n<meta name=\"author\" content=\"cfeditorfr\" \/>\n<meta name=\"twitter:card\" content=\"summary_large_image\" \/>\n<meta name=\"twitter:label1\" content=\"\u00c9crit par\" \/>\n\t<meta name=\"twitter:data1\" content=\"cfeditorfr\" \/>\n\t<meta name=\"twitter:label2\" content=\"Dur\u00e9e de lecture estim\u00e9e\" \/>\n\t<meta name=\"twitter:data2\" content=\"3 minutes\" \/>\n<script type=\"application\/ld+json\" class=\"yoast-schema-graph\">{\"@context\":\"https:\/\/schema.org\",\"@graph\":[{\"@type\":\"Article\",\"@id\":\"https:\/\/www.africa-press.net\/niger\/toutes-les-actualites\/plafonnement-des-frais-de-scolarite-dans-les-etablissements-prives-de-lenseignement-general-installation-officielle-du-comite-technique-charge-de-reflechir-sur-la-question#article\",\"isPartOf\":{\"@id\":\"https:\/\/www.africa-press.net\/niger\/toutes-les-actualites\/plafonnement-des-frais-de-scolarite-dans-les-etablissements-prives-de-lenseignement-general-installation-officielle-du-comite-technique-charge-de-reflechir-sur-la-question\"},\"author\":{\"name\":\"cfeditorfr\",\"@id\":\"https:\/\/www.africa-press.net\/niger\/#\/schema\/person\/2b1cf3cd81a31e3cd26889ca66d677f1\"},\"headline\":\"Plafonnement des frais de scolarit\u00e9 dans les \u00e9tablissements priv\u00e9s de l\u2019enseignement g\u00e9n\u00e9ral : Installation officielle du comit\u00e9 technique charg\u00e9 de r\u00e9fl\u00e9chir sur la question\",\"datePublished\":\"2021-08-30T18:14:59+00:00\",\"mainEntityOfPage\":{\"@id\":\"https:\/\/www.africa-press.net\/niger\/toutes-les-actualites\/plafonnement-des-frais-de-scolarite-dans-les-etablissements-prives-de-lenseignement-general-installation-officielle-du-comite-technique-charge-de-reflechir-sur-la-question\"},\"wordCount\":614,\"commentCount\":0,\"image\":{\"@id\":\"https:\/\/www.africa-press.net\/niger\/toutes-les-actualites\/plafonnement-des-frais-de-scolarite-dans-les-etablissements-prives-de-lenseignement-general-installation-officielle-du-comite-technique-charge-de-reflechir-sur-la-question#primaryimage\"},\"thumbnailUrl\":\"https:\/\/static.africa-press.net\/niger\/sites\/40\/2021\/08\/img-612d09c58f38f.jpg\",\"keywords\":[\"Africa Press\",\"Africa Press-Niger\",\"Niger\"],\"articleSection\":[\"Communaut\u00e9\",\"homepage-french\",\"Top Nouvelles\",\"Toutes les actualit\u00e9s\"],\"inLanguage\":\"fr-FR\",\"potentialAction\":[{\"@type\":\"CommentAction\",\"name\":\"Comment\",\"target\":[\"https:\/\/www.africa-press.net\/niger\/toutes-les-actualites\/plafonnement-des-frais-de-scolarite-dans-les-etablissements-prives-de-lenseignement-general-installation-officielle-du-comite-technique-charge-de-reflechir-sur-la-question#respond\"]}]},{\"@type\":\"WebPage\",\"@id\":\"https:\/\/www.africa-press.net\/niger\/toutes-les-actualites\/plafonnement-des-frais-de-scolarite-dans-les-etablissements-prives-de-lenseignement-general-installation-officielle-du-comite-technique-charge-de-reflechir-sur-la-question\",\"url\":\"https:\/\/www.africa-press.net\/niger\/toutes-les-actualites\/plafonnement-des-frais-de-scolarite-dans-les-etablissements-prives-de-lenseignement-general-installation-officielle-du-comite-technique-charge-de-reflechir-sur-la-question\",\"name\":\"Plafonnement des frais de scolarit\u00e9 dans les \u00e9tablissements priv\u00e9s de l\u2019enseignement g\u00e9n\u00e9ral : Installation officielle du comit\u00e9 technique charg\u00e9 de r\u00e9fl\u00e9chir sur la question - niger\",\"isPartOf\":{\"@id\":\"https:\/\/www.africa-press.net\/niger\/#website\"},\"primaryImageOfPage\":{\"@id\":\"https:\/\/www.africa-press.net\/niger\/toutes-les-actualites\/plafonnement-des-frais-de-scolarite-dans-les-etablissements-prives-de-lenseignement-general-installation-officielle-du-comite-technique-charge-de-reflechir-sur-la-question#primaryimage\"},\"image\":{\"@id\":\"https:\/\/www.africa-press.net\/niger\/toutes-les-actualites\/plafonnement-des-frais-de-scolarite-dans-les-etablissements-prives-de-lenseignement-general-installation-officielle-du-comite-technique-charge-de-reflechir-sur-la-question#primaryimage\"},\"thumbnailUrl\":\"https:\/\/static.africa-press.net\/niger\/sites\/40\/2021\/08\/img-612d09c58f38f.jpg\",\"datePublished\":\"2021-08-30T18:14:59+00:00\",\"author\":{\"@id\":\"https:\/\/www.africa-press.net\/niger\/#\/schema\/person\/2b1cf3cd81a31e3cd26889ca66d677f1\"},\"description\":\"\ufeffLe ministre du Commerce, de l\u2019Industrie et de l\u2019Entreprenariat des jeunes M. Gado Sabo Moctar a proc\u00e9d\u00e9 le vendredi 27 ...\",\"breadcrumb\":{\"@id\":\"https:\/\/www.africa-press.net\/niger\/toutes-les-actualites\/plafonnement-des-frais-de-scolarite-dans-les-etablissements-prives-de-lenseignement-general-installation-officielle-du-comite-technique-charge-de-reflechir-sur-la-question#breadcrumb\"},\"inLanguage\":\"fr-FR\",\"potentialAction\":[{\"@type\":\"ReadAction\",\"target\":[\"https:\/\/www.africa-press.net\/niger\/toutes-les-actualites\/plafonnement-des-frais-de-scolarite-dans-les-etablissements-prives-de-lenseignement-general-installation-officielle-du-comite-technique-charge-de-reflechir-sur-la-question\"]}]},{\"@type\":\"ImageObject\",\"inLanguage\":\"fr-FR\",\"@id\":\"https:\/\/www.africa-press.net\/niger\/toutes-les-actualites\/plafonnement-des-frais-de-scolarite-dans-les-etablissements-prives-de-lenseignement-general-installation-officielle-du-comite-technique-charge-de-reflechir-sur-la-question#primaryimage\",\"url\":\"https:\/\/static.africa-press.net\/niger\/sites\/40\/2021\/08\/img-612d09c58f38f.jpg\",\"contentUrl\":\"https:\/\/static.africa-press.net\/niger\/sites\/40\/2021\/08\/img-612d09c58f38f.jpg\",\"width\":720,\"height\":432,\"caption\":\"Plafonnement des frais de scolarit\u00e9 dans les \u00e9tablissements priv\u00e9s de l\u2019enseignement g\u00e9n\u00e9ral : Installation officielle du comit\u00e9 technique charg\u00e9 de r\u00e9fl\u00e9chir sur la question\"},{\"@type\":\"BreadcrumbList\",\"@id\":\"https:\/\/www.africa-press.net\/niger\/toutes-les-actualites\/plafonnement-des-frais-de-scolarite-dans-les-etablissements-prives-de-lenseignement-general-installation-officielle-du-comite-technique-charge-de-reflechir-sur-la-question#breadcrumb\",\"itemListElement\":[{\"@type\":\"ListItem\",\"position\":1,\"name\":\"Accueil\",\"item\":\"https:\/\/www.africa-press.net\/niger\/\"},{\"@type\":\"ListItem\",\"position\":2,\"name\":\"Plafonnement des frais de scolarit\u00e9 dans les \u00e9tablissements priv\u00e9s de l\u2019enseignement g\u00e9n\u00e9ral : Installation officielle du comit\u00e9 technique charg\u00e9 de r\u00e9fl\u00e9chir sur la question\"}]},{\"@type\":\"WebSite\",\"@id\":\"https:\/\/www.africa-press.net\/niger\/#website\",\"url\":\"https:\/\/www.africa-press.net\/niger\/\",\"name\":\"niger\",\"description\":\"Just another Africa News Agency Sites site\",\"potentialAction\":[{\"@type\":\"SearchAction\",\"target\":{\"@type\":\"EntryPoint\",\"urlTemplate\":\"https:\/\/www.africa-press.net\/niger\/?s={search_term_string}\"},\"query-input\":{\"@type\":\"PropertyValueSpecification\",\"valueRequired\":true,\"valueName\":\"search_term_string\"}}],\"inLanguage\":\"fr-FR\"},{\"@type\":\"Person\",\"@id\":\"https:\/\/www.africa-press.net\/niger\/#\/schema\/person\/2b1cf3cd81a31e3cd26889ca66d677f1\",\"name\":\"cfeditorfr\"}]}<\/script>\n<!-- \/ Yoast SEO Premium plugin. -->","yoast_head_json":{"title":"Plafonnement des frais de scolarit\u00e9 dans les \u00e9tablissements priv\u00e9s de l\u2019enseignement g\u00e9n\u00e9ral : Installation officielle du comit\u00e9 technique charg\u00e9 de r\u00e9fl\u00e9chir sur la question - niger","description":"\ufeffLe ministre du Commerce, de l\u2019Industrie et de l\u2019Entreprenariat des jeunes M. Gado Sabo Moctar a proc\u00e9d\u00e9 le vendredi 27 ...","robots":{"index":"index","follow":"follow","max-snippet":"max-snippet:-1","max-image-preview":"max-image-preview:large","max-video-preview":"max-video-preview:-1"},"canonical":"https:\/\/www.africa-press.net\/niger\/toutes-les-actualites\/plafonnement-des-frais-de-scolarite-dans-les-etablissements-prives-de-lenseignement-general-installation-officielle-du-comite-technique-charge-de-reflechir-sur-la-question","og_locale":"fr_FR","og_type":"article","og_title":"Plafonnement des frais de scolarit\u00e9 dans les \u00e9tablissements priv\u00e9s de l\u2019enseignement g\u00e9n\u00e9ral : Installation officielle du comit\u00e9 technique charg\u00e9 de r\u00e9fl\u00e9chir sur la question","og_description":"\ufeffLe ministre du Commerce, de l\u2019Industrie et de l\u2019Entreprenariat des jeunes M. Gado Sabo Moctar a proc\u00e9d\u00e9 le vendredi 27 ...","og_url":"https:\/\/www.africa-press.net\/niger\/toutes-les-actualites\/plafonnement-des-frais-de-scolarite-dans-les-etablissements-prives-de-lenseignement-general-installation-officielle-du-comite-technique-charge-de-reflechir-sur-la-question","og_site_name":"niger","article_published_time":"2021-08-30T18:14:59+00:00","og_image":[{"width":720,"height":432,"url":"https:\/\/static.africa-press.net\/niger\/sites\/40\/2021\/08\/img-612d09c58f38f.jpg","type":"image\/jpeg"}],"author":"cfeditorfr","twitter_card":"summary_large_image","twitter_misc":{"\u00c9crit par":"cfeditorfr","Dur\u00e9e de lecture estim\u00e9e":"3 minutes"},"schema":{"@context":"https:\/\/schema.org","@graph":[{"@type":"Article","@id":"https:\/\/www.africa-press.net\/niger\/toutes-les-actualites\/plafonnement-des-frais-de-scolarite-dans-les-etablissements-prives-de-lenseignement-general-installation-officielle-du-comite-technique-charge-de-reflechir-sur-la-question#article","isPartOf":{"@id":"https:\/\/www.africa-press.net\/niger\/toutes-les-actualites\/plafonnement-des-frais-de-scolarite-dans-les-etablissements-prives-de-lenseignement-general-installation-officielle-du-comite-technique-charge-de-reflechir-sur-la-question"},"author":{"name":"cfeditorfr","@id":"https:\/\/www.africa-press.net\/niger\/#\/schema\/person\/2b1cf3cd81a31e3cd26889ca66d677f1"},"headline":"Plafonnement des frais de scolarit\u00e9 dans les \u00e9tablissements priv\u00e9s de l\u2019enseignement g\u00e9n\u00e9ral : Installation officielle du comit\u00e9 technique charg\u00e9 de r\u00e9fl\u00e9chir sur la question","datePublished":"2021-08-30T18:14:59+00:00","mainEntityOfPage":{"@id":"https:\/\/www.africa-press.net\/niger\/toutes-les-actualites\/plafonnement-des-frais-de-scolarite-dans-les-etablissements-prives-de-lenseignement-general-installation-officielle-du-comite-technique-charge-de-reflechir-sur-la-question"},"wordCount":614,"commentCount":0,"image":{"@id":"https:\/\/www.africa-press.net\/niger\/toutes-les-actualites\/plafonnement-des-frais-de-scolarite-dans-les-etablissements-prives-de-lenseignement-general-installation-officielle-du-comite-technique-charge-de-reflechir-sur-la-question#primaryimage"},"thumbnailUrl":"https:\/\/static.africa-press.net\/niger\/sites\/40\/2021\/08\/img-612d09c58f38f.jpg","keywords":["Africa Press","Africa Press-Niger","Niger"],"articleSection":["Communaut\u00e9","homepage-french","Top Nouvelles","Toutes les actualit\u00e9s"],"inLanguage":"fr-FR","potentialAction":[{"@type":"CommentAction","name":"Comment","target":["https:\/\/www.africa-press.net\/niger\/toutes-les-actualites\/plafonnement-des-frais-de-scolarite-dans-les-etablissements-prives-de-lenseignement-general-installation-officielle-du-comite-technique-charge-de-reflechir-sur-la-question#respond"]}]},{"@type":"WebPage","@id":"https:\/\/www.africa-press.net\/niger\/toutes-les-actualites\/plafonnement-des-frais-de-scolarite-dans-les-etablissements-prives-de-lenseignement-general-installation-officielle-du-comite-technique-charge-de-reflechir-sur-la-question","url":"https:\/\/www.africa-press.net\/niger\/toutes-les-actualites\/plafonnement-des-frais-de-scolarite-dans-les-etablissements-prives-de-lenseignement-general-installation-officielle-du-comite-technique-charge-de-reflechir-sur-la-question","name":"Plafonnement des frais de scolarit\u00e9 dans les \u00e9tablissements priv\u00e9s de l\u2019enseignement g\u00e9n\u00e9ral : Installation officielle du comit\u00e9 technique charg\u00e9 de r\u00e9fl\u00e9chir sur la question - niger","isPartOf":{"@id":"https:\/\/www.africa-press.net\/niger\/#website"},"primaryImageOfPage":{"@id":"https:\/\/www.africa-press.net\/niger\/toutes-les-actualites\/plafonnement-des-frais-de-scolarite-dans-les-etablissements-prives-de-lenseignement-general-installation-officielle-du-comite-technique-charge-de-reflechir-sur-la-question#primaryimage"},"image":{"@id":"https:\/\/www.africa-press.net\/niger\/toutes-les-actualites\/plafonnement-des-frais-de-scolarite-dans-les-etablissements-prives-de-lenseignement-general-installation-officielle-du-comite-technique-charge-de-reflechir-sur-la-question#primaryimage"},"thumbnailUrl":"https:\/\/static.africa-press.net\/niger\/sites\/40\/2021\/08\/img-612d09c58f38f.jpg","datePublished":"2021-08-30T18:14:59+00:00","author":{"@id":"https:\/\/www.africa-press.net\/niger\/#\/schema\/person\/2b1cf3cd81a31e3cd26889ca66d677f1"},"description":"\ufeffLe ministre du Commerce, de l\u2019Industrie et de l\u2019Entreprenariat des jeunes M. Gado Sabo Moctar a proc\u00e9d\u00e9 le vendredi 27 ...","breadcrumb":{"@id":"https:\/\/www.africa-press.net\/niger\/toutes-les-actualites\/plafonnement-des-frais-de-scolarite-dans-les-etablissements-prives-de-lenseignement-general-installation-officielle-du-comite-technique-charge-de-reflechir-sur-la-question#breadcrumb"},"inLanguage":"fr-FR","potentialAction":[{"@type":"ReadAction","target":["https:\/\/www.africa-press.net\/niger\/toutes-les-actualites\/plafonnement-des-frais-de-scolarite-dans-les-etablissements-prives-de-lenseignement-general-installation-officielle-du-comite-technique-charge-de-reflechir-sur-la-question"]}]},{"@type":"ImageObject","inLanguage":"fr-FR","@id":"https:\/\/www.africa-press.net\/niger\/toutes-les-actualites\/plafonnement-des-frais-de-scolarite-dans-les-etablissements-prives-de-lenseignement-general-installation-officielle-du-comite-technique-charge-de-reflechir-sur-la-question#primaryimage","url":"https:\/\/static.africa-press.net\/niger\/sites\/40\/2021\/08\/img-612d09c58f38f.jpg","contentUrl":"https:\/\/static.africa-press.net\/niger\/sites\/40\/2021\/08\/img-612d09c58f38f.jpg","width":720,"height":432,"caption":"Plafonnement des frais de scolarit\u00e9 dans les \u00e9tablissements priv\u00e9s de l\u2019enseignement g\u00e9n\u00e9ral : Installation officielle du comit\u00e9 technique charg\u00e9 de r\u00e9fl\u00e9chir sur la question"},{"@type":"BreadcrumbList","@id":"https:\/\/www.africa-press.net\/niger\/toutes-les-actualites\/plafonnement-des-frais-de-scolarite-dans-les-etablissements-prives-de-lenseignement-general-installation-officielle-du-comite-technique-charge-de-reflechir-sur-la-question#breadcrumb","itemListElement":[{"@type":"ListItem","position":1,"name":"Accueil","item":"https:\/\/www.africa-press.net\/niger\/"},{"@type":"ListItem","position":2,"name":"Plafonnement des frais de scolarit\u00e9 dans les \u00e9tablissements priv\u00e9s de l\u2019enseignement g\u00e9n\u00e9ral : Installation officielle du comit\u00e9 technique charg\u00e9 de r\u00e9fl\u00e9chir sur la question"}]},{"@type":"WebSite","@id":"https:\/\/www.africa-press.net\/niger\/#website","url":"https:\/\/www.africa-press.net\/niger\/","name":"niger","description":"Just another Africa News Agency Sites site","potentialAction":[{"@type":"SearchAction","target":{"@type":"EntryPoint","urlTemplate":"https:\/\/www.africa-press.net\/niger\/?s={search_term_string}"},"query-input":{"@type":"PropertyValueSpecification","valueRequired":true,"valueName":"search_term_string"}}],"inLanguage":"fr-FR"},{"@type":"Person","@id":"https:\/\/www.africa-press.net\/niger\/#\/schema\/person\/2b1cf3cd81a31e3cd26889ca66d677f1","name":"cfeditorfr"}]}},"_links":{"self":[{"href":"https:\/\/www.africa-press.net\/niger\/wp-json\/wp\/v2\/posts\/10918","targetHints":{"allow":["GET"]}}],"collection":[{"href":"https:\/\/www.africa-press.net\/niger\/wp-json\/wp\/v2\/posts"}],"about":[{"href":"https:\/\/www.africa-press.net\/niger\/wp-json\/wp\/v2\/types\/post"}],"author":[{"embeddable":true,"href":"https:\/\/www.africa-press.net\/niger\/wp-json\/wp\/v2\/users\/82"}],"replies":[{"embeddable":true,"href":"https:\/\/www.africa-press.net\/niger\/wp-json\/wp\/v2\/comments?post=10918"}],"version-history":[{"count":0,"href":"https:\/\/www.africa-press.net\/niger\/wp-json\/wp\/v2\/posts\/10918\/revisions"}],"wp:featuredmedia":[{"embeddable":true,"href":"https:\/\/www.africa-press.net\/niger\/wp-json\/wp\/v2\/media\/10917"}],"wp:attachment":[{"href":"https:\/\/www.africa-press.net\/niger\/wp-json\/wp\/v2\/media?parent=10918"}],"wp:term":[{"taxonomy":"category","embeddable":true,"href":"https:\/\/www.africa-press.net\/niger\/wp-json\/wp\/v2\/categories?post=10918"},{"taxonomy":"post_tag","embeddable":true,"href":"https:\/\/www.africa-press.net\/niger\/wp-json\/wp\/v2\/tags?post=10918"}],"curies":[{"name":"wp","href":"https:\/\/api.w.org\/{rel}","templated":true}]}}