{"id":10945,"date":"2021-08-31T14:16:44","date_gmt":"2021-08-31T14:16:44","guid":{"rendered":"https:\/\/www.africa-press.net\/niger\/politique\/au-ministere-de-la-jeunesse-et-des-sports-du-niger-le-ministre-doro-sentretient-avec-une-delegation-de-la-societe-sporty"},"modified":"2021-08-31T14:16:07","modified_gmt":"2021-08-31T14:16:07","slug":"au-ministere-de-la-jeunesse-et-des-sports-du-niger-le-ministre-doro-sentretient-avec-une-delegation-de-la-societe-sporty","status":"publish","type":"post","link":"https:\/\/www.africa-press.net\/niger\/sports\/au-ministere-de-la-jeunesse-et-des-sports-du-niger-le-ministre-doro-sentretient-avec-une-delegation-de-la-societe-sporty","title":{"rendered":"Au Minist\u00e8re de la Jeunesse et des Sports du Niger : Le ministre Doro s\u2019entretient avec une d\u00e9l\u00e9gation de la soci\u00e9t\u00e9 Sporty"},"content":{"rendered":"<p><span style=\"color: #ff6600\"><strong><a href=\"https:\/\/www.africa-press.net\/\">Africa-Press<\/a> &#8211; <a href=\"https:\/\/www.africa-press.net\/niger\">Niger<\/a>. <\/strong><\/span>Le ministre de la Jeunesse et des Sports du Niger, M. S\u00e9kou Doro Adamou a le 18 ao\u00fbt 2021 \u00e0 Niamey, une d\u00e9l\u00e9gation de la soci\u00e9t\u00e9 Sporty conduite par le Directeur des Engagements Strat\u00e9giques et des Partenariats avec les Gouvernements pour la r\u00e9gion Moyen Orient et Afrique de ladite entreprise M. Jean Jacques Gossan. A travers cette entrevue, il s\u2019est agi pour les deux parties d\u2019identifier les possibilit\u00e9s de fusion des synergies au profit de la jeunesse et des sportifs du Niger.<\/p>\n<p>A l\u2019issue de la rencontre, il s\u2019est f\u00e9licit\u00e9 des \u00e9changes et a marqu\u00e9 sa reconnaissance \u00e0 son h\u00f4te. \u00abNous remercions Monsieur Sekou Doro Adamou, Ministre de la jeunesse et des Sports du Niger d\u2019avoir bien voulu nous accorder cette audience. La vocation du minist\u00e8re de la jeunesse et des Sports \u00e9tant d\u2019assurer la promotion sociale et \u00e9conomique des jeunes et de leurs groupements, de leur apporter un soutien et de veiller au d\u00e9veloppement de leurs activit\u00e9s, de promouvoir tous les sports, de d\u00e9tecter de nouveaux talents afin de les accompagner pour qu\u2019ils vivent pleinement de leur art, c\u2019est tout naturel que Sporty une entreprise d\u00e9j\u00e0 engag\u00e9e dans la promotion de toutes les disciplines sportives collabore avec le minist\u00e8re de la Jeunesse et des Sports du Niger, au b\u00e9n\u00e9fice de tous les talents. Vivement que cette collaboration qui se dessine rentre dans sa phase active. Je vous remercie\u00bb, s\u2019est-il voulu reconnaissant.<\/p>\n<p>A toutes fins utiles, Sporty est une plateforme o\u00f9 les talents sont r\u00e9v\u00e9l\u00e9s, d\u00e9tect\u00e9s et expos\u00e9s \u00e0 des opportunit\u00e9s. Sporty est un media social dynamique et une Marketplace qui offre une place unique aux acteurs multiformes pour promouvoir tout type de sports o\u00f9 les communaut\u00e9s et les personnes peuvent partager leurs passions, se connecter \u00e0 leurs marques favorites, suivre l\u2019actualit\u00e9 et saisir des opportunit\u00e9s de croissance.<\/p>\n<p><b>(Source : www.sporty.app)<\/b><\/p>\n","protected":false},"excerpt":{"rendered":"<p>Africa-Press &#8211; Niger. Le ministre de la Jeunesse et des Sports du Niger, M. S\u00e9kou Doro Adamou a le 18 ao\u00fbt 2021 \u00e0 Niamey, une d\u00e9l\u00e9gation de la soci\u00e9t\u00e9 Sporty conduite par le Directeur des Engagements Strat\u00e9giques et des Partenariats avec les Gouvernements pour la r\u00e9gion Moyen Orient et Afrique de ladite entreprise M. Jean [&hellip;]<\/p>\n","protected":false},"author":82,"featured_media":10944,"comment_status":"open","ping_status":"closed","sticky":false,"template":"","format":"standard","meta":{"footnotes":""},"categories":[11,6,10],"tags":[55,60,29],"class_list":["post-10945","post","type-post","status-publish","format-standard","has-post-thumbnail","hentry","category-homepage-french","category-sports","category-toutes-les-actualites","tag-africa-press","tag-africa-press-niger","tag-niger"],"yoast_head":"<!-- This site is optimized with the Yoast SEO Premium plugin v26.1 (Yoast SEO v27.0) - https:\/\/yoast.com\/product\/yoast-seo-premium-wordpress\/ -->\n<title>Au Minist\u00e8re de la Jeunesse et des Sports du Niger : Le ministre Doro s\u2019entretient avec une d\u00e9l\u00e9gation de la soci\u00e9t\u00e9 Sporty - niger<\/title>\n<meta name=\"description\" content=\"\ufeffLe ministre de la Jeunesse et des Sports du Niger, M. S\u00e9kou Doro Adamou a le 18 ao\u00fbt 2021 \u00e0 Niamey, une d\u00e9l\u00e9gation de l ...\" \/>\n<meta name=\"robots\" content=\"index, follow, max-snippet:-1, max-image-preview:large, max-video-preview:-1\" \/>\n<link rel=\"canonical\" href=\"https:\/\/www.africa-press.net\/niger\/sports\/au-ministere-de-la-jeunesse-et-des-sports-du-niger-le-ministre-doro-sentretient-avec-une-delegation-de-la-societe-sporty\" \/>\n<meta property=\"og:locale\" content=\"fr_FR\" \/>\n<meta property=\"og:type\" content=\"article\" \/>\n<meta property=\"og:title\" content=\"Au Minist\u00e8re de la Jeunesse et des Sports du Niger : Le ministre Doro s\u2019entretient avec une d\u00e9l\u00e9gation de la soci\u00e9t\u00e9 Sporty\" \/>\n<meta property=\"og:description\" content=\"\ufeffLe ministre de la Jeunesse et des Sports du Niger, M. S\u00e9kou Doro Adamou a le 18 ao\u00fbt 2021 \u00e0 Niamey, une d\u00e9l\u00e9gation de l ...\" \/>\n<meta property=\"og:url\" content=\"https:\/\/www.africa-press.net\/niger\/sports\/au-ministere-de-la-jeunesse-et-des-sports-du-niger-le-ministre-doro-sentretient-avec-une-delegation-de-la-societe-sporty\" \/>\n<meta property=\"og:site_name\" content=\"niger\" \/>\n<meta property=\"article:published_time\" content=\"2021-08-31T14:16:44+00:00\" \/>\n<meta property=\"og:image\" content=\"https:\/\/static.africa-press.net\/niger\/sites\/40\/2021\/08\/img-612e39864e0cd.jpg\" \/>\n\t<meta property=\"og:image:width\" content=\"720\" \/>\n\t<meta property=\"og:image:height\" content=\"323\" \/>\n\t<meta property=\"og:image:type\" content=\"image\/jpeg\" \/>\n<meta name=\"author\" content=\"cfeditorfr\" \/>\n<meta name=\"twitter:card\" content=\"summary_large_image\" \/>\n<meta name=\"twitter:label1\" content=\"\u00c9crit par\" \/>\n\t<meta name=\"twitter:data1\" content=\"cfeditorfr\" \/>\n\t<meta name=\"twitter:label2\" content=\"Dur\u00e9e de lecture estim\u00e9e\" \/>\n\t<meta name=\"twitter:data2\" content=\"2 minutes\" \/>\n<script type=\"application\/ld+json\" class=\"yoast-schema-graph\">{\"@context\":\"https:\/\/schema.org\",\"@graph\":[{\"@type\":\"Article\",\"@id\":\"https:\/\/www.africa-press.net\/niger\/sports\/au-ministere-de-la-jeunesse-et-des-sports-du-niger-le-ministre-doro-sentretient-avec-une-delegation-de-la-societe-sporty#article\",\"isPartOf\":{\"@id\":\"https:\/\/www.africa-press.net\/niger\/sports\/au-ministere-de-la-jeunesse-et-des-sports-du-niger-le-ministre-doro-sentretient-avec-une-delegation-de-la-societe-sporty\"},\"author\":{\"name\":\"cfeditorfr\",\"@id\":\"https:\/\/www.africa-press.net\/niger\/#\/schema\/person\/2b1cf3cd81a31e3cd26889ca66d677f1\"},\"headline\":\"Au Minist\u00e8re de la Jeunesse et des Sports du Niger : Le ministre Doro s\u2019entretient avec une d\u00e9l\u00e9gation de la soci\u00e9t\u00e9 Sporty\",\"datePublished\":\"2021-08-31T14:16:44+00:00\",\"mainEntityOfPage\":{\"@id\":\"https:\/\/www.africa-press.net\/niger\/sports\/au-ministere-de-la-jeunesse-et-des-sports-du-niger-le-ministre-doro-sentretient-avec-une-delegation-de-la-societe-sporty\"},\"wordCount\":363,\"commentCount\":0,\"image\":{\"@id\":\"https:\/\/www.africa-press.net\/niger\/sports\/au-ministere-de-la-jeunesse-et-des-sports-du-niger-le-ministre-doro-sentretient-avec-une-delegation-de-la-societe-sporty#primaryimage\"},\"thumbnailUrl\":\"https:\/\/static.africa-press.net\/niger\/sites\/40\/2021\/08\/img-612e39864e0cd.jpg\",\"keywords\":[\"Africa Press\",\"Africa Press-Niger\",\"Niger\"],\"articleSection\":[\"homepage-french\",\"Sports\",\"Toutes les actualit\u00e9s\"],\"inLanguage\":\"fr-FR\",\"potentialAction\":[{\"@type\":\"CommentAction\",\"name\":\"Comment\",\"target\":[\"https:\/\/www.africa-press.net\/niger\/sports\/au-ministere-de-la-jeunesse-et-des-sports-du-niger-le-ministre-doro-sentretient-avec-une-delegation-de-la-societe-sporty#respond\"]}]},{\"@type\":\"WebPage\",\"@id\":\"https:\/\/www.africa-press.net\/niger\/sports\/au-ministere-de-la-jeunesse-et-des-sports-du-niger-le-ministre-doro-sentretient-avec-une-delegation-de-la-societe-sporty\",\"url\":\"https:\/\/www.africa-press.net\/niger\/sports\/au-ministere-de-la-jeunesse-et-des-sports-du-niger-le-ministre-doro-sentretient-avec-une-delegation-de-la-societe-sporty\",\"name\":\"Au Minist\u00e8re de la Jeunesse et des Sports du Niger : Le ministre Doro s\u2019entretient avec une d\u00e9l\u00e9gation de la soci\u00e9t\u00e9 Sporty - niger\",\"isPartOf\":{\"@id\":\"https:\/\/www.africa-press.net\/niger\/#website\"},\"primaryImageOfPage\":{\"@id\":\"https:\/\/www.africa-press.net\/niger\/sports\/au-ministere-de-la-jeunesse-et-des-sports-du-niger-le-ministre-doro-sentretient-avec-une-delegation-de-la-societe-sporty#primaryimage\"},\"image\":{\"@id\":\"https:\/\/www.africa-press.net\/niger\/sports\/au-ministere-de-la-jeunesse-et-des-sports-du-niger-le-ministre-doro-sentretient-avec-une-delegation-de-la-societe-sporty#primaryimage\"},\"thumbnailUrl\":\"https:\/\/static.africa-press.net\/niger\/sites\/40\/2021\/08\/img-612e39864e0cd.jpg\",\"datePublished\":\"2021-08-31T14:16:44+00:00\",\"author\":{\"@id\":\"https:\/\/www.africa-press.net\/niger\/#\/schema\/person\/2b1cf3cd81a31e3cd26889ca66d677f1\"},\"description\":\"\ufeffLe ministre de la Jeunesse et des Sports du Niger, M. S\u00e9kou Doro Adamou a le 18 ao\u00fbt 2021 \u00e0 Niamey, une d\u00e9l\u00e9gation de l ...\",\"breadcrumb\":{\"@id\":\"https:\/\/www.africa-press.net\/niger\/sports\/au-ministere-de-la-jeunesse-et-des-sports-du-niger-le-ministre-doro-sentretient-avec-une-delegation-de-la-societe-sporty#breadcrumb\"},\"inLanguage\":\"fr-FR\",\"potentialAction\":[{\"@type\":\"ReadAction\",\"target\":[\"https:\/\/www.africa-press.net\/niger\/sports\/au-ministere-de-la-jeunesse-et-des-sports-du-niger-le-ministre-doro-sentretient-avec-une-delegation-de-la-societe-sporty\"]}]},{\"@type\":\"ImageObject\",\"inLanguage\":\"fr-FR\",\"@id\":\"https:\/\/www.africa-press.net\/niger\/sports\/au-ministere-de-la-jeunesse-et-des-sports-du-niger-le-ministre-doro-sentretient-avec-une-delegation-de-la-societe-sporty#primaryimage\",\"url\":\"https:\/\/static.africa-press.net\/niger\/sites\/40\/2021\/08\/img-612e39864e0cd.jpg\",\"contentUrl\":\"https:\/\/static.africa-press.net\/niger\/sites\/40\/2021\/08\/img-612e39864e0cd.jpg\",\"width\":720,\"height\":323,\"caption\":\"Au Minist\u00e8re de la Jeunesse et des Sports du Niger : Le ministre Doro s\u2019entretient avec une d\u00e9l\u00e9gation de la soci\u00e9t\u00e9 Sporty\"},{\"@type\":\"BreadcrumbList\",\"@id\":\"https:\/\/www.africa-press.net\/niger\/sports\/au-ministere-de-la-jeunesse-et-des-sports-du-niger-le-ministre-doro-sentretient-avec-une-delegation-de-la-societe-sporty#breadcrumb\",\"itemListElement\":[{\"@type\":\"ListItem\",\"position\":1,\"name\":\"Accueil\",\"item\":\"https:\/\/www.africa-press.net\/niger\/\"},{\"@type\":\"ListItem\",\"position\":2,\"name\":\"Au Minist\u00e8re de la Jeunesse et des Sports du Niger : Le ministre Doro s\u2019entretient avec une d\u00e9l\u00e9gation de la soci\u00e9t\u00e9 Sporty\"}]},{\"@type\":\"WebSite\",\"@id\":\"https:\/\/www.africa-press.net\/niger\/#website\",\"url\":\"https:\/\/www.africa-press.net\/niger\/\",\"name\":\"niger\",\"description\":\"Just another Africa News Agency Sites site\",\"potentialAction\":[{\"@type\":\"SearchAction\",\"target\":{\"@type\":\"EntryPoint\",\"urlTemplate\":\"https:\/\/www.africa-press.net\/niger\/?s={search_term_string}\"},\"query-input\":{\"@type\":\"PropertyValueSpecification\",\"valueRequired\":true,\"valueName\":\"search_term_string\"}}],\"inLanguage\":\"fr-FR\"},{\"@type\":\"Person\",\"@id\":\"https:\/\/www.africa-press.net\/niger\/#\/schema\/person\/2b1cf3cd81a31e3cd26889ca66d677f1\",\"name\":\"cfeditorfr\"}]}<\/script>\n<!-- \/ Yoast SEO Premium plugin. -->","yoast_head_json":{"title":"Au Minist\u00e8re de la Jeunesse et des Sports du Niger : Le ministre Doro s\u2019entretient avec une d\u00e9l\u00e9gation de la soci\u00e9t\u00e9 Sporty - niger","description":"\ufeffLe ministre de la Jeunesse et des Sports du Niger, M. S\u00e9kou Doro Adamou a le 18 ao\u00fbt 2021 \u00e0 Niamey, une d\u00e9l\u00e9gation de l ...","robots":{"index":"index","follow":"follow","max-snippet":"max-snippet:-1","max-image-preview":"max-image-preview:large","max-video-preview":"max-video-preview:-1"},"canonical":"https:\/\/www.africa-press.net\/niger\/sports\/au-ministere-de-la-jeunesse-et-des-sports-du-niger-le-ministre-doro-sentretient-avec-une-delegation-de-la-societe-sporty","og_locale":"fr_FR","og_type":"article","og_title":"Au Minist\u00e8re de la Jeunesse et des Sports du Niger : Le ministre Doro s\u2019entretient avec une d\u00e9l\u00e9gation de la soci\u00e9t\u00e9 Sporty","og_description":"\ufeffLe ministre de la Jeunesse et des Sports du Niger, M. S\u00e9kou Doro Adamou a le 18 ao\u00fbt 2021 \u00e0 Niamey, une d\u00e9l\u00e9gation de l ...","og_url":"https:\/\/www.africa-press.net\/niger\/sports\/au-ministere-de-la-jeunesse-et-des-sports-du-niger-le-ministre-doro-sentretient-avec-une-delegation-de-la-societe-sporty","og_site_name":"niger","article_published_time":"2021-08-31T14:16:44+00:00","og_image":[{"width":720,"height":323,"url":"https:\/\/static.africa-press.net\/niger\/sites\/40\/2021\/08\/img-612e39864e0cd.jpg","type":"image\/jpeg"}],"author":"cfeditorfr","twitter_card":"summary_large_image","twitter_misc":{"\u00c9crit par":"cfeditorfr","Dur\u00e9e de lecture estim\u00e9e":"2 minutes"},"schema":{"@context":"https:\/\/schema.org","@graph":[{"@type":"Article","@id":"https:\/\/www.africa-press.net\/niger\/sports\/au-ministere-de-la-jeunesse-et-des-sports-du-niger-le-ministre-doro-sentretient-avec-une-delegation-de-la-societe-sporty#article","isPartOf":{"@id":"https:\/\/www.africa-press.net\/niger\/sports\/au-ministere-de-la-jeunesse-et-des-sports-du-niger-le-ministre-doro-sentretient-avec-une-delegation-de-la-societe-sporty"},"author":{"name":"cfeditorfr","@id":"https:\/\/www.africa-press.net\/niger\/#\/schema\/person\/2b1cf3cd81a31e3cd26889ca66d677f1"},"headline":"Au Minist\u00e8re de la Jeunesse et des Sports du Niger : Le ministre Doro s\u2019entretient avec une d\u00e9l\u00e9gation de la soci\u00e9t\u00e9 Sporty","datePublished":"2021-08-31T14:16:44+00:00","mainEntityOfPage":{"@id":"https:\/\/www.africa-press.net\/niger\/sports\/au-ministere-de-la-jeunesse-et-des-sports-du-niger-le-ministre-doro-sentretient-avec-une-delegation-de-la-societe-sporty"},"wordCount":363,"commentCount":0,"image":{"@id":"https:\/\/www.africa-press.net\/niger\/sports\/au-ministere-de-la-jeunesse-et-des-sports-du-niger-le-ministre-doro-sentretient-avec-une-delegation-de-la-societe-sporty#primaryimage"},"thumbnailUrl":"https:\/\/static.africa-press.net\/niger\/sites\/40\/2021\/08\/img-612e39864e0cd.jpg","keywords":["Africa Press","Africa Press-Niger","Niger"],"articleSection":["homepage-french","Sports","Toutes les actualit\u00e9s"],"inLanguage":"fr-FR","potentialAction":[{"@type":"CommentAction","name":"Comment","target":["https:\/\/www.africa-press.net\/niger\/sports\/au-ministere-de-la-jeunesse-et-des-sports-du-niger-le-ministre-doro-sentretient-avec-une-delegation-de-la-societe-sporty#respond"]}]},{"@type":"WebPage","@id":"https:\/\/www.africa-press.net\/niger\/sports\/au-ministere-de-la-jeunesse-et-des-sports-du-niger-le-ministre-doro-sentretient-avec-une-delegation-de-la-societe-sporty","url":"https:\/\/www.africa-press.net\/niger\/sports\/au-ministere-de-la-jeunesse-et-des-sports-du-niger-le-ministre-doro-sentretient-avec-une-delegation-de-la-societe-sporty","name":"Au Minist\u00e8re de la Jeunesse et des Sports du Niger : Le ministre Doro s\u2019entretient avec une d\u00e9l\u00e9gation de la soci\u00e9t\u00e9 Sporty - niger","isPartOf":{"@id":"https:\/\/www.africa-press.net\/niger\/#website"},"primaryImageOfPage":{"@id":"https:\/\/www.africa-press.net\/niger\/sports\/au-ministere-de-la-jeunesse-et-des-sports-du-niger-le-ministre-doro-sentretient-avec-une-delegation-de-la-societe-sporty#primaryimage"},"image":{"@id":"https:\/\/www.africa-press.net\/niger\/sports\/au-ministere-de-la-jeunesse-et-des-sports-du-niger-le-ministre-doro-sentretient-avec-une-delegation-de-la-societe-sporty#primaryimage"},"thumbnailUrl":"https:\/\/static.africa-press.net\/niger\/sites\/40\/2021\/08\/img-612e39864e0cd.jpg","datePublished":"2021-08-31T14:16:44+00:00","author":{"@id":"https:\/\/www.africa-press.net\/niger\/#\/schema\/person\/2b1cf3cd81a31e3cd26889ca66d677f1"},"description":"\ufeffLe ministre de la Jeunesse et des Sports du Niger, M. S\u00e9kou Doro Adamou a le 18 ao\u00fbt 2021 \u00e0 Niamey, une d\u00e9l\u00e9gation de l ...","breadcrumb":{"@id":"https:\/\/www.africa-press.net\/niger\/sports\/au-ministere-de-la-jeunesse-et-des-sports-du-niger-le-ministre-doro-sentretient-avec-une-delegation-de-la-societe-sporty#breadcrumb"},"inLanguage":"fr-FR","potentialAction":[{"@type":"ReadAction","target":["https:\/\/www.africa-press.net\/niger\/sports\/au-ministere-de-la-jeunesse-et-des-sports-du-niger-le-ministre-doro-sentretient-avec-une-delegation-de-la-societe-sporty"]}]},{"@type":"ImageObject","inLanguage":"fr-FR","@id":"https:\/\/www.africa-press.net\/niger\/sports\/au-ministere-de-la-jeunesse-et-des-sports-du-niger-le-ministre-doro-sentretient-avec-une-delegation-de-la-societe-sporty#primaryimage","url":"https:\/\/static.africa-press.net\/niger\/sites\/40\/2021\/08\/img-612e39864e0cd.jpg","contentUrl":"https:\/\/static.africa-press.net\/niger\/sites\/40\/2021\/08\/img-612e39864e0cd.jpg","width":720,"height":323,"caption":"Au Minist\u00e8re de la Jeunesse et des Sports du Niger : Le ministre Doro s\u2019entretient avec une d\u00e9l\u00e9gation de la soci\u00e9t\u00e9 Sporty"},{"@type":"BreadcrumbList","@id":"https:\/\/www.africa-press.net\/niger\/sports\/au-ministere-de-la-jeunesse-et-des-sports-du-niger-le-ministre-doro-sentretient-avec-une-delegation-de-la-societe-sporty#breadcrumb","itemListElement":[{"@type":"ListItem","position":1,"name":"Accueil","item":"https:\/\/www.africa-press.net\/niger\/"},{"@type":"ListItem","position":2,"name":"Au Minist\u00e8re de la Jeunesse et des Sports du Niger : Le ministre Doro s\u2019entretient avec une d\u00e9l\u00e9gation de la soci\u00e9t\u00e9 Sporty"}]},{"@type":"WebSite","@id":"https:\/\/www.africa-press.net\/niger\/#website","url":"https:\/\/www.africa-press.net\/niger\/","name":"niger","description":"Just another Africa News Agency Sites site","potentialAction":[{"@type":"SearchAction","target":{"@type":"EntryPoint","urlTemplate":"https:\/\/www.africa-press.net\/niger\/?s={search_term_string}"},"query-input":{"@type":"PropertyValueSpecification","valueRequired":true,"valueName":"search_term_string"}}],"inLanguage":"fr-FR"},{"@type":"Person","@id":"https:\/\/www.africa-press.net\/niger\/#\/schema\/person\/2b1cf3cd81a31e3cd26889ca66d677f1","name":"cfeditorfr"}]}},"_links":{"self":[{"href":"https:\/\/www.africa-press.net\/niger\/wp-json\/wp\/v2\/posts\/10945","targetHints":{"allow":["GET"]}}],"collection":[{"href":"https:\/\/www.africa-press.net\/niger\/wp-json\/wp\/v2\/posts"}],"about":[{"href":"https:\/\/www.africa-press.net\/niger\/wp-json\/wp\/v2\/types\/post"}],"author":[{"embeddable":true,"href":"https:\/\/www.africa-press.net\/niger\/wp-json\/wp\/v2\/users\/82"}],"replies":[{"embeddable":true,"href":"https:\/\/www.africa-press.net\/niger\/wp-json\/wp\/v2\/comments?post=10945"}],"version-history":[{"count":0,"href":"https:\/\/www.africa-press.net\/niger\/wp-json\/wp\/v2\/posts\/10945\/revisions"}],"wp:featuredmedia":[{"embeddable":true,"href":"https:\/\/www.africa-press.net\/niger\/wp-json\/wp\/v2\/media\/10944"}],"wp:attachment":[{"href":"https:\/\/www.africa-press.net\/niger\/wp-json\/wp\/v2\/media?parent=10945"}],"wp:term":[{"taxonomy":"category","embeddable":true,"href":"https:\/\/www.africa-press.net\/niger\/wp-json\/wp\/v2\/categories?post=10945"},{"taxonomy":"post_tag","embeddable":true,"href":"https:\/\/www.africa-press.net\/niger\/wp-json\/wp\/v2\/tags?post=10945"}],"curies":[{"name":"wp","href":"https:\/\/api.w.org\/{rel}","templated":true}]}}