{"id":10957,"date":"2021-08-31T14:47:08","date_gmt":"2021-08-31T14:47:08","guid":{"rendered":"https:\/\/www.africa-press.net\/niger\/?p=10957"},"modified":"2021-08-31T14:18:20","modified_gmt":"2021-08-31T14:18:20","slug":"rencontre-dechanges-sur-le-transfert-de-competences-dans-le-domaine-de-la-sante-publique-le-point-des-difficultes-rencontrees-et-des-perspectives","status":"publish","type":"post","link":"https:\/\/www.africa-press.net\/niger\/toutes-les-actualites\/rencontre-dechanges-sur-le-transfert-de-competences-dans-le-domaine-de-la-sante-publique-le-point-des-difficultes-rencontrees-et-des-perspectives","title":{"rendered":"Rencontre d\u2019\u00e9changes sur le transfert de comp\u00e9tences dans le domaine de la sant\u00e9 publique : Le point des difficult\u00e9s rencontr\u00e9es et des perspectives"},"content":{"rendered":"<p><span style=\"color: #ff6600\"><strong><a href=\"https:\/\/www.africa-press.net\/\">Africa-Press<\/a> &#8211; <a href=\"https:\/\/www.africa-press.net\/niger\">Niger<\/a>. <\/strong><\/span>Une rencontre d\u2019\u00e9changes a regroup\u00e9, hier matin \u00e0 l\u2019h\u00f4tel de Ville de Niamey, les membres du bureau de l\u2019Association des Municipalit\u00e9s du Niger (AMN), sous la conduite de son pr\u00e9sident, M. Abdou Ouhou Dodo et le ministre de la Sant\u00e9 Publique, de la Population et des Affaires Sociales, Dr Illiassou Idi Ma\u00efnassara. La rencontre a permis aux deux parties de faire le point de la mise en \u0153uvre des diff\u00e9rents aspects de transfert de comp\u00e9tences et des ressources aux collectivit\u00e9s dans le secteur de la sant\u00e9 ; d\u2019\u00e9changer sur les difficult\u00e9s et pr\u00e9occupations afin d\u2019am\u00e9liorer la collaboration entre les municipalit\u00e9s et les diff\u00e9rents services d\u00e9centralis\u00e9s du minist\u00e8re de la Sant\u00e9 Publique.<\/p>\n<p>De prime abord, Dr Djibo Garba, rapporteur de la cellule de transfert de comp\u00e9tences au Minist\u00e8re de la Sant\u00e9 Publique a rappel\u00e9 les domaines concern\u00e9s dans le processus de ce transfert de comp\u00e9tences au niveau des communes et r\u00e9gions. Ainsi, au niveau communal, il s\u2019agit de la construction, l\u2019entretien et la gestion des cases de sant\u00e9 ; la construction, l\u2019entretien et la gestion des centres de sant\u00e9 int\u00e9gr\u00e9s ; la construction, l\u2019entretien et la gestion des h\u00f4pitaux de district. Au Niveau des r\u00e9gions il s\u2019agit de la construction, l\u2019entretien et la gestion des<\/p>\n<p>Centres Hospitaliers R\u00e9gionaux, des Centres de Sant\u00e9 de la M\u00e8re et de l\u2019Enfant, et autres centres r\u00e9gionaux sp\u00e9cialis\u00e9s ; la gestion du personnel mis \u00e0 disposition ; la pr\u00e9sidence du comit\u00e9 r\u00e9gional de sant\u00e9 ; l\u2019organisation du syst\u00e8me de la gratuit\u00e9 des soins, conform\u00e9ment aux textes en vigueur, l\u2019identification des b\u00e9n\u00e9ficiaires, la recherche de tiers payant et le remboursement.<\/p>\n<p>D\u2019apr\u00e8s le pr\u00e9sident de l\u2019Association des municipalit\u00e9s du Niger (AMN), M. Abdou Ouhou Dodo, cette rencontre avec le ministre en charge de la Sant\u00e9 Publique a permis de faire un plaidoyer pour solliciter l\u2019accompagnement dudit minist\u00e8re dans le cadre de la mise en \u0153uvre du programme de transfert de comp\u00e9tences. Pour le pr\u00e9sident de l\u2019AMN, les efforts de l\u2019\u00c9tat sont indispensables en plus de l\u2019appui important des partenaires aux collectivit\u00e9s.<\/p>\n<p>\u00c0 l\u2019issue de la rencontre, le ministre en charge de la Sant\u00e9 publique a indiqu\u00e9 que cette derni\u00e8re a permis de faire le point sur les difficult\u00e9s et de dresser des perspectives. Elle a \u00e9galement permis \u00abde toucher du doigt les difficult\u00e9s li\u00e9es \u00e0 la gestion non seulement des centres de sant\u00e9 int\u00e9gr\u00e9s au niveau d\u00e9partemental en ce qui concerne les districts et au niveau r\u00e9gional, en ce qui concerne les Centres Hospitaliers R\u00e9gionaux et les centres de la m\u00e8re et de l\u2019enfant et tous les autres services r\u00e9gis par la participation communautaire\u00bb. \u00abQuand on parle de participation communautaire, on doit voir l\u2019implication des municipalit\u00e9s \u00e0 tous les niveaux de la pyramide. Le maire doit jouer un grand r\u00f4le, il doit guider toutes les actions qui concourent \u00e0 l\u2019am\u00e9lioration de la sant\u00e9 de la population\u00bb, a pr\u00e9cis\u00e9 Dr Illiassou Idi Ma\u00efnassara.<\/p>\n<p>Le ministre en charge de la Sant\u00e9 publique a ensuite not\u00e9 que les \u00e9changes ont \u00e9t\u00e9 tr\u00e8s fructueux. Il a par ailleurs annonc\u00e9 la tenue prochaine de forums r\u00e9gionaux afin de pallier le d\u00e9ficit de communication et de partage d\u2019informations. Le ministre de la Sant\u00e9 Publique, de la Population et des Affaires Sociales a rassur\u00e9 le bureau de l\u2019Association des municipalit\u00e9s du Niger de la disponibilit\u00e9 de son d\u00e9partement minist\u00e9riel pour l\u2019accompagnement souhait\u00e9. Dr Illiassou Idi Ma\u00efnassara a enfin encourag\u00e9 les municipalit\u00e9s pour les \u00e9normes r\u00e9alisations afin d\u2019atteindre les objectifs qui leur sont assign\u00e9s.<\/p>\n<p><b>Oumar Issoufou(onep)<\/b><\/p>\n","protected":false},"excerpt":{"rendered":"<p>Africa-Press &#8211; Niger. Une rencontre d\u2019\u00e9changes a regroup\u00e9, hier matin \u00e0 l\u2019h\u00f4tel de Ville de Niamey, les membres du bureau de l\u2019Association des Municipalit\u00e9s du Niger (AMN), sous la conduite de son pr\u00e9sident, M. Abdou Ouhou Dodo et le ministre de la Sant\u00e9 Publique, de la Population et des Affaires Sociales, Dr Illiassou Idi Ma\u00efnassara. [&hellip;]<\/p>\n","protected":false},"author":82,"featured_media":10956,"comment_status":"open","ping_status":"closed","sticky":false,"template":"","format":"standard","meta":{"footnotes":""},"categories":[21,11,10],"tags":[55,60,29],"class_list":["post-10957","post","type-post","status-publish","format-standard","has-post-thumbnail","hentry","category-communaute","category-homepage-french","category-toutes-les-actualites","tag-africa-press","tag-africa-press-niger","tag-niger"],"yoast_head":"<!-- This site is optimized with the Yoast SEO Premium plugin v26.1 (Yoast SEO v27.0) - https:\/\/yoast.com\/product\/yoast-seo-premium-wordpress\/ -->\n<title>Rencontre d\u2019\u00e9changes sur le transfert de comp\u00e9tences dans le domaine de la sant\u00e9 publique : Le point des difficult\u00e9s rencontr\u00e9es et des perspectives - niger<\/title>\n<meta name=\"description\" content=\"\ufeffUne rencontre d\u2019\u00e9changes a regroup\u00e9, hier matin \u00e0 l\u2019h\u00f4tel de Ville de Niamey, les membres du bureau de l\u2019Association de ...\" \/>\n<meta name=\"robots\" content=\"index, follow, max-snippet:-1, max-image-preview:large, max-video-preview:-1\" \/>\n<link rel=\"canonical\" href=\"https:\/\/www.africa-press.net\/niger\/toutes-les-actualites\/rencontre-dechanges-sur-le-transfert-de-competences-dans-le-domaine-de-la-sante-publique-le-point-des-difficultes-rencontrees-et-des-perspectives\" \/>\n<meta property=\"og:locale\" content=\"fr_FR\" \/>\n<meta property=\"og:type\" content=\"article\" \/>\n<meta property=\"og:title\" content=\"Rencontre d\u2019\u00e9changes sur le transfert de comp\u00e9tences dans le domaine de la sant\u00e9 publique : Le point des difficult\u00e9s rencontr\u00e9es et des perspectives\" \/>\n<meta property=\"og:description\" content=\"\ufeffUne rencontre d\u2019\u00e9changes a regroup\u00e9, hier matin \u00e0 l\u2019h\u00f4tel de Ville de Niamey, les membres du bureau de l\u2019Association de ...\" \/>\n<meta property=\"og:url\" content=\"https:\/\/www.africa-press.net\/niger\/toutes-les-actualites\/rencontre-dechanges-sur-le-transfert-de-competences-dans-le-domaine-de-la-sante-publique-le-point-des-difficultes-rencontrees-et-des-perspectives\" \/>\n<meta property=\"og:site_name\" content=\"niger\" \/>\n<meta property=\"article:published_time\" content=\"2021-08-31T14:47:08+00:00\" \/>\n<meta property=\"og:image\" content=\"https:\/\/static.africa-press.net\/niger\/sites\/40\/2021\/08\/img-612e3a159403f.jpg\" \/>\n\t<meta property=\"og:image:width\" content=\"720\" \/>\n\t<meta property=\"og:image:height\" content=\"404\" \/>\n\t<meta property=\"og:image:type\" content=\"image\/jpeg\" \/>\n<meta name=\"author\" content=\"cfeditorfr\" \/>\n<meta name=\"twitter:card\" content=\"summary_large_image\" \/>\n<meta name=\"twitter:label1\" content=\"\u00c9crit par\" \/>\n\t<meta name=\"twitter:data1\" content=\"cfeditorfr\" \/>\n\t<meta name=\"twitter:label2\" content=\"Dur\u00e9e de lecture estim\u00e9e\" \/>\n\t<meta name=\"twitter:data2\" content=\"3 minutes\" \/>\n<script type=\"application\/ld+json\" class=\"yoast-schema-graph\">{\"@context\":\"https:\/\/schema.org\",\"@graph\":[{\"@type\":\"Article\",\"@id\":\"https:\/\/www.africa-press.net\/niger\/toutes-les-actualites\/rencontre-dechanges-sur-le-transfert-de-competences-dans-le-domaine-de-la-sante-publique-le-point-des-difficultes-rencontrees-et-des-perspectives#article\",\"isPartOf\":{\"@id\":\"https:\/\/www.africa-press.net\/niger\/toutes-les-actualites\/rencontre-dechanges-sur-le-transfert-de-competences-dans-le-domaine-de-la-sante-publique-le-point-des-difficultes-rencontrees-et-des-perspectives\"},\"author\":{\"name\":\"cfeditorfr\",\"@id\":\"https:\/\/www.africa-press.net\/niger\/#\/schema\/person\/2b1cf3cd81a31e3cd26889ca66d677f1\"},\"headline\":\"Rencontre d\u2019\u00e9changes sur le transfert de comp\u00e9tences dans le domaine de la sant\u00e9 publique : Le point des difficult\u00e9s rencontr\u00e9es et des perspectives\",\"datePublished\":\"2021-08-31T14:47:08+00:00\",\"mainEntityOfPage\":{\"@id\":\"https:\/\/www.africa-press.net\/niger\/toutes-les-actualites\/rencontre-dechanges-sur-le-transfert-de-competences-dans-le-domaine-de-la-sante-publique-le-point-des-difficultes-rencontrees-et-des-perspectives\"},\"wordCount\":684,\"commentCount\":0,\"image\":{\"@id\":\"https:\/\/www.africa-press.net\/niger\/toutes-les-actualites\/rencontre-dechanges-sur-le-transfert-de-competences-dans-le-domaine-de-la-sante-publique-le-point-des-difficultes-rencontrees-et-des-perspectives#primaryimage\"},\"thumbnailUrl\":\"https:\/\/static.africa-press.net\/niger\/sites\/40\/2021\/08\/img-612e3a159403f.jpg\",\"keywords\":[\"Africa Press\",\"Africa Press-Niger\",\"Niger\"],\"articleSection\":[\"Communaut\u00e9\",\"homepage-french\",\"Toutes les actualit\u00e9s\"],\"inLanguage\":\"fr-FR\",\"potentialAction\":[{\"@type\":\"CommentAction\",\"name\":\"Comment\",\"target\":[\"https:\/\/www.africa-press.net\/niger\/toutes-les-actualites\/rencontre-dechanges-sur-le-transfert-de-competences-dans-le-domaine-de-la-sante-publique-le-point-des-difficultes-rencontrees-et-des-perspectives#respond\"]}]},{\"@type\":\"WebPage\",\"@id\":\"https:\/\/www.africa-press.net\/niger\/toutes-les-actualites\/rencontre-dechanges-sur-le-transfert-de-competences-dans-le-domaine-de-la-sante-publique-le-point-des-difficultes-rencontrees-et-des-perspectives\",\"url\":\"https:\/\/www.africa-press.net\/niger\/toutes-les-actualites\/rencontre-dechanges-sur-le-transfert-de-competences-dans-le-domaine-de-la-sante-publique-le-point-des-difficultes-rencontrees-et-des-perspectives\",\"name\":\"Rencontre d\u2019\u00e9changes sur le transfert de comp\u00e9tences dans le domaine de la sant\u00e9 publique : Le point des difficult\u00e9s rencontr\u00e9es et des perspectives - niger\",\"isPartOf\":{\"@id\":\"https:\/\/www.africa-press.net\/niger\/#website\"},\"primaryImageOfPage\":{\"@id\":\"https:\/\/www.africa-press.net\/niger\/toutes-les-actualites\/rencontre-dechanges-sur-le-transfert-de-competences-dans-le-domaine-de-la-sante-publique-le-point-des-difficultes-rencontrees-et-des-perspectives#primaryimage\"},\"image\":{\"@id\":\"https:\/\/www.africa-press.net\/niger\/toutes-les-actualites\/rencontre-dechanges-sur-le-transfert-de-competences-dans-le-domaine-de-la-sante-publique-le-point-des-difficultes-rencontrees-et-des-perspectives#primaryimage\"},\"thumbnailUrl\":\"https:\/\/static.africa-press.net\/niger\/sites\/40\/2021\/08\/img-612e3a159403f.jpg\",\"datePublished\":\"2021-08-31T14:47:08+00:00\",\"author\":{\"@id\":\"https:\/\/www.africa-press.net\/niger\/#\/schema\/person\/2b1cf3cd81a31e3cd26889ca66d677f1\"},\"description\":\"\ufeffUne rencontre d\u2019\u00e9changes a regroup\u00e9, hier matin \u00e0 l\u2019h\u00f4tel de Ville de Niamey, les membres du bureau de l\u2019Association de ...\",\"breadcrumb\":{\"@id\":\"https:\/\/www.africa-press.net\/niger\/toutes-les-actualites\/rencontre-dechanges-sur-le-transfert-de-competences-dans-le-domaine-de-la-sante-publique-le-point-des-difficultes-rencontrees-et-des-perspectives#breadcrumb\"},\"inLanguage\":\"fr-FR\",\"potentialAction\":[{\"@type\":\"ReadAction\",\"target\":[\"https:\/\/www.africa-press.net\/niger\/toutes-les-actualites\/rencontre-dechanges-sur-le-transfert-de-competences-dans-le-domaine-de-la-sante-publique-le-point-des-difficultes-rencontrees-et-des-perspectives\"]}]},{\"@type\":\"ImageObject\",\"inLanguage\":\"fr-FR\",\"@id\":\"https:\/\/www.africa-press.net\/niger\/toutes-les-actualites\/rencontre-dechanges-sur-le-transfert-de-competences-dans-le-domaine-de-la-sante-publique-le-point-des-difficultes-rencontrees-et-des-perspectives#primaryimage\",\"url\":\"https:\/\/static.africa-press.net\/niger\/sites\/40\/2021\/08\/img-612e3a159403f.jpg\",\"contentUrl\":\"https:\/\/static.africa-press.net\/niger\/sites\/40\/2021\/08\/img-612e3a159403f.jpg\",\"width\":720,\"height\":404,\"caption\":\"Rencontre d\u2019\u00e9changes sur le transfert de comp\u00e9tences dans le domaine de la sant\u00e9 publique : Le point des difficult\u00e9s rencontr\u00e9es et des perspectives\"},{\"@type\":\"BreadcrumbList\",\"@id\":\"https:\/\/www.africa-press.net\/niger\/toutes-les-actualites\/rencontre-dechanges-sur-le-transfert-de-competences-dans-le-domaine-de-la-sante-publique-le-point-des-difficultes-rencontrees-et-des-perspectives#breadcrumb\",\"itemListElement\":[{\"@type\":\"ListItem\",\"position\":1,\"name\":\"Accueil\",\"item\":\"https:\/\/www.africa-press.net\/niger\/\"},{\"@type\":\"ListItem\",\"position\":2,\"name\":\"Rencontre d\u2019\u00e9changes sur le transfert de comp\u00e9tences dans le domaine de la sant\u00e9 publique : Le point des difficult\u00e9s rencontr\u00e9es et des perspectives\"}]},{\"@type\":\"WebSite\",\"@id\":\"https:\/\/www.africa-press.net\/niger\/#website\",\"url\":\"https:\/\/www.africa-press.net\/niger\/\",\"name\":\"niger\",\"description\":\"Just another Africa News Agency Sites site\",\"potentialAction\":[{\"@type\":\"SearchAction\",\"target\":{\"@type\":\"EntryPoint\",\"urlTemplate\":\"https:\/\/www.africa-press.net\/niger\/?s={search_term_string}\"},\"query-input\":{\"@type\":\"PropertyValueSpecification\",\"valueRequired\":true,\"valueName\":\"search_term_string\"}}],\"inLanguage\":\"fr-FR\"},{\"@type\":\"Person\",\"@id\":\"https:\/\/www.africa-press.net\/niger\/#\/schema\/person\/2b1cf3cd81a31e3cd26889ca66d677f1\",\"name\":\"cfeditorfr\"}]}<\/script>\n<!-- \/ Yoast SEO Premium plugin. -->","yoast_head_json":{"title":"Rencontre d\u2019\u00e9changes sur le transfert de comp\u00e9tences dans le domaine de la sant\u00e9 publique : Le point des difficult\u00e9s rencontr\u00e9es et des perspectives - niger","description":"\ufeffUne rencontre d\u2019\u00e9changes a regroup\u00e9, hier matin \u00e0 l\u2019h\u00f4tel de Ville de Niamey, les membres du bureau de l\u2019Association de ...","robots":{"index":"index","follow":"follow","max-snippet":"max-snippet:-1","max-image-preview":"max-image-preview:large","max-video-preview":"max-video-preview:-1"},"canonical":"https:\/\/www.africa-press.net\/niger\/toutes-les-actualites\/rencontre-dechanges-sur-le-transfert-de-competences-dans-le-domaine-de-la-sante-publique-le-point-des-difficultes-rencontrees-et-des-perspectives","og_locale":"fr_FR","og_type":"article","og_title":"Rencontre d\u2019\u00e9changes sur le transfert de comp\u00e9tences dans le domaine de la sant\u00e9 publique : Le point des difficult\u00e9s rencontr\u00e9es et des perspectives","og_description":"\ufeffUne rencontre d\u2019\u00e9changes a regroup\u00e9, hier matin \u00e0 l\u2019h\u00f4tel de Ville de Niamey, les membres du bureau de l\u2019Association de ...","og_url":"https:\/\/www.africa-press.net\/niger\/toutes-les-actualites\/rencontre-dechanges-sur-le-transfert-de-competences-dans-le-domaine-de-la-sante-publique-le-point-des-difficultes-rencontrees-et-des-perspectives","og_site_name":"niger","article_published_time":"2021-08-31T14:47:08+00:00","og_image":[{"width":720,"height":404,"url":"https:\/\/static.africa-press.net\/niger\/sites\/40\/2021\/08\/img-612e3a159403f.jpg","type":"image\/jpeg"}],"author":"cfeditorfr","twitter_card":"summary_large_image","twitter_misc":{"\u00c9crit par":"cfeditorfr","Dur\u00e9e de lecture estim\u00e9e":"3 minutes"},"schema":{"@context":"https:\/\/schema.org","@graph":[{"@type":"Article","@id":"https:\/\/www.africa-press.net\/niger\/toutes-les-actualites\/rencontre-dechanges-sur-le-transfert-de-competences-dans-le-domaine-de-la-sante-publique-le-point-des-difficultes-rencontrees-et-des-perspectives#article","isPartOf":{"@id":"https:\/\/www.africa-press.net\/niger\/toutes-les-actualites\/rencontre-dechanges-sur-le-transfert-de-competences-dans-le-domaine-de-la-sante-publique-le-point-des-difficultes-rencontrees-et-des-perspectives"},"author":{"name":"cfeditorfr","@id":"https:\/\/www.africa-press.net\/niger\/#\/schema\/person\/2b1cf3cd81a31e3cd26889ca66d677f1"},"headline":"Rencontre d\u2019\u00e9changes sur le transfert de comp\u00e9tences dans le domaine de la sant\u00e9 publique : Le point des difficult\u00e9s rencontr\u00e9es et des perspectives","datePublished":"2021-08-31T14:47:08+00:00","mainEntityOfPage":{"@id":"https:\/\/www.africa-press.net\/niger\/toutes-les-actualites\/rencontre-dechanges-sur-le-transfert-de-competences-dans-le-domaine-de-la-sante-publique-le-point-des-difficultes-rencontrees-et-des-perspectives"},"wordCount":684,"commentCount":0,"image":{"@id":"https:\/\/www.africa-press.net\/niger\/toutes-les-actualites\/rencontre-dechanges-sur-le-transfert-de-competences-dans-le-domaine-de-la-sante-publique-le-point-des-difficultes-rencontrees-et-des-perspectives#primaryimage"},"thumbnailUrl":"https:\/\/static.africa-press.net\/niger\/sites\/40\/2021\/08\/img-612e3a159403f.jpg","keywords":["Africa Press","Africa Press-Niger","Niger"],"articleSection":["Communaut\u00e9","homepage-french","Toutes les actualit\u00e9s"],"inLanguage":"fr-FR","potentialAction":[{"@type":"CommentAction","name":"Comment","target":["https:\/\/www.africa-press.net\/niger\/toutes-les-actualites\/rencontre-dechanges-sur-le-transfert-de-competences-dans-le-domaine-de-la-sante-publique-le-point-des-difficultes-rencontrees-et-des-perspectives#respond"]}]},{"@type":"WebPage","@id":"https:\/\/www.africa-press.net\/niger\/toutes-les-actualites\/rencontre-dechanges-sur-le-transfert-de-competences-dans-le-domaine-de-la-sante-publique-le-point-des-difficultes-rencontrees-et-des-perspectives","url":"https:\/\/www.africa-press.net\/niger\/toutes-les-actualites\/rencontre-dechanges-sur-le-transfert-de-competences-dans-le-domaine-de-la-sante-publique-le-point-des-difficultes-rencontrees-et-des-perspectives","name":"Rencontre d\u2019\u00e9changes sur le transfert de comp\u00e9tences dans le domaine de la sant\u00e9 publique : Le point des difficult\u00e9s rencontr\u00e9es et des perspectives - niger","isPartOf":{"@id":"https:\/\/www.africa-press.net\/niger\/#website"},"primaryImageOfPage":{"@id":"https:\/\/www.africa-press.net\/niger\/toutes-les-actualites\/rencontre-dechanges-sur-le-transfert-de-competences-dans-le-domaine-de-la-sante-publique-le-point-des-difficultes-rencontrees-et-des-perspectives#primaryimage"},"image":{"@id":"https:\/\/www.africa-press.net\/niger\/toutes-les-actualites\/rencontre-dechanges-sur-le-transfert-de-competences-dans-le-domaine-de-la-sante-publique-le-point-des-difficultes-rencontrees-et-des-perspectives#primaryimage"},"thumbnailUrl":"https:\/\/static.africa-press.net\/niger\/sites\/40\/2021\/08\/img-612e3a159403f.jpg","datePublished":"2021-08-31T14:47:08+00:00","author":{"@id":"https:\/\/www.africa-press.net\/niger\/#\/schema\/person\/2b1cf3cd81a31e3cd26889ca66d677f1"},"description":"\ufeffUne rencontre d\u2019\u00e9changes a regroup\u00e9, hier matin \u00e0 l\u2019h\u00f4tel de Ville de Niamey, les membres du bureau de l\u2019Association de ...","breadcrumb":{"@id":"https:\/\/www.africa-press.net\/niger\/toutes-les-actualites\/rencontre-dechanges-sur-le-transfert-de-competences-dans-le-domaine-de-la-sante-publique-le-point-des-difficultes-rencontrees-et-des-perspectives#breadcrumb"},"inLanguage":"fr-FR","potentialAction":[{"@type":"ReadAction","target":["https:\/\/www.africa-press.net\/niger\/toutes-les-actualites\/rencontre-dechanges-sur-le-transfert-de-competences-dans-le-domaine-de-la-sante-publique-le-point-des-difficultes-rencontrees-et-des-perspectives"]}]},{"@type":"ImageObject","inLanguage":"fr-FR","@id":"https:\/\/www.africa-press.net\/niger\/toutes-les-actualites\/rencontre-dechanges-sur-le-transfert-de-competences-dans-le-domaine-de-la-sante-publique-le-point-des-difficultes-rencontrees-et-des-perspectives#primaryimage","url":"https:\/\/static.africa-press.net\/niger\/sites\/40\/2021\/08\/img-612e3a159403f.jpg","contentUrl":"https:\/\/static.africa-press.net\/niger\/sites\/40\/2021\/08\/img-612e3a159403f.jpg","width":720,"height":404,"caption":"Rencontre d\u2019\u00e9changes sur le transfert de comp\u00e9tences dans le domaine de la sant\u00e9 publique : Le point des difficult\u00e9s rencontr\u00e9es et des perspectives"},{"@type":"BreadcrumbList","@id":"https:\/\/www.africa-press.net\/niger\/toutes-les-actualites\/rencontre-dechanges-sur-le-transfert-de-competences-dans-le-domaine-de-la-sante-publique-le-point-des-difficultes-rencontrees-et-des-perspectives#breadcrumb","itemListElement":[{"@type":"ListItem","position":1,"name":"Accueil","item":"https:\/\/www.africa-press.net\/niger\/"},{"@type":"ListItem","position":2,"name":"Rencontre d\u2019\u00e9changes sur le transfert de comp\u00e9tences dans le domaine de la sant\u00e9 publique : Le point des difficult\u00e9s rencontr\u00e9es et des perspectives"}]},{"@type":"WebSite","@id":"https:\/\/www.africa-press.net\/niger\/#website","url":"https:\/\/www.africa-press.net\/niger\/","name":"niger","description":"Just another Africa News Agency Sites site","potentialAction":[{"@type":"SearchAction","target":{"@type":"EntryPoint","urlTemplate":"https:\/\/www.africa-press.net\/niger\/?s={search_term_string}"},"query-input":{"@type":"PropertyValueSpecification","valueRequired":true,"valueName":"search_term_string"}}],"inLanguage":"fr-FR"},{"@type":"Person","@id":"https:\/\/www.africa-press.net\/niger\/#\/schema\/person\/2b1cf3cd81a31e3cd26889ca66d677f1","name":"cfeditorfr"}]}},"_links":{"self":[{"href":"https:\/\/www.africa-press.net\/niger\/wp-json\/wp\/v2\/posts\/10957","targetHints":{"allow":["GET"]}}],"collection":[{"href":"https:\/\/www.africa-press.net\/niger\/wp-json\/wp\/v2\/posts"}],"about":[{"href":"https:\/\/www.africa-press.net\/niger\/wp-json\/wp\/v2\/types\/post"}],"author":[{"embeddable":true,"href":"https:\/\/www.africa-press.net\/niger\/wp-json\/wp\/v2\/users\/82"}],"replies":[{"embeddable":true,"href":"https:\/\/www.africa-press.net\/niger\/wp-json\/wp\/v2\/comments?post=10957"}],"version-history":[{"count":0,"href":"https:\/\/www.africa-press.net\/niger\/wp-json\/wp\/v2\/posts\/10957\/revisions"}],"wp:featuredmedia":[{"embeddable":true,"href":"https:\/\/www.africa-press.net\/niger\/wp-json\/wp\/v2\/media\/10956"}],"wp:attachment":[{"href":"https:\/\/www.africa-press.net\/niger\/wp-json\/wp\/v2\/media?parent=10957"}],"wp:term":[{"taxonomy":"category","embeddable":true,"href":"https:\/\/www.africa-press.net\/niger\/wp-json\/wp\/v2\/categories?post=10957"},{"taxonomy":"post_tag","embeddable":true,"href":"https:\/\/www.africa-press.net\/niger\/wp-json\/wp\/v2\/tags?post=10957"}],"curies":[{"name":"wp","href":"https:\/\/api.w.org\/{rel}","templated":true}]}}