{"id":10960,"date":"2021-08-31T14:54:39","date_gmt":"2021-08-31T14:54:39","guid":{"rendered":"https:\/\/www.africa-press.net\/niger\/?p=10960"},"modified":"2021-08-31T14:18:56","modified_gmt":"2021-08-31T14:18:56","slug":"audience-au-cabinet-du-premier-ministre-le-premier-ministre-ouhoumoudou-mahamadou-sentretient-avec-le-secretaire-general-de-la-zlecaf","status":"publish","type":"post","link":"https:\/\/www.africa-press.net\/niger\/politique\/audience-au-cabinet-du-premier-ministre-le-premier-ministre-ouhoumoudou-mahamadou-sentretient-avec-le-secretaire-general-de-la-zlecaf","title":{"rendered":"Audience au Cabinet du Premier ministre : Le Premier ministre Ouhoumoudou Mahamadou s\u2019entretient avec le Secr\u00e9taire G\u00e9n\u00e9ral de la ZLECAf"},"content":{"rendered":"<p><span style=\"color: #ff6600\"><strong><a href=\"https:\/\/www.africa-press.net\/\">Africa-Press<\/a> &#8211; <a href=\"https:\/\/www.africa-press.net\/niger\">Niger<\/a>. <\/strong><\/span>Le Premier ministre, chef du gouvernement, M. Ouhoumoudou Mahamadou a accord\u00e9, hier 30 ao\u00fbt 2021, une audience au Secr\u00e9taire g\u00e9n\u00e9ral de la Zone de Libre-Echange Continentale Africaine (ZLECAf), M. Wamkele Mene, en visite de travail \u00e0 Niamey. Au c\u0153ur des \u00e9changes, la situation de la ZLECAf et le leadership du Niger au sein de cette institution continentale.<\/p>\n<p>\u00c0 sa sortie de l\u2019audience, M. Mene a indiqu\u00e9 qu\u2019il est venu, d\u2019abord f\u00e9liciter le Premier ministre suite \u00e0 sa nomination \u00e0 cet important poste et lui souhaiter ensuite tous les meilleurs v\u0153ux de r\u00e9ussite dans cette noble mission. \u00abJe lui ai rendu compte du progr\u00e8s des travaux au niveau de secr\u00e9tariat de la ZLECAf. Je lui ai \u00e9galement fait part de l\u2019\u00e9tat des n\u00e9gociations que nous avons initi\u00e9es au niveau de la ZLECAf, mais aussi des succ\u00e8s que nous avons enregistr\u00e9s ainsi que des d\u00e9fis auxquels nous faisons face. Enfin, j\u2019ai sollicit\u00e9 l\u2019appui continu et le leadership du Niger dans cette mission\u00bb, a d\u00e9clar\u00e9 M. Mene. \u00abJe suis fier du fait que le Pr\u00e9sident de la R\u00e9publique du Niger et le Premier ministre aient r\u00e9affirm\u00e9 leur disponibilit\u00e9 \u00e0 continuer leur soutien \u00e0 la ZLECAf de m\u00eame que le Niger continue d\u2019apporter son leadership \u00e0 la ZLECAf, \u00e0 essayer de d\u00e9bloquer la situation l\u00e0 o\u00f9 il le faut, donc d\u2019apporter toujours son appui constant \u00e0 la ZLECAf\u00bb, a ajout\u00e9 M. Wamkele Mene.<\/p>\n<p>Notons que la ZLECAf est une zone g\u00e9ographique continentale dans laquelle les biens et les services circulent sans restriction entre les Etats membres de l\u2019UA. Elle vise \u00e0 stimuler le commerce intra-africain en offrant un Accord commercial global et mutuellement b\u00e9n\u00e9fique entre les Etats membres, couvrant le commerce des biens et des services, les investissements, les droits de propri\u00e9t\u00e9 intellectuelle et la politique en mati\u00e8re de concurrence. L\u2019objectif \u00e9tant aussi de constituer un march\u00e9 unique pour les biens et services au niveau du continent, bas\u00e9 sur la libre-circulation des activit\u00e9s et des investissements. Cet espace constitue un march\u00e9 de 1,2 milliard de personnes et cr\u00e9era un march\u00e9 de pr\u00e8s de 3.000 milliards de dollars, sans aucun droit de douane ni restriction \u00e0 la fronti\u00e8re. 36 pays sur les 55 de l\u2019Union Africaine (UA) ont ratifi\u00e9 l\u2019accord qui l\u2019institue. Cet accord pr\u00e9voit l\u2019\u00e9limination des barri\u00e8res non tarifaires, un syst\u00e8me panafricain de paiements et de r\u00e8glements et un observatoire africain du commerce qui devraient \u00eatre fonctionnels d\u00e8s le d\u00e9but des \u00e9changes commerciaux.<\/p>\n<p><b>Mahamadou Diallo(onep)<\/b><\/p>\n","protected":false},"excerpt":{"rendered":"<p>Africa-Press &#8211; Niger. Le Premier ministre, chef du gouvernement, M. Ouhoumoudou Mahamadou a accord\u00e9, hier 30 ao\u00fbt 2021, une audience au Secr\u00e9taire g\u00e9n\u00e9ral de la Zone de Libre-Echange Continentale Africaine (ZLECAf), M. Wamkele Mene, en visite de travail \u00e0 Niamey. Au c\u0153ur des \u00e9changes, la situation de la ZLECAf et le leadership du Niger au [&hellip;]<\/p>\n","protected":false},"author":82,"featured_media":10959,"comment_status":"open","ping_status":"closed","sticky":false,"template":"","format":"standard","meta":{"footnotes":""},"categories":[11,2,10],"tags":[55,60,29],"class_list":["post-10960","post","type-post","status-publish","format-standard","has-post-thumbnail","hentry","category-homepage-french","category-politique","category-toutes-les-actualites","tag-africa-press","tag-africa-press-niger","tag-niger"],"yoast_head":"<!-- This site is optimized with the Yoast SEO Premium plugin v26.1 (Yoast SEO v27.0) - https:\/\/yoast.com\/product\/yoast-seo-premium-wordpress\/ -->\n<title>Audience au Cabinet du Premier ministre : Le Premier ministre Ouhoumoudou Mahamadou s\u2019entretient avec le Secr\u00e9taire G\u00e9n\u00e9ral de la ZLECAf - niger<\/title>\n<meta name=\"description\" content=\"\ufeffLe Premier ministre, chef du gouvernement, M. Ouhoumoudou Mahamadou a accord\u00e9, hier 30 ao\u00fbt 2021, une audience au Secr\u00e9 ...\" \/>\n<meta name=\"robots\" content=\"index, follow, max-snippet:-1, max-image-preview:large, max-video-preview:-1\" \/>\n<link rel=\"canonical\" href=\"https:\/\/www.africa-press.net\/niger\/politique\/audience-au-cabinet-du-premier-ministre-le-premier-ministre-ouhoumoudou-mahamadou-sentretient-avec-le-secretaire-general-de-la-zlecaf\" \/>\n<meta property=\"og:locale\" content=\"fr_FR\" \/>\n<meta property=\"og:type\" content=\"article\" \/>\n<meta property=\"og:title\" content=\"Audience au Cabinet du Premier ministre : Le Premier ministre Ouhoumoudou Mahamadou s\u2019entretient avec le Secr\u00e9taire G\u00e9n\u00e9ral de la ZLECAf\" \/>\n<meta property=\"og:description\" content=\"\ufeffLe Premier ministre, chef du gouvernement, M. Ouhoumoudou Mahamadou a accord\u00e9, hier 30 ao\u00fbt 2021, une audience au Secr\u00e9 ...\" \/>\n<meta property=\"og:url\" content=\"https:\/\/www.africa-press.net\/niger\/politique\/audience-au-cabinet-du-premier-ministre-le-premier-ministre-ouhoumoudou-mahamadou-sentretient-avec-le-secretaire-general-de-la-zlecaf\" \/>\n<meta property=\"og:site_name\" content=\"niger\" \/>\n<meta property=\"article:published_time\" content=\"2021-08-31T14:54:39+00:00\" \/>\n<meta property=\"og:image\" content=\"https:\/\/static.africa-press.net\/niger\/sites\/40\/2021\/08\/img-612e3a35796c5.jpg\" \/>\n\t<meta property=\"og:image:width\" content=\"720\" \/>\n\t<meta property=\"og:image:height\" content=\"480\" \/>\n\t<meta property=\"og:image:type\" content=\"image\/jpeg\" \/>\n<meta name=\"author\" content=\"cfeditorfr\" \/>\n<meta name=\"twitter:card\" content=\"summary_large_image\" \/>\n<meta name=\"twitter:label1\" content=\"\u00c9crit par\" \/>\n\t<meta name=\"twitter:data1\" content=\"cfeditorfr\" \/>\n\t<meta name=\"twitter:label2\" content=\"Dur\u00e9e de lecture estim\u00e9e\" \/>\n\t<meta name=\"twitter:data2\" content=\"2 minutes\" \/>\n<script type=\"application\/ld+json\" class=\"yoast-schema-graph\">{\"@context\":\"https:\/\/schema.org\",\"@graph\":[{\"@type\":\"Article\",\"@id\":\"https:\/\/www.africa-press.net\/niger\/politique\/audience-au-cabinet-du-premier-ministre-le-premier-ministre-ouhoumoudou-mahamadou-sentretient-avec-le-secretaire-general-de-la-zlecaf#article\",\"isPartOf\":{\"@id\":\"https:\/\/www.africa-press.net\/niger\/politique\/audience-au-cabinet-du-premier-ministre-le-premier-ministre-ouhoumoudou-mahamadou-sentretient-avec-le-secretaire-general-de-la-zlecaf\"},\"author\":{\"name\":\"cfeditorfr\",\"@id\":\"https:\/\/www.africa-press.net\/niger\/#\/schema\/person\/2b1cf3cd81a31e3cd26889ca66d677f1\"},\"headline\":\"Audience au Cabinet du Premier ministre : Le Premier ministre Ouhoumoudou Mahamadou s\u2019entretient avec le Secr\u00e9taire G\u00e9n\u00e9ral de la ZLECAf\",\"datePublished\":\"2021-08-31T14:54:39+00:00\",\"mainEntityOfPage\":{\"@id\":\"https:\/\/www.africa-press.net\/niger\/politique\/audience-au-cabinet-du-premier-ministre-le-premier-ministre-ouhoumoudou-mahamadou-sentretient-avec-le-secretaire-general-de-la-zlecaf\"},\"wordCount\":461,\"commentCount\":0,\"image\":{\"@id\":\"https:\/\/www.africa-press.net\/niger\/politique\/audience-au-cabinet-du-premier-ministre-le-premier-ministre-ouhoumoudou-mahamadou-sentretient-avec-le-secretaire-general-de-la-zlecaf#primaryimage\"},\"thumbnailUrl\":\"https:\/\/static.africa-press.net\/niger\/sites\/40\/2021\/08\/img-612e3a35796c5.jpg\",\"keywords\":[\"Africa Press\",\"Africa Press-Niger\",\"Niger\"],\"articleSection\":[\"homepage-french\",\"Politique\",\"Toutes les actualit\u00e9s\"],\"inLanguage\":\"fr-FR\",\"potentialAction\":[{\"@type\":\"CommentAction\",\"name\":\"Comment\",\"target\":[\"https:\/\/www.africa-press.net\/niger\/politique\/audience-au-cabinet-du-premier-ministre-le-premier-ministre-ouhoumoudou-mahamadou-sentretient-avec-le-secretaire-general-de-la-zlecaf#respond\"]}]},{\"@type\":\"WebPage\",\"@id\":\"https:\/\/www.africa-press.net\/niger\/politique\/audience-au-cabinet-du-premier-ministre-le-premier-ministre-ouhoumoudou-mahamadou-sentretient-avec-le-secretaire-general-de-la-zlecaf\",\"url\":\"https:\/\/www.africa-press.net\/niger\/politique\/audience-au-cabinet-du-premier-ministre-le-premier-ministre-ouhoumoudou-mahamadou-sentretient-avec-le-secretaire-general-de-la-zlecaf\",\"name\":\"Audience au Cabinet du Premier ministre : Le Premier ministre Ouhoumoudou Mahamadou s\u2019entretient avec le Secr\u00e9taire G\u00e9n\u00e9ral de la ZLECAf - niger\",\"isPartOf\":{\"@id\":\"https:\/\/www.africa-press.net\/niger\/#website\"},\"primaryImageOfPage\":{\"@id\":\"https:\/\/www.africa-press.net\/niger\/politique\/audience-au-cabinet-du-premier-ministre-le-premier-ministre-ouhoumoudou-mahamadou-sentretient-avec-le-secretaire-general-de-la-zlecaf#primaryimage\"},\"image\":{\"@id\":\"https:\/\/www.africa-press.net\/niger\/politique\/audience-au-cabinet-du-premier-ministre-le-premier-ministre-ouhoumoudou-mahamadou-sentretient-avec-le-secretaire-general-de-la-zlecaf#primaryimage\"},\"thumbnailUrl\":\"https:\/\/static.africa-press.net\/niger\/sites\/40\/2021\/08\/img-612e3a35796c5.jpg\",\"datePublished\":\"2021-08-31T14:54:39+00:00\",\"author\":{\"@id\":\"https:\/\/www.africa-press.net\/niger\/#\/schema\/person\/2b1cf3cd81a31e3cd26889ca66d677f1\"},\"description\":\"\ufeffLe Premier ministre, chef du gouvernement, M. Ouhoumoudou Mahamadou a accord\u00e9, hier 30 ao\u00fbt 2021, une audience au Secr\u00e9 ...\",\"breadcrumb\":{\"@id\":\"https:\/\/www.africa-press.net\/niger\/politique\/audience-au-cabinet-du-premier-ministre-le-premier-ministre-ouhoumoudou-mahamadou-sentretient-avec-le-secretaire-general-de-la-zlecaf#breadcrumb\"},\"inLanguage\":\"fr-FR\",\"potentialAction\":[{\"@type\":\"ReadAction\",\"target\":[\"https:\/\/www.africa-press.net\/niger\/politique\/audience-au-cabinet-du-premier-ministre-le-premier-ministre-ouhoumoudou-mahamadou-sentretient-avec-le-secretaire-general-de-la-zlecaf\"]}]},{\"@type\":\"ImageObject\",\"inLanguage\":\"fr-FR\",\"@id\":\"https:\/\/www.africa-press.net\/niger\/politique\/audience-au-cabinet-du-premier-ministre-le-premier-ministre-ouhoumoudou-mahamadou-sentretient-avec-le-secretaire-general-de-la-zlecaf#primaryimage\",\"url\":\"https:\/\/static.africa-press.net\/niger\/sites\/40\/2021\/08\/img-612e3a35796c5.jpg\",\"contentUrl\":\"https:\/\/static.africa-press.net\/niger\/sites\/40\/2021\/08\/img-612e3a35796c5.jpg\",\"width\":720,\"height\":480,\"caption\":\"Audience au Cabinet du Premier ministre : Le Premier ministre Ouhoumoudou Mahamadou s\u2019entretient avec le Secr\u00e9taire G\u00e9n\u00e9ral de la ZLECAf\"},{\"@type\":\"BreadcrumbList\",\"@id\":\"https:\/\/www.africa-press.net\/niger\/politique\/audience-au-cabinet-du-premier-ministre-le-premier-ministre-ouhoumoudou-mahamadou-sentretient-avec-le-secretaire-general-de-la-zlecaf#breadcrumb\",\"itemListElement\":[{\"@type\":\"ListItem\",\"position\":1,\"name\":\"Accueil\",\"item\":\"https:\/\/www.africa-press.net\/niger\/\"},{\"@type\":\"ListItem\",\"position\":2,\"name\":\"Audience au Cabinet du Premier ministre : Le Premier ministre Ouhoumoudou Mahamadou s\u2019entretient avec le Secr\u00e9taire G\u00e9n\u00e9ral de la ZLECAf\"}]},{\"@type\":\"WebSite\",\"@id\":\"https:\/\/www.africa-press.net\/niger\/#website\",\"url\":\"https:\/\/www.africa-press.net\/niger\/\",\"name\":\"niger\",\"description\":\"Just another Africa News Agency Sites site\",\"potentialAction\":[{\"@type\":\"SearchAction\",\"target\":{\"@type\":\"EntryPoint\",\"urlTemplate\":\"https:\/\/www.africa-press.net\/niger\/?s={search_term_string}\"},\"query-input\":{\"@type\":\"PropertyValueSpecification\",\"valueRequired\":true,\"valueName\":\"search_term_string\"}}],\"inLanguage\":\"fr-FR\"},{\"@type\":\"Person\",\"@id\":\"https:\/\/www.africa-press.net\/niger\/#\/schema\/person\/2b1cf3cd81a31e3cd26889ca66d677f1\",\"name\":\"cfeditorfr\"}]}<\/script>\n<!-- \/ Yoast SEO Premium plugin. -->","yoast_head_json":{"title":"Audience au Cabinet du Premier ministre : Le Premier ministre Ouhoumoudou Mahamadou s\u2019entretient avec le Secr\u00e9taire G\u00e9n\u00e9ral de la ZLECAf - niger","description":"\ufeffLe Premier ministre, chef du gouvernement, M. Ouhoumoudou Mahamadou a accord\u00e9, hier 30 ao\u00fbt 2021, une audience au Secr\u00e9 ...","robots":{"index":"index","follow":"follow","max-snippet":"max-snippet:-1","max-image-preview":"max-image-preview:large","max-video-preview":"max-video-preview:-1"},"canonical":"https:\/\/www.africa-press.net\/niger\/politique\/audience-au-cabinet-du-premier-ministre-le-premier-ministre-ouhoumoudou-mahamadou-sentretient-avec-le-secretaire-general-de-la-zlecaf","og_locale":"fr_FR","og_type":"article","og_title":"Audience au Cabinet du Premier ministre : Le Premier ministre Ouhoumoudou Mahamadou s\u2019entretient avec le Secr\u00e9taire G\u00e9n\u00e9ral de la ZLECAf","og_description":"\ufeffLe Premier ministre, chef du gouvernement, M. Ouhoumoudou Mahamadou a accord\u00e9, hier 30 ao\u00fbt 2021, une audience au Secr\u00e9 ...","og_url":"https:\/\/www.africa-press.net\/niger\/politique\/audience-au-cabinet-du-premier-ministre-le-premier-ministre-ouhoumoudou-mahamadou-sentretient-avec-le-secretaire-general-de-la-zlecaf","og_site_name":"niger","article_published_time":"2021-08-31T14:54:39+00:00","og_image":[{"width":720,"height":480,"url":"https:\/\/static.africa-press.net\/niger\/sites\/40\/2021\/08\/img-612e3a35796c5.jpg","type":"image\/jpeg"}],"author":"cfeditorfr","twitter_card":"summary_large_image","twitter_misc":{"\u00c9crit par":"cfeditorfr","Dur\u00e9e de lecture estim\u00e9e":"2 minutes"},"schema":{"@context":"https:\/\/schema.org","@graph":[{"@type":"Article","@id":"https:\/\/www.africa-press.net\/niger\/politique\/audience-au-cabinet-du-premier-ministre-le-premier-ministre-ouhoumoudou-mahamadou-sentretient-avec-le-secretaire-general-de-la-zlecaf#article","isPartOf":{"@id":"https:\/\/www.africa-press.net\/niger\/politique\/audience-au-cabinet-du-premier-ministre-le-premier-ministre-ouhoumoudou-mahamadou-sentretient-avec-le-secretaire-general-de-la-zlecaf"},"author":{"name":"cfeditorfr","@id":"https:\/\/www.africa-press.net\/niger\/#\/schema\/person\/2b1cf3cd81a31e3cd26889ca66d677f1"},"headline":"Audience au Cabinet du Premier ministre : Le Premier ministre Ouhoumoudou Mahamadou s\u2019entretient avec le Secr\u00e9taire G\u00e9n\u00e9ral de la ZLECAf","datePublished":"2021-08-31T14:54:39+00:00","mainEntityOfPage":{"@id":"https:\/\/www.africa-press.net\/niger\/politique\/audience-au-cabinet-du-premier-ministre-le-premier-ministre-ouhoumoudou-mahamadou-sentretient-avec-le-secretaire-general-de-la-zlecaf"},"wordCount":461,"commentCount":0,"image":{"@id":"https:\/\/www.africa-press.net\/niger\/politique\/audience-au-cabinet-du-premier-ministre-le-premier-ministre-ouhoumoudou-mahamadou-sentretient-avec-le-secretaire-general-de-la-zlecaf#primaryimage"},"thumbnailUrl":"https:\/\/static.africa-press.net\/niger\/sites\/40\/2021\/08\/img-612e3a35796c5.jpg","keywords":["Africa Press","Africa Press-Niger","Niger"],"articleSection":["homepage-french","Politique","Toutes les actualit\u00e9s"],"inLanguage":"fr-FR","potentialAction":[{"@type":"CommentAction","name":"Comment","target":["https:\/\/www.africa-press.net\/niger\/politique\/audience-au-cabinet-du-premier-ministre-le-premier-ministre-ouhoumoudou-mahamadou-sentretient-avec-le-secretaire-general-de-la-zlecaf#respond"]}]},{"@type":"WebPage","@id":"https:\/\/www.africa-press.net\/niger\/politique\/audience-au-cabinet-du-premier-ministre-le-premier-ministre-ouhoumoudou-mahamadou-sentretient-avec-le-secretaire-general-de-la-zlecaf","url":"https:\/\/www.africa-press.net\/niger\/politique\/audience-au-cabinet-du-premier-ministre-le-premier-ministre-ouhoumoudou-mahamadou-sentretient-avec-le-secretaire-general-de-la-zlecaf","name":"Audience au Cabinet du Premier ministre : Le Premier ministre Ouhoumoudou Mahamadou s\u2019entretient avec le Secr\u00e9taire G\u00e9n\u00e9ral de la ZLECAf - niger","isPartOf":{"@id":"https:\/\/www.africa-press.net\/niger\/#website"},"primaryImageOfPage":{"@id":"https:\/\/www.africa-press.net\/niger\/politique\/audience-au-cabinet-du-premier-ministre-le-premier-ministre-ouhoumoudou-mahamadou-sentretient-avec-le-secretaire-general-de-la-zlecaf#primaryimage"},"image":{"@id":"https:\/\/www.africa-press.net\/niger\/politique\/audience-au-cabinet-du-premier-ministre-le-premier-ministre-ouhoumoudou-mahamadou-sentretient-avec-le-secretaire-general-de-la-zlecaf#primaryimage"},"thumbnailUrl":"https:\/\/static.africa-press.net\/niger\/sites\/40\/2021\/08\/img-612e3a35796c5.jpg","datePublished":"2021-08-31T14:54:39+00:00","author":{"@id":"https:\/\/www.africa-press.net\/niger\/#\/schema\/person\/2b1cf3cd81a31e3cd26889ca66d677f1"},"description":"\ufeffLe Premier ministre, chef du gouvernement, M. Ouhoumoudou Mahamadou a accord\u00e9, hier 30 ao\u00fbt 2021, une audience au Secr\u00e9 ...","breadcrumb":{"@id":"https:\/\/www.africa-press.net\/niger\/politique\/audience-au-cabinet-du-premier-ministre-le-premier-ministre-ouhoumoudou-mahamadou-sentretient-avec-le-secretaire-general-de-la-zlecaf#breadcrumb"},"inLanguage":"fr-FR","potentialAction":[{"@type":"ReadAction","target":["https:\/\/www.africa-press.net\/niger\/politique\/audience-au-cabinet-du-premier-ministre-le-premier-ministre-ouhoumoudou-mahamadou-sentretient-avec-le-secretaire-general-de-la-zlecaf"]}]},{"@type":"ImageObject","inLanguage":"fr-FR","@id":"https:\/\/www.africa-press.net\/niger\/politique\/audience-au-cabinet-du-premier-ministre-le-premier-ministre-ouhoumoudou-mahamadou-sentretient-avec-le-secretaire-general-de-la-zlecaf#primaryimage","url":"https:\/\/static.africa-press.net\/niger\/sites\/40\/2021\/08\/img-612e3a35796c5.jpg","contentUrl":"https:\/\/static.africa-press.net\/niger\/sites\/40\/2021\/08\/img-612e3a35796c5.jpg","width":720,"height":480,"caption":"Audience au Cabinet du Premier ministre : Le Premier ministre Ouhoumoudou Mahamadou s\u2019entretient avec le Secr\u00e9taire G\u00e9n\u00e9ral de la ZLECAf"},{"@type":"BreadcrumbList","@id":"https:\/\/www.africa-press.net\/niger\/politique\/audience-au-cabinet-du-premier-ministre-le-premier-ministre-ouhoumoudou-mahamadou-sentretient-avec-le-secretaire-general-de-la-zlecaf#breadcrumb","itemListElement":[{"@type":"ListItem","position":1,"name":"Accueil","item":"https:\/\/www.africa-press.net\/niger\/"},{"@type":"ListItem","position":2,"name":"Audience au Cabinet du Premier ministre : Le Premier ministre Ouhoumoudou Mahamadou s\u2019entretient avec le Secr\u00e9taire G\u00e9n\u00e9ral de la ZLECAf"}]},{"@type":"WebSite","@id":"https:\/\/www.africa-press.net\/niger\/#website","url":"https:\/\/www.africa-press.net\/niger\/","name":"niger","description":"Just another Africa News Agency Sites site","potentialAction":[{"@type":"SearchAction","target":{"@type":"EntryPoint","urlTemplate":"https:\/\/www.africa-press.net\/niger\/?s={search_term_string}"},"query-input":{"@type":"PropertyValueSpecification","valueRequired":true,"valueName":"search_term_string"}}],"inLanguage":"fr-FR"},{"@type":"Person","@id":"https:\/\/www.africa-press.net\/niger\/#\/schema\/person\/2b1cf3cd81a31e3cd26889ca66d677f1","name":"cfeditorfr"}]}},"_links":{"self":[{"href":"https:\/\/www.africa-press.net\/niger\/wp-json\/wp\/v2\/posts\/10960","targetHints":{"allow":["GET"]}}],"collection":[{"href":"https:\/\/www.africa-press.net\/niger\/wp-json\/wp\/v2\/posts"}],"about":[{"href":"https:\/\/www.africa-press.net\/niger\/wp-json\/wp\/v2\/types\/post"}],"author":[{"embeddable":true,"href":"https:\/\/www.africa-press.net\/niger\/wp-json\/wp\/v2\/users\/82"}],"replies":[{"embeddable":true,"href":"https:\/\/www.africa-press.net\/niger\/wp-json\/wp\/v2\/comments?post=10960"}],"version-history":[{"count":0,"href":"https:\/\/www.africa-press.net\/niger\/wp-json\/wp\/v2\/posts\/10960\/revisions"}],"wp:featuredmedia":[{"embeddable":true,"href":"https:\/\/www.africa-press.net\/niger\/wp-json\/wp\/v2\/media\/10959"}],"wp:attachment":[{"href":"https:\/\/www.africa-press.net\/niger\/wp-json\/wp\/v2\/media?parent=10960"}],"wp:term":[{"taxonomy":"category","embeddable":true,"href":"https:\/\/www.africa-press.net\/niger\/wp-json\/wp\/v2\/categories?post=10960"},{"taxonomy":"post_tag","embeddable":true,"href":"https:\/\/www.africa-press.net\/niger\/wp-json\/wp\/v2\/tags?post=10960"}],"curies":[{"name":"wp","href":"https:\/\/api.w.org\/{rel}","templated":true}]}}