{"id":10972,"date":"2021-08-31T15:28:47","date_gmt":"2021-08-31T15:28:47","guid":{"rendered":"https:\/\/www.africa-press.net\/niger\/?p=10972"},"modified":"2021-08-31T14:22:08","modified_gmt":"2021-08-31T14:22:08","slug":"epidemie-de-cholera-a-zinder-a-la-date-du-jeudi-26-aout-la-situation-est-sous-controle-responsable-sante","status":"publish","type":"post","link":"https:\/\/www.africa-press.net\/niger\/toutes-les-actualites\/epidemie-de-cholera-a-zinder-a-la-date-du-jeudi-26-aout-la-situation-est-sous-controle-responsable-sante","title":{"rendered":"Epid\u00e9mie de chol\u00e9ra \u00e0 Zinder\u00a0: \u2018\u2019A la date du Jeudi 26 Ao\u00fbt, la situation est sous contr\u00f4le\u2019\u2019 (Responsable sant\u00e9)"},"content":{"rendered":"<p><span style=\"color: #ff6600\"><strong><a href=\"https:\/\/www.africa-press.net\/\">Africa-Press<\/a> &#8211; <a href=\"https:\/\/www.africa-press.net\/niger\">Niger<\/a>. <\/strong><\/span>, 30 Ao\u00fbt(ANP).La R\u00e9gion de Zinder a connu d\u00e8s le d\u00e9but du mois de Juillet une \u00e9pid\u00e9mie de chol\u00e9ra d\u00e9clar\u00e9e au niveau de cinq districts sanitaires qui sont Tanout ,Damagaram Takaya, Dungass, Mirriah et Magaria, selon le Directeur R\u00e9gional de la Sant\u00e9 publique, Dr. Abou Yahaya.<\/p>\n<p>Selon le directeur r\u00e9gional de la sant\u00e9 \u2018\u2019\u00e0 la date du Jeudi 26 Ao\u00fbt, la situation est sous contr\u00f4le\u2019\u2019. Cette situation est caract\u00e9ris\u00e9e par 304 cas dont 14 d\u00e9c\u00e8s, 246 gu\u00e9ris et 41 malades sous traitement.<\/p>\n<p>Sur le site du village de Yan koubl\u00e9 dans le d\u00e9partement de Magaria, un centre a \u00e9t\u00e9 \u00e9rig\u00e9 pour apporter des soins ad\u00e9quats aux malades du cholera.<\/p>\n<p>Pour la prise en charge des malades, l\u2019Etat et ses partenaires ont mis \u00e0 la disposition du site un lot de m\u00e9dicaments et de mat\u00e9riels m\u00e9dicaux.<\/p>\n<p>Au niveau du site du Koublen Gada dans le d\u00e9partement de Mirriah, la situation de l\u2019\u00e9pid\u00e9mie affecte une dizaine de villages qui entourent le CSI du Kisanbana.<\/p>\n<p>Le personnel d\u2019encadrement, toutes cat\u00e9gories confondues, est entrain d\u2019agir intens\u00e9ment pour circonscrire la maladie.<\/p>\n<p>\u2018\u2019Pour assurer une gestion efficace de la situation dans ce village, une brigade sanitaire sillonne les m\u00e9nages pour la pulv\u00e9risation des lieux et la purification des eaux des puits, des mares dans l\u2019optique de freiner la chaine de transmission\u2019\u2019 a indiqu\u00e9 le directeur r\u00e9gional de la sant\u00e9.<\/p>\n<p>Dr. Abou Yahaya insiste dans son intervention \u00e0 l\u2019endroit des populations sur \u2018\u2019le respect des mesures d\u2019hygi\u00e8ne pr\u00e9conis\u00e9es par les services sanitaires afin de rompre avec la cha\u00eene de transmission de la maladie en s\u2019assurant que l\u2019eau qui doit \u00eatre utilis\u00e9e est de bonne qualit\u00e9, dans le cas contraire, il faut la bouillir ou utiliser les d\u00e9cantants mis \u00e0 leur disposition.\u2019\u2019<\/p>\n<p>Rappelons qu\u2019au Niger 2336 cas ont \u00e9t\u00e9 d\u00e9clar\u00e9s sur toute l\u2019\u00e9tendue du territoire \u00e0 la date du 27 ao\u00fbt 2021.<\/p>\n","protected":false},"excerpt":{"rendered":"<p>Africa-Press &#8211; Niger. , 30 Ao\u00fbt(ANP).La R\u00e9gion de Zinder a connu d\u00e8s le d\u00e9but du mois de Juillet une \u00e9pid\u00e9mie de chol\u00e9ra d\u00e9clar\u00e9e au niveau de cinq districts sanitaires qui sont Tanout ,Damagaram Takaya, Dungass, Mirriah et Magaria, selon le Directeur R\u00e9gional de la Sant\u00e9 publique, Dr. Abou Yahaya. Selon le directeur r\u00e9gional de la [&hellip;]<\/p>\n","protected":false},"author":82,"featured_media":10971,"comment_status":"open","ping_status":"closed","sticky":false,"template":"","format":"standard","meta":{"footnotes":""},"categories":[21,11,10],"tags":[55,60,29],"class_list":["post-10972","post","type-post","status-publish","format-standard","has-post-thumbnail","hentry","category-communaute","category-homepage-french","category-toutes-les-actualites","tag-africa-press","tag-africa-press-niger","tag-niger"],"yoast_head":"<!-- This site is optimized with the Yoast SEO Premium plugin v26.1 (Yoast SEO v27.0) - https:\/\/yoast.com\/product\/yoast-seo-premium-wordpress\/ -->\n<title>Epid\u00e9mie de chol\u00e9ra \u00e0 Zinder\u00a0: \u2018\u2019A la date du Jeudi 26 Ao\u00fbt, la situation est sous contr\u00f4le\u2019\u2019 (Responsable sant\u00e9) - niger<\/title>\n<meta name=\"description\" content=\", 30 Ao\u00fbt(ANP).La R\u00e9gion de Zinder a connu d\u00e8s le d\u00e9but du mois de Juillet une \u00e9pid\u00e9mie de chol\u00e9ra d\u00e9clar\u00e9e au niveau de ...\" \/>\n<meta name=\"robots\" content=\"index, follow, max-snippet:-1, max-image-preview:large, max-video-preview:-1\" \/>\n<link rel=\"canonical\" href=\"https:\/\/www.africa-press.net\/niger\/toutes-les-actualites\/epidemie-de-cholera-a-zinder-a-la-date-du-jeudi-26-aout-la-situation-est-sous-controle-responsable-sante\" \/>\n<meta property=\"og:locale\" content=\"fr_FR\" \/>\n<meta property=\"og:type\" content=\"article\" \/>\n<meta property=\"og:title\" content=\"Epid\u00e9mie de chol\u00e9ra \u00e0 Zinder\u00a0: \u2018\u2019A la date du Jeudi 26 Ao\u00fbt, la situation est sous contr\u00f4le\u2019\u2019 (Responsable sant\u00e9)\" \/>\n<meta property=\"og:description\" content=\", 30 Ao\u00fbt(ANP).La R\u00e9gion de Zinder a connu d\u00e8s le d\u00e9but du mois de Juillet une \u00e9pid\u00e9mie de chol\u00e9ra d\u00e9clar\u00e9e au niveau de ...\" \/>\n<meta property=\"og:url\" content=\"https:\/\/www.africa-press.net\/niger\/toutes-les-actualites\/epidemie-de-cholera-a-zinder-a-la-date-du-jeudi-26-aout-la-situation-est-sous-controle-responsable-sante\" \/>\n<meta property=\"og:site_name\" content=\"niger\" \/>\n<meta property=\"article:published_time\" content=\"2021-08-31T15:28:47+00:00\" \/>\n<meta property=\"og:image\" content=\"https:\/\/static.africa-press.net\/niger\/sites\/40\/2021\/08\/img-612e3aee0950a.jpg\" \/>\n\t<meta property=\"og:image:width\" content=\"720\" \/>\n\t<meta property=\"og:image:height\" content=\"396\" \/>\n\t<meta property=\"og:image:type\" content=\"image\/jpeg\" \/>\n<meta name=\"author\" content=\"cfeditorfr\" \/>\n<meta name=\"twitter:card\" content=\"summary_large_image\" \/>\n<meta name=\"twitter:label1\" content=\"\u00c9crit par\" \/>\n\t<meta name=\"twitter:data1\" content=\"cfeditorfr\" \/>\n\t<meta name=\"twitter:label2\" content=\"Dur\u00e9e de lecture estim\u00e9e\" \/>\n\t<meta name=\"twitter:data2\" content=\"2 minutes\" \/>\n<script type=\"application\/ld+json\" class=\"yoast-schema-graph\">{\"@context\":\"https:\/\/schema.org\",\"@graph\":[{\"@type\":\"Article\",\"@id\":\"https:\/\/www.africa-press.net\/niger\/toutes-les-actualites\/epidemie-de-cholera-a-zinder-a-la-date-du-jeudi-26-aout-la-situation-est-sous-controle-responsable-sante#article\",\"isPartOf\":{\"@id\":\"https:\/\/www.africa-press.net\/niger\/toutes-les-actualites\/epidemie-de-cholera-a-zinder-a-la-date-du-jeudi-26-aout-la-situation-est-sous-controle-responsable-sante\"},\"author\":{\"name\":\"cfeditorfr\",\"@id\":\"https:\/\/www.africa-press.net\/niger\/#\/schema\/person\/2b1cf3cd81a31e3cd26889ca66d677f1\"},\"headline\":\"Epid\u00e9mie de chol\u00e9ra \u00e0 Zinder\u00a0: \u2018\u2019A la date du Jeudi 26 Ao\u00fbt, la situation est sous contr\u00f4le\u2019\u2019 (Responsable sant\u00e9)\",\"datePublished\":\"2021-08-31T15:28:47+00:00\",\"mainEntityOfPage\":{\"@id\":\"https:\/\/www.africa-press.net\/niger\/toutes-les-actualites\/epidemie-de-cholera-a-zinder-a-la-date-du-jeudi-26-aout-la-situation-est-sous-controle-responsable-sante\"},\"wordCount\":364,\"commentCount\":0,\"image\":{\"@id\":\"https:\/\/www.africa-press.net\/niger\/toutes-les-actualites\/epidemie-de-cholera-a-zinder-a-la-date-du-jeudi-26-aout-la-situation-est-sous-controle-responsable-sante#primaryimage\"},\"thumbnailUrl\":\"https:\/\/static.africa-press.net\/niger\/sites\/40\/2021\/08\/img-612e3aee0950a.jpg\",\"keywords\":[\"Africa Press\",\"Africa Press-Niger\",\"Niger\"],\"articleSection\":[\"Communaut\u00e9\",\"homepage-french\",\"Toutes les actualit\u00e9s\"],\"inLanguage\":\"fr-FR\",\"potentialAction\":[{\"@type\":\"CommentAction\",\"name\":\"Comment\",\"target\":[\"https:\/\/www.africa-press.net\/niger\/toutes-les-actualites\/epidemie-de-cholera-a-zinder-a-la-date-du-jeudi-26-aout-la-situation-est-sous-controle-responsable-sante#respond\"]}]},{\"@type\":\"WebPage\",\"@id\":\"https:\/\/www.africa-press.net\/niger\/toutes-les-actualites\/epidemie-de-cholera-a-zinder-a-la-date-du-jeudi-26-aout-la-situation-est-sous-controle-responsable-sante\",\"url\":\"https:\/\/www.africa-press.net\/niger\/toutes-les-actualites\/epidemie-de-cholera-a-zinder-a-la-date-du-jeudi-26-aout-la-situation-est-sous-controle-responsable-sante\",\"name\":\"Epid\u00e9mie de chol\u00e9ra \u00e0 Zinder\u00a0: \u2018\u2019A la date du Jeudi 26 Ao\u00fbt, la situation est sous contr\u00f4le\u2019\u2019 (Responsable sant\u00e9) - niger\",\"isPartOf\":{\"@id\":\"https:\/\/www.africa-press.net\/niger\/#website\"},\"primaryImageOfPage\":{\"@id\":\"https:\/\/www.africa-press.net\/niger\/toutes-les-actualites\/epidemie-de-cholera-a-zinder-a-la-date-du-jeudi-26-aout-la-situation-est-sous-controle-responsable-sante#primaryimage\"},\"image\":{\"@id\":\"https:\/\/www.africa-press.net\/niger\/toutes-les-actualites\/epidemie-de-cholera-a-zinder-a-la-date-du-jeudi-26-aout-la-situation-est-sous-controle-responsable-sante#primaryimage\"},\"thumbnailUrl\":\"https:\/\/static.africa-press.net\/niger\/sites\/40\/2021\/08\/img-612e3aee0950a.jpg\",\"datePublished\":\"2021-08-31T15:28:47+00:00\",\"author\":{\"@id\":\"https:\/\/www.africa-press.net\/niger\/#\/schema\/person\/2b1cf3cd81a31e3cd26889ca66d677f1\"},\"description\":\", 30 Ao\u00fbt(ANP).La R\u00e9gion de Zinder a connu d\u00e8s le d\u00e9but du mois de Juillet une \u00e9pid\u00e9mie de chol\u00e9ra d\u00e9clar\u00e9e au niveau de ...\",\"breadcrumb\":{\"@id\":\"https:\/\/www.africa-press.net\/niger\/toutes-les-actualites\/epidemie-de-cholera-a-zinder-a-la-date-du-jeudi-26-aout-la-situation-est-sous-controle-responsable-sante#breadcrumb\"},\"inLanguage\":\"fr-FR\",\"potentialAction\":[{\"@type\":\"ReadAction\",\"target\":[\"https:\/\/www.africa-press.net\/niger\/toutes-les-actualites\/epidemie-de-cholera-a-zinder-a-la-date-du-jeudi-26-aout-la-situation-est-sous-controle-responsable-sante\"]}]},{\"@type\":\"ImageObject\",\"inLanguage\":\"fr-FR\",\"@id\":\"https:\/\/www.africa-press.net\/niger\/toutes-les-actualites\/epidemie-de-cholera-a-zinder-a-la-date-du-jeudi-26-aout-la-situation-est-sous-controle-responsable-sante#primaryimage\",\"url\":\"https:\/\/static.africa-press.net\/niger\/sites\/40\/2021\/08\/img-612e3aee0950a.jpg\",\"contentUrl\":\"https:\/\/static.africa-press.net\/niger\/sites\/40\/2021\/08\/img-612e3aee0950a.jpg\",\"width\":720,\"height\":396,\"caption\":\"Epid\u00e9mie de chol\u00e9ra \u00e0 Zinder\u00a0: \u2018\u2019A la date du Jeudi 26 Ao\u00fbt, la situation est sous contr\u00f4le\u2019\u2019 (Responsable sant\u00e9)\"},{\"@type\":\"BreadcrumbList\",\"@id\":\"https:\/\/www.africa-press.net\/niger\/toutes-les-actualites\/epidemie-de-cholera-a-zinder-a-la-date-du-jeudi-26-aout-la-situation-est-sous-controle-responsable-sante#breadcrumb\",\"itemListElement\":[{\"@type\":\"ListItem\",\"position\":1,\"name\":\"Accueil\",\"item\":\"https:\/\/www.africa-press.net\/niger\/\"},{\"@type\":\"ListItem\",\"position\":2,\"name\":\"Epid\u00e9mie de chol\u00e9ra \u00e0 Zinder\u00a0: \u2018\u2019A la date du Jeudi 26 Ao\u00fbt, la situation est sous contr\u00f4le\u2019\u2019 (Responsable sant\u00e9)\"}]},{\"@type\":\"WebSite\",\"@id\":\"https:\/\/www.africa-press.net\/niger\/#website\",\"url\":\"https:\/\/www.africa-press.net\/niger\/\",\"name\":\"niger\",\"description\":\"Just another Africa News Agency Sites site\",\"potentialAction\":[{\"@type\":\"SearchAction\",\"target\":{\"@type\":\"EntryPoint\",\"urlTemplate\":\"https:\/\/www.africa-press.net\/niger\/?s={search_term_string}\"},\"query-input\":{\"@type\":\"PropertyValueSpecification\",\"valueRequired\":true,\"valueName\":\"search_term_string\"}}],\"inLanguage\":\"fr-FR\"},{\"@type\":\"Person\",\"@id\":\"https:\/\/www.africa-press.net\/niger\/#\/schema\/person\/2b1cf3cd81a31e3cd26889ca66d677f1\",\"name\":\"cfeditorfr\"}]}<\/script>\n<!-- \/ Yoast SEO Premium plugin. -->","yoast_head_json":{"title":"Epid\u00e9mie de chol\u00e9ra \u00e0 Zinder\u00a0: \u2018\u2019A la date du Jeudi 26 Ao\u00fbt, la situation est sous contr\u00f4le\u2019\u2019 (Responsable sant\u00e9) - niger","description":", 30 Ao\u00fbt(ANP).La R\u00e9gion de Zinder a connu d\u00e8s le d\u00e9but du mois de Juillet une \u00e9pid\u00e9mie de chol\u00e9ra d\u00e9clar\u00e9e au niveau de ...","robots":{"index":"index","follow":"follow","max-snippet":"max-snippet:-1","max-image-preview":"max-image-preview:large","max-video-preview":"max-video-preview:-1"},"canonical":"https:\/\/www.africa-press.net\/niger\/toutes-les-actualites\/epidemie-de-cholera-a-zinder-a-la-date-du-jeudi-26-aout-la-situation-est-sous-controle-responsable-sante","og_locale":"fr_FR","og_type":"article","og_title":"Epid\u00e9mie de chol\u00e9ra \u00e0 Zinder\u00a0: \u2018\u2019A la date du Jeudi 26 Ao\u00fbt, la situation est sous contr\u00f4le\u2019\u2019 (Responsable sant\u00e9)","og_description":", 30 Ao\u00fbt(ANP).La R\u00e9gion de Zinder a connu d\u00e8s le d\u00e9but du mois de Juillet une \u00e9pid\u00e9mie de chol\u00e9ra d\u00e9clar\u00e9e au niveau de ...","og_url":"https:\/\/www.africa-press.net\/niger\/toutes-les-actualites\/epidemie-de-cholera-a-zinder-a-la-date-du-jeudi-26-aout-la-situation-est-sous-controle-responsable-sante","og_site_name":"niger","article_published_time":"2021-08-31T15:28:47+00:00","og_image":[{"width":720,"height":396,"url":"https:\/\/static.africa-press.net\/niger\/sites\/40\/2021\/08\/img-612e3aee0950a.jpg","type":"image\/jpeg"}],"author":"cfeditorfr","twitter_card":"summary_large_image","twitter_misc":{"\u00c9crit par":"cfeditorfr","Dur\u00e9e de lecture estim\u00e9e":"2 minutes"},"schema":{"@context":"https:\/\/schema.org","@graph":[{"@type":"Article","@id":"https:\/\/www.africa-press.net\/niger\/toutes-les-actualites\/epidemie-de-cholera-a-zinder-a-la-date-du-jeudi-26-aout-la-situation-est-sous-controle-responsable-sante#article","isPartOf":{"@id":"https:\/\/www.africa-press.net\/niger\/toutes-les-actualites\/epidemie-de-cholera-a-zinder-a-la-date-du-jeudi-26-aout-la-situation-est-sous-controle-responsable-sante"},"author":{"name":"cfeditorfr","@id":"https:\/\/www.africa-press.net\/niger\/#\/schema\/person\/2b1cf3cd81a31e3cd26889ca66d677f1"},"headline":"Epid\u00e9mie de chol\u00e9ra \u00e0 Zinder\u00a0: \u2018\u2019A la date du Jeudi 26 Ao\u00fbt, la situation est sous contr\u00f4le\u2019\u2019 (Responsable sant\u00e9)","datePublished":"2021-08-31T15:28:47+00:00","mainEntityOfPage":{"@id":"https:\/\/www.africa-press.net\/niger\/toutes-les-actualites\/epidemie-de-cholera-a-zinder-a-la-date-du-jeudi-26-aout-la-situation-est-sous-controle-responsable-sante"},"wordCount":364,"commentCount":0,"image":{"@id":"https:\/\/www.africa-press.net\/niger\/toutes-les-actualites\/epidemie-de-cholera-a-zinder-a-la-date-du-jeudi-26-aout-la-situation-est-sous-controle-responsable-sante#primaryimage"},"thumbnailUrl":"https:\/\/static.africa-press.net\/niger\/sites\/40\/2021\/08\/img-612e3aee0950a.jpg","keywords":["Africa Press","Africa Press-Niger","Niger"],"articleSection":["Communaut\u00e9","homepage-french","Toutes les actualit\u00e9s"],"inLanguage":"fr-FR","potentialAction":[{"@type":"CommentAction","name":"Comment","target":["https:\/\/www.africa-press.net\/niger\/toutes-les-actualites\/epidemie-de-cholera-a-zinder-a-la-date-du-jeudi-26-aout-la-situation-est-sous-controle-responsable-sante#respond"]}]},{"@type":"WebPage","@id":"https:\/\/www.africa-press.net\/niger\/toutes-les-actualites\/epidemie-de-cholera-a-zinder-a-la-date-du-jeudi-26-aout-la-situation-est-sous-controle-responsable-sante","url":"https:\/\/www.africa-press.net\/niger\/toutes-les-actualites\/epidemie-de-cholera-a-zinder-a-la-date-du-jeudi-26-aout-la-situation-est-sous-controle-responsable-sante","name":"Epid\u00e9mie de chol\u00e9ra \u00e0 Zinder\u00a0: \u2018\u2019A la date du Jeudi 26 Ao\u00fbt, la situation est sous contr\u00f4le\u2019\u2019 (Responsable sant\u00e9) - niger","isPartOf":{"@id":"https:\/\/www.africa-press.net\/niger\/#website"},"primaryImageOfPage":{"@id":"https:\/\/www.africa-press.net\/niger\/toutes-les-actualites\/epidemie-de-cholera-a-zinder-a-la-date-du-jeudi-26-aout-la-situation-est-sous-controle-responsable-sante#primaryimage"},"image":{"@id":"https:\/\/www.africa-press.net\/niger\/toutes-les-actualites\/epidemie-de-cholera-a-zinder-a-la-date-du-jeudi-26-aout-la-situation-est-sous-controle-responsable-sante#primaryimage"},"thumbnailUrl":"https:\/\/static.africa-press.net\/niger\/sites\/40\/2021\/08\/img-612e3aee0950a.jpg","datePublished":"2021-08-31T15:28:47+00:00","author":{"@id":"https:\/\/www.africa-press.net\/niger\/#\/schema\/person\/2b1cf3cd81a31e3cd26889ca66d677f1"},"description":", 30 Ao\u00fbt(ANP).La R\u00e9gion de Zinder a connu d\u00e8s le d\u00e9but du mois de Juillet une \u00e9pid\u00e9mie de chol\u00e9ra d\u00e9clar\u00e9e au niveau de ...","breadcrumb":{"@id":"https:\/\/www.africa-press.net\/niger\/toutes-les-actualites\/epidemie-de-cholera-a-zinder-a-la-date-du-jeudi-26-aout-la-situation-est-sous-controle-responsable-sante#breadcrumb"},"inLanguage":"fr-FR","potentialAction":[{"@type":"ReadAction","target":["https:\/\/www.africa-press.net\/niger\/toutes-les-actualites\/epidemie-de-cholera-a-zinder-a-la-date-du-jeudi-26-aout-la-situation-est-sous-controle-responsable-sante"]}]},{"@type":"ImageObject","inLanguage":"fr-FR","@id":"https:\/\/www.africa-press.net\/niger\/toutes-les-actualites\/epidemie-de-cholera-a-zinder-a-la-date-du-jeudi-26-aout-la-situation-est-sous-controle-responsable-sante#primaryimage","url":"https:\/\/static.africa-press.net\/niger\/sites\/40\/2021\/08\/img-612e3aee0950a.jpg","contentUrl":"https:\/\/static.africa-press.net\/niger\/sites\/40\/2021\/08\/img-612e3aee0950a.jpg","width":720,"height":396,"caption":"Epid\u00e9mie de chol\u00e9ra \u00e0 Zinder\u00a0: \u2018\u2019A la date du Jeudi 26 Ao\u00fbt, la situation est sous contr\u00f4le\u2019\u2019 (Responsable sant\u00e9)"},{"@type":"BreadcrumbList","@id":"https:\/\/www.africa-press.net\/niger\/toutes-les-actualites\/epidemie-de-cholera-a-zinder-a-la-date-du-jeudi-26-aout-la-situation-est-sous-controle-responsable-sante#breadcrumb","itemListElement":[{"@type":"ListItem","position":1,"name":"Accueil","item":"https:\/\/www.africa-press.net\/niger\/"},{"@type":"ListItem","position":2,"name":"Epid\u00e9mie de chol\u00e9ra \u00e0 Zinder\u00a0: \u2018\u2019A la date du Jeudi 26 Ao\u00fbt, la situation est sous contr\u00f4le\u2019\u2019 (Responsable sant\u00e9)"}]},{"@type":"WebSite","@id":"https:\/\/www.africa-press.net\/niger\/#website","url":"https:\/\/www.africa-press.net\/niger\/","name":"niger","description":"Just another Africa News Agency Sites site","potentialAction":[{"@type":"SearchAction","target":{"@type":"EntryPoint","urlTemplate":"https:\/\/www.africa-press.net\/niger\/?s={search_term_string}"},"query-input":{"@type":"PropertyValueSpecification","valueRequired":true,"valueName":"search_term_string"}}],"inLanguage":"fr-FR"},{"@type":"Person","@id":"https:\/\/www.africa-press.net\/niger\/#\/schema\/person\/2b1cf3cd81a31e3cd26889ca66d677f1","name":"cfeditorfr"}]}},"_links":{"self":[{"href":"https:\/\/www.africa-press.net\/niger\/wp-json\/wp\/v2\/posts\/10972","targetHints":{"allow":["GET"]}}],"collection":[{"href":"https:\/\/www.africa-press.net\/niger\/wp-json\/wp\/v2\/posts"}],"about":[{"href":"https:\/\/www.africa-press.net\/niger\/wp-json\/wp\/v2\/types\/post"}],"author":[{"embeddable":true,"href":"https:\/\/www.africa-press.net\/niger\/wp-json\/wp\/v2\/users\/82"}],"replies":[{"embeddable":true,"href":"https:\/\/www.africa-press.net\/niger\/wp-json\/wp\/v2\/comments?post=10972"}],"version-history":[{"count":0,"href":"https:\/\/www.africa-press.net\/niger\/wp-json\/wp\/v2\/posts\/10972\/revisions"}],"wp:featuredmedia":[{"embeddable":true,"href":"https:\/\/www.africa-press.net\/niger\/wp-json\/wp\/v2\/media\/10971"}],"wp:attachment":[{"href":"https:\/\/www.africa-press.net\/niger\/wp-json\/wp\/v2\/media?parent=10972"}],"wp:term":[{"taxonomy":"category","embeddable":true,"href":"https:\/\/www.africa-press.net\/niger\/wp-json\/wp\/v2\/categories?post=10972"},{"taxonomy":"post_tag","embeddable":true,"href":"https:\/\/www.africa-press.net\/niger\/wp-json\/wp\/v2\/tags?post=10972"}],"curies":[{"name":"wp","href":"https:\/\/api.w.org\/{rel}","templated":true}]}}