{"id":10975,"date":"2021-08-31T15:37:50","date_gmt":"2021-08-31T15:37:50","guid":{"rendered":"https:\/\/www.africa-press.net\/niger\/?p=10975"},"modified":"2021-08-31T14:23:09","modified_gmt":"2021-08-31T14:23:09","slug":"diffa-remise-des-prix-dexcellence-et-du-merite-par-type-denseignement-et-par-cycle","status":"publish","type":"post","link":"https:\/\/www.africa-press.net\/niger\/toutes-les-actualites\/diffa-remise-des-prix-dexcellence-et-du-merite-par-type-denseignement-et-par-cycle","title":{"rendered":"Diffa: Remise des prix d\u2019excellence et du m\u00e9rite par type d&rsquo;enseignement et par cycle"},"content":{"rendered":"<p><span style=\"color: #ff6600\"><strong><a href=\"https:\/\/www.africa-press.net\/\">Africa-Press<\/a> &#8211; <a href=\"https:\/\/www.africa-press.net\/niger\">Niger<\/a>. <\/strong><\/span>31 aout(ANP)-Le gouverneur de la region de Diffa, Issa Lemine a preside, ce mardi 31 ao\u00fbt 2021, la 11\u00e8me de la c\u00e9r\u00e9monie de remise des prix de l&rsquo;excellence et du m\u00e9rite aux meilleuirs \u00e9l\u00e8ves des \u00e9tablissements scolaires de la r\u00e9gion dans la salle de r\u00e9union du gouvernorat.<\/p>\n<p>Cette c\u00e9r\u00e9monie \u00e0 pour th\u00e8me\u00a0\u00bb qualit\u00e9 de l&rsquo;\u00e9ducation et de la formation par le num\u00e9rique\u00a0\u00bb.<\/p>\n<p>A cette occasion, le gouverneur, Issa lemine a rappel\u00e9 que \u00ab\u00a0instaur\u00e9 depuis 2010, ce prix vise \u00e0 r\u00e9compenser les meilleurs \u00e9l\u00e8ves du Niger qui se distinguent, chaque ann\u00e9e, par leurs r\u00e9sultats acad\u00e9miques\u00a0\u00bb tout en pr\u00e9cisant que \u00ab\u00a0l&rsquo;\u00e9dition 2021 du prix d&rsquo;excellence a pr\u00e9vu de r\u00e9compenser trois meilleurs \u00e9l\u00e8ves par type d&rsquo;enseignement et par cycle\u00a0\u00bb.<\/p>\n<p>Au cours de cette c\u00e9r\u00e9monie qui nous r\u00e9unit, a soulign\u00e9 M. Issa lemine, \u00ab\u00a0le deuxi\u00e8me et le troisi\u00e8me de chaque s\u00e9rie auront leurs prix d\u00e9cern\u00e9s par la Fondation Noor de la premi\u00e8re dame\u00a0\u00bb.<\/p>\n<p>\u00ab\u00a0En attendant de pouvoir f\u00e9liciter les laur\u00e9ats, cette fondation, \u00e0 travers ces prix, appuie le gouvernement Nig\u00e9rien dans la poursuite de son noble objectif de donner une \u00e9ducation et une formation de qualit\u00e9 aux enfants nig\u00e9rien\u00a0\u00bb a t il conclu.<\/p>\n<p>Notons qu&rsquo;au cours de cette c\u00e9r\u00e9monie, les laur\u00e9ats des niveaux primaire, BEPC, BAC, CAP, et BEP ont b\u00e9n\u00e9fici\u00e9 de sacs et des pagnes de la fondation Noor et de plusieurs autres cadeaux.<\/p>\n","protected":false},"excerpt":{"rendered":"<p>Africa-Press &#8211; Niger. 31 aout(ANP)-Le gouverneur de la region de Diffa, Issa Lemine a preside, ce mardi 31 ao\u00fbt 2021, la 11\u00e8me de la c\u00e9r\u00e9monie de remise des prix de l&rsquo;excellence et du m\u00e9rite aux meilleuirs \u00e9l\u00e8ves des \u00e9tablissements scolaires de la r\u00e9gion dans la salle de r\u00e9union du gouvernorat. Cette c\u00e9r\u00e9monie \u00e0 pour th\u00e8me\u00a0\u00bb [&hellip;]<\/p>\n","protected":false},"author":82,"featured_media":10974,"comment_status":"open","ping_status":"closed","sticky":false,"template":"","format":"standard","meta":{"footnotes":""},"categories":[21,11,10],"tags":[55,60,29],"class_list":["post-10975","post","type-post","status-publish","format-standard","has-post-thumbnail","hentry","category-communaute","category-homepage-french","category-toutes-les-actualites","tag-africa-press","tag-africa-press-niger","tag-niger"],"yoast_head":"<!-- This site is optimized with the Yoast SEO Premium plugin v26.1 (Yoast SEO v27.0) - https:\/\/yoast.com\/product\/yoast-seo-premium-wordpress\/ -->\n<title>Diffa: Remise des prix d\u2019excellence et du m\u00e9rite par type d&#039;enseignement et par cycle - niger<\/title>\n<meta name=\"description\" content=\"31 aout(ANP)-Le gouverneur de la region de Diffa, Issa Lemine a preside, ce mardi 31 ao\u00fbt 2021, la 11\u00e8me de la c\u00e9r\u00e9monie ...\" \/>\n<meta name=\"robots\" content=\"index, follow, max-snippet:-1, max-image-preview:large, max-video-preview:-1\" \/>\n<link rel=\"canonical\" href=\"https:\/\/www.africa-press.net\/niger\/toutes-les-actualites\/diffa-remise-des-prix-dexcellence-et-du-merite-par-type-denseignement-et-par-cycle\" \/>\n<meta property=\"og:locale\" content=\"fr_FR\" \/>\n<meta property=\"og:type\" content=\"article\" \/>\n<meta property=\"og:title\" content=\"Diffa: Remise des prix d\u2019excellence et du m\u00e9rite par type d&#039;enseignement et par cycle\" \/>\n<meta property=\"og:description\" content=\"31 aout(ANP)-Le gouverneur de la region de Diffa, Issa Lemine a preside, ce mardi 31 ao\u00fbt 2021, la 11\u00e8me de la c\u00e9r\u00e9monie ...\" \/>\n<meta property=\"og:url\" content=\"https:\/\/www.africa-press.net\/niger\/toutes-les-actualites\/diffa-remise-des-prix-dexcellence-et-du-merite-par-type-denseignement-et-par-cycle\" \/>\n<meta property=\"og:site_name\" content=\"niger\" \/>\n<meta property=\"article:published_time\" content=\"2021-08-31T15:37:50+00:00\" \/>\n<meta property=\"og:image\" content=\"https:\/\/static.africa-press.net\/niger\/sites\/40\/2021\/08\/img-612e3b2a10274.jpg\" \/>\n\t<meta property=\"og:image:width\" content=\"1080\" \/>\n\t<meta property=\"og:image:height\" content=\"809\" \/>\n\t<meta property=\"og:image:type\" content=\"image\/jpeg\" \/>\n<meta name=\"author\" content=\"cfeditorfr\" \/>\n<meta name=\"twitter:card\" content=\"summary_large_image\" \/>\n<meta name=\"twitter:label1\" content=\"\u00c9crit par\" \/>\n\t<meta name=\"twitter:data1\" content=\"cfeditorfr\" \/>\n\t<meta name=\"twitter:label2\" content=\"Dur\u00e9e de lecture estim\u00e9e\" \/>\n\t<meta name=\"twitter:data2\" content=\"1 minute\" \/>\n<script type=\"application\/ld+json\" class=\"yoast-schema-graph\">{\"@context\":\"https:\/\/schema.org\",\"@graph\":[{\"@type\":\"Article\",\"@id\":\"https:\/\/www.africa-press.net\/niger\/toutes-les-actualites\/diffa-remise-des-prix-dexcellence-et-du-merite-par-type-denseignement-et-par-cycle#article\",\"isPartOf\":{\"@id\":\"https:\/\/www.africa-press.net\/niger\/toutes-les-actualites\/diffa-remise-des-prix-dexcellence-et-du-merite-par-type-denseignement-et-par-cycle\"},\"author\":{\"name\":\"cfeditorfr\",\"@id\":\"https:\/\/www.africa-press.net\/niger\/#\/schema\/person\/2b1cf3cd81a31e3cd26889ca66d677f1\"},\"headline\":\"Diffa: Remise des prix d\u2019excellence et du m\u00e9rite par type d&rsquo;enseignement et par cycle\",\"datePublished\":\"2021-08-31T15:37:50+00:00\",\"mainEntityOfPage\":{\"@id\":\"https:\/\/www.africa-press.net\/niger\/toutes-les-actualites\/diffa-remise-des-prix-dexcellence-et-du-merite-par-type-denseignement-et-par-cycle\"},\"wordCount\":279,\"commentCount\":0,\"image\":{\"@id\":\"https:\/\/www.africa-press.net\/niger\/toutes-les-actualites\/diffa-remise-des-prix-dexcellence-et-du-merite-par-type-denseignement-et-par-cycle#primaryimage\"},\"thumbnailUrl\":\"https:\/\/static.africa-press.net\/niger\/sites\/40\/2021\/08\/img-612e3b2a10274.jpg\",\"keywords\":[\"Africa Press\",\"Africa Press-Niger\",\"Niger\"],\"articleSection\":[\"Communaut\u00e9\",\"homepage-french\",\"Toutes les actualit\u00e9s\"],\"inLanguage\":\"fr-FR\",\"potentialAction\":[{\"@type\":\"CommentAction\",\"name\":\"Comment\",\"target\":[\"https:\/\/www.africa-press.net\/niger\/toutes-les-actualites\/diffa-remise-des-prix-dexcellence-et-du-merite-par-type-denseignement-et-par-cycle#respond\"]}]},{\"@type\":\"WebPage\",\"@id\":\"https:\/\/www.africa-press.net\/niger\/toutes-les-actualites\/diffa-remise-des-prix-dexcellence-et-du-merite-par-type-denseignement-et-par-cycle\",\"url\":\"https:\/\/www.africa-press.net\/niger\/toutes-les-actualites\/diffa-remise-des-prix-dexcellence-et-du-merite-par-type-denseignement-et-par-cycle\",\"name\":\"Diffa: Remise des prix d\u2019excellence et du m\u00e9rite par type d'enseignement et par cycle - niger\",\"isPartOf\":{\"@id\":\"https:\/\/www.africa-press.net\/niger\/#website\"},\"primaryImageOfPage\":{\"@id\":\"https:\/\/www.africa-press.net\/niger\/toutes-les-actualites\/diffa-remise-des-prix-dexcellence-et-du-merite-par-type-denseignement-et-par-cycle#primaryimage\"},\"image\":{\"@id\":\"https:\/\/www.africa-press.net\/niger\/toutes-les-actualites\/diffa-remise-des-prix-dexcellence-et-du-merite-par-type-denseignement-et-par-cycle#primaryimage\"},\"thumbnailUrl\":\"https:\/\/static.africa-press.net\/niger\/sites\/40\/2021\/08\/img-612e3b2a10274.jpg\",\"datePublished\":\"2021-08-31T15:37:50+00:00\",\"author\":{\"@id\":\"https:\/\/www.africa-press.net\/niger\/#\/schema\/person\/2b1cf3cd81a31e3cd26889ca66d677f1\"},\"description\":\"31 aout(ANP)-Le gouverneur de la region de Diffa, Issa Lemine a preside, ce mardi 31 ao\u00fbt 2021, la 11\u00e8me de la c\u00e9r\u00e9monie ...\",\"breadcrumb\":{\"@id\":\"https:\/\/www.africa-press.net\/niger\/toutes-les-actualites\/diffa-remise-des-prix-dexcellence-et-du-merite-par-type-denseignement-et-par-cycle#breadcrumb\"},\"inLanguage\":\"fr-FR\",\"potentialAction\":[{\"@type\":\"ReadAction\",\"target\":[\"https:\/\/www.africa-press.net\/niger\/toutes-les-actualites\/diffa-remise-des-prix-dexcellence-et-du-merite-par-type-denseignement-et-par-cycle\"]}]},{\"@type\":\"ImageObject\",\"inLanguage\":\"fr-FR\",\"@id\":\"https:\/\/www.africa-press.net\/niger\/toutes-les-actualites\/diffa-remise-des-prix-dexcellence-et-du-merite-par-type-denseignement-et-par-cycle#primaryimage\",\"url\":\"https:\/\/static.africa-press.net\/niger\/sites\/40\/2021\/08\/img-612e3b2a10274.jpg\",\"contentUrl\":\"https:\/\/static.africa-press.net\/niger\/sites\/40\/2021\/08\/img-612e3b2a10274.jpg\",\"width\":1080,\"height\":809,\"caption\":\"Diffa: Remise des prix d\u2019excellence et du m\u00e9rite par type d'enseignement et par cycle\"},{\"@type\":\"BreadcrumbList\",\"@id\":\"https:\/\/www.africa-press.net\/niger\/toutes-les-actualites\/diffa-remise-des-prix-dexcellence-et-du-merite-par-type-denseignement-et-par-cycle#breadcrumb\",\"itemListElement\":[{\"@type\":\"ListItem\",\"position\":1,\"name\":\"Accueil\",\"item\":\"https:\/\/www.africa-press.net\/niger\/\"},{\"@type\":\"ListItem\",\"position\":2,\"name\":\"Diffa: Remise des prix d\u2019excellence et du m\u00e9rite par type d&#8217;enseignement et par cycle\"}]},{\"@type\":\"WebSite\",\"@id\":\"https:\/\/www.africa-press.net\/niger\/#website\",\"url\":\"https:\/\/www.africa-press.net\/niger\/\",\"name\":\"niger\",\"description\":\"Just another Africa News Agency Sites site\",\"potentialAction\":[{\"@type\":\"SearchAction\",\"target\":{\"@type\":\"EntryPoint\",\"urlTemplate\":\"https:\/\/www.africa-press.net\/niger\/?s={search_term_string}\"},\"query-input\":{\"@type\":\"PropertyValueSpecification\",\"valueRequired\":true,\"valueName\":\"search_term_string\"}}],\"inLanguage\":\"fr-FR\"},{\"@type\":\"Person\",\"@id\":\"https:\/\/www.africa-press.net\/niger\/#\/schema\/person\/2b1cf3cd81a31e3cd26889ca66d677f1\",\"name\":\"cfeditorfr\"}]}<\/script>\n<!-- \/ Yoast SEO Premium plugin. -->","yoast_head_json":{"title":"Diffa: Remise des prix d\u2019excellence et du m\u00e9rite par type d'enseignement et par cycle - niger","description":"31 aout(ANP)-Le gouverneur de la region de Diffa, Issa Lemine a preside, ce mardi 31 ao\u00fbt 2021, la 11\u00e8me de la c\u00e9r\u00e9monie ...","robots":{"index":"index","follow":"follow","max-snippet":"max-snippet:-1","max-image-preview":"max-image-preview:large","max-video-preview":"max-video-preview:-1"},"canonical":"https:\/\/www.africa-press.net\/niger\/toutes-les-actualites\/diffa-remise-des-prix-dexcellence-et-du-merite-par-type-denseignement-et-par-cycle","og_locale":"fr_FR","og_type":"article","og_title":"Diffa: Remise des prix d\u2019excellence et du m\u00e9rite par type d'enseignement et par cycle","og_description":"31 aout(ANP)-Le gouverneur de la region de Diffa, Issa Lemine a preside, ce mardi 31 ao\u00fbt 2021, la 11\u00e8me de la c\u00e9r\u00e9monie ...","og_url":"https:\/\/www.africa-press.net\/niger\/toutes-les-actualites\/diffa-remise-des-prix-dexcellence-et-du-merite-par-type-denseignement-et-par-cycle","og_site_name":"niger","article_published_time":"2021-08-31T15:37:50+00:00","og_image":[{"width":1080,"height":809,"url":"https:\/\/static.africa-press.net\/niger\/sites\/40\/2021\/08\/img-612e3b2a10274.jpg","type":"image\/jpeg"}],"author":"cfeditorfr","twitter_card":"summary_large_image","twitter_misc":{"\u00c9crit par":"cfeditorfr","Dur\u00e9e de lecture estim\u00e9e":"1 minute"},"schema":{"@context":"https:\/\/schema.org","@graph":[{"@type":"Article","@id":"https:\/\/www.africa-press.net\/niger\/toutes-les-actualites\/diffa-remise-des-prix-dexcellence-et-du-merite-par-type-denseignement-et-par-cycle#article","isPartOf":{"@id":"https:\/\/www.africa-press.net\/niger\/toutes-les-actualites\/diffa-remise-des-prix-dexcellence-et-du-merite-par-type-denseignement-et-par-cycle"},"author":{"name":"cfeditorfr","@id":"https:\/\/www.africa-press.net\/niger\/#\/schema\/person\/2b1cf3cd81a31e3cd26889ca66d677f1"},"headline":"Diffa: Remise des prix d\u2019excellence et du m\u00e9rite par type d&rsquo;enseignement et par cycle","datePublished":"2021-08-31T15:37:50+00:00","mainEntityOfPage":{"@id":"https:\/\/www.africa-press.net\/niger\/toutes-les-actualites\/diffa-remise-des-prix-dexcellence-et-du-merite-par-type-denseignement-et-par-cycle"},"wordCount":279,"commentCount":0,"image":{"@id":"https:\/\/www.africa-press.net\/niger\/toutes-les-actualites\/diffa-remise-des-prix-dexcellence-et-du-merite-par-type-denseignement-et-par-cycle#primaryimage"},"thumbnailUrl":"https:\/\/static.africa-press.net\/niger\/sites\/40\/2021\/08\/img-612e3b2a10274.jpg","keywords":["Africa Press","Africa Press-Niger","Niger"],"articleSection":["Communaut\u00e9","homepage-french","Toutes les actualit\u00e9s"],"inLanguage":"fr-FR","potentialAction":[{"@type":"CommentAction","name":"Comment","target":["https:\/\/www.africa-press.net\/niger\/toutes-les-actualites\/diffa-remise-des-prix-dexcellence-et-du-merite-par-type-denseignement-et-par-cycle#respond"]}]},{"@type":"WebPage","@id":"https:\/\/www.africa-press.net\/niger\/toutes-les-actualites\/diffa-remise-des-prix-dexcellence-et-du-merite-par-type-denseignement-et-par-cycle","url":"https:\/\/www.africa-press.net\/niger\/toutes-les-actualites\/diffa-remise-des-prix-dexcellence-et-du-merite-par-type-denseignement-et-par-cycle","name":"Diffa: Remise des prix d\u2019excellence et du m\u00e9rite par type d'enseignement et par cycle - niger","isPartOf":{"@id":"https:\/\/www.africa-press.net\/niger\/#website"},"primaryImageOfPage":{"@id":"https:\/\/www.africa-press.net\/niger\/toutes-les-actualites\/diffa-remise-des-prix-dexcellence-et-du-merite-par-type-denseignement-et-par-cycle#primaryimage"},"image":{"@id":"https:\/\/www.africa-press.net\/niger\/toutes-les-actualites\/diffa-remise-des-prix-dexcellence-et-du-merite-par-type-denseignement-et-par-cycle#primaryimage"},"thumbnailUrl":"https:\/\/static.africa-press.net\/niger\/sites\/40\/2021\/08\/img-612e3b2a10274.jpg","datePublished":"2021-08-31T15:37:50+00:00","author":{"@id":"https:\/\/www.africa-press.net\/niger\/#\/schema\/person\/2b1cf3cd81a31e3cd26889ca66d677f1"},"description":"31 aout(ANP)-Le gouverneur de la region de Diffa, Issa Lemine a preside, ce mardi 31 ao\u00fbt 2021, la 11\u00e8me de la c\u00e9r\u00e9monie ...","breadcrumb":{"@id":"https:\/\/www.africa-press.net\/niger\/toutes-les-actualites\/diffa-remise-des-prix-dexcellence-et-du-merite-par-type-denseignement-et-par-cycle#breadcrumb"},"inLanguage":"fr-FR","potentialAction":[{"@type":"ReadAction","target":["https:\/\/www.africa-press.net\/niger\/toutes-les-actualites\/diffa-remise-des-prix-dexcellence-et-du-merite-par-type-denseignement-et-par-cycle"]}]},{"@type":"ImageObject","inLanguage":"fr-FR","@id":"https:\/\/www.africa-press.net\/niger\/toutes-les-actualites\/diffa-remise-des-prix-dexcellence-et-du-merite-par-type-denseignement-et-par-cycle#primaryimage","url":"https:\/\/static.africa-press.net\/niger\/sites\/40\/2021\/08\/img-612e3b2a10274.jpg","contentUrl":"https:\/\/static.africa-press.net\/niger\/sites\/40\/2021\/08\/img-612e3b2a10274.jpg","width":1080,"height":809,"caption":"Diffa: Remise des prix d\u2019excellence et du m\u00e9rite par type d'enseignement et par cycle"},{"@type":"BreadcrumbList","@id":"https:\/\/www.africa-press.net\/niger\/toutes-les-actualites\/diffa-remise-des-prix-dexcellence-et-du-merite-par-type-denseignement-et-par-cycle#breadcrumb","itemListElement":[{"@type":"ListItem","position":1,"name":"Accueil","item":"https:\/\/www.africa-press.net\/niger\/"},{"@type":"ListItem","position":2,"name":"Diffa: Remise des prix d\u2019excellence et du m\u00e9rite par type d&#8217;enseignement et par cycle"}]},{"@type":"WebSite","@id":"https:\/\/www.africa-press.net\/niger\/#website","url":"https:\/\/www.africa-press.net\/niger\/","name":"niger","description":"Just another Africa News Agency Sites site","potentialAction":[{"@type":"SearchAction","target":{"@type":"EntryPoint","urlTemplate":"https:\/\/www.africa-press.net\/niger\/?s={search_term_string}"},"query-input":{"@type":"PropertyValueSpecification","valueRequired":true,"valueName":"search_term_string"}}],"inLanguage":"fr-FR"},{"@type":"Person","@id":"https:\/\/www.africa-press.net\/niger\/#\/schema\/person\/2b1cf3cd81a31e3cd26889ca66d677f1","name":"cfeditorfr"}]}},"_links":{"self":[{"href":"https:\/\/www.africa-press.net\/niger\/wp-json\/wp\/v2\/posts\/10975","targetHints":{"allow":["GET"]}}],"collection":[{"href":"https:\/\/www.africa-press.net\/niger\/wp-json\/wp\/v2\/posts"}],"about":[{"href":"https:\/\/www.africa-press.net\/niger\/wp-json\/wp\/v2\/types\/post"}],"author":[{"embeddable":true,"href":"https:\/\/www.africa-press.net\/niger\/wp-json\/wp\/v2\/users\/82"}],"replies":[{"embeddable":true,"href":"https:\/\/www.africa-press.net\/niger\/wp-json\/wp\/v2\/comments?post=10975"}],"version-history":[{"count":0,"href":"https:\/\/www.africa-press.net\/niger\/wp-json\/wp\/v2\/posts\/10975\/revisions"}],"wp:featuredmedia":[{"embeddable":true,"href":"https:\/\/www.africa-press.net\/niger\/wp-json\/wp\/v2\/media\/10974"}],"wp:attachment":[{"href":"https:\/\/www.africa-press.net\/niger\/wp-json\/wp\/v2\/media?parent=10975"}],"wp:term":[{"taxonomy":"category","embeddable":true,"href":"https:\/\/www.africa-press.net\/niger\/wp-json\/wp\/v2\/categories?post=10975"},{"taxonomy":"post_tag","embeddable":true,"href":"https:\/\/www.africa-press.net\/niger\/wp-json\/wp\/v2\/tags?post=10975"}],"curies":[{"name":"wp","href":"https:\/\/api.w.org\/{rel}","templated":true}]}}