{"id":10978,"date":"2021-08-31T15:42:41","date_gmt":"2021-08-31T15:42:41","guid":{"rendered":"https:\/\/www.africa-press.net\/niger\/?p=10978"},"modified":"2021-08-31T14:24:03","modified_gmt":"2021-08-31T14:24:03","slug":"le-niger-celebre-la-19eme-edition-de-la-journee-africaine-de-la-medecine-traditionnelle","status":"publish","type":"post","link":"https:\/\/www.africa-press.net\/niger\/culture-et-art\/le-niger-celebre-la-19eme-edition-de-la-journee-africaine-de-la-medecine-traditionnelle","title":{"rendered":"Le Niger c\u00e9l\u00e8bre la 19\u00e8me \u00e9dition de la journ\u00e9e africaine de la m\u00e9decine traditionnelle"},"content":{"rendered":"<p><span style=\"color: #ff6600\"><strong><a href=\"https:\/\/www.africa-press.net\/\">Africa-Press<\/a> &#8211; <a href=\"https:\/\/www.africa-press.net\/niger\">Niger<\/a>. <\/strong><\/span>Le Niger a c\u00e9l\u00e9br\u00e9, ce Mardi 31 ao\u00fbt 2021, la 19\u00e8me \u00e9dition de la journ\u00e9e africaine de la m\u00e9decine traditionnelle sous le th\u00e8me \u2018\u2019la contribution potentielle de la m\u00e9decine traditionnelle aux efforts de riposte \u00e0 la COVID-19\u2019\u2019.<\/p>\n<p>\u00c0 cette occasion, le ministre de la Sant\u00e9 publique, Dr. Idi Illiassou Mainassara a livr\u00e9 un message hier lundi 30 aout 2021, afin de faire le point sur l\u2019importance de la m\u00e9decine traditionnelle au Niger.<\/p>\n<p>En cette circonstance, il a exprim\u00e9 le soutien et les remerciements de son d\u00e9partement minist\u00e9riel aux tradi-th\u00e9rapeutes qui ne cessent de \u2018\u2019faire valoir notre culture\u2019\u2019. Cette 19\u00e8me \u00e9dition est plac\u00e9e sous le th\u00e8me \u2018\u2019La contribution potentielle de la m\u00e9decine traditionnelle aux efforts de riposte \u00e0 la COVID-19\u2019\u2019.<\/p>\n<p>Selon le ministre en charge de la Sant\u00e9 publique, \u2018\u2019l\u2019utilisation par l\u2019homme des substances m\u00e9dicinales d\u2019origine naturelle remonte \u00e0 la nuit des temps\u2019\u2019.<\/p>\n<p>Depuis plus d\u2019un an et demi, rappelle-t-il, \u2018\u2019l\u2019Afrique \u00e0 l\u2019instar du reste du monde vit les cons\u00e9quences n\u00e9fastes de la pand\u00e9mie de la COVID-19\u2019\u2019.<\/p>\n<p>\u2018\u2019Malgr\u00e9 la d\u00e9couverte et l\u2019utilisation d\u2019un vaccin, le d\u00e9fi pour le contr\u00f4le de cette pand\u00e9mie reste entier en l\u2019absence de m\u00e9dicaments efficaces pour la prise en charge des cas. Ainsi, la maladie de la COVID-19 fait partie des maladies pour lesquelles la m\u00e9decine moderne ne propose pas de th\u00e9rapeutique efficace\u2019\u2019 a soutenu le ministre en charge de la sant\u00e9 publique.<\/p>\n<p>Dr. Idi Illiassou Mainassara a notifi\u00e9 que \u2018\u2019la m\u00e9decine traditionnelle constitue un patrimoine riche et est d\u2019une importance incontestable pour le d\u00e9veloppement \u00e9conomique de nos pays. C\u2019est pourquoi, la valorisation des plantes m\u00e9dicinales constitue une pr\u00e9occupation majeure pour de nombreux chercheurs et responsables des pays du Sud o\u00f9 une grande partie de la population recourt largement \u00e0 la m\u00e9decine traditionnelle\u2019\u2019.<\/p>\n<p>\u2018\u2019Au Niger, selon l\u2019\u00e9tude men\u00e9e par AGARAY et ALFARI en 1997, en cas de maladie, la m\u00e9decine traditionnelle reste le premier recours de 60 \u00e0 80% de la population\u2019\u2019 a-t-il rappel\u00e9.<\/p>\n<p>Le ministre a, ensuite, soulign\u00e9 que pour l\u2019OMS, \u2018\u2019la m\u00e9decine traditionnelle constitue une opportunit\u00e9 dans le cadre de la lutte contre la COVID-19\u2019\u2019.<\/p>\n<p>A travers l\u2019histoire, les m\u00e9decines traditionnelles ont \u00e9t\u00e9 sources de m\u00e9dicaments pour traiter des maladies notamment le paludisme.<\/p>\n<p>\u2018\u2019La contribution de la m\u00e9decine traditionnelle dans la prise en charge de la Covid-19 peut se faire dans la pr\u00e9vention et la prise en charge. Il est possible d\u2019utiliser les nombreux r\u00e9sultats sur les plantes africaines pour mettre au point des m\u00e9dicaments en vue du traitement de la fi\u00e8vre, la toux s\u00e8che, les difficult\u00e9s respiratoires et d\u2019autres sympt\u00f4mes chez les personnes atteintes de la COVID-19\u2019\u2019, a-t-il d\u00e9clar\u00e9.<\/p>\n<p>Par ailleurs, le ministre de la Sant\u00e9 publique a rappel\u00e9 que \u2018\u2019le th\u00e8me de cette journ\u00e9e renforce l\u2019opportunit\u00e9 pour les Etats africains d\u2019utiliser la m\u00e9decine moderne dans le cadre de la lutte contre la COVID-19 sans oublier que la m\u00e9decine traditionnelle demeure le premier recours aux soins de sant\u00e9 primaires\u2019\u2019.<\/p>\n<p>\u2018\u2019Dans le cadre de la riposte \u00e0 cette pand\u00e9mie de COVID-19, le minist\u00e8re de la Sant\u00e9 Publique, en partenariat avec les Associations des Th\u00e9rapeutes Traditionnels et Herboristes, a renforc\u00e9 les activit\u00e9s de sensibilisation \u00e0 l\u2019endroit des diff\u00e9rentes structures de la m\u00e9decine traditionnelle pour le respect des gestes barri\u00e8res contre la COVID-19.<\/p>\n<p>\u2018\u2019Le minist\u00e8re encourage \u00e9galement la recherche des plantes m\u00e9dicinales efficaces et s\u00fbres contre la maladie, et pour le renforcement de capacit\u00e9s avec le syst\u00e8me conventionnel en vue d\u2019une lutte synergique contre la pand\u00e9mie\u2019\u2019 a-t-il ajout\u00e9.<\/p>\n<p>Notons que dans le cadre de la lutte contre la COVID-19, l\u2019OMS pour l\u2019Afrique a mis en place un comit\u00e9 r\u00e9gional d\u2019experts sur la m\u00e9decine traditionnelle. Ce comit\u00e9 a, entre autres, la charge d\u2019approuver les protocoles pour les essais cliniques, une charte et des termes de r\u00e9f\u00e9rence pour la mise en place d\u2019un conseil de surveillance des donn\u00e9es et de la s\u00e9curit\u00e9 des essais cliniques de phytoth\u00e9rapie.<\/p>\n<p>Les 25 membres du Comit\u00e9 consultatif r\u00e9gional d\u2019experts sur la m\u00e9decine traditionnelle pour la COVID-19 sont charg\u00e9s de soutenir les pays afin d\u2019am\u00e9liorer la recherche et le d\u00e9veloppement de th\u00e9rapies contre le coronavirus, bas\u00e9es sur la m\u00e9decine traditionnelle.<\/p>\n<p>\u2018\u2019Il faut dire que les 2 m\u00e9decines (traditionnelle et moderne) se c\u00f4toient et chacune au mieux de sa comp\u00e9tence essaye de combattre la maladie. Dans la zone agricole m\u00e9ridionale du Niger, pr\u00e8s de 250 esp\u00e8ces m\u00e9dicinales ont \u00e9t\u00e9 r\u00e9pertori\u00e9es par Adjanohoun et Collaborateurs en 1980 et Saadou en 1993\u2019\u2019 a mentionn\u00e9 dans son adresse le ministre de la sant\u00e9 publique.<\/p>\n","protected":false},"excerpt":{"rendered":"<p>Africa-Press &#8211; Niger. Le Niger a c\u00e9l\u00e9br\u00e9, ce Mardi 31 ao\u00fbt 2021, la 19\u00e8me \u00e9dition de la journ\u00e9e africaine de la m\u00e9decine traditionnelle sous le th\u00e8me \u2018\u2019la contribution potentielle de la m\u00e9decine traditionnelle aux efforts de riposte \u00e0 la COVID-19\u2019\u2019. \u00c0 cette occasion, le ministre de la Sant\u00e9 publique, Dr. Idi Illiassou Mainassara a livr\u00e9 [&hellip;]<\/p>\n","protected":false},"author":82,"featured_media":10977,"comment_status":"open","ping_status":"closed","sticky":false,"template":"","format":"standard","meta":{"footnotes":""},"categories":[5,11,20,10],"tags":[55,60,29],"class_list":["post-10978","post","type-post","status-publish","format-standard","has-post-thumbnail","hentry","category-culture-et-art","category-homepage-french","category-top-nouvelles","category-toutes-les-actualites","tag-africa-press","tag-africa-press-niger","tag-niger"],"yoast_head":"<!-- This site is optimized with the Yoast SEO Premium plugin v26.1 (Yoast SEO v27.0) - https:\/\/yoast.com\/product\/yoast-seo-premium-wordpress\/ -->\n<title>Le Niger c\u00e9l\u00e8bre la 19\u00e8me \u00e9dition de la journ\u00e9e africaine de la m\u00e9decine traditionnelle - niger<\/title>\n<meta name=\"description\" content=\"Le Niger a c\u00e9l\u00e9br\u00e9, ce Mardi 31 ao\u00fbt 2021, la 19\u00e8me \u00e9dition de la journ\u00e9e africaine de la m\u00e9decine traditionnelle sous l ...\" \/>\n<meta name=\"robots\" content=\"index, follow, max-snippet:-1, max-image-preview:large, max-video-preview:-1\" \/>\n<link rel=\"canonical\" href=\"https:\/\/www.africa-press.net\/niger\/culture-et-art\/le-niger-celebre-la-19eme-edition-de-la-journee-africaine-de-la-medecine-traditionnelle\" \/>\n<meta property=\"og:locale\" content=\"fr_FR\" \/>\n<meta property=\"og:type\" content=\"article\" \/>\n<meta property=\"og:title\" content=\"Le Niger c\u00e9l\u00e8bre la 19\u00e8me \u00e9dition de la journ\u00e9e africaine de la m\u00e9decine traditionnelle\" \/>\n<meta property=\"og:description\" content=\"Le Niger a c\u00e9l\u00e9br\u00e9, ce Mardi 31 ao\u00fbt 2021, la 19\u00e8me \u00e9dition de la journ\u00e9e africaine de la m\u00e9decine traditionnelle sous l ...\" \/>\n<meta property=\"og:url\" content=\"https:\/\/www.africa-press.net\/niger\/culture-et-art\/le-niger-celebre-la-19eme-edition-de-la-journee-africaine-de-la-medecine-traditionnelle\" \/>\n<meta property=\"og:site_name\" content=\"niger\" \/>\n<meta property=\"article:published_time\" content=\"2021-08-31T15:42:41+00:00\" \/>\n<meta property=\"og:image\" content=\"https:\/\/static.africa-press.net\/niger\/sites\/40\/2021\/08\/img-612e3b565917f.jpg\" \/>\n\t<meta property=\"og:image:width\" content=\"910\" \/>\n\t<meta property=\"og:image:height\" content=\"606\" \/>\n\t<meta property=\"og:image:type\" content=\"image\/jpeg\" \/>\n<meta name=\"author\" content=\"cfeditorfr\" \/>\n<meta name=\"twitter:card\" content=\"summary_large_image\" \/>\n<meta name=\"twitter:label1\" content=\"\u00c9crit par\" \/>\n\t<meta name=\"twitter:data1\" content=\"cfeditorfr\" \/>\n\t<meta name=\"twitter:label2\" content=\"Dur\u00e9e de lecture estim\u00e9e\" \/>\n\t<meta name=\"twitter:data2\" content=\"4 minutes\" \/>\n<script type=\"application\/ld+json\" class=\"yoast-schema-graph\">{\"@context\":\"https:\/\/schema.org\",\"@graph\":[{\"@type\":\"Article\",\"@id\":\"https:\/\/www.africa-press.net\/niger\/culture-et-art\/le-niger-celebre-la-19eme-edition-de-la-journee-africaine-de-la-medecine-traditionnelle#article\",\"isPartOf\":{\"@id\":\"https:\/\/www.africa-press.net\/niger\/culture-et-art\/le-niger-celebre-la-19eme-edition-de-la-journee-africaine-de-la-medecine-traditionnelle\"},\"author\":{\"name\":\"cfeditorfr\",\"@id\":\"https:\/\/www.africa-press.net\/niger\/#\/schema\/person\/2b1cf3cd81a31e3cd26889ca66d677f1\"},\"headline\":\"Le Niger c\u00e9l\u00e8bre la 19\u00e8me \u00e9dition de la journ\u00e9e africaine de la m\u00e9decine traditionnelle\",\"datePublished\":\"2021-08-31T15:42:41+00:00\",\"mainEntityOfPage\":{\"@id\":\"https:\/\/www.africa-press.net\/niger\/culture-et-art\/le-niger-celebre-la-19eme-edition-de-la-journee-africaine-de-la-medecine-traditionnelle\"},\"wordCount\":839,\"commentCount\":0,\"image\":{\"@id\":\"https:\/\/www.africa-press.net\/niger\/culture-et-art\/le-niger-celebre-la-19eme-edition-de-la-journee-africaine-de-la-medecine-traditionnelle#primaryimage\"},\"thumbnailUrl\":\"https:\/\/static.africa-press.net\/niger\/sites\/40\/2021\/08\/img-612e3b565917f.jpg\",\"keywords\":[\"Africa Press\",\"Africa Press-Niger\",\"Niger\"],\"articleSection\":[\"Culture et Art\",\"homepage-french\",\"Top Nouvelles\",\"Toutes les actualit\u00e9s\"],\"inLanguage\":\"fr-FR\",\"potentialAction\":[{\"@type\":\"CommentAction\",\"name\":\"Comment\",\"target\":[\"https:\/\/www.africa-press.net\/niger\/culture-et-art\/le-niger-celebre-la-19eme-edition-de-la-journee-africaine-de-la-medecine-traditionnelle#respond\"]}]},{\"@type\":\"WebPage\",\"@id\":\"https:\/\/www.africa-press.net\/niger\/culture-et-art\/le-niger-celebre-la-19eme-edition-de-la-journee-africaine-de-la-medecine-traditionnelle\",\"url\":\"https:\/\/www.africa-press.net\/niger\/culture-et-art\/le-niger-celebre-la-19eme-edition-de-la-journee-africaine-de-la-medecine-traditionnelle\",\"name\":\"Le Niger c\u00e9l\u00e8bre la 19\u00e8me \u00e9dition de la journ\u00e9e africaine de la m\u00e9decine traditionnelle - niger\",\"isPartOf\":{\"@id\":\"https:\/\/www.africa-press.net\/niger\/#website\"},\"primaryImageOfPage\":{\"@id\":\"https:\/\/www.africa-press.net\/niger\/culture-et-art\/le-niger-celebre-la-19eme-edition-de-la-journee-africaine-de-la-medecine-traditionnelle#primaryimage\"},\"image\":{\"@id\":\"https:\/\/www.africa-press.net\/niger\/culture-et-art\/le-niger-celebre-la-19eme-edition-de-la-journee-africaine-de-la-medecine-traditionnelle#primaryimage\"},\"thumbnailUrl\":\"https:\/\/static.africa-press.net\/niger\/sites\/40\/2021\/08\/img-612e3b565917f.jpg\",\"datePublished\":\"2021-08-31T15:42:41+00:00\",\"author\":{\"@id\":\"https:\/\/www.africa-press.net\/niger\/#\/schema\/person\/2b1cf3cd81a31e3cd26889ca66d677f1\"},\"description\":\"Le Niger a c\u00e9l\u00e9br\u00e9, ce Mardi 31 ao\u00fbt 2021, la 19\u00e8me \u00e9dition de la journ\u00e9e africaine de la m\u00e9decine traditionnelle sous l ...\",\"breadcrumb\":{\"@id\":\"https:\/\/www.africa-press.net\/niger\/culture-et-art\/le-niger-celebre-la-19eme-edition-de-la-journee-africaine-de-la-medecine-traditionnelle#breadcrumb\"},\"inLanguage\":\"fr-FR\",\"potentialAction\":[{\"@type\":\"ReadAction\",\"target\":[\"https:\/\/www.africa-press.net\/niger\/culture-et-art\/le-niger-celebre-la-19eme-edition-de-la-journee-africaine-de-la-medecine-traditionnelle\"]}]},{\"@type\":\"ImageObject\",\"inLanguage\":\"fr-FR\",\"@id\":\"https:\/\/www.africa-press.net\/niger\/culture-et-art\/le-niger-celebre-la-19eme-edition-de-la-journee-africaine-de-la-medecine-traditionnelle#primaryimage\",\"url\":\"https:\/\/static.africa-press.net\/niger\/sites\/40\/2021\/08\/img-612e3b565917f.jpg\",\"contentUrl\":\"https:\/\/static.africa-press.net\/niger\/sites\/40\/2021\/08\/img-612e3b565917f.jpg\",\"width\":910,\"height\":606,\"caption\":\"Le Niger c\u00e9l\u00e8bre la 19\u00e8me \u00e9dition de la journ\u00e9e africaine de la m\u00e9decine traditionnelle\"},{\"@type\":\"BreadcrumbList\",\"@id\":\"https:\/\/www.africa-press.net\/niger\/culture-et-art\/le-niger-celebre-la-19eme-edition-de-la-journee-africaine-de-la-medecine-traditionnelle#breadcrumb\",\"itemListElement\":[{\"@type\":\"ListItem\",\"position\":1,\"name\":\"Accueil\",\"item\":\"https:\/\/www.africa-press.net\/niger\/\"},{\"@type\":\"ListItem\",\"position\":2,\"name\":\"Le Niger c\u00e9l\u00e8bre la 19\u00e8me \u00e9dition de la journ\u00e9e africaine de la m\u00e9decine traditionnelle\"}]},{\"@type\":\"WebSite\",\"@id\":\"https:\/\/www.africa-press.net\/niger\/#website\",\"url\":\"https:\/\/www.africa-press.net\/niger\/\",\"name\":\"niger\",\"description\":\"Just another Africa News Agency Sites site\",\"potentialAction\":[{\"@type\":\"SearchAction\",\"target\":{\"@type\":\"EntryPoint\",\"urlTemplate\":\"https:\/\/www.africa-press.net\/niger\/?s={search_term_string}\"},\"query-input\":{\"@type\":\"PropertyValueSpecification\",\"valueRequired\":true,\"valueName\":\"search_term_string\"}}],\"inLanguage\":\"fr-FR\"},{\"@type\":\"Person\",\"@id\":\"https:\/\/www.africa-press.net\/niger\/#\/schema\/person\/2b1cf3cd81a31e3cd26889ca66d677f1\",\"name\":\"cfeditorfr\"}]}<\/script>\n<!-- \/ Yoast SEO Premium plugin. -->","yoast_head_json":{"title":"Le Niger c\u00e9l\u00e8bre la 19\u00e8me \u00e9dition de la journ\u00e9e africaine de la m\u00e9decine traditionnelle - niger","description":"Le Niger a c\u00e9l\u00e9br\u00e9, ce Mardi 31 ao\u00fbt 2021, la 19\u00e8me \u00e9dition de la journ\u00e9e africaine de la m\u00e9decine traditionnelle sous l ...","robots":{"index":"index","follow":"follow","max-snippet":"max-snippet:-1","max-image-preview":"max-image-preview:large","max-video-preview":"max-video-preview:-1"},"canonical":"https:\/\/www.africa-press.net\/niger\/culture-et-art\/le-niger-celebre-la-19eme-edition-de-la-journee-africaine-de-la-medecine-traditionnelle","og_locale":"fr_FR","og_type":"article","og_title":"Le Niger c\u00e9l\u00e8bre la 19\u00e8me \u00e9dition de la journ\u00e9e africaine de la m\u00e9decine traditionnelle","og_description":"Le Niger a c\u00e9l\u00e9br\u00e9, ce Mardi 31 ao\u00fbt 2021, la 19\u00e8me \u00e9dition de la journ\u00e9e africaine de la m\u00e9decine traditionnelle sous l ...","og_url":"https:\/\/www.africa-press.net\/niger\/culture-et-art\/le-niger-celebre-la-19eme-edition-de-la-journee-africaine-de-la-medecine-traditionnelle","og_site_name":"niger","article_published_time":"2021-08-31T15:42:41+00:00","og_image":[{"width":910,"height":606,"url":"https:\/\/static.africa-press.net\/niger\/sites\/40\/2021\/08\/img-612e3b565917f.jpg","type":"image\/jpeg"}],"author":"cfeditorfr","twitter_card":"summary_large_image","twitter_misc":{"\u00c9crit par":"cfeditorfr","Dur\u00e9e de lecture estim\u00e9e":"4 minutes"},"schema":{"@context":"https:\/\/schema.org","@graph":[{"@type":"Article","@id":"https:\/\/www.africa-press.net\/niger\/culture-et-art\/le-niger-celebre-la-19eme-edition-de-la-journee-africaine-de-la-medecine-traditionnelle#article","isPartOf":{"@id":"https:\/\/www.africa-press.net\/niger\/culture-et-art\/le-niger-celebre-la-19eme-edition-de-la-journee-africaine-de-la-medecine-traditionnelle"},"author":{"name":"cfeditorfr","@id":"https:\/\/www.africa-press.net\/niger\/#\/schema\/person\/2b1cf3cd81a31e3cd26889ca66d677f1"},"headline":"Le Niger c\u00e9l\u00e8bre la 19\u00e8me \u00e9dition de la journ\u00e9e africaine de la m\u00e9decine traditionnelle","datePublished":"2021-08-31T15:42:41+00:00","mainEntityOfPage":{"@id":"https:\/\/www.africa-press.net\/niger\/culture-et-art\/le-niger-celebre-la-19eme-edition-de-la-journee-africaine-de-la-medecine-traditionnelle"},"wordCount":839,"commentCount":0,"image":{"@id":"https:\/\/www.africa-press.net\/niger\/culture-et-art\/le-niger-celebre-la-19eme-edition-de-la-journee-africaine-de-la-medecine-traditionnelle#primaryimage"},"thumbnailUrl":"https:\/\/static.africa-press.net\/niger\/sites\/40\/2021\/08\/img-612e3b565917f.jpg","keywords":["Africa Press","Africa Press-Niger","Niger"],"articleSection":["Culture et Art","homepage-french","Top Nouvelles","Toutes les actualit\u00e9s"],"inLanguage":"fr-FR","potentialAction":[{"@type":"CommentAction","name":"Comment","target":["https:\/\/www.africa-press.net\/niger\/culture-et-art\/le-niger-celebre-la-19eme-edition-de-la-journee-africaine-de-la-medecine-traditionnelle#respond"]}]},{"@type":"WebPage","@id":"https:\/\/www.africa-press.net\/niger\/culture-et-art\/le-niger-celebre-la-19eme-edition-de-la-journee-africaine-de-la-medecine-traditionnelle","url":"https:\/\/www.africa-press.net\/niger\/culture-et-art\/le-niger-celebre-la-19eme-edition-de-la-journee-africaine-de-la-medecine-traditionnelle","name":"Le Niger c\u00e9l\u00e8bre la 19\u00e8me \u00e9dition de la journ\u00e9e africaine de la m\u00e9decine traditionnelle - niger","isPartOf":{"@id":"https:\/\/www.africa-press.net\/niger\/#website"},"primaryImageOfPage":{"@id":"https:\/\/www.africa-press.net\/niger\/culture-et-art\/le-niger-celebre-la-19eme-edition-de-la-journee-africaine-de-la-medecine-traditionnelle#primaryimage"},"image":{"@id":"https:\/\/www.africa-press.net\/niger\/culture-et-art\/le-niger-celebre-la-19eme-edition-de-la-journee-africaine-de-la-medecine-traditionnelle#primaryimage"},"thumbnailUrl":"https:\/\/static.africa-press.net\/niger\/sites\/40\/2021\/08\/img-612e3b565917f.jpg","datePublished":"2021-08-31T15:42:41+00:00","author":{"@id":"https:\/\/www.africa-press.net\/niger\/#\/schema\/person\/2b1cf3cd81a31e3cd26889ca66d677f1"},"description":"Le Niger a c\u00e9l\u00e9br\u00e9, ce Mardi 31 ao\u00fbt 2021, la 19\u00e8me \u00e9dition de la journ\u00e9e africaine de la m\u00e9decine traditionnelle sous l ...","breadcrumb":{"@id":"https:\/\/www.africa-press.net\/niger\/culture-et-art\/le-niger-celebre-la-19eme-edition-de-la-journee-africaine-de-la-medecine-traditionnelle#breadcrumb"},"inLanguage":"fr-FR","potentialAction":[{"@type":"ReadAction","target":["https:\/\/www.africa-press.net\/niger\/culture-et-art\/le-niger-celebre-la-19eme-edition-de-la-journee-africaine-de-la-medecine-traditionnelle"]}]},{"@type":"ImageObject","inLanguage":"fr-FR","@id":"https:\/\/www.africa-press.net\/niger\/culture-et-art\/le-niger-celebre-la-19eme-edition-de-la-journee-africaine-de-la-medecine-traditionnelle#primaryimage","url":"https:\/\/static.africa-press.net\/niger\/sites\/40\/2021\/08\/img-612e3b565917f.jpg","contentUrl":"https:\/\/static.africa-press.net\/niger\/sites\/40\/2021\/08\/img-612e3b565917f.jpg","width":910,"height":606,"caption":"Le Niger c\u00e9l\u00e8bre la 19\u00e8me \u00e9dition de la journ\u00e9e africaine de la m\u00e9decine traditionnelle"},{"@type":"BreadcrumbList","@id":"https:\/\/www.africa-press.net\/niger\/culture-et-art\/le-niger-celebre-la-19eme-edition-de-la-journee-africaine-de-la-medecine-traditionnelle#breadcrumb","itemListElement":[{"@type":"ListItem","position":1,"name":"Accueil","item":"https:\/\/www.africa-press.net\/niger\/"},{"@type":"ListItem","position":2,"name":"Le Niger c\u00e9l\u00e8bre la 19\u00e8me \u00e9dition de la journ\u00e9e africaine de la m\u00e9decine traditionnelle"}]},{"@type":"WebSite","@id":"https:\/\/www.africa-press.net\/niger\/#website","url":"https:\/\/www.africa-press.net\/niger\/","name":"niger","description":"Just another Africa News Agency Sites site","potentialAction":[{"@type":"SearchAction","target":{"@type":"EntryPoint","urlTemplate":"https:\/\/www.africa-press.net\/niger\/?s={search_term_string}"},"query-input":{"@type":"PropertyValueSpecification","valueRequired":true,"valueName":"search_term_string"}}],"inLanguage":"fr-FR"},{"@type":"Person","@id":"https:\/\/www.africa-press.net\/niger\/#\/schema\/person\/2b1cf3cd81a31e3cd26889ca66d677f1","name":"cfeditorfr"}]}},"_links":{"self":[{"href":"https:\/\/www.africa-press.net\/niger\/wp-json\/wp\/v2\/posts\/10978","targetHints":{"allow":["GET"]}}],"collection":[{"href":"https:\/\/www.africa-press.net\/niger\/wp-json\/wp\/v2\/posts"}],"about":[{"href":"https:\/\/www.africa-press.net\/niger\/wp-json\/wp\/v2\/types\/post"}],"author":[{"embeddable":true,"href":"https:\/\/www.africa-press.net\/niger\/wp-json\/wp\/v2\/users\/82"}],"replies":[{"embeddable":true,"href":"https:\/\/www.africa-press.net\/niger\/wp-json\/wp\/v2\/comments?post=10978"}],"version-history":[{"count":0,"href":"https:\/\/www.africa-press.net\/niger\/wp-json\/wp\/v2\/posts\/10978\/revisions"}],"wp:featuredmedia":[{"embeddable":true,"href":"https:\/\/www.africa-press.net\/niger\/wp-json\/wp\/v2\/media\/10977"}],"wp:attachment":[{"href":"https:\/\/www.africa-press.net\/niger\/wp-json\/wp\/v2\/media?parent=10978"}],"wp:term":[{"taxonomy":"category","embeddable":true,"href":"https:\/\/www.africa-press.net\/niger\/wp-json\/wp\/v2\/categories?post=10978"},{"taxonomy":"post_tag","embeddable":true,"href":"https:\/\/www.africa-press.net\/niger\/wp-json\/wp\/v2\/tags?post=10978"}],"curies":[{"name":"wp","href":"https:\/\/api.w.org\/{rel}","templated":true}]}}