{"id":11010,"date":"2021-09-01T13:24:59","date_gmt":"2021-09-01T13:24:59","guid":{"rendered":"https:\/\/www.africa-press.net\/niger\/?p=11010"},"modified":"2021-09-01T13:14:22","modified_gmt":"2021-09-01T13:14:22","slug":"securite-le-g5-sahel-veut-imprimer-une-nouvelle-dimension-de-lutte-contre-le-terrorisme","status":"publish","type":"post","link":"https:\/\/www.africa-press.net\/niger\/politique\/securite-le-g5-sahel-veut-imprimer-une-nouvelle-dimension-de-lutte-contre-le-terrorisme","title":{"rendered":"S\u00e9curit\u00e9 : le G5 Sahel veut imprimer une nouvelle dimension de lutte contre le terrorisme"},"content":{"rendered":"<p><span style=\"color: #ff6600\"><strong><a href=\"https:\/\/www.africa-press.net\/\">Africa-Press<\/a> &#8211; <a href=\"https:\/\/www.africa-press.net\/niger\">Niger<\/a>. <\/strong><\/span>, 31 Ao\u00fbt (ANP) &#8211; Les pays membres du G5 Sahel ont d\u00e9cid\u00e9 d\u2019engager et de d\u00e9finir une nouvelle approche de lutte contre le terrorisme dans leur espace g\u00e9ographique.<\/p>\n<p>C\u2019est ce qui ressort d\u2019une r\u00e9union extraordinaire des ministres en charge de la d\u00e9fense \u00e9largie aux chefs d\u2019\u00e9tat-major des arm\u00e9es des pays membres, tenue ce mardi 31 Ao\u00fbt 2021 \u00e0 Niamey, sous la pr\u00e9sidence du Ministre de la D\u00e9fense nationale du Tchad, M. Daoud Yaya Brahim, repr\u00e9sentant le Pr\u00e9sident en exercice du G5 Sahel et par ailleurs Pr\u00e9sident de la transition militaire au Tchad, le G\u00e9n\u00e9ral Mahamat Idriss D\u00e9by.<\/p>\n<p>Les pays membres de cette organisation subsaharienne, rappelle-t-on, sont confront\u00e9s \u00e0 des multiples menaces terroristes depuis pr\u00e8s d\u2019une d\u00e9cennie. Malgr\u00e9 les efforts fournis avec notamment l\u2019aide des alli\u00e9s occidentaux, l\u2019hydre terroriste s\u2019av\u00e8re invaincue.<\/p>\n<p>Face \u00e0 cette situation, l\u2019heure est \u00e0 pr\u00e9sent au changement de strat\u00e9gie de lutte. C\u2019est objet de la rencontre de Niamey.<\/p>\n<p>\u00ab Cette rencontre a pour but d\u2019\u00e9changer sur la nouvelle dimension de la lutte contre les groupes arm\u00e9s terroristes dans la bande du Sahel, plus pr\u00e9cis\u00e9ment dans les diff\u00e9rents fuseaux composants les th\u00e9\u00e2tres des op\u00e9rations de la Force Conjointe G5 Sahel \u00bb, a d\u00e9clar\u00e9 le Ministre en charge de la D\u00e9fense nationale du Tchad \u00e0 l\u2019ouverture des travaux.<\/p>\n<p>M. Daoud Yaya Brahim s\u2019est notamment rep\u00e9r\u00e9 \u00e0 la d\u00e9cision des autorit\u00e9s fran\u00e7aises par rapport \u00e0 la reconfiguration de la Force Barkhane, partenaire op\u00e9rationnelle de la Force Conjointe G5 Sahel pour expliquer la r\u00e9vision de l\u2019approche de lutte, objet de la rencontre de Niamey.<\/p>\n<p>Pour rappel, c\u2019est le 10 juin 2021 que le Pr\u00e9sident fran\u00e7ais Emmanuel Macron a annonc\u00e9 la fin prochaine de l&rsquo;op\u00e9ration Barkhane, la mission militaire fran\u00e7aise au Sahel lanc\u00e9e depuis 2014. Le locataire de l\u2019Elys\u00e9e a, par la m\u00eame occasion, annonc\u00e9 la mise en place d&rsquo;une alliance internationale antidjihadiste dans la r\u00e9gion.<\/p>\n<p>Pour Daoud Yaya Brahim, \u00ab cette d\u00e9cision, qui est imm\u00e9diatement en cours de mise en \u0153uvre, n\u00e9cessite des dispositions utiles et urgentes \u00e0 prendre pour apporter des r\u00e9ponses ad\u00e9quates \u00e0 la Force Conjointe G5 Sahel afin de lui permettre de garder l\u2019\u00e9lan et continuer \u00e0 remplir efficacement les missions qui lui sont assign\u00e9es \u00bb.<\/p>\n<p>Selon lui, en effet, l\u2019environnement s\u00e9curitaire dans le Sahel est perturb\u00e9 par endroits par des groupes terroristes arm\u00e9s. Et pour lutter efficacement contre ces terroristes, M. Daoud Yaya Brahim sugg\u00e8re une coop\u00e9ration entre les diff\u00e9rents pays membres de l\u2019organisation, ainsi qu\u2019un renforcement des capacit\u00e9s de leurs forces \u00ab et surtout la mise en commun des ressources \u00bb.<\/p>\n<p>\u00ab Nous devons mutualiser davantage nos ressources afin de faire face \u00e0 cette lutte qui semble perdurer dans notre espace communautaire \u00bb, a-t-il soutenu.<\/p>\n<p>\u00ab Dans un monde en perp\u00e9tuelle mutation, gangren\u00e9 par les menaces traditionnelles et les menaces non traditionnelles, les arm\u00e9es du G5 Sahel, \u00e0 l\u2019instar de celles du monde, doivent revoir leurs m\u00e9thodes et approches pour faire face \u00e0 ces d\u00e9fis de l\u2019heure \u00bb, a-t-il sugg\u00e9r\u00e9.<\/p>\n<p>Dans son mot de bienvenue, le Ministre de la D\u00e9fense Nationale du Niger, M. Alkassoum Indatou a donn\u00e9 plus de pr\u00e9cisions sur les vis\u00e9es de ces assises.<\/p>\n<p>Il s\u2019agit, au cours de cette rencontre, d\u00e9taille-t-il, \u00ab de d\u00e9finir une nouvelle approche \u00e0 adopter pour minimiser les cons\u00e9quences que pourrait engendrer cette nouvelle donne s\u00e9curitaire \u00bb.<\/p>\n<p>Plus sp\u00e9cifiquement, a-t-il poursuivi, \u00ab il s\u2019agira de r\u00e9viser le concept strat\u00e9gique de la Force Conjointe du G5 Sahel afin de l\u2019adapter au contexte s\u00e9curitaire actuel en coordination avec les FDS Nationales et les Forces Partenaires en pr\u00e9sence \u00bb.<\/p>\n<p>\u00ab Aussi, dans cette nouvelle approche, une place appr\u00e9ciable doit \u00eatre accord\u00e9e aux actions bilat\u00e9rales et multilat\u00e9rales, mettant en exergue nos propres capacit\u00e9s \u00bb, a-t-il expliqu\u00e9.<\/p>\n<p>Le Ministre Alkassoum Indatou a aussi rappel\u00e9 que dans le cadre du \u2018\u2019sursaut civil\u2019\u2019 d\u00e9cid\u00e9 par les cinq (5) Chefs d\u2019Etat du G5 Sahel lors du sommet de N\u2019Djamena des 15 et 16 f\u00e9vrier 2021, \u00ab une implication des populations dans leur propre s\u00e9curisation, \u00e0 travers une collaboration saine et constructive entre elles et les FDS, est plus que d\u2019actualit\u00e9 \u00bb.<\/p>\n<p>Pr\u00e9sent \u00e0 la r\u00e9union, le repr\u00e9sentant sp\u00e9cial du secr\u00e9taire g\u00e9n\u00e9ral de l\u2019ONU au Mali et chef de la Mission multidimensionnelle int\u00e9gr\u00e9e des Nations Unies pour la stabilisation au Mali (MINUSMA) a positivement appr\u00e9ci\u00e9 les r\u00e9sultats obtenus par le G5 Sahel depuis sa cr\u00e9ation et a r\u00e9it\u00e9r\u00e9 la disponibilit\u00e9 de l\u2019ONU \u00e0 accompagner le processus de stabilisation du Mali.<\/p>\n<p>Le G5 Sahel ou \u00ab G5S \u00bb, note-t-on, est un cadre institutionnel de coordination et de suivi de la coop\u00e9ration r\u00e9gionale en mati\u00e8re de politiques de d\u00e9veloppement et de s\u00e9curit\u00e9, cr\u00e9\u00e9 lors d&rsquo;un sommet tenu du 15 au 17 f\u00e9vrier 2014 par cinq \u00c9tats du Sahel : Mauritanie, Mali, Burkina Faso, Niger et Tchad r\u00e9partis sur 5 097 338 km2. Il s\u2019est dot\u00e9 d\u2019une convention sign\u00e9e le 19 d\u00e9cembre 2014 et le si\u00e8ge de son secr\u00e9tariat permanent est \u00e0 Nouakchott en Mauritanie, rappelle-t-on.<\/p>\n<p>MSB\/KPM\/ANP- Ao\u00fbt 2021<\/p>\n","protected":false},"excerpt":{"rendered":"<p>Africa-Press &#8211; Niger. , 31 Ao\u00fbt (ANP) &#8211; Les pays membres du G5 Sahel ont d\u00e9cid\u00e9 d\u2019engager et de d\u00e9finir une nouvelle approche de lutte contre le terrorisme dans leur espace g\u00e9ographique. C\u2019est ce qui ressort d\u2019une r\u00e9union extraordinaire des ministres en charge de la d\u00e9fense \u00e9largie aux chefs d\u2019\u00e9tat-major des arm\u00e9es des pays membres, [&hellip;]<\/p>\n","protected":false},"author":82,"featured_media":11009,"comment_status":"open","ping_status":"closed","sticky":false,"template":"","format":"standard","meta":{"footnotes":""},"categories":[11,2,10],"tags":[55,60,29],"class_list":["post-11010","post","type-post","status-publish","format-standard","has-post-thumbnail","hentry","category-homepage-french","category-politique","category-toutes-les-actualites","tag-africa-press","tag-africa-press-niger","tag-niger"],"yoast_head":"<!-- This site is optimized with the Yoast SEO Premium plugin v26.1 (Yoast SEO v27.0) - https:\/\/yoast.com\/product\/yoast-seo-premium-wordpress\/ -->\n<title>S\u00e9curit\u00e9 : le G5 Sahel veut imprimer une nouvelle dimension de lutte contre le terrorisme - niger<\/title>\n<meta name=\"description\" content=\", 31 Ao\u00fbt (ANP) - Les pays membres du G5 Sahel ont d\u00e9cid\u00e9 d\u2019engager et de d\u00e9finir une nouvelle approche de lutte contre ...\" \/>\n<meta name=\"robots\" content=\"index, follow, max-snippet:-1, max-image-preview:large, max-video-preview:-1\" \/>\n<link rel=\"canonical\" href=\"https:\/\/www.africa-press.net\/niger\/politique\/securite-le-g5-sahel-veut-imprimer-une-nouvelle-dimension-de-lutte-contre-le-terrorisme\" \/>\n<meta property=\"og:locale\" content=\"fr_FR\" \/>\n<meta property=\"og:type\" content=\"article\" \/>\n<meta property=\"og:title\" content=\"S\u00e9curit\u00e9 : le G5 Sahel veut imprimer une nouvelle dimension de lutte contre le terrorisme\" \/>\n<meta property=\"og:description\" content=\", 31 Ao\u00fbt (ANP) - Les pays membres du G5 Sahel ont d\u00e9cid\u00e9 d\u2019engager et de d\u00e9finir une nouvelle approche de lutte contre ...\" \/>\n<meta property=\"og:url\" content=\"https:\/\/www.africa-press.net\/niger\/politique\/securite-le-g5-sahel-veut-imprimer-une-nouvelle-dimension-de-lutte-contre-le-terrorisme\" \/>\n<meta property=\"og:site_name\" content=\"niger\" \/>\n<meta property=\"article:published_time\" content=\"2021-09-01T13:24:59+00:00\" \/>\n<meta property=\"og:image\" content=\"https:\/\/static.africa-press.net\/niger\/sites\/40\/2021\/09\/img-612f7c8b69e96.jpg\" \/>\n\t<meta property=\"og:image:width\" content=\"720\" \/>\n\t<meta property=\"og:image:height\" content=\"540\" \/>\n\t<meta property=\"og:image:type\" content=\"image\/jpeg\" \/>\n<meta name=\"author\" content=\"cfeditorfr\" \/>\n<meta name=\"twitter:card\" content=\"summary_large_image\" \/>\n<meta name=\"twitter:label1\" content=\"\u00c9crit par\" \/>\n\t<meta name=\"twitter:data1\" content=\"cfeditorfr\" \/>\n\t<meta name=\"twitter:label2\" content=\"Dur\u00e9e de lecture estim\u00e9e\" \/>\n\t<meta name=\"twitter:data2\" content=\"4 minutes\" \/>\n<script type=\"application\/ld+json\" class=\"yoast-schema-graph\">{\"@context\":\"https:\/\/schema.org\",\"@graph\":[{\"@type\":\"Article\",\"@id\":\"https:\/\/www.africa-press.net\/niger\/politique\/securite-le-g5-sahel-veut-imprimer-une-nouvelle-dimension-de-lutte-contre-le-terrorisme#article\",\"isPartOf\":{\"@id\":\"https:\/\/www.africa-press.net\/niger\/politique\/securite-le-g5-sahel-veut-imprimer-une-nouvelle-dimension-de-lutte-contre-le-terrorisme\"},\"author\":{\"name\":\"cfeditorfr\",\"@id\":\"https:\/\/www.africa-press.net\/niger\/#\/schema\/person\/2b1cf3cd81a31e3cd26889ca66d677f1\"},\"headline\":\"S\u00e9curit\u00e9 : le G5 Sahel veut imprimer une nouvelle dimension de lutte contre le terrorisme\",\"datePublished\":\"2021-09-01T13:24:59+00:00\",\"mainEntityOfPage\":{\"@id\":\"https:\/\/www.africa-press.net\/niger\/politique\/securite-le-g5-sahel-veut-imprimer-une-nouvelle-dimension-de-lutte-contre-le-terrorisme\"},\"wordCount\":915,\"commentCount\":0,\"image\":{\"@id\":\"https:\/\/www.africa-press.net\/niger\/politique\/securite-le-g5-sahel-veut-imprimer-une-nouvelle-dimension-de-lutte-contre-le-terrorisme#primaryimage\"},\"thumbnailUrl\":\"https:\/\/static.africa-press.net\/niger\/sites\/40\/2021\/09\/img-612f7c8b69e96.jpg\",\"keywords\":[\"Africa Press\",\"Africa Press-Niger\",\"Niger\"],\"articleSection\":[\"homepage-french\",\"Politique\",\"Toutes les actualit\u00e9s\"],\"inLanguage\":\"fr-FR\",\"potentialAction\":[{\"@type\":\"CommentAction\",\"name\":\"Comment\",\"target\":[\"https:\/\/www.africa-press.net\/niger\/politique\/securite-le-g5-sahel-veut-imprimer-une-nouvelle-dimension-de-lutte-contre-le-terrorisme#respond\"]}]},{\"@type\":\"WebPage\",\"@id\":\"https:\/\/www.africa-press.net\/niger\/politique\/securite-le-g5-sahel-veut-imprimer-une-nouvelle-dimension-de-lutte-contre-le-terrorisme\",\"url\":\"https:\/\/www.africa-press.net\/niger\/politique\/securite-le-g5-sahel-veut-imprimer-une-nouvelle-dimension-de-lutte-contre-le-terrorisme\",\"name\":\"S\u00e9curit\u00e9 : le G5 Sahel veut imprimer une nouvelle dimension de lutte contre le terrorisme - niger\",\"isPartOf\":{\"@id\":\"https:\/\/www.africa-press.net\/niger\/#website\"},\"primaryImageOfPage\":{\"@id\":\"https:\/\/www.africa-press.net\/niger\/politique\/securite-le-g5-sahel-veut-imprimer-une-nouvelle-dimension-de-lutte-contre-le-terrorisme#primaryimage\"},\"image\":{\"@id\":\"https:\/\/www.africa-press.net\/niger\/politique\/securite-le-g5-sahel-veut-imprimer-une-nouvelle-dimension-de-lutte-contre-le-terrorisme#primaryimage\"},\"thumbnailUrl\":\"https:\/\/static.africa-press.net\/niger\/sites\/40\/2021\/09\/img-612f7c8b69e96.jpg\",\"datePublished\":\"2021-09-01T13:24:59+00:00\",\"author\":{\"@id\":\"https:\/\/www.africa-press.net\/niger\/#\/schema\/person\/2b1cf3cd81a31e3cd26889ca66d677f1\"},\"description\":\", 31 Ao\u00fbt (ANP) - Les pays membres du G5 Sahel ont d\u00e9cid\u00e9 d\u2019engager et de d\u00e9finir une nouvelle approche de lutte contre ...\",\"breadcrumb\":{\"@id\":\"https:\/\/www.africa-press.net\/niger\/politique\/securite-le-g5-sahel-veut-imprimer-une-nouvelle-dimension-de-lutte-contre-le-terrorisme#breadcrumb\"},\"inLanguage\":\"fr-FR\",\"potentialAction\":[{\"@type\":\"ReadAction\",\"target\":[\"https:\/\/www.africa-press.net\/niger\/politique\/securite-le-g5-sahel-veut-imprimer-une-nouvelle-dimension-de-lutte-contre-le-terrorisme\"]}]},{\"@type\":\"ImageObject\",\"inLanguage\":\"fr-FR\",\"@id\":\"https:\/\/www.africa-press.net\/niger\/politique\/securite-le-g5-sahel-veut-imprimer-une-nouvelle-dimension-de-lutte-contre-le-terrorisme#primaryimage\",\"url\":\"https:\/\/static.africa-press.net\/niger\/sites\/40\/2021\/09\/img-612f7c8b69e96.jpg\",\"contentUrl\":\"https:\/\/static.africa-press.net\/niger\/sites\/40\/2021\/09\/img-612f7c8b69e96.jpg\",\"width\":720,\"height\":540,\"caption\":\"S\u00e9curit\u00e9 : le G5 Sahel veut imprimer une nouvelle dimension de lutte contre le terrorisme\"},{\"@type\":\"BreadcrumbList\",\"@id\":\"https:\/\/www.africa-press.net\/niger\/politique\/securite-le-g5-sahel-veut-imprimer-une-nouvelle-dimension-de-lutte-contre-le-terrorisme#breadcrumb\",\"itemListElement\":[{\"@type\":\"ListItem\",\"position\":1,\"name\":\"Accueil\",\"item\":\"https:\/\/www.africa-press.net\/niger\/\"},{\"@type\":\"ListItem\",\"position\":2,\"name\":\"S\u00e9curit\u00e9 : le G5 Sahel veut imprimer une nouvelle dimension de lutte contre le terrorisme\"}]},{\"@type\":\"WebSite\",\"@id\":\"https:\/\/www.africa-press.net\/niger\/#website\",\"url\":\"https:\/\/www.africa-press.net\/niger\/\",\"name\":\"niger\",\"description\":\"Just another Africa News Agency Sites site\",\"potentialAction\":[{\"@type\":\"SearchAction\",\"target\":{\"@type\":\"EntryPoint\",\"urlTemplate\":\"https:\/\/www.africa-press.net\/niger\/?s={search_term_string}\"},\"query-input\":{\"@type\":\"PropertyValueSpecification\",\"valueRequired\":true,\"valueName\":\"search_term_string\"}}],\"inLanguage\":\"fr-FR\"},{\"@type\":\"Person\",\"@id\":\"https:\/\/www.africa-press.net\/niger\/#\/schema\/person\/2b1cf3cd81a31e3cd26889ca66d677f1\",\"name\":\"cfeditorfr\"}]}<\/script>\n<!-- \/ Yoast SEO Premium plugin. -->","yoast_head_json":{"title":"S\u00e9curit\u00e9 : le G5 Sahel veut imprimer une nouvelle dimension de lutte contre le terrorisme - niger","description":", 31 Ao\u00fbt (ANP) - Les pays membres du G5 Sahel ont d\u00e9cid\u00e9 d\u2019engager et de d\u00e9finir une nouvelle approche de lutte contre ...","robots":{"index":"index","follow":"follow","max-snippet":"max-snippet:-1","max-image-preview":"max-image-preview:large","max-video-preview":"max-video-preview:-1"},"canonical":"https:\/\/www.africa-press.net\/niger\/politique\/securite-le-g5-sahel-veut-imprimer-une-nouvelle-dimension-de-lutte-contre-le-terrorisme","og_locale":"fr_FR","og_type":"article","og_title":"S\u00e9curit\u00e9 : le G5 Sahel veut imprimer une nouvelle dimension de lutte contre le terrorisme","og_description":", 31 Ao\u00fbt (ANP) - Les pays membres du G5 Sahel ont d\u00e9cid\u00e9 d\u2019engager et de d\u00e9finir une nouvelle approche de lutte contre ...","og_url":"https:\/\/www.africa-press.net\/niger\/politique\/securite-le-g5-sahel-veut-imprimer-une-nouvelle-dimension-de-lutte-contre-le-terrorisme","og_site_name":"niger","article_published_time":"2021-09-01T13:24:59+00:00","og_image":[{"width":720,"height":540,"url":"https:\/\/static.africa-press.net\/niger\/sites\/40\/2021\/09\/img-612f7c8b69e96.jpg","type":"image\/jpeg"}],"author":"cfeditorfr","twitter_card":"summary_large_image","twitter_misc":{"\u00c9crit par":"cfeditorfr","Dur\u00e9e de lecture estim\u00e9e":"4 minutes"},"schema":{"@context":"https:\/\/schema.org","@graph":[{"@type":"Article","@id":"https:\/\/www.africa-press.net\/niger\/politique\/securite-le-g5-sahel-veut-imprimer-une-nouvelle-dimension-de-lutte-contre-le-terrorisme#article","isPartOf":{"@id":"https:\/\/www.africa-press.net\/niger\/politique\/securite-le-g5-sahel-veut-imprimer-une-nouvelle-dimension-de-lutte-contre-le-terrorisme"},"author":{"name":"cfeditorfr","@id":"https:\/\/www.africa-press.net\/niger\/#\/schema\/person\/2b1cf3cd81a31e3cd26889ca66d677f1"},"headline":"S\u00e9curit\u00e9 : le G5 Sahel veut imprimer une nouvelle dimension de lutte contre le terrorisme","datePublished":"2021-09-01T13:24:59+00:00","mainEntityOfPage":{"@id":"https:\/\/www.africa-press.net\/niger\/politique\/securite-le-g5-sahel-veut-imprimer-une-nouvelle-dimension-de-lutte-contre-le-terrorisme"},"wordCount":915,"commentCount":0,"image":{"@id":"https:\/\/www.africa-press.net\/niger\/politique\/securite-le-g5-sahel-veut-imprimer-une-nouvelle-dimension-de-lutte-contre-le-terrorisme#primaryimage"},"thumbnailUrl":"https:\/\/static.africa-press.net\/niger\/sites\/40\/2021\/09\/img-612f7c8b69e96.jpg","keywords":["Africa Press","Africa Press-Niger","Niger"],"articleSection":["homepage-french","Politique","Toutes les actualit\u00e9s"],"inLanguage":"fr-FR","potentialAction":[{"@type":"CommentAction","name":"Comment","target":["https:\/\/www.africa-press.net\/niger\/politique\/securite-le-g5-sahel-veut-imprimer-une-nouvelle-dimension-de-lutte-contre-le-terrorisme#respond"]}]},{"@type":"WebPage","@id":"https:\/\/www.africa-press.net\/niger\/politique\/securite-le-g5-sahel-veut-imprimer-une-nouvelle-dimension-de-lutte-contre-le-terrorisme","url":"https:\/\/www.africa-press.net\/niger\/politique\/securite-le-g5-sahel-veut-imprimer-une-nouvelle-dimension-de-lutte-contre-le-terrorisme","name":"S\u00e9curit\u00e9 : le G5 Sahel veut imprimer une nouvelle dimension de lutte contre le terrorisme - niger","isPartOf":{"@id":"https:\/\/www.africa-press.net\/niger\/#website"},"primaryImageOfPage":{"@id":"https:\/\/www.africa-press.net\/niger\/politique\/securite-le-g5-sahel-veut-imprimer-une-nouvelle-dimension-de-lutte-contre-le-terrorisme#primaryimage"},"image":{"@id":"https:\/\/www.africa-press.net\/niger\/politique\/securite-le-g5-sahel-veut-imprimer-une-nouvelle-dimension-de-lutte-contre-le-terrorisme#primaryimage"},"thumbnailUrl":"https:\/\/static.africa-press.net\/niger\/sites\/40\/2021\/09\/img-612f7c8b69e96.jpg","datePublished":"2021-09-01T13:24:59+00:00","author":{"@id":"https:\/\/www.africa-press.net\/niger\/#\/schema\/person\/2b1cf3cd81a31e3cd26889ca66d677f1"},"description":", 31 Ao\u00fbt (ANP) - Les pays membres du G5 Sahel ont d\u00e9cid\u00e9 d\u2019engager et de d\u00e9finir une nouvelle approche de lutte contre ...","breadcrumb":{"@id":"https:\/\/www.africa-press.net\/niger\/politique\/securite-le-g5-sahel-veut-imprimer-une-nouvelle-dimension-de-lutte-contre-le-terrorisme#breadcrumb"},"inLanguage":"fr-FR","potentialAction":[{"@type":"ReadAction","target":["https:\/\/www.africa-press.net\/niger\/politique\/securite-le-g5-sahel-veut-imprimer-une-nouvelle-dimension-de-lutte-contre-le-terrorisme"]}]},{"@type":"ImageObject","inLanguage":"fr-FR","@id":"https:\/\/www.africa-press.net\/niger\/politique\/securite-le-g5-sahel-veut-imprimer-une-nouvelle-dimension-de-lutte-contre-le-terrorisme#primaryimage","url":"https:\/\/static.africa-press.net\/niger\/sites\/40\/2021\/09\/img-612f7c8b69e96.jpg","contentUrl":"https:\/\/static.africa-press.net\/niger\/sites\/40\/2021\/09\/img-612f7c8b69e96.jpg","width":720,"height":540,"caption":"S\u00e9curit\u00e9 : le G5 Sahel veut imprimer une nouvelle dimension de lutte contre le terrorisme"},{"@type":"BreadcrumbList","@id":"https:\/\/www.africa-press.net\/niger\/politique\/securite-le-g5-sahel-veut-imprimer-une-nouvelle-dimension-de-lutte-contre-le-terrorisme#breadcrumb","itemListElement":[{"@type":"ListItem","position":1,"name":"Accueil","item":"https:\/\/www.africa-press.net\/niger\/"},{"@type":"ListItem","position":2,"name":"S\u00e9curit\u00e9 : le G5 Sahel veut imprimer une nouvelle dimension de lutte contre le terrorisme"}]},{"@type":"WebSite","@id":"https:\/\/www.africa-press.net\/niger\/#website","url":"https:\/\/www.africa-press.net\/niger\/","name":"niger","description":"Just another Africa News Agency Sites site","potentialAction":[{"@type":"SearchAction","target":{"@type":"EntryPoint","urlTemplate":"https:\/\/www.africa-press.net\/niger\/?s={search_term_string}"},"query-input":{"@type":"PropertyValueSpecification","valueRequired":true,"valueName":"search_term_string"}}],"inLanguage":"fr-FR"},{"@type":"Person","@id":"https:\/\/www.africa-press.net\/niger\/#\/schema\/person\/2b1cf3cd81a31e3cd26889ca66d677f1","name":"cfeditorfr"}]}},"_links":{"self":[{"href":"https:\/\/www.africa-press.net\/niger\/wp-json\/wp\/v2\/posts\/11010","targetHints":{"allow":["GET"]}}],"collection":[{"href":"https:\/\/www.africa-press.net\/niger\/wp-json\/wp\/v2\/posts"}],"about":[{"href":"https:\/\/www.africa-press.net\/niger\/wp-json\/wp\/v2\/types\/post"}],"author":[{"embeddable":true,"href":"https:\/\/www.africa-press.net\/niger\/wp-json\/wp\/v2\/users\/82"}],"replies":[{"embeddable":true,"href":"https:\/\/www.africa-press.net\/niger\/wp-json\/wp\/v2\/comments?post=11010"}],"version-history":[{"count":0,"href":"https:\/\/www.africa-press.net\/niger\/wp-json\/wp\/v2\/posts\/11010\/revisions"}],"wp:featuredmedia":[{"embeddable":true,"href":"https:\/\/www.africa-press.net\/niger\/wp-json\/wp\/v2\/media\/11009"}],"wp:attachment":[{"href":"https:\/\/www.africa-press.net\/niger\/wp-json\/wp\/v2\/media?parent=11010"}],"wp:term":[{"taxonomy":"category","embeddable":true,"href":"https:\/\/www.africa-press.net\/niger\/wp-json\/wp\/v2\/categories?post=11010"},{"taxonomy":"post_tag","embeddable":true,"href":"https:\/\/www.africa-press.net\/niger\/wp-json\/wp\/v2\/tags?post=11010"}],"curies":[{"name":"wp","href":"https:\/\/api.w.org\/{rel}","templated":true}]}}