{"id":11013,"date":"2021-09-01T13:32:41","date_gmt":"2021-09-01T13:32:41","guid":{"rendered":"https:\/\/www.africa-press.net\/niger\/?p=11013"},"modified":"2021-09-01T13:15:00","modified_gmt":"2021-09-01T13:15:00","slug":"le-chef-de-la-minusma-remercie-le-president-mohamed-bazoum-pour-la-contribution-des-troupes-nigeriennes-au-mali","status":"publish","type":"post","link":"https:\/\/www.africa-press.net\/niger\/politique\/le-chef-de-la-minusma-remercie-le-president-mohamed-bazoum-pour-la-contribution-des-troupes-nigeriennes-au-mali","title":{"rendered":"Le Chef de la MINUSMA remercie le Pr\u00e9sident Mohamed Bazoum pour la contribution des troupes nig\u00e9riennes au Mali"},"content":{"rendered":"<p><span style=\"color: #ff6600\"><strong><a href=\"https:\/\/www.africa-press.net\/\">Africa-Press<\/a> &#8211; <a href=\"https:\/\/www.africa-press.net\/niger\">Niger<\/a>. <\/strong><\/span>, 31 Ao\u00fbt (ANP) &#8211; Le Repr\u00e9sentant sp\u00e9cial du secr\u00e9taire g\u00e9n\u00e9ral de l\u2019ONU pour le Mali, \u00e9galement Chef de la mission multidimensionnelle int\u00e9gr\u00e9e des Nations Unies pour la stabilisation au Mali (MINUSMA), M. EL Ghassim Wane, a remerci\u00e9 le Pr\u00e9sident nig\u00e9rien Mohamed Bazoum pour le travail que les troupes nig\u00e9riennes font \u00ab au service du Mali et des Maliens \u00bb dans la lutte contre le terrorisme auquel fait face le Mali.<\/p>\n<p>Le responsable onusien a fait cette adresse au dirigeant nig\u00e9rien lors d\u2019un entretien qu\u2019ils ont eu \u00e0 la r\u00e9sidence officielle du Pr\u00e9sident de la R\u00e9publique du Niger, ce mardi 31 Ao\u00fbt 2021.<\/p>\n<p>\u00ab J\u2019ai eu l\u2019honneur d\u2019\u00eatre re\u00e7u par le Pr\u00e9sident de la R\u00e9publique. Je lui ai exprim\u00e9 toute notre appr\u00e9ciation pour la contribution du Niger \u00e0 la MINUSMA \u00bb, a fait savoir M. Wane, avant de rappeler que \u00ab le Niger contribue nettement au bataillon qui est d\u00e9ploy\u00e9 dans la zone de Menaka et \u00e0 Assongo [deux localit\u00e9s du Mali, ndlr].<\/p>\n<p>\u00ab Je voulais saisir l\u2019occasion de cette rencontre pour dire tous nos remerciements au Niger pour cette contribution, pour la qualit\u00e9 de l\u2019engagement de ses troupes, pour le travail qu\u2019elles font sur le terrain au service du Mali et des Maliens \u00bb, a d\u00e9clar\u00e9 l\u2019envoy\u00e9 sp\u00e9cial du secr\u00e9taire g\u00e9n\u00e9ral de l\u2019ONU pour le Mali.<\/p>\n<p>\u00ab J\u2019ai \u00e9videmment profit\u00e9 de l\u2019occasion pour parler de l\u2019action que fait la MINUSMA dans le cadre de son mandat, y compris le soutien que nous apportons aux pays du G5 Sahel et \u00e0 la Force Conjointe de G5 Sahel pour lui permettre de s\u2019acquitter des responsabilit\u00e9s qui lui ont \u00e9t\u00e9 confi\u00e9es \u00bb, a-t-il conclu.<\/p>\n<p>M. EL Ghassim Wane, pr\u00e9cise-t-on, est \u00e0 Niamey dans le cadre d\u2019une r\u00e9union extraordinaire des ministres en charge de la d\u00e9fense des pays du G5 Sahel tenue ce mardi 31 Ao\u00fbt 2021.<\/p>\n<p>Au cours de cette rencontre minist\u00e9rielle \u00e0 laquelle il a \u00e9t\u00e9 invit\u00e9 \u00e0 prendre la parole, souligne-t-on, le Chef de la MINUSMA a r\u00e9it\u00e9r\u00e9 la disponibilit\u00e9 et l\u2019engagement de l\u2019ONU \u00e0 poursuivre sa contribution de stabilisation du Mali, et au-del\u00e0, de tout le Sahel en proie aux menaces terroristes.<\/p>\n<p>MSB\/KPM\/ANP- Ao\u00fbt 2021<\/p>\n","protected":false},"excerpt":{"rendered":"<p>Africa-Press &#8211; Niger. , 31 Ao\u00fbt (ANP) &#8211; Le Repr\u00e9sentant sp\u00e9cial du secr\u00e9taire g\u00e9n\u00e9ral de l\u2019ONU pour le Mali, \u00e9galement Chef de la mission multidimensionnelle int\u00e9gr\u00e9e des Nations Unies pour la stabilisation au Mali (MINUSMA), M. EL Ghassim Wane, a remerci\u00e9 le Pr\u00e9sident nig\u00e9rien Mohamed Bazoum pour le travail que les troupes nig\u00e9riennes font \u00ab [&hellip;]<\/p>\n","protected":false},"author":82,"featured_media":11012,"comment_status":"open","ping_status":"closed","sticky":false,"template":"","format":"standard","meta":{"footnotes":""},"categories":[11,2,10],"tags":[55,60,29],"class_list":["post-11013","post","type-post","status-publish","format-standard","has-post-thumbnail","hentry","category-homepage-french","category-politique","category-toutes-les-actualites","tag-africa-press","tag-africa-press-niger","tag-niger"],"yoast_head":"<!-- This site is optimized with the Yoast SEO Premium plugin v26.1 (Yoast SEO v27.0) - https:\/\/yoast.com\/product\/yoast-seo-premium-wordpress\/ -->\n<title>Le Chef de la MINUSMA remercie le Pr\u00e9sident Mohamed Bazoum pour la contribution des troupes nig\u00e9riennes au Mali - niger<\/title>\n<meta name=\"description\" content=\", 31 Ao\u00fbt (ANP) - Le Repr\u00e9sentant sp\u00e9cial du secr\u00e9taire g\u00e9n\u00e9ral de l\u2019ONU pour le Mali, \u00e9galement Chef de la mission mult ...\" \/>\n<meta name=\"robots\" content=\"index, follow, max-snippet:-1, max-image-preview:large, max-video-preview:-1\" \/>\n<link rel=\"canonical\" href=\"https:\/\/www.africa-press.net\/niger\/politique\/le-chef-de-la-minusma-remercie-le-president-mohamed-bazoum-pour-la-contribution-des-troupes-nigeriennes-au-mali\" \/>\n<meta property=\"og:locale\" content=\"fr_FR\" \/>\n<meta property=\"og:type\" content=\"article\" \/>\n<meta property=\"og:title\" content=\"Le Chef de la MINUSMA remercie le Pr\u00e9sident Mohamed Bazoum pour la contribution des troupes nig\u00e9riennes au Mali\" \/>\n<meta property=\"og:description\" content=\", 31 Ao\u00fbt (ANP) - Le Repr\u00e9sentant sp\u00e9cial du secr\u00e9taire g\u00e9n\u00e9ral de l\u2019ONU pour le Mali, \u00e9galement Chef de la mission mult ...\" \/>\n<meta property=\"og:url\" content=\"https:\/\/www.africa-press.net\/niger\/politique\/le-chef-de-la-minusma-remercie-le-president-mohamed-bazoum-pour-la-contribution-des-troupes-nigeriennes-au-mali\" \/>\n<meta property=\"og:site_name\" content=\"niger\" \/>\n<meta property=\"article:published_time\" content=\"2021-09-01T13:32:41+00:00\" \/>\n<meta property=\"og:image\" content=\"https:\/\/static.africa-press.net\/niger\/sites\/40\/2021\/09\/img-612f7cb50dd1d.jpg\" \/>\n\t<meta property=\"og:image:width\" content=\"720\" \/>\n\t<meta property=\"og:image:height\" content=\"540\" \/>\n\t<meta property=\"og:image:type\" content=\"image\/jpeg\" \/>\n<meta name=\"author\" content=\"cfeditorfr\" \/>\n<meta name=\"twitter:card\" content=\"summary_large_image\" \/>\n<meta name=\"twitter:label1\" content=\"\u00c9crit par\" \/>\n\t<meta name=\"twitter:data1\" content=\"cfeditorfr\" \/>\n\t<meta name=\"twitter:label2\" content=\"Dur\u00e9e de lecture estim\u00e9e\" \/>\n\t<meta name=\"twitter:data2\" content=\"2 minutes\" \/>\n<script type=\"application\/ld+json\" class=\"yoast-schema-graph\">{\"@context\":\"https:\/\/schema.org\",\"@graph\":[{\"@type\":\"Article\",\"@id\":\"https:\/\/www.africa-press.net\/niger\/politique\/le-chef-de-la-minusma-remercie-le-president-mohamed-bazoum-pour-la-contribution-des-troupes-nigeriennes-au-mali#article\",\"isPartOf\":{\"@id\":\"https:\/\/www.africa-press.net\/niger\/politique\/le-chef-de-la-minusma-remercie-le-president-mohamed-bazoum-pour-la-contribution-des-troupes-nigeriennes-au-mali\"},\"author\":{\"name\":\"cfeditorfr\",\"@id\":\"https:\/\/www.africa-press.net\/niger\/#\/schema\/person\/2b1cf3cd81a31e3cd26889ca66d677f1\"},\"headline\":\"Le Chef de la MINUSMA remercie le Pr\u00e9sident Mohamed Bazoum pour la contribution des troupes nig\u00e9riennes au Mali\",\"datePublished\":\"2021-09-01T13:32:41+00:00\",\"mainEntityOfPage\":{\"@id\":\"https:\/\/www.africa-press.net\/niger\/politique\/le-chef-de-la-minusma-remercie-le-president-mohamed-bazoum-pour-la-contribution-des-troupes-nigeriennes-au-mali\"},\"wordCount\":412,\"commentCount\":0,\"image\":{\"@id\":\"https:\/\/www.africa-press.net\/niger\/politique\/le-chef-de-la-minusma-remercie-le-president-mohamed-bazoum-pour-la-contribution-des-troupes-nigeriennes-au-mali#primaryimage\"},\"thumbnailUrl\":\"https:\/\/static.africa-press.net\/niger\/sites\/40\/2021\/09\/img-612f7cb50dd1d.jpg\",\"keywords\":[\"Africa Press\",\"Africa Press-Niger\",\"Niger\"],\"articleSection\":[\"homepage-french\",\"Politique\",\"Toutes les actualit\u00e9s\"],\"inLanguage\":\"fr-FR\",\"potentialAction\":[{\"@type\":\"CommentAction\",\"name\":\"Comment\",\"target\":[\"https:\/\/www.africa-press.net\/niger\/politique\/le-chef-de-la-minusma-remercie-le-president-mohamed-bazoum-pour-la-contribution-des-troupes-nigeriennes-au-mali#respond\"]}]},{\"@type\":\"WebPage\",\"@id\":\"https:\/\/www.africa-press.net\/niger\/politique\/le-chef-de-la-minusma-remercie-le-president-mohamed-bazoum-pour-la-contribution-des-troupes-nigeriennes-au-mali\",\"url\":\"https:\/\/www.africa-press.net\/niger\/politique\/le-chef-de-la-minusma-remercie-le-president-mohamed-bazoum-pour-la-contribution-des-troupes-nigeriennes-au-mali\",\"name\":\"Le Chef de la MINUSMA remercie le Pr\u00e9sident Mohamed Bazoum pour la contribution des troupes nig\u00e9riennes au Mali - niger\",\"isPartOf\":{\"@id\":\"https:\/\/www.africa-press.net\/niger\/#website\"},\"primaryImageOfPage\":{\"@id\":\"https:\/\/www.africa-press.net\/niger\/politique\/le-chef-de-la-minusma-remercie-le-president-mohamed-bazoum-pour-la-contribution-des-troupes-nigeriennes-au-mali#primaryimage\"},\"image\":{\"@id\":\"https:\/\/www.africa-press.net\/niger\/politique\/le-chef-de-la-minusma-remercie-le-president-mohamed-bazoum-pour-la-contribution-des-troupes-nigeriennes-au-mali#primaryimage\"},\"thumbnailUrl\":\"https:\/\/static.africa-press.net\/niger\/sites\/40\/2021\/09\/img-612f7cb50dd1d.jpg\",\"datePublished\":\"2021-09-01T13:32:41+00:00\",\"author\":{\"@id\":\"https:\/\/www.africa-press.net\/niger\/#\/schema\/person\/2b1cf3cd81a31e3cd26889ca66d677f1\"},\"description\":\", 31 Ao\u00fbt (ANP) - Le Repr\u00e9sentant sp\u00e9cial du secr\u00e9taire g\u00e9n\u00e9ral de l\u2019ONU pour le Mali, \u00e9galement Chef de la mission mult ...\",\"breadcrumb\":{\"@id\":\"https:\/\/www.africa-press.net\/niger\/politique\/le-chef-de-la-minusma-remercie-le-president-mohamed-bazoum-pour-la-contribution-des-troupes-nigeriennes-au-mali#breadcrumb\"},\"inLanguage\":\"fr-FR\",\"potentialAction\":[{\"@type\":\"ReadAction\",\"target\":[\"https:\/\/www.africa-press.net\/niger\/politique\/le-chef-de-la-minusma-remercie-le-president-mohamed-bazoum-pour-la-contribution-des-troupes-nigeriennes-au-mali\"]}]},{\"@type\":\"ImageObject\",\"inLanguage\":\"fr-FR\",\"@id\":\"https:\/\/www.africa-press.net\/niger\/politique\/le-chef-de-la-minusma-remercie-le-president-mohamed-bazoum-pour-la-contribution-des-troupes-nigeriennes-au-mali#primaryimage\",\"url\":\"https:\/\/static.africa-press.net\/niger\/sites\/40\/2021\/09\/img-612f7cb50dd1d.jpg\",\"contentUrl\":\"https:\/\/static.africa-press.net\/niger\/sites\/40\/2021\/09\/img-612f7cb50dd1d.jpg\",\"width\":720,\"height\":540,\"caption\":\"Le Chef de la MINUSMA remercie le Pr\u00e9sident Mohamed Bazoum pour la contribution des troupes nig\u00e9riennes au Mali\"},{\"@type\":\"BreadcrumbList\",\"@id\":\"https:\/\/www.africa-press.net\/niger\/politique\/le-chef-de-la-minusma-remercie-le-president-mohamed-bazoum-pour-la-contribution-des-troupes-nigeriennes-au-mali#breadcrumb\",\"itemListElement\":[{\"@type\":\"ListItem\",\"position\":1,\"name\":\"Accueil\",\"item\":\"https:\/\/www.africa-press.net\/niger\/\"},{\"@type\":\"ListItem\",\"position\":2,\"name\":\"Le Chef de la MINUSMA remercie le Pr\u00e9sident Mohamed Bazoum pour la contribution des troupes nig\u00e9riennes au Mali\"}]},{\"@type\":\"WebSite\",\"@id\":\"https:\/\/www.africa-press.net\/niger\/#website\",\"url\":\"https:\/\/www.africa-press.net\/niger\/\",\"name\":\"niger\",\"description\":\"Just another Africa News Agency Sites site\",\"potentialAction\":[{\"@type\":\"SearchAction\",\"target\":{\"@type\":\"EntryPoint\",\"urlTemplate\":\"https:\/\/www.africa-press.net\/niger\/?s={search_term_string}\"},\"query-input\":{\"@type\":\"PropertyValueSpecification\",\"valueRequired\":true,\"valueName\":\"search_term_string\"}}],\"inLanguage\":\"fr-FR\"},{\"@type\":\"Person\",\"@id\":\"https:\/\/www.africa-press.net\/niger\/#\/schema\/person\/2b1cf3cd81a31e3cd26889ca66d677f1\",\"name\":\"cfeditorfr\"}]}<\/script>\n<!-- \/ Yoast SEO Premium plugin. -->","yoast_head_json":{"title":"Le Chef de la MINUSMA remercie le Pr\u00e9sident Mohamed Bazoum pour la contribution des troupes nig\u00e9riennes au Mali - niger","description":", 31 Ao\u00fbt (ANP) - Le Repr\u00e9sentant sp\u00e9cial du secr\u00e9taire g\u00e9n\u00e9ral de l\u2019ONU pour le Mali, \u00e9galement Chef de la mission mult ...","robots":{"index":"index","follow":"follow","max-snippet":"max-snippet:-1","max-image-preview":"max-image-preview:large","max-video-preview":"max-video-preview:-1"},"canonical":"https:\/\/www.africa-press.net\/niger\/politique\/le-chef-de-la-minusma-remercie-le-president-mohamed-bazoum-pour-la-contribution-des-troupes-nigeriennes-au-mali","og_locale":"fr_FR","og_type":"article","og_title":"Le Chef de la MINUSMA remercie le Pr\u00e9sident Mohamed Bazoum pour la contribution des troupes nig\u00e9riennes au Mali","og_description":", 31 Ao\u00fbt (ANP) - Le Repr\u00e9sentant sp\u00e9cial du secr\u00e9taire g\u00e9n\u00e9ral de l\u2019ONU pour le Mali, \u00e9galement Chef de la mission mult ...","og_url":"https:\/\/www.africa-press.net\/niger\/politique\/le-chef-de-la-minusma-remercie-le-president-mohamed-bazoum-pour-la-contribution-des-troupes-nigeriennes-au-mali","og_site_name":"niger","article_published_time":"2021-09-01T13:32:41+00:00","og_image":[{"width":720,"height":540,"url":"https:\/\/static.africa-press.net\/niger\/sites\/40\/2021\/09\/img-612f7cb50dd1d.jpg","type":"image\/jpeg"}],"author":"cfeditorfr","twitter_card":"summary_large_image","twitter_misc":{"\u00c9crit par":"cfeditorfr","Dur\u00e9e de lecture estim\u00e9e":"2 minutes"},"schema":{"@context":"https:\/\/schema.org","@graph":[{"@type":"Article","@id":"https:\/\/www.africa-press.net\/niger\/politique\/le-chef-de-la-minusma-remercie-le-president-mohamed-bazoum-pour-la-contribution-des-troupes-nigeriennes-au-mali#article","isPartOf":{"@id":"https:\/\/www.africa-press.net\/niger\/politique\/le-chef-de-la-minusma-remercie-le-president-mohamed-bazoum-pour-la-contribution-des-troupes-nigeriennes-au-mali"},"author":{"name":"cfeditorfr","@id":"https:\/\/www.africa-press.net\/niger\/#\/schema\/person\/2b1cf3cd81a31e3cd26889ca66d677f1"},"headline":"Le Chef de la MINUSMA remercie le Pr\u00e9sident Mohamed Bazoum pour la contribution des troupes nig\u00e9riennes au Mali","datePublished":"2021-09-01T13:32:41+00:00","mainEntityOfPage":{"@id":"https:\/\/www.africa-press.net\/niger\/politique\/le-chef-de-la-minusma-remercie-le-president-mohamed-bazoum-pour-la-contribution-des-troupes-nigeriennes-au-mali"},"wordCount":412,"commentCount":0,"image":{"@id":"https:\/\/www.africa-press.net\/niger\/politique\/le-chef-de-la-minusma-remercie-le-president-mohamed-bazoum-pour-la-contribution-des-troupes-nigeriennes-au-mali#primaryimage"},"thumbnailUrl":"https:\/\/static.africa-press.net\/niger\/sites\/40\/2021\/09\/img-612f7cb50dd1d.jpg","keywords":["Africa Press","Africa Press-Niger","Niger"],"articleSection":["homepage-french","Politique","Toutes les actualit\u00e9s"],"inLanguage":"fr-FR","potentialAction":[{"@type":"CommentAction","name":"Comment","target":["https:\/\/www.africa-press.net\/niger\/politique\/le-chef-de-la-minusma-remercie-le-president-mohamed-bazoum-pour-la-contribution-des-troupes-nigeriennes-au-mali#respond"]}]},{"@type":"WebPage","@id":"https:\/\/www.africa-press.net\/niger\/politique\/le-chef-de-la-minusma-remercie-le-president-mohamed-bazoum-pour-la-contribution-des-troupes-nigeriennes-au-mali","url":"https:\/\/www.africa-press.net\/niger\/politique\/le-chef-de-la-minusma-remercie-le-president-mohamed-bazoum-pour-la-contribution-des-troupes-nigeriennes-au-mali","name":"Le Chef de la MINUSMA remercie le Pr\u00e9sident Mohamed Bazoum pour la contribution des troupes nig\u00e9riennes au Mali - niger","isPartOf":{"@id":"https:\/\/www.africa-press.net\/niger\/#website"},"primaryImageOfPage":{"@id":"https:\/\/www.africa-press.net\/niger\/politique\/le-chef-de-la-minusma-remercie-le-president-mohamed-bazoum-pour-la-contribution-des-troupes-nigeriennes-au-mali#primaryimage"},"image":{"@id":"https:\/\/www.africa-press.net\/niger\/politique\/le-chef-de-la-minusma-remercie-le-president-mohamed-bazoum-pour-la-contribution-des-troupes-nigeriennes-au-mali#primaryimage"},"thumbnailUrl":"https:\/\/static.africa-press.net\/niger\/sites\/40\/2021\/09\/img-612f7cb50dd1d.jpg","datePublished":"2021-09-01T13:32:41+00:00","author":{"@id":"https:\/\/www.africa-press.net\/niger\/#\/schema\/person\/2b1cf3cd81a31e3cd26889ca66d677f1"},"description":", 31 Ao\u00fbt (ANP) - Le Repr\u00e9sentant sp\u00e9cial du secr\u00e9taire g\u00e9n\u00e9ral de l\u2019ONU pour le Mali, \u00e9galement Chef de la mission mult ...","breadcrumb":{"@id":"https:\/\/www.africa-press.net\/niger\/politique\/le-chef-de-la-minusma-remercie-le-president-mohamed-bazoum-pour-la-contribution-des-troupes-nigeriennes-au-mali#breadcrumb"},"inLanguage":"fr-FR","potentialAction":[{"@type":"ReadAction","target":["https:\/\/www.africa-press.net\/niger\/politique\/le-chef-de-la-minusma-remercie-le-president-mohamed-bazoum-pour-la-contribution-des-troupes-nigeriennes-au-mali"]}]},{"@type":"ImageObject","inLanguage":"fr-FR","@id":"https:\/\/www.africa-press.net\/niger\/politique\/le-chef-de-la-minusma-remercie-le-president-mohamed-bazoum-pour-la-contribution-des-troupes-nigeriennes-au-mali#primaryimage","url":"https:\/\/static.africa-press.net\/niger\/sites\/40\/2021\/09\/img-612f7cb50dd1d.jpg","contentUrl":"https:\/\/static.africa-press.net\/niger\/sites\/40\/2021\/09\/img-612f7cb50dd1d.jpg","width":720,"height":540,"caption":"Le Chef de la MINUSMA remercie le Pr\u00e9sident Mohamed Bazoum pour la contribution des troupes nig\u00e9riennes au Mali"},{"@type":"BreadcrumbList","@id":"https:\/\/www.africa-press.net\/niger\/politique\/le-chef-de-la-minusma-remercie-le-president-mohamed-bazoum-pour-la-contribution-des-troupes-nigeriennes-au-mali#breadcrumb","itemListElement":[{"@type":"ListItem","position":1,"name":"Accueil","item":"https:\/\/www.africa-press.net\/niger\/"},{"@type":"ListItem","position":2,"name":"Le Chef de la MINUSMA remercie le Pr\u00e9sident Mohamed Bazoum pour la contribution des troupes nig\u00e9riennes au Mali"}]},{"@type":"WebSite","@id":"https:\/\/www.africa-press.net\/niger\/#website","url":"https:\/\/www.africa-press.net\/niger\/","name":"niger","description":"Just another Africa News Agency Sites site","potentialAction":[{"@type":"SearchAction","target":{"@type":"EntryPoint","urlTemplate":"https:\/\/www.africa-press.net\/niger\/?s={search_term_string}"},"query-input":{"@type":"PropertyValueSpecification","valueRequired":true,"valueName":"search_term_string"}}],"inLanguage":"fr-FR"},{"@type":"Person","@id":"https:\/\/www.africa-press.net\/niger\/#\/schema\/person\/2b1cf3cd81a31e3cd26889ca66d677f1","name":"cfeditorfr"}]}},"_links":{"self":[{"href":"https:\/\/www.africa-press.net\/niger\/wp-json\/wp\/v2\/posts\/11013","targetHints":{"allow":["GET"]}}],"collection":[{"href":"https:\/\/www.africa-press.net\/niger\/wp-json\/wp\/v2\/posts"}],"about":[{"href":"https:\/\/www.africa-press.net\/niger\/wp-json\/wp\/v2\/types\/post"}],"author":[{"embeddable":true,"href":"https:\/\/www.africa-press.net\/niger\/wp-json\/wp\/v2\/users\/82"}],"replies":[{"embeddable":true,"href":"https:\/\/www.africa-press.net\/niger\/wp-json\/wp\/v2\/comments?post=11013"}],"version-history":[{"count":0,"href":"https:\/\/www.africa-press.net\/niger\/wp-json\/wp\/v2\/posts\/11013\/revisions"}],"wp:featuredmedia":[{"embeddable":true,"href":"https:\/\/www.africa-press.net\/niger\/wp-json\/wp\/v2\/media\/11012"}],"wp:attachment":[{"href":"https:\/\/www.africa-press.net\/niger\/wp-json\/wp\/v2\/media?parent=11013"}],"wp:term":[{"taxonomy":"category","embeddable":true,"href":"https:\/\/www.africa-press.net\/niger\/wp-json\/wp\/v2\/categories?post=11013"},{"taxonomy":"post_tag","embeddable":true,"href":"https:\/\/www.africa-press.net\/niger\/wp-json\/wp\/v2\/tags?post=11013"}],"curies":[{"name":"wp","href":"https:\/\/api.w.org\/{rel}","templated":true}]}}