{"id":11016,"date":"2021-09-01T13:39:20","date_gmt":"2021-09-01T13:39:20","guid":{"rendered":"https:\/\/www.africa-press.net\/niger\/?p=11016"},"modified":"2021-09-01T13:15:40","modified_gmt":"2021-09-01T13:15:40","slug":"a-niamey-le-president-mohamed-bazoum-sentretient-avec-les-ministres-charges-de-la-defense-des-pays-du-g5-sahel","status":"publish","type":"post","link":"https:\/\/www.africa-press.net\/niger\/politique\/a-niamey-le-president-mohamed-bazoum-sentretient-avec-les-ministres-charges-de-la-defense-des-pays-du-g5-sahel","title":{"rendered":"A Niamey, le Pr\u00e9sident Mohamed Bazoum s\u2019entretient avec les Ministres charg\u00e9s de la d\u00e9fense des pays du G5 Sahel"},"content":{"rendered":"<p><span style=\"color: #ff6600\"><strong><a href=\"https:\/\/www.africa-press.net\/\">Africa-Press<\/a> &#8211; <a href=\"https:\/\/www.africa-press.net\/niger\">Niger<\/a>. <\/strong><\/span>, 31 Ao\u00fbt (ANP) &#8211; Le Pr\u00e9sident de la R\u00e9publique du Niger Mohamed Bazoum a re\u00e7u, ce mardi 31 Ao\u00fbt 2021, les ministres en charge de la d\u00e9fense des cinq (5) pays du G5 Sahel.<\/p>\n<p>Les ministres de la d\u00e9fense de ces cinq pays, indique-t-on, sont \u00e0 Niamey dans le cadre d\u2019une r\u00e9union extraordinaire qu\u2019ils ont tenue le m\u00eame jour, consacr\u00e9e \u00e0 la r\u00e9vision de la strat\u00e9gie de lutte contre le terrorisme que leur organisation commune m\u00e8ne dans cet espace g\u00e9ographique commun.<\/p>\n<p>Parlant au nom de tous ses homologues en qualit\u00e9 du pr\u00e9sident de la conf\u00e9rence minist\u00e9rielle du G5 Sahel, le tchadien Daoud Yaya Brahim souligne qu\u2019ils sont venus rendre compte au Chef d\u2019Etat nig\u00e9rien des conclusions de leur conclave.<\/p>\n<p>\u00ab Depuis avant-hier, les experts ont adopt\u00e9 un travail qui a \u00e9t\u00e9 valid\u00e9 par les Chef d\u2019Etat-major et par la suite par les ministres de la d\u00e9fense \u00bb, a indiqu\u00e9 le ministre de la d\u00e9fense du Tchad, avant d\u2019ajouter que \u00ab Nous avons rendu compte [au Pr\u00e9sident du Niger, ndlr] de toutes les d\u00e9cisions prises par les ministres de d\u00e9fense et leurs experts en ce qui concerne la lutte contre le terrorisme \u00bb.<\/p>\n<p>MSB\/KPM\/ANP- Ao\u00fbt 2021<\/p>\n","protected":false},"excerpt":{"rendered":"<p>Africa-Press &#8211; Niger. , 31 Ao\u00fbt (ANP) &#8211; Le Pr\u00e9sident de la R\u00e9publique du Niger Mohamed Bazoum a re\u00e7u, ce mardi 31 Ao\u00fbt 2021, les ministres en charge de la d\u00e9fense des cinq (5) pays du G5 Sahel. Les ministres de la d\u00e9fense de ces cinq pays, indique-t-on, sont \u00e0 Niamey dans le cadre d\u2019une [&hellip;]<\/p>\n","protected":false},"author":82,"featured_media":11015,"comment_status":"open","ping_status":"closed","sticky":false,"template":"","format":"standard","meta":{"footnotes":""},"categories":[11,2,10],"tags":[55,60,29],"class_list":["post-11016","post","type-post","status-publish","format-standard","has-post-thumbnail","hentry","category-homepage-french","category-politique","category-toutes-les-actualites","tag-africa-press","tag-africa-press-niger","tag-niger"],"yoast_head":"<!-- This site is optimized with the Yoast SEO Premium plugin v26.1 (Yoast SEO v27.0) - https:\/\/yoast.com\/product\/yoast-seo-premium-wordpress\/ -->\n<title>A Niamey, le Pr\u00e9sident Mohamed Bazoum s\u2019entretient avec les Ministres charg\u00e9s de la d\u00e9fense des pays du G5 Sahel - niger<\/title>\n<meta name=\"description\" content=\", 31 Ao\u00fbt (ANP) - Le Pr\u00e9sident de la R\u00e9publique du Niger Mohamed Bazoum a re\u00e7u, ce mardi 31 Ao\u00fbt 2021, les ministres en ...\" \/>\n<meta name=\"robots\" content=\"index, follow, max-snippet:-1, max-image-preview:large, max-video-preview:-1\" \/>\n<link rel=\"canonical\" href=\"https:\/\/www.africa-press.net\/niger\/politique\/a-niamey-le-president-mohamed-bazoum-sentretient-avec-les-ministres-charges-de-la-defense-des-pays-du-g5-sahel\" \/>\n<meta property=\"og:locale\" content=\"fr_FR\" \/>\n<meta property=\"og:type\" content=\"article\" \/>\n<meta property=\"og:title\" content=\"A Niamey, le Pr\u00e9sident Mohamed Bazoum s\u2019entretient avec les Ministres charg\u00e9s de la d\u00e9fense des pays du G5 Sahel\" \/>\n<meta property=\"og:description\" content=\", 31 Ao\u00fbt (ANP) - Le Pr\u00e9sident de la R\u00e9publique du Niger Mohamed Bazoum a re\u00e7u, ce mardi 31 Ao\u00fbt 2021, les ministres en ...\" \/>\n<meta property=\"og:url\" content=\"https:\/\/www.africa-press.net\/niger\/politique\/a-niamey-le-president-mohamed-bazoum-sentretient-avec-les-ministres-charges-de-la-defense-des-pays-du-g5-sahel\" \/>\n<meta property=\"og:site_name\" content=\"niger\" \/>\n<meta property=\"article:published_time\" content=\"2021-09-01T13:39:20+00:00\" \/>\n<meta property=\"og:image\" content=\"https:\/\/static.africa-press.net\/niger\/sites\/40\/2021\/09\/img-612f7cdbc45b4.jpg\" \/>\n\t<meta property=\"og:image:width\" content=\"720\" \/>\n\t<meta property=\"og:image:height\" content=\"540\" \/>\n\t<meta property=\"og:image:type\" content=\"image\/jpeg\" \/>\n<meta name=\"author\" content=\"cfeditorfr\" \/>\n<meta name=\"twitter:card\" content=\"summary_large_image\" \/>\n<meta name=\"twitter:label1\" content=\"\u00c9crit par\" \/>\n\t<meta name=\"twitter:data1\" content=\"cfeditorfr\" \/>\n\t<meta name=\"twitter:label2\" content=\"Dur\u00e9e de lecture estim\u00e9e\" \/>\n\t<meta name=\"twitter:data2\" content=\"1 minute\" \/>\n<script type=\"application\/ld+json\" class=\"yoast-schema-graph\">{\"@context\":\"https:\/\/schema.org\",\"@graph\":[{\"@type\":\"Article\",\"@id\":\"https:\/\/www.africa-press.net\/niger\/politique\/a-niamey-le-president-mohamed-bazoum-sentretient-avec-les-ministres-charges-de-la-defense-des-pays-du-g5-sahel#article\",\"isPartOf\":{\"@id\":\"https:\/\/www.africa-press.net\/niger\/politique\/a-niamey-le-president-mohamed-bazoum-sentretient-avec-les-ministres-charges-de-la-defense-des-pays-du-g5-sahel\"},\"author\":{\"name\":\"cfeditorfr\",\"@id\":\"https:\/\/www.africa-press.net\/niger\/#\/schema\/person\/2b1cf3cd81a31e3cd26889ca66d677f1\"},\"headline\":\"A Niamey, le Pr\u00e9sident Mohamed Bazoum s\u2019entretient avec les Ministres charg\u00e9s de la d\u00e9fense des pays du G5 Sahel\",\"datePublished\":\"2021-09-01T13:39:20+00:00\",\"mainEntityOfPage\":{\"@id\":\"https:\/\/www.africa-press.net\/niger\/politique\/a-niamey-le-president-mohamed-bazoum-sentretient-avec-les-ministres-charges-de-la-defense-des-pays-du-g5-sahel\"},\"wordCount\":242,\"commentCount\":0,\"image\":{\"@id\":\"https:\/\/www.africa-press.net\/niger\/politique\/a-niamey-le-president-mohamed-bazoum-sentretient-avec-les-ministres-charges-de-la-defense-des-pays-du-g5-sahel#primaryimage\"},\"thumbnailUrl\":\"https:\/\/static.africa-press.net\/niger\/sites\/40\/2021\/09\/img-612f7cdbc45b4.jpg\",\"keywords\":[\"Africa Press\",\"Africa Press-Niger\",\"Niger\"],\"articleSection\":[\"homepage-french\",\"Politique\",\"Toutes les actualit\u00e9s\"],\"inLanguage\":\"fr-FR\",\"potentialAction\":[{\"@type\":\"CommentAction\",\"name\":\"Comment\",\"target\":[\"https:\/\/www.africa-press.net\/niger\/politique\/a-niamey-le-president-mohamed-bazoum-sentretient-avec-les-ministres-charges-de-la-defense-des-pays-du-g5-sahel#respond\"]}]},{\"@type\":\"WebPage\",\"@id\":\"https:\/\/www.africa-press.net\/niger\/politique\/a-niamey-le-president-mohamed-bazoum-sentretient-avec-les-ministres-charges-de-la-defense-des-pays-du-g5-sahel\",\"url\":\"https:\/\/www.africa-press.net\/niger\/politique\/a-niamey-le-president-mohamed-bazoum-sentretient-avec-les-ministres-charges-de-la-defense-des-pays-du-g5-sahel\",\"name\":\"A Niamey, le Pr\u00e9sident Mohamed Bazoum s\u2019entretient avec les Ministres charg\u00e9s de la d\u00e9fense des pays du G5 Sahel - niger\",\"isPartOf\":{\"@id\":\"https:\/\/www.africa-press.net\/niger\/#website\"},\"primaryImageOfPage\":{\"@id\":\"https:\/\/www.africa-press.net\/niger\/politique\/a-niamey-le-president-mohamed-bazoum-sentretient-avec-les-ministres-charges-de-la-defense-des-pays-du-g5-sahel#primaryimage\"},\"image\":{\"@id\":\"https:\/\/www.africa-press.net\/niger\/politique\/a-niamey-le-president-mohamed-bazoum-sentretient-avec-les-ministres-charges-de-la-defense-des-pays-du-g5-sahel#primaryimage\"},\"thumbnailUrl\":\"https:\/\/static.africa-press.net\/niger\/sites\/40\/2021\/09\/img-612f7cdbc45b4.jpg\",\"datePublished\":\"2021-09-01T13:39:20+00:00\",\"author\":{\"@id\":\"https:\/\/www.africa-press.net\/niger\/#\/schema\/person\/2b1cf3cd81a31e3cd26889ca66d677f1\"},\"description\":\", 31 Ao\u00fbt (ANP) - Le Pr\u00e9sident de la R\u00e9publique du Niger Mohamed Bazoum a re\u00e7u, ce mardi 31 Ao\u00fbt 2021, les ministres en ...\",\"breadcrumb\":{\"@id\":\"https:\/\/www.africa-press.net\/niger\/politique\/a-niamey-le-president-mohamed-bazoum-sentretient-avec-les-ministres-charges-de-la-defense-des-pays-du-g5-sahel#breadcrumb\"},\"inLanguage\":\"fr-FR\",\"potentialAction\":[{\"@type\":\"ReadAction\",\"target\":[\"https:\/\/www.africa-press.net\/niger\/politique\/a-niamey-le-president-mohamed-bazoum-sentretient-avec-les-ministres-charges-de-la-defense-des-pays-du-g5-sahel\"]}]},{\"@type\":\"ImageObject\",\"inLanguage\":\"fr-FR\",\"@id\":\"https:\/\/www.africa-press.net\/niger\/politique\/a-niamey-le-president-mohamed-bazoum-sentretient-avec-les-ministres-charges-de-la-defense-des-pays-du-g5-sahel#primaryimage\",\"url\":\"https:\/\/static.africa-press.net\/niger\/sites\/40\/2021\/09\/img-612f7cdbc45b4.jpg\",\"contentUrl\":\"https:\/\/static.africa-press.net\/niger\/sites\/40\/2021\/09\/img-612f7cdbc45b4.jpg\",\"width\":720,\"height\":540,\"caption\":\"A Niamey, le Pr\u00e9sident Mohamed Bazoum s\u2019entretient avec les Ministres charg\u00e9s de la d\u00e9fense des pays du G5 Sahel\"},{\"@type\":\"BreadcrumbList\",\"@id\":\"https:\/\/www.africa-press.net\/niger\/politique\/a-niamey-le-president-mohamed-bazoum-sentretient-avec-les-ministres-charges-de-la-defense-des-pays-du-g5-sahel#breadcrumb\",\"itemListElement\":[{\"@type\":\"ListItem\",\"position\":1,\"name\":\"Accueil\",\"item\":\"https:\/\/www.africa-press.net\/niger\/\"},{\"@type\":\"ListItem\",\"position\":2,\"name\":\"A Niamey, le Pr\u00e9sident Mohamed Bazoum s\u2019entretient avec les Ministres charg\u00e9s de la d\u00e9fense des pays du G5 Sahel\"}]},{\"@type\":\"WebSite\",\"@id\":\"https:\/\/www.africa-press.net\/niger\/#website\",\"url\":\"https:\/\/www.africa-press.net\/niger\/\",\"name\":\"niger\",\"description\":\"Just another Africa News Agency Sites site\",\"potentialAction\":[{\"@type\":\"SearchAction\",\"target\":{\"@type\":\"EntryPoint\",\"urlTemplate\":\"https:\/\/www.africa-press.net\/niger\/?s={search_term_string}\"},\"query-input\":{\"@type\":\"PropertyValueSpecification\",\"valueRequired\":true,\"valueName\":\"search_term_string\"}}],\"inLanguage\":\"fr-FR\"},{\"@type\":\"Person\",\"@id\":\"https:\/\/www.africa-press.net\/niger\/#\/schema\/person\/2b1cf3cd81a31e3cd26889ca66d677f1\",\"name\":\"cfeditorfr\"}]}<\/script>\n<!-- \/ Yoast SEO Premium plugin. -->","yoast_head_json":{"title":"A Niamey, le Pr\u00e9sident Mohamed Bazoum s\u2019entretient avec les Ministres charg\u00e9s de la d\u00e9fense des pays du G5 Sahel - niger","description":", 31 Ao\u00fbt (ANP) - Le Pr\u00e9sident de la R\u00e9publique du Niger Mohamed Bazoum a re\u00e7u, ce mardi 31 Ao\u00fbt 2021, les ministres en ...","robots":{"index":"index","follow":"follow","max-snippet":"max-snippet:-1","max-image-preview":"max-image-preview:large","max-video-preview":"max-video-preview:-1"},"canonical":"https:\/\/www.africa-press.net\/niger\/politique\/a-niamey-le-president-mohamed-bazoum-sentretient-avec-les-ministres-charges-de-la-defense-des-pays-du-g5-sahel","og_locale":"fr_FR","og_type":"article","og_title":"A Niamey, le Pr\u00e9sident Mohamed Bazoum s\u2019entretient avec les Ministres charg\u00e9s de la d\u00e9fense des pays du G5 Sahel","og_description":", 31 Ao\u00fbt (ANP) - Le Pr\u00e9sident de la R\u00e9publique du Niger Mohamed Bazoum a re\u00e7u, ce mardi 31 Ao\u00fbt 2021, les ministres en ...","og_url":"https:\/\/www.africa-press.net\/niger\/politique\/a-niamey-le-president-mohamed-bazoum-sentretient-avec-les-ministres-charges-de-la-defense-des-pays-du-g5-sahel","og_site_name":"niger","article_published_time":"2021-09-01T13:39:20+00:00","og_image":[{"width":720,"height":540,"url":"https:\/\/static.africa-press.net\/niger\/sites\/40\/2021\/09\/img-612f7cdbc45b4.jpg","type":"image\/jpeg"}],"author":"cfeditorfr","twitter_card":"summary_large_image","twitter_misc":{"\u00c9crit par":"cfeditorfr","Dur\u00e9e de lecture estim\u00e9e":"1 minute"},"schema":{"@context":"https:\/\/schema.org","@graph":[{"@type":"Article","@id":"https:\/\/www.africa-press.net\/niger\/politique\/a-niamey-le-president-mohamed-bazoum-sentretient-avec-les-ministres-charges-de-la-defense-des-pays-du-g5-sahel#article","isPartOf":{"@id":"https:\/\/www.africa-press.net\/niger\/politique\/a-niamey-le-president-mohamed-bazoum-sentretient-avec-les-ministres-charges-de-la-defense-des-pays-du-g5-sahel"},"author":{"name":"cfeditorfr","@id":"https:\/\/www.africa-press.net\/niger\/#\/schema\/person\/2b1cf3cd81a31e3cd26889ca66d677f1"},"headline":"A Niamey, le Pr\u00e9sident Mohamed Bazoum s\u2019entretient avec les Ministres charg\u00e9s de la d\u00e9fense des pays du G5 Sahel","datePublished":"2021-09-01T13:39:20+00:00","mainEntityOfPage":{"@id":"https:\/\/www.africa-press.net\/niger\/politique\/a-niamey-le-president-mohamed-bazoum-sentretient-avec-les-ministres-charges-de-la-defense-des-pays-du-g5-sahel"},"wordCount":242,"commentCount":0,"image":{"@id":"https:\/\/www.africa-press.net\/niger\/politique\/a-niamey-le-president-mohamed-bazoum-sentretient-avec-les-ministres-charges-de-la-defense-des-pays-du-g5-sahel#primaryimage"},"thumbnailUrl":"https:\/\/static.africa-press.net\/niger\/sites\/40\/2021\/09\/img-612f7cdbc45b4.jpg","keywords":["Africa Press","Africa Press-Niger","Niger"],"articleSection":["homepage-french","Politique","Toutes les actualit\u00e9s"],"inLanguage":"fr-FR","potentialAction":[{"@type":"CommentAction","name":"Comment","target":["https:\/\/www.africa-press.net\/niger\/politique\/a-niamey-le-president-mohamed-bazoum-sentretient-avec-les-ministres-charges-de-la-defense-des-pays-du-g5-sahel#respond"]}]},{"@type":"WebPage","@id":"https:\/\/www.africa-press.net\/niger\/politique\/a-niamey-le-president-mohamed-bazoum-sentretient-avec-les-ministres-charges-de-la-defense-des-pays-du-g5-sahel","url":"https:\/\/www.africa-press.net\/niger\/politique\/a-niamey-le-president-mohamed-bazoum-sentretient-avec-les-ministres-charges-de-la-defense-des-pays-du-g5-sahel","name":"A Niamey, le Pr\u00e9sident Mohamed Bazoum s\u2019entretient avec les Ministres charg\u00e9s de la d\u00e9fense des pays du G5 Sahel - niger","isPartOf":{"@id":"https:\/\/www.africa-press.net\/niger\/#website"},"primaryImageOfPage":{"@id":"https:\/\/www.africa-press.net\/niger\/politique\/a-niamey-le-president-mohamed-bazoum-sentretient-avec-les-ministres-charges-de-la-defense-des-pays-du-g5-sahel#primaryimage"},"image":{"@id":"https:\/\/www.africa-press.net\/niger\/politique\/a-niamey-le-president-mohamed-bazoum-sentretient-avec-les-ministres-charges-de-la-defense-des-pays-du-g5-sahel#primaryimage"},"thumbnailUrl":"https:\/\/static.africa-press.net\/niger\/sites\/40\/2021\/09\/img-612f7cdbc45b4.jpg","datePublished":"2021-09-01T13:39:20+00:00","author":{"@id":"https:\/\/www.africa-press.net\/niger\/#\/schema\/person\/2b1cf3cd81a31e3cd26889ca66d677f1"},"description":", 31 Ao\u00fbt (ANP) - Le Pr\u00e9sident de la R\u00e9publique du Niger Mohamed Bazoum a re\u00e7u, ce mardi 31 Ao\u00fbt 2021, les ministres en ...","breadcrumb":{"@id":"https:\/\/www.africa-press.net\/niger\/politique\/a-niamey-le-president-mohamed-bazoum-sentretient-avec-les-ministres-charges-de-la-defense-des-pays-du-g5-sahel#breadcrumb"},"inLanguage":"fr-FR","potentialAction":[{"@type":"ReadAction","target":["https:\/\/www.africa-press.net\/niger\/politique\/a-niamey-le-president-mohamed-bazoum-sentretient-avec-les-ministres-charges-de-la-defense-des-pays-du-g5-sahel"]}]},{"@type":"ImageObject","inLanguage":"fr-FR","@id":"https:\/\/www.africa-press.net\/niger\/politique\/a-niamey-le-president-mohamed-bazoum-sentretient-avec-les-ministres-charges-de-la-defense-des-pays-du-g5-sahel#primaryimage","url":"https:\/\/static.africa-press.net\/niger\/sites\/40\/2021\/09\/img-612f7cdbc45b4.jpg","contentUrl":"https:\/\/static.africa-press.net\/niger\/sites\/40\/2021\/09\/img-612f7cdbc45b4.jpg","width":720,"height":540,"caption":"A Niamey, le Pr\u00e9sident Mohamed Bazoum s\u2019entretient avec les Ministres charg\u00e9s de la d\u00e9fense des pays du G5 Sahel"},{"@type":"BreadcrumbList","@id":"https:\/\/www.africa-press.net\/niger\/politique\/a-niamey-le-president-mohamed-bazoum-sentretient-avec-les-ministres-charges-de-la-defense-des-pays-du-g5-sahel#breadcrumb","itemListElement":[{"@type":"ListItem","position":1,"name":"Accueil","item":"https:\/\/www.africa-press.net\/niger\/"},{"@type":"ListItem","position":2,"name":"A Niamey, le Pr\u00e9sident Mohamed Bazoum s\u2019entretient avec les Ministres charg\u00e9s de la d\u00e9fense des pays du G5 Sahel"}]},{"@type":"WebSite","@id":"https:\/\/www.africa-press.net\/niger\/#website","url":"https:\/\/www.africa-press.net\/niger\/","name":"niger","description":"Just another Africa News Agency Sites site","potentialAction":[{"@type":"SearchAction","target":{"@type":"EntryPoint","urlTemplate":"https:\/\/www.africa-press.net\/niger\/?s={search_term_string}"},"query-input":{"@type":"PropertyValueSpecification","valueRequired":true,"valueName":"search_term_string"}}],"inLanguage":"fr-FR"},{"@type":"Person","@id":"https:\/\/www.africa-press.net\/niger\/#\/schema\/person\/2b1cf3cd81a31e3cd26889ca66d677f1","name":"cfeditorfr"}]}},"_links":{"self":[{"href":"https:\/\/www.africa-press.net\/niger\/wp-json\/wp\/v2\/posts\/11016","targetHints":{"allow":["GET"]}}],"collection":[{"href":"https:\/\/www.africa-press.net\/niger\/wp-json\/wp\/v2\/posts"}],"about":[{"href":"https:\/\/www.africa-press.net\/niger\/wp-json\/wp\/v2\/types\/post"}],"author":[{"embeddable":true,"href":"https:\/\/www.africa-press.net\/niger\/wp-json\/wp\/v2\/users\/82"}],"replies":[{"embeddable":true,"href":"https:\/\/www.africa-press.net\/niger\/wp-json\/wp\/v2\/comments?post=11016"}],"version-history":[{"count":0,"href":"https:\/\/www.africa-press.net\/niger\/wp-json\/wp\/v2\/posts\/11016\/revisions"}],"wp:featuredmedia":[{"embeddable":true,"href":"https:\/\/www.africa-press.net\/niger\/wp-json\/wp\/v2\/media\/11015"}],"wp:attachment":[{"href":"https:\/\/www.africa-press.net\/niger\/wp-json\/wp\/v2\/media?parent=11016"}],"wp:term":[{"taxonomy":"category","embeddable":true,"href":"https:\/\/www.africa-press.net\/niger\/wp-json\/wp\/v2\/categories?post=11016"},{"taxonomy":"post_tag","embeddable":true,"href":"https:\/\/www.africa-press.net\/niger\/wp-json\/wp\/v2\/tags?post=11016"}],"curies":[{"name":"wp","href":"https:\/\/api.w.org\/{rel}","templated":true}]}}