{"id":11034,"date":"2021-09-01T14:24:03","date_gmt":"2021-09-01T14:24:03","guid":{"rendered":"https:\/\/www.africa-press.net\/niger\/?p=11034"},"modified":"2021-09-01T13:20:26","modified_gmt":"2021-09-01T13:20:26","slug":"atelier-de-formation-haut-commissariat-a-la-modernisation-de-letat-renforcer-les-capacites-des-personnes-vivant-avec-un-handicap","status":"publish","type":"post","link":"https:\/\/www.africa-press.net\/niger\/toutes-les-actualites\/atelier-de-formation-haut-commissariat-a-la-modernisation-de-letat-renforcer-les-capacites-des-personnes-vivant-avec-un-handicap","title":{"rendered":"Atelier de formation Haut Commissariat \u00e0 la Modernisation de l\u2019Etat : Renforcer les capacit\u00e9s des personnes vivant avec un handicap"},"content":{"rendered":"<p><span style=\"color: #ff6600\"><strong><a href=\"https:\/\/www.africa-press.net\/\">Africa-Press<\/a> &#8211; <a href=\"https:\/\/www.africa-press.net\/niger\">Niger<\/a>. <\/strong><\/span>Le Haut Commissariat \u00e0 la Modernisation de l\u2019Etat a organis\u00e9 hier matin un atelier en vue de renforcer les capacit\u00e9s des personnes vivants avec un handicap. Cet atelier de trois jours a pour objectif principal de raffermir l\u2019esprit citoyen des personnes handicap\u00e9es et les sensibiliser afin d\u2019\u00eatre des vrais acteurs du d\u00e9veloppement. Aussi, ils percevront l\u2019int\u00e9r\u00eat de la participation \u00e0 la vie publique et le contenu des institutions administratives et politiques. Plusieurs th\u00e9matiques portant sur la connaissance des institutions administratives et politiques du Niger, le plaidoyer et le leadership et enfin l\u2019autonomisation des personnes handicap\u00e9es seront abord\u00e9es lors de cette session. C\u2019est le directeur de l\u2019action sociale au Minist\u00e8re de la Sant\u00e9 publique, de la Population et des Affaires sociales (MSP\/P\/AS), M. Ibrahim Moussa qui a pr\u00e9sid\u00e9 la c\u00e9r\u00e9monie d\u2019ouverture des travaux.<\/p>\n<p>Le Directeur de l\u2019action sociale MSP\/P\/AS a d\u00e9clar\u00e9 que les personnes vivants avec un handicap constituent une frange importante de la population qui a tr\u00e8s peu b\u00e9n\u00e9fici\u00e9 de toute l\u2019attention requise et n\u00e9cessaire pour une meilleure participation au processus de d\u00e9veloppement du pays. Ce qui,a-t-il notifi\u00e9, limite consid\u00e9rablement les conditions pour cette frange de la population de s\u2019affirmer et de d\u00e9fendre ses int\u00e9r\u00eats dans la gestion des affaires publiques. C\u2019est donc dans l\u2019optique de leur permettre de jouer pleinement leurs r\u00f4les et de bien les pr\u00e9parer \u00e0 affronter l\u2019avenir que le HCME, en collaboration avec le MSP\/P\/AS a organis\u00e9 cette premi\u00e8re action de renforcement des capacit\u00e9s de<\/p>\n<p>personnes vivant avec un handicap.<\/p>\n<p>Pour M. Ibrahim Moussa, ces \u00e9changes contribueront \u00e0 l\u2019am\u00e9lioration de la culture citoyenne des personnes handicap\u00e9es de la ville de Niamey de plus en plus pr\u00e9sents sur la sc\u00e8ne politique, ce qui est une chose \u00e0 encourager. En effet, la participation de ces personnes \u00e0 la vie politique conduit non seulement au renforcement de la d\u00e9mocratie, mais aussi \u00e0 une plus grande inclusion sociale. A cet \u00e9gard, a dit M. Ibrahim Moussa, \u00abil est important de souligner que personne n\u2019est responsable de son handicap, il est inh\u00e9rent \u00e0 la vie puisqu\u2019il fait partie du destin de l\u2019\u00eatre humain sur terre\u00bb. Le Directeur de l\u2019action sociale a exhort\u00e9 les<\/p>\n<p>participants \u00e0 \u00eatre attentifs mais surtout \u00e0 poser toutes les questions de nature \u00e0 faciliter l\u2019appropriation de ce qui sera d\u00e9roul\u00e9 pendant les trois jours.<\/p>\n<p>Pour sa part, le directeur des renforcements des capacit\u00e9s au HCME, M. Samaila Dan Bouzou, a confi\u00e9 que son institution a en consid\u00e9ration deux cibles importantes \u00e0 savoir: les jeunes qui constituent l\u2019avenir du pays et les personnes vivants avec un handicap. \u00abEt ces deux cibles sont hautement consid\u00e9r\u00e9s par le HCME dans ses actions de renforcement de capacit\u00e9s\u00bb, a-t-il pr\u00e9cis\u00e9. Ainsi, en ce qui concerne les th\u00e9matiques, M. Samaila Dan Bouzou a expliqu\u00e9 que ce choix va dans le sens d\u2019apporter une assistance aux personnes handicap\u00e9es.<\/p>\n<p>Pour le pr\u00e9sident de la F\u00e9d\u00e9ration nig\u00e9rienne des personnes handicap\u00e9es, M. Siddo Nouhou Oumarou, cette initiative qui sort du commun traduit la volont\u00e9 des autorit\u00e9s \u00e0 prendre en compte les personnes handicap\u00e9es dans toutes les politiques et organisations du Niger. Il a \u00e0 cet effet salu\u00e9 toutes les actions entreprises en faveur des personnes vivant avec un handicap en particulier a-t-il soulign\u00e9 l\u2019adoption, par le Pr\u00e9sident de la R\u00e9publique, du d\u00e9cret portant application de la loi 2019-62 du 10 d\u00e9cembre 2019. Ce d\u00e9cret marque un nouveau tournant dans le d\u00e9veloppement et l\u2019am\u00e9lioration des conditions de vie des personnes handicap\u00e9es. Cette formation, a dit le pr\u00e9sident de la f\u00e9d\u00e9ration nig\u00e9rienne des personnes handicap\u00e9es, est donc d\u2019une importance capitale pour les organisations des personnes handicap\u00e9es car permettant de renforcer leurs capacit\u00e9s \u00e0 mieux diriger leur plaidoyer dans le futur.<\/p>\n<p>Participant \u00e0 la formation, le SGA de ladite f\u00e9d\u00e9ration M. Mahamadou Oumarou s\u2019est r\u00e9joui de cette initiative qui va apporter un plus dans leur vie. Relativement aux diff\u00e9rentes th\u00e9matiques, il a reconnu que ce sont des th\u00e8mes tr\u00e8s importants. Par exemple a-t-il expliqu\u00e9, la th\u00e9matique de l\u2019organisation administrative et politique va certainement renforcer les capacit\u00e9s des personnes handicap\u00e9es sur la mani\u00e8re de participer \u00e0 la vie publique et politique du Niger. S\u2019agissant de la formation en leadership et plaidoyer cela va permettre selon lui d\u2019affronter le d\u00e9fi qui consiste \u00e0 faire le plaidoyer pour l\u2019adoption des lois, des politiques ou des programmes de d\u00e9veloppement en faveur des personnes handicap\u00e9es.<\/p>\n<p>Et enfin sur la question de l\u2019autonomisation des personnes handicap\u00e9es, M. Mahamadou Oumarou a rappel\u00e9 les actions men\u00e9es par le gouvernement en vue de lutter contre la mendicit\u00e9. Il a fait savoir \u00e0 ce propos leur souhait de voir la mise en place des mesures de protection sociale qui sont indissociables d\u2019avec la question de l\u2019autonomisation des personnes handicap\u00e9es.<\/p>\n<p><b>Rahila Tagou(onep)<\/b><\/p>\n","protected":false},"excerpt":{"rendered":"<p>Africa-Press &#8211; Niger. Le Haut Commissariat \u00e0 la Modernisation de l\u2019Etat a organis\u00e9 hier matin un atelier en vue de renforcer les capacit\u00e9s des personnes vivants avec un handicap. Cet atelier de trois jours a pour objectif principal de raffermir l\u2019esprit citoyen des personnes handicap\u00e9es et les sensibiliser afin d\u2019\u00eatre des vrais acteurs du d\u00e9veloppement. [&hellip;]<\/p>\n","protected":false},"author":82,"featured_media":11033,"comment_status":"open","ping_status":"closed","sticky":false,"template":"","format":"standard","meta":{"footnotes":""},"categories":[21,11,20,10],"tags":[55,60,29],"class_list":["post-11034","post","type-post","status-publish","format-standard","has-post-thumbnail","hentry","category-communaute","category-homepage-french","category-top-nouvelles","category-toutes-les-actualites","tag-africa-press","tag-africa-press-niger","tag-niger"],"yoast_head":"<!-- This site is optimized with the Yoast SEO Premium plugin v26.1 (Yoast SEO v27.0) - https:\/\/yoast.com\/product\/yoast-seo-premium-wordpress\/ -->\n<title>Atelier de formation Haut Commissariat \u00e0 la Modernisation de l\u2019Etat : Renforcer les capacit\u00e9s des personnes vivant avec un handicap - niger<\/title>\n<meta name=\"description\" content=\"\ufeffLe Haut Commissariat \u00e0 la Modernisation de l\u2019Etat a organis\u00e9 hier matin un atelier en vue de renforcer les capacit\u00e9s de ...\" \/>\n<meta name=\"robots\" content=\"index, follow, max-snippet:-1, max-image-preview:large, max-video-preview:-1\" \/>\n<link rel=\"canonical\" href=\"https:\/\/www.africa-press.net\/niger\/toutes-les-actualites\/atelier-de-formation-haut-commissariat-a-la-modernisation-de-letat-renforcer-les-capacites-des-personnes-vivant-avec-un-handicap\" \/>\n<meta property=\"og:locale\" content=\"fr_FR\" \/>\n<meta property=\"og:type\" content=\"article\" \/>\n<meta property=\"og:title\" content=\"Atelier de formation Haut Commissariat \u00e0 la Modernisation de l\u2019Etat : Renforcer les capacit\u00e9s des personnes vivant avec un handicap\" \/>\n<meta property=\"og:description\" content=\"\ufeffLe Haut Commissariat \u00e0 la Modernisation de l\u2019Etat a organis\u00e9 hier matin un atelier en vue de renforcer les capacit\u00e9s de ...\" \/>\n<meta property=\"og:url\" content=\"https:\/\/www.africa-press.net\/niger\/toutes-les-actualites\/atelier-de-formation-haut-commissariat-a-la-modernisation-de-letat-renforcer-les-capacites-des-personnes-vivant-avec-un-handicap\" \/>\n<meta property=\"og:site_name\" content=\"niger\" \/>\n<meta property=\"article:published_time\" content=\"2021-09-01T14:24:03+00:00\" \/>\n<meta property=\"og:image\" content=\"https:\/\/static.africa-press.net\/niger\/sites\/40\/2021\/09\/img-612f7df6a79dc.jpg\" \/>\n\t<meta property=\"og:image:width\" content=\"720\" \/>\n\t<meta property=\"og:image:height\" content=\"372\" \/>\n\t<meta property=\"og:image:type\" content=\"image\/jpeg\" \/>\n<meta name=\"author\" content=\"cfeditorfr\" \/>\n<meta name=\"twitter:card\" content=\"summary_large_image\" \/>\n<meta name=\"twitter:label1\" content=\"\u00c9crit par\" \/>\n\t<meta name=\"twitter:data1\" content=\"cfeditorfr\" \/>\n\t<meta name=\"twitter:label2\" content=\"Dur\u00e9e de lecture estim\u00e9e\" \/>\n\t<meta name=\"twitter:data2\" content=\"4 minutes\" \/>\n<script type=\"application\/ld+json\" class=\"yoast-schema-graph\">{\"@context\":\"https:\/\/schema.org\",\"@graph\":[{\"@type\":\"Article\",\"@id\":\"https:\/\/www.africa-press.net\/niger\/toutes-les-actualites\/atelier-de-formation-haut-commissariat-a-la-modernisation-de-letat-renforcer-les-capacites-des-personnes-vivant-avec-un-handicap#article\",\"isPartOf\":{\"@id\":\"https:\/\/www.africa-press.net\/niger\/toutes-les-actualites\/atelier-de-formation-haut-commissariat-a-la-modernisation-de-letat-renforcer-les-capacites-des-personnes-vivant-avec-un-handicap\"},\"author\":{\"name\":\"cfeditorfr\",\"@id\":\"https:\/\/www.africa-press.net\/niger\/#\/schema\/person\/2b1cf3cd81a31e3cd26889ca66d677f1\"},\"headline\":\"Atelier de formation Haut Commissariat \u00e0 la Modernisation de l\u2019Etat : Renforcer les capacit\u00e9s des personnes vivant avec un handicap\",\"datePublished\":\"2021-09-01T14:24:03+00:00\",\"mainEntityOfPage\":{\"@id\":\"https:\/\/www.africa-press.net\/niger\/toutes-les-actualites\/atelier-de-formation-haut-commissariat-a-la-modernisation-de-letat-renforcer-les-capacites-des-personnes-vivant-avec-un-handicap\"},\"wordCount\":894,\"commentCount\":0,\"image\":{\"@id\":\"https:\/\/www.africa-press.net\/niger\/toutes-les-actualites\/atelier-de-formation-haut-commissariat-a-la-modernisation-de-letat-renforcer-les-capacites-des-personnes-vivant-avec-un-handicap#primaryimage\"},\"thumbnailUrl\":\"https:\/\/static.africa-press.net\/niger\/sites\/40\/2021\/09\/img-612f7df6a79dc.jpg\",\"keywords\":[\"Africa Press\",\"Africa Press-Niger\",\"Niger\"],\"articleSection\":[\"Communaut\u00e9\",\"homepage-french\",\"Top Nouvelles\",\"Toutes les actualit\u00e9s\"],\"inLanguage\":\"fr-FR\",\"potentialAction\":[{\"@type\":\"CommentAction\",\"name\":\"Comment\",\"target\":[\"https:\/\/www.africa-press.net\/niger\/toutes-les-actualites\/atelier-de-formation-haut-commissariat-a-la-modernisation-de-letat-renforcer-les-capacites-des-personnes-vivant-avec-un-handicap#respond\"]}]},{\"@type\":\"WebPage\",\"@id\":\"https:\/\/www.africa-press.net\/niger\/toutes-les-actualites\/atelier-de-formation-haut-commissariat-a-la-modernisation-de-letat-renforcer-les-capacites-des-personnes-vivant-avec-un-handicap\",\"url\":\"https:\/\/www.africa-press.net\/niger\/toutes-les-actualites\/atelier-de-formation-haut-commissariat-a-la-modernisation-de-letat-renforcer-les-capacites-des-personnes-vivant-avec-un-handicap\",\"name\":\"Atelier de formation Haut Commissariat \u00e0 la Modernisation de l\u2019Etat : Renforcer les capacit\u00e9s des personnes vivant avec un handicap - niger\",\"isPartOf\":{\"@id\":\"https:\/\/www.africa-press.net\/niger\/#website\"},\"primaryImageOfPage\":{\"@id\":\"https:\/\/www.africa-press.net\/niger\/toutes-les-actualites\/atelier-de-formation-haut-commissariat-a-la-modernisation-de-letat-renforcer-les-capacites-des-personnes-vivant-avec-un-handicap#primaryimage\"},\"image\":{\"@id\":\"https:\/\/www.africa-press.net\/niger\/toutes-les-actualites\/atelier-de-formation-haut-commissariat-a-la-modernisation-de-letat-renforcer-les-capacites-des-personnes-vivant-avec-un-handicap#primaryimage\"},\"thumbnailUrl\":\"https:\/\/static.africa-press.net\/niger\/sites\/40\/2021\/09\/img-612f7df6a79dc.jpg\",\"datePublished\":\"2021-09-01T14:24:03+00:00\",\"author\":{\"@id\":\"https:\/\/www.africa-press.net\/niger\/#\/schema\/person\/2b1cf3cd81a31e3cd26889ca66d677f1\"},\"description\":\"\ufeffLe Haut Commissariat \u00e0 la Modernisation de l\u2019Etat a organis\u00e9 hier matin un atelier en vue de renforcer les capacit\u00e9s de ...\",\"breadcrumb\":{\"@id\":\"https:\/\/www.africa-press.net\/niger\/toutes-les-actualites\/atelier-de-formation-haut-commissariat-a-la-modernisation-de-letat-renforcer-les-capacites-des-personnes-vivant-avec-un-handicap#breadcrumb\"},\"inLanguage\":\"fr-FR\",\"potentialAction\":[{\"@type\":\"ReadAction\",\"target\":[\"https:\/\/www.africa-press.net\/niger\/toutes-les-actualites\/atelier-de-formation-haut-commissariat-a-la-modernisation-de-letat-renforcer-les-capacites-des-personnes-vivant-avec-un-handicap\"]}]},{\"@type\":\"ImageObject\",\"inLanguage\":\"fr-FR\",\"@id\":\"https:\/\/www.africa-press.net\/niger\/toutes-les-actualites\/atelier-de-formation-haut-commissariat-a-la-modernisation-de-letat-renforcer-les-capacites-des-personnes-vivant-avec-un-handicap#primaryimage\",\"url\":\"https:\/\/static.africa-press.net\/niger\/sites\/40\/2021\/09\/img-612f7df6a79dc.jpg\",\"contentUrl\":\"https:\/\/static.africa-press.net\/niger\/sites\/40\/2021\/09\/img-612f7df6a79dc.jpg\",\"width\":720,\"height\":372,\"caption\":\"Atelier de formation Haut Commissariat \u00e0 la Modernisation de l\u2019Etat : Renforcer les capacit\u00e9s des personnes vivant avec un handicap\"},{\"@type\":\"BreadcrumbList\",\"@id\":\"https:\/\/www.africa-press.net\/niger\/toutes-les-actualites\/atelier-de-formation-haut-commissariat-a-la-modernisation-de-letat-renforcer-les-capacites-des-personnes-vivant-avec-un-handicap#breadcrumb\",\"itemListElement\":[{\"@type\":\"ListItem\",\"position\":1,\"name\":\"Accueil\",\"item\":\"https:\/\/www.africa-press.net\/niger\/\"},{\"@type\":\"ListItem\",\"position\":2,\"name\":\"Atelier de formation Haut Commissariat \u00e0 la Modernisation de l\u2019Etat : Renforcer les capacit\u00e9s des personnes vivant avec un handicap\"}]},{\"@type\":\"WebSite\",\"@id\":\"https:\/\/www.africa-press.net\/niger\/#website\",\"url\":\"https:\/\/www.africa-press.net\/niger\/\",\"name\":\"niger\",\"description\":\"Just another Africa News Agency Sites site\",\"potentialAction\":[{\"@type\":\"SearchAction\",\"target\":{\"@type\":\"EntryPoint\",\"urlTemplate\":\"https:\/\/www.africa-press.net\/niger\/?s={search_term_string}\"},\"query-input\":{\"@type\":\"PropertyValueSpecification\",\"valueRequired\":true,\"valueName\":\"search_term_string\"}}],\"inLanguage\":\"fr-FR\"},{\"@type\":\"Person\",\"@id\":\"https:\/\/www.africa-press.net\/niger\/#\/schema\/person\/2b1cf3cd81a31e3cd26889ca66d677f1\",\"name\":\"cfeditorfr\"}]}<\/script>\n<!-- \/ Yoast SEO Premium plugin. -->","yoast_head_json":{"title":"Atelier de formation Haut Commissariat \u00e0 la Modernisation de l\u2019Etat : Renforcer les capacit\u00e9s des personnes vivant avec un handicap - niger","description":"\ufeffLe Haut Commissariat \u00e0 la Modernisation de l\u2019Etat a organis\u00e9 hier matin un atelier en vue de renforcer les capacit\u00e9s de ...","robots":{"index":"index","follow":"follow","max-snippet":"max-snippet:-1","max-image-preview":"max-image-preview:large","max-video-preview":"max-video-preview:-1"},"canonical":"https:\/\/www.africa-press.net\/niger\/toutes-les-actualites\/atelier-de-formation-haut-commissariat-a-la-modernisation-de-letat-renforcer-les-capacites-des-personnes-vivant-avec-un-handicap","og_locale":"fr_FR","og_type":"article","og_title":"Atelier de formation Haut Commissariat \u00e0 la Modernisation de l\u2019Etat : Renforcer les capacit\u00e9s des personnes vivant avec un handicap","og_description":"\ufeffLe Haut Commissariat \u00e0 la Modernisation de l\u2019Etat a organis\u00e9 hier matin un atelier en vue de renforcer les capacit\u00e9s de ...","og_url":"https:\/\/www.africa-press.net\/niger\/toutes-les-actualites\/atelier-de-formation-haut-commissariat-a-la-modernisation-de-letat-renforcer-les-capacites-des-personnes-vivant-avec-un-handicap","og_site_name":"niger","article_published_time":"2021-09-01T14:24:03+00:00","og_image":[{"width":720,"height":372,"url":"https:\/\/static.africa-press.net\/niger\/sites\/40\/2021\/09\/img-612f7df6a79dc.jpg","type":"image\/jpeg"}],"author":"cfeditorfr","twitter_card":"summary_large_image","twitter_misc":{"\u00c9crit par":"cfeditorfr","Dur\u00e9e de lecture estim\u00e9e":"4 minutes"},"schema":{"@context":"https:\/\/schema.org","@graph":[{"@type":"Article","@id":"https:\/\/www.africa-press.net\/niger\/toutes-les-actualites\/atelier-de-formation-haut-commissariat-a-la-modernisation-de-letat-renforcer-les-capacites-des-personnes-vivant-avec-un-handicap#article","isPartOf":{"@id":"https:\/\/www.africa-press.net\/niger\/toutes-les-actualites\/atelier-de-formation-haut-commissariat-a-la-modernisation-de-letat-renforcer-les-capacites-des-personnes-vivant-avec-un-handicap"},"author":{"name":"cfeditorfr","@id":"https:\/\/www.africa-press.net\/niger\/#\/schema\/person\/2b1cf3cd81a31e3cd26889ca66d677f1"},"headline":"Atelier de formation Haut Commissariat \u00e0 la Modernisation de l\u2019Etat : Renforcer les capacit\u00e9s des personnes vivant avec un handicap","datePublished":"2021-09-01T14:24:03+00:00","mainEntityOfPage":{"@id":"https:\/\/www.africa-press.net\/niger\/toutes-les-actualites\/atelier-de-formation-haut-commissariat-a-la-modernisation-de-letat-renforcer-les-capacites-des-personnes-vivant-avec-un-handicap"},"wordCount":894,"commentCount":0,"image":{"@id":"https:\/\/www.africa-press.net\/niger\/toutes-les-actualites\/atelier-de-formation-haut-commissariat-a-la-modernisation-de-letat-renforcer-les-capacites-des-personnes-vivant-avec-un-handicap#primaryimage"},"thumbnailUrl":"https:\/\/static.africa-press.net\/niger\/sites\/40\/2021\/09\/img-612f7df6a79dc.jpg","keywords":["Africa Press","Africa Press-Niger","Niger"],"articleSection":["Communaut\u00e9","homepage-french","Top Nouvelles","Toutes les actualit\u00e9s"],"inLanguage":"fr-FR","potentialAction":[{"@type":"CommentAction","name":"Comment","target":["https:\/\/www.africa-press.net\/niger\/toutes-les-actualites\/atelier-de-formation-haut-commissariat-a-la-modernisation-de-letat-renforcer-les-capacites-des-personnes-vivant-avec-un-handicap#respond"]}]},{"@type":"WebPage","@id":"https:\/\/www.africa-press.net\/niger\/toutes-les-actualites\/atelier-de-formation-haut-commissariat-a-la-modernisation-de-letat-renforcer-les-capacites-des-personnes-vivant-avec-un-handicap","url":"https:\/\/www.africa-press.net\/niger\/toutes-les-actualites\/atelier-de-formation-haut-commissariat-a-la-modernisation-de-letat-renforcer-les-capacites-des-personnes-vivant-avec-un-handicap","name":"Atelier de formation Haut Commissariat \u00e0 la Modernisation de l\u2019Etat : Renforcer les capacit\u00e9s des personnes vivant avec un handicap - niger","isPartOf":{"@id":"https:\/\/www.africa-press.net\/niger\/#website"},"primaryImageOfPage":{"@id":"https:\/\/www.africa-press.net\/niger\/toutes-les-actualites\/atelier-de-formation-haut-commissariat-a-la-modernisation-de-letat-renforcer-les-capacites-des-personnes-vivant-avec-un-handicap#primaryimage"},"image":{"@id":"https:\/\/www.africa-press.net\/niger\/toutes-les-actualites\/atelier-de-formation-haut-commissariat-a-la-modernisation-de-letat-renforcer-les-capacites-des-personnes-vivant-avec-un-handicap#primaryimage"},"thumbnailUrl":"https:\/\/static.africa-press.net\/niger\/sites\/40\/2021\/09\/img-612f7df6a79dc.jpg","datePublished":"2021-09-01T14:24:03+00:00","author":{"@id":"https:\/\/www.africa-press.net\/niger\/#\/schema\/person\/2b1cf3cd81a31e3cd26889ca66d677f1"},"description":"\ufeffLe Haut Commissariat \u00e0 la Modernisation de l\u2019Etat a organis\u00e9 hier matin un atelier en vue de renforcer les capacit\u00e9s de ...","breadcrumb":{"@id":"https:\/\/www.africa-press.net\/niger\/toutes-les-actualites\/atelier-de-formation-haut-commissariat-a-la-modernisation-de-letat-renforcer-les-capacites-des-personnes-vivant-avec-un-handicap#breadcrumb"},"inLanguage":"fr-FR","potentialAction":[{"@type":"ReadAction","target":["https:\/\/www.africa-press.net\/niger\/toutes-les-actualites\/atelier-de-formation-haut-commissariat-a-la-modernisation-de-letat-renforcer-les-capacites-des-personnes-vivant-avec-un-handicap"]}]},{"@type":"ImageObject","inLanguage":"fr-FR","@id":"https:\/\/www.africa-press.net\/niger\/toutes-les-actualites\/atelier-de-formation-haut-commissariat-a-la-modernisation-de-letat-renforcer-les-capacites-des-personnes-vivant-avec-un-handicap#primaryimage","url":"https:\/\/static.africa-press.net\/niger\/sites\/40\/2021\/09\/img-612f7df6a79dc.jpg","contentUrl":"https:\/\/static.africa-press.net\/niger\/sites\/40\/2021\/09\/img-612f7df6a79dc.jpg","width":720,"height":372,"caption":"Atelier de formation Haut Commissariat \u00e0 la Modernisation de l\u2019Etat : Renforcer les capacit\u00e9s des personnes vivant avec un handicap"},{"@type":"BreadcrumbList","@id":"https:\/\/www.africa-press.net\/niger\/toutes-les-actualites\/atelier-de-formation-haut-commissariat-a-la-modernisation-de-letat-renforcer-les-capacites-des-personnes-vivant-avec-un-handicap#breadcrumb","itemListElement":[{"@type":"ListItem","position":1,"name":"Accueil","item":"https:\/\/www.africa-press.net\/niger\/"},{"@type":"ListItem","position":2,"name":"Atelier de formation Haut Commissariat \u00e0 la Modernisation de l\u2019Etat : Renforcer les capacit\u00e9s des personnes vivant avec un handicap"}]},{"@type":"WebSite","@id":"https:\/\/www.africa-press.net\/niger\/#website","url":"https:\/\/www.africa-press.net\/niger\/","name":"niger","description":"Just another Africa News Agency Sites site","potentialAction":[{"@type":"SearchAction","target":{"@type":"EntryPoint","urlTemplate":"https:\/\/www.africa-press.net\/niger\/?s={search_term_string}"},"query-input":{"@type":"PropertyValueSpecification","valueRequired":true,"valueName":"search_term_string"}}],"inLanguage":"fr-FR"},{"@type":"Person","@id":"https:\/\/www.africa-press.net\/niger\/#\/schema\/person\/2b1cf3cd81a31e3cd26889ca66d677f1","name":"cfeditorfr"}]}},"_links":{"self":[{"href":"https:\/\/www.africa-press.net\/niger\/wp-json\/wp\/v2\/posts\/11034","targetHints":{"allow":["GET"]}}],"collection":[{"href":"https:\/\/www.africa-press.net\/niger\/wp-json\/wp\/v2\/posts"}],"about":[{"href":"https:\/\/www.africa-press.net\/niger\/wp-json\/wp\/v2\/types\/post"}],"author":[{"embeddable":true,"href":"https:\/\/www.africa-press.net\/niger\/wp-json\/wp\/v2\/users\/82"}],"replies":[{"embeddable":true,"href":"https:\/\/www.africa-press.net\/niger\/wp-json\/wp\/v2\/comments?post=11034"}],"version-history":[{"count":0,"href":"https:\/\/www.africa-press.net\/niger\/wp-json\/wp\/v2\/posts\/11034\/revisions"}],"wp:featuredmedia":[{"embeddable":true,"href":"https:\/\/www.africa-press.net\/niger\/wp-json\/wp\/v2\/media\/11033"}],"wp:attachment":[{"href":"https:\/\/www.africa-press.net\/niger\/wp-json\/wp\/v2\/media?parent=11034"}],"wp:term":[{"taxonomy":"category","embeddable":true,"href":"https:\/\/www.africa-press.net\/niger\/wp-json\/wp\/v2\/categories?post=11034"},{"taxonomy":"post_tag","embeddable":true,"href":"https:\/\/www.africa-press.net\/niger\/wp-json\/wp\/v2\/tags?post=11034"}],"curies":[{"name":"wp","href":"https:\/\/api.w.org\/{rel}","templated":true}]}}