{"id":11037,"date":"2021-09-01T14:33:50","date_gmt":"2021-09-01T14:33:50","guid":{"rendered":"https:\/\/www.africa-press.net\/niger\/?p=11037"},"modified":"2021-09-01T13:21:12","modified_gmt":"2021-09-01T13:21:12","slug":"fin-de-la-session-ordinaire-du-parlement-des-jeunes-de-lannee-2021-a-maradi-les-deputes-juniors-expriment-leur-reconnaissance-au-parlement-et-aux-cadres-nationaux-et-regionaux-pour-la-quali","status":"publish","type":"post","link":"https:\/\/www.africa-press.net\/niger\/politique\/fin-de-la-session-ordinaire-du-parlement-des-jeunes-de-lannee-2021-a-maradi-les-deputes-juniors-expriment-leur-reconnaissance-au-parlement-et-aux-cadres-nationaux-et-regionaux-pour-la-quali","title":{"rendered":"Fin de la session ordinaire du parlement des Jeunes de l\u2019ann\u00e9e 2021 \u00e0 Maradi : Les d\u00e9put\u00e9s juniors expriment leur reconnaissance au Parlement et aux cadres nationaux et r\u00e9gionaux pour la qualit\u00e9 de la formation"},"content":{"rendered":"<p><span style=\"color: #ff6600\"><strong><a href=\"https:\/\/www.africa-press.net\/\">Africa-Press<\/a> &#8211; <a href=\"https:\/\/www.africa-press.net\/niger\">Niger<\/a>. <\/strong><\/span>Les travaux de la session ordinaire du Parlement des jeunes au titre de l\u2019ann\u00e9e 2021 ont pris fin hier \u00e0 Maradi. Cette fin de session co\u00efncide avec la fin du mandat de deux (2) ans qui correspond \u00e0 la cinqui\u00e8me l\u00e9gislature du Parlement des jeunes depuis son instauration par l\u2019Assembl\u00e9e Nationale en avril 2002.<\/p>\n<p>Dans son intervention \u00e0 cette c\u00e9r\u00e9monie, le pr\u00e9sident du R\u00e9seau Parlementaire des jeunes, l\u2019honorable Amadou Massalatchi a indiqu\u00e9 que tout cet exercice consiste \u00e0 aider les jeunes par le biais de l\u2019\u00e9ducation \u00e0 se donner une conception juste du monde, de la vie et des valeurs, de sorte qu\u2019ils gardent \u00e9ternellement dans leur c\u0153ur notre patrie, notre vaillant peuple et notre nation. Il s\u2019agit surtout d\u2019aiguiser en eux le sens de la<\/p>\n<p>responsabilit\u00e9 historique et de faire rayonner la bonne tradition.<\/p>\n<p>L\u2019honorable Amadou Massalatchi estime que pour promouvoir le d\u00e9veloppement et maintenir la stabilit\u00e9 de notre pays, il est n\u00e9cessaire de fournir des services pour permettre aux jeunes de r\u00e9aliser leurs r\u00eaves, d\u2019am\u00e9liorer leur style de travail, de se rapprocher des jeunes, de g\u00e9rer leurs pr\u00e9occupations, de d\u00e9fendre leurs int\u00e9r\u00eats g\u00e9n\u00e9raux et de d\u2019efforcer de cr\u00e9er un<\/p>\n<p>environnement favorisant leur \u00e9panouissement. Il a exhort\u00e9 les d\u00e9put\u00e9s juniors \u00e0 offrir \u00e0 tous les jeunes l\u2019exemple \u00e0 suivre, en assumant davantage de responsabilit\u00e9s sociales et en portant les espoirs des autres jeunes.<\/p>\n<p>La Pr\u00e9sidente du Parlement des jeunes, Mlle Rimana Youssouf Hassane Mayaki a, dans son allocution de cl\u00f4ture, saisi l\u2019occasion pour exprimer la profonde reconnaissance des d\u00e9put\u00e9s juniors, aux autorit\u00e9s de l\u2019Assembl\u00e9e Nationale \u00e0 travers les membres du r\u00e9seau parlementaire des jeunes, aux cadres nationaux et r\u00e9gionaux qui ont assur\u00e9 leur formation. \u00abAu regard de toutes ces mobilisations pour assurer notre formation, il nous en revient, en notre qualit\u00e9 de d\u00e9put\u00e9s juniors, de partager nos acquis avec nos fr\u00e8res et s\u0153urs pour une participation sans faille \u00e0 l\u2019\u0153uvre de construction nationale pour une \u00e9dification d\u2019un Niger prosp\u00e8re, de paix, conforme \u00e0 la devise nationale, Fraternit\u00e9, Travail, progr\u00e8s\u00bb a-t-elle dit.<\/p>\n<p>Les d\u00e9put\u00e9s Juniors ont d\u00e9cern\u00e9 un t\u00e9moignage de satisfaction au gouverneur de la r\u00e9gion de Maradi, M Zakari Oumarou, pr\u00e9sent \u00e0 la c\u00e9r\u00e9monie de cl\u00f4ture de la session.<\/p>\n<p><b>Ti\u00e9mogo Amadou ANP-ONEP Maradi<\/b><\/p>\n","protected":false},"excerpt":{"rendered":"<p>Africa-Press &#8211; Niger. Les travaux de la session ordinaire du Parlement des jeunes au titre de l\u2019ann\u00e9e 2021 ont pris fin hier \u00e0 Maradi. Cette fin de session co\u00efncide avec la fin du mandat de deux (2) ans qui correspond \u00e0 la cinqui\u00e8me l\u00e9gislature du Parlement des jeunes depuis son instauration par l\u2019Assembl\u00e9e Nationale en [&hellip;]<\/p>\n","protected":false},"author":82,"featured_media":11036,"comment_status":"open","ping_status":"closed","sticky":false,"template":"","format":"standard","meta":{"footnotes":""},"categories":[11,2,20,10],"tags":[55,60,29],"class_list":["post-11037","post","type-post","status-publish","format-standard","has-post-thumbnail","hentry","category-homepage-french","category-politique","category-top-nouvelles","category-toutes-les-actualites","tag-africa-press","tag-africa-press-niger","tag-niger"],"yoast_head":"<!-- This site is optimized with the Yoast SEO Premium plugin v26.1 (Yoast SEO v27.0) - https:\/\/yoast.com\/product\/yoast-seo-premium-wordpress\/ -->\n<title>Fin de la session ordinaire du parlement des Jeunes de l\u2019ann\u00e9e 2021 \u00e0 Maradi : Les d\u00e9put\u00e9s juniors expriment leur reconnaissance au Parlement et aux cadres nationaux et r\u00e9gionaux pour la qualit\u00e9 de la formation - niger<\/title>\n<meta name=\"description\" content=\"\ufeffLes travaux de la session ordinaire du Parlement des jeunes au titre de l\u2019ann\u00e9e 2021 ont pris fin hier \u00e0 Maradi. Cette ...\" \/>\n<meta name=\"robots\" content=\"index, follow, max-snippet:-1, max-image-preview:large, max-video-preview:-1\" \/>\n<link rel=\"canonical\" href=\"https:\/\/www.africa-press.net\/niger\/politique\/fin-de-la-session-ordinaire-du-parlement-des-jeunes-de-lannee-2021-a-maradi-les-deputes-juniors-expriment-leur-reconnaissance-au-parlement-et-aux-cadres-nationaux-et-regionaux-pour-la-quali\" \/>\n<meta property=\"og:locale\" content=\"fr_FR\" \/>\n<meta property=\"og:type\" content=\"article\" \/>\n<meta property=\"og:title\" content=\"Fin de la session ordinaire du parlement des Jeunes de l\u2019ann\u00e9e 2021 \u00e0 Maradi : Les d\u00e9put\u00e9s juniors expriment leur reconnaissance au Parlement et aux cadres nationaux et r\u00e9gionaux pour la qualit\u00e9 de la formation\" \/>\n<meta property=\"og:description\" content=\"\ufeffLes travaux de la session ordinaire du Parlement des jeunes au titre de l\u2019ann\u00e9e 2021 ont pris fin hier \u00e0 Maradi. Cette ...\" \/>\n<meta property=\"og:url\" content=\"https:\/\/www.africa-press.net\/niger\/politique\/fin-de-la-session-ordinaire-du-parlement-des-jeunes-de-lannee-2021-a-maradi-les-deputes-juniors-expriment-leur-reconnaissance-au-parlement-et-aux-cadres-nationaux-et-regionaux-pour-la-quali\" \/>\n<meta property=\"og:site_name\" content=\"niger\" \/>\n<meta property=\"article:published_time\" content=\"2021-09-01T14:33:50+00:00\" \/>\n<meta property=\"og:image\" content=\"https:\/\/static.africa-press.net\/niger\/sites\/40\/2021\/09\/img-612f7e258021c.jpg\" \/>\n\t<meta property=\"og:image:width\" content=\"720\" \/>\n\t<meta property=\"og:image:height\" content=\"432\" \/>\n\t<meta property=\"og:image:type\" content=\"image\/jpeg\" \/>\n<meta name=\"author\" content=\"cfeditorfr\" \/>\n<meta name=\"twitter:card\" content=\"summary_large_image\" \/>\n<meta name=\"twitter:label1\" content=\"\u00c9crit par\" \/>\n\t<meta name=\"twitter:data1\" content=\"cfeditorfr\" \/>\n\t<meta name=\"twitter:label2\" content=\"Dur\u00e9e de lecture estim\u00e9e\" \/>\n\t<meta name=\"twitter:data2\" content=\"2 minutes\" \/>\n<script type=\"application\/ld+json\" class=\"yoast-schema-graph\">{\"@context\":\"https:\/\/schema.org\",\"@graph\":[{\"@type\":\"Article\",\"@id\":\"https:\/\/www.africa-press.net\/niger\/politique\/fin-de-la-session-ordinaire-du-parlement-des-jeunes-de-lannee-2021-a-maradi-les-deputes-juniors-expriment-leur-reconnaissance-au-parlement-et-aux-cadres-nationaux-et-regionaux-pour-la-quali#article\",\"isPartOf\":{\"@id\":\"https:\/\/www.africa-press.net\/niger\/politique\/fin-de-la-session-ordinaire-du-parlement-des-jeunes-de-lannee-2021-a-maradi-les-deputes-juniors-expriment-leur-reconnaissance-au-parlement-et-aux-cadres-nationaux-et-regionaux-pour-la-quali\"},\"author\":{\"name\":\"cfeditorfr\",\"@id\":\"https:\/\/www.africa-press.net\/niger\/#\/schema\/person\/2b1cf3cd81a31e3cd26889ca66d677f1\"},\"headline\":\"Fin de la session ordinaire du parlement des Jeunes de l\u2019ann\u00e9e 2021 \u00e0 Maradi : Les d\u00e9put\u00e9s juniors expriment leur reconnaissance au Parlement et aux cadres nationaux et r\u00e9gionaux pour la qualit\u00e9 de la formation\",\"datePublished\":\"2021-09-01T14:33:50+00:00\",\"mainEntityOfPage\":{\"@id\":\"https:\/\/www.africa-press.net\/niger\/politique\/fin-de-la-session-ordinaire-du-parlement-des-jeunes-de-lannee-2021-a-maradi-les-deputes-juniors-expriment-leur-reconnaissance-au-parlement-et-aux-cadres-nationaux-et-regionaux-pour-la-quali\"},\"wordCount\":454,\"commentCount\":0,\"image\":{\"@id\":\"https:\/\/www.africa-press.net\/niger\/politique\/fin-de-la-session-ordinaire-du-parlement-des-jeunes-de-lannee-2021-a-maradi-les-deputes-juniors-expriment-leur-reconnaissance-au-parlement-et-aux-cadres-nationaux-et-regionaux-pour-la-quali#primaryimage\"},\"thumbnailUrl\":\"https:\/\/static.africa-press.net\/niger\/sites\/40\/2021\/09\/img-612f7e258021c.jpg\",\"keywords\":[\"Africa Press\",\"Africa Press-Niger\",\"Niger\"],\"articleSection\":[\"homepage-french\",\"Politique\",\"Top Nouvelles\",\"Toutes les actualit\u00e9s\"],\"inLanguage\":\"fr-FR\",\"potentialAction\":[{\"@type\":\"CommentAction\",\"name\":\"Comment\",\"target\":[\"https:\/\/www.africa-press.net\/niger\/politique\/fin-de-la-session-ordinaire-du-parlement-des-jeunes-de-lannee-2021-a-maradi-les-deputes-juniors-expriment-leur-reconnaissance-au-parlement-et-aux-cadres-nationaux-et-regionaux-pour-la-quali#respond\"]}]},{\"@type\":\"WebPage\",\"@id\":\"https:\/\/www.africa-press.net\/niger\/politique\/fin-de-la-session-ordinaire-du-parlement-des-jeunes-de-lannee-2021-a-maradi-les-deputes-juniors-expriment-leur-reconnaissance-au-parlement-et-aux-cadres-nationaux-et-regionaux-pour-la-quali\",\"url\":\"https:\/\/www.africa-press.net\/niger\/politique\/fin-de-la-session-ordinaire-du-parlement-des-jeunes-de-lannee-2021-a-maradi-les-deputes-juniors-expriment-leur-reconnaissance-au-parlement-et-aux-cadres-nationaux-et-regionaux-pour-la-quali\",\"name\":\"Fin de la session ordinaire du parlement des Jeunes de l\u2019ann\u00e9e 2021 \u00e0 Maradi : Les d\u00e9put\u00e9s juniors expriment leur reconnaissance au Parlement et aux cadres nationaux et r\u00e9gionaux pour la qualit\u00e9 de la formation - niger\",\"isPartOf\":{\"@id\":\"https:\/\/www.africa-press.net\/niger\/#website\"},\"primaryImageOfPage\":{\"@id\":\"https:\/\/www.africa-press.net\/niger\/politique\/fin-de-la-session-ordinaire-du-parlement-des-jeunes-de-lannee-2021-a-maradi-les-deputes-juniors-expriment-leur-reconnaissance-au-parlement-et-aux-cadres-nationaux-et-regionaux-pour-la-quali#primaryimage\"},\"image\":{\"@id\":\"https:\/\/www.africa-press.net\/niger\/politique\/fin-de-la-session-ordinaire-du-parlement-des-jeunes-de-lannee-2021-a-maradi-les-deputes-juniors-expriment-leur-reconnaissance-au-parlement-et-aux-cadres-nationaux-et-regionaux-pour-la-quali#primaryimage\"},\"thumbnailUrl\":\"https:\/\/static.africa-press.net\/niger\/sites\/40\/2021\/09\/img-612f7e258021c.jpg\",\"datePublished\":\"2021-09-01T14:33:50+00:00\",\"author\":{\"@id\":\"https:\/\/www.africa-press.net\/niger\/#\/schema\/person\/2b1cf3cd81a31e3cd26889ca66d677f1\"},\"description\":\"\ufeffLes travaux de la session ordinaire du Parlement des jeunes au titre de l\u2019ann\u00e9e 2021 ont pris fin hier \u00e0 Maradi. Cette ...\",\"breadcrumb\":{\"@id\":\"https:\/\/www.africa-press.net\/niger\/politique\/fin-de-la-session-ordinaire-du-parlement-des-jeunes-de-lannee-2021-a-maradi-les-deputes-juniors-expriment-leur-reconnaissance-au-parlement-et-aux-cadres-nationaux-et-regionaux-pour-la-quali#breadcrumb\"},\"inLanguage\":\"fr-FR\",\"potentialAction\":[{\"@type\":\"ReadAction\",\"target\":[\"https:\/\/www.africa-press.net\/niger\/politique\/fin-de-la-session-ordinaire-du-parlement-des-jeunes-de-lannee-2021-a-maradi-les-deputes-juniors-expriment-leur-reconnaissance-au-parlement-et-aux-cadres-nationaux-et-regionaux-pour-la-quali\"]}]},{\"@type\":\"ImageObject\",\"inLanguage\":\"fr-FR\",\"@id\":\"https:\/\/www.africa-press.net\/niger\/politique\/fin-de-la-session-ordinaire-du-parlement-des-jeunes-de-lannee-2021-a-maradi-les-deputes-juniors-expriment-leur-reconnaissance-au-parlement-et-aux-cadres-nationaux-et-regionaux-pour-la-quali#primaryimage\",\"url\":\"https:\/\/static.africa-press.net\/niger\/sites\/40\/2021\/09\/img-612f7e258021c.jpg\",\"contentUrl\":\"https:\/\/static.africa-press.net\/niger\/sites\/40\/2021\/09\/img-612f7e258021c.jpg\",\"width\":720,\"height\":432,\"caption\":\"Fin de la session ordinaire du parlement des Jeunes de l\u2019ann\u00e9e 2021 \u00e0 Maradi : Les d\u00e9put\u00e9s juniors expriment leur reconnaissance au Parlement et aux cadres nationaux et r\u00e9gionaux pour la qualit\u00e9 de la formation\"},{\"@type\":\"BreadcrumbList\",\"@id\":\"https:\/\/www.africa-press.net\/niger\/politique\/fin-de-la-session-ordinaire-du-parlement-des-jeunes-de-lannee-2021-a-maradi-les-deputes-juniors-expriment-leur-reconnaissance-au-parlement-et-aux-cadres-nationaux-et-regionaux-pour-la-quali#breadcrumb\",\"itemListElement\":[{\"@type\":\"ListItem\",\"position\":1,\"name\":\"Accueil\",\"item\":\"https:\/\/www.africa-press.net\/niger\/\"},{\"@type\":\"ListItem\",\"position\":2,\"name\":\"Fin de la session ordinaire du parlement des Jeunes de l\u2019ann\u00e9e 2021 \u00e0 Maradi : Les d\u00e9put\u00e9s juniors expriment leur reconnaissance au Parlement et aux cadres nationaux et r\u00e9gionaux pour la qualit\u00e9 de la formation\"}]},{\"@type\":\"WebSite\",\"@id\":\"https:\/\/www.africa-press.net\/niger\/#website\",\"url\":\"https:\/\/www.africa-press.net\/niger\/\",\"name\":\"niger\",\"description\":\"Just another Africa News Agency Sites site\",\"potentialAction\":[{\"@type\":\"SearchAction\",\"target\":{\"@type\":\"EntryPoint\",\"urlTemplate\":\"https:\/\/www.africa-press.net\/niger\/?s={search_term_string}\"},\"query-input\":{\"@type\":\"PropertyValueSpecification\",\"valueRequired\":true,\"valueName\":\"search_term_string\"}}],\"inLanguage\":\"fr-FR\"},{\"@type\":\"Person\",\"@id\":\"https:\/\/www.africa-press.net\/niger\/#\/schema\/person\/2b1cf3cd81a31e3cd26889ca66d677f1\",\"name\":\"cfeditorfr\"}]}<\/script>\n<!-- \/ Yoast SEO Premium plugin. -->","yoast_head_json":{"title":"Fin de la session ordinaire du parlement des Jeunes de l\u2019ann\u00e9e 2021 \u00e0 Maradi : Les d\u00e9put\u00e9s juniors expriment leur reconnaissance au Parlement et aux cadres nationaux et r\u00e9gionaux pour la qualit\u00e9 de la formation - niger","description":"\ufeffLes travaux de la session ordinaire du Parlement des jeunes au titre de l\u2019ann\u00e9e 2021 ont pris fin hier \u00e0 Maradi. Cette ...","robots":{"index":"index","follow":"follow","max-snippet":"max-snippet:-1","max-image-preview":"max-image-preview:large","max-video-preview":"max-video-preview:-1"},"canonical":"https:\/\/www.africa-press.net\/niger\/politique\/fin-de-la-session-ordinaire-du-parlement-des-jeunes-de-lannee-2021-a-maradi-les-deputes-juniors-expriment-leur-reconnaissance-au-parlement-et-aux-cadres-nationaux-et-regionaux-pour-la-quali","og_locale":"fr_FR","og_type":"article","og_title":"Fin de la session ordinaire du parlement des Jeunes de l\u2019ann\u00e9e 2021 \u00e0 Maradi : Les d\u00e9put\u00e9s juniors expriment leur reconnaissance au Parlement et aux cadres nationaux et r\u00e9gionaux pour la qualit\u00e9 de la formation","og_description":"\ufeffLes travaux de la session ordinaire du Parlement des jeunes au titre de l\u2019ann\u00e9e 2021 ont pris fin hier \u00e0 Maradi. Cette ...","og_url":"https:\/\/www.africa-press.net\/niger\/politique\/fin-de-la-session-ordinaire-du-parlement-des-jeunes-de-lannee-2021-a-maradi-les-deputes-juniors-expriment-leur-reconnaissance-au-parlement-et-aux-cadres-nationaux-et-regionaux-pour-la-quali","og_site_name":"niger","article_published_time":"2021-09-01T14:33:50+00:00","og_image":[{"width":720,"height":432,"url":"https:\/\/static.africa-press.net\/niger\/sites\/40\/2021\/09\/img-612f7e258021c.jpg","type":"image\/jpeg"}],"author":"cfeditorfr","twitter_card":"summary_large_image","twitter_misc":{"\u00c9crit par":"cfeditorfr","Dur\u00e9e de lecture estim\u00e9e":"2 minutes"},"schema":{"@context":"https:\/\/schema.org","@graph":[{"@type":"Article","@id":"https:\/\/www.africa-press.net\/niger\/politique\/fin-de-la-session-ordinaire-du-parlement-des-jeunes-de-lannee-2021-a-maradi-les-deputes-juniors-expriment-leur-reconnaissance-au-parlement-et-aux-cadres-nationaux-et-regionaux-pour-la-quali#article","isPartOf":{"@id":"https:\/\/www.africa-press.net\/niger\/politique\/fin-de-la-session-ordinaire-du-parlement-des-jeunes-de-lannee-2021-a-maradi-les-deputes-juniors-expriment-leur-reconnaissance-au-parlement-et-aux-cadres-nationaux-et-regionaux-pour-la-quali"},"author":{"name":"cfeditorfr","@id":"https:\/\/www.africa-press.net\/niger\/#\/schema\/person\/2b1cf3cd81a31e3cd26889ca66d677f1"},"headline":"Fin de la session ordinaire du parlement des Jeunes de l\u2019ann\u00e9e 2021 \u00e0 Maradi : Les d\u00e9put\u00e9s juniors expriment leur reconnaissance au Parlement et aux cadres nationaux et r\u00e9gionaux pour la qualit\u00e9 de la formation","datePublished":"2021-09-01T14:33:50+00:00","mainEntityOfPage":{"@id":"https:\/\/www.africa-press.net\/niger\/politique\/fin-de-la-session-ordinaire-du-parlement-des-jeunes-de-lannee-2021-a-maradi-les-deputes-juniors-expriment-leur-reconnaissance-au-parlement-et-aux-cadres-nationaux-et-regionaux-pour-la-quali"},"wordCount":454,"commentCount":0,"image":{"@id":"https:\/\/www.africa-press.net\/niger\/politique\/fin-de-la-session-ordinaire-du-parlement-des-jeunes-de-lannee-2021-a-maradi-les-deputes-juniors-expriment-leur-reconnaissance-au-parlement-et-aux-cadres-nationaux-et-regionaux-pour-la-quali#primaryimage"},"thumbnailUrl":"https:\/\/static.africa-press.net\/niger\/sites\/40\/2021\/09\/img-612f7e258021c.jpg","keywords":["Africa Press","Africa Press-Niger","Niger"],"articleSection":["homepage-french","Politique","Top Nouvelles","Toutes les actualit\u00e9s"],"inLanguage":"fr-FR","potentialAction":[{"@type":"CommentAction","name":"Comment","target":["https:\/\/www.africa-press.net\/niger\/politique\/fin-de-la-session-ordinaire-du-parlement-des-jeunes-de-lannee-2021-a-maradi-les-deputes-juniors-expriment-leur-reconnaissance-au-parlement-et-aux-cadres-nationaux-et-regionaux-pour-la-quali#respond"]}]},{"@type":"WebPage","@id":"https:\/\/www.africa-press.net\/niger\/politique\/fin-de-la-session-ordinaire-du-parlement-des-jeunes-de-lannee-2021-a-maradi-les-deputes-juniors-expriment-leur-reconnaissance-au-parlement-et-aux-cadres-nationaux-et-regionaux-pour-la-quali","url":"https:\/\/www.africa-press.net\/niger\/politique\/fin-de-la-session-ordinaire-du-parlement-des-jeunes-de-lannee-2021-a-maradi-les-deputes-juniors-expriment-leur-reconnaissance-au-parlement-et-aux-cadres-nationaux-et-regionaux-pour-la-quali","name":"Fin de la session ordinaire du parlement des Jeunes de l\u2019ann\u00e9e 2021 \u00e0 Maradi : Les d\u00e9put\u00e9s juniors expriment leur reconnaissance au Parlement et aux cadres nationaux et r\u00e9gionaux pour la qualit\u00e9 de la formation - niger","isPartOf":{"@id":"https:\/\/www.africa-press.net\/niger\/#website"},"primaryImageOfPage":{"@id":"https:\/\/www.africa-press.net\/niger\/politique\/fin-de-la-session-ordinaire-du-parlement-des-jeunes-de-lannee-2021-a-maradi-les-deputes-juniors-expriment-leur-reconnaissance-au-parlement-et-aux-cadres-nationaux-et-regionaux-pour-la-quali#primaryimage"},"image":{"@id":"https:\/\/www.africa-press.net\/niger\/politique\/fin-de-la-session-ordinaire-du-parlement-des-jeunes-de-lannee-2021-a-maradi-les-deputes-juniors-expriment-leur-reconnaissance-au-parlement-et-aux-cadres-nationaux-et-regionaux-pour-la-quali#primaryimage"},"thumbnailUrl":"https:\/\/static.africa-press.net\/niger\/sites\/40\/2021\/09\/img-612f7e258021c.jpg","datePublished":"2021-09-01T14:33:50+00:00","author":{"@id":"https:\/\/www.africa-press.net\/niger\/#\/schema\/person\/2b1cf3cd81a31e3cd26889ca66d677f1"},"description":"\ufeffLes travaux de la session ordinaire du Parlement des jeunes au titre de l\u2019ann\u00e9e 2021 ont pris fin hier \u00e0 Maradi. Cette ...","breadcrumb":{"@id":"https:\/\/www.africa-press.net\/niger\/politique\/fin-de-la-session-ordinaire-du-parlement-des-jeunes-de-lannee-2021-a-maradi-les-deputes-juniors-expriment-leur-reconnaissance-au-parlement-et-aux-cadres-nationaux-et-regionaux-pour-la-quali#breadcrumb"},"inLanguage":"fr-FR","potentialAction":[{"@type":"ReadAction","target":["https:\/\/www.africa-press.net\/niger\/politique\/fin-de-la-session-ordinaire-du-parlement-des-jeunes-de-lannee-2021-a-maradi-les-deputes-juniors-expriment-leur-reconnaissance-au-parlement-et-aux-cadres-nationaux-et-regionaux-pour-la-quali"]}]},{"@type":"ImageObject","inLanguage":"fr-FR","@id":"https:\/\/www.africa-press.net\/niger\/politique\/fin-de-la-session-ordinaire-du-parlement-des-jeunes-de-lannee-2021-a-maradi-les-deputes-juniors-expriment-leur-reconnaissance-au-parlement-et-aux-cadres-nationaux-et-regionaux-pour-la-quali#primaryimage","url":"https:\/\/static.africa-press.net\/niger\/sites\/40\/2021\/09\/img-612f7e258021c.jpg","contentUrl":"https:\/\/static.africa-press.net\/niger\/sites\/40\/2021\/09\/img-612f7e258021c.jpg","width":720,"height":432,"caption":"Fin de la session ordinaire du parlement des Jeunes de l\u2019ann\u00e9e 2021 \u00e0 Maradi : Les d\u00e9put\u00e9s juniors expriment leur reconnaissance au Parlement et aux cadres nationaux et r\u00e9gionaux pour la qualit\u00e9 de la formation"},{"@type":"BreadcrumbList","@id":"https:\/\/www.africa-press.net\/niger\/politique\/fin-de-la-session-ordinaire-du-parlement-des-jeunes-de-lannee-2021-a-maradi-les-deputes-juniors-expriment-leur-reconnaissance-au-parlement-et-aux-cadres-nationaux-et-regionaux-pour-la-quali#breadcrumb","itemListElement":[{"@type":"ListItem","position":1,"name":"Accueil","item":"https:\/\/www.africa-press.net\/niger\/"},{"@type":"ListItem","position":2,"name":"Fin de la session ordinaire du parlement des Jeunes de l\u2019ann\u00e9e 2021 \u00e0 Maradi : Les d\u00e9put\u00e9s juniors expriment leur reconnaissance au Parlement et aux cadres nationaux et r\u00e9gionaux pour la qualit\u00e9 de la formation"}]},{"@type":"WebSite","@id":"https:\/\/www.africa-press.net\/niger\/#website","url":"https:\/\/www.africa-press.net\/niger\/","name":"niger","description":"Just another Africa News Agency Sites site","potentialAction":[{"@type":"SearchAction","target":{"@type":"EntryPoint","urlTemplate":"https:\/\/www.africa-press.net\/niger\/?s={search_term_string}"},"query-input":{"@type":"PropertyValueSpecification","valueRequired":true,"valueName":"search_term_string"}}],"inLanguage":"fr-FR"},{"@type":"Person","@id":"https:\/\/www.africa-press.net\/niger\/#\/schema\/person\/2b1cf3cd81a31e3cd26889ca66d677f1","name":"cfeditorfr"}]}},"_links":{"self":[{"href":"https:\/\/www.africa-press.net\/niger\/wp-json\/wp\/v2\/posts\/11037","targetHints":{"allow":["GET"]}}],"collection":[{"href":"https:\/\/www.africa-press.net\/niger\/wp-json\/wp\/v2\/posts"}],"about":[{"href":"https:\/\/www.africa-press.net\/niger\/wp-json\/wp\/v2\/types\/post"}],"author":[{"embeddable":true,"href":"https:\/\/www.africa-press.net\/niger\/wp-json\/wp\/v2\/users\/82"}],"replies":[{"embeddable":true,"href":"https:\/\/www.africa-press.net\/niger\/wp-json\/wp\/v2\/comments?post=11037"}],"version-history":[{"count":0,"href":"https:\/\/www.africa-press.net\/niger\/wp-json\/wp\/v2\/posts\/11037\/revisions"}],"wp:featuredmedia":[{"embeddable":true,"href":"https:\/\/www.africa-press.net\/niger\/wp-json\/wp\/v2\/media\/11036"}],"wp:attachment":[{"href":"https:\/\/www.africa-press.net\/niger\/wp-json\/wp\/v2\/media?parent=11037"}],"wp:term":[{"taxonomy":"category","embeddable":true,"href":"https:\/\/www.africa-press.net\/niger\/wp-json\/wp\/v2\/categories?post=11037"},{"taxonomy":"post_tag","embeddable":true,"href":"https:\/\/www.africa-press.net\/niger\/wp-json\/wp\/v2\/tags?post=11037"}],"curies":[{"name":"wp","href":"https:\/\/api.w.org\/{rel}","templated":true}]}}