{"id":11040,"date":"2021-09-01T14:43:33","date_gmt":"2021-09-01T14:43:33","guid":{"rendered":"https:\/\/www.africa-press.net\/niger\/?p=11040"},"modified":"2021-09-01T13:21:52","modified_gmt":"2021-09-01T13:21:52","slug":"ateliers-rencontre-des-acteurs-sur-la-fermeture-de-la-cominak-reflexions-sur-les-voies-pour-faire-face-aux-impacts-socioeconomiques-et-pour-la-reconversion-economique","status":"publish","type":"post","link":"https:\/\/www.africa-press.net\/niger\/economie\/ateliers-rencontre-des-acteurs-sur-la-fermeture-de-la-cominak-reflexions-sur-les-voies-pour-faire-face-aux-impacts-socioeconomiques-et-pour-la-reconversion-economique","title":{"rendered":"Ateliers \u00abRencontre des Acteurs\u00bb sur la fermeture de la COMINAK : R\u00e9flexions sur les voies pour faire face aux impacts socio\u00e9conomiques et pour la reconversion \u00e9conomique"},"content":{"rendered":"<p><span style=\"color: #ff6600\"><strong><a href=\"https:\/\/www.africa-press.net\/\">Africa-Press<\/a> &#8211; <a href=\"https:\/\/www.africa-press.net\/niger\">Niger<\/a>. <\/strong><\/span>Le ministre du P\u00e9trole, de l\u2019Energie et des Energies Renouvelables, M. Mahamane Sani Mahamadou, assurant l\u2019int\u00e9rim de la ministre des Mines, a pr\u00e9sid\u00e9 hier \u00e0 Niamey, la c\u00e9r\u00e9monie d\u2019ouverture des ateliers \u00abRencontres des Acteurs\u00bb, dans le cadre de l\u2019\u00e9tude sur les impacts socio\u00e9conomiques de la fermeture de l\u2019exploitation de la COMINAK et la reconversion \u00e9conomique. Ces rencontres ont enregistr\u00e9 la pr\u00e9sence des participants venus des localit\u00e9s de la r\u00e9gion d\u2019Agadez, \u00e0 savoir Agadez ville, Arlit, Iferou\u0101ne, Danet, Gougaram et Timia.<\/p>\n<p>Ces activit\u00e9s qui dureront quatre (4) jours sont pr\u00e9vues dans le cadre de l\u2019\u00e9tude sur les impacts socio\u00e9conomiques de la fermeture de l\u2019exploitation de la COMINAK et la reconversion \u00e9conomique. Elles se d\u00e9rouleront jusqu\u2019au 3 septembre 2021. \u00abCes ateliers constituent une \u00e9tape importante dans le d\u00e9roulement de l\u2019\u00e9tude et regroupent les acteurs impact\u00e9s ou concern\u00e9s par la fermeture de l\u2019exploitation de COMINAK\u00bb, a estim\u00e9 le ministre des Mines par int\u00e9rim. M. Mahamane Sani Mahamadou a rappel\u00e9 que la r\u00e9alisation de cette \u00e9tude a \u00e9t\u00e9 confi\u00e9e par le Gouvernement \u00e0 un consortium de trois bureaux d\u2019\u00e9tudes internationaux et un bureau d\u2019\u00e9tude national. Les objectifs assign\u00e9s \u00e0 ces \u00e9tudes sont premi\u00e8rement, l\u2019\u00e9valuation des impacts socio\u00e9conomiques et environnementaux de la fermeture de l\u2019exploitation de COMINAK et deuxi\u00e8mement, la formulation de projets de reconversion et de d\u00e9veloppement \u00e9conomique de nature \u00e0 att\u00e9nuer significativement ces impacts. \u00abCette \u00e9tude est financ\u00e9e par un emprunt de l\u2019Etat aupr\u00e8s de la Banque Mondiale, institution \u00e0 laquelle je pr\u00e9sente, au nom du gouvernement, notre profonde gratitude\u00bb, a d\u00e9clar\u00e9 le ministre Mahamane Sani pr\u00e9cisant que plus de cinquante pour cent (50%) des participants \u00e0 ces ateliers proviennent de la r\u00e9gion d\u2019Agadez.<\/p>\n<p>Ces acteurs sont, en plus du Pr\u00e9fet et du Maire d\u2019Arlit, des directeurs r\u00e9gionaux et d\u00e9partementaux, des responsables de COMINAK, des repr\u00e9sentants des travailleurs statutaires d\u00e9flat\u00e9s de COMINAK, des repr\u00e9sentants des employ\u00e9s et des employeurs sous-traitants de COMINAK, des repr\u00e9sentants des mara\u00eechers et des \u00e9leveurs, des repr\u00e9sentants des artisans et des commer\u00e7ants, ainsi que des repr\u00e9sentants de la soci\u00e9t\u00e9 civile. Sont aussi pr\u00e9sents \u00e0 ces ateliers, les acteurs de Niamey, \u00e0 savoir les d\u00e9partements minist\u00e9riels et autres institutions concern\u00e9s par les nombreux th\u00e8mes qui seront abord\u00e9s, ainsi que les repr\u00e9sentants des partenaires techniques et financiers, a soutenu le ministre des Mines par int\u00e9rim.<\/p>\n<p>Les premiers th\u00e8mes \u00e0 \u00eatre abord\u00e9s, a-t-il fait savoir, ont pour but de clarifier et d\u2019approfondir les donn\u00e9es collect\u00e9es, tandis que l\u2019examen des th\u00e8mes qui suivront concernera l\u2019\u00e9valuation des impacts \u00e9conomiques, sociaux et environnementaux de la fermeture, ainsi que, \u00e0 minima, l\u2019\u00e9bauche des fili\u00e8res d\u2019avenir sur lesquelles pourraient \u00eatre formul\u00e9s des projets de d\u00e9veloppement\/reconversion \u00e9conomique. \u00abIl est donc escompt\u00e9 que les \u00e9changes entre les participants sur ces th\u00e8mes, sous l\u2019animation de six (6) des consultants charg\u00e9s de l\u2019\u00e9tude, soient suffisamment fructueux pour am\u00e9liorer de mani\u00e8re sensible la collecte et l\u2019analyse des donn\u00e9es n\u00e9cessaires \u00e0 l\u2019\u00e9tude, et ainsi faciliter l\u2019\u00e9valuation des impacts de la fermeture, ainsi que l\u2019identification des fili\u00e8res d\u2019avenir pour la zone impact\u00e9e\u00bb, a conclu le ministre Mahamane Sani Mahamadou.<\/p>\n<p><b>Aichatou Wakasso(onep)<\/b><\/p>\n","protected":false},"excerpt":{"rendered":"<p>Africa-Press &#8211; Niger. Le ministre du P\u00e9trole, de l\u2019Energie et des Energies Renouvelables, M. Mahamane Sani Mahamadou, assurant l\u2019int\u00e9rim de la ministre des Mines, a pr\u00e9sid\u00e9 hier \u00e0 Niamey, la c\u00e9r\u00e9monie d\u2019ouverture des ateliers \u00abRencontres des Acteurs\u00bb, dans le cadre de l\u2019\u00e9tude sur les impacts socio\u00e9conomiques de la fermeture de l\u2019exploitation de la COMINAK et [&hellip;]<\/p>\n","protected":false},"author":82,"featured_media":11039,"comment_status":"open","ping_status":"closed","sticky":false,"template":"","format":"standard","meta":{"footnotes":""},"categories":[3,11,20,10],"tags":[55,60,29],"class_list":["post-11040","post","type-post","status-publish","format-standard","has-post-thumbnail","hentry","category-economie","category-homepage-french","category-top-nouvelles","category-toutes-les-actualites","tag-africa-press","tag-africa-press-niger","tag-niger"],"yoast_head":"<!-- This site is optimized with the Yoast SEO Premium plugin v26.1 (Yoast SEO v27.0) - https:\/\/yoast.com\/product\/yoast-seo-premium-wordpress\/ -->\n<title>Ateliers \u00abRencontre des Acteurs\u00bb sur la fermeture de la COMINAK : R\u00e9flexions sur les voies pour faire face aux impacts socio\u00e9conomiques et pour la reconversion \u00e9conomique - niger<\/title>\n<meta name=\"description\" content=\"\ufeffLe ministre du P\u00e9trole, de l\u2019Energie et des Energies Renouvelables, M. Mahamane Sani Mahamadou, assurant l\u2019int\u00e9rim de l ...\" \/>\n<meta name=\"robots\" content=\"index, follow, max-snippet:-1, max-image-preview:large, max-video-preview:-1\" \/>\n<link rel=\"canonical\" href=\"https:\/\/www.africa-press.net\/niger\/economie\/ateliers-rencontre-des-acteurs-sur-la-fermeture-de-la-cominak-reflexions-sur-les-voies-pour-faire-face-aux-impacts-socioeconomiques-et-pour-la-reconversion-economique\" \/>\n<meta property=\"og:locale\" content=\"fr_FR\" \/>\n<meta property=\"og:type\" content=\"article\" \/>\n<meta property=\"og:title\" content=\"Ateliers \u00abRencontre des Acteurs\u00bb sur la fermeture de la COMINAK : R\u00e9flexions sur les voies pour faire face aux impacts socio\u00e9conomiques et pour la reconversion \u00e9conomique\" \/>\n<meta property=\"og:description\" content=\"\ufeffLe ministre du P\u00e9trole, de l\u2019Energie et des Energies Renouvelables, M. Mahamane Sani Mahamadou, assurant l\u2019int\u00e9rim de l ...\" \/>\n<meta property=\"og:url\" content=\"https:\/\/www.africa-press.net\/niger\/economie\/ateliers-rencontre-des-acteurs-sur-la-fermeture-de-la-cominak-reflexions-sur-les-voies-pour-faire-face-aux-impacts-socioeconomiques-et-pour-la-reconversion-economique\" \/>\n<meta property=\"og:site_name\" content=\"niger\" \/>\n<meta property=\"article:published_time\" content=\"2021-09-01T14:43:33+00:00\" \/>\n<meta property=\"og:image\" content=\"https:\/\/static.africa-press.net\/niger\/sites\/40\/2021\/09\/img-612f7e52835c4.jpg\" \/>\n\t<meta property=\"og:image:width\" content=\"720\" \/>\n\t<meta property=\"og:image:height\" content=\"380\" \/>\n\t<meta property=\"og:image:type\" content=\"image\/jpeg\" \/>\n<meta name=\"author\" content=\"cfeditorfr\" \/>\n<meta name=\"twitter:card\" content=\"summary_large_image\" \/>\n<meta name=\"twitter:label1\" content=\"\u00c9crit par\" \/>\n\t<meta name=\"twitter:data1\" content=\"cfeditorfr\" \/>\n\t<meta name=\"twitter:label2\" content=\"Dur\u00e9e de lecture estim\u00e9e\" \/>\n\t<meta name=\"twitter:data2\" content=\"3 minutes\" \/>\n<script type=\"application\/ld+json\" class=\"yoast-schema-graph\">{\"@context\":\"https:\/\/schema.org\",\"@graph\":[{\"@type\":\"Article\",\"@id\":\"https:\/\/www.africa-press.net\/niger\/economie\/ateliers-rencontre-des-acteurs-sur-la-fermeture-de-la-cominak-reflexions-sur-les-voies-pour-faire-face-aux-impacts-socioeconomiques-et-pour-la-reconversion-economique#article\",\"isPartOf\":{\"@id\":\"https:\/\/www.africa-press.net\/niger\/economie\/ateliers-rencontre-des-acteurs-sur-la-fermeture-de-la-cominak-reflexions-sur-les-voies-pour-faire-face-aux-impacts-socioeconomiques-et-pour-la-reconversion-economique\"},\"author\":{\"name\":\"cfeditorfr\",\"@id\":\"https:\/\/www.africa-press.net\/niger\/#\/schema\/person\/2b1cf3cd81a31e3cd26889ca66d677f1\"},\"headline\":\"Ateliers \u00abRencontre des Acteurs\u00bb sur la fermeture de la COMINAK : R\u00e9flexions sur les voies pour faire face aux impacts socio\u00e9conomiques et pour la reconversion \u00e9conomique\",\"datePublished\":\"2021-09-01T14:43:33+00:00\",\"mainEntityOfPage\":{\"@id\":\"https:\/\/www.africa-press.net\/niger\/economie\/ateliers-rencontre-des-acteurs-sur-la-fermeture-de-la-cominak-reflexions-sur-les-voies-pour-faire-face-aux-impacts-socioeconomiques-et-pour-la-reconversion-economique\"},\"wordCount\":612,\"commentCount\":0,\"image\":{\"@id\":\"https:\/\/www.africa-press.net\/niger\/economie\/ateliers-rencontre-des-acteurs-sur-la-fermeture-de-la-cominak-reflexions-sur-les-voies-pour-faire-face-aux-impacts-socioeconomiques-et-pour-la-reconversion-economique#primaryimage\"},\"thumbnailUrl\":\"https:\/\/static.africa-press.net\/niger\/sites\/40\/2021\/09\/img-612f7e52835c4.jpg\",\"keywords\":[\"Africa Press\",\"Africa Press-Niger\",\"Niger\"],\"articleSection\":[\"\u00c9conomie\",\"homepage-french\",\"Top Nouvelles\",\"Toutes les actualit\u00e9s\"],\"inLanguage\":\"fr-FR\",\"potentialAction\":[{\"@type\":\"CommentAction\",\"name\":\"Comment\",\"target\":[\"https:\/\/www.africa-press.net\/niger\/economie\/ateliers-rencontre-des-acteurs-sur-la-fermeture-de-la-cominak-reflexions-sur-les-voies-pour-faire-face-aux-impacts-socioeconomiques-et-pour-la-reconversion-economique#respond\"]}]},{\"@type\":\"WebPage\",\"@id\":\"https:\/\/www.africa-press.net\/niger\/economie\/ateliers-rencontre-des-acteurs-sur-la-fermeture-de-la-cominak-reflexions-sur-les-voies-pour-faire-face-aux-impacts-socioeconomiques-et-pour-la-reconversion-economique\",\"url\":\"https:\/\/www.africa-press.net\/niger\/economie\/ateliers-rencontre-des-acteurs-sur-la-fermeture-de-la-cominak-reflexions-sur-les-voies-pour-faire-face-aux-impacts-socioeconomiques-et-pour-la-reconversion-economique\",\"name\":\"Ateliers \u00abRencontre des Acteurs\u00bb sur la fermeture de la COMINAK : R\u00e9flexions sur les voies pour faire face aux impacts socio\u00e9conomiques et pour la reconversion \u00e9conomique - niger\",\"isPartOf\":{\"@id\":\"https:\/\/www.africa-press.net\/niger\/#website\"},\"primaryImageOfPage\":{\"@id\":\"https:\/\/www.africa-press.net\/niger\/economie\/ateliers-rencontre-des-acteurs-sur-la-fermeture-de-la-cominak-reflexions-sur-les-voies-pour-faire-face-aux-impacts-socioeconomiques-et-pour-la-reconversion-economique#primaryimage\"},\"image\":{\"@id\":\"https:\/\/www.africa-press.net\/niger\/economie\/ateliers-rencontre-des-acteurs-sur-la-fermeture-de-la-cominak-reflexions-sur-les-voies-pour-faire-face-aux-impacts-socioeconomiques-et-pour-la-reconversion-economique#primaryimage\"},\"thumbnailUrl\":\"https:\/\/static.africa-press.net\/niger\/sites\/40\/2021\/09\/img-612f7e52835c4.jpg\",\"datePublished\":\"2021-09-01T14:43:33+00:00\",\"author\":{\"@id\":\"https:\/\/www.africa-press.net\/niger\/#\/schema\/person\/2b1cf3cd81a31e3cd26889ca66d677f1\"},\"description\":\"\ufeffLe ministre du P\u00e9trole, de l\u2019Energie et des Energies Renouvelables, M. Mahamane Sani Mahamadou, assurant l\u2019int\u00e9rim de l ...\",\"breadcrumb\":{\"@id\":\"https:\/\/www.africa-press.net\/niger\/economie\/ateliers-rencontre-des-acteurs-sur-la-fermeture-de-la-cominak-reflexions-sur-les-voies-pour-faire-face-aux-impacts-socioeconomiques-et-pour-la-reconversion-economique#breadcrumb\"},\"inLanguage\":\"fr-FR\",\"potentialAction\":[{\"@type\":\"ReadAction\",\"target\":[\"https:\/\/www.africa-press.net\/niger\/economie\/ateliers-rencontre-des-acteurs-sur-la-fermeture-de-la-cominak-reflexions-sur-les-voies-pour-faire-face-aux-impacts-socioeconomiques-et-pour-la-reconversion-economique\"]}]},{\"@type\":\"ImageObject\",\"inLanguage\":\"fr-FR\",\"@id\":\"https:\/\/www.africa-press.net\/niger\/economie\/ateliers-rencontre-des-acteurs-sur-la-fermeture-de-la-cominak-reflexions-sur-les-voies-pour-faire-face-aux-impacts-socioeconomiques-et-pour-la-reconversion-economique#primaryimage\",\"url\":\"https:\/\/static.africa-press.net\/niger\/sites\/40\/2021\/09\/img-612f7e52835c4.jpg\",\"contentUrl\":\"https:\/\/static.africa-press.net\/niger\/sites\/40\/2021\/09\/img-612f7e52835c4.jpg\",\"width\":720,\"height\":380,\"caption\":\"Ateliers \u00abRencontre des Acteurs\u00bb sur la fermeture de la COMINAK : R\u00e9flexions sur les voies pour faire face aux impacts socio\u00e9conomiques et pour la reconversion \u00e9conomique\"},{\"@type\":\"BreadcrumbList\",\"@id\":\"https:\/\/www.africa-press.net\/niger\/economie\/ateliers-rencontre-des-acteurs-sur-la-fermeture-de-la-cominak-reflexions-sur-les-voies-pour-faire-face-aux-impacts-socioeconomiques-et-pour-la-reconversion-economique#breadcrumb\",\"itemListElement\":[{\"@type\":\"ListItem\",\"position\":1,\"name\":\"Accueil\",\"item\":\"https:\/\/www.africa-press.net\/niger\/\"},{\"@type\":\"ListItem\",\"position\":2,\"name\":\"Ateliers \u00abRencontre des Acteurs\u00bb sur la fermeture de la COMINAK : R\u00e9flexions sur les voies pour faire face aux impacts socio\u00e9conomiques et pour la reconversion \u00e9conomique\"}]},{\"@type\":\"WebSite\",\"@id\":\"https:\/\/www.africa-press.net\/niger\/#website\",\"url\":\"https:\/\/www.africa-press.net\/niger\/\",\"name\":\"niger\",\"description\":\"Just another Africa News Agency Sites site\",\"potentialAction\":[{\"@type\":\"SearchAction\",\"target\":{\"@type\":\"EntryPoint\",\"urlTemplate\":\"https:\/\/www.africa-press.net\/niger\/?s={search_term_string}\"},\"query-input\":{\"@type\":\"PropertyValueSpecification\",\"valueRequired\":true,\"valueName\":\"search_term_string\"}}],\"inLanguage\":\"fr-FR\"},{\"@type\":\"Person\",\"@id\":\"https:\/\/www.africa-press.net\/niger\/#\/schema\/person\/2b1cf3cd81a31e3cd26889ca66d677f1\",\"name\":\"cfeditorfr\"}]}<\/script>\n<!-- \/ Yoast SEO Premium plugin. -->","yoast_head_json":{"title":"Ateliers \u00abRencontre des Acteurs\u00bb sur la fermeture de la COMINAK : R\u00e9flexions sur les voies pour faire face aux impacts socio\u00e9conomiques et pour la reconversion \u00e9conomique - niger","description":"\ufeffLe ministre du P\u00e9trole, de l\u2019Energie et des Energies Renouvelables, M. Mahamane Sani Mahamadou, assurant l\u2019int\u00e9rim de l ...","robots":{"index":"index","follow":"follow","max-snippet":"max-snippet:-1","max-image-preview":"max-image-preview:large","max-video-preview":"max-video-preview:-1"},"canonical":"https:\/\/www.africa-press.net\/niger\/economie\/ateliers-rencontre-des-acteurs-sur-la-fermeture-de-la-cominak-reflexions-sur-les-voies-pour-faire-face-aux-impacts-socioeconomiques-et-pour-la-reconversion-economique","og_locale":"fr_FR","og_type":"article","og_title":"Ateliers \u00abRencontre des Acteurs\u00bb sur la fermeture de la COMINAK : R\u00e9flexions sur les voies pour faire face aux impacts socio\u00e9conomiques et pour la reconversion \u00e9conomique","og_description":"\ufeffLe ministre du P\u00e9trole, de l\u2019Energie et des Energies Renouvelables, M. Mahamane Sani Mahamadou, assurant l\u2019int\u00e9rim de l ...","og_url":"https:\/\/www.africa-press.net\/niger\/economie\/ateliers-rencontre-des-acteurs-sur-la-fermeture-de-la-cominak-reflexions-sur-les-voies-pour-faire-face-aux-impacts-socioeconomiques-et-pour-la-reconversion-economique","og_site_name":"niger","article_published_time":"2021-09-01T14:43:33+00:00","og_image":[{"width":720,"height":380,"url":"https:\/\/static.africa-press.net\/niger\/sites\/40\/2021\/09\/img-612f7e52835c4.jpg","type":"image\/jpeg"}],"author":"cfeditorfr","twitter_card":"summary_large_image","twitter_misc":{"\u00c9crit par":"cfeditorfr","Dur\u00e9e de lecture estim\u00e9e":"3 minutes"},"schema":{"@context":"https:\/\/schema.org","@graph":[{"@type":"Article","@id":"https:\/\/www.africa-press.net\/niger\/economie\/ateliers-rencontre-des-acteurs-sur-la-fermeture-de-la-cominak-reflexions-sur-les-voies-pour-faire-face-aux-impacts-socioeconomiques-et-pour-la-reconversion-economique#article","isPartOf":{"@id":"https:\/\/www.africa-press.net\/niger\/economie\/ateliers-rencontre-des-acteurs-sur-la-fermeture-de-la-cominak-reflexions-sur-les-voies-pour-faire-face-aux-impacts-socioeconomiques-et-pour-la-reconversion-economique"},"author":{"name":"cfeditorfr","@id":"https:\/\/www.africa-press.net\/niger\/#\/schema\/person\/2b1cf3cd81a31e3cd26889ca66d677f1"},"headline":"Ateliers \u00abRencontre des Acteurs\u00bb sur la fermeture de la COMINAK : R\u00e9flexions sur les voies pour faire face aux impacts socio\u00e9conomiques et pour la reconversion \u00e9conomique","datePublished":"2021-09-01T14:43:33+00:00","mainEntityOfPage":{"@id":"https:\/\/www.africa-press.net\/niger\/economie\/ateliers-rencontre-des-acteurs-sur-la-fermeture-de-la-cominak-reflexions-sur-les-voies-pour-faire-face-aux-impacts-socioeconomiques-et-pour-la-reconversion-economique"},"wordCount":612,"commentCount":0,"image":{"@id":"https:\/\/www.africa-press.net\/niger\/economie\/ateliers-rencontre-des-acteurs-sur-la-fermeture-de-la-cominak-reflexions-sur-les-voies-pour-faire-face-aux-impacts-socioeconomiques-et-pour-la-reconversion-economique#primaryimage"},"thumbnailUrl":"https:\/\/static.africa-press.net\/niger\/sites\/40\/2021\/09\/img-612f7e52835c4.jpg","keywords":["Africa Press","Africa Press-Niger","Niger"],"articleSection":["\u00c9conomie","homepage-french","Top Nouvelles","Toutes les actualit\u00e9s"],"inLanguage":"fr-FR","potentialAction":[{"@type":"CommentAction","name":"Comment","target":["https:\/\/www.africa-press.net\/niger\/economie\/ateliers-rencontre-des-acteurs-sur-la-fermeture-de-la-cominak-reflexions-sur-les-voies-pour-faire-face-aux-impacts-socioeconomiques-et-pour-la-reconversion-economique#respond"]}]},{"@type":"WebPage","@id":"https:\/\/www.africa-press.net\/niger\/economie\/ateliers-rencontre-des-acteurs-sur-la-fermeture-de-la-cominak-reflexions-sur-les-voies-pour-faire-face-aux-impacts-socioeconomiques-et-pour-la-reconversion-economique","url":"https:\/\/www.africa-press.net\/niger\/economie\/ateliers-rencontre-des-acteurs-sur-la-fermeture-de-la-cominak-reflexions-sur-les-voies-pour-faire-face-aux-impacts-socioeconomiques-et-pour-la-reconversion-economique","name":"Ateliers \u00abRencontre des Acteurs\u00bb sur la fermeture de la COMINAK : R\u00e9flexions sur les voies pour faire face aux impacts socio\u00e9conomiques et pour la reconversion \u00e9conomique - niger","isPartOf":{"@id":"https:\/\/www.africa-press.net\/niger\/#website"},"primaryImageOfPage":{"@id":"https:\/\/www.africa-press.net\/niger\/economie\/ateliers-rencontre-des-acteurs-sur-la-fermeture-de-la-cominak-reflexions-sur-les-voies-pour-faire-face-aux-impacts-socioeconomiques-et-pour-la-reconversion-economique#primaryimage"},"image":{"@id":"https:\/\/www.africa-press.net\/niger\/economie\/ateliers-rencontre-des-acteurs-sur-la-fermeture-de-la-cominak-reflexions-sur-les-voies-pour-faire-face-aux-impacts-socioeconomiques-et-pour-la-reconversion-economique#primaryimage"},"thumbnailUrl":"https:\/\/static.africa-press.net\/niger\/sites\/40\/2021\/09\/img-612f7e52835c4.jpg","datePublished":"2021-09-01T14:43:33+00:00","author":{"@id":"https:\/\/www.africa-press.net\/niger\/#\/schema\/person\/2b1cf3cd81a31e3cd26889ca66d677f1"},"description":"\ufeffLe ministre du P\u00e9trole, de l\u2019Energie et des Energies Renouvelables, M. Mahamane Sani Mahamadou, assurant l\u2019int\u00e9rim de l ...","breadcrumb":{"@id":"https:\/\/www.africa-press.net\/niger\/economie\/ateliers-rencontre-des-acteurs-sur-la-fermeture-de-la-cominak-reflexions-sur-les-voies-pour-faire-face-aux-impacts-socioeconomiques-et-pour-la-reconversion-economique#breadcrumb"},"inLanguage":"fr-FR","potentialAction":[{"@type":"ReadAction","target":["https:\/\/www.africa-press.net\/niger\/economie\/ateliers-rencontre-des-acteurs-sur-la-fermeture-de-la-cominak-reflexions-sur-les-voies-pour-faire-face-aux-impacts-socioeconomiques-et-pour-la-reconversion-economique"]}]},{"@type":"ImageObject","inLanguage":"fr-FR","@id":"https:\/\/www.africa-press.net\/niger\/economie\/ateliers-rencontre-des-acteurs-sur-la-fermeture-de-la-cominak-reflexions-sur-les-voies-pour-faire-face-aux-impacts-socioeconomiques-et-pour-la-reconversion-economique#primaryimage","url":"https:\/\/static.africa-press.net\/niger\/sites\/40\/2021\/09\/img-612f7e52835c4.jpg","contentUrl":"https:\/\/static.africa-press.net\/niger\/sites\/40\/2021\/09\/img-612f7e52835c4.jpg","width":720,"height":380,"caption":"Ateliers \u00abRencontre des Acteurs\u00bb sur la fermeture de la COMINAK : R\u00e9flexions sur les voies pour faire face aux impacts socio\u00e9conomiques et pour la reconversion \u00e9conomique"},{"@type":"BreadcrumbList","@id":"https:\/\/www.africa-press.net\/niger\/economie\/ateliers-rencontre-des-acteurs-sur-la-fermeture-de-la-cominak-reflexions-sur-les-voies-pour-faire-face-aux-impacts-socioeconomiques-et-pour-la-reconversion-economique#breadcrumb","itemListElement":[{"@type":"ListItem","position":1,"name":"Accueil","item":"https:\/\/www.africa-press.net\/niger\/"},{"@type":"ListItem","position":2,"name":"Ateliers \u00abRencontre des Acteurs\u00bb sur la fermeture de la COMINAK : R\u00e9flexions sur les voies pour faire face aux impacts socio\u00e9conomiques et pour la reconversion \u00e9conomique"}]},{"@type":"WebSite","@id":"https:\/\/www.africa-press.net\/niger\/#website","url":"https:\/\/www.africa-press.net\/niger\/","name":"niger","description":"Just another Africa News Agency Sites site","potentialAction":[{"@type":"SearchAction","target":{"@type":"EntryPoint","urlTemplate":"https:\/\/www.africa-press.net\/niger\/?s={search_term_string}"},"query-input":{"@type":"PropertyValueSpecification","valueRequired":true,"valueName":"search_term_string"}}],"inLanguage":"fr-FR"},{"@type":"Person","@id":"https:\/\/www.africa-press.net\/niger\/#\/schema\/person\/2b1cf3cd81a31e3cd26889ca66d677f1","name":"cfeditorfr"}]}},"_links":{"self":[{"href":"https:\/\/www.africa-press.net\/niger\/wp-json\/wp\/v2\/posts\/11040","targetHints":{"allow":["GET"]}}],"collection":[{"href":"https:\/\/www.africa-press.net\/niger\/wp-json\/wp\/v2\/posts"}],"about":[{"href":"https:\/\/www.africa-press.net\/niger\/wp-json\/wp\/v2\/types\/post"}],"author":[{"embeddable":true,"href":"https:\/\/www.africa-press.net\/niger\/wp-json\/wp\/v2\/users\/82"}],"replies":[{"embeddable":true,"href":"https:\/\/www.africa-press.net\/niger\/wp-json\/wp\/v2\/comments?post=11040"}],"version-history":[{"count":0,"href":"https:\/\/www.africa-press.net\/niger\/wp-json\/wp\/v2\/posts\/11040\/revisions"}],"wp:featuredmedia":[{"embeddable":true,"href":"https:\/\/www.africa-press.net\/niger\/wp-json\/wp\/v2\/media\/11039"}],"wp:attachment":[{"href":"https:\/\/www.africa-press.net\/niger\/wp-json\/wp\/v2\/media?parent=11040"}],"wp:term":[{"taxonomy":"category","embeddable":true,"href":"https:\/\/www.africa-press.net\/niger\/wp-json\/wp\/v2\/categories?post=11040"},{"taxonomy":"post_tag","embeddable":true,"href":"https:\/\/www.africa-press.net\/niger\/wp-json\/wp\/v2\/tags?post=11040"}],"curies":[{"name":"wp","href":"https:\/\/api.w.org\/{rel}","templated":true}]}}