{"id":11046,"date":"2021-09-01T14:56:58","date_gmt":"2021-09-01T14:56:58","guid":{"rendered":"https:\/\/www.africa-press.net\/niger\/?p=11046"},"modified":"2021-09-01T13:23:17","modified_gmt":"2021-09-01T13:23:17","slug":"reunion-des-ministres-en-charge-de-la-defense-nationale-des-pays-du-g5-sahel-definir-une-nouvelle-approche-pour-une-meilleure-securisation-de-lespace-commun","status":"publish","type":"post","link":"https:\/\/www.africa-press.net\/niger\/politique\/reunion-des-ministres-en-charge-de-la-defense-nationale-des-pays-du-g5-sahel-definir-une-nouvelle-approche-pour-une-meilleure-securisation-de-lespace-commun","title":{"rendered":"R\u00e9union des ministres en charge de la D\u00e9fense nationale des pays du G5-Sahel : D\u00e9finir une nouvelle approche pour une meilleure s\u00e9curisation de l\u2019espace commun"},"content":{"rendered":"<p><span style=\"color: #ff6600\"><strong><a href=\"https:\/\/www.africa-press.net\/\">Africa-Press<\/a> &#8211; <a href=\"https:\/\/www.africa-press.net\/niger\">Niger<\/a>. <\/strong><\/span>Du 31 ao\u00fbt au 1er septembre 2021, Niamey accueille une r\u00e9union des ministres en charge de la D\u00e9fense nationale des pays du G5-Sahel, \u00e9largie aux Chefs d\u2019\u00e9tats-majors g\u00e9n\u00e9raux des Arm\u00e9es des pays dudit espace. D\u00e9finir une nouvelle approche \u00e0 adopter pour minimiser les cons\u00e9quences que pourrait engendrer la nouvelle donne s\u00e9curitaire et revisiter le concept strat\u00e9gique de la Force conjointe du G5 Sahel, afin de l\u2019adapter au contexte s\u00e9curitaire actuel, en coordination avec les FDS nationales et les forces partenaires en pr\u00e9sence, tels sont les objectifs assign\u00e9s \u00e0 cette rencontre. Les ministres en charge de la D\u00e9fense nationale des cinq pays membres dudit espace, leurs chefs d\u2019\u00e9tats-majors, des repr\u00e9sentants du Syst\u00e8me des Nation Unies, des ambassadeurs et responsables du corps diplomatique ainsi que de nombreux invit\u00e9s ont pris part \u00e0 la c\u00e9r\u00e9monie d\u2019ouverture de la r\u00e9union de Niamey.<\/p>\n<p>A cette occasion le ministre de la D\u00e9fense Nationale, M. Alkasoum Indatou a indiqu\u00e9 que face aux d\u00e9fis majeurs, dont ceux li\u00e9s \u00e0 la s\u00e9curit\u00e9 et au d\u00e9veloppement, qui mettent en p\u00e9ril la stabilit\u00e9 des Etats membres du G5 Sahel, les gouvernements de ces pays se sont engag\u00e9s, sous les leaderships de leurs Chefs d\u2019Etat et de gouvernement, \u00e0 mutualiser leurs efforts, par la mise en place d\u2019un dispositifs s\u00e9curitaire global dans le cadre de cet espace sous r\u00e9gional, afin de lutter efficacement contre la menace terroriste et ses corollaires. \u00abAujourd\u2019hui, tout en saluant les efforts entrepris \u00e0 divers niveaux, force est de constater que la situation s\u00e9curitaire sur l\u2019ensemble de notre espace commun reste impr\u00e9visible et volatile. Elle demeure particuli\u00e8rement pr\u00e9occupante dans le fuseau centre de la Force Conjointe du G5 Sahel, commun\u00e9ment appel\u00e9 zone des trois fronti\u00e8res ou du Liptako-Gourma, avec la menace persistante et croissante des activit\u00e9s des groupes arm\u00e9s terroristes, notamment le groupe de soutien \u00e0 l\u2019Islam et aux musulmans (GSIM) et l\u2019Etat islamique au Grand Sahara (EIGS)\u00bb, a-t-il regrett\u00e9.<\/p>\n<p>Cette situation pr\u00e9occupante, caract\u00e9ris\u00e9e par des attaques r\u00e9currentes et de mani\u00e8re indiscrimin\u00e9e sur les populations civiles et les FDS constitue selon le ministre Alkassoum Indatou, un enjeu majeur pour nos forces. En outre, le retrait annonc\u00e9 de la Force Barkhane du nord du Mali et de sa transformation future est une nouvelle donne s\u00e9curitaire \u00e0 prendre en compte. \u00abDans cette nouvelle approche que nous nous devons d\u2019observer une place appr\u00e9ciable doit \u00eatre accord\u00e9e aux actions bilat\u00e9rales et multilat\u00e9rales, en mettant en exergue nos propres capacit\u00e9s\u00bb, a sugg\u00e9r\u00e9 le ministre de la D\u00e9fense Nationale. Il a par ailleurs relev\u00e9 \u2018\u2018les r\u00e9sultats forts appr\u00e9ciables\u2019\u2019 obtenus par la Force Conjointe du G5 sahel, lors du 3\u00e8me et 4\u00e8me mandat de la p\u00e9riode d\u2019ao\u00fbt 2019 \u00e0 ao\u00fbt 2021. M. Alkassoum Indatou a ajout\u00e9 que dans le cadre du \u2018\u2018sursaut civil\u2019\u2019, d\u00e9cid\u00e9 par les cinq Chefs d\u2019Etats du G5 Sahel, les 15 et 16 f\u00e9vrier dernier \u00e0 N\u2019Djamena, une implication des populations dans leur propre s\u00e9curisation, \u00e0 travers une collaboration saine et constructive, entre elles et les FDS est plus que d\u2019actualit\u00e9. \u00abCette implication et collaboration seront d\u2019autant plus acquises, si nous arrivons \u00e0 imposer un rapport de force en notre faveur sur le terrain\u00bb, a estim\u00e9 le ministre Indatou.<\/p>\n<p>Quant \u00e0 l\u2019Envoy\u00e9 Sp\u00e9cial du Syst\u00e8me des Nation Unies au Mali, M. El Ghassim Wane, il a mis en relief deux aspects. Le premier est relatif \u00e0 la n\u00e9cessit\u00e9 pour les pays de disposer de capacit\u00e9s ad\u00e9quates, en termes de stockage, pour recevoir le soutien qui sera fourni sur la base du nouveau mode de soutien. Le second aspect porte sur la n\u00e9cessit\u00e9 de la mise \u00e0 disposition, par les pays du G5, d\u2019attestation d\u2019exon\u00e9ration des produits destin\u00e9s aux bataillons. \u00abCela est urgent, pour permettre aux prestataires de services de mener \u00e0 bien les t\u00e2ches qui leurs sont confi\u00e9es. Nous sommes en train de notifier \u00e0 tous les pays impliqu\u00e9s les quantit\u00e9s devant \u00eatre exon\u00e9r\u00e9es \u00e0 cet \u00e9gard\u00bb, a d\u00e9clar\u00e9 M. Wane.<\/p>\n<p>Proc\u00e9dant \u00e0 l\u2019ouverture de la r\u00e9union, le ministre tchadien de la D\u00e9fense nationale, le G\u00e9n\u00e9ral des Corps d\u2019Arm\u00e9es, Daoud Yaya Brahim a rappel\u00e9 que le but de cette rencontre est d\u2019\u00e9changer sur la nouvelle dimension de la lutte contre les groupes arm\u00e9s terroristes dans la bande du Sahel et plus pr\u00e9cis\u00e9ment dans les diff\u00e9rents fuseaux composants les th\u00e9\u00e2tres des op\u00e9rations de la Force G5 Sahel. \u00abLa d\u00e9cision fran\u00e7aise de la reconfiguration de la Force Barkhane, partenaire op\u00e9rationnelle de la Force conjointe du G5 Sahel, qui est immanquablement en cours de mise en \u0153uvre, n\u00e9cessite des dispositions utiles et urgentes \u00e0 prendre, pour apporter des r\u00e9ponses ad\u00e9quates \u00e0 la Force G5 Sahel, afin de lui permettre de garder l\u2019\u00e9lan, de continuer \u00e0 remplir efficacement les missions qui lui sont assign\u00e9es\u00bb, a d\u00e9clar\u00e9 le G\u00e9n\u00e9ral Brahim.<\/p>\n<p>Pour le ministre tchadien de la D\u00e9fense nationale, cette nouvelle donne ne doit en aucun cas impacter n\u00e9gativement les missions d\u00e9volues \u00e0 la force conjointe G5 Sahel. le G\u00e9n\u00e9ral Brahim a ensuite relev\u00e9 les multiples d\u00e9fis observ\u00e9s dans la bande du Sahel et qui n\u00e9cessitent des r\u00e9ponses urgentes et ad\u00e9quates. \u00abLa question s\u00e9curitaire doit \u00eatre une priorit\u00e9 afin de pr\u00e9server cet espace du banditisme transfrontalier, du trafic illicite et du terrorisme. Aucun pays au monde n\u2019est \u00e9pargn\u00e9 par ces maux. Nous devons mutualiser les ressources pour arriver \u00e0 cet objectif. Celui de s\u00e9curiser la bande du Sahel afin de permettre une libre circulation des personnes et des biens. Il faut aussi une coop\u00e9ration entre les pays, le renforcement de capacit\u00e9s de nos forces et surtout la mise en commun des ressources pour mener cette lutte. Nous devons mutualiser davantage nos ressources afin de faire face \u00e0 cette lutte qui semble perdurer dans notre espace communautaire\u00bb, a sugg\u00e9r\u00e9 le G\u00e9n\u00e9ral tchadien Daoud Yaya Brahim. \u00abDans ce monde en perp\u00e9tuel mutation, gangr\u00e9n\u00e9 par des menaces traditionnelles et non traditionnelles, les arm\u00e9es du G5 Sahel, \u00e0 l\u2019instar de celles du monde, doivent revoir leurs m\u00e9thodes et approches pour faire face \u00e0 ces d\u00e9fis de l\u2019heure\u00bb, a propos\u00e9 le ministre tchadien de la D\u00e9fense nationale.<\/p>\n<p><b>Mahamadou Diallo(onep)<\/b><\/p>\n","protected":false},"excerpt":{"rendered":"<p>Africa-Press &#8211; Niger. Du 31 ao\u00fbt au 1er septembre 2021, Niamey accueille une r\u00e9union des ministres en charge de la D\u00e9fense nationale des pays du G5-Sahel, \u00e9largie aux Chefs d\u2019\u00e9tats-majors g\u00e9n\u00e9raux des Arm\u00e9es des pays dudit espace. D\u00e9finir une nouvelle approche \u00e0 adopter pour minimiser les cons\u00e9quences que pourrait engendrer la nouvelle donne s\u00e9curitaire et [&hellip;]<\/p>\n","protected":false},"author":82,"featured_media":11045,"comment_status":"open","ping_status":"closed","sticky":false,"template":"","format":"standard","meta":{"footnotes":""},"categories":[11,2,10],"tags":[55,60,29],"class_list":["post-11046","post","type-post","status-publish","format-standard","has-post-thumbnail","hentry","category-homepage-french","category-politique","category-toutes-les-actualites","tag-africa-press","tag-africa-press-niger","tag-niger"],"yoast_head":"<!-- This site is optimized with the Yoast SEO Premium plugin v26.1 (Yoast SEO v27.0) - https:\/\/yoast.com\/product\/yoast-seo-premium-wordpress\/ -->\n<title>R\u00e9union des ministres en charge de la D\u00e9fense nationale des pays du G5-Sahel : D\u00e9finir une nouvelle approche pour une meilleure s\u00e9curisation de l\u2019espace commun - niger<\/title>\n<meta name=\"description\" content=\"\ufeffDu 31 ao\u00fbt au 1er septembre 2021, Niamey accueille une r\u00e9union des ministres en charge de la D\u00e9fense nationale des pays ...\" \/>\n<meta name=\"robots\" content=\"index, follow, max-snippet:-1, max-image-preview:large, max-video-preview:-1\" \/>\n<link rel=\"canonical\" href=\"https:\/\/www.africa-press.net\/niger\/politique\/reunion-des-ministres-en-charge-de-la-defense-nationale-des-pays-du-g5-sahel-definir-une-nouvelle-approche-pour-une-meilleure-securisation-de-lespace-commun\" \/>\n<meta property=\"og:locale\" content=\"fr_FR\" \/>\n<meta property=\"og:type\" content=\"article\" \/>\n<meta property=\"og:title\" content=\"R\u00e9union des ministres en charge de la D\u00e9fense nationale des pays du G5-Sahel : D\u00e9finir une nouvelle approche pour une meilleure s\u00e9curisation de l\u2019espace commun\" \/>\n<meta property=\"og:description\" content=\"\ufeffDu 31 ao\u00fbt au 1er septembre 2021, Niamey accueille une r\u00e9union des ministres en charge de la D\u00e9fense nationale des pays ...\" \/>\n<meta property=\"og:url\" content=\"https:\/\/www.africa-press.net\/niger\/politique\/reunion-des-ministres-en-charge-de-la-defense-nationale-des-pays-du-g5-sahel-definir-une-nouvelle-approche-pour-une-meilleure-securisation-de-lespace-commun\" \/>\n<meta property=\"og:site_name\" content=\"niger\" \/>\n<meta property=\"article:published_time\" content=\"2021-09-01T14:56:58+00:00\" \/>\n<meta property=\"og:image\" content=\"https:\/\/static.africa-press.net\/niger\/sites\/40\/2021\/09\/img-612f7ea65bb2a.jpg\" \/>\n\t<meta property=\"og:image:width\" content=\"720\" \/>\n\t<meta property=\"og:image:height\" content=\"435\" \/>\n\t<meta property=\"og:image:type\" content=\"image\/jpeg\" \/>\n<meta name=\"author\" content=\"cfeditorfr\" \/>\n<meta name=\"twitter:card\" content=\"summary_large_image\" \/>\n<meta name=\"twitter:label1\" content=\"\u00c9crit par\" \/>\n\t<meta name=\"twitter:data1\" content=\"cfeditorfr\" \/>\n\t<meta name=\"twitter:label2\" content=\"Dur\u00e9e de lecture estim\u00e9e\" \/>\n\t<meta name=\"twitter:data2\" content=\"6 minutes\" \/>\n<script type=\"application\/ld+json\" class=\"yoast-schema-graph\">{\"@context\":\"https:\/\/schema.org\",\"@graph\":[{\"@type\":\"Article\",\"@id\":\"https:\/\/www.africa-press.net\/niger\/politique\/reunion-des-ministres-en-charge-de-la-defense-nationale-des-pays-du-g5-sahel-definir-une-nouvelle-approche-pour-une-meilleure-securisation-de-lespace-commun#article\",\"isPartOf\":{\"@id\":\"https:\/\/www.africa-press.net\/niger\/politique\/reunion-des-ministres-en-charge-de-la-defense-nationale-des-pays-du-g5-sahel-definir-une-nouvelle-approche-pour-une-meilleure-securisation-de-lespace-commun\"},\"author\":{\"name\":\"cfeditorfr\",\"@id\":\"https:\/\/www.africa-press.net\/niger\/#\/schema\/person\/2b1cf3cd81a31e3cd26889ca66d677f1\"},\"headline\":\"R\u00e9union des ministres en charge de la D\u00e9fense nationale des pays du G5-Sahel : D\u00e9finir une nouvelle approche pour une meilleure s\u00e9curisation de l\u2019espace commun\",\"datePublished\":\"2021-09-01T14:56:58+00:00\",\"mainEntityOfPage\":{\"@id\":\"https:\/\/www.africa-press.net\/niger\/politique\/reunion-des-ministres-en-charge-de-la-defense-nationale-des-pays-du-g5-sahel-definir-une-nouvelle-approche-pour-une-meilleure-securisation-de-lespace-commun\"},\"wordCount\":1134,\"commentCount\":0,\"image\":{\"@id\":\"https:\/\/www.africa-press.net\/niger\/politique\/reunion-des-ministres-en-charge-de-la-defense-nationale-des-pays-du-g5-sahel-definir-une-nouvelle-approche-pour-une-meilleure-securisation-de-lespace-commun#primaryimage\"},\"thumbnailUrl\":\"https:\/\/static.africa-press.net\/niger\/sites\/40\/2021\/09\/img-612f7ea65bb2a.jpg\",\"keywords\":[\"Africa Press\",\"Africa Press-Niger\",\"Niger\"],\"articleSection\":[\"homepage-french\",\"Politique\",\"Toutes les actualit\u00e9s\"],\"inLanguage\":\"fr-FR\",\"potentialAction\":[{\"@type\":\"CommentAction\",\"name\":\"Comment\",\"target\":[\"https:\/\/www.africa-press.net\/niger\/politique\/reunion-des-ministres-en-charge-de-la-defense-nationale-des-pays-du-g5-sahel-definir-une-nouvelle-approche-pour-une-meilleure-securisation-de-lespace-commun#respond\"]}]},{\"@type\":\"WebPage\",\"@id\":\"https:\/\/www.africa-press.net\/niger\/politique\/reunion-des-ministres-en-charge-de-la-defense-nationale-des-pays-du-g5-sahel-definir-une-nouvelle-approche-pour-une-meilleure-securisation-de-lespace-commun\",\"url\":\"https:\/\/www.africa-press.net\/niger\/politique\/reunion-des-ministres-en-charge-de-la-defense-nationale-des-pays-du-g5-sahel-definir-une-nouvelle-approche-pour-une-meilleure-securisation-de-lespace-commun\",\"name\":\"R\u00e9union des ministres en charge de la D\u00e9fense nationale des pays du G5-Sahel : D\u00e9finir une nouvelle approche pour une meilleure s\u00e9curisation de l\u2019espace commun - niger\",\"isPartOf\":{\"@id\":\"https:\/\/www.africa-press.net\/niger\/#website\"},\"primaryImageOfPage\":{\"@id\":\"https:\/\/www.africa-press.net\/niger\/politique\/reunion-des-ministres-en-charge-de-la-defense-nationale-des-pays-du-g5-sahel-definir-une-nouvelle-approche-pour-une-meilleure-securisation-de-lespace-commun#primaryimage\"},\"image\":{\"@id\":\"https:\/\/www.africa-press.net\/niger\/politique\/reunion-des-ministres-en-charge-de-la-defense-nationale-des-pays-du-g5-sahel-definir-une-nouvelle-approche-pour-une-meilleure-securisation-de-lespace-commun#primaryimage\"},\"thumbnailUrl\":\"https:\/\/static.africa-press.net\/niger\/sites\/40\/2021\/09\/img-612f7ea65bb2a.jpg\",\"datePublished\":\"2021-09-01T14:56:58+00:00\",\"author\":{\"@id\":\"https:\/\/www.africa-press.net\/niger\/#\/schema\/person\/2b1cf3cd81a31e3cd26889ca66d677f1\"},\"description\":\"\ufeffDu 31 ao\u00fbt au 1er septembre 2021, Niamey accueille une r\u00e9union des ministres en charge de la D\u00e9fense nationale des pays ...\",\"breadcrumb\":{\"@id\":\"https:\/\/www.africa-press.net\/niger\/politique\/reunion-des-ministres-en-charge-de-la-defense-nationale-des-pays-du-g5-sahel-definir-une-nouvelle-approche-pour-une-meilleure-securisation-de-lespace-commun#breadcrumb\"},\"inLanguage\":\"fr-FR\",\"potentialAction\":[{\"@type\":\"ReadAction\",\"target\":[\"https:\/\/www.africa-press.net\/niger\/politique\/reunion-des-ministres-en-charge-de-la-defense-nationale-des-pays-du-g5-sahel-definir-une-nouvelle-approche-pour-une-meilleure-securisation-de-lespace-commun\"]}]},{\"@type\":\"ImageObject\",\"inLanguage\":\"fr-FR\",\"@id\":\"https:\/\/www.africa-press.net\/niger\/politique\/reunion-des-ministres-en-charge-de-la-defense-nationale-des-pays-du-g5-sahel-definir-une-nouvelle-approche-pour-une-meilleure-securisation-de-lespace-commun#primaryimage\",\"url\":\"https:\/\/static.africa-press.net\/niger\/sites\/40\/2021\/09\/img-612f7ea65bb2a.jpg\",\"contentUrl\":\"https:\/\/static.africa-press.net\/niger\/sites\/40\/2021\/09\/img-612f7ea65bb2a.jpg\",\"width\":720,\"height\":435,\"caption\":\"R\u00e9union des ministres en charge de la D\u00e9fense nationale des pays du G5-Sahel : D\u00e9finir une nouvelle approche pour une meilleure s\u00e9curisation de l\u2019espace commun\"},{\"@type\":\"BreadcrumbList\",\"@id\":\"https:\/\/www.africa-press.net\/niger\/politique\/reunion-des-ministres-en-charge-de-la-defense-nationale-des-pays-du-g5-sahel-definir-une-nouvelle-approche-pour-une-meilleure-securisation-de-lespace-commun#breadcrumb\",\"itemListElement\":[{\"@type\":\"ListItem\",\"position\":1,\"name\":\"Accueil\",\"item\":\"https:\/\/www.africa-press.net\/niger\/\"},{\"@type\":\"ListItem\",\"position\":2,\"name\":\"R\u00e9union des ministres en charge de la D\u00e9fense nationale des pays du G5-Sahel : D\u00e9finir une nouvelle approche pour une meilleure s\u00e9curisation de l\u2019espace commun\"}]},{\"@type\":\"WebSite\",\"@id\":\"https:\/\/www.africa-press.net\/niger\/#website\",\"url\":\"https:\/\/www.africa-press.net\/niger\/\",\"name\":\"niger\",\"description\":\"Just another Africa News Agency Sites site\",\"potentialAction\":[{\"@type\":\"SearchAction\",\"target\":{\"@type\":\"EntryPoint\",\"urlTemplate\":\"https:\/\/www.africa-press.net\/niger\/?s={search_term_string}\"},\"query-input\":{\"@type\":\"PropertyValueSpecification\",\"valueRequired\":true,\"valueName\":\"search_term_string\"}}],\"inLanguage\":\"fr-FR\"},{\"@type\":\"Person\",\"@id\":\"https:\/\/www.africa-press.net\/niger\/#\/schema\/person\/2b1cf3cd81a31e3cd26889ca66d677f1\",\"name\":\"cfeditorfr\"}]}<\/script>\n<!-- \/ Yoast SEO Premium plugin. -->","yoast_head_json":{"title":"R\u00e9union des ministres en charge de la D\u00e9fense nationale des pays du G5-Sahel : D\u00e9finir une nouvelle approche pour une meilleure s\u00e9curisation de l\u2019espace commun - niger","description":"\ufeffDu 31 ao\u00fbt au 1er septembre 2021, Niamey accueille une r\u00e9union des ministres en charge de la D\u00e9fense nationale des pays ...","robots":{"index":"index","follow":"follow","max-snippet":"max-snippet:-1","max-image-preview":"max-image-preview:large","max-video-preview":"max-video-preview:-1"},"canonical":"https:\/\/www.africa-press.net\/niger\/politique\/reunion-des-ministres-en-charge-de-la-defense-nationale-des-pays-du-g5-sahel-definir-une-nouvelle-approche-pour-une-meilleure-securisation-de-lespace-commun","og_locale":"fr_FR","og_type":"article","og_title":"R\u00e9union des ministres en charge de la D\u00e9fense nationale des pays du G5-Sahel : D\u00e9finir une nouvelle approche pour une meilleure s\u00e9curisation de l\u2019espace commun","og_description":"\ufeffDu 31 ao\u00fbt au 1er septembre 2021, Niamey accueille une r\u00e9union des ministres en charge de la D\u00e9fense nationale des pays ...","og_url":"https:\/\/www.africa-press.net\/niger\/politique\/reunion-des-ministres-en-charge-de-la-defense-nationale-des-pays-du-g5-sahel-definir-une-nouvelle-approche-pour-une-meilleure-securisation-de-lespace-commun","og_site_name":"niger","article_published_time":"2021-09-01T14:56:58+00:00","og_image":[{"width":720,"height":435,"url":"https:\/\/static.africa-press.net\/niger\/sites\/40\/2021\/09\/img-612f7ea65bb2a.jpg","type":"image\/jpeg"}],"author":"cfeditorfr","twitter_card":"summary_large_image","twitter_misc":{"\u00c9crit par":"cfeditorfr","Dur\u00e9e de lecture estim\u00e9e":"6 minutes"},"schema":{"@context":"https:\/\/schema.org","@graph":[{"@type":"Article","@id":"https:\/\/www.africa-press.net\/niger\/politique\/reunion-des-ministres-en-charge-de-la-defense-nationale-des-pays-du-g5-sahel-definir-une-nouvelle-approche-pour-une-meilleure-securisation-de-lespace-commun#article","isPartOf":{"@id":"https:\/\/www.africa-press.net\/niger\/politique\/reunion-des-ministres-en-charge-de-la-defense-nationale-des-pays-du-g5-sahel-definir-une-nouvelle-approche-pour-une-meilleure-securisation-de-lespace-commun"},"author":{"name":"cfeditorfr","@id":"https:\/\/www.africa-press.net\/niger\/#\/schema\/person\/2b1cf3cd81a31e3cd26889ca66d677f1"},"headline":"R\u00e9union des ministres en charge de la D\u00e9fense nationale des pays du G5-Sahel : D\u00e9finir une nouvelle approche pour une meilleure s\u00e9curisation de l\u2019espace commun","datePublished":"2021-09-01T14:56:58+00:00","mainEntityOfPage":{"@id":"https:\/\/www.africa-press.net\/niger\/politique\/reunion-des-ministres-en-charge-de-la-defense-nationale-des-pays-du-g5-sahel-definir-une-nouvelle-approche-pour-une-meilleure-securisation-de-lespace-commun"},"wordCount":1134,"commentCount":0,"image":{"@id":"https:\/\/www.africa-press.net\/niger\/politique\/reunion-des-ministres-en-charge-de-la-defense-nationale-des-pays-du-g5-sahel-definir-une-nouvelle-approche-pour-une-meilleure-securisation-de-lespace-commun#primaryimage"},"thumbnailUrl":"https:\/\/static.africa-press.net\/niger\/sites\/40\/2021\/09\/img-612f7ea65bb2a.jpg","keywords":["Africa Press","Africa Press-Niger","Niger"],"articleSection":["homepage-french","Politique","Toutes les actualit\u00e9s"],"inLanguage":"fr-FR","potentialAction":[{"@type":"CommentAction","name":"Comment","target":["https:\/\/www.africa-press.net\/niger\/politique\/reunion-des-ministres-en-charge-de-la-defense-nationale-des-pays-du-g5-sahel-definir-une-nouvelle-approche-pour-une-meilleure-securisation-de-lespace-commun#respond"]}]},{"@type":"WebPage","@id":"https:\/\/www.africa-press.net\/niger\/politique\/reunion-des-ministres-en-charge-de-la-defense-nationale-des-pays-du-g5-sahel-definir-une-nouvelle-approche-pour-une-meilleure-securisation-de-lespace-commun","url":"https:\/\/www.africa-press.net\/niger\/politique\/reunion-des-ministres-en-charge-de-la-defense-nationale-des-pays-du-g5-sahel-definir-une-nouvelle-approche-pour-une-meilleure-securisation-de-lespace-commun","name":"R\u00e9union des ministres en charge de la D\u00e9fense nationale des pays du G5-Sahel : D\u00e9finir une nouvelle approche pour une meilleure s\u00e9curisation de l\u2019espace commun - niger","isPartOf":{"@id":"https:\/\/www.africa-press.net\/niger\/#website"},"primaryImageOfPage":{"@id":"https:\/\/www.africa-press.net\/niger\/politique\/reunion-des-ministres-en-charge-de-la-defense-nationale-des-pays-du-g5-sahel-definir-une-nouvelle-approche-pour-une-meilleure-securisation-de-lespace-commun#primaryimage"},"image":{"@id":"https:\/\/www.africa-press.net\/niger\/politique\/reunion-des-ministres-en-charge-de-la-defense-nationale-des-pays-du-g5-sahel-definir-une-nouvelle-approche-pour-une-meilleure-securisation-de-lespace-commun#primaryimage"},"thumbnailUrl":"https:\/\/static.africa-press.net\/niger\/sites\/40\/2021\/09\/img-612f7ea65bb2a.jpg","datePublished":"2021-09-01T14:56:58+00:00","author":{"@id":"https:\/\/www.africa-press.net\/niger\/#\/schema\/person\/2b1cf3cd81a31e3cd26889ca66d677f1"},"description":"\ufeffDu 31 ao\u00fbt au 1er septembre 2021, Niamey accueille une r\u00e9union des ministres en charge de la D\u00e9fense nationale des pays ...","breadcrumb":{"@id":"https:\/\/www.africa-press.net\/niger\/politique\/reunion-des-ministres-en-charge-de-la-defense-nationale-des-pays-du-g5-sahel-definir-une-nouvelle-approche-pour-une-meilleure-securisation-de-lespace-commun#breadcrumb"},"inLanguage":"fr-FR","potentialAction":[{"@type":"ReadAction","target":["https:\/\/www.africa-press.net\/niger\/politique\/reunion-des-ministres-en-charge-de-la-defense-nationale-des-pays-du-g5-sahel-definir-une-nouvelle-approche-pour-une-meilleure-securisation-de-lespace-commun"]}]},{"@type":"ImageObject","inLanguage":"fr-FR","@id":"https:\/\/www.africa-press.net\/niger\/politique\/reunion-des-ministres-en-charge-de-la-defense-nationale-des-pays-du-g5-sahel-definir-une-nouvelle-approche-pour-une-meilleure-securisation-de-lespace-commun#primaryimage","url":"https:\/\/static.africa-press.net\/niger\/sites\/40\/2021\/09\/img-612f7ea65bb2a.jpg","contentUrl":"https:\/\/static.africa-press.net\/niger\/sites\/40\/2021\/09\/img-612f7ea65bb2a.jpg","width":720,"height":435,"caption":"R\u00e9union des ministres en charge de la D\u00e9fense nationale des pays du G5-Sahel : D\u00e9finir une nouvelle approche pour une meilleure s\u00e9curisation de l\u2019espace commun"},{"@type":"BreadcrumbList","@id":"https:\/\/www.africa-press.net\/niger\/politique\/reunion-des-ministres-en-charge-de-la-defense-nationale-des-pays-du-g5-sahel-definir-une-nouvelle-approche-pour-une-meilleure-securisation-de-lespace-commun#breadcrumb","itemListElement":[{"@type":"ListItem","position":1,"name":"Accueil","item":"https:\/\/www.africa-press.net\/niger\/"},{"@type":"ListItem","position":2,"name":"R\u00e9union des ministres en charge de la D\u00e9fense nationale des pays du G5-Sahel : D\u00e9finir une nouvelle approche pour une meilleure s\u00e9curisation de l\u2019espace commun"}]},{"@type":"WebSite","@id":"https:\/\/www.africa-press.net\/niger\/#website","url":"https:\/\/www.africa-press.net\/niger\/","name":"niger","description":"Just another Africa News Agency Sites site","potentialAction":[{"@type":"SearchAction","target":{"@type":"EntryPoint","urlTemplate":"https:\/\/www.africa-press.net\/niger\/?s={search_term_string}"},"query-input":{"@type":"PropertyValueSpecification","valueRequired":true,"valueName":"search_term_string"}}],"inLanguage":"fr-FR"},{"@type":"Person","@id":"https:\/\/www.africa-press.net\/niger\/#\/schema\/person\/2b1cf3cd81a31e3cd26889ca66d677f1","name":"cfeditorfr"}]}},"_links":{"self":[{"href":"https:\/\/www.africa-press.net\/niger\/wp-json\/wp\/v2\/posts\/11046","targetHints":{"allow":["GET"]}}],"collection":[{"href":"https:\/\/www.africa-press.net\/niger\/wp-json\/wp\/v2\/posts"}],"about":[{"href":"https:\/\/www.africa-press.net\/niger\/wp-json\/wp\/v2\/types\/post"}],"author":[{"embeddable":true,"href":"https:\/\/www.africa-press.net\/niger\/wp-json\/wp\/v2\/users\/82"}],"replies":[{"embeddable":true,"href":"https:\/\/www.africa-press.net\/niger\/wp-json\/wp\/v2\/comments?post=11046"}],"version-history":[{"count":0,"href":"https:\/\/www.africa-press.net\/niger\/wp-json\/wp\/v2\/posts\/11046\/revisions"}],"wp:featuredmedia":[{"embeddable":true,"href":"https:\/\/www.africa-press.net\/niger\/wp-json\/wp\/v2\/media\/11045"}],"wp:attachment":[{"href":"https:\/\/www.africa-press.net\/niger\/wp-json\/wp\/v2\/media?parent=11046"}],"wp:term":[{"taxonomy":"category","embeddable":true,"href":"https:\/\/www.africa-press.net\/niger\/wp-json\/wp\/v2\/categories?post=11046"},{"taxonomy":"post_tag","embeddable":true,"href":"https:\/\/www.africa-press.net\/niger\/wp-json\/wp\/v2\/tags?post=11046"}],"curies":[{"name":"wp","href":"https:\/\/api.w.org\/{rel}","templated":true}]}}