{"id":11052,"date":"2021-09-01T15:12:22","date_gmt":"2021-09-01T15:12:22","guid":{"rendered":"https:\/\/www.africa-press.net\/niger\/?p=11052"},"modified":"2021-09-01T13:24:42","modified_gmt":"2021-09-01T13:24:42","slug":"a-la-presidence-de-la-republique-le-chef-de-letat-recoit-une-delegation-onusienne-et-celle-des-ministres-en-charge-de-la-defense-des-pays-membres-du-g5-sahel","status":"publish","type":"post","link":"https:\/\/www.africa-press.net\/niger\/politique\/a-la-presidence-de-la-republique-le-chef-de-letat-recoit-une-delegation-onusienne-et-celle-des-ministres-en-charge-de-la-defense-des-pays-membres-du-g5-sahel","title":{"rendered":"A la Pr\u00e9sidence de la R\u00e9publique : Le Chef de l\u2019Etat re\u00e7oit une d\u00e9l\u00e9gation onusienne et celle des ministres en charge de la D\u00e9fense des pays membres du G5 Sahel"},"content":{"rendered":"<p><span style=\"color: #ff6600\"><strong><a href=\"https:\/\/www.africa-press.net\/\">Africa-Press<\/a> &#8211; <a href=\"https:\/\/www.africa-press.net\/niger\">Niger<\/a>. <\/strong><\/span>Le Pr\u00e9sident de la R\u00e9publique, Chef de l\u2019Etat, SEM Mohamed Bazoum a accord\u00e9 hier apr\u00e8s-midi deux audiences. C\u2019est ainsi qu\u2019il a re\u00e7u successivement une d\u00e9l\u00e9gation onusienne conduite par le Repr\u00e9sentant Sp\u00e9cial du Secr\u00e9taire G\u00e9n\u00e9ral de l\u2019ONU au Mali et Chef de la MINUSMA, El-Ghassim WANE et une d\u00e9l\u00e9gation conduite par le ministre de la D\u00e9fense nationale du Tchad, le G\u00e9n\u00e9ral de Corps d\u2019Arm\u00e9es, Daoud Yaya Brahim.<\/p>\n<p>Le repr\u00e9sentant Sp\u00e9cial du Secr\u00e9taire G\u00e9n\u00e9ral de l\u2019ONU au Mali et Chef de la MINUSMA qui s\u00e9journe \u00e0 Niamey dans le cadre de la r\u00e9union extraordinaire des ministres en charge de la D\u00e9fense nationale des pays membres du G5 Sahel, est all\u00e9 exprimer toute son appr\u00e9ciation au Chef de l\u2019Etat pour la contribution du Niger \u00e0 la MINUSMA. Le diplomate onusien a rappel\u00e9 que le Niger contribue fortement en bataillons qui sont d\u00e9ploy\u00e9s dans la zone de M\u00e9naka et \u00e0 Ansongo (Mali). \u00abJe saisis cette occasion pour exprimer mes remerciements au Niger pour son engagement, la qualit\u00e9 de l\u2019engagement de ses troupes, les actions qu\u2019elles font sur le terrain au service du Mali et des Maliens. J\u2019ai profit\u00e9 de l\u2019occasion pour parler du travail que m\u00e8ne la MINUSMA en appui dans le cadre de son mandat et du soutien que nous apportons \u00e0 la Force Conjointe du G5 Sahel pour lui permettre de s\u2019acquitter des responsabilit\u00e9s qui lui ont \u00e9t\u00e9 confi\u00e9es\u00bb, a d\u00e9clar\u00e9 El-Ghassim WANE.<\/p>\n<p>Pour sa part, le ministre de la D\u00e9fense nationale du Tchad, le G\u00e9n\u00e9ral de Corps d\u2019Arm\u00e9es, Daoud Yaya Brahim a exprim\u00e9 son remerciement \u00e0 l\u2019endroit du Niger pour avoir abrit\u00e9 cette r\u00e9union extraordinaire des ministres de la D\u00e9fense nationale des pays membres du G5 Sahel. Il a rappel\u00e9 que depuis deux jours, les experts ont fait un travail qui a \u00e9t\u00e9 adopt\u00e9 par les Chefs d\u2019Etat-major puis valid\u00e9 par les ministres en charge de la d\u00e9fense nationale. \u00abNous avons rendu compte au Pr\u00e9sident de la R\u00e9publique du Niger qui a facilit\u00e9 cette conf\u00e9rence et qui a tenu \u00e0 ce que des recommandations puissent \u00eatre approuv\u00e9es sur la lutte contre le terrorisme dans le Sahel. Nous avons rendu compte de toutes les d\u00e9cisions prises par les ministres en charge de la D\u00e9fense et les experts en ce qui concerne notre lutte contre le terrorisme\u00bb, a-t-il conclu.<\/p>\n<p><b>Mamane Abdoulaye(onep)<\/b><\/p>\n","protected":false},"excerpt":{"rendered":"<p>Africa-Press &#8211; Niger. Le Pr\u00e9sident de la R\u00e9publique, Chef de l\u2019Etat, SEM Mohamed Bazoum a accord\u00e9 hier apr\u00e8s-midi deux audiences. C\u2019est ainsi qu\u2019il a re\u00e7u successivement une d\u00e9l\u00e9gation onusienne conduite par le Repr\u00e9sentant Sp\u00e9cial du Secr\u00e9taire G\u00e9n\u00e9ral de l\u2019ONU au Mali et Chef de la MINUSMA, El-Ghassim WANE et une d\u00e9l\u00e9gation conduite par le ministre [&hellip;]<\/p>\n","protected":false},"author":82,"featured_media":11051,"comment_status":"open","ping_status":"closed","sticky":false,"template":"","format":"standard","meta":{"footnotes":""},"categories":[11,2,20,10],"tags":[55,60,29],"class_list":["post-11052","post","type-post","status-publish","format-standard","has-post-thumbnail","hentry","category-homepage-french","category-politique","category-top-nouvelles","category-toutes-les-actualites","tag-africa-press","tag-africa-press-niger","tag-niger"],"yoast_head":"<!-- This site is optimized with the Yoast SEO Premium plugin v26.1 (Yoast SEO v27.0) - https:\/\/yoast.com\/product\/yoast-seo-premium-wordpress\/ -->\n<title>A la Pr\u00e9sidence de la R\u00e9publique : Le Chef de l\u2019Etat re\u00e7oit une d\u00e9l\u00e9gation onusienne et celle des ministres en charge de la D\u00e9fense des pays membres du G5 Sahel - niger<\/title>\n<meta name=\"description\" content=\"\ufeffLe Pr\u00e9sident de la R\u00e9publique, Chef de l\u2019Etat, SEM Mohamed Bazoum a accord\u00e9 hier apr\u00e8s-midi deux audiences. C\u2019est ainsi ...\" \/>\n<meta name=\"robots\" content=\"index, follow, max-snippet:-1, max-image-preview:large, max-video-preview:-1\" \/>\n<link rel=\"canonical\" href=\"https:\/\/www.africa-press.net\/niger\/politique\/a-la-presidence-de-la-republique-le-chef-de-letat-recoit-une-delegation-onusienne-et-celle-des-ministres-en-charge-de-la-defense-des-pays-membres-du-g5-sahel\" \/>\n<meta property=\"og:locale\" content=\"fr_FR\" \/>\n<meta property=\"og:type\" content=\"article\" \/>\n<meta property=\"og:title\" content=\"A la Pr\u00e9sidence de la R\u00e9publique : Le Chef de l\u2019Etat re\u00e7oit une d\u00e9l\u00e9gation onusienne et celle des ministres en charge de la D\u00e9fense des pays membres du G5 Sahel\" \/>\n<meta property=\"og:description\" content=\"\ufeffLe Pr\u00e9sident de la R\u00e9publique, Chef de l\u2019Etat, SEM Mohamed Bazoum a accord\u00e9 hier apr\u00e8s-midi deux audiences. C\u2019est ainsi ...\" \/>\n<meta property=\"og:url\" content=\"https:\/\/www.africa-press.net\/niger\/politique\/a-la-presidence-de-la-republique-le-chef-de-letat-recoit-une-delegation-onusienne-et-celle-des-ministres-en-charge-de-la-defense-des-pays-membres-du-g5-sahel\" \/>\n<meta property=\"og:site_name\" content=\"niger\" \/>\n<meta property=\"article:published_time\" content=\"2021-09-01T15:12:22+00:00\" \/>\n<meta property=\"og:image\" content=\"https:\/\/static.africa-press.net\/niger\/sites\/40\/2021\/09\/img-612f7efb45166.jpg\" \/>\n\t<meta property=\"og:image:width\" content=\"720\" \/>\n\t<meta property=\"og:image:height\" content=\"446\" \/>\n\t<meta property=\"og:image:type\" content=\"image\/jpeg\" \/>\n<meta name=\"author\" content=\"cfeditorfr\" \/>\n<meta name=\"twitter:card\" content=\"summary_large_image\" \/>\n<meta name=\"twitter:label1\" content=\"\u00c9crit par\" \/>\n\t<meta name=\"twitter:data1\" content=\"cfeditorfr\" \/>\n\t<meta name=\"twitter:label2\" content=\"Dur\u00e9e de lecture estim\u00e9e\" \/>\n\t<meta name=\"twitter:data2\" content=\"2 minutes\" \/>\n<script type=\"application\/ld+json\" class=\"yoast-schema-graph\">{\"@context\":\"https:\/\/schema.org\",\"@graph\":[{\"@type\":\"Article\",\"@id\":\"https:\/\/www.africa-press.net\/niger\/politique\/a-la-presidence-de-la-republique-le-chef-de-letat-recoit-une-delegation-onusienne-et-celle-des-ministres-en-charge-de-la-defense-des-pays-membres-du-g5-sahel#article\",\"isPartOf\":{\"@id\":\"https:\/\/www.africa-press.net\/niger\/politique\/a-la-presidence-de-la-republique-le-chef-de-letat-recoit-une-delegation-onusienne-et-celle-des-ministres-en-charge-de-la-defense-des-pays-membres-du-g5-sahel\"},\"author\":{\"name\":\"cfeditorfr\",\"@id\":\"https:\/\/www.africa-press.net\/niger\/#\/schema\/person\/2b1cf3cd81a31e3cd26889ca66d677f1\"},\"headline\":\"A la Pr\u00e9sidence de la R\u00e9publique : Le Chef de l\u2019Etat re\u00e7oit une d\u00e9l\u00e9gation onusienne et celle des ministres en charge de la D\u00e9fense des pays membres du G5 Sahel\",\"datePublished\":\"2021-09-01T15:12:22+00:00\",\"mainEntityOfPage\":{\"@id\":\"https:\/\/www.africa-press.net\/niger\/politique\/a-la-presidence-de-la-republique-le-chef-de-letat-recoit-une-delegation-onusienne-et-celle-des-ministres-en-charge-de-la-defense-des-pays-membres-du-g5-sahel\"},\"wordCount\":473,\"commentCount\":0,\"image\":{\"@id\":\"https:\/\/www.africa-press.net\/niger\/politique\/a-la-presidence-de-la-republique-le-chef-de-letat-recoit-une-delegation-onusienne-et-celle-des-ministres-en-charge-de-la-defense-des-pays-membres-du-g5-sahel#primaryimage\"},\"thumbnailUrl\":\"https:\/\/static.africa-press.net\/niger\/sites\/40\/2021\/09\/img-612f7efb45166.jpg\",\"keywords\":[\"Africa Press\",\"Africa Press-Niger\",\"Niger\"],\"articleSection\":[\"homepage-french\",\"Politique\",\"Top Nouvelles\",\"Toutes les actualit\u00e9s\"],\"inLanguage\":\"fr-FR\",\"potentialAction\":[{\"@type\":\"CommentAction\",\"name\":\"Comment\",\"target\":[\"https:\/\/www.africa-press.net\/niger\/politique\/a-la-presidence-de-la-republique-le-chef-de-letat-recoit-une-delegation-onusienne-et-celle-des-ministres-en-charge-de-la-defense-des-pays-membres-du-g5-sahel#respond\"]}]},{\"@type\":\"WebPage\",\"@id\":\"https:\/\/www.africa-press.net\/niger\/politique\/a-la-presidence-de-la-republique-le-chef-de-letat-recoit-une-delegation-onusienne-et-celle-des-ministres-en-charge-de-la-defense-des-pays-membres-du-g5-sahel\",\"url\":\"https:\/\/www.africa-press.net\/niger\/politique\/a-la-presidence-de-la-republique-le-chef-de-letat-recoit-une-delegation-onusienne-et-celle-des-ministres-en-charge-de-la-defense-des-pays-membres-du-g5-sahel\",\"name\":\"A la Pr\u00e9sidence de la R\u00e9publique : Le Chef de l\u2019Etat re\u00e7oit une d\u00e9l\u00e9gation onusienne et celle des ministres en charge de la D\u00e9fense des pays membres du G5 Sahel - niger\",\"isPartOf\":{\"@id\":\"https:\/\/www.africa-press.net\/niger\/#website\"},\"primaryImageOfPage\":{\"@id\":\"https:\/\/www.africa-press.net\/niger\/politique\/a-la-presidence-de-la-republique-le-chef-de-letat-recoit-une-delegation-onusienne-et-celle-des-ministres-en-charge-de-la-defense-des-pays-membres-du-g5-sahel#primaryimage\"},\"image\":{\"@id\":\"https:\/\/www.africa-press.net\/niger\/politique\/a-la-presidence-de-la-republique-le-chef-de-letat-recoit-une-delegation-onusienne-et-celle-des-ministres-en-charge-de-la-defense-des-pays-membres-du-g5-sahel#primaryimage\"},\"thumbnailUrl\":\"https:\/\/static.africa-press.net\/niger\/sites\/40\/2021\/09\/img-612f7efb45166.jpg\",\"datePublished\":\"2021-09-01T15:12:22+00:00\",\"author\":{\"@id\":\"https:\/\/www.africa-press.net\/niger\/#\/schema\/person\/2b1cf3cd81a31e3cd26889ca66d677f1\"},\"description\":\"\ufeffLe Pr\u00e9sident de la R\u00e9publique, Chef de l\u2019Etat, SEM Mohamed Bazoum a accord\u00e9 hier apr\u00e8s-midi deux audiences. C\u2019est ainsi ...\",\"breadcrumb\":{\"@id\":\"https:\/\/www.africa-press.net\/niger\/politique\/a-la-presidence-de-la-republique-le-chef-de-letat-recoit-une-delegation-onusienne-et-celle-des-ministres-en-charge-de-la-defense-des-pays-membres-du-g5-sahel#breadcrumb\"},\"inLanguage\":\"fr-FR\",\"potentialAction\":[{\"@type\":\"ReadAction\",\"target\":[\"https:\/\/www.africa-press.net\/niger\/politique\/a-la-presidence-de-la-republique-le-chef-de-letat-recoit-une-delegation-onusienne-et-celle-des-ministres-en-charge-de-la-defense-des-pays-membres-du-g5-sahel\"]}]},{\"@type\":\"ImageObject\",\"inLanguage\":\"fr-FR\",\"@id\":\"https:\/\/www.africa-press.net\/niger\/politique\/a-la-presidence-de-la-republique-le-chef-de-letat-recoit-une-delegation-onusienne-et-celle-des-ministres-en-charge-de-la-defense-des-pays-membres-du-g5-sahel#primaryimage\",\"url\":\"https:\/\/static.africa-press.net\/niger\/sites\/40\/2021\/09\/img-612f7efb45166.jpg\",\"contentUrl\":\"https:\/\/static.africa-press.net\/niger\/sites\/40\/2021\/09\/img-612f7efb45166.jpg\",\"width\":720,\"height\":446,\"caption\":\"A la Pr\u00e9sidence de la R\u00e9publique : Le Chef de l\u2019Etat re\u00e7oit une d\u00e9l\u00e9gation onusienne et celle des ministres en charge de la D\u00e9fense des pays membres du G5 Sahel\"},{\"@type\":\"BreadcrumbList\",\"@id\":\"https:\/\/www.africa-press.net\/niger\/politique\/a-la-presidence-de-la-republique-le-chef-de-letat-recoit-une-delegation-onusienne-et-celle-des-ministres-en-charge-de-la-defense-des-pays-membres-du-g5-sahel#breadcrumb\",\"itemListElement\":[{\"@type\":\"ListItem\",\"position\":1,\"name\":\"Accueil\",\"item\":\"https:\/\/www.africa-press.net\/niger\/\"},{\"@type\":\"ListItem\",\"position\":2,\"name\":\"A la Pr\u00e9sidence de la R\u00e9publique : Le Chef de l\u2019Etat re\u00e7oit une d\u00e9l\u00e9gation onusienne et celle des ministres en charge de la D\u00e9fense des pays membres du G5 Sahel\"}]},{\"@type\":\"WebSite\",\"@id\":\"https:\/\/www.africa-press.net\/niger\/#website\",\"url\":\"https:\/\/www.africa-press.net\/niger\/\",\"name\":\"niger\",\"description\":\"Just another Africa News Agency Sites site\",\"potentialAction\":[{\"@type\":\"SearchAction\",\"target\":{\"@type\":\"EntryPoint\",\"urlTemplate\":\"https:\/\/www.africa-press.net\/niger\/?s={search_term_string}\"},\"query-input\":{\"@type\":\"PropertyValueSpecification\",\"valueRequired\":true,\"valueName\":\"search_term_string\"}}],\"inLanguage\":\"fr-FR\"},{\"@type\":\"Person\",\"@id\":\"https:\/\/www.africa-press.net\/niger\/#\/schema\/person\/2b1cf3cd81a31e3cd26889ca66d677f1\",\"name\":\"cfeditorfr\"}]}<\/script>\n<!-- \/ Yoast SEO Premium plugin. -->","yoast_head_json":{"title":"A la Pr\u00e9sidence de la R\u00e9publique : Le Chef de l\u2019Etat re\u00e7oit une d\u00e9l\u00e9gation onusienne et celle des ministres en charge de la D\u00e9fense des pays membres du G5 Sahel - niger","description":"\ufeffLe Pr\u00e9sident de la R\u00e9publique, Chef de l\u2019Etat, SEM Mohamed Bazoum a accord\u00e9 hier apr\u00e8s-midi deux audiences. C\u2019est ainsi ...","robots":{"index":"index","follow":"follow","max-snippet":"max-snippet:-1","max-image-preview":"max-image-preview:large","max-video-preview":"max-video-preview:-1"},"canonical":"https:\/\/www.africa-press.net\/niger\/politique\/a-la-presidence-de-la-republique-le-chef-de-letat-recoit-une-delegation-onusienne-et-celle-des-ministres-en-charge-de-la-defense-des-pays-membres-du-g5-sahel","og_locale":"fr_FR","og_type":"article","og_title":"A la Pr\u00e9sidence de la R\u00e9publique : Le Chef de l\u2019Etat re\u00e7oit une d\u00e9l\u00e9gation onusienne et celle des ministres en charge de la D\u00e9fense des pays membres du G5 Sahel","og_description":"\ufeffLe Pr\u00e9sident de la R\u00e9publique, Chef de l\u2019Etat, SEM Mohamed Bazoum a accord\u00e9 hier apr\u00e8s-midi deux audiences. C\u2019est ainsi ...","og_url":"https:\/\/www.africa-press.net\/niger\/politique\/a-la-presidence-de-la-republique-le-chef-de-letat-recoit-une-delegation-onusienne-et-celle-des-ministres-en-charge-de-la-defense-des-pays-membres-du-g5-sahel","og_site_name":"niger","article_published_time":"2021-09-01T15:12:22+00:00","og_image":[{"width":720,"height":446,"url":"https:\/\/static.africa-press.net\/niger\/sites\/40\/2021\/09\/img-612f7efb45166.jpg","type":"image\/jpeg"}],"author":"cfeditorfr","twitter_card":"summary_large_image","twitter_misc":{"\u00c9crit par":"cfeditorfr","Dur\u00e9e de lecture estim\u00e9e":"2 minutes"},"schema":{"@context":"https:\/\/schema.org","@graph":[{"@type":"Article","@id":"https:\/\/www.africa-press.net\/niger\/politique\/a-la-presidence-de-la-republique-le-chef-de-letat-recoit-une-delegation-onusienne-et-celle-des-ministres-en-charge-de-la-defense-des-pays-membres-du-g5-sahel#article","isPartOf":{"@id":"https:\/\/www.africa-press.net\/niger\/politique\/a-la-presidence-de-la-republique-le-chef-de-letat-recoit-une-delegation-onusienne-et-celle-des-ministres-en-charge-de-la-defense-des-pays-membres-du-g5-sahel"},"author":{"name":"cfeditorfr","@id":"https:\/\/www.africa-press.net\/niger\/#\/schema\/person\/2b1cf3cd81a31e3cd26889ca66d677f1"},"headline":"A la Pr\u00e9sidence de la R\u00e9publique : Le Chef de l\u2019Etat re\u00e7oit une d\u00e9l\u00e9gation onusienne et celle des ministres en charge de la D\u00e9fense des pays membres du G5 Sahel","datePublished":"2021-09-01T15:12:22+00:00","mainEntityOfPage":{"@id":"https:\/\/www.africa-press.net\/niger\/politique\/a-la-presidence-de-la-republique-le-chef-de-letat-recoit-une-delegation-onusienne-et-celle-des-ministres-en-charge-de-la-defense-des-pays-membres-du-g5-sahel"},"wordCount":473,"commentCount":0,"image":{"@id":"https:\/\/www.africa-press.net\/niger\/politique\/a-la-presidence-de-la-republique-le-chef-de-letat-recoit-une-delegation-onusienne-et-celle-des-ministres-en-charge-de-la-defense-des-pays-membres-du-g5-sahel#primaryimage"},"thumbnailUrl":"https:\/\/static.africa-press.net\/niger\/sites\/40\/2021\/09\/img-612f7efb45166.jpg","keywords":["Africa Press","Africa Press-Niger","Niger"],"articleSection":["homepage-french","Politique","Top Nouvelles","Toutes les actualit\u00e9s"],"inLanguage":"fr-FR","potentialAction":[{"@type":"CommentAction","name":"Comment","target":["https:\/\/www.africa-press.net\/niger\/politique\/a-la-presidence-de-la-republique-le-chef-de-letat-recoit-une-delegation-onusienne-et-celle-des-ministres-en-charge-de-la-defense-des-pays-membres-du-g5-sahel#respond"]}]},{"@type":"WebPage","@id":"https:\/\/www.africa-press.net\/niger\/politique\/a-la-presidence-de-la-republique-le-chef-de-letat-recoit-une-delegation-onusienne-et-celle-des-ministres-en-charge-de-la-defense-des-pays-membres-du-g5-sahel","url":"https:\/\/www.africa-press.net\/niger\/politique\/a-la-presidence-de-la-republique-le-chef-de-letat-recoit-une-delegation-onusienne-et-celle-des-ministres-en-charge-de-la-defense-des-pays-membres-du-g5-sahel","name":"A la Pr\u00e9sidence de la R\u00e9publique : Le Chef de l\u2019Etat re\u00e7oit une d\u00e9l\u00e9gation onusienne et celle des ministres en charge de la D\u00e9fense des pays membres du G5 Sahel - niger","isPartOf":{"@id":"https:\/\/www.africa-press.net\/niger\/#website"},"primaryImageOfPage":{"@id":"https:\/\/www.africa-press.net\/niger\/politique\/a-la-presidence-de-la-republique-le-chef-de-letat-recoit-une-delegation-onusienne-et-celle-des-ministres-en-charge-de-la-defense-des-pays-membres-du-g5-sahel#primaryimage"},"image":{"@id":"https:\/\/www.africa-press.net\/niger\/politique\/a-la-presidence-de-la-republique-le-chef-de-letat-recoit-une-delegation-onusienne-et-celle-des-ministres-en-charge-de-la-defense-des-pays-membres-du-g5-sahel#primaryimage"},"thumbnailUrl":"https:\/\/static.africa-press.net\/niger\/sites\/40\/2021\/09\/img-612f7efb45166.jpg","datePublished":"2021-09-01T15:12:22+00:00","author":{"@id":"https:\/\/www.africa-press.net\/niger\/#\/schema\/person\/2b1cf3cd81a31e3cd26889ca66d677f1"},"description":"\ufeffLe Pr\u00e9sident de la R\u00e9publique, Chef de l\u2019Etat, SEM Mohamed Bazoum a accord\u00e9 hier apr\u00e8s-midi deux audiences. C\u2019est ainsi ...","breadcrumb":{"@id":"https:\/\/www.africa-press.net\/niger\/politique\/a-la-presidence-de-la-republique-le-chef-de-letat-recoit-une-delegation-onusienne-et-celle-des-ministres-en-charge-de-la-defense-des-pays-membres-du-g5-sahel#breadcrumb"},"inLanguage":"fr-FR","potentialAction":[{"@type":"ReadAction","target":["https:\/\/www.africa-press.net\/niger\/politique\/a-la-presidence-de-la-republique-le-chef-de-letat-recoit-une-delegation-onusienne-et-celle-des-ministres-en-charge-de-la-defense-des-pays-membres-du-g5-sahel"]}]},{"@type":"ImageObject","inLanguage":"fr-FR","@id":"https:\/\/www.africa-press.net\/niger\/politique\/a-la-presidence-de-la-republique-le-chef-de-letat-recoit-une-delegation-onusienne-et-celle-des-ministres-en-charge-de-la-defense-des-pays-membres-du-g5-sahel#primaryimage","url":"https:\/\/static.africa-press.net\/niger\/sites\/40\/2021\/09\/img-612f7efb45166.jpg","contentUrl":"https:\/\/static.africa-press.net\/niger\/sites\/40\/2021\/09\/img-612f7efb45166.jpg","width":720,"height":446,"caption":"A la Pr\u00e9sidence de la R\u00e9publique : Le Chef de l\u2019Etat re\u00e7oit une d\u00e9l\u00e9gation onusienne et celle des ministres en charge de la D\u00e9fense des pays membres du G5 Sahel"},{"@type":"BreadcrumbList","@id":"https:\/\/www.africa-press.net\/niger\/politique\/a-la-presidence-de-la-republique-le-chef-de-letat-recoit-une-delegation-onusienne-et-celle-des-ministres-en-charge-de-la-defense-des-pays-membres-du-g5-sahel#breadcrumb","itemListElement":[{"@type":"ListItem","position":1,"name":"Accueil","item":"https:\/\/www.africa-press.net\/niger\/"},{"@type":"ListItem","position":2,"name":"A la Pr\u00e9sidence de la R\u00e9publique : Le Chef de l\u2019Etat re\u00e7oit une d\u00e9l\u00e9gation onusienne et celle des ministres en charge de la D\u00e9fense des pays membres du G5 Sahel"}]},{"@type":"WebSite","@id":"https:\/\/www.africa-press.net\/niger\/#website","url":"https:\/\/www.africa-press.net\/niger\/","name":"niger","description":"Just another Africa News Agency Sites site","potentialAction":[{"@type":"SearchAction","target":{"@type":"EntryPoint","urlTemplate":"https:\/\/www.africa-press.net\/niger\/?s={search_term_string}"},"query-input":{"@type":"PropertyValueSpecification","valueRequired":true,"valueName":"search_term_string"}}],"inLanguage":"fr-FR"},{"@type":"Person","@id":"https:\/\/www.africa-press.net\/niger\/#\/schema\/person\/2b1cf3cd81a31e3cd26889ca66d677f1","name":"cfeditorfr"}]}},"_links":{"self":[{"href":"https:\/\/www.africa-press.net\/niger\/wp-json\/wp\/v2\/posts\/11052","targetHints":{"allow":["GET"]}}],"collection":[{"href":"https:\/\/www.africa-press.net\/niger\/wp-json\/wp\/v2\/posts"}],"about":[{"href":"https:\/\/www.africa-press.net\/niger\/wp-json\/wp\/v2\/types\/post"}],"author":[{"embeddable":true,"href":"https:\/\/www.africa-press.net\/niger\/wp-json\/wp\/v2\/users\/82"}],"replies":[{"embeddable":true,"href":"https:\/\/www.africa-press.net\/niger\/wp-json\/wp\/v2\/comments?post=11052"}],"version-history":[{"count":0,"href":"https:\/\/www.africa-press.net\/niger\/wp-json\/wp\/v2\/posts\/11052\/revisions"}],"wp:featuredmedia":[{"embeddable":true,"href":"https:\/\/www.africa-press.net\/niger\/wp-json\/wp\/v2\/media\/11051"}],"wp:attachment":[{"href":"https:\/\/www.africa-press.net\/niger\/wp-json\/wp\/v2\/media?parent=11052"}],"wp:term":[{"taxonomy":"category","embeddable":true,"href":"https:\/\/www.africa-press.net\/niger\/wp-json\/wp\/v2\/categories?post=11052"},{"taxonomy":"post_tag","embeddable":true,"href":"https:\/\/www.africa-press.net\/niger\/wp-json\/wp\/v2\/tags?post=11052"}],"curies":[{"name":"wp","href":"https:\/\/api.w.org\/{rel}","templated":true}]}}