{"id":11068,"date":"2021-09-03T07:46:58","date_gmt":"2021-09-03T07:46:58","guid":{"rendered":"https:\/\/www.africa-press.net\/niger\/?p=11068"},"modified":"2021-09-03T19:47:41","modified_gmt":"2021-09-03T19:47:41","slug":"niger-tenue-a-niamey-de-la-11eme-edition-du-prix-de-lexcellence-et-du-merite-couplee-au-lancement-des-activites-de-la-fondation-noor","status":"publish","type":"post","link":"https:\/\/www.africa-press.net\/niger\/culture-et-art\/niger-tenue-a-niamey-de-la-11eme-edition-du-prix-de-lexcellence-et-du-merite-couplee-au-lancement-des-activites-de-la-fondation-noor","title":{"rendered":"Tenue \u00e0 Niamey de la 11\u00e8me \u00e9dition du \u2018\u2019Prix de l\u2019Excellence et du M\u00e9rite\u2019\u2019 coupl\u00e9e au lancement des activit\u00e9s de la Fondation Noor"},"content":{"rendered":"<p><span style=\"color: #ff6600\"><strong><a href=\"https:\/\/www.africa-press.net\/\">Africa-Press<\/a> &#8211; <a href=\"https:\/\/www.africa-press.net\/niger\">Niger<\/a>. <\/strong><\/span>la Fondation Noor de la Premi\u00e8re Dame du Niger, Mme Bazoum Hadiza, a organis\u00e9, ce jeudi 2 Septembre 2021 \u00e0 Niamey, la 11\u00e8me \u00e9dition du \u2018\u2019Prix de l\u2019Excellence et du M\u00e9rite\u2019\u2019, un \u00e9v\u00e9nement qui r\u00e9compense chaque ann\u00e9e les meilleurs \u00e9l\u00e8ves et enseignants au niveau national.<\/p>\n<p>Cet \u00e9v\u00e9nement a \u00e9t\u00e9 aussi l\u2019occasion pour la Fondation de l\u2019\u00e9pouse du Pr\u00e9sident de la R\u00e9publique de lancer officiellement ses activit\u00e9s.<\/p>\n<p>L\u2019\u00e9dition 2021 du Prix d\u2019Excellence, note-t-on, a r\u00e9compens\u00e9 204 \u00e9l\u00e8ves des niveaux primaire, coll\u00e8ge et lyc\u00e9e des huit (8) R\u00e9gion du pays. Ces prix ont concern\u00e9 aussi bien les \u00e9l\u00e8ves des enseignements g\u00e9n\u00e9raux que ceux des enseignements professionnel et technique.<\/p>\n<p>Les enseignants prim\u00e9s, pr\u00e9cise-t-on, sont au nombre de 24, soit 3 r\u00e9cipiendaires par R\u00e9gion.<\/p>\n<p>Cette jeune organisation de d\u00e9veloppement a d\u00e9cid\u00e9 de d\u00e9marrer ses activit\u00e9s avec cette c\u00e9r\u00e9monie de remise de prix pour \u00ab prouver tout son engagement pour le d\u00e9veloppement du capital humain dans notre pays \u00bb, a d\u00e9clar\u00e9 sa pr\u00e9sidente, Mme Bazoum Hadiza, dans son discours de lancement.<\/p>\n<p>Le Prix de l\u2019Excellence et du M\u00e9rite, rappelle-t-on, est une initiative lanc\u00e9e depuis 2011 par l\u2019ancienne premi\u00e8re Dame, Mme Aissata Mahamadou Issoufou, \u00e0 qui la continuatrice a rendu un hommage.<\/p>\n<p>\u00ab Permettez-moi de rendre un hommage m\u00e9rit\u00e9 \u00e0 ma s\u0153ur et amie Hadjia Aissata Issoufou, Pr\u00e9sidente de la \u2018\u2019Fondation Guri Vie Meilleure\u2019\u2019 qui a initi\u00e9 et perp\u00e9tu\u00e9 cet \u00e9v\u00e9nement qui honore chaque ann\u00e9e les meilleurs \u00e9l\u00e8ves et leurs enseignants \u00bb, a-t-elle d\u00e9clar\u00e9.<\/p>\n<p>Selon la Premi\u00e8re Dame du Niger, de 2011 \u00e0 2021, le \u2018\u2019Prix de l\u2019Excellence et du M\u00e9rite\u2019\u2019 a r\u00e9compens\u00e9 plus de trois mille (3.000) \u00e9l\u00e8ves, \u00e9tudiants et enseignants les plus m\u00e9ritants.<\/p>\n<p>Dans cette adresse, l\u2019\u00e9pouse du Chef de l\u2019Etat a \u00e9galement situ\u00e9 la place du th\u00e8me de cette \u00e9dition dans le contexte \u00e9ducatif actuel.<\/p>\n<p>\u00ab Plac\u00e9e cette ann\u00e9e sous le th\u00e8me : \u00ab\u00a0la qualit\u00e9 de l\u2019\u00e9ducation et de la formation par le num\u00e9rique\u00a0\u00bb, la 11\u00e8me \u00e9dition du Prix de l\u2019Excellence et du M\u00e9rite entend appuyer les multiples efforts du Gouvernement dans la mise en \u0153uvre du programme du d\u00e9veloppement de l\u2019\u00e9ducation en g\u00e9n\u00e9ral et de la formation technique et professionnelle en particulier \u00bb, a-t-elle expliqu\u00e9.<\/p>\n<p>\u00ab Le choix de ce th\u00e8me se justifie par le r\u00f4le que joue le num\u00e9rique dans le d\u00e9veloppement de notre pays \u00bb, a-t-elle poursuivi, avant d\u2019indiquer que \u00ab le parrainage de cette c\u00e9r\u00e9monie t\u00e9moigne mon engagement \u00e0 la mise en \u0153uvre du Programme de Renaissance Acte III dans lequel le Pr\u00e9sident de la R\u00e9publique, Chef de l\u2019Etat a fait de l\u2019\u00e9ducation sa plus grande priorit\u00e9 \u00bb.<\/p>\n<p>Intervenant \u00e0 son tour, le Ministre de l\u2019Education Nationale, Dr Rabiou Ousmane, a indiqu\u00e9 que cette c\u00e9r\u00e9monie de distinction \u00ab se situe aussi dans le sillage des objectifs du Programme de transition du secteur de l\u2019\u00e9ducation et de la formation qui pr\u00f4ne l\u2019am\u00e9lioration de la qualit\u00e9 des enseignements et apprentissages dans nos \u00e9tablissements scolaires et de formation \u00bb.<\/p>\n<p>C\u2019est pourquoi, explique-t-il, \u00ab pour les autorit\u00e9s de la 7\u00e8me R\u00e9publique, l\u2019objectif vis\u00e9 par cette initiative est d\u2019encourager les scolaires dans leurs efforts d\u2019apprentissage afin de devenir des cadres comp\u00e9tents et de haut niveau dont le pays a besoin \u00bb.<\/p>\n<p>Selon toujours Dr Rabiou Ousmane, cette ann\u00e9e 2021, la c\u00e9r\u00e9monie est conjointement organis\u00e9e par les cinq (5) minist\u00e8res en charge de l\u2019\u00e9ducation et de la formation et la Fondation Noor. Les laur\u00e9ats, a-t-il poursuivi, sont les \u00e9l\u00e8ves du primaire, du secondaire premier et deuxi\u00e8me cycle, des \u00e9coles professionnelles des niveaux moyen et sup\u00e9rieur.<\/p>\n<p>Cette c\u00e9r\u00e9monie de lancement a vu la participation des parlementaires, des membres du gouvernement nig\u00e9rien, des membres du conseil d\u2019administration de la fondation, des diplomates et repr\u00e9sentants des organisations internationales accr\u00e9dit\u00e9s au Niger et d\u2019autres personnalit\u00e9s nig\u00e9riennes et \u00e9trang\u00e8res.<\/p>\n<p>La Fondation Noor, indique-t-on, vise l\u2019am\u00e9lioration des conditions de vie des populations les plus vuln\u00e9rables dans ses zones d\u2019intervention. De fa\u00e7on sp\u00e9cifique, elle ambitionne de promouvoir l\u2019\u00e9galit\u00e9 des sexes et l\u2019autonomisation des femmes et des jeunes ; d\u2019am\u00e9liorer la sant\u00e9 et le bien-\u00eatre de la population ; d\u2019assurer l\u2019acc\u00e8s et le maintien des jeunes \u00e0 une \u00e9ducation de qualit\u00e9, entre autres.<\/p>\n<p>&nbsp;<\/p>\n","protected":false},"excerpt":{"rendered":"<p>Africa-Press &#8211; Niger. la Fondation Noor de la Premi\u00e8re Dame du Niger, Mme Bazoum Hadiza, a organis\u00e9, ce jeudi 2 Septembre 2021 \u00e0 Niamey, la 11\u00e8me \u00e9dition du \u2018\u2019Prix de l\u2019Excellence et du M\u00e9rite\u2019\u2019, un \u00e9v\u00e9nement qui r\u00e9compense chaque ann\u00e9e les meilleurs \u00e9l\u00e8ves et enseignants au niveau national. Cet \u00e9v\u00e9nement a \u00e9t\u00e9 aussi l\u2019occasion pour [&hellip;]<\/p>\n","protected":false},"author":82,"featured_media":11067,"comment_status":"open","ping_status":"closed","sticky":false,"template":"","format":"standard","meta":{"footnotes":""},"categories":[5,11,10],"tags":[55,60,29],"class_list":["post-11068","post","type-post","status-publish","format-standard","has-post-thumbnail","hentry","category-culture-et-art","category-homepage-french","category-toutes-les-actualites","tag-africa-press","tag-africa-press-niger","tag-niger"],"yoast_head":"<!-- This site is optimized with the Yoast SEO Premium plugin v26.1 (Yoast SEO v27.0) - https:\/\/yoast.com\/product\/yoast-seo-premium-wordpress\/ -->\n<title>Tenue \u00e0 Niamey de la 11\u00e8me \u00e9dition du \u2018\u2019Prix de l\u2019Excellence et du M\u00e9rite\u2019\u2019 coupl\u00e9e au lancement des activit\u00e9s de la Fondation Noor - niger<\/title>\n<meta name=\"description\" content=\", 2 Septembre (ANP) - la Fondation Noor de la Premi\u00e8re Dame du Niger, Mme Bazoum Hadiza, a organis\u00e9, ce jeudi 2 Septembr ...\" \/>\n<meta name=\"robots\" content=\"index, follow, max-snippet:-1, max-image-preview:large, max-video-preview:-1\" \/>\n<link rel=\"canonical\" href=\"https:\/\/www.africa-press.net\/niger\/culture-et-art\/niger-tenue-a-niamey-de-la-11eme-edition-du-prix-de-lexcellence-et-du-merite-couplee-au-lancement-des-activites-de-la-fondation-noor\" \/>\n<meta property=\"og:locale\" content=\"fr_FR\" \/>\n<meta property=\"og:type\" content=\"article\" \/>\n<meta property=\"og:title\" content=\"Tenue \u00e0 Niamey de la 11\u00e8me \u00e9dition du \u2018\u2019Prix de l\u2019Excellence et du M\u00e9rite\u2019\u2019 coupl\u00e9e au lancement des activit\u00e9s de la Fondation Noor\" \/>\n<meta property=\"og:description\" content=\", 2 Septembre (ANP) - la Fondation Noor de la Premi\u00e8re Dame du Niger, Mme Bazoum Hadiza, a organis\u00e9, ce jeudi 2 Septembr ...\" \/>\n<meta property=\"og:url\" content=\"https:\/\/www.africa-press.net\/niger\/culture-et-art\/niger-tenue-a-niamey-de-la-11eme-edition-du-prix-de-lexcellence-et-du-merite-couplee-au-lancement-des-activites-de-la-fondation-noor\" \/>\n<meta property=\"og:site_name\" content=\"niger\" \/>\n<meta property=\"article:published_time\" content=\"2021-09-03T07:46:58+00:00\" \/>\n<meta property=\"article:modified_time\" content=\"2021-09-03T19:47:41+00:00\" \/>\n<meta property=\"og:image\" content=\"https:\/\/static.africa-press.net\/niger\/sites\/40\/2021\/09\/img-6131cda955b67.jpg\" \/>\n\t<meta property=\"og:image:width\" content=\"1080\" \/>\n\t<meta property=\"og:image:height\" content=\"809\" \/>\n\t<meta property=\"og:image:type\" content=\"image\/jpeg\" \/>\n<meta name=\"author\" content=\"cfeditorfr\" \/>\n<meta name=\"twitter:card\" content=\"summary_large_image\" \/>\n<meta name=\"twitter:label1\" content=\"\u00c9crit par\" \/>\n\t<meta name=\"twitter:data1\" content=\"cfeditorfr\" \/>\n\t<meta name=\"twitter:label2\" content=\"Dur\u00e9e de lecture estim\u00e9e\" \/>\n\t<meta name=\"twitter:data2\" content=\"3 minutes\" \/>\n<script type=\"application\/ld+json\" class=\"yoast-schema-graph\">{\"@context\":\"https:\/\/schema.org\",\"@graph\":[{\"@type\":\"Article\",\"@id\":\"https:\/\/www.africa-press.net\/niger\/culture-et-art\/niger-tenue-a-niamey-de-la-11eme-edition-du-prix-de-lexcellence-et-du-merite-couplee-au-lancement-des-activites-de-la-fondation-noor#article\",\"isPartOf\":{\"@id\":\"https:\/\/www.africa-press.net\/niger\/culture-et-art\/niger-tenue-a-niamey-de-la-11eme-edition-du-prix-de-lexcellence-et-du-merite-couplee-au-lancement-des-activites-de-la-fondation-noor\"},\"author\":{\"name\":\"cfeditorfr\",\"@id\":\"https:\/\/www.africa-press.net\/niger\/#\/schema\/person\/2b1cf3cd81a31e3cd26889ca66d677f1\"},\"headline\":\"Tenue \u00e0 Niamey de la 11\u00e8me \u00e9dition du \u2018\u2019Prix de l\u2019Excellence et du M\u00e9rite\u2019\u2019 coupl\u00e9e au lancement des activit\u00e9s de la Fondation Noor\",\"datePublished\":\"2021-09-03T07:46:58+00:00\",\"dateModified\":\"2021-09-03T19:47:41+00:00\",\"mainEntityOfPage\":{\"@id\":\"https:\/\/www.africa-press.net\/niger\/culture-et-art\/niger-tenue-a-niamey-de-la-11eme-edition-du-prix-de-lexcellence-et-du-merite-couplee-au-lancement-des-activites-de-la-fondation-noor\"},\"wordCount\":793,\"commentCount\":0,\"image\":{\"@id\":\"https:\/\/www.africa-press.net\/niger\/culture-et-art\/niger-tenue-a-niamey-de-la-11eme-edition-du-prix-de-lexcellence-et-du-merite-couplee-au-lancement-des-activites-de-la-fondation-noor#primaryimage\"},\"thumbnailUrl\":\"https:\/\/static.africa-press.net\/niger\/sites\/40\/2021\/09\/img-6131cda955b67.jpg\",\"keywords\":[\"Africa Press\",\"Africa Press-Niger\",\"Niger\"],\"articleSection\":[\"Culture et Art\",\"homepage-french\",\"Toutes les actualit\u00e9s\"],\"inLanguage\":\"fr-FR\",\"potentialAction\":[{\"@type\":\"CommentAction\",\"name\":\"Comment\",\"target\":[\"https:\/\/www.africa-press.net\/niger\/culture-et-art\/niger-tenue-a-niamey-de-la-11eme-edition-du-prix-de-lexcellence-et-du-merite-couplee-au-lancement-des-activites-de-la-fondation-noor#respond\"]}]},{\"@type\":\"WebPage\",\"@id\":\"https:\/\/www.africa-press.net\/niger\/culture-et-art\/niger-tenue-a-niamey-de-la-11eme-edition-du-prix-de-lexcellence-et-du-merite-couplee-au-lancement-des-activites-de-la-fondation-noor\",\"url\":\"https:\/\/www.africa-press.net\/niger\/culture-et-art\/niger-tenue-a-niamey-de-la-11eme-edition-du-prix-de-lexcellence-et-du-merite-couplee-au-lancement-des-activites-de-la-fondation-noor\",\"name\":\"Tenue \u00e0 Niamey de la 11\u00e8me \u00e9dition du \u2018\u2019Prix de l\u2019Excellence et du M\u00e9rite\u2019\u2019 coupl\u00e9e au lancement des activit\u00e9s de la Fondation Noor - niger\",\"isPartOf\":{\"@id\":\"https:\/\/www.africa-press.net\/niger\/#website\"},\"primaryImageOfPage\":{\"@id\":\"https:\/\/www.africa-press.net\/niger\/culture-et-art\/niger-tenue-a-niamey-de-la-11eme-edition-du-prix-de-lexcellence-et-du-merite-couplee-au-lancement-des-activites-de-la-fondation-noor#primaryimage\"},\"image\":{\"@id\":\"https:\/\/www.africa-press.net\/niger\/culture-et-art\/niger-tenue-a-niamey-de-la-11eme-edition-du-prix-de-lexcellence-et-du-merite-couplee-au-lancement-des-activites-de-la-fondation-noor#primaryimage\"},\"thumbnailUrl\":\"https:\/\/static.africa-press.net\/niger\/sites\/40\/2021\/09\/img-6131cda955b67.jpg\",\"datePublished\":\"2021-09-03T07:46:58+00:00\",\"dateModified\":\"2021-09-03T19:47:41+00:00\",\"author\":{\"@id\":\"https:\/\/www.africa-press.net\/niger\/#\/schema\/person\/2b1cf3cd81a31e3cd26889ca66d677f1\"},\"description\":\", 2 Septembre (ANP) - la Fondation Noor de la Premi\u00e8re Dame du Niger, Mme Bazoum Hadiza, a organis\u00e9, ce jeudi 2 Septembr ...\",\"breadcrumb\":{\"@id\":\"https:\/\/www.africa-press.net\/niger\/culture-et-art\/niger-tenue-a-niamey-de-la-11eme-edition-du-prix-de-lexcellence-et-du-merite-couplee-au-lancement-des-activites-de-la-fondation-noor#breadcrumb\"},\"inLanguage\":\"fr-FR\",\"potentialAction\":[{\"@type\":\"ReadAction\",\"target\":[\"https:\/\/www.africa-press.net\/niger\/culture-et-art\/niger-tenue-a-niamey-de-la-11eme-edition-du-prix-de-lexcellence-et-du-merite-couplee-au-lancement-des-activites-de-la-fondation-noor\"]}]},{\"@type\":\"ImageObject\",\"inLanguage\":\"fr-FR\",\"@id\":\"https:\/\/www.africa-press.net\/niger\/culture-et-art\/niger-tenue-a-niamey-de-la-11eme-edition-du-prix-de-lexcellence-et-du-merite-couplee-au-lancement-des-activites-de-la-fondation-noor#primaryimage\",\"url\":\"https:\/\/static.africa-press.net\/niger\/sites\/40\/2021\/09\/img-6131cda955b67.jpg\",\"contentUrl\":\"https:\/\/static.africa-press.net\/niger\/sites\/40\/2021\/09\/img-6131cda955b67.jpg\",\"width\":1080,\"height\":809,\"caption\":\"Niger : Tenue \u00e0 Niamey de la 11\u00e8me \u00e9dition du \u2018\u2019Prix de l\u2019Excellence et du M\u00e9rite\u2019\u2019 coupl\u00e9e au lancement des activit\u00e9s de la Fondation Noor\"},{\"@type\":\"BreadcrumbList\",\"@id\":\"https:\/\/www.africa-press.net\/niger\/culture-et-art\/niger-tenue-a-niamey-de-la-11eme-edition-du-prix-de-lexcellence-et-du-merite-couplee-au-lancement-des-activites-de-la-fondation-noor#breadcrumb\",\"itemListElement\":[{\"@type\":\"ListItem\",\"position\":1,\"name\":\"Accueil\",\"item\":\"https:\/\/www.africa-press.net\/niger\/\"},{\"@type\":\"ListItem\",\"position\":2,\"name\":\"Tenue \u00e0 Niamey de la 11\u00e8me \u00e9dition du \u2018\u2019Prix de l\u2019Excellence et du M\u00e9rite\u2019\u2019 coupl\u00e9e au lancement des activit\u00e9s de la Fondation Noor\"}]},{\"@type\":\"WebSite\",\"@id\":\"https:\/\/www.africa-press.net\/niger\/#website\",\"url\":\"https:\/\/www.africa-press.net\/niger\/\",\"name\":\"niger\",\"description\":\"Just another Africa News Agency Sites site\",\"potentialAction\":[{\"@type\":\"SearchAction\",\"target\":{\"@type\":\"EntryPoint\",\"urlTemplate\":\"https:\/\/www.africa-press.net\/niger\/?s={search_term_string}\"},\"query-input\":{\"@type\":\"PropertyValueSpecification\",\"valueRequired\":true,\"valueName\":\"search_term_string\"}}],\"inLanguage\":\"fr-FR\"},{\"@type\":\"Person\",\"@id\":\"https:\/\/www.africa-press.net\/niger\/#\/schema\/person\/2b1cf3cd81a31e3cd26889ca66d677f1\",\"name\":\"cfeditorfr\"}]}<\/script>\n<!-- \/ Yoast SEO Premium plugin. -->","yoast_head_json":{"title":"Tenue \u00e0 Niamey de la 11\u00e8me \u00e9dition du \u2018\u2019Prix de l\u2019Excellence et du M\u00e9rite\u2019\u2019 coupl\u00e9e au lancement des activit\u00e9s de la Fondation Noor - niger","description":", 2 Septembre (ANP) - la Fondation Noor de la Premi\u00e8re Dame du Niger, Mme Bazoum Hadiza, a organis\u00e9, ce jeudi 2 Septembr ...","robots":{"index":"index","follow":"follow","max-snippet":"max-snippet:-1","max-image-preview":"max-image-preview:large","max-video-preview":"max-video-preview:-1"},"canonical":"https:\/\/www.africa-press.net\/niger\/culture-et-art\/niger-tenue-a-niamey-de-la-11eme-edition-du-prix-de-lexcellence-et-du-merite-couplee-au-lancement-des-activites-de-la-fondation-noor","og_locale":"fr_FR","og_type":"article","og_title":"Tenue \u00e0 Niamey de la 11\u00e8me \u00e9dition du \u2018\u2019Prix de l\u2019Excellence et du M\u00e9rite\u2019\u2019 coupl\u00e9e au lancement des activit\u00e9s de la Fondation Noor","og_description":", 2 Septembre (ANP) - la Fondation Noor de la Premi\u00e8re Dame du Niger, Mme Bazoum Hadiza, a organis\u00e9, ce jeudi 2 Septembr ...","og_url":"https:\/\/www.africa-press.net\/niger\/culture-et-art\/niger-tenue-a-niamey-de-la-11eme-edition-du-prix-de-lexcellence-et-du-merite-couplee-au-lancement-des-activites-de-la-fondation-noor","og_site_name":"niger","article_published_time":"2021-09-03T07:46:58+00:00","article_modified_time":"2021-09-03T19:47:41+00:00","og_image":[{"width":1080,"height":809,"url":"https:\/\/static.africa-press.net\/niger\/sites\/40\/2021\/09\/img-6131cda955b67.jpg","type":"image\/jpeg"}],"author":"cfeditorfr","twitter_card":"summary_large_image","twitter_misc":{"\u00c9crit par":"cfeditorfr","Dur\u00e9e de lecture estim\u00e9e":"3 minutes"},"schema":{"@context":"https:\/\/schema.org","@graph":[{"@type":"Article","@id":"https:\/\/www.africa-press.net\/niger\/culture-et-art\/niger-tenue-a-niamey-de-la-11eme-edition-du-prix-de-lexcellence-et-du-merite-couplee-au-lancement-des-activites-de-la-fondation-noor#article","isPartOf":{"@id":"https:\/\/www.africa-press.net\/niger\/culture-et-art\/niger-tenue-a-niamey-de-la-11eme-edition-du-prix-de-lexcellence-et-du-merite-couplee-au-lancement-des-activites-de-la-fondation-noor"},"author":{"name":"cfeditorfr","@id":"https:\/\/www.africa-press.net\/niger\/#\/schema\/person\/2b1cf3cd81a31e3cd26889ca66d677f1"},"headline":"Tenue \u00e0 Niamey de la 11\u00e8me \u00e9dition du \u2018\u2019Prix de l\u2019Excellence et du M\u00e9rite\u2019\u2019 coupl\u00e9e au lancement des activit\u00e9s de la Fondation Noor","datePublished":"2021-09-03T07:46:58+00:00","dateModified":"2021-09-03T19:47:41+00:00","mainEntityOfPage":{"@id":"https:\/\/www.africa-press.net\/niger\/culture-et-art\/niger-tenue-a-niamey-de-la-11eme-edition-du-prix-de-lexcellence-et-du-merite-couplee-au-lancement-des-activites-de-la-fondation-noor"},"wordCount":793,"commentCount":0,"image":{"@id":"https:\/\/www.africa-press.net\/niger\/culture-et-art\/niger-tenue-a-niamey-de-la-11eme-edition-du-prix-de-lexcellence-et-du-merite-couplee-au-lancement-des-activites-de-la-fondation-noor#primaryimage"},"thumbnailUrl":"https:\/\/static.africa-press.net\/niger\/sites\/40\/2021\/09\/img-6131cda955b67.jpg","keywords":["Africa Press","Africa Press-Niger","Niger"],"articleSection":["Culture et Art","homepage-french","Toutes les actualit\u00e9s"],"inLanguage":"fr-FR","potentialAction":[{"@type":"CommentAction","name":"Comment","target":["https:\/\/www.africa-press.net\/niger\/culture-et-art\/niger-tenue-a-niamey-de-la-11eme-edition-du-prix-de-lexcellence-et-du-merite-couplee-au-lancement-des-activites-de-la-fondation-noor#respond"]}]},{"@type":"WebPage","@id":"https:\/\/www.africa-press.net\/niger\/culture-et-art\/niger-tenue-a-niamey-de-la-11eme-edition-du-prix-de-lexcellence-et-du-merite-couplee-au-lancement-des-activites-de-la-fondation-noor","url":"https:\/\/www.africa-press.net\/niger\/culture-et-art\/niger-tenue-a-niamey-de-la-11eme-edition-du-prix-de-lexcellence-et-du-merite-couplee-au-lancement-des-activites-de-la-fondation-noor","name":"Tenue \u00e0 Niamey de la 11\u00e8me \u00e9dition du \u2018\u2019Prix de l\u2019Excellence et du M\u00e9rite\u2019\u2019 coupl\u00e9e au lancement des activit\u00e9s de la Fondation Noor - niger","isPartOf":{"@id":"https:\/\/www.africa-press.net\/niger\/#website"},"primaryImageOfPage":{"@id":"https:\/\/www.africa-press.net\/niger\/culture-et-art\/niger-tenue-a-niamey-de-la-11eme-edition-du-prix-de-lexcellence-et-du-merite-couplee-au-lancement-des-activites-de-la-fondation-noor#primaryimage"},"image":{"@id":"https:\/\/www.africa-press.net\/niger\/culture-et-art\/niger-tenue-a-niamey-de-la-11eme-edition-du-prix-de-lexcellence-et-du-merite-couplee-au-lancement-des-activites-de-la-fondation-noor#primaryimage"},"thumbnailUrl":"https:\/\/static.africa-press.net\/niger\/sites\/40\/2021\/09\/img-6131cda955b67.jpg","datePublished":"2021-09-03T07:46:58+00:00","dateModified":"2021-09-03T19:47:41+00:00","author":{"@id":"https:\/\/www.africa-press.net\/niger\/#\/schema\/person\/2b1cf3cd81a31e3cd26889ca66d677f1"},"description":", 2 Septembre (ANP) - la Fondation Noor de la Premi\u00e8re Dame du Niger, Mme Bazoum Hadiza, a organis\u00e9, ce jeudi 2 Septembr ...","breadcrumb":{"@id":"https:\/\/www.africa-press.net\/niger\/culture-et-art\/niger-tenue-a-niamey-de-la-11eme-edition-du-prix-de-lexcellence-et-du-merite-couplee-au-lancement-des-activites-de-la-fondation-noor#breadcrumb"},"inLanguage":"fr-FR","potentialAction":[{"@type":"ReadAction","target":["https:\/\/www.africa-press.net\/niger\/culture-et-art\/niger-tenue-a-niamey-de-la-11eme-edition-du-prix-de-lexcellence-et-du-merite-couplee-au-lancement-des-activites-de-la-fondation-noor"]}]},{"@type":"ImageObject","inLanguage":"fr-FR","@id":"https:\/\/www.africa-press.net\/niger\/culture-et-art\/niger-tenue-a-niamey-de-la-11eme-edition-du-prix-de-lexcellence-et-du-merite-couplee-au-lancement-des-activites-de-la-fondation-noor#primaryimage","url":"https:\/\/static.africa-press.net\/niger\/sites\/40\/2021\/09\/img-6131cda955b67.jpg","contentUrl":"https:\/\/static.africa-press.net\/niger\/sites\/40\/2021\/09\/img-6131cda955b67.jpg","width":1080,"height":809,"caption":"Niger : Tenue \u00e0 Niamey de la 11\u00e8me \u00e9dition du \u2018\u2019Prix de l\u2019Excellence et du M\u00e9rite\u2019\u2019 coupl\u00e9e au lancement des activit\u00e9s de la Fondation Noor"},{"@type":"BreadcrumbList","@id":"https:\/\/www.africa-press.net\/niger\/culture-et-art\/niger-tenue-a-niamey-de-la-11eme-edition-du-prix-de-lexcellence-et-du-merite-couplee-au-lancement-des-activites-de-la-fondation-noor#breadcrumb","itemListElement":[{"@type":"ListItem","position":1,"name":"Accueil","item":"https:\/\/www.africa-press.net\/niger\/"},{"@type":"ListItem","position":2,"name":"Tenue \u00e0 Niamey de la 11\u00e8me \u00e9dition du \u2018\u2019Prix de l\u2019Excellence et du M\u00e9rite\u2019\u2019 coupl\u00e9e au lancement des activit\u00e9s de la Fondation Noor"}]},{"@type":"WebSite","@id":"https:\/\/www.africa-press.net\/niger\/#website","url":"https:\/\/www.africa-press.net\/niger\/","name":"niger","description":"Just another Africa News Agency Sites site","potentialAction":[{"@type":"SearchAction","target":{"@type":"EntryPoint","urlTemplate":"https:\/\/www.africa-press.net\/niger\/?s={search_term_string}"},"query-input":{"@type":"PropertyValueSpecification","valueRequired":true,"valueName":"search_term_string"}}],"inLanguage":"fr-FR"},{"@type":"Person","@id":"https:\/\/www.africa-press.net\/niger\/#\/schema\/person\/2b1cf3cd81a31e3cd26889ca66d677f1","name":"cfeditorfr"}]}},"_links":{"self":[{"href":"https:\/\/www.africa-press.net\/niger\/wp-json\/wp\/v2\/posts\/11068","targetHints":{"allow":["GET"]}}],"collection":[{"href":"https:\/\/www.africa-press.net\/niger\/wp-json\/wp\/v2\/posts"}],"about":[{"href":"https:\/\/www.africa-press.net\/niger\/wp-json\/wp\/v2\/types\/post"}],"author":[{"embeddable":true,"href":"https:\/\/www.africa-press.net\/niger\/wp-json\/wp\/v2\/users\/82"}],"replies":[{"embeddable":true,"href":"https:\/\/www.africa-press.net\/niger\/wp-json\/wp\/v2\/comments?post=11068"}],"version-history":[{"count":0,"href":"https:\/\/www.africa-press.net\/niger\/wp-json\/wp\/v2\/posts\/11068\/revisions"}],"wp:featuredmedia":[{"embeddable":true,"href":"https:\/\/www.africa-press.net\/niger\/wp-json\/wp\/v2\/media\/11067"}],"wp:attachment":[{"href":"https:\/\/www.africa-press.net\/niger\/wp-json\/wp\/v2\/media?parent=11068"}],"wp:term":[{"taxonomy":"category","embeddable":true,"href":"https:\/\/www.africa-press.net\/niger\/wp-json\/wp\/v2\/categories?post=11068"},{"taxonomy":"post_tag","embeddable":true,"href":"https:\/\/www.africa-press.net\/niger\/wp-json\/wp\/v2\/tags?post=11068"}],"curies":[{"name":"wp","href":"https:\/\/api.w.org\/{rel}","templated":true}]}}