{"id":11071,"date":"2021-09-03T07:58:56","date_gmt":"2021-09-03T07:58:56","guid":{"rendered":"https:\/\/www.africa-press.net\/niger\/?p=11071"},"modified":"2021-09-03T19:47:47","modified_gmt":"2021-09-03T19:47:47","slug":"securite-levee-dinterdiction-de-circulation-des-motos-dans-la-region-de-tillaberi-la-population-partagee-entre-joie-et-reticence-face-a-la-nouvelle-mesure","status":"publish","type":"post","link":"https:\/\/www.africa-press.net\/niger\/dossiers\/securite-levee-dinterdiction-de-circulation-des-motos-dans-la-region-de-tillaberi-la-population-partagee-entre-joie-et-reticence-face-a-la-nouvelle-mesure","title":{"rendered":"S\u00e9curit\u00e9\/Lev\u00e9e d\u2019interdiction de circulation des motos dans la r\u00e9gion de Tillab\u00e9ri : La population partag\u00e9e entre joie et r\u00e9ticence face \u00e0 la nouvelle mesure"},"content":{"rendered":"<p><span style=\"color: #ff6600\"><strong><a href=\"https:\/\/www.africa-press.net\/\">Africa-Press<\/a> &#8211; <a href=\"https:\/\/www.africa-press.net\/niger\">Niger<\/a>. <\/strong><\/span>1er septembre 2021, en ce premier jour de l\u2019entr\u00e9e en vigueur de la lev\u00e9e d\u2019interdiction de circulation des motos sur l\u2019\u00e9tendue du territoire de la r\u00e9gion de Tillab\u00e9ri, les motocyclistes semblent inquiets \u00e0 sortir faire leurs courses sur leurs engins \u00e0 deux roues. Pourtant, \u00e0 l\u2019annonce de cette lev\u00e9e partielle, \u00e0 travers un arr\u00eat\u00e9 du lundi 23 ao\u00fbt dernier, par le gouverneur de la r\u00e9gion, M. Ibrahim Tidjani Katiella, c\u2019\u00e9tait des cris de joie et des youyous un peu partout dans la ville comme pour exprimer un ouf de soulagement. Curieusement, ces m\u00eames populations semblent, ce jour, r\u00e9ticentes par rapport \u00e0 cette nouvelle mesure. En effet, on peut compter sur les doigts d\u2019une main, les motos qui circulent sur les diff\u00e9rents axes routiers de la commune urbaine depuis ce matin.<\/p>\n<p>Les quelques motocyclistes qui circulent et certains citoyens ne cachent gu\u00e8re la joie qui les anime suite \u00e0 cette lev\u00e9e d\u2019interdiction de circulation des motos dans la r\u00e9gion.<\/p>\n<p>\u00abNous avons tant attendu ce jour depuis l\u2019annonce faite par le Pr\u00e9sident de la R\u00e9publique, M. Mohamed Bazoum lors de sa campagne pour l\u2019\u00e9lection pr\u00e9sidentielle. Il a tenu sa promesse et nous lui en sommes enti\u00e8rement reconnaissants\u00bb, a confi\u00e9 M. Souley Amadou, un motocycliste qui s\u2019est arr\u00eat\u00e9 au niveau d\u2019une station de la place pour prendre du carburant.<\/p>\n<p>\u00abNous ne pouvons que nous r\u00e9jouir de cette nouvelle mesure \u00e0 savoir, la lev\u00e9e de la mesure d\u2019interdiction de circulation des motos, annonc\u00e9e il y a quelques jours par le gouverneur de la r\u00e9gion car, depuis l\u2019arr\u00eat de circulation des motos \u00e0 aujourd\u2019hui, sur le plan s\u00e9curitaire, il y a eu beaucoup de progr\u00e8s parce que les attaques ont beaucoup diminu\u00e9 et je pense que les r\u00e9sultats escompt\u00e9s ont \u00e9t\u00e9 atteints. D\u2019o\u00f9 une lev\u00e9e partielle de cette mesure, \u00e9tant donn\u00e9 que c\u2019est pendant la journ\u00e9e que les motos vont circuler, soit du matin jusqu\u2019au coucher du soleil\u00bb, dixit un passant interview\u00e9 au niveau de la route principale (RN), ayant gard\u00e9 l\u2019anonymat. \u00abJe me joins \u00e0 l\u2019ensemble de la population pour exprimer ma joie car, de 2017 \u00e0 aujourd\u2019hui, c\u2019\u00e9tait un calvaire\u00bb, a-t-il ajout\u00e9.<\/p>\n<p>\u00abNous implorons Dieu qu\u2019il nous assiste et qu\u2019il prot\u00e8ge la r\u00e9gion et le Niger et que la lev\u00e9e de cette mesure ne soit pas une occasion permettant au banditisme et aux attaques de se multiplier\u00bb, a-t-il souhait\u00e9. Ce dernier a par ailleurs appel\u00e9 la population \u00ab\u00e0 redoubler de vigilance car cette fois-ci il y aura beaucoup de circulation et on ne peut savoir qui est bandit et qui ne l\u2019est pas. Je souhaite qu\u2019il n\u2019y ait pas des multitudes d\u2019attaques m\u00eame si les Forces de D\u00e9fense et de S\u00e9curit\u00e9 (FDS) sont l\u00e0 et qu\u2019elles veillent \u00e0 la s\u00e9curit\u00e9 de la population\u00bb.<\/p>\n<p>Inoussa Ali, un autre usager soutient de vive voix que \u00abcette lev\u00e9e est une bonne chose dans la mesure o\u00f9 \u00e7a peut acc\u00e9l\u00e9rer les transactions et les activit\u00e9s quotidiennes des uns et des autres, mais aussi sur le plan \u00e9conomique\u00bb, ajoutant \u00ab qu\u2019il est s\u00fbr que le Gouvernement a pris les dispositions n\u00e9cessaires pour assurer la s\u00e9curit\u00e9 de tout un chacun\u00bb.<\/p>\n<p>M. Inoussa Ali pense \u00e9galement que \u00abcela peut aussi \u00eatre une mauvaise chose dans la mesure o\u00f9, jusqu\u2019\u00e0 la date d\u2019aujourd\u2019hui, personne n\u2019a la ferme conviction que l\u2019ins\u00e9curit\u00e9 a \u00e9t\u00e9 totalement maitris\u00e9e dans la zone\u00bb. Du coup \u00ab la lev\u00e9e de cette mesure peut \u00eatre, selon lui, un facteur qui peut contribuer \u00e0 propager et \u00e0 aggraver la situation s\u00e9curitaire\u00bb, d\u2019o\u00f9, un appel de cet usager \u00e0 l\u2019endroit des autorit\u00e9s pour sur les mesures \u00e0 prendre, vu que ce sont elles qui d\u00e9tiennent les moyens n\u00e9cessaires pour s\u00e9curiser la population.<\/p>\n<p>D\u2019aucuns pensent aussi que cela renforcera la s\u00e9curit\u00e9 \u00e9tant donn\u00e9 que dans certaines circonstances et dans certaines zones, le manque de poursuite est d\u00fb au fait que les motos ne circulent pas.<\/p>\n<p>Confront\u00e9e \u00e0 une ins\u00e9curit\u00e9 grandissante due aux attaques arm\u00e9es des terroristes et autres bandits arm\u00e9s, la r\u00e9gion de Tillab\u00e9ri est sous l\u2019Etat d\u2019urgence depuis 2017, rappelle-t-on.<\/p>\n<p><b>\u00a0<\/b><\/p>\n","protected":false},"excerpt":{"rendered":"<p>Africa-Press &#8211; Niger. 1er septembre 2021, en ce premier jour de l\u2019entr\u00e9e en vigueur de la lev\u00e9e d\u2019interdiction de circulation des motos sur l\u2019\u00e9tendue du territoire de la r\u00e9gion de Tillab\u00e9ri, les motocyclistes semblent inquiets \u00e0 sortir faire leurs courses sur leurs engins \u00e0 deux roues. Pourtant, \u00e0 l\u2019annonce de cette lev\u00e9e partielle, \u00e0 travers [&hellip;]<\/p>\n","protected":false},"author":82,"featured_media":11070,"comment_status":"open","ping_status":"closed","sticky":false,"template":"","format":"standard","meta":{"footnotes":""},"categories":[7,11,10],"tags":[55,60,29],"class_list":["post-11071","post","type-post","status-publish","format-standard","has-post-thumbnail","hentry","category-dossiers","category-homepage-french","category-toutes-les-actualites","tag-africa-press","tag-africa-press-niger","tag-niger"],"yoast_head":"<!-- This site is optimized with the Yoast SEO Premium plugin v26.1 (Yoast SEO v27.0) - https:\/\/yoast.com\/product\/yoast-seo-premium-wordpress\/ -->\n<title>S\u00e9curit\u00e9\/Lev\u00e9e d\u2019interdiction de circulation des motos dans la r\u00e9gion de Tillab\u00e9ri : La population partag\u00e9e entre joie et r\u00e9ticence face \u00e0 la nouvelle mesure - niger<\/title>\n<meta name=\"description\" content=\"\ufeff1er septembre 2021, en ce premier jour de l\u2019entr\u00e9e en vigueur de la lev\u00e9e d\u2019interdiction de circulation des motos sur l ...\" \/>\n<meta name=\"robots\" content=\"index, follow, max-snippet:-1, max-image-preview:large, max-video-preview:-1\" \/>\n<link rel=\"canonical\" href=\"https:\/\/www.africa-press.net\/niger\/dossiers\/securite-levee-dinterdiction-de-circulation-des-motos-dans-la-region-de-tillaberi-la-population-partagee-entre-joie-et-reticence-face-a-la-nouvelle-mesure\" \/>\n<meta property=\"og:locale\" content=\"fr_FR\" \/>\n<meta property=\"og:type\" content=\"article\" \/>\n<meta property=\"og:title\" content=\"S\u00e9curit\u00e9\/Lev\u00e9e d\u2019interdiction de circulation des motos dans la r\u00e9gion de Tillab\u00e9ri : La population partag\u00e9e entre joie et r\u00e9ticence face \u00e0 la nouvelle mesure\" \/>\n<meta property=\"og:description\" content=\"\ufeff1er septembre 2021, en ce premier jour de l\u2019entr\u00e9e en vigueur de la lev\u00e9e d\u2019interdiction de circulation des motos sur l ...\" \/>\n<meta property=\"og:url\" content=\"https:\/\/www.africa-press.net\/niger\/dossiers\/securite-levee-dinterdiction-de-circulation-des-motos-dans-la-region-de-tillaberi-la-population-partagee-entre-joie-et-reticence-face-a-la-nouvelle-mesure\" \/>\n<meta property=\"og:site_name\" content=\"niger\" \/>\n<meta property=\"article:published_time\" content=\"2021-09-03T07:58:56+00:00\" \/>\n<meta property=\"article:modified_time\" content=\"2021-09-03T19:47:47+00:00\" \/>\n<meta property=\"og:image\" content=\"https:\/\/static.africa-press.net\/niger\/sites\/40\/2021\/09\/img-6131cdf9474c1.jpg\" \/>\n\t<meta property=\"og:image:width\" content=\"720\" \/>\n\t<meta property=\"og:image:height\" content=\"444\" \/>\n\t<meta property=\"og:image:type\" content=\"image\/jpeg\" \/>\n<meta name=\"author\" content=\"cfeditorfr\" \/>\n<meta name=\"twitter:card\" content=\"summary_large_image\" \/>\n<meta name=\"twitter:label1\" content=\"\u00c9crit par\" \/>\n\t<meta name=\"twitter:data1\" content=\"cfeditorfr\" \/>\n\t<meta name=\"twitter:label2\" content=\"Dur\u00e9e de lecture estim\u00e9e\" \/>\n\t<meta name=\"twitter:data2\" content=\"4 minutes\" \/>\n<script type=\"application\/ld+json\" class=\"yoast-schema-graph\">{\"@context\":\"https:\/\/schema.org\",\"@graph\":[{\"@type\":\"Article\",\"@id\":\"https:\/\/www.africa-press.net\/niger\/dossiers\/securite-levee-dinterdiction-de-circulation-des-motos-dans-la-region-de-tillaberi-la-population-partagee-entre-joie-et-reticence-face-a-la-nouvelle-mesure#article\",\"isPartOf\":{\"@id\":\"https:\/\/www.africa-press.net\/niger\/dossiers\/securite-levee-dinterdiction-de-circulation-des-motos-dans-la-region-de-tillaberi-la-population-partagee-entre-joie-et-reticence-face-a-la-nouvelle-mesure\"},\"author\":{\"name\":\"cfeditorfr\",\"@id\":\"https:\/\/www.africa-press.net\/niger\/#\/schema\/person\/2b1cf3cd81a31e3cd26889ca66d677f1\"},\"headline\":\"S\u00e9curit\u00e9\/Lev\u00e9e d\u2019interdiction de circulation des motos dans la r\u00e9gion de Tillab\u00e9ri : La population partag\u00e9e entre joie et r\u00e9ticence face \u00e0 la nouvelle mesure\",\"datePublished\":\"2021-09-03T07:58:56+00:00\",\"dateModified\":\"2021-09-03T19:47:47+00:00\",\"mainEntityOfPage\":{\"@id\":\"https:\/\/www.africa-press.net\/niger\/dossiers\/securite-levee-dinterdiction-de-circulation-des-motos-dans-la-region-de-tillaberi-la-population-partagee-entre-joie-et-reticence-face-a-la-nouvelle-mesure\"},\"wordCount\":766,\"commentCount\":0,\"image\":{\"@id\":\"https:\/\/www.africa-press.net\/niger\/dossiers\/securite-levee-dinterdiction-de-circulation-des-motos-dans-la-region-de-tillaberi-la-population-partagee-entre-joie-et-reticence-face-a-la-nouvelle-mesure#primaryimage\"},\"thumbnailUrl\":\"https:\/\/static.africa-press.net\/niger\/sites\/40\/2021\/09\/img-6131cdf9474c1.jpg\",\"keywords\":[\"Africa Press\",\"Africa Press-Niger\",\"Niger\"],\"articleSection\":[\"Dossiers\",\"homepage-french\",\"Toutes les actualit\u00e9s\"],\"inLanguage\":\"fr-FR\",\"potentialAction\":[{\"@type\":\"CommentAction\",\"name\":\"Comment\",\"target\":[\"https:\/\/www.africa-press.net\/niger\/dossiers\/securite-levee-dinterdiction-de-circulation-des-motos-dans-la-region-de-tillaberi-la-population-partagee-entre-joie-et-reticence-face-a-la-nouvelle-mesure#respond\"]}]},{\"@type\":\"WebPage\",\"@id\":\"https:\/\/www.africa-press.net\/niger\/dossiers\/securite-levee-dinterdiction-de-circulation-des-motos-dans-la-region-de-tillaberi-la-population-partagee-entre-joie-et-reticence-face-a-la-nouvelle-mesure\",\"url\":\"https:\/\/www.africa-press.net\/niger\/dossiers\/securite-levee-dinterdiction-de-circulation-des-motos-dans-la-region-de-tillaberi-la-population-partagee-entre-joie-et-reticence-face-a-la-nouvelle-mesure\",\"name\":\"S\u00e9curit\u00e9\/Lev\u00e9e d\u2019interdiction de circulation des motos dans la r\u00e9gion de Tillab\u00e9ri : La population partag\u00e9e entre joie et r\u00e9ticence face \u00e0 la nouvelle mesure - niger\",\"isPartOf\":{\"@id\":\"https:\/\/www.africa-press.net\/niger\/#website\"},\"primaryImageOfPage\":{\"@id\":\"https:\/\/www.africa-press.net\/niger\/dossiers\/securite-levee-dinterdiction-de-circulation-des-motos-dans-la-region-de-tillaberi-la-population-partagee-entre-joie-et-reticence-face-a-la-nouvelle-mesure#primaryimage\"},\"image\":{\"@id\":\"https:\/\/www.africa-press.net\/niger\/dossiers\/securite-levee-dinterdiction-de-circulation-des-motos-dans-la-region-de-tillaberi-la-population-partagee-entre-joie-et-reticence-face-a-la-nouvelle-mesure#primaryimage\"},\"thumbnailUrl\":\"https:\/\/static.africa-press.net\/niger\/sites\/40\/2021\/09\/img-6131cdf9474c1.jpg\",\"datePublished\":\"2021-09-03T07:58:56+00:00\",\"dateModified\":\"2021-09-03T19:47:47+00:00\",\"author\":{\"@id\":\"https:\/\/www.africa-press.net\/niger\/#\/schema\/person\/2b1cf3cd81a31e3cd26889ca66d677f1\"},\"description\":\"\ufeff1er septembre 2021, en ce premier jour de l\u2019entr\u00e9e en vigueur de la lev\u00e9e d\u2019interdiction de circulation des motos sur l ...\",\"breadcrumb\":{\"@id\":\"https:\/\/www.africa-press.net\/niger\/dossiers\/securite-levee-dinterdiction-de-circulation-des-motos-dans-la-region-de-tillaberi-la-population-partagee-entre-joie-et-reticence-face-a-la-nouvelle-mesure#breadcrumb\"},\"inLanguage\":\"fr-FR\",\"potentialAction\":[{\"@type\":\"ReadAction\",\"target\":[\"https:\/\/www.africa-press.net\/niger\/dossiers\/securite-levee-dinterdiction-de-circulation-des-motos-dans-la-region-de-tillaberi-la-population-partagee-entre-joie-et-reticence-face-a-la-nouvelle-mesure\"]}]},{\"@type\":\"ImageObject\",\"inLanguage\":\"fr-FR\",\"@id\":\"https:\/\/www.africa-press.net\/niger\/dossiers\/securite-levee-dinterdiction-de-circulation-des-motos-dans-la-region-de-tillaberi-la-population-partagee-entre-joie-et-reticence-face-a-la-nouvelle-mesure#primaryimage\",\"url\":\"https:\/\/static.africa-press.net\/niger\/sites\/40\/2021\/09\/img-6131cdf9474c1.jpg\",\"contentUrl\":\"https:\/\/static.africa-press.net\/niger\/sites\/40\/2021\/09\/img-6131cdf9474c1.jpg\",\"width\":720,\"height\":444,\"caption\":\"S\u00e9curit\u00e9\/Lev\u00e9e d\u2019interdiction de circulation des motos dans la r\u00e9gion de Tillab\u00e9ri : La population partag\u00e9e entre joie et r\u00e9ticence face \u00e0 la nouvelle mesure\"},{\"@type\":\"BreadcrumbList\",\"@id\":\"https:\/\/www.africa-press.net\/niger\/dossiers\/securite-levee-dinterdiction-de-circulation-des-motos-dans-la-region-de-tillaberi-la-population-partagee-entre-joie-et-reticence-face-a-la-nouvelle-mesure#breadcrumb\",\"itemListElement\":[{\"@type\":\"ListItem\",\"position\":1,\"name\":\"Accueil\",\"item\":\"https:\/\/www.africa-press.net\/niger\/\"},{\"@type\":\"ListItem\",\"position\":2,\"name\":\"S\u00e9curit\u00e9\/Lev\u00e9e d\u2019interdiction de circulation des motos dans la r\u00e9gion de Tillab\u00e9ri : La population partag\u00e9e entre joie et r\u00e9ticence face \u00e0 la nouvelle mesure\"}]},{\"@type\":\"WebSite\",\"@id\":\"https:\/\/www.africa-press.net\/niger\/#website\",\"url\":\"https:\/\/www.africa-press.net\/niger\/\",\"name\":\"niger\",\"description\":\"Just another Africa News Agency Sites site\",\"potentialAction\":[{\"@type\":\"SearchAction\",\"target\":{\"@type\":\"EntryPoint\",\"urlTemplate\":\"https:\/\/www.africa-press.net\/niger\/?s={search_term_string}\"},\"query-input\":{\"@type\":\"PropertyValueSpecification\",\"valueRequired\":true,\"valueName\":\"search_term_string\"}}],\"inLanguage\":\"fr-FR\"},{\"@type\":\"Person\",\"@id\":\"https:\/\/www.africa-press.net\/niger\/#\/schema\/person\/2b1cf3cd81a31e3cd26889ca66d677f1\",\"name\":\"cfeditorfr\"}]}<\/script>\n<!-- \/ Yoast SEO Premium plugin. -->","yoast_head_json":{"title":"S\u00e9curit\u00e9\/Lev\u00e9e d\u2019interdiction de circulation des motos dans la r\u00e9gion de Tillab\u00e9ri : La population partag\u00e9e entre joie et r\u00e9ticence face \u00e0 la nouvelle mesure - niger","description":"\ufeff1er septembre 2021, en ce premier jour de l\u2019entr\u00e9e en vigueur de la lev\u00e9e d\u2019interdiction de circulation des motos sur l ...","robots":{"index":"index","follow":"follow","max-snippet":"max-snippet:-1","max-image-preview":"max-image-preview:large","max-video-preview":"max-video-preview:-1"},"canonical":"https:\/\/www.africa-press.net\/niger\/dossiers\/securite-levee-dinterdiction-de-circulation-des-motos-dans-la-region-de-tillaberi-la-population-partagee-entre-joie-et-reticence-face-a-la-nouvelle-mesure","og_locale":"fr_FR","og_type":"article","og_title":"S\u00e9curit\u00e9\/Lev\u00e9e d\u2019interdiction de circulation des motos dans la r\u00e9gion de Tillab\u00e9ri : La population partag\u00e9e entre joie et r\u00e9ticence face \u00e0 la nouvelle mesure","og_description":"\ufeff1er septembre 2021, en ce premier jour de l\u2019entr\u00e9e en vigueur de la lev\u00e9e d\u2019interdiction de circulation des motos sur l ...","og_url":"https:\/\/www.africa-press.net\/niger\/dossiers\/securite-levee-dinterdiction-de-circulation-des-motos-dans-la-region-de-tillaberi-la-population-partagee-entre-joie-et-reticence-face-a-la-nouvelle-mesure","og_site_name":"niger","article_published_time":"2021-09-03T07:58:56+00:00","article_modified_time":"2021-09-03T19:47:47+00:00","og_image":[{"width":720,"height":444,"url":"https:\/\/static.africa-press.net\/niger\/sites\/40\/2021\/09\/img-6131cdf9474c1.jpg","type":"image\/jpeg"}],"author":"cfeditorfr","twitter_card":"summary_large_image","twitter_misc":{"\u00c9crit par":"cfeditorfr","Dur\u00e9e de lecture estim\u00e9e":"4 minutes"},"schema":{"@context":"https:\/\/schema.org","@graph":[{"@type":"Article","@id":"https:\/\/www.africa-press.net\/niger\/dossiers\/securite-levee-dinterdiction-de-circulation-des-motos-dans-la-region-de-tillaberi-la-population-partagee-entre-joie-et-reticence-face-a-la-nouvelle-mesure#article","isPartOf":{"@id":"https:\/\/www.africa-press.net\/niger\/dossiers\/securite-levee-dinterdiction-de-circulation-des-motos-dans-la-region-de-tillaberi-la-population-partagee-entre-joie-et-reticence-face-a-la-nouvelle-mesure"},"author":{"name":"cfeditorfr","@id":"https:\/\/www.africa-press.net\/niger\/#\/schema\/person\/2b1cf3cd81a31e3cd26889ca66d677f1"},"headline":"S\u00e9curit\u00e9\/Lev\u00e9e d\u2019interdiction de circulation des motos dans la r\u00e9gion de Tillab\u00e9ri : La population partag\u00e9e entre joie et r\u00e9ticence face \u00e0 la nouvelle mesure","datePublished":"2021-09-03T07:58:56+00:00","dateModified":"2021-09-03T19:47:47+00:00","mainEntityOfPage":{"@id":"https:\/\/www.africa-press.net\/niger\/dossiers\/securite-levee-dinterdiction-de-circulation-des-motos-dans-la-region-de-tillaberi-la-population-partagee-entre-joie-et-reticence-face-a-la-nouvelle-mesure"},"wordCount":766,"commentCount":0,"image":{"@id":"https:\/\/www.africa-press.net\/niger\/dossiers\/securite-levee-dinterdiction-de-circulation-des-motos-dans-la-region-de-tillaberi-la-population-partagee-entre-joie-et-reticence-face-a-la-nouvelle-mesure#primaryimage"},"thumbnailUrl":"https:\/\/static.africa-press.net\/niger\/sites\/40\/2021\/09\/img-6131cdf9474c1.jpg","keywords":["Africa Press","Africa Press-Niger","Niger"],"articleSection":["Dossiers","homepage-french","Toutes les actualit\u00e9s"],"inLanguage":"fr-FR","potentialAction":[{"@type":"CommentAction","name":"Comment","target":["https:\/\/www.africa-press.net\/niger\/dossiers\/securite-levee-dinterdiction-de-circulation-des-motos-dans-la-region-de-tillaberi-la-population-partagee-entre-joie-et-reticence-face-a-la-nouvelle-mesure#respond"]}]},{"@type":"WebPage","@id":"https:\/\/www.africa-press.net\/niger\/dossiers\/securite-levee-dinterdiction-de-circulation-des-motos-dans-la-region-de-tillaberi-la-population-partagee-entre-joie-et-reticence-face-a-la-nouvelle-mesure","url":"https:\/\/www.africa-press.net\/niger\/dossiers\/securite-levee-dinterdiction-de-circulation-des-motos-dans-la-region-de-tillaberi-la-population-partagee-entre-joie-et-reticence-face-a-la-nouvelle-mesure","name":"S\u00e9curit\u00e9\/Lev\u00e9e d\u2019interdiction de circulation des motos dans la r\u00e9gion de Tillab\u00e9ri : La population partag\u00e9e entre joie et r\u00e9ticence face \u00e0 la nouvelle mesure - niger","isPartOf":{"@id":"https:\/\/www.africa-press.net\/niger\/#website"},"primaryImageOfPage":{"@id":"https:\/\/www.africa-press.net\/niger\/dossiers\/securite-levee-dinterdiction-de-circulation-des-motos-dans-la-region-de-tillaberi-la-population-partagee-entre-joie-et-reticence-face-a-la-nouvelle-mesure#primaryimage"},"image":{"@id":"https:\/\/www.africa-press.net\/niger\/dossiers\/securite-levee-dinterdiction-de-circulation-des-motos-dans-la-region-de-tillaberi-la-population-partagee-entre-joie-et-reticence-face-a-la-nouvelle-mesure#primaryimage"},"thumbnailUrl":"https:\/\/static.africa-press.net\/niger\/sites\/40\/2021\/09\/img-6131cdf9474c1.jpg","datePublished":"2021-09-03T07:58:56+00:00","dateModified":"2021-09-03T19:47:47+00:00","author":{"@id":"https:\/\/www.africa-press.net\/niger\/#\/schema\/person\/2b1cf3cd81a31e3cd26889ca66d677f1"},"description":"\ufeff1er septembre 2021, en ce premier jour de l\u2019entr\u00e9e en vigueur de la lev\u00e9e d\u2019interdiction de circulation des motos sur l ...","breadcrumb":{"@id":"https:\/\/www.africa-press.net\/niger\/dossiers\/securite-levee-dinterdiction-de-circulation-des-motos-dans-la-region-de-tillaberi-la-population-partagee-entre-joie-et-reticence-face-a-la-nouvelle-mesure#breadcrumb"},"inLanguage":"fr-FR","potentialAction":[{"@type":"ReadAction","target":["https:\/\/www.africa-press.net\/niger\/dossiers\/securite-levee-dinterdiction-de-circulation-des-motos-dans-la-region-de-tillaberi-la-population-partagee-entre-joie-et-reticence-face-a-la-nouvelle-mesure"]}]},{"@type":"ImageObject","inLanguage":"fr-FR","@id":"https:\/\/www.africa-press.net\/niger\/dossiers\/securite-levee-dinterdiction-de-circulation-des-motos-dans-la-region-de-tillaberi-la-population-partagee-entre-joie-et-reticence-face-a-la-nouvelle-mesure#primaryimage","url":"https:\/\/static.africa-press.net\/niger\/sites\/40\/2021\/09\/img-6131cdf9474c1.jpg","contentUrl":"https:\/\/static.africa-press.net\/niger\/sites\/40\/2021\/09\/img-6131cdf9474c1.jpg","width":720,"height":444,"caption":"S\u00e9curit\u00e9\/Lev\u00e9e d\u2019interdiction de circulation des motos dans la r\u00e9gion de Tillab\u00e9ri : La population partag\u00e9e entre joie et r\u00e9ticence face \u00e0 la nouvelle mesure"},{"@type":"BreadcrumbList","@id":"https:\/\/www.africa-press.net\/niger\/dossiers\/securite-levee-dinterdiction-de-circulation-des-motos-dans-la-region-de-tillaberi-la-population-partagee-entre-joie-et-reticence-face-a-la-nouvelle-mesure#breadcrumb","itemListElement":[{"@type":"ListItem","position":1,"name":"Accueil","item":"https:\/\/www.africa-press.net\/niger\/"},{"@type":"ListItem","position":2,"name":"S\u00e9curit\u00e9\/Lev\u00e9e d\u2019interdiction de circulation des motos dans la r\u00e9gion de Tillab\u00e9ri : La population partag\u00e9e entre joie et r\u00e9ticence face \u00e0 la nouvelle mesure"}]},{"@type":"WebSite","@id":"https:\/\/www.africa-press.net\/niger\/#website","url":"https:\/\/www.africa-press.net\/niger\/","name":"niger","description":"Just another Africa News Agency Sites site","potentialAction":[{"@type":"SearchAction","target":{"@type":"EntryPoint","urlTemplate":"https:\/\/www.africa-press.net\/niger\/?s={search_term_string}"},"query-input":{"@type":"PropertyValueSpecification","valueRequired":true,"valueName":"search_term_string"}}],"inLanguage":"fr-FR"},{"@type":"Person","@id":"https:\/\/www.africa-press.net\/niger\/#\/schema\/person\/2b1cf3cd81a31e3cd26889ca66d677f1","name":"cfeditorfr"}]}},"_links":{"self":[{"href":"https:\/\/www.africa-press.net\/niger\/wp-json\/wp\/v2\/posts\/11071","targetHints":{"allow":["GET"]}}],"collection":[{"href":"https:\/\/www.africa-press.net\/niger\/wp-json\/wp\/v2\/posts"}],"about":[{"href":"https:\/\/www.africa-press.net\/niger\/wp-json\/wp\/v2\/types\/post"}],"author":[{"embeddable":true,"href":"https:\/\/www.africa-press.net\/niger\/wp-json\/wp\/v2\/users\/82"}],"replies":[{"embeddable":true,"href":"https:\/\/www.africa-press.net\/niger\/wp-json\/wp\/v2\/comments?post=11071"}],"version-history":[{"count":0,"href":"https:\/\/www.africa-press.net\/niger\/wp-json\/wp\/v2\/posts\/11071\/revisions"}],"wp:featuredmedia":[{"embeddable":true,"href":"https:\/\/www.africa-press.net\/niger\/wp-json\/wp\/v2\/media\/11070"}],"wp:attachment":[{"href":"https:\/\/www.africa-press.net\/niger\/wp-json\/wp\/v2\/media?parent=11071"}],"wp:term":[{"taxonomy":"category","embeddable":true,"href":"https:\/\/www.africa-press.net\/niger\/wp-json\/wp\/v2\/categories?post=11071"},{"taxonomy":"post_tag","embeddable":true,"href":"https:\/\/www.africa-press.net\/niger\/wp-json\/wp\/v2\/tags?post=11071"}],"curies":[{"name":"wp","href":"https:\/\/api.w.org\/{rel}","templated":true}]}}