{"id":11075,"date":"2021-09-03T08:06:54","date_gmt":"2021-09-03T08:06:54","guid":{"rendered":"https:\/\/www.africa-press.net\/niger\/?p=11075"},"modified":"2021-09-03T19:47:54","modified_gmt":"2021-09-03T19:47:54","slug":"circulation-routiere-a-niamey-loccupation-anarchique-des-voies-publiques-saccentue","status":"publish","type":"post","link":"https:\/\/www.africa-press.net\/niger\/toutes-les-actualites\/circulation-routiere-a-niamey-loccupation-anarchique-des-voies-publiques-saccentue","title":{"rendered":"Circulation routi\u00e8re \u00e0 Niamey : L\u2019occupation anarchique des voies publiques s\u2019accentue"},"content":{"rendered":"<p><span style=\"color: #ff6600\"><strong><a href=\"https:\/\/www.africa-press.net\/\">Africa-Press<\/a> &#8211; <a href=\"https:\/\/www.africa-press.net\/niger\">Niger<\/a>. <\/strong><\/span>Occupation anarchique de voies publiques \u00e0 Niamey! Ce n\u2019est jamais assez d\u2019en parler car, ces derniers temps, le d\u00e9sordre reprend de plus en plus de l\u2019ampleur \u00e0 Niamey. Apr\u00e8s l\u2019occupation des trottoirs r\u00e9serv\u00e9s aux pi\u00e9tons et aux cyclomoteurs sur certaines voies modernes par les vendeurs, ces derniers n\u2019h\u00e9sitent plus \u00e0 \u00e9taler leurs commerces partout o\u00f9 bon leur semble. Le constat sur certaines voies est tr\u00e8s d\u00e9solant. Les \u00e9talages observables \u00e0 certains endroits ne laissent aucun usager de la route indiff\u00e9rent.<\/p>\n<p>Les occupants ill\u00e9gaux des voies publiques semblent b\u00e9n\u00e9ficier de la gr\u00e2ce de ceux qui sont cens\u00e9s mettre de l\u2019ordre car, on ne peut pas comprendre que des commer\u00e7ants occupent ces espaces sans aucune autorisation. Nous avons sillonn\u00e9 la ville de Niamey. Et partout o\u00f9 nous sommes pass\u00e9s, le constat reste le m\u00eame. Les grandes art\u00e8res de la ville sur lesquelles le probl\u00e8me d\u2019occupation anarchique se pose sont : la voie express (au niveau du Grand March\u00e9), les alentours du march\u00e9 Katako, le boulevard Tanimoune, etc. Le cas le plus inqui\u00e9tant o\u00f9 les accidents sont r\u00e9currents, c\u2019est justement au quartier Boukoki pr\u00e9cis\u00e9ment au niveau des compagnies de transport, sur la grande voie \u00e0 chauss\u00e9es s\u00e9par\u00e9es le boulevard Mali B\u00e9ro sur le tron\u00e7on qui relie le rond point Wadata au premier \u00e9changeur.<\/p>\n<p>Sur la voie express, c\u2019est le d\u00e9sordre total. Cette voie construit apr\u00e8s le d\u00e9guerpissement des kiosques aux alentours du Grand March\u00e9 est aujourd\u2019hui envahie par les commer\u00e7ants essentiellement compos\u00e9s des jeunes vendeurs ambulants qui utilisent des charrettes ou de brouettes.<\/p>\n<p>Soumaila Hassane, un jeune vendeur de chaussures assis sur un tabouret \u00e0 c\u00f4t\u00e9 de son \u00e9talage, dit qu\u2019il ne voit aucun mal \u00e0 exercer son m\u00e9tier l\u00e0 o\u00f9 la client\u00e8le est favorable. \u00abNous sommes en train d\u2019occuper progressivement les espaces. Tous ceux que voyez ici, sont sur leur place. Nous sommes tous sur nos lieux o\u00f9 nous avons \u00e9t\u00e9 d\u00e9guerpis. Ici sur le long de la voie express, chacun garde le num\u00e9ro de sa boutique. Et on connait l\u2019emplacement exact de chacun\u00bb explique-t-il.<\/p>\n<p>Abdoulaye Soumana n\u2019a trouv\u00e9 mieux que d\u2019\u00e9taler sa marchandise sur les abords de la voie express. \u00abOn ne d\u00e9range personne ici. On veut juste proposer nos articles \u00e0 ceux qui ne veulent pas rentrer \u00e0 l\u2019int\u00e9rieur du march\u00e9. Nous ne sommes pas \u00e0 l\u2019origine des accidents\u00bb, se d\u00e9fend ce vendeur de v\u00eatements.<\/p>\n<p>A l\u2019allure o\u00f9 vont les choses, certaine voies risquent d\u2019\u00eatre transform\u00e9es en march\u00e9 rendant ainsi la mobilit\u00e9 encore plus difficile \u00e0 Niamey malgr\u00e9 les efforts de l\u2019Etat et de la collectivit\u00e9 en mati\u00e8re d\u2019am\u00e9nagement des routes. Les occupations anarchiques de ces grandes voies perturbent consid\u00e9rablement la circulation, provoquant souvent des accidents.<\/p>\n<p><b>\u00a0<\/b><\/p>\n","protected":false},"excerpt":{"rendered":"<p>Africa-Press &#8211; Niger. Occupation anarchique de voies publiques \u00e0 Niamey! Ce n\u2019est jamais assez d\u2019en parler car, ces derniers temps, le d\u00e9sordre reprend de plus en plus de l\u2019ampleur \u00e0 Niamey. Apr\u00e8s l\u2019occupation des trottoirs r\u00e9serv\u00e9s aux pi\u00e9tons et aux cyclomoteurs sur certaines voies modernes par les vendeurs, ces derniers n\u2019h\u00e9sitent plus \u00e0 \u00e9taler leurs [&hellip;]<\/p>\n","protected":false},"author":82,"featured_media":11074,"comment_status":"open","ping_status":"closed","sticky":false,"template":"","format":"standard","meta":{"footnotes":""},"categories":[21,11,10],"tags":[55,60,29],"class_list":["post-11075","post","type-post","status-publish","format-standard","has-post-thumbnail","hentry","category-communaute","category-homepage-french","category-toutes-les-actualites","tag-africa-press","tag-africa-press-niger","tag-niger"],"yoast_head":"<!-- This site is optimized with the Yoast SEO Premium plugin v26.1 (Yoast SEO v27.0) - https:\/\/yoast.com\/product\/yoast-seo-premium-wordpress\/ -->\n<title>Circulation routi\u00e8re \u00e0 Niamey : L\u2019occupation anarchique des voies publiques s\u2019accentue - niger<\/title>\n<meta name=\"description\" content=\"\ufeffOccupation anarchique de voies publiques \u00e0 Niamey! Ce n\u2019est jamais assez d\u2019en parler car, ces derniers temps, le d\u00e9sord ...\" \/>\n<meta name=\"robots\" content=\"index, follow, max-snippet:-1, max-image-preview:large, max-video-preview:-1\" \/>\n<link rel=\"canonical\" href=\"https:\/\/www.africa-press.net\/niger\/toutes-les-actualites\/circulation-routiere-a-niamey-loccupation-anarchique-des-voies-publiques-saccentue\" \/>\n<meta property=\"og:locale\" content=\"fr_FR\" \/>\n<meta property=\"og:type\" content=\"article\" \/>\n<meta property=\"og:title\" content=\"Circulation routi\u00e8re \u00e0 Niamey : L\u2019occupation anarchique des voies publiques s\u2019accentue\" \/>\n<meta property=\"og:description\" content=\"\ufeffOccupation anarchique de voies publiques \u00e0 Niamey! Ce n\u2019est jamais assez d\u2019en parler car, ces derniers temps, le d\u00e9sord ...\" \/>\n<meta property=\"og:url\" content=\"https:\/\/www.africa-press.net\/niger\/toutes-les-actualites\/circulation-routiere-a-niamey-loccupation-anarchique-des-voies-publiques-saccentue\" \/>\n<meta property=\"og:site_name\" content=\"niger\" \/>\n<meta property=\"article:published_time\" content=\"2021-09-03T08:06:54+00:00\" \/>\n<meta property=\"article:modified_time\" content=\"2021-09-03T19:47:54+00:00\" \/>\n<meta property=\"og:image\" content=\"https:\/\/static.africa-press.net\/niger\/sites\/40\/2021\/09\/img-6131ce824f57e.jpg\" \/>\n\t<meta property=\"og:image:width\" content=\"720\" \/>\n\t<meta property=\"og:image:height\" content=\"369\" \/>\n\t<meta property=\"og:image:type\" content=\"image\/jpeg\" \/>\n<meta name=\"author\" content=\"cfeditorfr\" \/>\n<meta name=\"twitter:card\" content=\"summary_large_image\" \/>\n<meta name=\"twitter:label1\" content=\"\u00c9crit par\" \/>\n\t<meta name=\"twitter:data1\" content=\"cfeditorfr\" \/>\n\t<meta name=\"twitter:label2\" content=\"Dur\u00e9e de lecture estim\u00e9e\" \/>\n\t<meta name=\"twitter:data2\" content=\"2 minutes\" \/>\n<script type=\"application\/ld+json\" class=\"yoast-schema-graph\">{\"@context\":\"https:\/\/schema.org\",\"@graph\":[{\"@type\":\"Article\",\"@id\":\"https:\/\/www.africa-press.net\/niger\/toutes-les-actualites\/circulation-routiere-a-niamey-loccupation-anarchique-des-voies-publiques-saccentue#article\",\"isPartOf\":{\"@id\":\"https:\/\/www.africa-press.net\/niger\/toutes-les-actualites\/circulation-routiere-a-niamey-loccupation-anarchique-des-voies-publiques-saccentue\"},\"author\":{\"name\":\"cfeditorfr\",\"@id\":\"https:\/\/www.africa-press.net\/niger\/#\/schema\/person\/2b1cf3cd81a31e3cd26889ca66d677f1\"},\"headline\":\"Circulation routi\u00e8re \u00e0 Niamey : L\u2019occupation anarchique des voies publiques s\u2019accentue\",\"datePublished\":\"2021-09-03T08:06:54+00:00\",\"dateModified\":\"2021-09-03T19:47:54+00:00\",\"mainEntityOfPage\":{\"@id\":\"https:\/\/www.africa-press.net\/niger\/toutes-les-actualites\/circulation-routiere-a-niamey-loccupation-anarchique-des-voies-publiques-saccentue\"},\"wordCount\":506,\"commentCount\":0,\"image\":{\"@id\":\"https:\/\/www.africa-press.net\/niger\/toutes-les-actualites\/circulation-routiere-a-niamey-loccupation-anarchique-des-voies-publiques-saccentue#primaryimage\"},\"thumbnailUrl\":\"https:\/\/static.africa-press.net\/niger\/sites\/40\/2021\/09\/img-6131ce824f57e.jpg\",\"keywords\":[\"Africa Press\",\"Africa Press-Niger\",\"Niger\"],\"articleSection\":[\"Communaut\u00e9\",\"homepage-french\",\"Toutes les actualit\u00e9s\"],\"inLanguage\":\"fr-FR\",\"potentialAction\":[{\"@type\":\"CommentAction\",\"name\":\"Comment\",\"target\":[\"https:\/\/www.africa-press.net\/niger\/toutes-les-actualites\/circulation-routiere-a-niamey-loccupation-anarchique-des-voies-publiques-saccentue#respond\"]}]},{\"@type\":\"WebPage\",\"@id\":\"https:\/\/www.africa-press.net\/niger\/toutes-les-actualites\/circulation-routiere-a-niamey-loccupation-anarchique-des-voies-publiques-saccentue\",\"url\":\"https:\/\/www.africa-press.net\/niger\/toutes-les-actualites\/circulation-routiere-a-niamey-loccupation-anarchique-des-voies-publiques-saccentue\",\"name\":\"Circulation routi\u00e8re \u00e0 Niamey : L\u2019occupation anarchique des voies publiques s\u2019accentue - niger\",\"isPartOf\":{\"@id\":\"https:\/\/www.africa-press.net\/niger\/#website\"},\"primaryImageOfPage\":{\"@id\":\"https:\/\/www.africa-press.net\/niger\/toutes-les-actualites\/circulation-routiere-a-niamey-loccupation-anarchique-des-voies-publiques-saccentue#primaryimage\"},\"image\":{\"@id\":\"https:\/\/www.africa-press.net\/niger\/toutes-les-actualites\/circulation-routiere-a-niamey-loccupation-anarchique-des-voies-publiques-saccentue#primaryimage\"},\"thumbnailUrl\":\"https:\/\/static.africa-press.net\/niger\/sites\/40\/2021\/09\/img-6131ce824f57e.jpg\",\"datePublished\":\"2021-09-03T08:06:54+00:00\",\"dateModified\":\"2021-09-03T19:47:54+00:00\",\"author\":{\"@id\":\"https:\/\/www.africa-press.net\/niger\/#\/schema\/person\/2b1cf3cd81a31e3cd26889ca66d677f1\"},\"description\":\"\ufeffOccupation anarchique de voies publiques \u00e0 Niamey! Ce n\u2019est jamais assez d\u2019en parler car, ces derniers temps, le d\u00e9sord ...\",\"breadcrumb\":{\"@id\":\"https:\/\/www.africa-press.net\/niger\/toutes-les-actualites\/circulation-routiere-a-niamey-loccupation-anarchique-des-voies-publiques-saccentue#breadcrumb\"},\"inLanguage\":\"fr-FR\",\"potentialAction\":[{\"@type\":\"ReadAction\",\"target\":[\"https:\/\/www.africa-press.net\/niger\/toutes-les-actualites\/circulation-routiere-a-niamey-loccupation-anarchique-des-voies-publiques-saccentue\"]}]},{\"@type\":\"ImageObject\",\"inLanguage\":\"fr-FR\",\"@id\":\"https:\/\/www.africa-press.net\/niger\/toutes-les-actualites\/circulation-routiere-a-niamey-loccupation-anarchique-des-voies-publiques-saccentue#primaryimage\",\"url\":\"https:\/\/static.africa-press.net\/niger\/sites\/40\/2021\/09\/img-6131ce824f57e.jpg\",\"contentUrl\":\"https:\/\/static.africa-press.net\/niger\/sites\/40\/2021\/09\/img-6131ce824f57e.jpg\",\"width\":720,\"height\":369,\"caption\":\"Circulation routi\u00e8re \u00e0 Niamey : L\u2019occupation anarchique des voies publiques s\u2019accentue\"},{\"@type\":\"BreadcrumbList\",\"@id\":\"https:\/\/www.africa-press.net\/niger\/toutes-les-actualites\/circulation-routiere-a-niamey-loccupation-anarchique-des-voies-publiques-saccentue#breadcrumb\",\"itemListElement\":[{\"@type\":\"ListItem\",\"position\":1,\"name\":\"Accueil\",\"item\":\"https:\/\/www.africa-press.net\/niger\/\"},{\"@type\":\"ListItem\",\"position\":2,\"name\":\"Circulation routi\u00e8re \u00e0 Niamey : L\u2019occupation anarchique des voies publiques s\u2019accentue\"}]},{\"@type\":\"WebSite\",\"@id\":\"https:\/\/www.africa-press.net\/niger\/#website\",\"url\":\"https:\/\/www.africa-press.net\/niger\/\",\"name\":\"niger\",\"description\":\"Just another Africa News Agency Sites site\",\"potentialAction\":[{\"@type\":\"SearchAction\",\"target\":{\"@type\":\"EntryPoint\",\"urlTemplate\":\"https:\/\/www.africa-press.net\/niger\/?s={search_term_string}\"},\"query-input\":{\"@type\":\"PropertyValueSpecification\",\"valueRequired\":true,\"valueName\":\"search_term_string\"}}],\"inLanguage\":\"fr-FR\"},{\"@type\":\"Person\",\"@id\":\"https:\/\/www.africa-press.net\/niger\/#\/schema\/person\/2b1cf3cd81a31e3cd26889ca66d677f1\",\"name\":\"cfeditorfr\"}]}<\/script>\n<!-- \/ Yoast SEO Premium plugin. -->","yoast_head_json":{"title":"Circulation routi\u00e8re \u00e0 Niamey : L\u2019occupation anarchique des voies publiques s\u2019accentue - niger","description":"\ufeffOccupation anarchique de voies publiques \u00e0 Niamey! Ce n\u2019est jamais assez d\u2019en parler car, ces derniers temps, le d\u00e9sord ...","robots":{"index":"index","follow":"follow","max-snippet":"max-snippet:-1","max-image-preview":"max-image-preview:large","max-video-preview":"max-video-preview:-1"},"canonical":"https:\/\/www.africa-press.net\/niger\/toutes-les-actualites\/circulation-routiere-a-niamey-loccupation-anarchique-des-voies-publiques-saccentue","og_locale":"fr_FR","og_type":"article","og_title":"Circulation routi\u00e8re \u00e0 Niamey : L\u2019occupation anarchique des voies publiques s\u2019accentue","og_description":"\ufeffOccupation anarchique de voies publiques \u00e0 Niamey! Ce n\u2019est jamais assez d\u2019en parler car, ces derniers temps, le d\u00e9sord ...","og_url":"https:\/\/www.africa-press.net\/niger\/toutes-les-actualites\/circulation-routiere-a-niamey-loccupation-anarchique-des-voies-publiques-saccentue","og_site_name":"niger","article_published_time":"2021-09-03T08:06:54+00:00","article_modified_time":"2021-09-03T19:47:54+00:00","og_image":[{"width":720,"height":369,"url":"https:\/\/static.africa-press.net\/niger\/sites\/40\/2021\/09\/img-6131ce824f57e.jpg","type":"image\/jpeg"}],"author":"cfeditorfr","twitter_card":"summary_large_image","twitter_misc":{"\u00c9crit par":"cfeditorfr","Dur\u00e9e de lecture estim\u00e9e":"2 minutes"},"schema":{"@context":"https:\/\/schema.org","@graph":[{"@type":"Article","@id":"https:\/\/www.africa-press.net\/niger\/toutes-les-actualites\/circulation-routiere-a-niamey-loccupation-anarchique-des-voies-publiques-saccentue#article","isPartOf":{"@id":"https:\/\/www.africa-press.net\/niger\/toutes-les-actualites\/circulation-routiere-a-niamey-loccupation-anarchique-des-voies-publiques-saccentue"},"author":{"name":"cfeditorfr","@id":"https:\/\/www.africa-press.net\/niger\/#\/schema\/person\/2b1cf3cd81a31e3cd26889ca66d677f1"},"headline":"Circulation routi\u00e8re \u00e0 Niamey : L\u2019occupation anarchique des voies publiques s\u2019accentue","datePublished":"2021-09-03T08:06:54+00:00","dateModified":"2021-09-03T19:47:54+00:00","mainEntityOfPage":{"@id":"https:\/\/www.africa-press.net\/niger\/toutes-les-actualites\/circulation-routiere-a-niamey-loccupation-anarchique-des-voies-publiques-saccentue"},"wordCount":506,"commentCount":0,"image":{"@id":"https:\/\/www.africa-press.net\/niger\/toutes-les-actualites\/circulation-routiere-a-niamey-loccupation-anarchique-des-voies-publiques-saccentue#primaryimage"},"thumbnailUrl":"https:\/\/static.africa-press.net\/niger\/sites\/40\/2021\/09\/img-6131ce824f57e.jpg","keywords":["Africa Press","Africa Press-Niger","Niger"],"articleSection":["Communaut\u00e9","homepage-french","Toutes les actualit\u00e9s"],"inLanguage":"fr-FR","potentialAction":[{"@type":"CommentAction","name":"Comment","target":["https:\/\/www.africa-press.net\/niger\/toutes-les-actualites\/circulation-routiere-a-niamey-loccupation-anarchique-des-voies-publiques-saccentue#respond"]}]},{"@type":"WebPage","@id":"https:\/\/www.africa-press.net\/niger\/toutes-les-actualites\/circulation-routiere-a-niamey-loccupation-anarchique-des-voies-publiques-saccentue","url":"https:\/\/www.africa-press.net\/niger\/toutes-les-actualites\/circulation-routiere-a-niamey-loccupation-anarchique-des-voies-publiques-saccentue","name":"Circulation routi\u00e8re \u00e0 Niamey : L\u2019occupation anarchique des voies publiques s\u2019accentue - niger","isPartOf":{"@id":"https:\/\/www.africa-press.net\/niger\/#website"},"primaryImageOfPage":{"@id":"https:\/\/www.africa-press.net\/niger\/toutes-les-actualites\/circulation-routiere-a-niamey-loccupation-anarchique-des-voies-publiques-saccentue#primaryimage"},"image":{"@id":"https:\/\/www.africa-press.net\/niger\/toutes-les-actualites\/circulation-routiere-a-niamey-loccupation-anarchique-des-voies-publiques-saccentue#primaryimage"},"thumbnailUrl":"https:\/\/static.africa-press.net\/niger\/sites\/40\/2021\/09\/img-6131ce824f57e.jpg","datePublished":"2021-09-03T08:06:54+00:00","dateModified":"2021-09-03T19:47:54+00:00","author":{"@id":"https:\/\/www.africa-press.net\/niger\/#\/schema\/person\/2b1cf3cd81a31e3cd26889ca66d677f1"},"description":"\ufeffOccupation anarchique de voies publiques \u00e0 Niamey! Ce n\u2019est jamais assez d\u2019en parler car, ces derniers temps, le d\u00e9sord ...","breadcrumb":{"@id":"https:\/\/www.africa-press.net\/niger\/toutes-les-actualites\/circulation-routiere-a-niamey-loccupation-anarchique-des-voies-publiques-saccentue#breadcrumb"},"inLanguage":"fr-FR","potentialAction":[{"@type":"ReadAction","target":["https:\/\/www.africa-press.net\/niger\/toutes-les-actualites\/circulation-routiere-a-niamey-loccupation-anarchique-des-voies-publiques-saccentue"]}]},{"@type":"ImageObject","inLanguage":"fr-FR","@id":"https:\/\/www.africa-press.net\/niger\/toutes-les-actualites\/circulation-routiere-a-niamey-loccupation-anarchique-des-voies-publiques-saccentue#primaryimage","url":"https:\/\/static.africa-press.net\/niger\/sites\/40\/2021\/09\/img-6131ce824f57e.jpg","contentUrl":"https:\/\/static.africa-press.net\/niger\/sites\/40\/2021\/09\/img-6131ce824f57e.jpg","width":720,"height":369,"caption":"Circulation routi\u00e8re \u00e0 Niamey : L\u2019occupation anarchique des voies publiques s\u2019accentue"},{"@type":"BreadcrumbList","@id":"https:\/\/www.africa-press.net\/niger\/toutes-les-actualites\/circulation-routiere-a-niamey-loccupation-anarchique-des-voies-publiques-saccentue#breadcrumb","itemListElement":[{"@type":"ListItem","position":1,"name":"Accueil","item":"https:\/\/www.africa-press.net\/niger\/"},{"@type":"ListItem","position":2,"name":"Circulation routi\u00e8re \u00e0 Niamey : L\u2019occupation anarchique des voies publiques s\u2019accentue"}]},{"@type":"WebSite","@id":"https:\/\/www.africa-press.net\/niger\/#website","url":"https:\/\/www.africa-press.net\/niger\/","name":"niger","description":"Just another Africa News Agency Sites site","potentialAction":[{"@type":"SearchAction","target":{"@type":"EntryPoint","urlTemplate":"https:\/\/www.africa-press.net\/niger\/?s={search_term_string}"},"query-input":{"@type":"PropertyValueSpecification","valueRequired":true,"valueName":"search_term_string"}}],"inLanguage":"fr-FR"},{"@type":"Person","@id":"https:\/\/www.africa-press.net\/niger\/#\/schema\/person\/2b1cf3cd81a31e3cd26889ca66d677f1","name":"cfeditorfr"}]}},"_links":{"self":[{"href":"https:\/\/www.africa-press.net\/niger\/wp-json\/wp\/v2\/posts\/11075","targetHints":{"allow":["GET"]}}],"collection":[{"href":"https:\/\/www.africa-press.net\/niger\/wp-json\/wp\/v2\/posts"}],"about":[{"href":"https:\/\/www.africa-press.net\/niger\/wp-json\/wp\/v2\/types\/post"}],"author":[{"embeddable":true,"href":"https:\/\/www.africa-press.net\/niger\/wp-json\/wp\/v2\/users\/82"}],"replies":[{"embeddable":true,"href":"https:\/\/www.africa-press.net\/niger\/wp-json\/wp\/v2\/comments?post=11075"}],"version-history":[{"count":0,"href":"https:\/\/www.africa-press.net\/niger\/wp-json\/wp\/v2\/posts\/11075\/revisions"}],"wp:featuredmedia":[{"embeddable":true,"href":"https:\/\/www.africa-press.net\/niger\/wp-json\/wp\/v2\/media\/11074"}],"wp:attachment":[{"href":"https:\/\/www.africa-press.net\/niger\/wp-json\/wp\/v2\/media?parent=11075"}],"wp:term":[{"taxonomy":"category","embeddable":true,"href":"https:\/\/www.africa-press.net\/niger\/wp-json\/wp\/v2\/categories?post=11075"},{"taxonomy":"post_tag","embeddable":true,"href":"https:\/\/www.africa-press.net\/niger\/wp-json\/wp\/v2\/tags?post=11075"}],"curies":[{"name":"wp","href":"https:\/\/api.w.org\/{rel}","templated":true}]}}