{"id":11090,"date":"2021-09-03T08:50:32","date_gmt":"2021-09-03T08:50:32","guid":{"rendered":"https:\/\/www.africa-press.net\/niger\/?p=11090"},"modified":"2021-09-03T19:48:30","modified_gmt":"2021-09-03T19:48:30","slug":"sur-le-marche-des-cereales-constance-des-prix-des-cereales-au-cours-de-cette-semaine","status":"publish","type":"post","link":"https:\/\/www.africa-press.net\/niger\/economie\/sur-le-marche-des-cereales-constance-des-prix-des-cereales-au-cours-de-cette-semaine","title":{"rendered":"Sur le march\u00e9 des c\u00e9r\u00e9ales : Constance des prix des c\u00e9r\u00e9ales au cours de cette semaine"},"content":{"rendered":"<p><span style=\"color: #ff6600\"><strong><a href=\"https:\/\/www.africa-press.net\/\">Africa-Press<\/a> &#8211; <a href=\"https:\/\/www.africa-press.net\/niger\">Niger<\/a>. <\/strong><\/span>Selon le Bulletin hebdomadaire N\u00b0 622du Syst\u00e8me d\u2019Information sur le March\u00e9 Agricole (SIMA), au cours de la Semaine N\u00b034 du Mercredi 18 au Mardi 24 Ao\u00fbt 2021, la situation des march\u00e9s c\u00e9r\u00e9aliers est marqu\u00e9e par une constance des prix moyens de tous les produits mieux, le sorgho accuse m\u00eame une baisse de 2% par rapport \u00e0 son niveau de la semaine \u00e9coul\u00e9e.<\/p>\n<p>Cette constance des prix peut se justifier d\u2019une part, par l\u2019am\u00e9lioration de l\u2019offre des produits face \u00e0 une demande relativement constante des produits sur les march\u00e9s suivis et d\u2019autre part, par l\u2019op\u00e9ration de distribution gratuite cibl\u00e9e et la vente \u00e0 prix mod\u00e9r\u00e9 des c\u00e9r\u00e9ales, initi\u00e9e par l\u2019Etat et ses partenaires, dans certaines localit\u00e9s.<\/p>\n<p>Compar\u00e9s \u00e0 la m\u00eame p\u00e9riode de l\u2019ann\u00e9e pass\u00e9e (2020), except\u00e9 le prix moyen du riz import\u00e9 qui est rest\u00e9 inchang\u00e9, les prix moyens de toutes les autres c\u00e9r\u00e9ales suivies ont connu une hausse : 1% pour le mil, 8% pour le sorgho et 23% pour le ma\u00efs. Cons\u00e9quences de la pand\u00e9mie du covid-19 qui continue d\u2019affecter l\u2019\u00e9conomie de tous les pays. Aussi compar\u00e9s \u00e0 la moyenne des cinq derni\u00e8res ann\u00e9es (2016\/2020) \u00e0 la m\u00eame p\u00e9riode, les prix moyens de ces produits, affichent les variations suivantes : +9% pour le mil, +3% pour le sorgho, +25% pour le ma\u00efs et +7% pour le riz import\u00e9.<\/p>\n<p>LE MIL<\/p>\n<p>A l\u2019image de la semaine pass\u00e9e, le prix moyen actuel du sac d\u2019environ 100 Kg du mil reste constant, du fait de l\u2019\u00e9quilibre entre le niveau de l\u2019offre et la demande de la c\u00e9r\u00e9ale sur les march\u00e9s suivis. Le prix moyen national du sac de cette c\u00e9r\u00e9ale s\u2019\u00e9tablit actuellement \u00e0 28 335 FCFA contre 28 386 FCFA pr\u00e9c\u00e9demment. Par rapport \u00e0 l\u2019ann\u00e9e pass\u00e9e (2020) \u00e0 la m\u00eame p\u00e9riode, le prix du sac de 100 kg est l\u00e9g\u00e8rement en hausse de 1%. Compar\u00e9 \u00e0 la moyenne quinquennale (2016\/ 2020), ce prix moyen est en hausse de 9%. Au niveau national, le prix le plus bas est relev\u00e9 \u00e0 N\u2019Guigmi(23 712 FCFA) tandis que le prix le plus \u00e9lev\u00e9 est pratiqu\u00e9 \u00e0 Karofane(34 000 FCFA).<\/p>\n<p>LE SORGHO<\/p>\n<p>A l\u2019oppos\u00e9 de la semaine pass\u00e9e, le prix moyen du sac de sorgho d\u2019environ 100 Kg pr\u00e9sente une diminution de 2% due \u00e0 l\u2019am\u00e9lioration de son offre sur les march\u00e9s suivis.<\/p>\n<p>Le prix moyen national du sac de cette c\u00e9r\u00e9ale se situe actuellement \u00e0 26 735 FCFA contre 27 165 FCFA la semaine pass\u00e9e. Par rapport \u00e0 la m\u00eame p\u00e9riode de l\u2019ann\u00e9e pass\u00e9e et \u00e0 la moyenne quinquennale (2016\/ 2020), le prix moyen du sorgho affiche des hausses notoires de 8% et 3% respectivement. Au plan national, le march\u00e9 de Balleyara enregistre le prix du sac le plus bas (22 000 FCFA) et celui de Bermo pratique le prix le plus \u00e9lev\u00e9 (31 500 FCFA). Sur les march\u00e9s suivis de la capitale, le prix moyen du sac de 100 Kg de cette c\u00e9r\u00e9ale baisse l\u00e9g\u00e8rement de 1% en variation hebdomadaire. Le prix du sac de 100 kg s\u2019obtient \u00e0 25 000 FCFA sur le march\u00e9 de Katako, et 27 000 FCFA sur ceux de Harobanda Wadata et Dol\u00e9.<\/p>\n<p>LE MAIS<\/p>\n<p>Tout comme le mil, le prix moyen actuel du sac de ma\u00efs d\u2019environ 100 Kg n\u2019a pas enregistr\u00e9 de changement important au cours de la pr\u00e9sente semaine en raison de l\u2019\u00e9quilibre observ\u00e9 entre le niveau de l\u2019offre et la demande du produit sur les march\u00e9s.<\/p>\n<p>Il s\u2019\u00e9tablit \u00e0 28 158 FCFA contre 28 037 FCFA au cours de la p\u00e9riode pr\u00e9c\u00e9dente.<\/p>\n<p>Par rapport \u00e0 l\u2019ann\u00e9e pass\u00e9e (2020) \u00e0 la m\u00eame p\u00e9riode et \u00e0 la moyenne quinquennale (2016\/ 2020), le prix du sac de 100 kg est en hausse de 23% et 25% respectivement.<\/p>\n<p>Au niveau national, les prix du sac de 100 kg ont fluctu\u00e9 dans une fourchette allant de 23 000 FCFA sur le march\u00e9 de Ingall\u00e0 34.000 FCFA sur celui de Tanout. Sur les march\u00e9s de la Ville de Niamey, le prix moyen du sac affiche une baisse de 2% comparativement \u00e0 son niveau de la semaine pass\u00e9e. Le sac de 100 kg s\u2019obtient \u00e0 26 000 FCFA sur le march\u00e9 de Bonkan\u00e8ye et 30 000 sur celui de Wadata.<\/p>\n<p>LE RIZ IMPORTE<\/p>\n<p>A l\u2019image du mil et du ma\u00efs, le prix moyen national du riz import\u00e9 est rest\u00e9 constant par rapport \u00e0 celui de la semaine pass\u00e9e. Cette situation pourrait s\u2019expliquer par une r\u00e9gularit\u00e9 de l\u2019importation de ce produit et une constance de la cat\u00e9gorie de consommateurs.<\/p>\n<p>Le prix moyen national de sac de 50 Kg de cette c\u00e9r\u00e9ale s\u2019\u00e9tablit actuellement \u00e0 22 262 FCFA contre 22 241 FCFA pr\u00e9c\u00e9demment. Compar\u00e9 \u00e0 l\u2019ann\u00e9e pass\u00e9e (2020) \u00e0 la m\u00eame p\u00e9riode, le prix du sac de 50 kg est stable. Compar\u00e9 \u00e0 la moyenne quinquennale (2016\/2020), ce prix moyen est en hausse de 7%. Au niveau national, les prix du sac de 50 Kg oscillent entre 18.500 FCFA sur le march\u00e9 de T\u00e9ra et 26 000 FCFA sur celui de Band\u00e9. A Niamey, le prix moyen du sac de 50 Kg de riz import\u00e9 reste sans changement, compar\u00e9 \u00e0 son niveau de la semaine pr\u00e9c\u00e9dente. Il s\u2019obtient \u00e0 22 000 FCFA sur tous les march\u00e9s suivis de la capitale.<\/p>\n<p><b>\u00a0<\/b><\/p>\n","protected":false},"excerpt":{"rendered":"<p>Africa-Press &#8211; Niger. Selon le Bulletin hebdomadaire N\u00b0 622du Syst\u00e8me d\u2019Information sur le March\u00e9 Agricole (SIMA), au cours de la Semaine N\u00b034 du Mercredi 18 au Mardi 24 Ao\u00fbt 2021, la situation des march\u00e9s c\u00e9r\u00e9aliers est marqu\u00e9e par une constance des prix moyens de tous les produits mieux, le sorgho accuse m\u00eame une baisse de [&hellip;]<\/p>\n","protected":false},"author":82,"featured_media":11089,"comment_status":"open","ping_status":"closed","sticky":false,"template":"","format":"standard","meta":{"footnotes":""},"categories":[3,11,10],"tags":[55,60,29],"class_list":["post-11090","post","type-post","status-publish","format-standard","has-post-thumbnail","hentry","category-economie","category-homepage-french","category-toutes-les-actualites","tag-africa-press","tag-africa-press-niger","tag-niger"],"yoast_head":"<!-- This site is optimized with the Yoast SEO Premium plugin v26.1 (Yoast SEO v27.0) - https:\/\/yoast.com\/product\/yoast-seo-premium-wordpress\/ -->\n<title>Sur le march\u00e9 des c\u00e9r\u00e9ales : Constance des prix des c\u00e9r\u00e9ales au cours de cette semaine - niger<\/title>\n<meta name=\"description\" content=\"\ufeffSelon le Bulletin hebdomadaire N\u00b0 622du Syst\u00e8me d\u2019Information sur le March\u00e9 Agricole (SIMA), au cours de la Semaine N\u00b03 ...\" \/>\n<meta name=\"robots\" content=\"index, follow, max-snippet:-1, max-image-preview:large, max-video-preview:-1\" \/>\n<link rel=\"canonical\" href=\"https:\/\/www.africa-press.net\/niger\/economie\/sur-le-marche-des-cereales-constance-des-prix-des-cereales-au-cours-de-cette-semaine\" \/>\n<meta property=\"og:locale\" content=\"fr_FR\" \/>\n<meta property=\"og:type\" content=\"article\" \/>\n<meta property=\"og:title\" content=\"Sur le march\u00e9 des c\u00e9r\u00e9ales : Constance des prix des c\u00e9r\u00e9ales au cours de cette semaine\" \/>\n<meta property=\"og:description\" content=\"\ufeffSelon le Bulletin hebdomadaire N\u00b0 622du Syst\u00e8me d\u2019Information sur le March\u00e9 Agricole (SIMA), au cours de la Semaine N\u00b03 ...\" \/>\n<meta property=\"og:url\" content=\"https:\/\/www.africa-press.net\/niger\/economie\/sur-le-marche-des-cereales-constance-des-prix-des-cereales-au-cours-de-cette-semaine\" \/>\n<meta property=\"og:site_name\" content=\"niger\" \/>\n<meta property=\"article:published_time\" content=\"2021-09-03T08:50:32+00:00\" \/>\n<meta property=\"article:modified_time\" content=\"2021-09-03T19:48:30+00:00\" \/>\n<meta property=\"og:image\" content=\"https:\/\/static.africa-press.net\/niger\/sites\/40\/2021\/09\/img-6131d0d9086c9.jpg\" \/>\n\t<meta property=\"og:image:width\" content=\"720\" \/>\n\t<meta property=\"og:image:height\" content=\"448\" \/>\n\t<meta property=\"og:image:type\" content=\"image\/jpeg\" \/>\n<meta name=\"author\" content=\"cfeditorfr\" \/>\n<meta name=\"twitter:card\" content=\"summary_large_image\" \/>\n<meta name=\"twitter:label1\" content=\"\u00c9crit par\" \/>\n\t<meta name=\"twitter:data1\" content=\"cfeditorfr\" \/>\n\t<meta name=\"twitter:label2\" content=\"Dur\u00e9e de lecture estim\u00e9e\" \/>\n\t<meta name=\"twitter:data2\" content=\"4 minutes\" \/>\n<script type=\"application\/ld+json\" class=\"yoast-schema-graph\">{\"@context\":\"https:\/\/schema.org\",\"@graph\":[{\"@type\":\"Article\",\"@id\":\"https:\/\/www.africa-press.net\/niger\/economie\/sur-le-marche-des-cereales-constance-des-prix-des-cereales-au-cours-de-cette-semaine#article\",\"isPartOf\":{\"@id\":\"https:\/\/www.africa-press.net\/niger\/economie\/sur-le-marche-des-cereales-constance-des-prix-des-cereales-au-cours-de-cette-semaine\"},\"author\":{\"name\":\"cfeditorfr\",\"@id\":\"https:\/\/www.africa-press.net\/niger\/#\/schema\/person\/2b1cf3cd81a31e3cd26889ca66d677f1\"},\"headline\":\"Sur le march\u00e9 des c\u00e9r\u00e9ales : Constance des prix des c\u00e9r\u00e9ales au cours de cette semaine\",\"datePublished\":\"2021-09-03T08:50:32+00:00\",\"dateModified\":\"2021-09-03T19:48:30+00:00\",\"mainEntityOfPage\":{\"@id\":\"https:\/\/www.africa-press.net\/niger\/economie\/sur-le-marche-des-cereales-constance-des-prix-des-cereales-au-cours-de-cette-semaine\"},\"wordCount\":889,\"commentCount\":0,\"image\":{\"@id\":\"https:\/\/www.africa-press.net\/niger\/economie\/sur-le-marche-des-cereales-constance-des-prix-des-cereales-au-cours-de-cette-semaine#primaryimage\"},\"thumbnailUrl\":\"https:\/\/static.africa-press.net\/niger\/sites\/40\/2021\/09\/img-6131d0d9086c9.jpg\",\"keywords\":[\"Africa Press\",\"Africa Press-Niger\",\"Niger\"],\"articleSection\":[\"\u00c9conomie\",\"homepage-french\",\"Toutes les actualit\u00e9s\"],\"inLanguage\":\"fr-FR\",\"potentialAction\":[{\"@type\":\"CommentAction\",\"name\":\"Comment\",\"target\":[\"https:\/\/www.africa-press.net\/niger\/economie\/sur-le-marche-des-cereales-constance-des-prix-des-cereales-au-cours-de-cette-semaine#respond\"]}]},{\"@type\":\"WebPage\",\"@id\":\"https:\/\/www.africa-press.net\/niger\/economie\/sur-le-marche-des-cereales-constance-des-prix-des-cereales-au-cours-de-cette-semaine\",\"url\":\"https:\/\/www.africa-press.net\/niger\/economie\/sur-le-marche-des-cereales-constance-des-prix-des-cereales-au-cours-de-cette-semaine\",\"name\":\"Sur le march\u00e9 des c\u00e9r\u00e9ales : Constance des prix des c\u00e9r\u00e9ales au cours de cette semaine - niger\",\"isPartOf\":{\"@id\":\"https:\/\/www.africa-press.net\/niger\/#website\"},\"primaryImageOfPage\":{\"@id\":\"https:\/\/www.africa-press.net\/niger\/economie\/sur-le-marche-des-cereales-constance-des-prix-des-cereales-au-cours-de-cette-semaine#primaryimage\"},\"image\":{\"@id\":\"https:\/\/www.africa-press.net\/niger\/economie\/sur-le-marche-des-cereales-constance-des-prix-des-cereales-au-cours-de-cette-semaine#primaryimage\"},\"thumbnailUrl\":\"https:\/\/static.africa-press.net\/niger\/sites\/40\/2021\/09\/img-6131d0d9086c9.jpg\",\"datePublished\":\"2021-09-03T08:50:32+00:00\",\"dateModified\":\"2021-09-03T19:48:30+00:00\",\"author\":{\"@id\":\"https:\/\/www.africa-press.net\/niger\/#\/schema\/person\/2b1cf3cd81a31e3cd26889ca66d677f1\"},\"description\":\"\ufeffSelon le Bulletin hebdomadaire N\u00b0 622du Syst\u00e8me d\u2019Information sur le March\u00e9 Agricole (SIMA), au cours de la Semaine N\u00b03 ...\",\"breadcrumb\":{\"@id\":\"https:\/\/www.africa-press.net\/niger\/economie\/sur-le-marche-des-cereales-constance-des-prix-des-cereales-au-cours-de-cette-semaine#breadcrumb\"},\"inLanguage\":\"fr-FR\",\"potentialAction\":[{\"@type\":\"ReadAction\",\"target\":[\"https:\/\/www.africa-press.net\/niger\/economie\/sur-le-marche-des-cereales-constance-des-prix-des-cereales-au-cours-de-cette-semaine\"]}]},{\"@type\":\"ImageObject\",\"inLanguage\":\"fr-FR\",\"@id\":\"https:\/\/www.africa-press.net\/niger\/economie\/sur-le-marche-des-cereales-constance-des-prix-des-cereales-au-cours-de-cette-semaine#primaryimage\",\"url\":\"https:\/\/static.africa-press.net\/niger\/sites\/40\/2021\/09\/img-6131d0d9086c9.jpg\",\"contentUrl\":\"https:\/\/static.africa-press.net\/niger\/sites\/40\/2021\/09\/img-6131d0d9086c9.jpg\",\"width\":720,\"height\":448,\"caption\":\"Sur le march\u00e9 des c\u00e9r\u00e9ales : Constance des prix des c\u00e9r\u00e9ales au cours de cette semaine\"},{\"@type\":\"BreadcrumbList\",\"@id\":\"https:\/\/www.africa-press.net\/niger\/economie\/sur-le-marche-des-cereales-constance-des-prix-des-cereales-au-cours-de-cette-semaine#breadcrumb\",\"itemListElement\":[{\"@type\":\"ListItem\",\"position\":1,\"name\":\"Accueil\",\"item\":\"https:\/\/www.africa-press.net\/niger\/\"},{\"@type\":\"ListItem\",\"position\":2,\"name\":\"Sur le march\u00e9 des c\u00e9r\u00e9ales : Constance des prix des c\u00e9r\u00e9ales au cours de cette semaine\"}]},{\"@type\":\"WebSite\",\"@id\":\"https:\/\/www.africa-press.net\/niger\/#website\",\"url\":\"https:\/\/www.africa-press.net\/niger\/\",\"name\":\"niger\",\"description\":\"Just another Africa News Agency Sites site\",\"potentialAction\":[{\"@type\":\"SearchAction\",\"target\":{\"@type\":\"EntryPoint\",\"urlTemplate\":\"https:\/\/www.africa-press.net\/niger\/?s={search_term_string}\"},\"query-input\":{\"@type\":\"PropertyValueSpecification\",\"valueRequired\":true,\"valueName\":\"search_term_string\"}}],\"inLanguage\":\"fr-FR\"},{\"@type\":\"Person\",\"@id\":\"https:\/\/www.africa-press.net\/niger\/#\/schema\/person\/2b1cf3cd81a31e3cd26889ca66d677f1\",\"name\":\"cfeditorfr\"}]}<\/script>\n<!-- \/ Yoast SEO Premium plugin. -->","yoast_head_json":{"title":"Sur le march\u00e9 des c\u00e9r\u00e9ales : Constance des prix des c\u00e9r\u00e9ales au cours de cette semaine - niger","description":"\ufeffSelon le Bulletin hebdomadaire N\u00b0 622du Syst\u00e8me d\u2019Information sur le March\u00e9 Agricole (SIMA), au cours de la Semaine N\u00b03 ...","robots":{"index":"index","follow":"follow","max-snippet":"max-snippet:-1","max-image-preview":"max-image-preview:large","max-video-preview":"max-video-preview:-1"},"canonical":"https:\/\/www.africa-press.net\/niger\/economie\/sur-le-marche-des-cereales-constance-des-prix-des-cereales-au-cours-de-cette-semaine","og_locale":"fr_FR","og_type":"article","og_title":"Sur le march\u00e9 des c\u00e9r\u00e9ales : Constance des prix des c\u00e9r\u00e9ales au cours de cette semaine","og_description":"\ufeffSelon le Bulletin hebdomadaire N\u00b0 622du Syst\u00e8me d\u2019Information sur le March\u00e9 Agricole (SIMA), au cours de la Semaine N\u00b03 ...","og_url":"https:\/\/www.africa-press.net\/niger\/economie\/sur-le-marche-des-cereales-constance-des-prix-des-cereales-au-cours-de-cette-semaine","og_site_name":"niger","article_published_time":"2021-09-03T08:50:32+00:00","article_modified_time":"2021-09-03T19:48:30+00:00","og_image":[{"width":720,"height":448,"url":"https:\/\/static.africa-press.net\/niger\/sites\/40\/2021\/09\/img-6131d0d9086c9.jpg","type":"image\/jpeg"}],"author":"cfeditorfr","twitter_card":"summary_large_image","twitter_misc":{"\u00c9crit par":"cfeditorfr","Dur\u00e9e de lecture estim\u00e9e":"4 minutes"},"schema":{"@context":"https:\/\/schema.org","@graph":[{"@type":"Article","@id":"https:\/\/www.africa-press.net\/niger\/economie\/sur-le-marche-des-cereales-constance-des-prix-des-cereales-au-cours-de-cette-semaine#article","isPartOf":{"@id":"https:\/\/www.africa-press.net\/niger\/economie\/sur-le-marche-des-cereales-constance-des-prix-des-cereales-au-cours-de-cette-semaine"},"author":{"name":"cfeditorfr","@id":"https:\/\/www.africa-press.net\/niger\/#\/schema\/person\/2b1cf3cd81a31e3cd26889ca66d677f1"},"headline":"Sur le march\u00e9 des c\u00e9r\u00e9ales : Constance des prix des c\u00e9r\u00e9ales au cours de cette semaine","datePublished":"2021-09-03T08:50:32+00:00","dateModified":"2021-09-03T19:48:30+00:00","mainEntityOfPage":{"@id":"https:\/\/www.africa-press.net\/niger\/economie\/sur-le-marche-des-cereales-constance-des-prix-des-cereales-au-cours-de-cette-semaine"},"wordCount":889,"commentCount":0,"image":{"@id":"https:\/\/www.africa-press.net\/niger\/economie\/sur-le-marche-des-cereales-constance-des-prix-des-cereales-au-cours-de-cette-semaine#primaryimage"},"thumbnailUrl":"https:\/\/static.africa-press.net\/niger\/sites\/40\/2021\/09\/img-6131d0d9086c9.jpg","keywords":["Africa Press","Africa Press-Niger","Niger"],"articleSection":["\u00c9conomie","homepage-french","Toutes les actualit\u00e9s"],"inLanguage":"fr-FR","potentialAction":[{"@type":"CommentAction","name":"Comment","target":["https:\/\/www.africa-press.net\/niger\/economie\/sur-le-marche-des-cereales-constance-des-prix-des-cereales-au-cours-de-cette-semaine#respond"]}]},{"@type":"WebPage","@id":"https:\/\/www.africa-press.net\/niger\/economie\/sur-le-marche-des-cereales-constance-des-prix-des-cereales-au-cours-de-cette-semaine","url":"https:\/\/www.africa-press.net\/niger\/economie\/sur-le-marche-des-cereales-constance-des-prix-des-cereales-au-cours-de-cette-semaine","name":"Sur le march\u00e9 des c\u00e9r\u00e9ales : Constance des prix des c\u00e9r\u00e9ales au cours de cette semaine - niger","isPartOf":{"@id":"https:\/\/www.africa-press.net\/niger\/#website"},"primaryImageOfPage":{"@id":"https:\/\/www.africa-press.net\/niger\/economie\/sur-le-marche-des-cereales-constance-des-prix-des-cereales-au-cours-de-cette-semaine#primaryimage"},"image":{"@id":"https:\/\/www.africa-press.net\/niger\/economie\/sur-le-marche-des-cereales-constance-des-prix-des-cereales-au-cours-de-cette-semaine#primaryimage"},"thumbnailUrl":"https:\/\/static.africa-press.net\/niger\/sites\/40\/2021\/09\/img-6131d0d9086c9.jpg","datePublished":"2021-09-03T08:50:32+00:00","dateModified":"2021-09-03T19:48:30+00:00","author":{"@id":"https:\/\/www.africa-press.net\/niger\/#\/schema\/person\/2b1cf3cd81a31e3cd26889ca66d677f1"},"description":"\ufeffSelon le Bulletin hebdomadaire N\u00b0 622du Syst\u00e8me d\u2019Information sur le March\u00e9 Agricole (SIMA), au cours de la Semaine N\u00b03 ...","breadcrumb":{"@id":"https:\/\/www.africa-press.net\/niger\/economie\/sur-le-marche-des-cereales-constance-des-prix-des-cereales-au-cours-de-cette-semaine#breadcrumb"},"inLanguage":"fr-FR","potentialAction":[{"@type":"ReadAction","target":["https:\/\/www.africa-press.net\/niger\/economie\/sur-le-marche-des-cereales-constance-des-prix-des-cereales-au-cours-de-cette-semaine"]}]},{"@type":"ImageObject","inLanguage":"fr-FR","@id":"https:\/\/www.africa-press.net\/niger\/economie\/sur-le-marche-des-cereales-constance-des-prix-des-cereales-au-cours-de-cette-semaine#primaryimage","url":"https:\/\/static.africa-press.net\/niger\/sites\/40\/2021\/09\/img-6131d0d9086c9.jpg","contentUrl":"https:\/\/static.africa-press.net\/niger\/sites\/40\/2021\/09\/img-6131d0d9086c9.jpg","width":720,"height":448,"caption":"Sur le march\u00e9 des c\u00e9r\u00e9ales : Constance des prix des c\u00e9r\u00e9ales au cours de cette semaine"},{"@type":"BreadcrumbList","@id":"https:\/\/www.africa-press.net\/niger\/economie\/sur-le-marche-des-cereales-constance-des-prix-des-cereales-au-cours-de-cette-semaine#breadcrumb","itemListElement":[{"@type":"ListItem","position":1,"name":"Accueil","item":"https:\/\/www.africa-press.net\/niger\/"},{"@type":"ListItem","position":2,"name":"Sur le march\u00e9 des c\u00e9r\u00e9ales : Constance des prix des c\u00e9r\u00e9ales au cours de cette semaine"}]},{"@type":"WebSite","@id":"https:\/\/www.africa-press.net\/niger\/#website","url":"https:\/\/www.africa-press.net\/niger\/","name":"niger","description":"Just another Africa News Agency Sites site","potentialAction":[{"@type":"SearchAction","target":{"@type":"EntryPoint","urlTemplate":"https:\/\/www.africa-press.net\/niger\/?s={search_term_string}"},"query-input":{"@type":"PropertyValueSpecification","valueRequired":true,"valueName":"search_term_string"}}],"inLanguage":"fr-FR"},{"@type":"Person","@id":"https:\/\/www.africa-press.net\/niger\/#\/schema\/person\/2b1cf3cd81a31e3cd26889ca66d677f1","name":"cfeditorfr"}]}},"_links":{"self":[{"href":"https:\/\/www.africa-press.net\/niger\/wp-json\/wp\/v2\/posts\/11090","targetHints":{"allow":["GET"]}}],"collection":[{"href":"https:\/\/www.africa-press.net\/niger\/wp-json\/wp\/v2\/posts"}],"about":[{"href":"https:\/\/www.africa-press.net\/niger\/wp-json\/wp\/v2\/types\/post"}],"author":[{"embeddable":true,"href":"https:\/\/www.africa-press.net\/niger\/wp-json\/wp\/v2\/users\/82"}],"replies":[{"embeddable":true,"href":"https:\/\/www.africa-press.net\/niger\/wp-json\/wp\/v2\/comments?post=11090"}],"version-history":[{"count":0,"href":"https:\/\/www.africa-press.net\/niger\/wp-json\/wp\/v2\/posts\/11090\/revisions"}],"wp:featuredmedia":[{"embeddable":true,"href":"https:\/\/www.africa-press.net\/niger\/wp-json\/wp\/v2\/media\/11089"}],"wp:attachment":[{"href":"https:\/\/www.africa-press.net\/niger\/wp-json\/wp\/v2\/media?parent=11090"}],"wp:term":[{"taxonomy":"category","embeddable":true,"href":"https:\/\/www.africa-press.net\/niger\/wp-json\/wp\/v2\/categories?post=11090"},{"taxonomy":"post_tag","embeddable":true,"href":"https:\/\/www.africa-press.net\/niger\/wp-json\/wp\/v2\/tags?post=11090"}],"curies":[{"name":"wp","href":"https:\/\/api.w.org\/{rel}","templated":true}]}}