{"id":11093,"date":"2021-09-03T09:03:26","date_gmt":"2021-09-03T09:03:26","guid":{"rendered":"https:\/\/www.africa-press.net\/niger\/?p=11093"},"modified":"2021-09-03T19:48:46","modified_gmt":"2021-09-03T19:48:46","slug":"assemblee-nationale-le-premier-vice-president-recoit-une-delegation-de-long-suisse-agro-sans-frontiere","status":"publish","type":"post","link":"https:\/\/www.africa-press.net\/niger\/politique\/assemblee-nationale-le-premier-vice-president-recoit-une-delegation-de-long-suisse-agro-sans-frontiere","title":{"rendered":"Assembl\u00e9e nationale : Le premier Vice-pr\u00e9sident re\u00e7oit une d\u00e9l\u00e9gation de l\u2019ONG suisse \u2018\u2019Agro Sans Fronti\u00e8re\u2019\u2019"},"content":{"rendered":"<p><span style=\"color: #ff6600\"><strong><a href=\"https:\/\/www.africa-press.net\/\">Africa-Press<\/a> &#8211; <a href=\"https:\/\/www.africa-press.net\/niger\">Niger<\/a>. <\/strong><\/span>Le premier Vice-pr\u00e9sident de l\u2019Assembl\u00e9e Nationale, M. Kalla Ankouraou a re\u00e7u hier en audience une d\u00e9l\u00e9gation de l\u2019ONG suisse, Agro Sans Fronti\u00e8re conduite par son vice pr\u00e9sident, M. Robert Girardet. La d\u00e9l\u00e9gation est compos\u00e9e de Dr. Ch\u00e9rif Chako, repr\u00e9sentant de l\u2019Agro Sans Fronti\u00e8re au Niger, du vice-pr\u00e9sident de l\u2019Association des Chefs traditionnels du Niger, l\u2019honorable Mayaki Hamdallaye, de deux repr\u00e9sentants de la conf\u00e9d\u00e9ration coop\u00e9rative paysanne horticole du Niger.<\/p>\n<p>A leur sortie d\u2019audience, le chef de la d\u00e9l\u00e9gation a d\u00e9clar\u00e9 que leur entretien a port\u00e9 sur les voies \u00e0 suivre accroitre la production agricole et accro\u00eetre les revenus individuels des paysans. Il a soulign\u00e9 que gr\u00e2ce aux appuis de l\u2019organisation Agro Sans Fronti\u00e8res, de nombreux paysans ont modernis\u00e9 la production maraich\u00e8re plus particuli\u00e8rement celle de la pomme de terre. \u00abNous apportons des appuis en conseils techniques et en formation au niveau de la cha\u00eene de valeur, les paysans gagnent dans la dignit\u00e9 le fruit de leur labeur\u00bb, a d\u00e9clar\u00e9 M. Robert Girardet.<\/p>\n<p>La d\u00e9l\u00e9gation a expliqu\u00e9 au pr\u00e9sident Kalla Ankouraou que l\u2019essentiel des ressources servant \u00e0 la r\u00e9alisation des activit\u00e9s proviennent principalement et personnellement de Robert Girardet. Les ressources additionnelles ont \u00e9t\u00e9 acquises par son plaidoyer actif aupr\u00e8s de la Coop\u00e9ration Suisse et d\u2019autres coop\u00e9rations ainsi que d\u2019autres institutions, ONG, coop\u00e9rations multilat\u00e9rales en Suisse et ailleurs notamment au niveau de la Banque Cantonale Vaudoise (BCV).<\/p>\n<p>Selon le repr\u00e9sentant d\u2019Agro Sans Fronti\u00e8res au Niger, Dr Cherif Chako, la d\u00e9l\u00e9gation a pr\u00e9sent\u00e9 l\u2019ONG au premier Vice pr\u00e9sident de l\u2019Assembl\u00e9e Nationale et ses interventions au Niger en faveur des producteurs nig\u00e9riens avec les appuis du gouvernement sous l\u2019instigation des chefs traditionnels. \u00abNous avons sollicit\u00e9 la repr\u00e9sentation nationale \u00e0 adapter les lois en vigueur afin de lever les obstacles pour la promotion des activit\u00e9s inh\u00e9rentes \u00e0 cette initiative salvatrice pour les paysans nig\u00e9riens \u00e0 faibles revenus, pour la promotion du secteur priv\u00e9 \u00e0 travers la modernisation de l\u2019agriculture cr\u00e9atrice d\u2019emplois et g\u00e9n\u00e9ratrice de revenus ruraux\u00bb, a pr\u00e9cis\u00e9 Dr Ch\u00e9rif Chako.<\/p>\n<p>L\u2019ONG Agro Sans Fronti\u00e8re a, dans le cadre de ses actions, exp\u00e9riment\u00e9 la production de la pomme de terre \u00e0 Hamdallaye o\u00f9 le chef de canton lui a r\u00e9serv\u00e9 un terrain de 8 hectares. Selon M. Chako, le Niger importe beaucoup de pomme de terre. La meilleure solution pour r\u00e9duire cette importation est de faire une bonne production et de prot\u00e9ger les paysans. \u00abSur les 8 hectares de Hamdallaye, avec la modernisation, nous avons cr\u00e9\u00e9 de l\u2019emploi \u00e0 70 jeunes avec des revenus. Avec cette action, nous contribuons \u00e0 r\u00e9soudre la question de paix et s\u00e9curit\u00e9\u00bb, a-t-il expliqu\u00e9 avant de conclure leur heureuse initiative a suscit\u00e9 l\u2019admiration des Chefs Traditionnels de Karma, de Tondi Kandia, de Kour\u00e9 qui d\u00e9sirent l\u2019ancrage de cette exp\u00e9rience au niveau des communes de la r\u00e9gion de Tillab\u00e9ry et m\u00eame sur l\u2019ensemble du territoire national.<\/p>\n<p><b>\u00a0<\/b><\/p>\n","protected":false},"excerpt":{"rendered":"<p>Africa-Press &#8211; Niger. Le premier Vice-pr\u00e9sident de l\u2019Assembl\u00e9e Nationale, M. Kalla Ankouraou a re\u00e7u hier en audience une d\u00e9l\u00e9gation de l\u2019ONG suisse, Agro Sans Fronti\u00e8re conduite par son vice pr\u00e9sident, M. Robert Girardet. La d\u00e9l\u00e9gation est compos\u00e9e de Dr. Ch\u00e9rif Chako, repr\u00e9sentant de l\u2019Agro Sans Fronti\u00e8re au Niger, du vice-pr\u00e9sident de l\u2019Association des Chefs traditionnels [&hellip;]<\/p>\n","protected":false},"author":82,"featured_media":11092,"comment_status":"open","ping_status":"closed","sticky":false,"template":"","format":"standard","meta":{"footnotes":""},"categories":[11,2,10],"tags":[55,60,29],"class_list":["post-11093","post","type-post","status-publish","format-standard","has-post-thumbnail","hentry","category-homepage-french","category-politique","category-toutes-les-actualites","tag-africa-press","tag-africa-press-niger","tag-niger"],"yoast_head":"<!-- This site is optimized with the Yoast SEO Premium plugin v26.1 (Yoast SEO v27.0) - https:\/\/yoast.com\/product\/yoast-seo-premium-wordpress\/ -->\n<title>Assembl\u00e9e nationale : Le premier Vice-pr\u00e9sident re\u00e7oit une d\u00e9l\u00e9gation de l\u2019ONG suisse \u2018\u2019Agro Sans Fronti\u00e8re\u2019\u2019 - niger<\/title>\n<meta name=\"description\" content=\"\ufeffLe premier Vice-pr\u00e9sident de l\u2019Assembl\u00e9e Nationale, M. Kalla Ankouraou a re\u00e7u hier en audience une d\u00e9l\u00e9gation de l\u2019ONG ...\" \/>\n<meta name=\"robots\" content=\"index, follow, max-snippet:-1, max-image-preview:large, max-video-preview:-1\" \/>\n<link rel=\"canonical\" href=\"https:\/\/www.africa-press.net\/niger\/politique\/assemblee-nationale-le-premier-vice-president-recoit-une-delegation-de-long-suisse-agro-sans-frontiere\" \/>\n<meta property=\"og:locale\" content=\"fr_FR\" \/>\n<meta property=\"og:type\" content=\"article\" \/>\n<meta property=\"og:title\" content=\"Assembl\u00e9e nationale : Le premier Vice-pr\u00e9sident re\u00e7oit une d\u00e9l\u00e9gation de l\u2019ONG suisse \u2018\u2019Agro Sans Fronti\u00e8re\u2019\u2019\" \/>\n<meta property=\"og:description\" content=\"\ufeffLe premier Vice-pr\u00e9sident de l\u2019Assembl\u00e9e Nationale, M. Kalla Ankouraou a re\u00e7u hier en audience une d\u00e9l\u00e9gation de l\u2019ONG ...\" \/>\n<meta property=\"og:url\" content=\"https:\/\/www.africa-press.net\/niger\/politique\/assemblee-nationale-le-premier-vice-president-recoit-une-delegation-de-long-suisse-agro-sans-frontiere\" \/>\n<meta property=\"og:site_name\" content=\"niger\" \/>\n<meta property=\"article:published_time\" content=\"2021-09-03T09:03:26+00:00\" \/>\n<meta property=\"article:modified_time\" content=\"2021-09-03T19:48:46+00:00\" \/>\n<meta property=\"og:image\" content=\"https:\/\/static.africa-press.net\/niger\/sites\/40\/2021\/09\/img-6131d1725b054.jpg\" \/>\n\t<meta property=\"og:image:width\" content=\"720\" \/>\n\t<meta property=\"og:image:height\" content=\"427\" \/>\n\t<meta property=\"og:image:type\" content=\"image\/jpeg\" \/>\n<meta name=\"author\" content=\"cfeditorfr\" \/>\n<meta name=\"twitter:card\" content=\"summary_large_image\" \/>\n<meta name=\"twitter:label1\" content=\"\u00c9crit par\" \/>\n\t<meta name=\"twitter:data1\" content=\"cfeditorfr\" \/>\n\t<meta name=\"twitter:label2\" content=\"Dur\u00e9e de lecture estim\u00e9e\" \/>\n\t<meta name=\"twitter:data2\" content=\"3 minutes\" \/>\n<script type=\"application\/ld+json\" class=\"yoast-schema-graph\">{\"@context\":\"https:\/\/schema.org\",\"@graph\":[{\"@type\":\"Article\",\"@id\":\"https:\/\/www.africa-press.net\/niger\/politique\/assemblee-nationale-le-premier-vice-president-recoit-une-delegation-de-long-suisse-agro-sans-frontiere#article\",\"isPartOf\":{\"@id\":\"https:\/\/www.africa-press.net\/niger\/politique\/assemblee-nationale-le-premier-vice-president-recoit-une-delegation-de-long-suisse-agro-sans-frontiere\"},\"author\":{\"name\":\"cfeditorfr\",\"@id\":\"https:\/\/www.africa-press.net\/niger\/#\/schema\/person\/2b1cf3cd81a31e3cd26889ca66d677f1\"},\"headline\":\"Assembl\u00e9e nationale : Le premier Vice-pr\u00e9sident re\u00e7oit une d\u00e9l\u00e9gation de l\u2019ONG suisse \u2018\u2019Agro Sans Fronti\u00e8re\u2019\u2019\",\"datePublished\":\"2021-09-03T09:03:26+00:00\",\"dateModified\":\"2021-09-03T19:48:46+00:00\",\"mainEntityOfPage\":{\"@id\":\"https:\/\/www.africa-press.net\/niger\/politique\/assemblee-nationale-le-premier-vice-president-recoit-une-delegation-de-long-suisse-agro-sans-frontiere\"},\"wordCount\":564,\"commentCount\":0,\"image\":{\"@id\":\"https:\/\/www.africa-press.net\/niger\/politique\/assemblee-nationale-le-premier-vice-president-recoit-une-delegation-de-long-suisse-agro-sans-frontiere#primaryimage\"},\"thumbnailUrl\":\"https:\/\/static.africa-press.net\/niger\/sites\/40\/2021\/09\/img-6131d1725b054.jpg\",\"keywords\":[\"Africa Press\",\"Africa Press-Niger\",\"Niger\"],\"articleSection\":[\"homepage-french\",\"Politique\",\"Toutes les actualit\u00e9s\"],\"inLanguage\":\"fr-FR\",\"potentialAction\":[{\"@type\":\"CommentAction\",\"name\":\"Comment\",\"target\":[\"https:\/\/www.africa-press.net\/niger\/politique\/assemblee-nationale-le-premier-vice-president-recoit-une-delegation-de-long-suisse-agro-sans-frontiere#respond\"]}]},{\"@type\":\"WebPage\",\"@id\":\"https:\/\/www.africa-press.net\/niger\/politique\/assemblee-nationale-le-premier-vice-president-recoit-une-delegation-de-long-suisse-agro-sans-frontiere\",\"url\":\"https:\/\/www.africa-press.net\/niger\/politique\/assemblee-nationale-le-premier-vice-president-recoit-une-delegation-de-long-suisse-agro-sans-frontiere\",\"name\":\"Assembl\u00e9e nationale : Le premier Vice-pr\u00e9sident re\u00e7oit une d\u00e9l\u00e9gation de l\u2019ONG suisse \u2018\u2019Agro Sans Fronti\u00e8re\u2019\u2019 - niger\",\"isPartOf\":{\"@id\":\"https:\/\/www.africa-press.net\/niger\/#website\"},\"primaryImageOfPage\":{\"@id\":\"https:\/\/www.africa-press.net\/niger\/politique\/assemblee-nationale-le-premier-vice-president-recoit-une-delegation-de-long-suisse-agro-sans-frontiere#primaryimage\"},\"image\":{\"@id\":\"https:\/\/www.africa-press.net\/niger\/politique\/assemblee-nationale-le-premier-vice-president-recoit-une-delegation-de-long-suisse-agro-sans-frontiere#primaryimage\"},\"thumbnailUrl\":\"https:\/\/static.africa-press.net\/niger\/sites\/40\/2021\/09\/img-6131d1725b054.jpg\",\"datePublished\":\"2021-09-03T09:03:26+00:00\",\"dateModified\":\"2021-09-03T19:48:46+00:00\",\"author\":{\"@id\":\"https:\/\/www.africa-press.net\/niger\/#\/schema\/person\/2b1cf3cd81a31e3cd26889ca66d677f1\"},\"description\":\"\ufeffLe premier Vice-pr\u00e9sident de l\u2019Assembl\u00e9e Nationale, M. Kalla Ankouraou a re\u00e7u hier en audience une d\u00e9l\u00e9gation de l\u2019ONG ...\",\"breadcrumb\":{\"@id\":\"https:\/\/www.africa-press.net\/niger\/politique\/assemblee-nationale-le-premier-vice-president-recoit-une-delegation-de-long-suisse-agro-sans-frontiere#breadcrumb\"},\"inLanguage\":\"fr-FR\",\"potentialAction\":[{\"@type\":\"ReadAction\",\"target\":[\"https:\/\/www.africa-press.net\/niger\/politique\/assemblee-nationale-le-premier-vice-president-recoit-une-delegation-de-long-suisse-agro-sans-frontiere\"]}]},{\"@type\":\"ImageObject\",\"inLanguage\":\"fr-FR\",\"@id\":\"https:\/\/www.africa-press.net\/niger\/politique\/assemblee-nationale-le-premier-vice-president-recoit-une-delegation-de-long-suisse-agro-sans-frontiere#primaryimage\",\"url\":\"https:\/\/static.africa-press.net\/niger\/sites\/40\/2021\/09\/img-6131d1725b054.jpg\",\"contentUrl\":\"https:\/\/static.africa-press.net\/niger\/sites\/40\/2021\/09\/img-6131d1725b054.jpg\",\"width\":720,\"height\":427,\"caption\":\"Assembl\u00e9e nationale : Le premier Vice-pr\u00e9sident re\u00e7oit une d\u00e9l\u00e9gation de l\u2019ONG suisse \u2018\u2019Agro Sans Fronti\u00e8re\u2019\u2019\"},{\"@type\":\"BreadcrumbList\",\"@id\":\"https:\/\/www.africa-press.net\/niger\/politique\/assemblee-nationale-le-premier-vice-president-recoit-une-delegation-de-long-suisse-agro-sans-frontiere#breadcrumb\",\"itemListElement\":[{\"@type\":\"ListItem\",\"position\":1,\"name\":\"Accueil\",\"item\":\"https:\/\/www.africa-press.net\/niger\/\"},{\"@type\":\"ListItem\",\"position\":2,\"name\":\"Assembl\u00e9e nationale : Le premier Vice-pr\u00e9sident re\u00e7oit une d\u00e9l\u00e9gation de l\u2019ONG suisse \u2018\u2019Agro Sans Fronti\u00e8re\u2019\u2019\"}]},{\"@type\":\"WebSite\",\"@id\":\"https:\/\/www.africa-press.net\/niger\/#website\",\"url\":\"https:\/\/www.africa-press.net\/niger\/\",\"name\":\"niger\",\"description\":\"Just another Africa News Agency Sites site\",\"potentialAction\":[{\"@type\":\"SearchAction\",\"target\":{\"@type\":\"EntryPoint\",\"urlTemplate\":\"https:\/\/www.africa-press.net\/niger\/?s={search_term_string}\"},\"query-input\":{\"@type\":\"PropertyValueSpecification\",\"valueRequired\":true,\"valueName\":\"search_term_string\"}}],\"inLanguage\":\"fr-FR\"},{\"@type\":\"Person\",\"@id\":\"https:\/\/www.africa-press.net\/niger\/#\/schema\/person\/2b1cf3cd81a31e3cd26889ca66d677f1\",\"name\":\"cfeditorfr\"}]}<\/script>\n<!-- \/ Yoast SEO Premium plugin. -->","yoast_head_json":{"title":"Assembl\u00e9e nationale : Le premier Vice-pr\u00e9sident re\u00e7oit une d\u00e9l\u00e9gation de l\u2019ONG suisse \u2018\u2019Agro Sans Fronti\u00e8re\u2019\u2019 - niger","description":"\ufeffLe premier Vice-pr\u00e9sident de l\u2019Assembl\u00e9e Nationale, M. Kalla Ankouraou a re\u00e7u hier en audience une d\u00e9l\u00e9gation de l\u2019ONG ...","robots":{"index":"index","follow":"follow","max-snippet":"max-snippet:-1","max-image-preview":"max-image-preview:large","max-video-preview":"max-video-preview:-1"},"canonical":"https:\/\/www.africa-press.net\/niger\/politique\/assemblee-nationale-le-premier-vice-president-recoit-une-delegation-de-long-suisse-agro-sans-frontiere","og_locale":"fr_FR","og_type":"article","og_title":"Assembl\u00e9e nationale : Le premier Vice-pr\u00e9sident re\u00e7oit une d\u00e9l\u00e9gation de l\u2019ONG suisse \u2018\u2019Agro Sans Fronti\u00e8re\u2019\u2019","og_description":"\ufeffLe premier Vice-pr\u00e9sident de l\u2019Assembl\u00e9e Nationale, M. Kalla Ankouraou a re\u00e7u hier en audience une d\u00e9l\u00e9gation de l\u2019ONG ...","og_url":"https:\/\/www.africa-press.net\/niger\/politique\/assemblee-nationale-le-premier-vice-president-recoit-une-delegation-de-long-suisse-agro-sans-frontiere","og_site_name":"niger","article_published_time":"2021-09-03T09:03:26+00:00","article_modified_time":"2021-09-03T19:48:46+00:00","og_image":[{"width":720,"height":427,"url":"https:\/\/static.africa-press.net\/niger\/sites\/40\/2021\/09\/img-6131d1725b054.jpg","type":"image\/jpeg"}],"author":"cfeditorfr","twitter_card":"summary_large_image","twitter_misc":{"\u00c9crit par":"cfeditorfr","Dur\u00e9e de lecture estim\u00e9e":"3 minutes"},"schema":{"@context":"https:\/\/schema.org","@graph":[{"@type":"Article","@id":"https:\/\/www.africa-press.net\/niger\/politique\/assemblee-nationale-le-premier-vice-president-recoit-une-delegation-de-long-suisse-agro-sans-frontiere#article","isPartOf":{"@id":"https:\/\/www.africa-press.net\/niger\/politique\/assemblee-nationale-le-premier-vice-president-recoit-une-delegation-de-long-suisse-agro-sans-frontiere"},"author":{"name":"cfeditorfr","@id":"https:\/\/www.africa-press.net\/niger\/#\/schema\/person\/2b1cf3cd81a31e3cd26889ca66d677f1"},"headline":"Assembl\u00e9e nationale : Le premier Vice-pr\u00e9sident re\u00e7oit une d\u00e9l\u00e9gation de l\u2019ONG suisse \u2018\u2019Agro Sans Fronti\u00e8re\u2019\u2019","datePublished":"2021-09-03T09:03:26+00:00","dateModified":"2021-09-03T19:48:46+00:00","mainEntityOfPage":{"@id":"https:\/\/www.africa-press.net\/niger\/politique\/assemblee-nationale-le-premier-vice-president-recoit-une-delegation-de-long-suisse-agro-sans-frontiere"},"wordCount":564,"commentCount":0,"image":{"@id":"https:\/\/www.africa-press.net\/niger\/politique\/assemblee-nationale-le-premier-vice-president-recoit-une-delegation-de-long-suisse-agro-sans-frontiere#primaryimage"},"thumbnailUrl":"https:\/\/static.africa-press.net\/niger\/sites\/40\/2021\/09\/img-6131d1725b054.jpg","keywords":["Africa Press","Africa Press-Niger","Niger"],"articleSection":["homepage-french","Politique","Toutes les actualit\u00e9s"],"inLanguage":"fr-FR","potentialAction":[{"@type":"CommentAction","name":"Comment","target":["https:\/\/www.africa-press.net\/niger\/politique\/assemblee-nationale-le-premier-vice-president-recoit-une-delegation-de-long-suisse-agro-sans-frontiere#respond"]}]},{"@type":"WebPage","@id":"https:\/\/www.africa-press.net\/niger\/politique\/assemblee-nationale-le-premier-vice-president-recoit-une-delegation-de-long-suisse-agro-sans-frontiere","url":"https:\/\/www.africa-press.net\/niger\/politique\/assemblee-nationale-le-premier-vice-president-recoit-une-delegation-de-long-suisse-agro-sans-frontiere","name":"Assembl\u00e9e nationale : Le premier Vice-pr\u00e9sident re\u00e7oit une d\u00e9l\u00e9gation de l\u2019ONG suisse \u2018\u2019Agro Sans Fronti\u00e8re\u2019\u2019 - niger","isPartOf":{"@id":"https:\/\/www.africa-press.net\/niger\/#website"},"primaryImageOfPage":{"@id":"https:\/\/www.africa-press.net\/niger\/politique\/assemblee-nationale-le-premier-vice-president-recoit-une-delegation-de-long-suisse-agro-sans-frontiere#primaryimage"},"image":{"@id":"https:\/\/www.africa-press.net\/niger\/politique\/assemblee-nationale-le-premier-vice-president-recoit-une-delegation-de-long-suisse-agro-sans-frontiere#primaryimage"},"thumbnailUrl":"https:\/\/static.africa-press.net\/niger\/sites\/40\/2021\/09\/img-6131d1725b054.jpg","datePublished":"2021-09-03T09:03:26+00:00","dateModified":"2021-09-03T19:48:46+00:00","author":{"@id":"https:\/\/www.africa-press.net\/niger\/#\/schema\/person\/2b1cf3cd81a31e3cd26889ca66d677f1"},"description":"\ufeffLe premier Vice-pr\u00e9sident de l\u2019Assembl\u00e9e Nationale, M. Kalla Ankouraou a re\u00e7u hier en audience une d\u00e9l\u00e9gation de l\u2019ONG ...","breadcrumb":{"@id":"https:\/\/www.africa-press.net\/niger\/politique\/assemblee-nationale-le-premier-vice-president-recoit-une-delegation-de-long-suisse-agro-sans-frontiere#breadcrumb"},"inLanguage":"fr-FR","potentialAction":[{"@type":"ReadAction","target":["https:\/\/www.africa-press.net\/niger\/politique\/assemblee-nationale-le-premier-vice-president-recoit-une-delegation-de-long-suisse-agro-sans-frontiere"]}]},{"@type":"ImageObject","inLanguage":"fr-FR","@id":"https:\/\/www.africa-press.net\/niger\/politique\/assemblee-nationale-le-premier-vice-president-recoit-une-delegation-de-long-suisse-agro-sans-frontiere#primaryimage","url":"https:\/\/static.africa-press.net\/niger\/sites\/40\/2021\/09\/img-6131d1725b054.jpg","contentUrl":"https:\/\/static.africa-press.net\/niger\/sites\/40\/2021\/09\/img-6131d1725b054.jpg","width":720,"height":427,"caption":"Assembl\u00e9e nationale : Le premier Vice-pr\u00e9sident re\u00e7oit une d\u00e9l\u00e9gation de l\u2019ONG suisse \u2018\u2019Agro Sans Fronti\u00e8re\u2019\u2019"},{"@type":"BreadcrumbList","@id":"https:\/\/www.africa-press.net\/niger\/politique\/assemblee-nationale-le-premier-vice-president-recoit-une-delegation-de-long-suisse-agro-sans-frontiere#breadcrumb","itemListElement":[{"@type":"ListItem","position":1,"name":"Accueil","item":"https:\/\/www.africa-press.net\/niger\/"},{"@type":"ListItem","position":2,"name":"Assembl\u00e9e nationale : Le premier Vice-pr\u00e9sident re\u00e7oit une d\u00e9l\u00e9gation de l\u2019ONG suisse \u2018\u2019Agro Sans Fronti\u00e8re\u2019\u2019"}]},{"@type":"WebSite","@id":"https:\/\/www.africa-press.net\/niger\/#website","url":"https:\/\/www.africa-press.net\/niger\/","name":"niger","description":"Just another Africa News Agency Sites site","potentialAction":[{"@type":"SearchAction","target":{"@type":"EntryPoint","urlTemplate":"https:\/\/www.africa-press.net\/niger\/?s={search_term_string}"},"query-input":{"@type":"PropertyValueSpecification","valueRequired":true,"valueName":"search_term_string"}}],"inLanguage":"fr-FR"},{"@type":"Person","@id":"https:\/\/www.africa-press.net\/niger\/#\/schema\/person\/2b1cf3cd81a31e3cd26889ca66d677f1","name":"cfeditorfr"}]}},"_links":{"self":[{"href":"https:\/\/www.africa-press.net\/niger\/wp-json\/wp\/v2\/posts\/11093","targetHints":{"allow":["GET"]}}],"collection":[{"href":"https:\/\/www.africa-press.net\/niger\/wp-json\/wp\/v2\/posts"}],"about":[{"href":"https:\/\/www.africa-press.net\/niger\/wp-json\/wp\/v2\/types\/post"}],"author":[{"embeddable":true,"href":"https:\/\/www.africa-press.net\/niger\/wp-json\/wp\/v2\/users\/82"}],"replies":[{"embeddable":true,"href":"https:\/\/www.africa-press.net\/niger\/wp-json\/wp\/v2\/comments?post=11093"}],"version-history":[{"count":0,"href":"https:\/\/www.africa-press.net\/niger\/wp-json\/wp\/v2\/posts\/11093\/revisions"}],"wp:featuredmedia":[{"embeddable":true,"href":"https:\/\/www.africa-press.net\/niger\/wp-json\/wp\/v2\/media\/11092"}],"wp:attachment":[{"href":"https:\/\/www.africa-press.net\/niger\/wp-json\/wp\/v2\/media?parent=11093"}],"wp:term":[{"taxonomy":"category","embeddable":true,"href":"https:\/\/www.africa-press.net\/niger\/wp-json\/wp\/v2\/categories?post=11093"},{"taxonomy":"post_tag","embeddable":true,"href":"https:\/\/www.africa-press.net\/niger\/wp-json\/wp\/v2\/tags?post=11093"}],"curies":[{"name":"wp","href":"https:\/\/api.w.org\/{rel}","templated":true}]}}