{"id":11104,"date":"2021-09-03T09:30:48","date_gmt":"2021-09-03T09:30:48","guid":{"rendered":"https:\/\/www.africa-press.net\/niger\/?p=11104"},"modified":"2021-09-03T19:49:15","modified_gmt":"2021-09-03T19:49:15","slug":"flambee-des-prix-des-cereales-a-niamey-les-commercants-tentent-de-se-justifier-et-les-consommateurs-encaissent-le-coup","status":"publish","type":"post","link":"https:\/\/www.africa-press.net\/niger\/economie\/flambee-des-prix-des-cereales-a-niamey-les-commercants-tentent-de-se-justifier-et-les-consommateurs-encaissent-le-coup","title":{"rendered":"Flamb\u00e9e des prix des c\u00e9r\u00e9ales \u00e0 Niamey : Les commer\u00e7ants tentent de se justifier et   les consommateurs encaissent le coup"},"content":{"rendered":"<p><span style=\"color: #ff6600\"><strong><a href=\"https:\/\/www.africa-press.net\/\">Africa-Press<\/a> &#8211; <a href=\"https:\/\/www.africa-press.net\/niger\">Niger<\/a>. <\/strong><\/span>Le mil, ma\u00efs, sorgho, riz et ni\u00e9b\u00e9 sont des cultures vivri\u00e8res au Niger. Dans les villes comme dans les campagnes les plus recul\u00e9es de notre pays, ces c\u00e9r\u00e9ales constituent la base alimentaire pour les populations. Mieux, elles sont ancr\u00e9es dans les habitudes alimentaires. Cependant, avec la pouss\u00e9e d\u00e9mographique, la pression fonci\u00e8re et la d\u00e9gradation continue des terres cultivables, le Niger est contraint d\u2019importer toutes ces c\u00e9r\u00e9ales pour combler le gap de la production et r\u00e9pondre ainsi \u00e0 la demande nationale. En cette p\u00e9riode de pluies, les r\u00e9serves alimentaires de l\u2019ann\u00e9e pr\u00e9c\u00e9dente de nos vaillants producteurs sont termin\u00e9es. Il fallait donc se tourner vers les diff\u00e9rents march\u00e9s des c\u00e9r\u00e9ales pour nourrir la famille, en attendant la r\u00e9colte de l\u2019ann\u00e9e 2021. Mais sur ces march\u00e9s, les prix des c\u00e9r\u00e9ales connaissent une hausse vertigineuse. L\u2019augmentation des prix de ces c\u00e9r\u00e9ales s\u2019expliquent selon certains observateurs par le fait que deux pays voisins dans lesquels le Niger importe de quantit\u00e9s de tonnes importantes de ma\u00efs auraient d\u00e9cid\u00e9 de suspendre les exportations de cette denr\u00e9e \u00e0 forte consommation en direction de notre pays. Certes, cette situation n\u2019a pas d\u00e9courag\u00e9 l\u2019engagement et la d\u00e9termination de nos commer\u00e7ants importateurs \u00e0 aller vers d\u2019autres horizons pour acheter et acheminer les c\u00e9r\u00e9ales jusqu\u2019au Niger afin que les producteurs ne puissent pas souffrir trop de ces d\u00e9cisions prises par ces pays l\u00e0. Des mesures qui sont aux antipodes des textes communautaires relatifs \u00e0 la libre circulation des personnes et de leurs biens dans l\u2019espace de l\u2019Union Economique et Mon\u00e9taire Ouest Africaine (UEMOA) et de la Communaut\u00e9 Economiques des Etats de l\u2019Afrique de l\u2019Ouest (CEDEAO). Mieux, ces attitudes et comportements nuisent gravement \u00e0 l\u2019int\u00e9gration \u00e9conomique \u00e0 l\u2019\u00e8re o\u00f9 la Zone de Libre Echange Continentale Africaine (ZLECAF) devrait permettre au continent d\u2019am\u00e9liorer ses \u00e9changes commerciaux intra-africains.<\/p>\n<p>L\u2019\u00e9picentre de la vente des produits c\u00e9r\u00e9aliers \u00e0 Niamey<\/p>\n<p>Katako est un march\u00e9 qui a la r\u00e9putation d\u2019accueillir toutes sortes de produits, qu\u2019ils soient des mat\u00e9riaux de construction ; d\u2019habits ; des produits saisonniers ou des c\u00e9r\u00e9ales. Les commer\u00e7ants importateurs des c\u00e9r\u00e9ales sont regroup\u00e9s dans un syndicat dirig\u00e9 par Elhadj Hassane Abdou. Ce mardi 24 Ao\u00fbt 2021, le septuag\u00e9naire Elhadj Hassane Abdou est assis sur un tapis dans son bureau situ\u00e9 au march\u00e9 de Katako, dans la zone d\u00e9di\u00e9e \u00e0 la vente des c\u00e9r\u00e9ales. Visiblement ext\u00e9nu\u00e9 de rester sur son si\u00e8ge ressemblant \u00e0 celui d\u2019un ancien combattant de la p\u00e9riode coloniale, le patron du syndicat des commer\u00e7ants importateurs des c\u00e9r\u00e9ales est v\u00eatu d\u2019un boubou blanc et d\u2019un bonnet traditionnel m\u00e9ticuleusement pos\u00e9 sur sa t\u00eate. Quelques instants apr\u00e8s, Abdou fait appel \u00e0 Idrissa, un des \u00ab petits \u00bb pour nous conduire aux magasins de c\u00e9r\u00e9ales. Avec lui, on sillonne certains magasins appartenant au pr\u00e9sident du syndicat des commer\u00e7ants importateurs de c\u00e9r\u00e9ales et \u00e0 son vice-pr\u00e9sident Elhadj Mahamane dit Manomi. Dans ce march\u00e9 de Katako, l\u2019essentiel des magasins de c\u00e9r\u00e9ales sont construits en t\u00f4le. Le premier magasin est moins garni en c\u00e9r\u00e9ales. Il ne compte que trois tas de produits c\u00e9r\u00e9aliers superpos\u00e9s que sont le ma\u00efs et sorgho. Un peu plus garni que le premier, le second magasin n\u2019exc\u00e8de gu\u00e8re sept (7) tonnes de c\u00e9r\u00e9ales. Tandis que le troisi\u00e8me magasin affiche un tonnage plus important que les deux pr\u00e9c\u00e9dents. Il contient du mil et de sorgho. Quant au quatri\u00e8me magasin visit\u00e9, il renferme aussi des sacs de mil et de sorgho. Le ni\u00e9b\u00e9 se fait rare au march\u00e9 et le prix du sac de 100 Kg est en hausse, soit 55.000 F. Bref, les magasins sont pauvres en c\u00e9r\u00e9ales pendant cette p\u00e9riode charni\u00e8re. Elhadj Abdou Hassane tente d\u2019expliquer cette situation. \u2018\u2019 Chaque ann\u00e9e, en cette p\u00e9riode, nous jouons la carte de la prudence. Le d\u00e9garnissement de nos magasins n\u2019est pas imputable \u00e0 la d\u00e9cision prise par le Benin et le Burkina d\u2019emp\u00eacher l\u2019exportation du ma\u00efs vers le Niger ; mais plut\u00f4t une politique centr\u00e9e sur la prudence. Dans la zone de Gaya, Falmey et Birni N\u2019gaour\u00e9, on s\u2019achemine in\u00e9luctablement vers la r\u00e9colte. Ce qui fait que ceux qui ont de grandes quantit\u00e9s de stocks de mil ; sorgho et ma\u00efs, ne pourront pas \u00e9couler avant la mise en vente de ces nouveaux produits c\u00e9r\u00e9aliers\u2019\u2019, soutient Elhadji Hassane.<\/p>\n<p>A l\u2019\u00e9vocation de savoir un peu plus sur l\u2019itin\u00e9raire des importations de c\u00e9r\u00e9ales, notre interlocuteur cite sans h\u00e9sitation les diff\u00e9rents pays dans lesquels il a pos\u00e9 son pied pour chercher et acheter de ces produits vivriers afin de faciliter la disponibilit\u00e9 \u00e0 la client\u00e8le. Ce sont principalement des pays limitrophes du Niger \u00e0 l\u2019exemption de la Cot\u00e9 d\u2019Ivoire. On retient surtout le B\u00e9nin ; le Nig\u00e9ria ; le Burkina Faso et le Mali. Toutefois, ce qui d\u00e9courage les acteurs de la fili\u00e8re vente de c\u00e9r\u00e9ales, ce sont les tracasseries routi\u00e8res aussi bien dans le pays d\u2019o\u00f9 ils importent que dans notre pays qui est le consommateur. Avec 37 ans d\u2019exp\u00e9rience dans la vente de c\u00e9r\u00e9ales, Elhadj Abdou Hassane affirme n\u2019avoir pas vu un seul instant les tracasseries routi\u00e8res diminu\u00e9es. \u2018\u2019Certaines taxes ne rentrent m\u00eame pas dans les caisses des Etats. Il y a plus de taxes fictives que de vraies\u2019\u2019, affirme-t-il de fa\u00e7on p\u00e9remptoire.<\/p>\n<p>Ce qui justifie la flamb\u00e9e des prix de c\u00e9r\u00e9ales<\/p>\n<p>Avec la mondialisation et l\u2019essor des nouvelles technologies de la communication, l\u2019activit\u00e9 commerciale s\u2019est vite d\u00e9velopp\u00e9e. N\u00e9anmoins, le d\u00e9s\u00e9quilibre entre l\u2019offre et la demande est monnaie courante dans les \u00e9changes commerciaux entre les pays du Sud. Lorsque l\u2019offre n\u2019arrive pas \u00e0 satisfaire la demande constitu\u00e9e souvent de plusieurs pays, il est clair que la hausse des prix est in\u00e9vitable. C\u2019est le cas pour les c\u00e9r\u00e9ales selon Elhadj Abdou Hassane. \u2018\u2019 Il est fr\u00e9quent de voir des commer\u00e7ants issus de huit (8) \u00e0 dix (10) pays partir dans un autre pays acheter le m\u00eame produit et au m\u00eame moment. Et du coup, les prix de ces produits c\u00e9r\u00e9aliers grimpent sur place. Sinon, en tant que grossiste, le b\u00e9n\u00e9fice que nous avons sur le sac de ma\u00efs, mil ou sorgho ne d\u00e9passe pas 250 F. Actuellement, nous vendons respectivement en gros le sac de 100 Kg de mil \u00e0 24.000 F ; le ma\u00efs \u00e0 24.000 F ; le sorgho 24.000 F et le ni\u00e9b\u00e9 55.000 F. Mais les produits c\u00e9r\u00e9aliers sont des marchandises qui sont lourdes et le transport agit naturellement sur les prix d\u2019achat. Selon les localit\u00e9s, les d\u00e9taillants d\u00e9duisent aussi les frais de transport auquel ils ajoutent la marge b\u00e9n\u00e9ficiaire. C\u2019est le consommateur final qui doit supporter toutes les charges.<\/p>\n<p>L\u2019apparition des nouveaux acteurs dans la fili\u00e8re vente de c\u00e9r\u00e9ales<\/p>\n<p>Le commerce au Niger a perdu sa valeur d\u2019antan avec l\u2019apparition d\u2019un certain nombre de ph\u00e9nom\u00e8nes qui ne sont pas de nature \u00e0 booster l\u2019activit\u00e9 commerciale. \u2018\u2019Au lieu que les commer\u00e7ants du Niger aillent acheter les produits c\u00e9r\u00e9aliers ailleurs et venir les vendre comme cela se faisait \u00e0 l\u2019\u00e9poque ; non, ce sont plut\u00f4t les commer\u00e7ants des pays producteurs ou exportateurs des c\u00e9r\u00e9ales qui viennent au Niger vendre. Ce qui cr\u00e9e souvent une concurrence d\u00e9loyale aux commer\u00e7ants nig\u00e9riens\u2019\u2019, a expliqu\u00e9 Elhadj Abdou. Dans la fili\u00e8re vente de c\u00e9r\u00e9ales, on constate de plus en plus que les commer\u00e7ants des pays exportateurs de c\u00e9r\u00e9ales envoient des repr\u00e9sentants au Niger pour semer la pagaille dans cette fili\u00e8re. Il n\u2019y a qu\u2019au Niger o\u00f9 les grossistes se transforment en d\u00e9taillants en raison des pratiques peu orthodoxes dans le secteur. \u2018\u2019 L\u2019activit\u00e9 de ces \u00ab trouble-f\u00eate \u00bb consiste \u00e0 collaborer avec ces commer\u00e7ants qui leur envoient les cargaisons de ma\u00efs ou de sorgho pour vendre \u00e0 Niamey. Ces nouveaux acteurs qui ont apparus subitement foulent aux pieds les r\u00e8gles \u00e9l\u00e9mentaires du commerce \u00e0 travers des pratiques malsaines. Ils bafouent all\u00e9grement les textes r\u00e9gissant l\u2019activit\u00e9. La chert\u00e9 des produits c\u00e9r\u00e9aliers est souvent entretenue par ces acteurs nouveaux. Lorsqu\u2019il y a suffisamment de c\u00e9r\u00e9ale sur le march\u00e9, ils appellent leurs fournisseurs pour leur dire de suspendre l\u2019entr\u00e9e de tel produit c\u00e9r\u00e9alier jusqu\u2019\u00e0 ce qu\u2019il y ait p\u00e9nurie. En 2014, j\u2019ai alert\u00e9 qui de droit par rapport \u00e0 cette pratique d\u00e9vastatrice de notre tissu \u00e9conomique. Mais cette alerte est rest\u00e9e lettre morte. Les quantit\u00e9s de tonnes qui correspondent \u00e0 leur commande sont vendues dans les camions qui stationnent \u00e0 cot\u00e9 du bureau des douanes rive droite. Ce qui veut dire que ces gens l\u00e0 ne sont pas connus comme \u00e9tant des commer\u00e7ants. Ils ne sont pas enregistr\u00e9s au registre du commerce afin qu\u2019ils s\u2019acquittent convenablement de leur devoir fiscal. Il est urgent de mettre de l\u2019ordre dans le domaine du commerce. La fili\u00e8re vente de c\u00e9r\u00e9ales est atteinte d\u2019un cancer, alerte le pr\u00e9sident du syndicat des commer\u00e7ants importateurs dans une envol\u00e9e lyrique.<\/p>\n<p>Sortir du cercle vicieux des importations de c\u00e9r\u00e9ales<\/p>\n<p>Au Niger, les sous-secteurs de l\u2019agriculture et de l\u2019\u00e9levage constituent les deux mamelles de l\u2019\u00e9conomie. Malheureusement, ces secteurs sont en perte de vitesse. Et pour cause, le d\u00e9sint\u00e9ressement progressif des acteurs sens\u00e9s cultiver la terre ou pratiquer l\u2019\u00e9levage. Les productions c\u00e9r\u00e9ali\u00e8res ne couvrent pas les besoins du pays. Une ann\u00e9e sur deux est d\u00e9ficitaire. L\u2019\u00e9levage quant \u00e0 lui connait des crises majeures li\u00e9es \u00e0 l\u2019insuffisance de la production fourrag\u00e8re ; la probl\u00e9matique des aires de p\u00e2turage, etc. Elhadj Abdou Hassane estime qu\u2019il est indispensable que les Nig\u00e9riens retournent tous \u00e0 la terre pour que la s\u00e9curit\u00e9 alimentaire soit une r\u00e9alit\u00e9 dans notre pays. L\u2019agriculture ne peut se d\u00e9velopper sans l\u2019engrais. Il appartient \u00e0 l\u2019Etat de cr\u00e9er les conditions pour que l\u2019engrais soit accessible au plus grand nombre de producteurs.<\/p>\n<p>Avec l\u2019escalade de la violence aveugle du terrorisme dans certaines zones du Niger, conjugu\u00e9e \u00e0 la paup\u00e9risation exponentielle li\u00e9e \u00e0 la spoliation des biens (les animaux) de producteurs ruraux d\u2019une part et l\u2019emp\u00eachement syst\u00e9matique des travaux champ\u00eatres dans les espaces de conflits, le spectre de l\u2019ins\u00e9curit\u00e9 alimentaire pourrait gagner de terrain notamment dans la r\u00e9gion de Tillab\u00e9ry d\u2019autre part. Si l\u2019ins\u00e9curit\u00e9 alimentaire s\u2019ajoute \u00e0 la menace terroriste, il est fort \u00e0 craindre un exode massif des populations rurales vers des zones plus ou moins s\u00fbres.<\/p>\n<p><b>\u00a0<\/b><\/p>\n","protected":false},"excerpt":{"rendered":"<p>Africa-Press &#8211; Niger. Le mil, ma\u00efs, sorgho, riz et ni\u00e9b\u00e9 sont des cultures vivri\u00e8res au Niger. Dans les villes comme dans les campagnes les plus recul\u00e9es de notre pays, ces c\u00e9r\u00e9ales constituent la base alimentaire pour les populations. Mieux, elles sont ancr\u00e9es dans les habitudes alimentaires. Cependant, avec la pouss\u00e9e d\u00e9mographique, la pression fonci\u00e8re et [&hellip;]<\/p>\n","protected":false},"author":82,"featured_media":11103,"comment_status":"open","ping_status":"closed","sticky":false,"template":"","format":"standard","meta":{"footnotes":""},"categories":[3,11,10],"tags":[55,60,29],"class_list":["post-11104","post","type-post","status-publish","format-standard","has-post-thumbnail","hentry","category-economie","category-homepage-french","category-toutes-les-actualites","tag-africa-press","tag-africa-press-niger","tag-niger"],"yoast_head":"<!-- This site is optimized with the Yoast SEO Premium plugin v26.1 (Yoast SEO v27.0) - https:\/\/yoast.com\/product\/yoast-seo-premium-wordpress\/ -->\n<title>Flamb\u00e9e des prix des c\u00e9r\u00e9ales \u00e0 Niamey : Les commer\u00e7ants tentent de se justifier et  les consommateurs encaissent le coup - niger<\/title>\n<meta name=\"description\" content=\"\ufeffLe mil, ma\u00efs, sorgho, riz et ni\u00e9b\u00e9 sont des cultures vivri\u00e8res au Niger. Dans les villes comme dans les campagnes les p ...\" \/>\n<meta name=\"robots\" content=\"index, follow, max-snippet:-1, max-image-preview:large, max-video-preview:-1\" \/>\n<link rel=\"canonical\" href=\"https:\/\/www.africa-press.net\/niger\/economie\/flambee-des-prix-des-cereales-a-niamey-les-commercants-tentent-de-se-justifier-et-les-consommateurs-encaissent-le-coup\" \/>\n<meta property=\"og:locale\" content=\"fr_FR\" \/>\n<meta property=\"og:type\" content=\"article\" \/>\n<meta property=\"og:title\" content=\"Flamb\u00e9e des prix des c\u00e9r\u00e9ales \u00e0 Niamey : Les commer\u00e7ants tentent de se justifier et  les consommateurs encaissent le coup\" \/>\n<meta property=\"og:description\" content=\"\ufeffLe mil, ma\u00efs, sorgho, riz et ni\u00e9b\u00e9 sont des cultures vivri\u00e8res au Niger. Dans les villes comme dans les campagnes les p ...\" \/>\n<meta property=\"og:url\" content=\"https:\/\/www.africa-press.net\/niger\/economie\/flambee-des-prix-des-cereales-a-niamey-les-commercants-tentent-de-se-justifier-et-les-consommateurs-encaissent-le-coup\" \/>\n<meta property=\"og:site_name\" content=\"niger\" \/>\n<meta property=\"article:published_time\" content=\"2021-09-03T09:30:48+00:00\" \/>\n<meta property=\"article:modified_time\" content=\"2021-09-03T19:49:15+00:00\" \/>\n<meta property=\"og:image\" content=\"https:\/\/static.africa-press.net\/niger\/sites\/40\/2021\/09\/img-6131d3044f029.jpg\" \/>\n\t<meta property=\"og:image:width\" content=\"720\" \/>\n\t<meta property=\"og:image:height\" content=\"395\" \/>\n\t<meta property=\"og:image:type\" content=\"image\/jpeg\" \/>\n<meta name=\"author\" content=\"cfeditorfr\" \/>\n<meta name=\"twitter:card\" content=\"summary_large_image\" \/>\n<meta name=\"twitter:label1\" content=\"\u00c9crit par\" \/>\n\t<meta name=\"twitter:data1\" content=\"cfeditorfr\" \/>\n\t<meta name=\"twitter:label2\" content=\"Dur\u00e9e de lecture estim\u00e9e\" \/>\n\t<meta name=\"twitter:data2\" content=\"10 minutes\" \/>\n<script type=\"application\/ld+json\" class=\"yoast-schema-graph\">{\"@context\":\"https:\/\/schema.org\",\"@graph\":[{\"@type\":\"Article\",\"@id\":\"https:\/\/www.africa-press.net\/niger\/economie\/flambee-des-prix-des-cereales-a-niamey-les-commercants-tentent-de-se-justifier-et-les-consommateurs-encaissent-le-coup#article\",\"isPartOf\":{\"@id\":\"https:\/\/www.africa-press.net\/niger\/economie\/flambee-des-prix-des-cereales-a-niamey-les-commercants-tentent-de-se-justifier-et-les-consommateurs-encaissent-le-coup\"},\"author\":{\"name\":\"cfeditorfr\",\"@id\":\"https:\/\/www.africa-press.net\/niger\/#\/schema\/person\/2b1cf3cd81a31e3cd26889ca66d677f1\"},\"headline\":\"Flamb\u00e9e des prix des c\u00e9r\u00e9ales \u00e0 Niamey : Les commer\u00e7ants tentent de se justifier et les consommateurs encaissent le coup\",\"datePublished\":\"2021-09-03T09:30:48+00:00\",\"dateModified\":\"2021-09-03T19:49:15+00:00\",\"mainEntityOfPage\":{\"@id\":\"https:\/\/www.africa-press.net\/niger\/economie\/flambee-des-prix-des-cereales-a-niamey-les-commercants-tentent-de-se-justifier-et-les-consommateurs-encaissent-le-coup\"},\"wordCount\":1925,\"commentCount\":0,\"image\":{\"@id\":\"https:\/\/www.africa-press.net\/niger\/economie\/flambee-des-prix-des-cereales-a-niamey-les-commercants-tentent-de-se-justifier-et-les-consommateurs-encaissent-le-coup#primaryimage\"},\"thumbnailUrl\":\"https:\/\/static.africa-press.net\/niger\/sites\/40\/2021\/09\/img-6131d3044f029.jpg\",\"keywords\":[\"Africa Press\",\"Africa Press-Niger\",\"Niger\"],\"articleSection\":[\"\u00c9conomie\",\"homepage-french\",\"Toutes les actualit\u00e9s\"],\"inLanguage\":\"fr-FR\",\"potentialAction\":[{\"@type\":\"CommentAction\",\"name\":\"Comment\",\"target\":[\"https:\/\/www.africa-press.net\/niger\/economie\/flambee-des-prix-des-cereales-a-niamey-les-commercants-tentent-de-se-justifier-et-les-consommateurs-encaissent-le-coup#respond\"]}]},{\"@type\":\"WebPage\",\"@id\":\"https:\/\/www.africa-press.net\/niger\/economie\/flambee-des-prix-des-cereales-a-niamey-les-commercants-tentent-de-se-justifier-et-les-consommateurs-encaissent-le-coup\",\"url\":\"https:\/\/www.africa-press.net\/niger\/economie\/flambee-des-prix-des-cereales-a-niamey-les-commercants-tentent-de-se-justifier-et-les-consommateurs-encaissent-le-coup\",\"name\":\"Flamb\u00e9e des prix des c\u00e9r\u00e9ales \u00e0 Niamey : Les commer\u00e7ants tentent de se justifier et les consommateurs encaissent le coup - niger\",\"isPartOf\":{\"@id\":\"https:\/\/www.africa-press.net\/niger\/#website\"},\"primaryImageOfPage\":{\"@id\":\"https:\/\/www.africa-press.net\/niger\/economie\/flambee-des-prix-des-cereales-a-niamey-les-commercants-tentent-de-se-justifier-et-les-consommateurs-encaissent-le-coup#primaryimage\"},\"image\":{\"@id\":\"https:\/\/www.africa-press.net\/niger\/economie\/flambee-des-prix-des-cereales-a-niamey-les-commercants-tentent-de-se-justifier-et-les-consommateurs-encaissent-le-coup#primaryimage\"},\"thumbnailUrl\":\"https:\/\/static.africa-press.net\/niger\/sites\/40\/2021\/09\/img-6131d3044f029.jpg\",\"datePublished\":\"2021-09-03T09:30:48+00:00\",\"dateModified\":\"2021-09-03T19:49:15+00:00\",\"author\":{\"@id\":\"https:\/\/www.africa-press.net\/niger\/#\/schema\/person\/2b1cf3cd81a31e3cd26889ca66d677f1\"},\"description\":\"\ufeffLe mil, ma\u00efs, sorgho, riz et ni\u00e9b\u00e9 sont des cultures vivri\u00e8res au Niger. Dans les villes comme dans les campagnes les p ...\",\"breadcrumb\":{\"@id\":\"https:\/\/www.africa-press.net\/niger\/economie\/flambee-des-prix-des-cereales-a-niamey-les-commercants-tentent-de-se-justifier-et-les-consommateurs-encaissent-le-coup#breadcrumb\"},\"inLanguage\":\"fr-FR\",\"potentialAction\":[{\"@type\":\"ReadAction\",\"target\":[\"https:\/\/www.africa-press.net\/niger\/economie\/flambee-des-prix-des-cereales-a-niamey-les-commercants-tentent-de-se-justifier-et-les-consommateurs-encaissent-le-coup\"]}]},{\"@type\":\"ImageObject\",\"inLanguage\":\"fr-FR\",\"@id\":\"https:\/\/www.africa-press.net\/niger\/economie\/flambee-des-prix-des-cereales-a-niamey-les-commercants-tentent-de-se-justifier-et-les-consommateurs-encaissent-le-coup#primaryimage\",\"url\":\"https:\/\/static.africa-press.net\/niger\/sites\/40\/2021\/09\/img-6131d3044f029.jpg\",\"contentUrl\":\"https:\/\/static.africa-press.net\/niger\/sites\/40\/2021\/09\/img-6131d3044f029.jpg\",\"width\":720,\"height\":395,\"caption\":\"Flamb\u00e9e des prix des c\u00e9r\u00e9ales \u00e0 Niamey : Les commer\u00e7ants tentent de se justifier et les consommateurs encaissent le coup\"},{\"@type\":\"BreadcrumbList\",\"@id\":\"https:\/\/www.africa-press.net\/niger\/economie\/flambee-des-prix-des-cereales-a-niamey-les-commercants-tentent-de-se-justifier-et-les-consommateurs-encaissent-le-coup#breadcrumb\",\"itemListElement\":[{\"@type\":\"ListItem\",\"position\":1,\"name\":\"Accueil\",\"item\":\"https:\/\/www.africa-press.net\/niger\/\"},{\"@type\":\"ListItem\",\"position\":2,\"name\":\"Flamb\u00e9e des prix des c\u00e9r\u00e9ales \u00e0 Niamey : Les commer\u00e7ants tentent de se justifier et les consommateurs encaissent le coup\"}]},{\"@type\":\"WebSite\",\"@id\":\"https:\/\/www.africa-press.net\/niger\/#website\",\"url\":\"https:\/\/www.africa-press.net\/niger\/\",\"name\":\"niger\",\"description\":\"Just another Africa News Agency Sites site\",\"potentialAction\":[{\"@type\":\"SearchAction\",\"target\":{\"@type\":\"EntryPoint\",\"urlTemplate\":\"https:\/\/www.africa-press.net\/niger\/?s={search_term_string}\"},\"query-input\":{\"@type\":\"PropertyValueSpecification\",\"valueRequired\":true,\"valueName\":\"search_term_string\"}}],\"inLanguage\":\"fr-FR\"},{\"@type\":\"Person\",\"@id\":\"https:\/\/www.africa-press.net\/niger\/#\/schema\/person\/2b1cf3cd81a31e3cd26889ca66d677f1\",\"name\":\"cfeditorfr\"}]}<\/script>\n<!-- \/ Yoast SEO Premium plugin. -->","yoast_head_json":{"title":"Flamb\u00e9e des prix des c\u00e9r\u00e9ales \u00e0 Niamey : Les commer\u00e7ants tentent de se justifier et  les consommateurs encaissent le coup - niger","description":"\ufeffLe mil, ma\u00efs, sorgho, riz et ni\u00e9b\u00e9 sont des cultures vivri\u00e8res au Niger. Dans les villes comme dans les campagnes les p ...","robots":{"index":"index","follow":"follow","max-snippet":"max-snippet:-1","max-image-preview":"max-image-preview:large","max-video-preview":"max-video-preview:-1"},"canonical":"https:\/\/www.africa-press.net\/niger\/economie\/flambee-des-prix-des-cereales-a-niamey-les-commercants-tentent-de-se-justifier-et-les-consommateurs-encaissent-le-coup","og_locale":"fr_FR","og_type":"article","og_title":"Flamb\u00e9e des prix des c\u00e9r\u00e9ales \u00e0 Niamey : Les commer\u00e7ants tentent de se justifier et  les consommateurs encaissent le coup","og_description":"\ufeffLe mil, ma\u00efs, sorgho, riz et ni\u00e9b\u00e9 sont des cultures vivri\u00e8res au Niger. Dans les villes comme dans les campagnes les p ...","og_url":"https:\/\/www.africa-press.net\/niger\/economie\/flambee-des-prix-des-cereales-a-niamey-les-commercants-tentent-de-se-justifier-et-les-consommateurs-encaissent-le-coup","og_site_name":"niger","article_published_time":"2021-09-03T09:30:48+00:00","article_modified_time":"2021-09-03T19:49:15+00:00","og_image":[{"width":720,"height":395,"url":"https:\/\/static.africa-press.net\/niger\/sites\/40\/2021\/09\/img-6131d3044f029.jpg","type":"image\/jpeg"}],"author":"cfeditorfr","twitter_card":"summary_large_image","twitter_misc":{"\u00c9crit par":"cfeditorfr","Dur\u00e9e de lecture estim\u00e9e":"10 minutes"},"schema":{"@context":"https:\/\/schema.org","@graph":[{"@type":"Article","@id":"https:\/\/www.africa-press.net\/niger\/economie\/flambee-des-prix-des-cereales-a-niamey-les-commercants-tentent-de-se-justifier-et-les-consommateurs-encaissent-le-coup#article","isPartOf":{"@id":"https:\/\/www.africa-press.net\/niger\/economie\/flambee-des-prix-des-cereales-a-niamey-les-commercants-tentent-de-se-justifier-et-les-consommateurs-encaissent-le-coup"},"author":{"name":"cfeditorfr","@id":"https:\/\/www.africa-press.net\/niger\/#\/schema\/person\/2b1cf3cd81a31e3cd26889ca66d677f1"},"headline":"Flamb\u00e9e des prix des c\u00e9r\u00e9ales \u00e0 Niamey : Les commer\u00e7ants tentent de se justifier et les consommateurs encaissent le coup","datePublished":"2021-09-03T09:30:48+00:00","dateModified":"2021-09-03T19:49:15+00:00","mainEntityOfPage":{"@id":"https:\/\/www.africa-press.net\/niger\/economie\/flambee-des-prix-des-cereales-a-niamey-les-commercants-tentent-de-se-justifier-et-les-consommateurs-encaissent-le-coup"},"wordCount":1925,"commentCount":0,"image":{"@id":"https:\/\/www.africa-press.net\/niger\/economie\/flambee-des-prix-des-cereales-a-niamey-les-commercants-tentent-de-se-justifier-et-les-consommateurs-encaissent-le-coup#primaryimage"},"thumbnailUrl":"https:\/\/static.africa-press.net\/niger\/sites\/40\/2021\/09\/img-6131d3044f029.jpg","keywords":["Africa Press","Africa Press-Niger","Niger"],"articleSection":["\u00c9conomie","homepage-french","Toutes les actualit\u00e9s"],"inLanguage":"fr-FR","potentialAction":[{"@type":"CommentAction","name":"Comment","target":["https:\/\/www.africa-press.net\/niger\/economie\/flambee-des-prix-des-cereales-a-niamey-les-commercants-tentent-de-se-justifier-et-les-consommateurs-encaissent-le-coup#respond"]}]},{"@type":"WebPage","@id":"https:\/\/www.africa-press.net\/niger\/economie\/flambee-des-prix-des-cereales-a-niamey-les-commercants-tentent-de-se-justifier-et-les-consommateurs-encaissent-le-coup","url":"https:\/\/www.africa-press.net\/niger\/economie\/flambee-des-prix-des-cereales-a-niamey-les-commercants-tentent-de-se-justifier-et-les-consommateurs-encaissent-le-coup","name":"Flamb\u00e9e des prix des c\u00e9r\u00e9ales \u00e0 Niamey : Les commer\u00e7ants tentent de se justifier et les consommateurs encaissent le coup - niger","isPartOf":{"@id":"https:\/\/www.africa-press.net\/niger\/#website"},"primaryImageOfPage":{"@id":"https:\/\/www.africa-press.net\/niger\/economie\/flambee-des-prix-des-cereales-a-niamey-les-commercants-tentent-de-se-justifier-et-les-consommateurs-encaissent-le-coup#primaryimage"},"image":{"@id":"https:\/\/www.africa-press.net\/niger\/economie\/flambee-des-prix-des-cereales-a-niamey-les-commercants-tentent-de-se-justifier-et-les-consommateurs-encaissent-le-coup#primaryimage"},"thumbnailUrl":"https:\/\/static.africa-press.net\/niger\/sites\/40\/2021\/09\/img-6131d3044f029.jpg","datePublished":"2021-09-03T09:30:48+00:00","dateModified":"2021-09-03T19:49:15+00:00","author":{"@id":"https:\/\/www.africa-press.net\/niger\/#\/schema\/person\/2b1cf3cd81a31e3cd26889ca66d677f1"},"description":"\ufeffLe mil, ma\u00efs, sorgho, riz et ni\u00e9b\u00e9 sont des cultures vivri\u00e8res au Niger. Dans les villes comme dans les campagnes les p ...","breadcrumb":{"@id":"https:\/\/www.africa-press.net\/niger\/economie\/flambee-des-prix-des-cereales-a-niamey-les-commercants-tentent-de-se-justifier-et-les-consommateurs-encaissent-le-coup#breadcrumb"},"inLanguage":"fr-FR","potentialAction":[{"@type":"ReadAction","target":["https:\/\/www.africa-press.net\/niger\/economie\/flambee-des-prix-des-cereales-a-niamey-les-commercants-tentent-de-se-justifier-et-les-consommateurs-encaissent-le-coup"]}]},{"@type":"ImageObject","inLanguage":"fr-FR","@id":"https:\/\/www.africa-press.net\/niger\/economie\/flambee-des-prix-des-cereales-a-niamey-les-commercants-tentent-de-se-justifier-et-les-consommateurs-encaissent-le-coup#primaryimage","url":"https:\/\/static.africa-press.net\/niger\/sites\/40\/2021\/09\/img-6131d3044f029.jpg","contentUrl":"https:\/\/static.africa-press.net\/niger\/sites\/40\/2021\/09\/img-6131d3044f029.jpg","width":720,"height":395,"caption":"Flamb\u00e9e des prix des c\u00e9r\u00e9ales \u00e0 Niamey : Les commer\u00e7ants tentent de se justifier et les consommateurs encaissent le coup"},{"@type":"BreadcrumbList","@id":"https:\/\/www.africa-press.net\/niger\/economie\/flambee-des-prix-des-cereales-a-niamey-les-commercants-tentent-de-se-justifier-et-les-consommateurs-encaissent-le-coup#breadcrumb","itemListElement":[{"@type":"ListItem","position":1,"name":"Accueil","item":"https:\/\/www.africa-press.net\/niger\/"},{"@type":"ListItem","position":2,"name":"Flamb\u00e9e des prix des c\u00e9r\u00e9ales \u00e0 Niamey : Les commer\u00e7ants tentent de se justifier et les consommateurs encaissent le coup"}]},{"@type":"WebSite","@id":"https:\/\/www.africa-press.net\/niger\/#website","url":"https:\/\/www.africa-press.net\/niger\/","name":"niger","description":"Just another Africa News Agency Sites site","potentialAction":[{"@type":"SearchAction","target":{"@type":"EntryPoint","urlTemplate":"https:\/\/www.africa-press.net\/niger\/?s={search_term_string}"},"query-input":{"@type":"PropertyValueSpecification","valueRequired":true,"valueName":"search_term_string"}}],"inLanguage":"fr-FR"},{"@type":"Person","@id":"https:\/\/www.africa-press.net\/niger\/#\/schema\/person\/2b1cf3cd81a31e3cd26889ca66d677f1","name":"cfeditorfr"}]}},"_links":{"self":[{"href":"https:\/\/www.africa-press.net\/niger\/wp-json\/wp\/v2\/posts\/11104","targetHints":{"allow":["GET"]}}],"collection":[{"href":"https:\/\/www.africa-press.net\/niger\/wp-json\/wp\/v2\/posts"}],"about":[{"href":"https:\/\/www.africa-press.net\/niger\/wp-json\/wp\/v2\/types\/post"}],"author":[{"embeddable":true,"href":"https:\/\/www.africa-press.net\/niger\/wp-json\/wp\/v2\/users\/82"}],"replies":[{"embeddable":true,"href":"https:\/\/www.africa-press.net\/niger\/wp-json\/wp\/v2\/comments?post=11104"}],"version-history":[{"count":0,"href":"https:\/\/www.africa-press.net\/niger\/wp-json\/wp\/v2\/posts\/11104\/revisions"}],"wp:featuredmedia":[{"embeddable":true,"href":"https:\/\/www.africa-press.net\/niger\/wp-json\/wp\/v2\/media\/11103"}],"wp:attachment":[{"href":"https:\/\/www.africa-press.net\/niger\/wp-json\/wp\/v2\/media?parent=11104"}],"wp:term":[{"taxonomy":"category","embeddable":true,"href":"https:\/\/www.africa-press.net\/niger\/wp-json\/wp\/v2\/categories?post=11104"},{"taxonomy":"post_tag","embeddable":true,"href":"https:\/\/www.africa-press.net\/niger\/wp-json\/wp\/v2\/tags?post=11104"}],"curies":[{"name":"wp","href":"https:\/\/api.w.org\/{rel}","templated":true}]}}