{"id":11117,"date":"2021-09-03T10:03:26","date_gmt":"2021-09-03T10:03:26","guid":{"rendered":"https:\/\/www.africa-press.net\/niger\/?p=11117"},"modified":"2021-09-03T19:49:34","modified_gmt":"2021-09-03T19:49:34","slug":"a-la-presidence-de-la-republique-le-chef-de-letat-recoit-trois-personnalites","status":"publish","type":"post","link":"https:\/\/www.africa-press.net\/niger\/politique\/a-la-presidence-de-la-republique-le-chef-de-letat-recoit-trois-personnalites","title":{"rendered":"A la Pr\u00e9sidence de la R\u00e9publique : Le Chef de l\u2019Etat re\u00e7oit trois personnalit\u00e9s"},"content":{"rendered":"<p><span style=\"color: #ff6600\"><strong><a href=\"https:\/\/www.africa-press.net\/\">Africa-Press<\/a> &#8211; <a href=\"https:\/\/www.africa-press.net\/niger\">Niger<\/a>. <\/strong><\/span>Le Pr\u00e9sident de la R\u00e9publique, Chef de l\u2019Etat, SE Mohamed Bazoum, a accord\u00e9, hier dans l\u2019apr\u00e8s-midi, des audiences \u00e0 trois personnalit\u00e9s. Il a ainsi re\u00e7u successivement, SE. Paul Tholen, Ambassadeur des Pays Bas au Niger, M. Ahmadou Abdoulaye Diallo, Directeur G\u00e9n\u00e9ral du Fonds de Solidarit\u00e9 Africain, et une d\u00e9l\u00e9gation du Groupe BSIC conduite par M. Noomen Hadiji, Directeur du D\u00e9partement Cr\u00e9dit du groupe BSIC. Ces audiences se sont d\u00e9roul\u00e9es en pr\u00e9sence du Directeur de Cabinet du Pr\u00e9sident de la R\u00e9publique M. Ibrahim Sani Abani.<\/p>\n<p>Ces diff\u00e9rentes personnalit\u00e9s se sont r\u00e9jouies, \u00e0 la sortie de leur rencontre avec le Pr\u00e9sident de la R\u00e9publique, des qualit\u00e9s des \u00e9changes qu\u2019ils ont eus avec le Pr\u00e9sident de la R\u00e9publique. Re\u00e7u en premier, l\u2019Ambassadeur des Pays Bas au Niger, SE Paul Tholen a soulign\u00e9 que les discussions qu\u2019il a eues avec le Pr\u00e9sident de la R\u00e9publique ont essentiellement port\u00e9 sur les questions de coop\u00e9ration bilat\u00e9rale qui existent entre son pays et le Niger. \u00ab Nos \u00e9changes ont port\u00e9 essentiellement sur les liens de Coop\u00e9ration bilat\u00e9rale entre nos deux pays. Je me r\u00e9jouis de ce que cette coop\u00e9ration se porte tr\u00e8s bien \u00bb, a-t-il dit, tout en pr\u00e9cisant que cette coop\u00e9ration concerne plusieurs domaines et secteurs dont le commerce, l\u2019eau et l\u2019assainissement, l\u2019\u00e9ducation, la sant\u00e9, etc.<\/p>\n<p>Pour sa part, le Directeur G\u00e9n\u00e9ral du Fonds de Solidarit\u00e9 Africain, M. Ahmadou Abdoulaye Diallo, re\u00e7u en second lieu, a saisi l\u2019opportunit\u00e9 devant les m\u00e9dias publics pour remercier le Pr\u00e9sident de la R\u00e9publique pour avoir accept\u00e9 de le recevoir. Il a soulign\u00e9 que les \u00e9changes ont port\u00e9 sur deux points essentiels. Premi\u00e8rement, pour solliciter et recevoir les soutiens et les orientations du Pr\u00e9sident de la R\u00e9publique et lui pr\u00e9senter les \u00e9volutions de l\u2019Institution et, deuxi\u00e8mement pour lui annoncer la tenue \u00e0 Niamey de la conf\u00e9rence des pays membres du Fonds de Solidarit\u00e9 Africain, qui sera plac\u00e9e sous le leadership du Pr\u00e9sident de la R\u00e9publique du Niger. Il a soulign\u00e9 que le Fonds de Solidarit\u00e9 Africain est la seule Institution financi\u00e8re multilat\u00e9rale dont le si\u00e8ge se trouve \u00e0 Niamey au Niger. c\u2019est pourquoi, pr\u00e9cise-t-il, que c\u2019est normal qu\u2019il leur faut le soutien non seulement massif, mais \u00e9galement constant des plus hautes autorit\u00e9s nig\u00e9riennes en vue du d\u00e9veloppement et du rayonnement de cette institution. \u00ab Je me r\u00e9jouis d\u2019avoir eu une oreille tr\u00e8s attentive et une compr\u00e9hension vive et dynamique qui nous a permis de b\u00e9n\u00e9ficier non seulement des sages conseils, mais \u00e9galement des orientations en vue d\u2019un avenir plus prosp\u00e8re pour notre institution et au b\u00e9n\u00e9fice de nos Etats membres \u00bb, a-t-il d\u00e9clar\u00e9.<\/p>\n<p>Le Directeur G\u00e9n\u00e9ral a saisi cette occasion pour annoncer l\u2019organisation ici m\u00eame \u00e0 Niamey d\u2019une Conf\u00e9rence des Chefs d\u2019Etats des pays membres du Fonds de Solidarit\u00e9 Africain dont le leadership de cette conf\u00e9rence sera bien s\u00fbr assur\u00e9 par SE Mohamed Bazoum, Pr\u00e9sident de la R\u00e9publique du Niger.<\/p>\n<p>Enfin, le chef de la d\u00e9l\u00e9gation du Groupe Banque Sah\u00e9lo Saharienne pour l\u2019Investissement et le Commerce (BSIC), M. Noomen Hadiji a quant \u00e0 lui exprim\u00e9 la reconnaissance de son institution \u00e0 l\u2019\u00e9gard des autorit\u00e9s nig\u00e9riennes et au Pr\u00e9sident de la R\u00e9publique pour l\u2019honneur d\u2019\u00eatre re\u00e7u. Il a soulign\u00e9 que les \u00e9changes qu\u2019ils ont eus avec le Pr\u00e9sident de la R\u00e9publique ont port\u00e9 sur les efforts qui sont en train d\u2019\u00eatre faits pour consolider le financement de l\u2019\u00e9conomie au Niger. \u00ab Nous avons saisi cette opportunit\u00e9 pour pr\u00e9senter au Pr\u00e9sident de la R\u00e9publique les activit\u00e9s du Groupe dans la zone et au Niger et nous avons exprim\u00e9 notre engagement d\u2019appuyer BSIC Niger sur le plan local. BSIC Niger compte parmi les filiales les plus actives du Groupe BSIC et depuis sa cr\u00e9ation en 2003, l\u2019institution ne cesse de jouer un r\u00f4le important \u00bb, d\u00e9clare-t-il.<\/p>\n<p><b>\u00a0<\/b><\/p>\n","protected":false},"excerpt":{"rendered":"<p>Africa-Press &#8211; Niger. Le Pr\u00e9sident de la R\u00e9publique, Chef de l\u2019Etat, SE Mohamed Bazoum, a accord\u00e9, hier dans l\u2019apr\u00e8s-midi, des audiences \u00e0 trois personnalit\u00e9s. Il a ainsi re\u00e7u successivement, SE. Paul Tholen, Ambassadeur des Pays Bas au Niger, M. Ahmadou Abdoulaye Diallo, Directeur G\u00e9n\u00e9ral du Fonds de Solidarit\u00e9 Africain, et une d\u00e9l\u00e9gation du Groupe BSIC [&hellip;]<\/p>\n","protected":false},"author":82,"featured_media":11116,"comment_status":"open","ping_status":"closed","sticky":false,"template":"","format":"standard","meta":{"footnotes":""},"categories":[11,2,20,10],"tags":[55,60,29],"class_list":["post-11117","post","type-post","status-publish","format-standard","has-post-thumbnail","hentry","category-homepage-french","category-politique","category-top-nouvelles","category-toutes-les-actualites","tag-africa-press","tag-africa-press-niger","tag-niger"],"yoast_head":"<!-- This site is optimized with the Yoast SEO Premium plugin v26.1 (Yoast SEO v27.0) - https:\/\/yoast.com\/product\/yoast-seo-premium-wordpress\/ -->\n<title>A la Pr\u00e9sidence de la R\u00e9publique : Le Chef de l\u2019Etat re\u00e7oit trois personnalit\u00e9s - niger<\/title>\n<meta name=\"description\" content=\"\ufeffLe Pr\u00e9sident de la R\u00e9publique, Chef de l\u2019Etat, SE Mohamed Bazoum, a accord\u00e9, hier dans l\u2019apr\u00e8s-midi, des audiences \u00e0 tr ...\" \/>\n<meta name=\"robots\" content=\"index, follow, max-snippet:-1, max-image-preview:large, max-video-preview:-1\" \/>\n<link rel=\"canonical\" href=\"https:\/\/www.africa-press.net\/niger\/politique\/a-la-presidence-de-la-republique-le-chef-de-letat-recoit-trois-personnalites\" \/>\n<meta property=\"og:locale\" content=\"fr_FR\" \/>\n<meta property=\"og:type\" content=\"article\" \/>\n<meta property=\"og:title\" content=\"A la Pr\u00e9sidence de la R\u00e9publique : Le Chef de l\u2019Etat re\u00e7oit trois personnalit\u00e9s\" \/>\n<meta property=\"og:description\" content=\"\ufeffLe Pr\u00e9sident de la R\u00e9publique, Chef de l\u2019Etat, SE Mohamed Bazoum, a accord\u00e9, hier dans l\u2019apr\u00e8s-midi, des audiences \u00e0 tr ...\" \/>\n<meta property=\"og:url\" content=\"https:\/\/www.africa-press.net\/niger\/politique\/a-la-presidence-de-la-republique-le-chef-de-letat-recoit-trois-personnalites\" \/>\n<meta property=\"og:site_name\" content=\"niger\" \/>\n<meta property=\"article:published_time\" content=\"2021-09-03T10:03:26+00:00\" \/>\n<meta property=\"article:modified_time\" content=\"2021-09-03T19:49:34+00:00\" \/>\n<meta property=\"og:image\" content=\"https:\/\/static.africa-press.net\/niger\/sites\/40\/2021\/09\/img-6131d491e056e.jpg\" \/>\n\t<meta property=\"og:image:width\" content=\"720\" \/>\n\t<meta property=\"og:image:height\" content=\"428\" \/>\n\t<meta property=\"og:image:type\" content=\"image\/jpeg\" \/>\n<meta name=\"author\" content=\"cfeditorfr\" \/>\n<meta name=\"twitter:card\" content=\"summary_large_image\" \/>\n<meta name=\"twitter:label1\" content=\"\u00c9crit par\" \/>\n\t<meta name=\"twitter:data1\" content=\"cfeditorfr\" \/>\n\t<meta name=\"twitter:label2\" content=\"Dur\u00e9e de lecture estim\u00e9e\" \/>\n\t<meta name=\"twitter:data2\" content=\"4 minutes\" \/>\n<script type=\"application\/ld+json\" class=\"yoast-schema-graph\">{\"@context\":\"https:\/\/schema.org\",\"@graph\":[{\"@type\":\"Article\",\"@id\":\"https:\/\/www.africa-press.net\/niger\/politique\/a-la-presidence-de-la-republique-le-chef-de-letat-recoit-trois-personnalites#article\",\"isPartOf\":{\"@id\":\"https:\/\/www.africa-press.net\/niger\/politique\/a-la-presidence-de-la-republique-le-chef-de-letat-recoit-trois-personnalites\"},\"author\":{\"name\":\"cfeditorfr\",\"@id\":\"https:\/\/www.africa-press.net\/niger\/#\/schema\/person\/2b1cf3cd81a31e3cd26889ca66d677f1\"},\"headline\":\"A la Pr\u00e9sidence de la R\u00e9publique : Le Chef de l\u2019Etat re\u00e7oit trois personnalit\u00e9s\",\"datePublished\":\"2021-09-03T10:03:26+00:00\",\"dateModified\":\"2021-09-03T19:49:34+00:00\",\"mainEntityOfPage\":{\"@id\":\"https:\/\/www.africa-press.net\/niger\/politique\/a-la-presidence-de-la-republique-le-chef-de-letat-recoit-trois-personnalites\"},\"wordCount\":738,\"commentCount\":0,\"image\":{\"@id\":\"https:\/\/www.africa-press.net\/niger\/politique\/a-la-presidence-de-la-republique-le-chef-de-letat-recoit-trois-personnalites#primaryimage\"},\"thumbnailUrl\":\"https:\/\/static.africa-press.net\/niger\/sites\/40\/2021\/09\/img-6131d491e056e.jpg\",\"keywords\":[\"Africa Press\",\"Africa Press-Niger\",\"Niger\"],\"articleSection\":[\"homepage-french\",\"Politique\",\"Top Nouvelles\",\"Toutes les actualit\u00e9s\"],\"inLanguage\":\"fr-FR\",\"potentialAction\":[{\"@type\":\"CommentAction\",\"name\":\"Comment\",\"target\":[\"https:\/\/www.africa-press.net\/niger\/politique\/a-la-presidence-de-la-republique-le-chef-de-letat-recoit-trois-personnalites#respond\"]}]},{\"@type\":\"WebPage\",\"@id\":\"https:\/\/www.africa-press.net\/niger\/politique\/a-la-presidence-de-la-republique-le-chef-de-letat-recoit-trois-personnalites\",\"url\":\"https:\/\/www.africa-press.net\/niger\/politique\/a-la-presidence-de-la-republique-le-chef-de-letat-recoit-trois-personnalites\",\"name\":\"A la Pr\u00e9sidence de la R\u00e9publique : Le Chef de l\u2019Etat re\u00e7oit trois personnalit\u00e9s - niger\",\"isPartOf\":{\"@id\":\"https:\/\/www.africa-press.net\/niger\/#website\"},\"primaryImageOfPage\":{\"@id\":\"https:\/\/www.africa-press.net\/niger\/politique\/a-la-presidence-de-la-republique-le-chef-de-letat-recoit-trois-personnalites#primaryimage\"},\"image\":{\"@id\":\"https:\/\/www.africa-press.net\/niger\/politique\/a-la-presidence-de-la-republique-le-chef-de-letat-recoit-trois-personnalites#primaryimage\"},\"thumbnailUrl\":\"https:\/\/static.africa-press.net\/niger\/sites\/40\/2021\/09\/img-6131d491e056e.jpg\",\"datePublished\":\"2021-09-03T10:03:26+00:00\",\"dateModified\":\"2021-09-03T19:49:34+00:00\",\"author\":{\"@id\":\"https:\/\/www.africa-press.net\/niger\/#\/schema\/person\/2b1cf3cd81a31e3cd26889ca66d677f1\"},\"description\":\"\ufeffLe Pr\u00e9sident de la R\u00e9publique, Chef de l\u2019Etat, SE Mohamed Bazoum, a accord\u00e9, hier dans l\u2019apr\u00e8s-midi, des audiences \u00e0 tr ...\",\"breadcrumb\":{\"@id\":\"https:\/\/www.africa-press.net\/niger\/politique\/a-la-presidence-de-la-republique-le-chef-de-letat-recoit-trois-personnalites#breadcrumb\"},\"inLanguage\":\"fr-FR\",\"potentialAction\":[{\"@type\":\"ReadAction\",\"target\":[\"https:\/\/www.africa-press.net\/niger\/politique\/a-la-presidence-de-la-republique-le-chef-de-letat-recoit-trois-personnalites\"]}]},{\"@type\":\"ImageObject\",\"inLanguage\":\"fr-FR\",\"@id\":\"https:\/\/www.africa-press.net\/niger\/politique\/a-la-presidence-de-la-republique-le-chef-de-letat-recoit-trois-personnalites#primaryimage\",\"url\":\"https:\/\/static.africa-press.net\/niger\/sites\/40\/2021\/09\/img-6131d491e056e.jpg\",\"contentUrl\":\"https:\/\/static.africa-press.net\/niger\/sites\/40\/2021\/09\/img-6131d491e056e.jpg\",\"width\":720,\"height\":428,\"caption\":\"A la Pr\u00e9sidence de la R\u00e9publique : Le Chef de l\u2019Etat re\u00e7oit trois personnalit\u00e9s\"},{\"@type\":\"BreadcrumbList\",\"@id\":\"https:\/\/www.africa-press.net\/niger\/politique\/a-la-presidence-de-la-republique-le-chef-de-letat-recoit-trois-personnalites#breadcrumb\",\"itemListElement\":[{\"@type\":\"ListItem\",\"position\":1,\"name\":\"Accueil\",\"item\":\"https:\/\/www.africa-press.net\/niger\/\"},{\"@type\":\"ListItem\",\"position\":2,\"name\":\"A la Pr\u00e9sidence de la R\u00e9publique : Le Chef de l\u2019Etat re\u00e7oit trois personnalit\u00e9s\"}]},{\"@type\":\"WebSite\",\"@id\":\"https:\/\/www.africa-press.net\/niger\/#website\",\"url\":\"https:\/\/www.africa-press.net\/niger\/\",\"name\":\"niger\",\"description\":\"Just another Africa News Agency Sites site\",\"potentialAction\":[{\"@type\":\"SearchAction\",\"target\":{\"@type\":\"EntryPoint\",\"urlTemplate\":\"https:\/\/www.africa-press.net\/niger\/?s={search_term_string}\"},\"query-input\":{\"@type\":\"PropertyValueSpecification\",\"valueRequired\":true,\"valueName\":\"search_term_string\"}}],\"inLanguage\":\"fr-FR\"},{\"@type\":\"Person\",\"@id\":\"https:\/\/www.africa-press.net\/niger\/#\/schema\/person\/2b1cf3cd81a31e3cd26889ca66d677f1\",\"name\":\"cfeditorfr\"}]}<\/script>\n<!-- \/ Yoast SEO Premium plugin. -->","yoast_head_json":{"title":"A la Pr\u00e9sidence de la R\u00e9publique : Le Chef de l\u2019Etat re\u00e7oit trois personnalit\u00e9s - niger","description":"\ufeffLe Pr\u00e9sident de la R\u00e9publique, Chef de l\u2019Etat, SE Mohamed Bazoum, a accord\u00e9, hier dans l\u2019apr\u00e8s-midi, des audiences \u00e0 tr ...","robots":{"index":"index","follow":"follow","max-snippet":"max-snippet:-1","max-image-preview":"max-image-preview:large","max-video-preview":"max-video-preview:-1"},"canonical":"https:\/\/www.africa-press.net\/niger\/politique\/a-la-presidence-de-la-republique-le-chef-de-letat-recoit-trois-personnalites","og_locale":"fr_FR","og_type":"article","og_title":"A la Pr\u00e9sidence de la R\u00e9publique : Le Chef de l\u2019Etat re\u00e7oit trois personnalit\u00e9s","og_description":"\ufeffLe Pr\u00e9sident de la R\u00e9publique, Chef de l\u2019Etat, SE Mohamed Bazoum, a accord\u00e9, hier dans l\u2019apr\u00e8s-midi, des audiences \u00e0 tr ...","og_url":"https:\/\/www.africa-press.net\/niger\/politique\/a-la-presidence-de-la-republique-le-chef-de-letat-recoit-trois-personnalites","og_site_name":"niger","article_published_time":"2021-09-03T10:03:26+00:00","article_modified_time":"2021-09-03T19:49:34+00:00","og_image":[{"width":720,"height":428,"url":"https:\/\/static.africa-press.net\/niger\/sites\/40\/2021\/09\/img-6131d491e056e.jpg","type":"image\/jpeg"}],"author":"cfeditorfr","twitter_card":"summary_large_image","twitter_misc":{"\u00c9crit par":"cfeditorfr","Dur\u00e9e de lecture estim\u00e9e":"4 minutes"},"schema":{"@context":"https:\/\/schema.org","@graph":[{"@type":"Article","@id":"https:\/\/www.africa-press.net\/niger\/politique\/a-la-presidence-de-la-republique-le-chef-de-letat-recoit-trois-personnalites#article","isPartOf":{"@id":"https:\/\/www.africa-press.net\/niger\/politique\/a-la-presidence-de-la-republique-le-chef-de-letat-recoit-trois-personnalites"},"author":{"name":"cfeditorfr","@id":"https:\/\/www.africa-press.net\/niger\/#\/schema\/person\/2b1cf3cd81a31e3cd26889ca66d677f1"},"headline":"A la Pr\u00e9sidence de la R\u00e9publique : Le Chef de l\u2019Etat re\u00e7oit trois personnalit\u00e9s","datePublished":"2021-09-03T10:03:26+00:00","dateModified":"2021-09-03T19:49:34+00:00","mainEntityOfPage":{"@id":"https:\/\/www.africa-press.net\/niger\/politique\/a-la-presidence-de-la-republique-le-chef-de-letat-recoit-trois-personnalites"},"wordCount":738,"commentCount":0,"image":{"@id":"https:\/\/www.africa-press.net\/niger\/politique\/a-la-presidence-de-la-republique-le-chef-de-letat-recoit-trois-personnalites#primaryimage"},"thumbnailUrl":"https:\/\/static.africa-press.net\/niger\/sites\/40\/2021\/09\/img-6131d491e056e.jpg","keywords":["Africa Press","Africa Press-Niger","Niger"],"articleSection":["homepage-french","Politique","Top Nouvelles","Toutes les actualit\u00e9s"],"inLanguage":"fr-FR","potentialAction":[{"@type":"CommentAction","name":"Comment","target":["https:\/\/www.africa-press.net\/niger\/politique\/a-la-presidence-de-la-republique-le-chef-de-letat-recoit-trois-personnalites#respond"]}]},{"@type":"WebPage","@id":"https:\/\/www.africa-press.net\/niger\/politique\/a-la-presidence-de-la-republique-le-chef-de-letat-recoit-trois-personnalites","url":"https:\/\/www.africa-press.net\/niger\/politique\/a-la-presidence-de-la-republique-le-chef-de-letat-recoit-trois-personnalites","name":"A la Pr\u00e9sidence de la R\u00e9publique : Le Chef de l\u2019Etat re\u00e7oit trois personnalit\u00e9s - niger","isPartOf":{"@id":"https:\/\/www.africa-press.net\/niger\/#website"},"primaryImageOfPage":{"@id":"https:\/\/www.africa-press.net\/niger\/politique\/a-la-presidence-de-la-republique-le-chef-de-letat-recoit-trois-personnalites#primaryimage"},"image":{"@id":"https:\/\/www.africa-press.net\/niger\/politique\/a-la-presidence-de-la-republique-le-chef-de-letat-recoit-trois-personnalites#primaryimage"},"thumbnailUrl":"https:\/\/static.africa-press.net\/niger\/sites\/40\/2021\/09\/img-6131d491e056e.jpg","datePublished":"2021-09-03T10:03:26+00:00","dateModified":"2021-09-03T19:49:34+00:00","author":{"@id":"https:\/\/www.africa-press.net\/niger\/#\/schema\/person\/2b1cf3cd81a31e3cd26889ca66d677f1"},"description":"\ufeffLe Pr\u00e9sident de la R\u00e9publique, Chef de l\u2019Etat, SE Mohamed Bazoum, a accord\u00e9, hier dans l\u2019apr\u00e8s-midi, des audiences \u00e0 tr ...","breadcrumb":{"@id":"https:\/\/www.africa-press.net\/niger\/politique\/a-la-presidence-de-la-republique-le-chef-de-letat-recoit-trois-personnalites#breadcrumb"},"inLanguage":"fr-FR","potentialAction":[{"@type":"ReadAction","target":["https:\/\/www.africa-press.net\/niger\/politique\/a-la-presidence-de-la-republique-le-chef-de-letat-recoit-trois-personnalites"]}]},{"@type":"ImageObject","inLanguage":"fr-FR","@id":"https:\/\/www.africa-press.net\/niger\/politique\/a-la-presidence-de-la-republique-le-chef-de-letat-recoit-trois-personnalites#primaryimage","url":"https:\/\/static.africa-press.net\/niger\/sites\/40\/2021\/09\/img-6131d491e056e.jpg","contentUrl":"https:\/\/static.africa-press.net\/niger\/sites\/40\/2021\/09\/img-6131d491e056e.jpg","width":720,"height":428,"caption":"A la Pr\u00e9sidence de la R\u00e9publique : Le Chef de l\u2019Etat re\u00e7oit trois personnalit\u00e9s"},{"@type":"BreadcrumbList","@id":"https:\/\/www.africa-press.net\/niger\/politique\/a-la-presidence-de-la-republique-le-chef-de-letat-recoit-trois-personnalites#breadcrumb","itemListElement":[{"@type":"ListItem","position":1,"name":"Accueil","item":"https:\/\/www.africa-press.net\/niger\/"},{"@type":"ListItem","position":2,"name":"A la Pr\u00e9sidence de la R\u00e9publique : Le Chef de l\u2019Etat re\u00e7oit trois personnalit\u00e9s"}]},{"@type":"WebSite","@id":"https:\/\/www.africa-press.net\/niger\/#website","url":"https:\/\/www.africa-press.net\/niger\/","name":"niger","description":"Just another Africa News Agency Sites site","potentialAction":[{"@type":"SearchAction","target":{"@type":"EntryPoint","urlTemplate":"https:\/\/www.africa-press.net\/niger\/?s={search_term_string}"},"query-input":{"@type":"PropertyValueSpecification","valueRequired":true,"valueName":"search_term_string"}}],"inLanguage":"fr-FR"},{"@type":"Person","@id":"https:\/\/www.africa-press.net\/niger\/#\/schema\/person\/2b1cf3cd81a31e3cd26889ca66d677f1","name":"cfeditorfr"}]}},"_links":{"self":[{"href":"https:\/\/www.africa-press.net\/niger\/wp-json\/wp\/v2\/posts\/11117","targetHints":{"allow":["GET"]}}],"collection":[{"href":"https:\/\/www.africa-press.net\/niger\/wp-json\/wp\/v2\/posts"}],"about":[{"href":"https:\/\/www.africa-press.net\/niger\/wp-json\/wp\/v2\/types\/post"}],"author":[{"embeddable":true,"href":"https:\/\/www.africa-press.net\/niger\/wp-json\/wp\/v2\/users\/82"}],"replies":[{"embeddable":true,"href":"https:\/\/www.africa-press.net\/niger\/wp-json\/wp\/v2\/comments?post=11117"}],"version-history":[{"count":0,"href":"https:\/\/www.africa-press.net\/niger\/wp-json\/wp\/v2\/posts\/11117\/revisions"}],"wp:featuredmedia":[{"embeddable":true,"href":"https:\/\/www.africa-press.net\/niger\/wp-json\/wp\/v2\/media\/11116"}],"wp:attachment":[{"href":"https:\/\/www.africa-press.net\/niger\/wp-json\/wp\/v2\/media?parent=11117"}],"wp:term":[{"taxonomy":"category","embeddable":true,"href":"https:\/\/www.africa-press.net\/niger\/wp-json\/wp\/v2\/categories?post=11117"},{"taxonomy":"post_tag","embeddable":true,"href":"https:\/\/www.africa-press.net\/niger\/wp-json\/wp\/v2\/tags?post=11117"}],"curies":[{"name":"wp","href":"https:\/\/api.w.org\/{rel}","templated":true}]}}