{"id":11141,"date":"2021-09-03T11:18:39","date_gmt":"2021-09-03T11:18:39","guid":{"rendered":"https:\/\/www.africa-press.net\/niger\/?p=11141"},"modified":"2021-09-03T19:45:58","modified_gmt":"2021-09-03T19:45:58","slug":"rentree-syndicale-2021-2022-de-la-confederation-nigerienne-du-travail-la-situation-sociopolitique-economique-et-securitaire-au-centre-de-la-declaration","status":"publish","type":"post","link":"https:\/\/www.africa-press.net\/niger\/politique\/rentree-syndicale-2021-2022-de-la-confederation-nigerienne-du-travail-la-situation-sociopolitique-economique-et-securitaire-au-centre-de-la-declaration","title":{"rendered":"Rentr\u00e9e syndicale 2021-2022 de la Conf\u00e9d\u00e9ration Nig\u00e9rienne du Travail : La situation sociopolitique, \u00e9conomique et s\u00e9curitaire, au centre de la d\u00e9claration"},"content":{"rendered":"<p><span style=\"color: #ff6600\"><strong><a href=\"https:\/\/www.africa-press.net\/\">Africa-Press<\/a> &#8211; <a href=\"https:\/\/www.africa-press.net\/niger\">Niger<\/a>. <\/strong><\/span>A l\u2019occasion de sa rentr\u00e9e syndicale 2021-2022, le bureau conf\u00e9d\u00e9ral de la Conf\u00e9d\u00e9ration Nig\u00e9rienne du Travail (CNT) a rendu publique, le 2 septembre \u00e0 Niamey, une d\u00e9claration \u00e0 l\u2019effet d\u2019examiner la situation sociopolitique, \u00e9conomique et s\u00e9curitaire de notre pays. C\u2019est le secr\u00e9taire g\u00e9n\u00e9ral du BEN\/CNT, M. Mamadou Sako qui a lu ladite d\u00e9claration en pr\u00e9sence des membres de cette organisation syndicale.<\/p>\n<p>Sur la situation sociale particuli\u00e8rement au plan syndical, la CNT a constat\u00e9 une accalmie relative depuis l\u2019installation des nouvelles autorit\u00e9s. Cela r\u00e9sulte des efforts des acteurs appuy\u00e9s par la volont\u00e9 politique du Pr\u00e9sident de la R\u00e9publique d\u2019assoir un v\u00e9ritable dialogue social, par ailleurs cr\u00e9do de la CNT et gage d\u2019une stabilit\u00e9 sociale et politique. La d\u00e9claration rappelle que le Pr\u00e9sident de la R\u00e9publique a re\u00e7u le 5 mai dernier les organisations syndicales repr\u00e9sentatives. Une d\u00e9marche salu\u00e9e et encourag\u00e9e par la CNT car elle cadre avec ses souhaits notamment la r\u00e9gularit\u00e9 des consultations sur les int\u00e9r\u00eats sup\u00e9rieurs de la nation.<\/p>\n<p>Cependant, la CNT a dit qu\u2019elle attend toujours la mise en \u0153uvre des accords sign\u00e9s et l\u2019ouverture des n\u00e9gociations entre le Gouvernement et l\u2019ITN. En tout \u00e9tat de cause, \u00ab le BEN\/CNT rappelle au Gouvernement que rien et absolument de durable ne saurait se construire en dehors du dialogue social \u00bb, ajoute la d\u00e9claration.<\/p>\n<p>Au plan social, la CNT a dit avoir constat\u00e9 malheureusement la recrudescence des attaques terroristes meurtri\u00e8res ciblant cette fois, au-del\u00e0 des vaillantes Forces de d\u00e9fense et de s\u00e9curit\u00e9 (FDS), les populations civiles d\u00e9j\u00e0 tr\u00e8s vuln\u00e9rables du fait de la pr\u00e9carit\u00e9 de la situation s\u00e9curitaire et des changements climatiques. A cela, poursuit la d\u00e9claration, viennent s\u2019ajouter les inondations avec des pertes en vies humaines et d\u2019\u00e9normes d\u00e9g\u00e2ts mat\u00e9riels, doubl\u00e9es d\u2019une \u00e9pid\u00e9mie de chol\u00e9ra, le tout dans le contexte persistant de Covid-19.<\/p>\n<p>Face \u00e0 cette situation dramatique, la CNT a exprim\u00e9 son inqui\u00e9tude et sa vive \u00e9motion \u00e0 l\u2019endroit des populations affect\u00e9es, des Forces de d\u00e9fense et de s\u00e9curit\u00e9 (FDS) et du Gouvernement. Du reste, la CNT s\u2019est dit profond\u00e9ment pr\u00e9occup\u00e9e la situation de nombreux travailleuses et travailleurs innocents des zones affect\u00e9es.<\/p>\n<p>Par cons\u00e9quent, la CNT a r\u00e9affirm\u00e9 son soutien sans r\u00e9serve aux efforts de lutte contre le terrorisme, et les actions sociales en faveur des victimes des attaques et des populations sinistr\u00e9es. Par la m\u00eame occasion, la CNT a exhort\u00e9 le Pr\u00e9sident de la R\u00e9publique \u00e0 donner les instructions n\u00e9cessaires pour que le Gouvernement prenne toutes dispositions idoines pour prot\u00e9ger les populations et s\u00e9curiser l\u2019ensemble du territoire national.<\/p>\n<p>A propos de la situation politique, le BEN\/CNT a salu\u00e9 le climat de d\u00e9crispation sur le plan politique. Selon la d\u00e9claration, cela \u00ab nous permettra de regarder dans la m\u00eame direction et nous engager r\u00e9solument dans l\u2019\u0153uvre de d\u00e9veloppement \u00e9conomique et social et du Niger, un pays \u00e9mergent \u00bb. C\u2019est ainsi que le bureau conf\u00e9d\u00e9ral de la CNT a attir\u00e9 l\u2019attention des acteurs politiques sur la fragilit\u00e9 du contexte socio\u00e9conomique et politique nig\u00e9rien, et les appelle au dialogue responsable.<\/p>\n<p>En ce qui concerne la gouvernance \u00e9conomique et financi\u00e8re, la CNT a pris acte des engagements du Pr\u00e9sident de la R\u00e9publique lors de sa prestation de serment le 2 avril 2021. C\u2019est ainsi que le BEN\/CNT a encourag\u00e9 le Chef de l\u2019Etat \u00e0 d\u00e9clencher inexorablement et sans faiblesse les m\u00e9canismes d\u2019assainissement des finances publiques et de la fonction publique, et \u00e0 assoir une gouvernance ax\u00e9e sur la transparence, l\u2019inclusion, la responsabilit\u00e9 et l\u2019imputabilit\u00e9.<\/p>\n<p>Pour ce qui est de la lutte contre la corruption et la d\u00e9linquance financi\u00e8re, la CNT a \u00e9galement encourag\u00e9 le Pr\u00e9sident de la R\u00e9publique \u00e0 ne m\u00e9nager aucun effort pour traquer et mettre \u00e0 la disposition de la justice ceux qui se seraient rendu coupables de tels actes. Mieux, la CNT a insist\u00e9 sur l\u2019ind\u00e9pendance v\u00e9ritable de la justice, tout en soutenant toutes les organisations engag\u00e9es dans la lutte contre la corruption et la mauvaise gouvernance. A ce sujet, le BEN conf\u00e9d\u00e9ral de la CNT a \u00e9galement f\u00e9licit\u00e9 le Pr\u00e9sident de la R\u00e9publique pour les actions salvatrices d\u00e9j\u00e0 men\u00e9es.<\/p>\n<p>Enfin, la CNT a pr\u00e9sent\u00e9 ses condol\u00e9ances les plus \u00e9mues aux familles de toutes les victimes civiles comme militaires, et souhaite un prompt r\u00e9tablissement aux bless\u00e9s. Puis, le BEN\/CNT a encourag\u00e9 les autorit\u00e9s publiques \u00e0 plus de clairvoyance et, d\u2019anticipation pour pr\u00e9venir les catastrophes, tout en lan\u00e7ant un vibrant appel \u00e0 la solidarit\u00e9 nationale et internationale au profit des victimes du terrorisme et des inondations.<\/p>\n<p>Par ailleurs, le BEN\/CNT a rassur\u00e9 les travailleurs et l\u2019opinion nationale que la Conf\u00e9d\u00e9ration veillera \u00e0 ce que les engagements pris par les autorit\u00e9s publiques soient respect\u00e9s.<\/p>\n<p><b>\u00a0<\/b><\/p>\n","protected":false},"excerpt":{"rendered":"<p>Africa-Press &#8211; Niger. A l\u2019occasion de sa rentr\u00e9e syndicale 2021-2022, le bureau conf\u00e9d\u00e9ral de la Conf\u00e9d\u00e9ration Nig\u00e9rienne du Travail (CNT) a rendu publique, le 2 septembre \u00e0 Niamey, une d\u00e9claration \u00e0 l\u2019effet d\u2019examiner la situation sociopolitique, \u00e9conomique et s\u00e9curitaire de notre pays. C\u2019est le secr\u00e9taire g\u00e9n\u00e9ral du BEN\/CNT, M. Mamadou Sako qui a lu ladite [&hellip;]<\/p>\n","protected":false},"author":82,"featured_media":11140,"comment_status":"open","ping_status":"closed","sticky":false,"template":"","format":"standard","meta":{"footnotes":""},"categories":[11,2,20,10],"tags":[55,60,29],"class_list":["post-11141","post","type-post","status-publish","format-standard","has-post-thumbnail","hentry","category-homepage-french","category-politique","category-top-nouvelles","category-toutes-les-actualites","tag-africa-press","tag-africa-press-niger","tag-niger"],"yoast_head":"<!-- This site is optimized with the Yoast SEO Premium plugin v26.1 (Yoast SEO v27.0) - https:\/\/yoast.com\/product\/yoast-seo-premium-wordpress\/ -->\n<title>Rentr\u00e9e syndicale 2021-2022 de la Conf\u00e9d\u00e9ration Nig\u00e9rienne du Travail : La situation sociopolitique, \u00e9conomique et s\u00e9curitaire, au centre de la d\u00e9claration - niger<\/title>\n<meta name=\"description\" content=\"\ufeffA l\u2019occasion de sa rentr\u00e9e syndicale 2021-2022, le bureau conf\u00e9d\u00e9ral de la Conf\u00e9d\u00e9ration Nig\u00e9rienne du Travail (CNT) a ...\" \/>\n<meta name=\"robots\" content=\"index, follow, max-snippet:-1, max-image-preview:large, max-video-preview:-1\" \/>\n<link rel=\"canonical\" href=\"https:\/\/www.africa-press.net\/niger\/politique\/rentree-syndicale-2021-2022-de-la-confederation-nigerienne-du-travail-la-situation-sociopolitique-economique-et-securitaire-au-centre-de-la-declaration\" \/>\n<meta property=\"og:locale\" content=\"fr_FR\" \/>\n<meta property=\"og:type\" content=\"article\" \/>\n<meta property=\"og:title\" content=\"Rentr\u00e9e syndicale 2021-2022 de la Conf\u00e9d\u00e9ration Nig\u00e9rienne du Travail : La situation sociopolitique, \u00e9conomique et s\u00e9curitaire, au centre de la d\u00e9claration\" \/>\n<meta property=\"og:description\" content=\"\ufeffA l\u2019occasion de sa rentr\u00e9e syndicale 2021-2022, le bureau conf\u00e9d\u00e9ral de la Conf\u00e9d\u00e9ration Nig\u00e9rienne du Travail (CNT) a ...\" \/>\n<meta property=\"og:url\" content=\"https:\/\/www.africa-press.net\/niger\/politique\/rentree-syndicale-2021-2022-de-la-confederation-nigerienne-du-travail-la-situation-sociopolitique-economique-et-securitaire-au-centre-de-la-declaration\" \/>\n<meta property=\"og:site_name\" content=\"niger\" \/>\n<meta property=\"article:published_time\" content=\"2021-09-03T11:18:39+00:00\" \/>\n<meta property=\"article:modified_time\" content=\"2021-09-03T19:45:58+00:00\" \/>\n<meta property=\"og:image\" content=\"https:\/\/static.africa-press.net\/niger\/sites\/40\/2021\/09\/img-6131d887ae3f6.jpg\" \/>\n\t<meta property=\"og:image:width\" content=\"720\" \/>\n\t<meta property=\"og:image:height\" content=\"404\" \/>\n\t<meta property=\"og:image:type\" content=\"image\/jpeg\" \/>\n<meta name=\"author\" content=\"cfeditorfr\" \/>\n<meta name=\"twitter:card\" content=\"summary_large_image\" \/>\n<meta name=\"twitter:label1\" content=\"\u00c9crit par\" \/>\n\t<meta name=\"twitter:data1\" content=\"cfeditorfr\" \/>\n\t<meta name=\"twitter:label2\" content=\"Dur\u00e9e de lecture estim\u00e9e\" \/>\n\t<meta name=\"twitter:data2\" content=\"4 minutes\" \/>\n<script type=\"application\/ld+json\" class=\"yoast-schema-graph\">{\"@context\":\"https:\/\/schema.org\",\"@graph\":[{\"@type\":\"Article\",\"@id\":\"https:\/\/www.africa-press.net\/niger\/politique\/rentree-syndicale-2021-2022-de-la-confederation-nigerienne-du-travail-la-situation-sociopolitique-economique-et-securitaire-au-centre-de-la-declaration#article\",\"isPartOf\":{\"@id\":\"https:\/\/www.africa-press.net\/niger\/politique\/rentree-syndicale-2021-2022-de-la-confederation-nigerienne-du-travail-la-situation-sociopolitique-economique-et-securitaire-au-centre-de-la-declaration\"},\"author\":{\"name\":\"cfeditorfr\",\"@id\":\"https:\/\/www.africa-press.net\/niger\/#\/schema\/person\/2b1cf3cd81a31e3cd26889ca66d677f1\"},\"headline\":\"Rentr\u00e9e syndicale 2021-2022 de la Conf\u00e9d\u00e9ration Nig\u00e9rienne du Travail : La situation sociopolitique, \u00e9conomique et s\u00e9curitaire, au centre de la d\u00e9claration\",\"datePublished\":\"2021-09-03T11:18:39+00:00\",\"dateModified\":\"2021-09-03T19:45:58+00:00\",\"mainEntityOfPage\":{\"@id\":\"https:\/\/www.africa-press.net\/niger\/politique\/rentree-syndicale-2021-2022-de-la-confederation-nigerienne-du-travail-la-situation-sociopolitique-economique-et-securitaire-au-centre-de-la-declaration\"},\"wordCount\":906,\"commentCount\":0,\"image\":{\"@id\":\"https:\/\/www.africa-press.net\/niger\/politique\/rentree-syndicale-2021-2022-de-la-confederation-nigerienne-du-travail-la-situation-sociopolitique-economique-et-securitaire-au-centre-de-la-declaration#primaryimage\"},\"thumbnailUrl\":\"https:\/\/static.africa-press.net\/niger\/sites\/40\/2021\/09\/img-6131d887ae3f6.jpg\",\"keywords\":[\"Africa Press\",\"Africa Press-Niger\",\"Niger\"],\"articleSection\":[\"homepage-french\",\"Politique\",\"Top Nouvelles\",\"Toutes les actualit\u00e9s\"],\"inLanguage\":\"fr-FR\",\"potentialAction\":[{\"@type\":\"CommentAction\",\"name\":\"Comment\",\"target\":[\"https:\/\/www.africa-press.net\/niger\/politique\/rentree-syndicale-2021-2022-de-la-confederation-nigerienne-du-travail-la-situation-sociopolitique-economique-et-securitaire-au-centre-de-la-declaration#respond\"]}]},{\"@type\":\"WebPage\",\"@id\":\"https:\/\/www.africa-press.net\/niger\/politique\/rentree-syndicale-2021-2022-de-la-confederation-nigerienne-du-travail-la-situation-sociopolitique-economique-et-securitaire-au-centre-de-la-declaration\",\"url\":\"https:\/\/www.africa-press.net\/niger\/politique\/rentree-syndicale-2021-2022-de-la-confederation-nigerienne-du-travail-la-situation-sociopolitique-economique-et-securitaire-au-centre-de-la-declaration\",\"name\":\"Rentr\u00e9e syndicale 2021-2022 de la Conf\u00e9d\u00e9ration Nig\u00e9rienne du Travail : La situation sociopolitique, \u00e9conomique et s\u00e9curitaire, au centre de la d\u00e9claration - niger\",\"isPartOf\":{\"@id\":\"https:\/\/www.africa-press.net\/niger\/#website\"},\"primaryImageOfPage\":{\"@id\":\"https:\/\/www.africa-press.net\/niger\/politique\/rentree-syndicale-2021-2022-de-la-confederation-nigerienne-du-travail-la-situation-sociopolitique-economique-et-securitaire-au-centre-de-la-declaration#primaryimage\"},\"image\":{\"@id\":\"https:\/\/www.africa-press.net\/niger\/politique\/rentree-syndicale-2021-2022-de-la-confederation-nigerienne-du-travail-la-situation-sociopolitique-economique-et-securitaire-au-centre-de-la-declaration#primaryimage\"},\"thumbnailUrl\":\"https:\/\/static.africa-press.net\/niger\/sites\/40\/2021\/09\/img-6131d887ae3f6.jpg\",\"datePublished\":\"2021-09-03T11:18:39+00:00\",\"dateModified\":\"2021-09-03T19:45:58+00:00\",\"author\":{\"@id\":\"https:\/\/www.africa-press.net\/niger\/#\/schema\/person\/2b1cf3cd81a31e3cd26889ca66d677f1\"},\"description\":\"\ufeffA l\u2019occasion de sa rentr\u00e9e syndicale 2021-2022, le bureau conf\u00e9d\u00e9ral de la Conf\u00e9d\u00e9ration Nig\u00e9rienne du Travail (CNT) a ...\",\"breadcrumb\":{\"@id\":\"https:\/\/www.africa-press.net\/niger\/politique\/rentree-syndicale-2021-2022-de-la-confederation-nigerienne-du-travail-la-situation-sociopolitique-economique-et-securitaire-au-centre-de-la-declaration#breadcrumb\"},\"inLanguage\":\"fr-FR\",\"potentialAction\":[{\"@type\":\"ReadAction\",\"target\":[\"https:\/\/www.africa-press.net\/niger\/politique\/rentree-syndicale-2021-2022-de-la-confederation-nigerienne-du-travail-la-situation-sociopolitique-economique-et-securitaire-au-centre-de-la-declaration\"]}]},{\"@type\":\"ImageObject\",\"inLanguage\":\"fr-FR\",\"@id\":\"https:\/\/www.africa-press.net\/niger\/politique\/rentree-syndicale-2021-2022-de-la-confederation-nigerienne-du-travail-la-situation-sociopolitique-economique-et-securitaire-au-centre-de-la-declaration#primaryimage\",\"url\":\"https:\/\/static.africa-press.net\/niger\/sites\/40\/2021\/09\/img-6131d887ae3f6.jpg\",\"contentUrl\":\"https:\/\/static.africa-press.net\/niger\/sites\/40\/2021\/09\/img-6131d887ae3f6.jpg\",\"width\":720,\"height\":404,\"caption\":\"Rentr\u00e9e syndicale 2021-2022 de la Conf\u00e9d\u00e9ration Nig\u00e9rienne du Travail : La situation sociopolitique, \u00e9conomique et s\u00e9curitaire, au centre de la d\u00e9claration\"},{\"@type\":\"BreadcrumbList\",\"@id\":\"https:\/\/www.africa-press.net\/niger\/politique\/rentree-syndicale-2021-2022-de-la-confederation-nigerienne-du-travail-la-situation-sociopolitique-economique-et-securitaire-au-centre-de-la-declaration#breadcrumb\",\"itemListElement\":[{\"@type\":\"ListItem\",\"position\":1,\"name\":\"Accueil\",\"item\":\"https:\/\/www.africa-press.net\/niger\/\"},{\"@type\":\"ListItem\",\"position\":2,\"name\":\"Rentr\u00e9e syndicale 2021-2022 de la Conf\u00e9d\u00e9ration Nig\u00e9rienne du Travail : La situation sociopolitique, \u00e9conomique et s\u00e9curitaire, au centre de la d\u00e9claration\"}]},{\"@type\":\"WebSite\",\"@id\":\"https:\/\/www.africa-press.net\/niger\/#website\",\"url\":\"https:\/\/www.africa-press.net\/niger\/\",\"name\":\"niger\",\"description\":\"Just another Africa News Agency Sites site\",\"potentialAction\":[{\"@type\":\"SearchAction\",\"target\":{\"@type\":\"EntryPoint\",\"urlTemplate\":\"https:\/\/www.africa-press.net\/niger\/?s={search_term_string}\"},\"query-input\":{\"@type\":\"PropertyValueSpecification\",\"valueRequired\":true,\"valueName\":\"search_term_string\"}}],\"inLanguage\":\"fr-FR\"},{\"@type\":\"Person\",\"@id\":\"https:\/\/www.africa-press.net\/niger\/#\/schema\/person\/2b1cf3cd81a31e3cd26889ca66d677f1\",\"name\":\"cfeditorfr\"}]}<\/script>\n<!-- \/ Yoast SEO Premium plugin. -->","yoast_head_json":{"title":"Rentr\u00e9e syndicale 2021-2022 de la Conf\u00e9d\u00e9ration Nig\u00e9rienne du Travail : La situation sociopolitique, \u00e9conomique et s\u00e9curitaire, au centre de la d\u00e9claration - niger","description":"\ufeffA l\u2019occasion de sa rentr\u00e9e syndicale 2021-2022, le bureau conf\u00e9d\u00e9ral de la Conf\u00e9d\u00e9ration Nig\u00e9rienne du Travail (CNT) a ...","robots":{"index":"index","follow":"follow","max-snippet":"max-snippet:-1","max-image-preview":"max-image-preview:large","max-video-preview":"max-video-preview:-1"},"canonical":"https:\/\/www.africa-press.net\/niger\/politique\/rentree-syndicale-2021-2022-de-la-confederation-nigerienne-du-travail-la-situation-sociopolitique-economique-et-securitaire-au-centre-de-la-declaration","og_locale":"fr_FR","og_type":"article","og_title":"Rentr\u00e9e syndicale 2021-2022 de la Conf\u00e9d\u00e9ration Nig\u00e9rienne du Travail : La situation sociopolitique, \u00e9conomique et s\u00e9curitaire, au centre de la d\u00e9claration","og_description":"\ufeffA l\u2019occasion de sa rentr\u00e9e syndicale 2021-2022, le bureau conf\u00e9d\u00e9ral de la Conf\u00e9d\u00e9ration Nig\u00e9rienne du Travail (CNT) a ...","og_url":"https:\/\/www.africa-press.net\/niger\/politique\/rentree-syndicale-2021-2022-de-la-confederation-nigerienne-du-travail-la-situation-sociopolitique-economique-et-securitaire-au-centre-de-la-declaration","og_site_name":"niger","article_published_time":"2021-09-03T11:18:39+00:00","article_modified_time":"2021-09-03T19:45:58+00:00","og_image":[{"width":720,"height":404,"url":"https:\/\/static.africa-press.net\/niger\/sites\/40\/2021\/09\/img-6131d887ae3f6.jpg","type":"image\/jpeg"}],"author":"cfeditorfr","twitter_card":"summary_large_image","twitter_misc":{"\u00c9crit par":"cfeditorfr","Dur\u00e9e de lecture estim\u00e9e":"4 minutes"},"schema":{"@context":"https:\/\/schema.org","@graph":[{"@type":"Article","@id":"https:\/\/www.africa-press.net\/niger\/politique\/rentree-syndicale-2021-2022-de-la-confederation-nigerienne-du-travail-la-situation-sociopolitique-economique-et-securitaire-au-centre-de-la-declaration#article","isPartOf":{"@id":"https:\/\/www.africa-press.net\/niger\/politique\/rentree-syndicale-2021-2022-de-la-confederation-nigerienne-du-travail-la-situation-sociopolitique-economique-et-securitaire-au-centre-de-la-declaration"},"author":{"name":"cfeditorfr","@id":"https:\/\/www.africa-press.net\/niger\/#\/schema\/person\/2b1cf3cd81a31e3cd26889ca66d677f1"},"headline":"Rentr\u00e9e syndicale 2021-2022 de la Conf\u00e9d\u00e9ration Nig\u00e9rienne du Travail : La situation sociopolitique, \u00e9conomique et s\u00e9curitaire, au centre de la d\u00e9claration","datePublished":"2021-09-03T11:18:39+00:00","dateModified":"2021-09-03T19:45:58+00:00","mainEntityOfPage":{"@id":"https:\/\/www.africa-press.net\/niger\/politique\/rentree-syndicale-2021-2022-de-la-confederation-nigerienne-du-travail-la-situation-sociopolitique-economique-et-securitaire-au-centre-de-la-declaration"},"wordCount":906,"commentCount":0,"image":{"@id":"https:\/\/www.africa-press.net\/niger\/politique\/rentree-syndicale-2021-2022-de-la-confederation-nigerienne-du-travail-la-situation-sociopolitique-economique-et-securitaire-au-centre-de-la-declaration#primaryimage"},"thumbnailUrl":"https:\/\/static.africa-press.net\/niger\/sites\/40\/2021\/09\/img-6131d887ae3f6.jpg","keywords":["Africa Press","Africa Press-Niger","Niger"],"articleSection":["homepage-french","Politique","Top Nouvelles","Toutes les actualit\u00e9s"],"inLanguage":"fr-FR","potentialAction":[{"@type":"CommentAction","name":"Comment","target":["https:\/\/www.africa-press.net\/niger\/politique\/rentree-syndicale-2021-2022-de-la-confederation-nigerienne-du-travail-la-situation-sociopolitique-economique-et-securitaire-au-centre-de-la-declaration#respond"]}]},{"@type":"WebPage","@id":"https:\/\/www.africa-press.net\/niger\/politique\/rentree-syndicale-2021-2022-de-la-confederation-nigerienne-du-travail-la-situation-sociopolitique-economique-et-securitaire-au-centre-de-la-declaration","url":"https:\/\/www.africa-press.net\/niger\/politique\/rentree-syndicale-2021-2022-de-la-confederation-nigerienne-du-travail-la-situation-sociopolitique-economique-et-securitaire-au-centre-de-la-declaration","name":"Rentr\u00e9e syndicale 2021-2022 de la Conf\u00e9d\u00e9ration Nig\u00e9rienne du Travail : La situation sociopolitique, \u00e9conomique et s\u00e9curitaire, au centre de la d\u00e9claration - niger","isPartOf":{"@id":"https:\/\/www.africa-press.net\/niger\/#website"},"primaryImageOfPage":{"@id":"https:\/\/www.africa-press.net\/niger\/politique\/rentree-syndicale-2021-2022-de-la-confederation-nigerienne-du-travail-la-situation-sociopolitique-economique-et-securitaire-au-centre-de-la-declaration#primaryimage"},"image":{"@id":"https:\/\/www.africa-press.net\/niger\/politique\/rentree-syndicale-2021-2022-de-la-confederation-nigerienne-du-travail-la-situation-sociopolitique-economique-et-securitaire-au-centre-de-la-declaration#primaryimage"},"thumbnailUrl":"https:\/\/static.africa-press.net\/niger\/sites\/40\/2021\/09\/img-6131d887ae3f6.jpg","datePublished":"2021-09-03T11:18:39+00:00","dateModified":"2021-09-03T19:45:58+00:00","author":{"@id":"https:\/\/www.africa-press.net\/niger\/#\/schema\/person\/2b1cf3cd81a31e3cd26889ca66d677f1"},"description":"\ufeffA l\u2019occasion de sa rentr\u00e9e syndicale 2021-2022, le bureau conf\u00e9d\u00e9ral de la Conf\u00e9d\u00e9ration Nig\u00e9rienne du Travail (CNT) a ...","breadcrumb":{"@id":"https:\/\/www.africa-press.net\/niger\/politique\/rentree-syndicale-2021-2022-de-la-confederation-nigerienne-du-travail-la-situation-sociopolitique-economique-et-securitaire-au-centre-de-la-declaration#breadcrumb"},"inLanguage":"fr-FR","potentialAction":[{"@type":"ReadAction","target":["https:\/\/www.africa-press.net\/niger\/politique\/rentree-syndicale-2021-2022-de-la-confederation-nigerienne-du-travail-la-situation-sociopolitique-economique-et-securitaire-au-centre-de-la-declaration"]}]},{"@type":"ImageObject","inLanguage":"fr-FR","@id":"https:\/\/www.africa-press.net\/niger\/politique\/rentree-syndicale-2021-2022-de-la-confederation-nigerienne-du-travail-la-situation-sociopolitique-economique-et-securitaire-au-centre-de-la-declaration#primaryimage","url":"https:\/\/static.africa-press.net\/niger\/sites\/40\/2021\/09\/img-6131d887ae3f6.jpg","contentUrl":"https:\/\/static.africa-press.net\/niger\/sites\/40\/2021\/09\/img-6131d887ae3f6.jpg","width":720,"height":404,"caption":"Rentr\u00e9e syndicale 2021-2022 de la Conf\u00e9d\u00e9ration Nig\u00e9rienne du Travail : La situation sociopolitique, \u00e9conomique et s\u00e9curitaire, au centre de la d\u00e9claration"},{"@type":"BreadcrumbList","@id":"https:\/\/www.africa-press.net\/niger\/politique\/rentree-syndicale-2021-2022-de-la-confederation-nigerienne-du-travail-la-situation-sociopolitique-economique-et-securitaire-au-centre-de-la-declaration#breadcrumb","itemListElement":[{"@type":"ListItem","position":1,"name":"Accueil","item":"https:\/\/www.africa-press.net\/niger\/"},{"@type":"ListItem","position":2,"name":"Rentr\u00e9e syndicale 2021-2022 de la Conf\u00e9d\u00e9ration Nig\u00e9rienne du Travail : La situation sociopolitique, \u00e9conomique et s\u00e9curitaire, au centre de la d\u00e9claration"}]},{"@type":"WebSite","@id":"https:\/\/www.africa-press.net\/niger\/#website","url":"https:\/\/www.africa-press.net\/niger\/","name":"niger","description":"Just another Africa News Agency Sites site","potentialAction":[{"@type":"SearchAction","target":{"@type":"EntryPoint","urlTemplate":"https:\/\/www.africa-press.net\/niger\/?s={search_term_string}"},"query-input":{"@type":"PropertyValueSpecification","valueRequired":true,"valueName":"search_term_string"}}],"inLanguage":"fr-FR"},{"@type":"Person","@id":"https:\/\/www.africa-press.net\/niger\/#\/schema\/person\/2b1cf3cd81a31e3cd26889ca66d677f1","name":"cfeditorfr"}]}},"_links":{"self":[{"href":"https:\/\/www.africa-press.net\/niger\/wp-json\/wp\/v2\/posts\/11141","targetHints":{"allow":["GET"]}}],"collection":[{"href":"https:\/\/www.africa-press.net\/niger\/wp-json\/wp\/v2\/posts"}],"about":[{"href":"https:\/\/www.africa-press.net\/niger\/wp-json\/wp\/v2\/types\/post"}],"author":[{"embeddable":true,"href":"https:\/\/www.africa-press.net\/niger\/wp-json\/wp\/v2\/users\/82"}],"replies":[{"embeddable":true,"href":"https:\/\/www.africa-press.net\/niger\/wp-json\/wp\/v2\/comments?post=11141"}],"version-history":[{"count":0,"href":"https:\/\/www.africa-press.net\/niger\/wp-json\/wp\/v2\/posts\/11141\/revisions"}],"wp:featuredmedia":[{"embeddable":true,"href":"https:\/\/www.africa-press.net\/niger\/wp-json\/wp\/v2\/media\/11140"}],"wp:attachment":[{"href":"https:\/\/www.africa-press.net\/niger\/wp-json\/wp\/v2\/media?parent=11141"}],"wp:term":[{"taxonomy":"category","embeddable":true,"href":"https:\/\/www.africa-press.net\/niger\/wp-json\/wp\/v2\/categories?post=11141"},{"taxonomy":"post_tag","embeddable":true,"href":"https:\/\/www.africa-press.net\/niger\/wp-json\/wp\/v2\/tags?post=11141"}],"curies":[{"name":"wp","href":"https:\/\/api.w.org\/{rel}","templated":true}]}}