{"id":11162,"date":"2021-09-03T14:56:24","date_gmt":"2021-09-03T14:56:24","guid":{"rendered":"https:\/\/www.africa-press.net\/niger\/?p=11162"},"modified":"2021-09-03T19:46:04","modified_gmt":"2021-09-03T19:46:04","slug":"larmee-nigeriane-a-tue-48-terroristes-de-boko-haram","status":"publish","type":"post","link":"https:\/\/www.africa-press.net\/niger\/politique\/larmee-nigeriane-a-tue-48-terroristes-de-boko-haram","title":{"rendered":"L&rsquo;arm\u00e9e nig\u00e9riane a tu\u00e9 48 terroristes de Boko Haram"},"content":{"rendered":"<p><span style=\"color: #ff6600\"><strong><a href=\"https:\/\/www.africa-press.net\/\">Africa-Press<\/a> &#8211; <a href=\"https:\/\/www.africa-press.net\/niger\">Niger<\/a>. <\/strong><\/span>L&rsquo;arm\u00e9e nig\u00e9riane a annonc\u00e9, jeudi, l&rsquo;\u00e9limination de 48 terroristes pr\u00e9sum\u00e9s et l&rsquo;arrestation de 20 dirigeants de l&rsquo;organisation Boko Haram*, dans l&rsquo;Etat de Borno, dans le nord-est du pays.<\/p>\n<p>Dans une d\u00e9claration \u00e0 la presse, le porte-parole adjoint du minist\u00e8re de la D\u00e9fense, Bernard Onyoko, a indiqu\u00e9 que l&rsquo;arm\u00e9e avait men\u00e9 des op\u00e9rations contre des \u00e9l\u00e9ments de l&rsquo;organisation terroriste dans l&rsquo;Etat de Borno, entre le 14 et le 27 ao\u00fbt dernier.<\/p>\n<p>Il a ajout\u00e9 que 48 terroristes de Boko Haram* avaient \u00e9t\u00e9 \u00e9limin\u00e9s et d&rsquo;autres bless\u00e9s s&rsquo;\u00e9taient \u00e9vad\u00e9s au cours des op\u00e9rations, que 20 dirigeants de l&rsquo;organisation avaient \u00e9t\u00e9 arr\u00eat\u00e9s et 565 autres s&rsquo;\u00e9taient rendus aux forces arm\u00e9es.<\/p>\n<p>Depuis 2009, la violence de Boko Haram* a fait plus de 20.000 morts et d\u00e9plac\u00e9 des millions de personnes au Nigeria. L&rsquo;organisation terroriste a \u00e9galement lanc\u00e9, depuis 2015, des attaques dans les pays voisins comme le Cameroun, le Tchad et le Niger.<\/p>\n<p>&nbsp;<\/p>\n","protected":false},"excerpt":{"rendered":"<p>Africa-Press &#8211; Niger. L&rsquo;arm\u00e9e nig\u00e9riane a annonc\u00e9, jeudi, l&rsquo;\u00e9limination de 48 terroristes pr\u00e9sum\u00e9s et l&rsquo;arrestation de 20 dirigeants de l&rsquo;organisation Boko Haram*, dans l&rsquo;Etat de Borno, dans le nord-est du pays. Dans une d\u00e9claration \u00e0 la presse, le porte-parole adjoint du minist\u00e8re de la D\u00e9fense, Bernard Onyoko, a indiqu\u00e9 que l&rsquo;arm\u00e9e avait men\u00e9 des op\u00e9rations [&hellip;]<\/p>\n","protected":false},"author":82,"featured_media":11161,"comment_status":"open","ping_status":"closed","sticky":false,"template":"","format":"standard","meta":{"footnotes":""},"categories":[11,2,10],"tags":[55,60,29],"class_list":["post-11162","post","type-post","status-publish","format-standard","has-post-thumbnail","hentry","category-homepage-french","category-politique","category-toutes-les-actualites","tag-africa-press","tag-africa-press-niger","tag-niger"],"yoast_head":"<!-- This site is optimized with the Yoast SEO Premium plugin v26.1 (Yoast SEO v27.0) - https:\/\/yoast.com\/product\/yoast-seo-premium-wordpress\/ -->\n<title>L&#039;arm\u00e9e nig\u00e9riane a tu\u00e9 48 terroristes de Boko Haram - niger<\/title>\n<meta name=\"description\" content=\"L&#039;arm\u00e9e nig\u00e9riane a annonc\u00e9, jeudi, l&#039;\u00e9limination de 48 terroristes pr\u00e9sum\u00e9s et l&#039;arrestation de 20 dirigeants de l&#039;orga ...\" \/>\n<meta name=\"robots\" content=\"index, follow, max-snippet:-1, max-image-preview:large, max-video-preview:-1\" \/>\n<link rel=\"canonical\" href=\"https:\/\/www.africa-press.net\/niger\/politique\/larmee-nigeriane-a-tue-48-terroristes-de-boko-haram\" \/>\n<meta property=\"og:locale\" content=\"fr_FR\" \/>\n<meta property=\"og:type\" content=\"article\" \/>\n<meta property=\"og:title\" content=\"L&#039;arm\u00e9e nig\u00e9riane a tu\u00e9 48 terroristes de Boko Haram\" \/>\n<meta property=\"og:description\" content=\"L&#039;arm\u00e9e nig\u00e9riane a annonc\u00e9, jeudi, l&#039;\u00e9limination de 48 terroristes pr\u00e9sum\u00e9s et l&#039;arrestation de 20 dirigeants de l&#039;orga ...\" \/>\n<meta property=\"og:url\" content=\"https:\/\/www.africa-press.net\/niger\/politique\/larmee-nigeriane-a-tue-48-terroristes-de-boko-haram\" \/>\n<meta property=\"og:site_name\" content=\"niger\" \/>\n<meta property=\"article:published_time\" content=\"2021-09-03T14:56:24+00:00\" \/>\n<meta property=\"article:modified_time\" content=\"2021-09-03T19:46:04+00:00\" \/>\n<meta property=\"og:image\" content=\"https:\/\/static.africa-press.net\/niger\/sites\/40\/2021\/09\/img-6132365fd1783.jpg\" \/>\n\t<meta property=\"og:image:width\" content=\"720\" \/>\n\t<meta property=\"og:image:height\" content=\"382\" \/>\n\t<meta property=\"og:image:type\" content=\"image\/jpeg\" \/>\n<meta name=\"author\" content=\"cfeditorfr\" \/>\n<meta name=\"twitter:card\" content=\"summary_large_image\" \/>\n<meta name=\"twitter:label1\" content=\"\u00c9crit par\" \/>\n\t<meta name=\"twitter:data1\" content=\"cfeditorfr\" \/>\n\t<meta name=\"twitter:label2\" content=\"Dur\u00e9e de lecture estim\u00e9e\" \/>\n\t<meta name=\"twitter:data2\" content=\"1 minute\" \/>\n<script type=\"application\/ld+json\" class=\"yoast-schema-graph\">{\"@context\":\"https:\/\/schema.org\",\"@graph\":[{\"@type\":\"Article\",\"@id\":\"https:\/\/www.africa-press.net\/niger\/politique\/larmee-nigeriane-a-tue-48-terroristes-de-boko-haram#article\",\"isPartOf\":{\"@id\":\"https:\/\/www.africa-press.net\/niger\/politique\/larmee-nigeriane-a-tue-48-terroristes-de-boko-haram\"},\"author\":{\"name\":\"cfeditorfr\",\"@id\":\"https:\/\/www.africa-press.net\/niger\/#\/schema\/person\/2b1cf3cd81a31e3cd26889ca66d677f1\"},\"headline\":\"L&rsquo;arm\u00e9e nig\u00e9riane a tu\u00e9 48 terroristes de Boko Haram\",\"datePublished\":\"2021-09-03T14:56:24+00:00\",\"dateModified\":\"2021-09-03T19:46:04+00:00\",\"mainEntityOfPage\":{\"@id\":\"https:\/\/www.africa-press.net\/niger\/politique\/larmee-nigeriane-a-tue-48-terroristes-de-boko-haram\"},\"wordCount\":185,\"commentCount\":0,\"image\":{\"@id\":\"https:\/\/www.africa-press.net\/niger\/politique\/larmee-nigeriane-a-tue-48-terroristes-de-boko-haram#primaryimage\"},\"thumbnailUrl\":\"https:\/\/static.africa-press.net\/niger\/sites\/40\/2021\/09\/img-6132365fd1783.jpg\",\"keywords\":[\"Africa Press\",\"Africa Press-Niger\",\"Niger\"],\"articleSection\":[\"homepage-french\",\"Politique\",\"Toutes les actualit\u00e9s\"],\"inLanguage\":\"fr-FR\",\"potentialAction\":[{\"@type\":\"CommentAction\",\"name\":\"Comment\",\"target\":[\"https:\/\/www.africa-press.net\/niger\/politique\/larmee-nigeriane-a-tue-48-terroristes-de-boko-haram#respond\"]}]},{\"@type\":\"WebPage\",\"@id\":\"https:\/\/www.africa-press.net\/niger\/politique\/larmee-nigeriane-a-tue-48-terroristes-de-boko-haram\",\"url\":\"https:\/\/www.africa-press.net\/niger\/politique\/larmee-nigeriane-a-tue-48-terroristes-de-boko-haram\",\"name\":\"L'arm\u00e9e nig\u00e9riane a tu\u00e9 48 terroristes de Boko Haram - niger\",\"isPartOf\":{\"@id\":\"https:\/\/www.africa-press.net\/niger\/#website\"},\"primaryImageOfPage\":{\"@id\":\"https:\/\/www.africa-press.net\/niger\/politique\/larmee-nigeriane-a-tue-48-terroristes-de-boko-haram#primaryimage\"},\"image\":{\"@id\":\"https:\/\/www.africa-press.net\/niger\/politique\/larmee-nigeriane-a-tue-48-terroristes-de-boko-haram#primaryimage\"},\"thumbnailUrl\":\"https:\/\/static.africa-press.net\/niger\/sites\/40\/2021\/09\/img-6132365fd1783.jpg\",\"datePublished\":\"2021-09-03T14:56:24+00:00\",\"dateModified\":\"2021-09-03T19:46:04+00:00\",\"author\":{\"@id\":\"https:\/\/www.africa-press.net\/niger\/#\/schema\/person\/2b1cf3cd81a31e3cd26889ca66d677f1\"},\"description\":\"L'arm\u00e9e nig\u00e9riane a annonc\u00e9, jeudi, l'\u00e9limination de 48 terroristes pr\u00e9sum\u00e9s et l'arrestation de 20 dirigeants de l'orga ...\",\"breadcrumb\":{\"@id\":\"https:\/\/www.africa-press.net\/niger\/politique\/larmee-nigeriane-a-tue-48-terroristes-de-boko-haram#breadcrumb\"},\"inLanguage\":\"fr-FR\",\"potentialAction\":[{\"@type\":\"ReadAction\",\"target\":[\"https:\/\/www.africa-press.net\/niger\/politique\/larmee-nigeriane-a-tue-48-terroristes-de-boko-haram\"]}]},{\"@type\":\"ImageObject\",\"inLanguage\":\"fr-FR\",\"@id\":\"https:\/\/www.africa-press.net\/niger\/politique\/larmee-nigeriane-a-tue-48-terroristes-de-boko-haram#primaryimage\",\"url\":\"https:\/\/static.africa-press.net\/niger\/sites\/40\/2021\/09\/img-6132365fd1783.jpg\",\"contentUrl\":\"https:\/\/static.africa-press.net\/niger\/sites\/40\/2021\/09\/img-6132365fd1783.jpg\",\"width\":720,\"height\":382,\"caption\":\"L'arm\u00e9e nig\u00e9riane a tu\u00e9 48 terroristes de Boko Haram\"},{\"@type\":\"BreadcrumbList\",\"@id\":\"https:\/\/www.africa-press.net\/niger\/politique\/larmee-nigeriane-a-tue-48-terroristes-de-boko-haram#breadcrumb\",\"itemListElement\":[{\"@type\":\"ListItem\",\"position\":1,\"name\":\"Accueil\",\"item\":\"https:\/\/www.africa-press.net\/niger\/\"},{\"@type\":\"ListItem\",\"position\":2,\"name\":\"L&#8217;arm\u00e9e nig\u00e9riane a tu\u00e9 48 terroristes de Boko Haram\"}]},{\"@type\":\"WebSite\",\"@id\":\"https:\/\/www.africa-press.net\/niger\/#website\",\"url\":\"https:\/\/www.africa-press.net\/niger\/\",\"name\":\"niger\",\"description\":\"Just another Africa News Agency Sites site\",\"potentialAction\":[{\"@type\":\"SearchAction\",\"target\":{\"@type\":\"EntryPoint\",\"urlTemplate\":\"https:\/\/www.africa-press.net\/niger\/?s={search_term_string}\"},\"query-input\":{\"@type\":\"PropertyValueSpecification\",\"valueRequired\":true,\"valueName\":\"search_term_string\"}}],\"inLanguage\":\"fr-FR\"},{\"@type\":\"Person\",\"@id\":\"https:\/\/www.africa-press.net\/niger\/#\/schema\/person\/2b1cf3cd81a31e3cd26889ca66d677f1\",\"name\":\"cfeditorfr\"}]}<\/script>\n<!-- \/ Yoast SEO Premium plugin. -->","yoast_head_json":{"title":"L'arm\u00e9e nig\u00e9riane a tu\u00e9 48 terroristes de Boko Haram - niger","description":"L'arm\u00e9e nig\u00e9riane a annonc\u00e9, jeudi, l'\u00e9limination de 48 terroristes pr\u00e9sum\u00e9s et l'arrestation de 20 dirigeants de l'orga ...","robots":{"index":"index","follow":"follow","max-snippet":"max-snippet:-1","max-image-preview":"max-image-preview:large","max-video-preview":"max-video-preview:-1"},"canonical":"https:\/\/www.africa-press.net\/niger\/politique\/larmee-nigeriane-a-tue-48-terroristes-de-boko-haram","og_locale":"fr_FR","og_type":"article","og_title":"L'arm\u00e9e nig\u00e9riane a tu\u00e9 48 terroristes de Boko Haram","og_description":"L'arm\u00e9e nig\u00e9riane a annonc\u00e9, jeudi, l'\u00e9limination de 48 terroristes pr\u00e9sum\u00e9s et l'arrestation de 20 dirigeants de l'orga ...","og_url":"https:\/\/www.africa-press.net\/niger\/politique\/larmee-nigeriane-a-tue-48-terroristes-de-boko-haram","og_site_name":"niger","article_published_time":"2021-09-03T14:56:24+00:00","article_modified_time":"2021-09-03T19:46:04+00:00","og_image":[{"width":720,"height":382,"url":"https:\/\/static.africa-press.net\/niger\/sites\/40\/2021\/09\/img-6132365fd1783.jpg","type":"image\/jpeg"}],"author":"cfeditorfr","twitter_card":"summary_large_image","twitter_misc":{"\u00c9crit par":"cfeditorfr","Dur\u00e9e de lecture estim\u00e9e":"1 minute"},"schema":{"@context":"https:\/\/schema.org","@graph":[{"@type":"Article","@id":"https:\/\/www.africa-press.net\/niger\/politique\/larmee-nigeriane-a-tue-48-terroristes-de-boko-haram#article","isPartOf":{"@id":"https:\/\/www.africa-press.net\/niger\/politique\/larmee-nigeriane-a-tue-48-terroristes-de-boko-haram"},"author":{"name":"cfeditorfr","@id":"https:\/\/www.africa-press.net\/niger\/#\/schema\/person\/2b1cf3cd81a31e3cd26889ca66d677f1"},"headline":"L&rsquo;arm\u00e9e nig\u00e9riane a tu\u00e9 48 terroristes de Boko Haram","datePublished":"2021-09-03T14:56:24+00:00","dateModified":"2021-09-03T19:46:04+00:00","mainEntityOfPage":{"@id":"https:\/\/www.africa-press.net\/niger\/politique\/larmee-nigeriane-a-tue-48-terroristes-de-boko-haram"},"wordCount":185,"commentCount":0,"image":{"@id":"https:\/\/www.africa-press.net\/niger\/politique\/larmee-nigeriane-a-tue-48-terroristes-de-boko-haram#primaryimage"},"thumbnailUrl":"https:\/\/static.africa-press.net\/niger\/sites\/40\/2021\/09\/img-6132365fd1783.jpg","keywords":["Africa Press","Africa Press-Niger","Niger"],"articleSection":["homepage-french","Politique","Toutes les actualit\u00e9s"],"inLanguage":"fr-FR","potentialAction":[{"@type":"CommentAction","name":"Comment","target":["https:\/\/www.africa-press.net\/niger\/politique\/larmee-nigeriane-a-tue-48-terroristes-de-boko-haram#respond"]}]},{"@type":"WebPage","@id":"https:\/\/www.africa-press.net\/niger\/politique\/larmee-nigeriane-a-tue-48-terroristes-de-boko-haram","url":"https:\/\/www.africa-press.net\/niger\/politique\/larmee-nigeriane-a-tue-48-terroristes-de-boko-haram","name":"L'arm\u00e9e nig\u00e9riane a tu\u00e9 48 terroristes de Boko Haram - niger","isPartOf":{"@id":"https:\/\/www.africa-press.net\/niger\/#website"},"primaryImageOfPage":{"@id":"https:\/\/www.africa-press.net\/niger\/politique\/larmee-nigeriane-a-tue-48-terroristes-de-boko-haram#primaryimage"},"image":{"@id":"https:\/\/www.africa-press.net\/niger\/politique\/larmee-nigeriane-a-tue-48-terroristes-de-boko-haram#primaryimage"},"thumbnailUrl":"https:\/\/static.africa-press.net\/niger\/sites\/40\/2021\/09\/img-6132365fd1783.jpg","datePublished":"2021-09-03T14:56:24+00:00","dateModified":"2021-09-03T19:46:04+00:00","author":{"@id":"https:\/\/www.africa-press.net\/niger\/#\/schema\/person\/2b1cf3cd81a31e3cd26889ca66d677f1"},"description":"L'arm\u00e9e nig\u00e9riane a annonc\u00e9, jeudi, l'\u00e9limination de 48 terroristes pr\u00e9sum\u00e9s et l'arrestation de 20 dirigeants de l'orga ...","breadcrumb":{"@id":"https:\/\/www.africa-press.net\/niger\/politique\/larmee-nigeriane-a-tue-48-terroristes-de-boko-haram#breadcrumb"},"inLanguage":"fr-FR","potentialAction":[{"@type":"ReadAction","target":["https:\/\/www.africa-press.net\/niger\/politique\/larmee-nigeriane-a-tue-48-terroristes-de-boko-haram"]}]},{"@type":"ImageObject","inLanguage":"fr-FR","@id":"https:\/\/www.africa-press.net\/niger\/politique\/larmee-nigeriane-a-tue-48-terroristes-de-boko-haram#primaryimage","url":"https:\/\/static.africa-press.net\/niger\/sites\/40\/2021\/09\/img-6132365fd1783.jpg","contentUrl":"https:\/\/static.africa-press.net\/niger\/sites\/40\/2021\/09\/img-6132365fd1783.jpg","width":720,"height":382,"caption":"L'arm\u00e9e nig\u00e9riane a tu\u00e9 48 terroristes de Boko Haram"},{"@type":"BreadcrumbList","@id":"https:\/\/www.africa-press.net\/niger\/politique\/larmee-nigeriane-a-tue-48-terroristes-de-boko-haram#breadcrumb","itemListElement":[{"@type":"ListItem","position":1,"name":"Accueil","item":"https:\/\/www.africa-press.net\/niger\/"},{"@type":"ListItem","position":2,"name":"L&#8217;arm\u00e9e nig\u00e9riane a tu\u00e9 48 terroristes de Boko Haram"}]},{"@type":"WebSite","@id":"https:\/\/www.africa-press.net\/niger\/#website","url":"https:\/\/www.africa-press.net\/niger\/","name":"niger","description":"Just another Africa News Agency Sites site","potentialAction":[{"@type":"SearchAction","target":{"@type":"EntryPoint","urlTemplate":"https:\/\/www.africa-press.net\/niger\/?s={search_term_string}"},"query-input":{"@type":"PropertyValueSpecification","valueRequired":true,"valueName":"search_term_string"}}],"inLanguage":"fr-FR"},{"@type":"Person","@id":"https:\/\/www.africa-press.net\/niger\/#\/schema\/person\/2b1cf3cd81a31e3cd26889ca66d677f1","name":"cfeditorfr"}]}},"_links":{"self":[{"href":"https:\/\/www.africa-press.net\/niger\/wp-json\/wp\/v2\/posts\/11162","targetHints":{"allow":["GET"]}}],"collection":[{"href":"https:\/\/www.africa-press.net\/niger\/wp-json\/wp\/v2\/posts"}],"about":[{"href":"https:\/\/www.africa-press.net\/niger\/wp-json\/wp\/v2\/types\/post"}],"author":[{"embeddable":true,"href":"https:\/\/www.africa-press.net\/niger\/wp-json\/wp\/v2\/users\/82"}],"replies":[{"embeddable":true,"href":"https:\/\/www.africa-press.net\/niger\/wp-json\/wp\/v2\/comments?post=11162"}],"version-history":[{"count":0,"href":"https:\/\/www.africa-press.net\/niger\/wp-json\/wp\/v2\/posts\/11162\/revisions"}],"wp:featuredmedia":[{"embeddable":true,"href":"https:\/\/www.africa-press.net\/niger\/wp-json\/wp\/v2\/media\/11161"}],"wp:attachment":[{"href":"https:\/\/www.africa-press.net\/niger\/wp-json\/wp\/v2\/media?parent=11162"}],"wp:term":[{"taxonomy":"category","embeddable":true,"href":"https:\/\/www.africa-press.net\/niger\/wp-json\/wp\/v2\/categories?post=11162"},{"taxonomy":"post_tag","embeddable":true,"href":"https:\/\/www.africa-press.net\/niger\/wp-json\/wp\/v2\/tags?post=11162"}],"curies":[{"name":"wp","href":"https:\/\/api.w.org\/{rel}","templated":true}]}}