{"id":11171,"date":"2021-09-03T15:17:32","date_gmt":"2021-09-03T15:17:32","guid":{"rendered":"https:\/\/www.africa-press.net\/niger\/?p=11171"},"modified":"2021-09-03T19:46:30","modified_gmt":"2021-09-03T19:46:30","slug":"insecurite-dans-la-region-de-maradi-reunion-du-conseil-regional-de-securite","status":"publish","type":"post","link":"https:\/\/www.africa-press.net\/niger\/politique\/insecurite-dans-la-region-de-maradi-reunion-du-conseil-regional-de-securite","title":{"rendered":"Ins\u00e9curit\u00e9 dans la r\u00e9gion de Maradi : R\u00e9union du conseil r\u00e9gional de s\u00e9curit\u00e9"},"content":{"rendered":"<p><span style=\"color: #ff6600\"><strong><a href=\"https:\/\/www.africa-press.net\/\">Africa-Press<\/a> &#8211; <a href=\"https:\/\/www.africa-press.net\/niger\">Niger<\/a>. <\/strong><\/span>Le gouverneur de la r\u00e9gion de Maradi, M. Zakari Oumarou a pr\u00e9sid\u00e9, le jeudi 02 septembre 2021, la r\u00e9union du conseil r\u00e9gional de s\u00e9curit\u00e9.<\/p>\n<p>Cette r\u00e9union intervient quelques semaines apr\u00e8s la visite de travail du Pr\u00e9sident de la R\u00e9publique, Mohamed Bazoum qui \u00e9tait dans la r\u00e9gion de Maradi pour s\u2019enqu\u00e9rir de la question s\u00e9curitaire.<\/p>\n<p>A l\u2019issue de cette visite, beaucoup de moyens humains et mat\u00e9riels ont \u00e9t\u00e9 envoy\u00e9s pour renforcer le dispositif s\u00e9curitaire d\u00e9j\u00e0 en place dans la r\u00e9gion.<\/p>\n<p>Il s\u2019est donc agi au cours de cette r\u00e9union d\u2019\u00e9valuer l\u2019impact.<\/p>\n<p>\u2018\u2019Nous avons constat\u00e9 que cette mission du Pr\u00e9sident de la R\u00e9publique et le renforcement des moyens ont produit un r\u00e9sultat positif puisque le vol de b\u00e9tails a pratiquement cess\u00e9 aujourd\u2019hui et m\u00eame quand cela arrive, les animaux ont toujours \u00e9t\u00e9 r\u00e9cup\u00e9r\u00e9s \u00e0 100\/100\u2019\u2019 a affirm\u00e9 le gouverneur lors d\u2019un point de presse.<\/p>\n<p>Au vue de cette situation, poursuit Zakari Oumarou, \u2018\u2019les bandits ont chang\u00e9 de mode op\u00e9ratoire en revenant au kidnapping avec un certain nombre d\u2019attaques dans le mois d\u2019ao\u00fbt\u2019\u2019.<\/p>\n<p>Pour lui, \u2018\u2019ces bandits mettent \u00e0 profit les champs de cultures qui leur permettent de passer inaper\u00e7us et commettre leur forfait\u2019\u2019.<\/p>\n<p>Le nouveau mode op\u00e9ratoire constat\u00e9 est que comme ces bandits ne viennent plus chercher les animaux, alors il n\u2019y a plus de coups de feu et ils investissent les villages \u00e0 pied.<\/p>\n<p>\u2018\u2019Ils ciblent une ou deux personnes du village \u00e0 enlever et vont directement dans la concession pour les prendre et repartir. Ce qui d\u00e9montre qu\u2019il y a des complices dans ces villages, vue le statut de ceux qu\u2019ils enl\u00e8vent. Cette r\u00e9union a consist\u00e9 \u00e0 adapter nos strat\u00e9gies \u00e0 ce nouveau mode op\u00e9ratoire de ces bandits\u2019\u2019 a-t-il pr\u00e9cis\u00e9 le gouverneur Zakari Oumarou.<\/p>\n<p>Selon le gouverneur, ce qu\u2019ils attendent des populations, c\u2019est \u2018\u2019l\u2019arr\u00eat de cette complicit\u00e9, il faut que les villageois d\u00e9noncent les complices\u2019\u2019.<\/p>\n<p>Mieux, il estime qu\u2019il faut, d\u2019une mani\u00e8re ou d\u2019une autre, que les villageois se d\u00e9fendent.<\/p>\n<p>\u2018\u2019Je ne demande pas aux populations de s\u2019armer, mais elles peuvent s\u2019organiser en mettant sur pied des comit\u00e9s de veille qui reposeront sur des jeunes \u00e0 travers des veill\u00e9es dans les villages. A coup s\u00fbr ce type d\u2019organisation sera dissuasif pour ces bandits pilleurs des villages\u2019\u2019 a-t-il estim\u00e9.<\/p>\n<p>La r\u00e9union s\u2019est aussi pench\u00e9e sur la question relative aux d\u00e9cisions prisent par les \u00e9tats nig\u00e9rians frontaliers \u00e0 la r\u00e9gion pour lutter contre ce banditisme. Les \u00e9tats de Katsina, Zanfara, Sokoto et Kaduna ont pris des mesures dont l\u2019interdiction de vente de carburant sur le march\u00e9 noir, la fermeture de tous les march\u00e9s hebdomadaires, fermeture des march\u00e9s journaliers dans les centres urbains, le transport d\u2019animaux d\u2019une localit\u00e9 \u00e0 l\u2019autre, et ce, dans le but du combat contre le banditisme.<\/p>\n<p>\u2018\u2019Ces interdictions pourront avoir des r\u00e9percussions dans notre r\u00e9gion et sur les activit\u00e9s que m\u00e8nent nos populations. Il va falloir que notre population s\u2019adapte \u00e0 cette nouvelle situation\u2019\u2019 a conseill\u00e9 le Zakari Oumarou qui n\u2019exclut pas que \u2018\u2019ces bandits pourront s\u2019approvisionner en carburant chez nous du fait qu\u2019ils sont juste sur nos fronti\u00e8res\u2019\u2019.<\/p>\n<p>C\u2019est pourquoi le Gouverneur de la r\u00e9gion de Maradi a invit\u00e9 les revendeurs de carburant d\u2019arr\u00eater cette activit\u00e9.<\/p>\n<p>\u2019\u2019Si vous voyez nos services qui luttent contre la fraude des hydrocarbures revenir \u00e0 la charge, c\u2019est dans le cadre de la lutte contre le banditisme\u2019\u2019 a-t-il averti.<\/p>\n<p>Il a, enfin, \u00e9voqu\u00e9 la recrudescence des vols dans la ville de Maradi, un ph\u00e9nom\u00e8ne auquel ils entendent trouver des mesures ad\u00e9quates pour que la population retrouve la s\u00e9r\u00e9nit\u00e9.<\/p>\n","protected":false},"excerpt":{"rendered":"<p>Africa-Press &#8211; Niger. Le gouverneur de la r\u00e9gion de Maradi, M. Zakari Oumarou a pr\u00e9sid\u00e9, le jeudi 02 septembre 2021, la r\u00e9union du conseil r\u00e9gional de s\u00e9curit\u00e9. Cette r\u00e9union intervient quelques semaines apr\u00e8s la visite de travail du Pr\u00e9sident de la R\u00e9publique, Mohamed Bazoum qui \u00e9tait dans la r\u00e9gion de Maradi pour s\u2019enqu\u00e9rir de la [&hellip;]<\/p>\n","protected":false},"author":82,"featured_media":11170,"comment_status":"open","ping_status":"closed","sticky":false,"template":"","format":"standard","meta":{"footnotes":""},"categories":[11,2,10],"tags":[55,60,29],"class_list":["post-11171","post","type-post","status-publish","format-standard","has-post-thumbnail","hentry","category-homepage-french","category-politique","category-toutes-les-actualites","tag-africa-press","tag-africa-press-niger","tag-niger"],"yoast_head":"<!-- This site is optimized with the Yoast SEO Premium plugin v26.1 (Yoast SEO v27.0) - https:\/\/yoast.com\/product\/yoast-seo-premium-wordpress\/ -->\n<title>Ins\u00e9curit\u00e9 dans la r\u00e9gion de Maradi : R\u00e9union du conseil r\u00e9gional de s\u00e9curit\u00e9 - niger<\/title>\n<meta name=\"description\" content=\"Le gouverneur de la r\u00e9gion de Maradi, M. Zakari Oumarou a pr\u00e9sid\u00e9, le jeudi 02 septembre 2021, la r\u00e9union du conseil r\u00e9g ...\" \/>\n<meta name=\"robots\" content=\"index, follow, max-snippet:-1, max-image-preview:large, max-video-preview:-1\" \/>\n<link rel=\"canonical\" href=\"https:\/\/www.africa-press.net\/niger\/politique\/insecurite-dans-la-region-de-maradi-reunion-du-conseil-regional-de-securite\" \/>\n<meta property=\"og:locale\" content=\"fr_FR\" \/>\n<meta property=\"og:type\" content=\"article\" \/>\n<meta property=\"og:title\" content=\"Ins\u00e9curit\u00e9 dans la r\u00e9gion de Maradi : R\u00e9union du conseil r\u00e9gional de s\u00e9curit\u00e9\" \/>\n<meta property=\"og:description\" content=\"Le gouverneur de la r\u00e9gion de Maradi, M. Zakari Oumarou a pr\u00e9sid\u00e9, le jeudi 02 septembre 2021, la r\u00e9union du conseil r\u00e9g ...\" \/>\n<meta property=\"og:url\" content=\"https:\/\/www.africa-press.net\/niger\/politique\/insecurite-dans-la-region-de-maradi-reunion-du-conseil-regional-de-securite\" \/>\n<meta property=\"og:site_name\" content=\"niger\" \/>\n<meta property=\"article:published_time\" content=\"2021-09-03T15:17:32+00:00\" \/>\n<meta property=\"article:modified_time\" content=\"2021-09-03T19:46:30+00:00\" \/>\n<meta property=\"og:image\" content=\"https:\/\/static.africa-press.net\/niger\/sites\/40\/2021\/09\/img-61323719c31aa.jpg\" \/>\n\t<meta property=\"og:image:width\" content=\"1080\" \/>\n\t<meta property=\"og:image:height\" content=\"648\" \/>\n\t<meta property=\"og:image:type\" content=\"image\/jpeg\" \/>\n<meta name=\"author\" content=\"cfeditorfr\" \/>\n<meta name=\"twitter:card\" content=\"summary_large_image\" \/>\n<meta name=\"twitter:label1\" content=\"\u00c9crit par\" \/>\n\t<meta name=\"twitter:data1\" content=\"cfeditorfr\" \/>\n\t<meta name=\"twitter:label2\" content=\"Dur\u00e9e de lecture estim\u00e9e\" \/>\n\t<meta name=\"twitter:data2\" content=\"3 minutes\" \/>\n<script type=\"application\/ld+json\" class=\"yoast-schema-graph\">{\"@context\":\"https:\/\/schema.org\",\"@graph\":[{\"@type\":\"Article\",\"@id\":\"https:\/\/www.africa-press.net\/niger\/politique\/insecurite-dans-la-region-de-maradi-reunion-du-conseil-regional-de-securite#article\",\"isPartOf\":{\"@id\":\"https:\/\/www.africa-press.net\/niger\/politique\/insecurite-dans-la-region-de-maradi-reunion-du-conseil-regional-de-securite\"},\"author\":{\"name\":\"cfeditorfr\",\"@id\":\"https:\/\/www.africa-press.net\/niger\/#\/schema\/person\/2b1cf3cd81a31e3cd26889ca66d677f1\"},\"headline\":\"Ins\u00e9curit\u00e9 dans la r\u00e9gion de Maradi : R\u00e9union du conseil r\u00e9gional de s\u00e9curit\u00e9\",\"datePublished\":\"2021-09-03T15:17:32+00:00\",\"dateModified\":\"2021-09-03T19:46:30+00:00\",\"mainEntityOfPage\":{\"@id\":\"https:\/\/www.africa-press.net\/niger\/politique\/insecurite-dans-la-region-de-maradi-reunion-du-conseil-regional-de-securite\"},\"wordCount\":676,\"commentCount\":0,\"image\":{\"@id\":\"https:\/\/www.africa-press.net\/niger\/politique\/insecurite-dans-la-region-de-maradi-reunion-du-conseil-regional-de-securite#primaryimage\"},\"thumbnailUrl\":\"https:\/\/static.africa-press.net\/niger\/sites\/40\/2021\/09\/img-61323719c31aa.jpg\",\"keywords\":[\"Africa Press\",\"Africa Press-Niger\",\"Niger\"],\"articleSection\":[\"homepage-french\",\"Politique\",\"Toutes les actualit\u00e9s\"],\"inLanguage\":\"fr-FR\",\"potentialAction\":[{\"@type\":\"CommentAction\",\"name\":\"Comment\",\"target\":[\"https:\/\/www.africa-press.net\/niger\/politique\/insecurite-dans-la-region-de-maradi-reunion-du-conseil-regional-de-securite#respond\"]}]},{\"@type\":\"WebPage\",\"@id\":\"https:\/\/www.africa-press.net\/niger\/politique\/insecurite-dans-la-region-de-maradi-reunion-du-conseil-regional-de-securite\",\"url\":\"https:\/\/www.africa-press.net\/niger\/politique\/insecurite-dans-la-region-de-maradi-reunion-du-conseil-regional-de-securite\",\"name\":\"Ins\u00e9curit\u00e9 dans la r\u00e9gion de Maradi : R\u00e9union du conseil r\u00e9gional de s\u00e9curit\u00e9 - niger\",\"isPartOf\":{\"@id\":\"https:\/\/www.africa-press.net\/niger\/#website\"},\"primaryImageOfPage\":{\"@id\":\"https:\/\/www.africa-press.net\/niger\/politique\/insecurite-dans-la-region-de-maradi-reunion-du-conseil-regional-de-securite#primaryimage\"},\"image\":{\"@id\":\"https:\/\/www.africa-press.net\/niger\/politique\/insecurite-dans-la-region-de-maradi-reunion-du-conseil-regional-de-securite#primaryimage\"},\"thumbnailUrl\":\"https:\/\/static.africa-press.net\/niger\/sites\/40\/2021\/09\/img-61323719c31aa.jpg\",\"datePublished\":\"2021-09-03T15:17:32+00:00\",\"dateModified\":\"2021-09-03T19:46:30+00:00\",\"author\":{\"@id\":\"https:\/\/www.africa-press.net\/niger\/#\/schema\/person\/2b1cf3cd81a31e3cd26889ca66d677f1\"},\"description\":\"Le gouverneur de la r\u00e9gion de Maradi, M. Zakari Oumarou a pr\u00e9sid\u00e9, le jeudi 02 septembre 2021, la r\u00e9union du conseil r\u00e9g ...\",\"breadcrumb\":{\"@id\":\"https:\/\/www.africa-press.net\/niger\/politique\/insecurite-dans-la-region-de-maradi-reunion-du-conseil-regional-de-securite#breadcrumb\"},\"inLanguage\":\"fr-FR\",\"potentialAction\":[{\"@type\":\"ReadAction\",\"target\":[\"https:\/\/www.africa-press.net\/niger\/politique\/insecurite-dans-la-region-de-maradi-reunion-du-conseil-regional-de-securite\"]}]},{\"@type\":\"ImageObject\",\"inLanguage\":\"fr-FR\",\"@id\":\"https:\/\/www.africa-press.net\/niger\/politique\/insecurite-dans-la-region-de-maradi-reunion-du-conseil-regional-de-securite#primaryimage\",\"url\":\"https:\/\/static.africa-press.net\/niger\/sites\/40\/2021\/09\/img-61323719c31aa.jpg\",\"contentUrl\":\"https:\/\/static.africa-press.net\/niger\/sites\/40\/2021\/09\/img-61323719c31aa.jpg\",\"width\":1080,\"height\":648,\"caption\":\"Ins\u00e9curit\u00e9 dans la r\u00e9gion de Maradi : R\u00e9union du conseil r\u00e9gional de s\u00e9curit\u00e9\"},{\"@type\":\"BreadcrumbList\",\"@id\":\"https:\/\/www.africa-press.net\/niger\/politique\/insecurite-dans-la-region-de-maradi-reunion-du-conseil-regional-de-securite#breadcrumb\",\"itemListElement\":[{\"@type\":\"ListItem\",\"position\":1,\"name\":\"Accueil\",\"item\":\"https:\/\/www.africa-press.net\/niger\/\"},{\"@type\":\"ListItem\",\"position\":2,\"name\":\"Ins\u00e9curit\u00e9 dans la r\u00e9gion de Maradi : R\u00e9union du conseil r\u00e9gional de s\u00e9curit\u00e9\"}]},{\"@type\":\"WebSite\",\"@id\":\"https:\/\/www.africa-press.net\/niger\/#website\",\"url\":\"https:\/\/www.africa-press.net\/niger\/\",\"name\":\"niger\",\"description\":\"Just another Africa News Agency Sites site\",\"potentialAction\":[{\"@type\":\"SearchAction\",\"target\":{\"@type\":\"EntryPoint\",\"urlTemplate\":\"https:\/\/www.africa-press.net\/niger\/?s={search_term_string}\"},\"query-input\":{\"@type\":\"PropertyValueSpecification\",\"valueRequired\":true,\"valueName\":\"search_term_string\"}}],\"inLanguage\":\"fr-FR\"},{\"@type\":\"Person\",\"@id\":\"https:\/\/www.africa-press.net\/niger\/#\/schema\/person\/2b1cf3cd81a31e3cd26889ca66d677f1\",\"name\":\"cfeditorfr\"}]}<\/script>\n<!-- \/ Yoast SEO Premium plugin. -->","yoast_head_json":{"title":"Ins\u00e9curit\u00e9 dans la r\u00e9gion de Maradi : R\u00e9union du conseil r\u00e9gional de s\u00e9curit\u00e9 - niger","description":"Le gouverneur de la r\u00e9gion de Maradi, M. Zakari Oumarou a pr\u00e9sid\u00e9, le jeudi 02 septembre 2021, la r\u00e9union du conseil r\u00e9g ...","robots":{"index":"index","follow":"follow","max-snippet":"max-snippet:-1","max-image-preview":"max-image-preview:large","max-video-preview":"max-video-preview:-1"},"canonical":"https:\/\/www.africa-press.net\/niger\/politique\/insecurite-dans-la-region-de-maradi-reunion-du-conseil-regional-de-securite","og_locale":"fr_FR","og_type":"article","og_title":"Ins\u00e9curit\u00e9 dans la r\u00e9gion de Maradi : R\u00e9union du conseil r\u00e9gional de s\u00e9curit\u00e9","og_description":"Le gouverneur de la r\u00e9gion de Maradi, M. Zakari Oumarou a pr\u00e9sid\u00e9, le jeudi 02 septembre 2021, la r\u00e9union du conseil r\u00e9g ...","og_url":"https:\/\/www.africa-press.net\/niger\/politique\/insecurite-dans-la-region-de-maradi-reunion-du-conseil-regional-de-securite","og_site_name":"niger","article_published_time":"2021-09-03T15:17:32+00:00","article_modified_time":"2021-09-03T19:46:30+00:00","og_image":[{"width":1080,"height":648,"url":"https:\/\/static.africa-press.net\/niger\/sites\/40\/2021\/09\/img-61323719c31aa.jpg","type":"image\/jpeg"}],"author":"cfeditorfr","twitter_card":"summary_large_image","twitter_misc":{"\u00c9crit par":"cfeditorfr","Dur\u00e9e de lecture estim\u00e9e":"3 minutes"},"schema":{"@context":"https:\/\/schema.org","@graph":[{"@type":"Article","@id":"https:\/\/www.africa-press.net\/niger\/politique\/insecurite-dans-la-region-de-maradi-reunion-du-conseil-regional-de-securite#article","isPartOf":{"@id":"https:\/\/www.africa-press.net\/niger\/politique\/insecurite-dans-la-region-de-maradi-reunion-du-conseil-regional-de-securite"},"author":{"name":"cfeditorfr","@id":"https:\/\/www.africa-press.net\/niger\/#\/schema\/person\/2b1cf3cd81a31e3cd26889ca66d677f1"},"headline":"Ins\u00e9curit\u00e9 dans la r\u00e9gion de Maradi : R\u00e9union du conseil r\u00e9gional de s\u00e9curit\u00e9","datePublished":"2021-09-03T15:17:32+00:00","dateModified":"2021-09-03T19:46:30+00:00","mainEntityOfPage":{"@id":"https:\/\/www.africa-press.net\/niger\/politique\/insecurite-dans-la-region-de-maradi-reunion-du-conseil-regional-de-securite"},"wordCount":676,"commentCount":0,"image":{"@id":"https:\/\/www.africa-press.net\/niger\/politique\/insecurite-dans-la-region-de-maradi-reunion-du-conseil-regional-de-securite#primaryimage"},"thumbnailUrl":"https:\/\/static.africa-press.net\/niger\/sites\/40\/2021\/09\/img-61323719c31aa.jpg","keywords":["Africa Press","Africa Press-Niger","Niger"],"articleSection":["homepage-french","Politique","Toutes les actualit\u00e9s"],"inLanguage":"fr-FR","potentialAction":[{"@type":"CommentAction","name":"Comment","target":["https:\/\/www.africa-press.net\/niger\/politique\/insecurite-dans-la-region-de-maradi-reunion-du-conseil-regional-de-securite#respond"]}]},{"@type":"WebPage","@id":"https:\/\/www.africa-press.net\/niger\/politique\/insecurite-dans-la-region-de-maradi-reunion-du-conseil-regional-de-securite","url":"https:\/\/www.africa-press.net\/niger\/politique\/insecurite-dans-la-region-de-maradi-reunion-du-conseil-regional-de-securite","name":"Ins\u00e9curit\u00e9 dans la r\u00e9gion de Maradi : R\u00e9union du conseil r\u00e9gional de s\u00e9curit\u00e9 - niger","isPartOf":{"@id":"https:\/\/www.africa-press.net\/niger\/#website"},"primaryImageOfPage":{"@id":"https:\/\/www.africa-press.net\/niger\/politique\/insecurite-dans-la-region-de-maradi-reunion-du-conseil-regional-de-securite#primaryimage"},"image":{"@id":"https:\/\/www.africa-press.net\/niger\/politique\/insecurite-dans-la-region-de-maradi-reunion-du-conseil-regional-de-securite#primaryimage"},"thumbnailUrl":"https:\/\/static.africa-press.net\/niger\/sites\/40\/2021\/09\/img-61323719c31aa.jpg","datePublished":"2021-09-03T15:17:32+00:00","dateModified":"2021-09-03T19:46:30+00:00","author":{"@id":"https:\/\/www.africa-press.net\/niger\/#\/schema\/person\/2b1cf3cd81a31e3cd26889ca66d677f1"},"description":"Le gouverneur de la r\u00e9gion de Maradi, M. Zakari Oumarou a pr\u00e9sid\u00e9, le jeudi 02 septembre 2021, la r\u00e9union du conseil r\u00e9g ...","breadcrumb":{"@id":"https:\/\/www.africa-press.net\/niger\/politique\/insecurite-dans-la-region-de-maradi-reunion-du-conseil-regional-de-securite#breadcrumb"},"inLanguage":"fr-FR","potentialAction":[{"@type":"ReadAction","target":["https:\/\/www.africa-press.net\/niger\/politique\/insecurite-dans-la-region-de-maradi-reunion-du-conseil-regional-de-securite"]}]},{"@type":"ImageObject","inLanguage":"fr-FR","@id":"https:\/\/www.africa-press.net\/niger\/politique\/insecurite-dans-la-region-de-maradi-reunion-du-conseil-regional-de-securite#primaryimage","url":"https:\/\/static.africa-press.net\/niger\/sites\/40\/2021\/09\/img-61323719c31aa.jpg","contentUrl":"https:\/\/static.africa-press.net\/niger\/sites\/40\/2021\/09\/img-61323719c31aa.jpg","width":1080,"height":648,"caption":"Ins\u00e9curit\u00e9 dans la r\u00e9gion de Maradi : R\u00e9union du conseil r\u00e9gional de s\u00e9curit\u00e9"},{"@type":"BreadcrumbList","@id":"https:\/\/www.africa-press.net\/niger\/politique\/insecurite-dans-la-region-de-maradi-reunion-du-conseil-regional-de-securite#breadcrumb","itemListElement":[{"@type":"ListItem","position":1,"name":"Accueil","item":"https:\/\/www.africa-press.net\/niger\/"},{"@type":"ListItem","position":2,"name":"Ins\u00e9curit\u00e9 dans la r\u00e9gion de Maradi : R\u00e9union du conseil r\u00e9gional de s\u00e9curit\u00e9"}]},{"@type":"WebSite","@id":"https:\/\/www.africa-press.net\/niger\/#website","url":"https:\/\/www.africa-press.net\/niger\/","name":"niger","description":"Just another Africa News Agency Sites site","potentialAction":[{"@type":"SearchAction","target":{"@type":"EntryPoint","urlTemplate":"https:\/\/www.africa-press.net\/niger\/?s={search_term_string}"},"query-input":{"@type":"PropertyValueSpecification","valueRequired":true,"valueName":"search_term_string"}}],"inLanguage":"fr-FR"},{"@type":"Person","@id":"https:\/\/www.africa-press.net\/niger\/#\/schema\/person\/2b1cf3cd81a31e3cd26889ca66d677f1","name":"cfeditorfr"}]}},"_links":{"self":[{"href":"https:\/\/www.africa-press.net\/niger\/wp-json\/wp\/v2\/posts\/11171","targetHints":{"allow":["GET"]}}],"collection":[{"href":"https:\/\/www.africa-press.net\/niger\/wp-json\/wp\/v2\/posts"}],"about":[{"href":"https:\/\/www.africa-press.net\/niger\/wp-json\/wp\/v2\/types\/post"}],"author":[{"embeddable":true,"href":"https:\/\/www.africa-press.net\/niger\/wp-json\/wp\/v2\/users\/82"}],"replies":[{"embeddable":true,"href":"https:\/\/www.africa-press.net\/niger\/wp-json\/wp\/v2\/comments?post=11171"}],"version-history":[{"count":0,"href":"https:\/\/www.africa-press.net\/niger\/wp-json\/wp\/v2\/posts\/11171\/revisions"}],"wp:featuredmedia":[{"embeddable":true,"href":"https:\/\/www.africa-press.net\/niger\/wp-json\/wp\/v2\/media\/11170"}],"wp:attachment":[{"href":"https:\/\/www.africa-press.net\/niger\/wp-json\/wp\/v2\/media?parent=11171"}],"wp:term":[{"taxonomy":"category","embeddable":true,"href":"https:\/\/www.africa-press.net\/niger\/wp-json\/wp\/v2\/categories?post=11171"},{"taxonomy":"post_tag","embeddable":true,"href":"https:\/\/www.africa-press.net\/niger\/wp-json\/wp\/v2\/tags?post=11171"}],"curies":[{"name":"wp","href":"https:\/\/api.w.org\/{rel}","templated":true}]}}