{"id":11222,"date":"2021-09-04T12:44:32","date_gmt":"2021-09-04T12:44:32","guid":{"rendered":"https:\/\/www.africa-press.net\/niger\/?p=11222"},"modified":"2021-09-04T13:37:19","modified_gmt":"2021-09-04T13:37:19","slug":"le-president-de-la-republique-mohamed-bazoum-rencontre-les-laureats-de-la-11eme-edition-du-prix-de-lexcellence-et-du-merite","status":"publish","type":"post","link":"https:\/\/www.africa-press.net\/niger\/culture-et-art\/le-president-de-la-republique-mohamed-bazoum-rencontre-les-laureats-de-la-11eme-edition-du-prix-de-lexcellence-et-du-merite","title":{"rendered":"Le Pr\u00e9sident de la R\u00e9publique Mohamed Bazoum rencontre les laur\u00e9ats de la 11\u00e8me \u00e9dition du prix de l&rsquo;excellence et du m\u00e9rite"},"content":{"rendered":"<p><span style=\"color: #ff6600\"><strong><a href=\"https:\/\/www.africa-press.net\/\">Africa-Press<\/a> &#8211; <a href=\"https:\/\/www.africa-press.net\/niger\">Niger<\/a>.\u00a0 <\/strong><\/span>Le Pr\u00e9sident de la R\u00e9publique Mohamed Bazoum a rencontr\u00e9, dans l&rsquo;apr\u00e8s-midi de ce vendredi 03 septembre 2021, les diff\u00e9rents laur\u00e9ats de la 11\u00e8me \u00e9dition du prix de l&rsquo;excellence et du m\u00e9rite.<\/p>\n<p>C&rsquo;\u00e9tait en pr\u00e9sence de la Premi\u00e8re Dame Hajiya Hadiza Bazoum, Pr\u00e9sidente de la Fondation Noor et des diff\u00e9rents ministres en charge de l&rsquo;\u00e9ducation.<\/p>\n<p>Le th\u00e8me retenu pour cette ann\u00e9e 2021 est \u00a0\u00bb la qualit\u00e9 de l&rsquo;\u00e9ducation et de la formation par le num\u00e9rique\u00a0\u00bb et ce sont les meilleurs \u00e9l\u00e8ves du niveau primaire, secondaire cycle 1 et 2, ainsi que ceux de la formation professionnelle et technique, les enseignants\/encadreurs qui ont \u00e9t\u00e9 r\u00e9compens\u00e9s par la Fondation Noor.<\/p>\n<p>Le Pr\u00e9sident Mohamed Bazoum les a f\u00e9licit\u00e9s et encourag\u00e9s pour leurs r\u00e9sultats, leurs performances au cours de cette ann\u00e9e scolaire avant de les exhorter \u00e0 poursuivre leurs efforts \u00e0 donner encore plus qu&rsquo;ils n&rsquo;ont jusque-l\u00e0 donn\u00e9 pour faire plaisir \u00e0 leurs parents et tous les Nig\u00e9riens.<\/p>\n<p>\u00ab Dans mon programme de politique, j&rsquo;ai mis l&rsquo;\u00e9cole comme notre priorit\u00e9 num\u00e9ro un (1) et cela par ce que notre syst\u00e8me \u00e9ducatif est contre-performant et qu&rsquo;il y a lieu que nous cr\u00e9ions les conditions du sursaut indispensable pour l&rsquo;avenir de notre pays, et deuxi\u00e8mement parce que la concurrence entre les Nations et les Etats se r\u00e9sume dans la concurrence, les performances de leurs syst\u00e8mes \u00e9ducatifs \u00bb, a indiqu\u00e9 le Chef de l&rsquo;Etat du Niger.<\/p>\n<p>Aussi, a-t-il pr\u00e9cis\u00e9, \u00ab c&rsquo;est selon que vous avez un syst\u00e8me \u00e9ducatif qui fonctionne bien, qui est performant par cons\u00e9quent, qui donne des bons r\u00e9sultats ou que vous avez n&rsquo;en avez, que votre \u00e9conomie va \u00eatre prosp\u00e8re et votre soci\u00e9t\u00e9 le sera d&rsquo;autant plus \u00bb.<\/p>\n<p>Bien plus, a-t-il expliqu\u00e9, \u00ab les citoyens ne peuvent voir leurs conditions de vie s&rsquo;am\u00e9liorer tant qu&rsquo;ils n&rsquo;ont pas un syst\u00e8me \u00e9ducatif \u00e0 partir duquel ils sont form\u00e9s aux m\u00e9tiers qu&rsquo;il faut pour donner l\u2019impulsion n\u00e9cessaire au d\u00e9veloppement \u00e9conomique \u00bb.<\/p>\n<p>\u00ab Mes ambitions sont de faire en sorte que beaucoup de jeunes nig\u00e9riens de votre \u00e2ge soient comme vous, afin de jeter les bases des r\u00e9formes du syst\u00e8me \u00e9ducatif pour permettre \u00e0 tous les jeunes nig\u00e9riens de s&rsquo;exprimer de fa\u00e7on aussi fluide que vous le faites \u00bb, a fait savoir le Pr\u00e9sident nig\u00e9rien \u00e0 l&rsquo;endroit des jeunes \u00e9l\u00e8ves.<\/p>\n<p>Il a aussi inform\u00e9 les jeunes laur\u00e9ats que son Gouvernement a d\u00e9cid\u00e9, avec les acteurs concern\u00e9s, de soutenir tous les enfants du Niger m\u00eame ceux qui sont dans les brousses les plus lointaines pour leur offrir la chance de devenir des personnes pleines qui ont acquis tout ce qu&rsquo;il faut pour l&rsquo;\u00eatre.<\/p>\n<p>\u00ab Vous \u00eates des mod\u00e8les pour les enfants, ne flanchez surtout pas, ne d\u00e9c\u00e9l\u00e9rez pas, mettez-vous la m\u00eame pression, ayez la m\u00eame fiert\u00e9 d&rsquo;\u00eatre premiers et d&rsquo;\u00eatre cit\u00e9s comme exemples \u00bb, a insist\u00e9 le Chef de l\u2019Etat aupr\u00e8s des jeunes laur\u00e9ats, avant de rendre hommage \u00e0 la Fondation Noor de la Premi\u00e8re Dame pour avoir pris le relai de la Fondation Guri de l&rsquo;ancienne Premi\u00e8re Hajiya Aissata Issoufou.<\/p>\n<p>Il a enfin f\u00e9licit\u00e9 les enseignants plus que les \u00e9l\u00e8ves, parce que c&rsquo;est gr\u00e2ce \u00e0 eux que les enfants sont devenus des mod\u00e8les. \u00ab Je compte \u00e9galement sur vous pour encore pers\u00e9v\u00e9rer et vous demander d&rsquo;int\u00e9grer les d\u00e9bats que nous aurons dans l&rsquo;ann\u00e9e acad\u00e9mique \u00e0 venir \u00bb.<\/p>\n<p>Au cours de cette 11\u00e8me \u00e9dition, rappelle-t-on, 24 enseignants et 204 \u00e9l\u00e8ves ont \u00e9t\u00e9 r\u00e9compens\u00e9s \u00e0 travers des cadeaux constitu\u00e9s de supports \u00e9ducatifs en guise de reconnaissance des efforts fournis tout au long de l\u2019ann\u00e9e acad\u00e9mique.<\/p>\n<p>A cette c\u00e9r\u00e9monie, note-t-on, les \u00e9l\u00e8ves class\u00e9s premiers dans les 8 r\u00e9gions du pays, aussi bien du niveau CM2 au BAC d\u2019enseignement g\u00e9n\u00e9ral et professionnel en passant par le BEPC, BEP, CAP, les Ecoles normales, etc. ont \u00e9t\u00e9 prim\u00e9s avec divers cadeaux.<\/p>\n<p>&nbsp;<\/p>\n","protected":false},"excerpt":{"rendered":"<p>Africa-Press &#8211; Niger.\u00a0 Le Pr\u00e9sident de la R\u00e9publique Mohamed Bazoum a rencontr\u00e9, dans l&rsquo;apr\u00e8s-midi de ce vendredi 03 septembre 2021, les diff\u00e9rents laur\u00e9ats de la 11\u00e8me \u00e9dition du prix de l&rsquo;excellence et du m\u00e9rite. C&rsquo;\u00e9tait en pr\u00e9sence de la Premi\u00e8re Dame Hajiya Hadiza Bazoum, Pr\u00e9sidente de la Fondation Noor et des diff\u00e9rents ministres en charge [&hellip;]<\/p>\n","protected":false},"author":82,"featured_media":11221,"comment_status":"open","ping_status":"closed","sticky":false,"template":"","format":"standard","meta":{"footnotes":""},"categories":[5,11,10],"tags":[55,60,29],"class_list":["post-11222","post","type-post","status-publish","format-standard","has-post-thumbnail","hentry","category-culture-et-art","category-homepage-french","category-toutes-les-actualites","tag-africa-press","tag-africa-press-niger","tag-niger"],"yoast_head":"<!-- This site is optimized with the Yoast SEO Premium plugin v26.1 (Yoast SEO v27.0) - https:\/\/yoast.com\/product\/yoast-seo-premium-wordpress\/ -->\n<title>Le Pr\u00e9sident de la R\u00e9publique Mohamed Bazoum rencontre les laur\u00e9ats de la 11\u00e8me \u00e9dition du prix de l&#039;excellence et du m\u00e9rite - niger<\/title>\n<meta name=\"description\" content=\", 03 Sept (ANP) - Le Pr\u00e9sident de la R\u00e9publique Mohamed Bazoum a rencontr\u00e9, dans l&#039;apr\u00e8s-midi de ce vendredi 03 septembr ...\" \/>\n<meta name=\"robots\" content=\"index, follow, max-snippet:-1, max-image-preview:large, max-video-preview:-1\" \/>\n<link rel=\"canonical\" href=\"https:\/\/www.africa-press.net\/niger\/culture-et-art\/le-president-de-la-republique-mohamed-bazoum-rencontre-les-laureats-de-la-11eme-edition-du-prix-de-lexcellence-et-du-merite\" \/>\n<meta property=\"og:locale\" content=\"fr_FR\" \/>\n<meta property=\"og:type\" content=\"article\" \/>\n<meta property=\"og:title\" content=\"Le Pr\u00e9sident de la R\u00e9publique Mohamed Bazoum rencontre les laur\u00e9ats de la 11\u00e8me \u00e9dition du prix de l&#039;excellence et du m\u00e9rite\" \/>\n<meta property=\"og:description\" content=\", 03 Sept (ANP) - Le Pr\u00e9sident de la R\u00e9publique Mohamed Bazoum a rencontr\u00e9, dans l&#039;apr\u00e8s-midi de ce vendredi 03 septembr ...\" \/>\n<meta property=\"og:url\" content=\"https:\/\/www.africa-press.net\/niger\/culture-et-art\/le-president-de-la-republique-mohamed-bazoum-rencontre-les-laureats-de-la-11eme-edition-du-prix-de-lexcellence-et-du-merite\" \/>\n<meta property=\"og:site_name\" content=\"niger\" \/>\n<meta property=\"article:published_time\" content=\"2021-09-04T12:44:32+00:00\" \/>\n<meta property=\"article:modified_time\" content=\"2021-09-04T13:37:19+00:00\" \/>\n<meta property=\"og:image\" content=\"https:\/\/static.africa-press.net\/niger\/sites\/40\/2021\/09\/img-613369e6f2a0b.jpg\" \/>\n\t<meta property=\"og:image:width\" content=\"720\" \/>\n\t<meta property=\"og:image:height\" content=\"480\" \/>\n\t<meta property=\"og:image:type\" content=\"image\/jpeg\" \/>\n<meta name=\"author\" content=\"cfeditorfr\" \/>\n<meta name=\"twitter:card\" content=\"summary_large_image\" \/>\n<meta name=\"twitter:label1\" content=\"\u00c9crit par\" \/>\n\t<meta name=\"twitter:data1\" content=\"cfeditorfr\" \/>\n\t<meta name=\"twitter:label2\" content=\"Dur\u00e9e de lecture estim\u00e9e\" \/>\n\t<meta name=\"twitter:data2\" content=\"3 minutes\" \/>\n<script type=\"application\/ld+json\" class=\"yoast-schema-graph\">{\"@context\":\"https:\/\/schema.org\",\"@graph\":[{\"@type\":\"Article\",\"@id\":\"https:\/\/www.africa-press.net\/niger\/culture-et-art\/le-president-de-la-republique-mohamed-bazoum-rencontre-les-laureats-de-la-11eme-edition-du-prix-de-lexcellence-et-du-merite#article\",\"isPartOf\":{\"@id\":\"https:\/\/www.africa-press.net\/niger\/culture-et-art\/le-president-de-la-republique-mohamed-bazoum-rencontre-les-laureats-de-la-11eme-edition-du-prix-de-lexcellence-et-du-merite\"},\"author\":{\"name\":\"cfeditorfr\",\"@id\":\"https:\/\/www.africa-press.net\/niger\/#\/schema\/person\/2b1cf3cd81a31e3cd26889ca66d677f1\"},\"headline\":\"Le Pr\u00e9sident de la R\u00e9publique Mohamed Bazoum rencontre les laur\u00e9ats de la 11\u00e8me \u00e9dition du prix de l&rsquo;excellence et du m\u00e9rite\",\"datePublished\":\"2021-09-04T12:44:32+00:00\",\"dateModified\":\"2021-09-04T13:37:19+00:00\",\"mainEntityOfPage\":{\"@id\":\"https:\/\/www.africa-press.net\/niger\/culture-et-art\/le-president-de-la-republique-mohamed-bazoum-rencontre-les-laureats-de-la-11eme-edition-du-prix-de-lexcellence-et-du-merite\"},\"wordCount\":736,\"commentCount\":0,\"image\":{\"@id\":\"https:\/\/www.africa-press.net\/niger\/culture-et-art\/le-president-de-la-republique-mohamed-bazoum-rencontre-les-laureats-de-la-11eme-edition-du-prix-de-lexcellence-et-du-merite#primaryimage\"},\"thumbnailUrl\":\"https:\/\/static.africa-press.net\/niger\/sites\/40\/2021\/09\/img-613369e6f2a0b.jpg\",\"keywords\":[\"Africa Press\",\"Africa Press-Niger\",\"Niger\"],\"articleSection\":[\"Culture et Art\",\"homepage-french\",\"Toutes les actualit\u00e9s\"],\"inLanguage\":\"fr-FR\",\"potentialAction\":[{\"@type\":\"CommentAction\",\"name\":\"Comment\",\"target\":[\"https:\/\/www.africa-press.net\/niger\/culture-et-art\/le-president-de-la-republique-mohamed-bazoum-rencontre-les-laureats-de-la-11eme-edition-du-prix-de-lexcellence-et-du-merite#respond\"]}]},{\"@type\":\"WebPage\",\"@id\":\"https:\/\/www.africa-press.net\/niger\/culture-et-art\/le-president-de-la-republique-mohamed-bazoum-rencontre-les-laureats-de-la-11eme-edition-du-prix-de-lexcellence-et-du-merite\",\"url\":\"https:\/\/www.africa-press.net\/niger\/culture-et-art\/le-president-de-la-republique-mohamed-bazoum-rencontre-les-laureats-de-la-11eme-edition-du-prix-de-lexcellence-et-du-merite\",\"name\":\"Le Pr\u00e9sident de la R\u00e9publique Mohamed Bazoum rencontre les laur\u00e9ats de la 11\u00e8me \u00e9dition du prix de l'excellence et du m\u00e9rite - niger\",\"isPartOf\":{\"@id\":\"https:\/\/www.africa-press.net\/niger\/#website\"},\"primaryImageOfPage\":{\"@id\":\"https:\/\/www.africa-press.net\/niger\/culture-et-art\/le-president-de-la-republique-mohamed-bazoum-rencontre-les-laureats-de-la-11eme-edition-du-prix-de-lexcellence-et-du-merite#primaryimage\"},\"image\":{\"@id\":\"https:\/\/www.africa-press.net\/niger\/culture-et-art\/le-president-de-la-republique-mohamed-bazoum-rencontre-les-laureats-de-la-11eme-edition-du-prix-de-lexcellence-et-du-merite#primaryimage\"},\"thumbnailUrl\":\"https:\/\/static.africa-press.net\/niger\/sites\/40\/2021\/09\/img-613369e6f2a0b.jpg\",\"datePublished\":\"2021-09-04T12:44:32+00:00\",\"dateModified\":\"2021-09-04T13:37:19+00:00\",\"author\":{\"@id\":\"https:\/\/www.africa-press.net\/niger\/#\/schema\/person\/2b1cf3cd81a31e3cd26889ca66d677f1\"},\"description\":\", 03 Sept (ANP) - Le Pr\u00e9sident de la R\u00e9publique Mohamed Bazoum a rencontr\u00e9, dans l'apr\u00e8s-midi de ce vendredi 03 septembr ...\",\"breadcrumb\":{\"@id\":\"https:\/\/www.africa-press.net\/niger\/culture-et-art\/le-president-de-la-republique-mohamed-bazoum-rencontre-les-laureats-de-la-11eme-edition-du-prix-de-lexcellence-et-du-merite#breadcrumb\"},\"inLanguage\":\"fr-FR\",\"potentialAction\":[{\"@type\":\"ReadAction\",\"target\":[\"https:\/\/www.africa-press.net\/niger\/culture-et-art\/le-president-de-la-republique-mohamed-bazoum-rencontre-les-laureats-de-la-11eme-edition-du-prix-de-lexcellence-et-du-merite\"]}]},{\"@type\":\"ImageObject\",\"inLanguage\":\"fr-FR\",\"@id\":\"https:\/\/www.africa-press.net\/niger\/culture-et-art\/le-president-de-la-republique-mohamed-bazoum-rencontre-les-laureats-de-la-11eme-edition-du-prix-de-lexcellence-et-du-merite#primaryimage\",\"url\":\"https:\/\/static.africa-press.net\/niger\/sites\/40\/2021\/09\/img-613369e6f2a0b.jpg\",\"contentUrl\":\"https:\/\/static.africa-press.net\/niger\/sites\/40\/2021\/09\/img-613369e6f2a0b.jpg\",\"width\":720,\"height\":480,\"caption\":\"Le Pr\u00e9sident de la R\u00e9publique Mohamed Bazoum rencontre les laur\u00e9ats de la 11\u00e8me \u00e9dition du prix de l'excellence et du m\u00e9rite\"},{\"@type\":\"BreadcrumbList\",\"@id\":\"https:\/\/www.africa-press.net\/niger\/culture-et-art\/le-president-de-la-republique-mohamed-bazoum-rencontre-les-laureats-de-la-11eme-edition-du-prix-de-lexcellence-et-du-merite#breadcrumb\",\"itemListElement\":[{\"@type\":\"ListItem\",\"position\":1,\"name\":\"Accueil\",\"item\":\"https:\/\/www.africa-press.net\/niger\/\"},{\"@type\":\"ListItem\",\"position\":2,\"name\":\"Le Pr\u00e9sident de la R\u00e9publique Mohamed Bazoum rencontre les laur\u00e9ats de la 11\u00e8me \u00e9dition du prix de l&#8217;excellence et du m\u00e9rite\"}]},{\"@type\":\"WebSite\",\"@id\":\"https:\/\/www.africa-press.net\/niger\/#website\",\"url\":\"https:\/\/www.africa-press.net\/niger\/\",\"name\":\"niger\",\"description\":\"Just another Africa News Agency Sites site\",\"potentialAction\":[{\"@type\":\"SearchAction\",\"target\":{\"@type\":\"EntryPoint\",\"urlTemplate\":\"https:\/\/www.africa-press.net\/niger\/?s={search_term_string}\"},\"query-input\":{\"@type\":\"PropertyValueSpecification\",\"valueRequired\":true,\"valueName\":\"search_term_string\"}}],\"inLanguage\":\"fr-FR\"},{\"@type\":\"Person\",\"@id\":\"https:\/\/www.africa-press.net\/niger\/#\/schema\/person\/2b1cf3cd81a31e3cd26889ca66d677f1\",\"name\":\"cfeditorfr\"}]}<\/script>\n<!-- \/ Yoast SEO Premium plugin. -->","yoast_head_json":{"title":"Le Pr\u00e9sident de la R\u00e9publique Mohamed Bazoum rencontre les laur\u00e9ats de la 11\u00e8me \u00e9dition du prix de l'excellence et du m\u00e9rite - niger","description":", 03 Sept (ANP) - Le Pr\u00e9sident de la R\u00e9publique Mohamed Bazoum a rencontr\u00e9, dans l'apr\u00e8s-midi de ce vendredi 03 septembr ...","robots":{"index":"index","follow":"follow","max-snippet":"max-snippet:-1","max-image-preview":"max-image-preview:large","max-video-preview":"max-video-preview:-1"},"canonical":"https:\/\/www.africa-press.net\/niger\/culture-et-art\/le-president-de-la-republique-mohamed-bazoum-rencontre-les-laureats-de-la-11eme-edition-du-prix-de-lexcellence-et-du-merite","og_locale":"fr_FR","og_type":"article","og_title":"Le Pr\u00e9sident de la R\u00e9publique Mohamed Bazoum rencontre les laur\u00e9ats de la 11\u00e8me \u00e9dition du prix de l'excellence et du m\u00e9rite","og_description":", 03 Sept (ANP) - Le Pr\u00e9sident de la R\u00e9publique Mohamed Bazoum a rencontr\u00e9, dans l'apr\u00e8s-midi de ce vendredi 03 septembr ...","og_url":"https:\/\/www.africa-press.net\/niger\/culture-et-art\/le-president-de-la-republique-mohamed-bazoum-rencontre-les-laureats-de-la-11eme-edition-du-prix-de-lexcellence-et-du-merite","og_site_name":"niger","article_published_time":"2021-09-04T12:44:32+00:00","article_modified_time":"2021-09-04T13:37:19+00:00","og_image":[{"width":720,"height":480,"url":"https:\/\/static.africa-press.net\/niger\/sites\/40\/2021\/09\/img-613369e6f2a0b.jpg","type":"image\/jpeg"}],"author":"cfeditorfr","twitter_card":"summary_large_image","twitter_misc":{"\u00c9crit par":"cfeditorfr","Dur\u00e9e de lecture estim\u00e9e":"3 minutes"},"schema":{"@context":"https:\/\/schema.org","@graph":[{"@type":"Article","@id":"https:\/\/www.africa-press.net\/niger\/culture-et-art\/le-president-de-la-republique-mohamed-bazoum-rencontre-les-laureats-de-la-11eme-edition-du-prix-de-lexcellence-et-du-merite#article","isPartOf":{"@id":"https:\/\/www.africa-press.net\/niger\/culture-et-art\/le-president-de-la-republique-mohamed-bazoum-rencontre-les-laureats-de-la-11eme-edition-du-prix-de-lexcellence-et-du-merite"},"author":{"name":"cfeditorfr","@id":"https:\/\/www.africa-press.net\/niger\/#\/schema\/person\/2b1cf3cd81a31e3cd26889ca66d677f1"},"headline":"Le Pr\u00e9sident de la R\u00e9publique Mohamed Bazoum rencontre les laur\u00e9ats de la 11\u00e8me \u00e9dition du prix de l&rsquo;excellence et du m\u00e9rite","datePublished":"2021-09-04T12:44:32+00:00","dateModified":"2021-09-04T13:37:19+00:00","mainEntityOfPage":{"@id":"https:\/\/www.africa-press.net\/niger\/culture-et-art\/le-president-de-la-republique-mohamed-bazoum-rencontre-les-laureats-de-la-11eme-edition-du-prix-de-lexcellence-et-du-merite"},"wordCount":736,"commentCount":0,"image":{"@id":"https:\/\/www.africa-press.net\/niger\/culture-et-art\/le-president-de-la-republique-mohamed-bazoum-rencontre-les-laureats-de-la-11eme-edition-du-prix-de-lexcellence-et-du-merite#primaryimage"},"thumbnailUrl":"https:\/\/static.africa-press.net\/niger\/sites\/40\/2021\/09\/img-613369e6f2a0b.jpg","keywords":["Africa Press","Africa Press-Niger","Niger"],"articleSection":["Culture et Art","homepage-french","Toutes les actualit\u00e9s"],"inLanguage":"fr-FR","potentialAction":[{"@type":"CommentAction","name":"Comment","target":["https:\/\/www.africa-press.net\/niger\/culture-et-art\/le-president-de-la-republique-mohamed-bazoum-rencontre-les-laureats-de-la-11eme-edition-du-prix-de-lexcellence-et-du-merite#respond"]}]},{"@type":"WebPage","@id":"https:\/\/www.africa-press.net\/niger\/culture-et-art\/le-president-de-la-republique-mohamed-bazoum-rencontre-les-laureats-de-la-11eme-edition-du-prix-de-lexcellence-et-du-merite","url":"https:\/\/www.africa-press.net\/niger\/culture-et-art\/le-president-de-la-republique-mohamed-bazoum-rencontre-les-laureats-de-la-11eme-edition-du-prix-de-lexcellence-et-du-merite","name":"Le Pr\u00e9sident de la R\u00e9publique Mohamed Bazoum rencontre les laur\u00e9ats de la 11\u00e8me \u00e9dition du prix de l'excellence et du m\u00e9rite - niger","isPartOf":{"@id":"https:\/\/www.africa-press.net\/niger\/#website"},"primaryImageOfPage":{"@id":"https:\/\/www.africa-press.net\/niger\/culture-et-art\/le-president-de-la-republique-mohamed-bazoum-rencontre-les-laureats-de-la-11eme-edition-du-prix-de-lexcellence-et-du-merite#primaryimage"},"image":{"@id":"https:\/\/www.africa-press.net\/niger\/culture-et-art\/le-president-de-la-republique-mohamed-bazoum-rencontre-les-laureats-de-la-11eme-edition-du-prix-de-lexcellence-et-du-merite#primaryimage"},"thumbnailUrl":"https:\/\/static.africa-press.net\/niger\/sites\/40\/2021\/09\/img-613369e6f2a0b.jpg","datePublished":"2021-09-04T12:44:32+00:00","dateModified":"2021-09-04T13:37:19+00:00","author":{"@id":"https:\/\/www.africa-press.net\/niger\/#\/schema\/person\/2b1cf3cd81a31e3cd26889ca66d677f1"},"description":", 03 Sept (ANP) - Le Pr\u00e9sident de la R\u00e9publique Mohamed Bazoum a rencontr\u00e9, dans l'apr\u00e8s-midi de ce vendredi 03 septembr ...","breadcrumb":{"@id":"https:\/\/www.africa-press.net\/niger\/culture-et-art\/le-president-de-la-republique-mohamed-bazoum-rencontre-les-laureats-de-la-11eme-edition-du-prix-de-lexcellence-et-du-merite#breadcrumb"},"inLanguage":"fr-FR","potentialAction":[{"@type":"ReadAction","target":["https:\/\/www.africa-press.net\/niger\/culture-et-art\/le-president-de-la-republique-mohamed-bazoum-rencontre-les-laureats-de-la-11eme-edition-du-prix-de-lexcellence-et-du-merite"]}]},{"@type":"ImageObject","inLanguage":"fr-FR","@id":"https:\/\/www.africa-press.net\/niger\/culture-et-art\/le-president-de-la-republique-mohamed-bazoum-rencontre-les-laureats-de-la-11eme-edition-du-prix-de-lexcellence-et-du-merite#primaryimage","url":"https:\/\/static.africa-press.net\/niger\/sites\/40\/2021\/09\/img-613369e6f2a0b.jpg","contentUrl":"https:\/\/static.africa-press.net\/niger\/sites\/40\/2021\/09\/img-613369e6f2a0b.jpg","width":720,"height":480,"caption":"Le Pr\u00e9sident de la R\u00e9publique Mohamed Bazoum rencontre les laur\u00e9ats de la 11\u00e8me \u00e9dition du prix de l'excellence et du m\u00e9rite"},{"@type":"BreadcrumbList","@id":"https:\/\/www.africa-press.net\/niger\/culture-et-art\/le-president-de-la-republique-mohamed-bazoum-rencontre-les-laureats-de-la-11eme-edition-du-prix-de-lexcellence-et-du-merite#breadcrumb","itemListElement":[{"@type":"ListItem","position":1,"name":"Accueil","item":"https:\/\/www.africa-press.net\/niger\/"},{"@type":"ListItem","position":2,"name":"Le Pr\u00e9sident de la R\u00e9publique Mohamed Bazoum rencontre les laur\u00e9ats de la 11\u00e8me \u00e9dition du prix de l&#8217;excellence et du m\u00e9rite"}]},{"@type":"WebSite","@id":"https:\/\/www.africa-press.net\/niger\/#website","url":"https:\/\/www.africa-press.net\/niger\/","name":"niger","description":"Just another Africa News Agency Sites site","potentialAction":[{"@type":"SearchAction","target":{"@type":"EntryPoint","urlTemplate":"https:\/\/www.africa-press.net\/niger\/?s={search_term_string}"},"query-input":{"@type":"PropertyValueSpecification","valueRequired":true,"valueName":"search_term_string"}}],"inLanguage":"fr-FR"},{"@type":"Person","@id":"https:\/\/www.africa-press.net\/niger\/#\/schema\/person\/2b1cf3cd81a31e3cd26889ca66d677f1","name":"cfeditorfr"}]}},"_links":{"self":[{"href":"https:\/\/www.africa-press.net\/niger\/wp-json\/wp\/v2\/posts\/11222","targetHints":{"allow":["GET"]}}],"collection":[{"href":"https:\/\/www.africa-press.net\/niger\/wp-json\/wp\/v2\/posts"}],"about":[{"href":"https:\/\/www.africa-press.net\/niger\/wp-json\/wp\/v2\/types\/post"}],"author":[{"embeddable":true,"href":"https:\/\/www.africa-press.net\/niger\/wp-json\/wp\/v2\/users\/82"}],"replies":[{"embeddable":true,"href":"https:\/\/www.africa-press.net\/niger\/wp-json\/wp\/v2\/comments?post=11222"}],"version-history":[{"count":0,"href":"https:\/\/www.africa-press.net\/niger\/wp-json\/wp\/v2\/posts\/11222\/revisions"}],"wp:featuredmedia":[{"embeddable":true,"href":"https:\/\/www.africa-press.net\/niger\/wp-json\/wp\/v2\/media\/11221"}],"wp:attachment":[{"href":"https:\/\/www.africa-press.net\/niger\/wp-json\/wp\/v2\/media?parent=11222"}],"wp:term":[{"taxonomy":"category","embeddable":true,"href":"https:\/\/www.africa-press.net\/niger\/wp-json\/wp\/v2\/categories?post=11222"},{"taxonomy":"post_tag","embeddable":true,"href":"https:\/\/www.africa-press.net\/niger\/wp-json\/wp\/v2\/tags?post=11222"}],"curies":[{"name":"wp","href":"https:\/\/api.w.org\/{rel}","templated":true}]}}