{"id":11247,"date":"2021-09-05T13:27:30","date_gmt":"2021-09-05T13:27:30","guid":{"rendered":"https:\/\/www.africa-press.net\/niger\/politique\/ouverture-a-tahoua-dun-atelier-de-vulgarisation-de-la-politique-nationale-de-laction-humanitaire-et-de-la-gestion-des-catastrophes"},"modified":"2021-09-06T17:27:14","modified_gmt":"2021-09-06T17:27:14","slug":"ouverture-a-tahoua-dun-atelier-de-vulgarisation-de-la-politique-nationale-de-laction-humanitaire-et-de-la-gestion-des-catastrophes","status":"publish","type":"post","link":"https:\/\/www.africa-press.net\/niger\/politique\/ouverture-a-tahoua-dun-atelier-de-vulgarisation-de-la-politique-nationale-de-laction-humanitaire-et-de-la-gestion-des-catastrophes","title":{"rendered":"Ouverture \u00e0 Tahoua d&rsquo;un atelier de vulgarisation de la politique nationale de l&rsquo;action humanitaire et de la gestion des catastrophes"},"content":{"rendered":"<p><span style=\"color: #ff6600\"><strong><a href=\"https:\/\/www.africa-press.net\/\">Africa-Press<\/a> &#8211; <a href=\"https:\/\/www.africa-press.net\/niger\">Niger<\/a>. <\/strong><\/span>Le Secr\u00e9taire g\u00e9n\u00e9ral adjoint du gouvernorat de Tahoua, M. Sani Abdoulaye a pr\u00e9sid\u00e9, ce samedi 4 septembre 2021, en pr\u00e9sence du conseiller technique du Ministre de l&rsquo;action humanitaire et de gestion des catastrophes, la c\u00e9r\u00e9monie d&rsquo;ouverture d&rsquo;un atelier de vulgarisation de la politique nationale de l&rsquo;action humanitaire et de la gestion des catastrophes.<\/p>\n<p>Cet atelier, d&rsquo;une journ\u00e9e, est organis\u00e9 par le Minist\u00e8re de l&rsquo;action humanitaire et de la gestion des catastrophes avec l&rsquo;appui du programme alimentaire mondial (PAM).<\/p>\n<p>Cette session de formation regroupe une vingtaine des participants issus des services techniques de l&rsquo;\u00c9tat, des ONG, des projets, et des associations de d\u00e9veloppement.<\/p>\n<p>Elle vise \u00e0 vulgariser la politique nationale en mati\u00e8re de la gestion des crises et des catastrophes en portant \u00e0 la connaissance des diff\u00e9rents partenaires le contenu de cette politique pour une meilleure collaboration en vue d&rsquo;atteindre les objectifs communs.<\/p>\n<p>Dans son allocution \u00e0 cette occasion, le Secr\u00e9taire g\u00e9n\u00e9ral adjoint du gouvernorat de Tahoua a tenu \u00e0 remercier tous les participants pour leur pr\u00e9sence \u00e0 cette c\u00e9r\u00e9monie et a souhait\u00e9 aux membres de la mission la chaleureuse et cordiale bienvenue et un bon s\u00e9jour dans la cit\u00e9 de l\u2019Ader.<\/p>\n<p>Le Secr\u00e9taire g\u00e9n\u00e9ral adjoint a rappel\u00e9 que \u2018\u2019le Niger fait face ces deux derni\u00e8res d\u00e9cennies \u00e0 la manifestation de plus en plus r\u00e9currente des risques et catastrophes de diverses natures, engendrant des pertes consid\u00e9rables et rendant encore plus vuln\u00e9rables les populations\u2019\u2019.<\/p>\n<p>Ces al\u00e9as sont, a-t-il soulign\u00e9, li\u00e9s aux catastrophes de diverses natures notamment aux d\u00e9placements forc\u00e9s des populations cons\u00e9cutives aux incursions des groupes terroristes n\u00e9cessitant des interventions d&rsquo;urgence humanitaire, \u00e0 la croissance d\u00e9mographique acc\u00e9l\u00e9r\u00e9e, au changement climatique.<\/p>\n<p>Les cons\u00e9quences de tout cela, a-t-il poursuivi, sont \u2018\u2019les dommages et pertes importantes sur les moyens de subsistance de la population, les infrastructures et sur l&rsquo;environnement de mani\u00e8re g\u00e9n\u00e9rale\u2019\u2019.<\/p>\n<p>C&rsquo;est pourquoi, a-t-il ajout\u00e9, \u2018\u2019le gouvernement a proc\u00e9d\u00e9 \u00e0 l&rsquo;\u00e9laboration et l&rsquo;adoption d&rsquo;une politique humanitaire et de gestion des catastrophes pour r\u00e9pondre efficacement \u00e0 la r\u00e9currence des crises humanitaires\u2019\u2019.<\/p>\n<p>L&rsquo;objectif g\u00e9n\u00e9ral de cette politique, conform\u00e9ment au Programme de Renaissance Acte Ill du Pr\u00e9sident de la R\u00e9publique Mohamed Bazoum, est de b\u00e2tir une r\u00e9silience plus durable, conciliante un rel\u00e8vement et d\u00e9veloppement notamment en zones de conflit, de mieux assurer l&rsquo;acc\u00e8s au foncier aux groupes sociaux sp\u00e9cifiques et disposer d&rsquo;un syst\u00e8me d&rsquo;alerte pr\u00e9coce et de r\u00e9ponse sp\u00e9cifiques aux syst\u00e8mes pastoraux.<\/p>\n<p>Enfin, le Secr\u00e9taire g\u00e9n\u00e9ral adjoint du gouvernorat de Tahoua a adress\u00e9 ses remerciements aux partenaires du Niger et plus singuli\u00e8rement le PAM.<\/p>\n<p>&nbsp;<\/p>\n","protected":false},"excerpt":{"rendered":"<p>Africa-Press &#8211; Niger. Le Secr\u00e9taire g\u00e9n\u00e9ral adjoint du gouvernorat de Tahoua, M. Sani Abdoulaye a pr\u00e9sid\u00e9, ce samedi 4 septembre 2021, en pr\u00e9sence du conseiller technique du Ministre de l&rsquo;action humanitaire et de gestion des catastrophes, la c\u00e9r\u00e9monie d&rsquo;ouverture d&rsquo;un atelier de vulgarisation de la politique nationale de l&rsquo;action humanitaire et de la gestion des [&hellip;]<\/p>\n","protected":false},"author":82,"featured_media":11246,"comment_status":"open","ping_status":"closed","sticky":false,"template":"","format":"standard","meta":{"footnotes":""},"categories":[11,2,10],"tags":[55,60,29],"class_list":["post-11247","post","type-post","status-publish","format-standard","has-post-thumbnail","hentry","category-homepage-french","category-politique","category-toutes-les-actualites","tag-africa-press","tag-africa-press-niger","tag-niger"],"yoast_head":"<!-- This site is optimized with the Yoast SEO Premium plugin v26.1 (Yoast SEO v27.0) - https:\/\/yoast.com\/product\/yoast-seo-premium-wordpress\/ -->\n<title>Ouverture \u00e0 Tahoua d&#039;un atelier de vulgarisation de la politique nationale de l&#039;action humanitaire et de la gestion des catastrophes - niger<\/title>\n<meta name=\"description\" content=\"Le Secr\u00e9taire g\u00e9n\u00e9ral adjoint du gouvernorat de Tahoua, M. Sani Abdoulaye a pr\u00e9sid\u00e9, ce samedi 4 septembre 2021, en pr\u00e9s ...\" \/>\n<meta name=\"robots\" content=\"index, follow, max-snippet:-1, max-image-preview:large, max-video-preview:-1\" \/>\n<link rel=\"canonical\" href=\"https:\/\/www.africa-press.net\/niger\/politique\/ouverture-a-tahoua-dun-atelier-de-vulgarisation-de-la-politique-nationale-de-laction-humanitaire-et-de-la-gestion-des-catastrophes\" \/>\n<meta property=\"og:locale\" content=\"fr_FR\" \/>\n<meta property=\"og:type\" content=\"article\" \/>\n<meta property=\"og:title\" content=\"Ouverture \u00e0 Tahoua d&#039;un atelier de vulgarisation de la politique nationale de l&#039;action humanitaire et de la gestion des catastrophes\" \/>\n<meta property=\"og:description\" content=\"Le Secr\u00e9taire g\u00e9n\u00e9ral adjoint du gouvernorat de Tahoua, M. Sani Abdoulaye a pr\u00e9sid\u00e9, ce samedi 4 septembre 2021, en pr\u00e9s ...\" \/>\n<meta property=\"og:url\" content=\"https:\/\/www.africa-press.net\/niger\/politique\/ouverture-a-tahoua-dun-atelier-de-vulgarisation-de-la-politique-nationale-de-laction-humanitaire-et-de-la-gestion-des-catastrophes\" \/>\n<meta property=\"og:site_name\" content=\"niger\" \/>\n<meta property=\"article:published_time\" content=\"2021-09-05T13:27:30+00:00\" \/>\n<meta property=\"article:modified_time\" content=\"2021-09-06T17:27:14+00:00\" \/>\n<meta property=\"og:image\" content=\"https:\/\/static.africa-press.net\/niger\/sites\/40\/2021\/09\/img-6134c578d22bd.jpg\" \/>\n\t<meta property=\"og:image:width\" content=\"1080\" \/>\n\t<meta property=\"og:image:height\" content=\"810\" \/>\n\t<meta property=\"og:image:type\" content=\"image\/jpeg\" \/>\n<meta name=\"author\" content=\"cfeditorfr\" \/>\n<meta name=\"twitter:card\" content=\"summary_large_image\" \/>\n<meta name=\"twitter:label1\" content=\"\u00c9crit par\" \/>\n\t<meta name=\"twitter:data1\" content=\"cfeditorfr\" \/>\n\t<meta name=\"twitter:label2\" content=\"Dur\u00e9e de lecture estim\u00e9e\" \/>\n\t<meta name=\"twitter:data2\" content=\"2 minutes\" \/>\n<script type=\"application\/ld+json\" class=\"yoast-schema-graph\">{\"@context\":\"https:\/\/schema.org\",\"@graph\":[{\"@type\":\"Article\",\"@id\":\"https:\/\/www.africa-press.net\/niger\/politique\/ouverture-a-tahoua-dun-atelier-de-vulgarisation-de-la-politique-nationale-de-laction-humanitaire-et-de-la-gestion-des-catastrophes#article\",\"isPartOf\":{\"@id\":\"https:\/\/www.africa-press.net\/niger\/politique\/ouverture-a-tahoua-dun-atelier-de-vulgarisation-de-la-politique-nationale-de-laction-humanitaire-et-de-la-gestion-des-catastrophes\"},\"author\":{\"name\":\"cfeditorfr\",\"@id\":\"https:\/\/www.africa-press.net\/niger\/#\/schema\/person\/2b1cf3cd81a31e3cd26889ca66d677f1\"},\"headline\":\"Ouverture \u00e0 Tahoua d&rsquo;un atelier de vulgarisation de la politique nationale de l&rsquo;action humanitaire et de la gestion des catastrophes\",\"datePublished\":\"2021-09-05T13:27:30+00:00\",\"dateModified\":\"2021-09-06T17:27:14+00:00\",\"mainEntityOfPage\":{\"@id\":\"https:\/\/www.africa-press.net\/niger\/politique\/ouverture-a-tahoua-dun-atelier-de-vulgarisation-de-la-politique-nationale-de-laction-humanitaire-et-de-la-gestion-des-catastrophes\"},\"wordCount\":505,\"commentCount\":0,\"image\":{\"@id\":\"https:\/\/www.africa-press.net\/niger\/politique\/ouverture-a-tahoua-dun-atelier-de-vulgarisation-de-la-politique-nationale-de-laction-humanitaire-et-de-la-gestion-des-catastrophes#primaryimage\"},\"thumbnailUrl\":\"https:\/\/static.africa-press.net\/niger\/sites\/40\/2021\/09\/img-6134c578d22bd.jpg\",\"keywords\":[\"Africa Press\",\"Africa Press-Niger\",\"Niger\"],\"articleSection\":[\"homepage-french\",\"Politique\",\"Toutes les actualit\u00e9s\"],\"inLanguage\":\"fr-FR\",\"potentialAction\":[{\"@type\":\"CommentAction\",\"name\":\"Comment\",\"target\":[\"https:\/\/www.africa-press.net\/niger\/politique\/ouverture-a-tahoua-dun-atelier-de-vulgarisation-de-la-politique-nationale-de-laction-humanitaire-et-de-la-gestion-des-catastrophes#respond\"]}]},{\"@type\":\"WebPage\",\"@id\":\"https:\/\/www.africa-press.net\/niger\/politique\/ouverture-a-tahoua-dun-atelier-de-vulgarisation-de-la-politique-nationale-de-laction-humanitaire-et-de-la-gestion-des-catastrophes\",\"url\":\"https:\/\/www.africa-press.net\/niger\/politique\/ouverture-a-tahoua-dun-atelier-de-vulgarisation-de-la-politique-nationale-de-laction-humanitaire-et-de-la-gestion-des-catastrophes\",\"name\":\"Ouverture \u00e0 Tahoua d'un atelier de vulgarisation de la politique nationale de l'action humanitaire et de la gestion des catastrophes - niger\",\"isPartOf\":{\"@id\":\"https:\/\/www.africa-press.net\/niger\/#website\"},\"primaryImageOfPage\":{\"@id\":\"https:\/\/www.africa-press.net\/niger\/politique\/ouverture-a-tahoua-dun-atelier-de-vulgarisation-de-la-politique-nationale-de-laction-humanitaire-et-de-la-gestion-des-catastrophes#primaryimage\"},\"image\":{\"@id\":\"https:\/\/www.africa-press.net\/niger\/politique\/ouverture-a-tahoua-dun-atelier-de-vulgarisation-de-la-politique-nationale-de-laction-humanitaire-et-de-la-gestion-des-catastrophes#primaryimage\"},\"thumbnailUrl\":\"https:\/\/static.africa-press.net\/niger\/sites\/40\/2021\/09\/img-6134c578d22bd.jpg\",\"datePublished\":\"2021-09-05T13:27:30+00:00\",\"dateModified\":\"2021-09-06T17:27:14+00:00\",\"author\":{\"@id\":\"https:\/\/www.africa-press.net\/niger\/#\/schema\/person\/2b1cf3cd81a31e3cd26889ca66d677f1\"},\"description\":\"Le Secr\u00e9taire g\u00e9n\u00e9ral adjoint du gouvernorat de Tahoua, M. Sani Abdoulaye a pr\u00e9sid\u00e9, ce samedi 4 septembre 2021, en pr\u00e9s ...\",\"breadcrumb\":{\"@id\":\"https:\/\/www.africa-press.net\/niger\/politique\/ouverture-a-tahoua-dun-atelier-de-vulgarisation-de-la-politique-nationale-de-laction-humanitaire-et-de-la-gestion-des-catastrophes#breadcrumb\"},\"inLanguage\":\"fr-FR\",\"potentialAction\":[{\"@type\":\"ReadAction\",\"target\":[\"https:\/\/www.africa-press.net\/niger\/politique\/ouverture-a-tahoua-dun-atelier-de-vulgarisation-de-la-politique-nationale-de-laction-humanitaire-et-de-la-gestion-des-catastrophes\"]}]},{\"@type\":\"ImageObject\",\"inLanguage\":\"fr-FR\",\"@id\":\"https:\/\/www.africa-press.net\/niger\/politique\/ouverture-a-tahoua-dun-atelier-de-vulgarisation-de-la-politique-nationale-de-laction-humanitaire-et-de-la-gestion-des-catastrophes#primaryimage\",\"url\":\"https:\/\/static.africa-press.net\/niger\/sites\/40\/2021\/09\/img-6134c578d22bd.jpg\",\"contentUrl\":\"https:\/\/static.africa-press.net\/niger\/sites\/40\/2021\/09\/img-6134c578d22bd.jpg\",\"width\":1080,\"height\":810,\"caption\":\"Ouverture \u00e0 Tahoua d'un atelier de vulgarisation de la politique nationale de l'action humanitaire et de la gestion des catastrophes\"},{\"@type\":\"BreadcrumbList\",\"@id\":\"https:\/\/www.africa-press.net\/niger\/politique\/ouverture-a-tahoua-dun-atelier-de-vulgarisation-de-la-politique-nationale-de-laction-humanitaire-et-de-la-gestion-des-catastrophes#breadcrumb\",\"itemListElement\":[{\"@type\":\"ListItem\",\"position\":1,\"name\":\"Accueil\",\"item\":\"https:\/\/www.africa-press.net\/niger\/\"},{\"@type\":\"ListItem\",\"position\":2,\"name\":\"Ouverture \u00e0 Tahoua d&#8217;un atelier de vulgarisation de la politique nationale de l&#8217;action humanitaire et de la gestion des catastrophes\"}]},{\"@type\":\"WebSite\",\"@id\":\"https:\/\/www.africa-press.net\/niger\/#website\",\"url\":\"https:\/\/www.africa-press.net\/niger\/\",\"name\":\"niger\",\"description\":\"Just another Africa News Agency Sites site\",\"potentialAction\":[{\"@type\":\"SearchAction\",\"target\":{\"@type\":\"EntryPoint\",\"urlTemplate\":\"https:\/\/www.africa-press.net\/niger\/?s={search_term_string}\"},\"query-input\":{\"@type\":\"PropertyValueSpecification\",\"valueRequired\":true,\"valueName\":\"search_term_string\"}}],\"inLanguage\":\"fr-FR\"},{\"@type\":\"Person\",\"@id\":\"https:\/\/www.africa-press.net\/niger\/#\/schema\/person\/2b1cf3cd81a31e3cd26889ca66d677f1\",\"name\":\"cfeditorfr\"}]}<\/script>\n<!-- \/ Yoast SEO Premium plugin. -->","yoast_head_json":{"title":"Ouverture \u00e0 Tahoua d'un atelier de vulgarisation de la politique nationale de l'action humanitaire et de la gestion des catastrophes - niger","description":"Le Secr\u00e9taire g\u00e9n\u00e9ral adjoint du gouvernorat de Tahoua, M. Sani Abdoulaye a pr\u00e9sid\u00e9, ce samedi 4 septembre 2021, en pr\u00e9s ...","robots":{"index":"index","follow":"follow","max-snippet":"max-snippet:-1","max-image-preview":"max-image-preview:large","max-video-preview":"max-video-preview:-1"},"canonical":"https:\/\/www.africa-press.net\/niger\/politique\/ouverture-a-tahoua-dun-atelier-de-vulgarisation-de-la-politique-nationale-de-laction-humanitaire-et-de-la-gestion-des-catastrophes","og_locale":"fr_FR","og_type":"article","og_title":"Ouverture \u00e0 Tahoua d'un atelier de vulgarisation de la politique nationale de l'action humanitaire et de la gestion des catastrophes","og_description":"Le Secr\u00e9taire g\u00e9n\u00e9ral adjoint du gouvernorat de Tahoua, M. Sani Abdoulaye a pr\u00e9sid\u00e9, ce samedi 4 septembre 2021, en pr\u00e9s ...","og_url":"https:\/\/www.africa-press.net\/niger\/politique\/ouverture-a-tahoua-dun-atelier-de-vulgarisation-de-la-politique-nationale-de-laction-humanitaire-et-de-la-gestion-des-catastrophes","og_site_name":"niger","article_published_time":"2021-09-05T13:27:30+00:00","article_modified_time":"2021-09-06T17:27:14+00:00","og_image":[{"width":1080,"height":810,"url":"https:\/\/static.africa-press.net\/niger\/sites\/40\/2021\/09\/img-6134c578d22bd.jpg","type":"image\/jpeg"}],"author":"cfeditorfr","twitter_card":"summary_large_image","twitter_misc":{"\u00c9crit par":"cfeditorfr","Dur\u00e9e de lecture estim\u00e9e":"2 minutes"},"schema":{"@context":"https:\/\/schema.org","@graph":[{"@type":"Article","@id":"https:\/\/www.africa-press.net\/niger\/politique\/ouverture-a-tahoua-dun-atelier-de-vulgarisation-de-la-politique-nationale-de-laction-humanitaire-et-de-la-gestion-des-catastrophes#article","isPartOf":{"@id":"https:\/\/www.africa-press.net\/niger\/politique\/ouverture-a-tahoua-dun-atelier-de-vulgarisation-de-la-politique-nationale-de-laction-humanitaire-et-de-la-gestion-des-catastrophes"},"author":{"name":"cfeditorfr","@id":"https:\/\/www.africa-press.net\/niger\/#\/schema\/person\/2b1cf3cd81a31e3cd26889ca66d677f1"},"headline":"Ouverture \u00e0 Tahoua d&rsquo;un atelier de vulgarisation de la politique nationale de l&rsquo;action humanitaire et de la gestion des catastrophes","datePublished":"2021-09-05T13:27:30+00:00","dateModified":"2021-09-06T17:27:14+00:00","mainEntityOfPage":{"@id":"https:\/\/www.africa-press.net\/niger\/politique\/ouverture-a-tahoua-dun-atelier-de-vulgarisation-de-la-politique-nationale-de-laction-humanitaire-et-de-la-gestion-des-catastrophes"},"wordCount":505,"commentCount":0,"image":{"@id":"https:\/\/www.africa-press.net\/niger\/politique\/ouverture-a-tahoua-dun-atelier-de-vulgarisation-de-la-politique-nationale-de-laction-humanitaire-et-de-la-gestion-des-catastrophes#primaryimage"},"thumbnailUrl":"https:\/\/static.africa-press.net\/niger\/sites\/40\/2021\/09\/img-6134c578d22bd.jpg","keywords":["Africa Press","Africa Press-Niger","Niger"],"articleSection":["homepage-french","Politique","Toutes les actualit\u00e9s"],"inLanguage":"fr-FR","potentialAction":[{"@type":"CommentAction","name":"Comment","target":["https:\/\/www.africa-press.net\/niger\/politique\/ouverture-a-tahoua-dun-atelier-de-vulgarisation-de-la-politique-nationale-de-laction-humanitaire-et-de-la-gestion-des-catastrophes#respond"]}]},{"@type":"WebPage","@id":"https:\/\/www.africa-press.net\/niger\/politique\/ouverture-a-tahoua-dun-atelier-de-vulgarisation-de-la-politique-nationale-de-laction-humanitaire-et-de-la-gestion-des-catastrophes","url":"https:\/\/www.africa-press.net\/niger\/politique\/ouverture-a-tahoua-dun-atelier-de-vulgarisation-de-la-politique-nationale-de-laction-humanitaire-et-de-la-gestion-des-catastrophes","name":"Ouverture \u00e0 Tahoua d'un atelier de vulgarisation de la politique nationale de l'action humanitaire et de la gestion des catastrophes - niger","isPartOf":{"@id":"https:\/\/www.africa-press.net\/niger\/#website"},"primaryImageOfPage":{"@id":"https:\/\/www.africa-press.net\/niger\/politique\/ouverture-a-tahoua-dun-atelier-de-vulgarisation-de-la-politique-nationale-de-laction-humanitaire-et-de-la-gestion-des-catastrophes#primaryimage"},"image":{"@id":"https:\/\/www.africa-press.net\/niger\/politique\/ouverture-a-tahoua-dun-atelier-de-vulgarisation-de-la-politique-nationale-de-laction-humanitaire-et-de-la-gestion-des-catastrophes#primaryimage"},"thumbnailUrl":"https:\/\/static.africa-press.net\/niger\/sites\/40\/2021\/09\/img-6134c578d22bd.jpg","datePublished":"2021-09-05T13:27:30+00:00","dateModified":"2021-09-06T17:27:14+00:00","author":{"@id":"https:\/\/www.africa-press.net\/niger\/#\/schema\/person\/2b1cf3cd81a31e3cd26889ca66d677f1"},"description":"Le Secr\u00e9taire g\u00e9n\u00e9ral adjoint du gouvernorat de Tahoua, M. Sani Abdoulaye a pr\u00e9sid\u00e9, ce samedi 4 septembre 2021, en pr\u00e9s ...","breadcrumb":{"@id":"https:\/\/www.africa-press.net\/niger\/politique\/ouverture-a-tahoua-dun-atelier-de-vulgarisation-de-la-politique-nationale-de-laction-humanitaire-et-de-la-gestion-des-catastrophes#breadcrumb"},"inLanguage":"fr-FR","potentialAction":[{"@type":"ReadAction","target":["https:\/\/www.africa-press.net\/niger\/politique\/ouverture-a-tahoua-dun-atelier-de-vulgarisation-de-la-politique-nationale-de-laction-humanitaire-et-de-la-gestion-des-catastrophes"]}]},{"@type":"ImageObject","inLanguage":"fr-FR","@id":"https:\/\/www.africa-press.net\/niger\/politique\/ouverture-a-tahoua-dun-atelier-de-vulgarisation-de-la-politique-nationale-de-laction-humanitaire-et-de-la-gestion-des-catastrophes#primaryimage","url":"https:\/\/static.africa-press.net\/niger\/sites\/40\/2021\/09\/img-6134c578d22bd.jpg","contentUrl":"https:\/\/static.africa-press.net\/niger\/sites\/40\/2021\/09\/img-6134c578d22bd.jpg","width":1080,"height":810,"caption":"Ouverture \u00e0 Tahoua d'un atelier de vulgarisation de la politique nationale de l'action humanitaire et de la gestion des catastrophes"},{"@type":"BreadcrumbList","@id":"https:\/\/www.africa-press.net\/niger\/politique\/ouverture-a-tahoua-dun-atelier-de-vulgarisation-de-la-politique-nationale-de-laction-humanitaire-et-de-la-gestion-des-catastrophes#breadcrumb","itemListElement":[{"@type":"ListItem","position":1,"name":"Accueil","item":"https:\/\/www.africa-press.net\/niger\/"},{"@type":"ListItem","position":2,"name":"Ouverture \u00e0 Tahoua d&#8217;un atelier de vulgarisation de la politique nationale de l&#8217;action humanitaire et de la gestion des catastrophes"}]},{"@type":"WebSite","@id":"https:\/\/www.africa-press.net\/niger\/#website","url":"https:\/\/www.africa-press.net\/niger\/","name":"niger","description":"Just another Africa News Agency Sites site","potentialAction":[{"@type":"SearchAction","target":{"@type":"EntryPoint","urlTemplate":"https:\/\/www.africa-press.net\/niger\/?s={search_term_string}"},"query-input":{"@type":"PropertyValueSpecification","valueRequired":true,"valueName":"search_term_string"}}],"inLanguage":"fr-FR"},{"@type":"Person","@id":"https:\/\/www.africa-press.net\/niger\/#\/schema\/person\/2b1cf3cd81a31e3cd26889ca66d677f1","name":"cfeditorfr"}]}},"_links":{"self":[{"href":"https:\/\/www.africa-press.net\/niger\/wp-json\/wp\/v2\/posts\/11247","targetHints":{"allow":["GET"]}}],"collection":[{"href":"https:\/\/www.africa-press.net\/niger\/wp-json\/wp\/v2\/posts"}],"about":[{"href":"https:\/\/www.africa-press.net\/niger\/wp-json\/wp\/v2\/types\/post"}],"author":[{"embeddable":true,"href":"https:\/\/www.africa-press.net\/niger\/wp-json\/wp\/v2\/users\/82"}],"replies":[{"embeddable":true,"href":"https:\/\/www.africa-press.net\/niger\/wp-json\/wp\/v2\/comments?post=11247"}],"version-history":[{"count":0,"href":"https:\/\/www.africa-press.net\/niger\/wp-json\/wp\/v2\/posts\/11247\/revisions"}],"wp:featuredmedia":[{"embeddable":true,"href":"https:\/\/www.africa-press.net\/niger\/wp-json\/wp\/v2\/media\/11246"}],"wp:attachment":[{"href":"https:\/\/www.africa-press.net\/niger\/wp-json\/wp\/v2\/media?parent=11247"}],"wp:term":[{"taxonomy":"category","embeddable":true,"href":"https:\/\/www.africa-press.net\/niger\/wp-json\/wp\/v2\/categories?post=11247"},{"taxonomy":"post_tag","embeddable":true,"href":"https:\/\/www.africa-press.net\/niger\/wp-json\/wp\/v2\/tags?post=11247"}],"curies":[{"name":"wp","href":"https:\/\/api.w.org\/{rel}","templated":true}]}}