{"id":11253,"date":"2021-09-05T15:37:52","date_gmt":"2021-09-05T15:37:52","guid":{"rendered":"https:\/\/www.africa-press.net\/niger\/politique\/ordre-des-avocats-du-niger-me-oumarou-sanda-kadri-nouveau-batonnier"},"modified":"2021-09-06T17:27:40","modified_gmt":"2021-09-06T17:27:40","slug":"ordre-des-avocats-du-niger-me-oumarou-sanda-kadri-nouveau-batonnier","status":"publish","type":"post","link":"https:\/\/www.africa-press.net\/niger\/politique\/ordre-des-avocats-du-niger-me-oumarou-sanda-kadri-nouveau-batonnier","title":{"rendered":"Ordre des avocats du Niger : Me Oumarou Sanda Kadri, nouveau b\u00e2tonnier"},"content":{"rendered":"<p><span style=\"color: #ff6600\"><strong><a href=\"https:\/\/www.africa-press.net\/\">Africa-Press<\/a> &#8211; <a href=\"https:\/\/www.africa-press.net\/niger\">Niger<\/a>. <\/strong><\/span>L\u2019ordre des avocats du Niger a un nouveau b\u00e2tonnier. Il s\u2019agit de Me Oumarou Sanda Kadri qui a \u00e9lu hier samedi par ses pairs, dauphin du b\u00e2tonnier sortant dont le mandat arrive \u00e0 \u00e9ch\u00e9ance \u00e0 la fin de ce mois. L\u2019ancien vice-pr\u00e9sident de la CENI succ\u00e8de ainsi \u00e0 Me Boubacar Oumarou \u00e0 la t\u00eate du Conseil de l\u2019ordre pour les trois prochaines ann\u00e9es.<\/p>\n<p>Me Oumarou Sanda Kadri a \u00e9t\u00e9 \u00e9lu prochain b\u00e2tonnier de l\u2019Ordre des avocats du Niger au terme d\u2019un processus \u00e9lectoral o\u00f9 il a \u00e9t\u00e9 couronn\u00e9 d\u00e8s le premier tour en r\u00e9coltant 86 voix sur les 126 exprim\u00e9es valables.<\/p>\n<p>Il avait face \u00e0 lui trois (3) autres challengers Me Alio Samna (18 voix) Me Mainassara Oumarou (14 voix) et Me Bassirou Seibou (14 voix). Le nouveau b\u00e2tonnier, qui succ\u00e8dera \u00e0 Me Boubacar Oumarou, prendra fonction en octobre prochain pour un mandat de 3 ans non renouvelables.<\/p>\n<p>Avocat \u00e0 la Cour et ancien membre du conseil de l\u2019Ordre, Me Oumarou Kadri est titulaire d\u2019une ma\u00eetrise en doit priv\u00e9 de l\u2019Universit\u00e9 Abdou Moumouni de Niamey.<\/p>\n<p>Il est \u00e9galement titulaire d\u2019un certificat de stage au Centre International en Afrique des Avocats Francophones d\u2019un certificat de fin de stage d\u00e9livr\u00e9 par le Barreau de Niamey ainsi que des certificats de stage d\u00e9livr\u00e9s par l&rsquo;Ecole Nationale d&rsquo;Administration sur le Trait\u00e9 OHADA et ses actes uniformes, par l&rsquo;Ecole Sup\u00e9rieure de la Magistrature de Porto-Novo sur le droit de l&rsquo;arbitrage OHADA et par l&rsquo;OAPI en droit de la Propri\u00e9t\u00e9 Intellectuelle.<\/p>\n<p>Apr\u00e8s avoir collabor\u00e9, de 2000 \u00e0 2004 au Cabinet de Me Kouavi, il a fond\u00e9 son propre cabinet d\u2019avocats Kadri en 2004 et est depuis 2015, associ\u00e9 au cabinet d\u2019avocats international Steering Legal qu\u2019il repr\u00e9sente aussi au Niger.<\/p>\n<p>Me Oumarou Sanda Kadri, chevalier de l\u2019ordre du m\u00e9rite du Niger, a \u00e9t\u00e9 \u00e9galement vice-pr\u00e9sident de la Commission \u00e9lectorale nationale ind\u00e9pendante (CENI) lors des \u00e9lections g\u00e9n\u00e9rales de 2016. Il a \u00e9t\u00e9 par la suite nomm\u00e9 en octobre 2016, pr\u00e9sident de la Haute Autorit\u00e9 de Protection des Donn\u00e9es \u00e0 caract\u00e8re Personnel (HAPDP).<\/p>\n","protected":false},"excerpt":{"rendered":"<p>Africa-Press &#8211; Niger. L\u2019ordre des avocats du Niger a un nouveau b\u00e2tonnier. Il s\u2019agit de Me Oumarou Sanda Kadri qui a \u00e9lu hier samedi par ses pairs, dauphin du b\u00e2tonnier sortant dont le mandat arrive \u00e0 \u00e9ch\u00e9ance \u00e0 la fin de ce mois. L\u2019ancien vice-pr\u00e9sident de la CENI succ\u00e8de ainsi \u00e0 Me Boubacar Oumarou \u00e0 [&hellip;]<\/p>\n","protected":false},"author":82,"featured_media":11252,"comment_status":"open","ping_status":"closed","sticky":false,"template":"","format":"standard","meta":{"footnotes":""},"categories":[11,2,20,10],"tags":[55,60,474,29,473],"class_list":["post-11253","post","type-post","status-publish","format-standard","has-post-thumbnail","hentry","category-homepage-french","category-politique","category-top-nouvelles","category-toutes-les-actualites","tag-africa-press","tag-africa-press-niger","tag-batonnier","tag-niger","tag-oumarou"],"yoast_head":"<!-- This site is optimized with the Yoast SEO Premium plugin v26.1 (Yoast SEO v27.0) - https:\/\/yoast.com\/product\/yoast-seo-premium-wordpress\/ -->\n<title>Ordre des avocats du Niger : Me Oumarou Sanda Kadri, nouveau b\u00e2tonnier - niger<\/title>\n<meta name=\"description\" content=\"L\u2019ordre des avocats du Niger a un nouveau b\u00e2tonnier. Il s\u2019agit de Me Oumarou Sanda Kadri qui a \u00e9lu hier samedi par ses p ...\" \/>\n<meta name=\"robots\" content=\"index, follow, max-snippet:-1, max-image-preview:large, max-video-preview:-1\" \/>\n<link rel=\"canonical\" href=\"https:\/\/www.africa-press.net\/niger\/politique\/ordre-des-avocats-du-niger-me-oumarou-sanda-kadri-nouveau-batonnier\" \/>\n<meta property=\"og:locale\" content=\"fr_FR\" \/>\n<meta property=\"og:type\" content=\"article\" \/>\n<meta property=\"og:title\" content=\"Ordre des avocats du Niger : Me Oumarou Sanda Kadri, nouveau b\u00e2tonnier\" \/>\n<meta property=\"og:description\" content=\"L\u2019ordre des avocats du Niger a un nouveau b\u00e2tonnier. Il s\u2019agit de Me Oumarou Sanda Kadri qui a \u00e9lu hier samedi par ses p ...\" \/>\n<meta property=\"og:url\" content=\"https:\/\/www.africa-press.net\/niger\/politique\/ordre-des-avocats-du-niger-me-oumarou-sanda-kadri-nouveau-batonnier\" \/>\n<meta property=\"og:site_name\" content=\"niger\" \/>\n<meta property=\"article:published_time\" content=\"2021-09-05T15:37:52+00:00\" \/>\n<meta property=\"article:modified_time\" content=\"2021-09-06T17:27:40+00:00\" \/>\n<meta property=\"og:image\" content=\"https:\/\/static.africa-press.net\/niger\/sites\/40\/2021\/09\/img-6134e82a3bb01.jpg\" \/>\n\t<meta property=\"og:image:width\" content=\"800\" \/>\n\t<meta property=\"og:image:height\" content=\"450\" \/>\n\t<meta property=\"og:image:type\" content=\"image\/jpeg\" \/>\n<meta name=\"author\" content=\"cfeditorfr\" \/>\n<meta name=\"twitter:card\" content=\"summary_large_image\" \/>\n<meta name=\"twitter:label1\" content=\"\u00c9crit par\" \/>\n\t<meta name=\"twitter:data1\" content=\"cfeditorfr\" \/>\n\t<meta name=\"twitter:label2\" content=\"Dur\u00e9e de lecture estim\u00e9e\" \/>\n\t<meta name=\"twitter:data2\" content=\"2 minutes\" \/>\n<script type=\"application\/ld+json\" class=\"yoast-schema-graph\">{\"@context\":\"https:\/\/schema.org\",\"@graph\":[{\"@type\":\"Article\",\"@id\":\"https:\/\/www.africa-press.net\/niger\/politique\/ordre-des-avocats-du-niger-me-oumarou-sanda-kadri-nouveau-batonnier#article\",\"isPartOf\":{\"@id\":\"https:\/\/www.africa-press.net\/niger\/politique\/ordre-des-avocats-du-niger-me-oumarou-sanda-kadri-nouveau-batonnier\"},\"author\":{\"name\":\"cfeditorfr\",\"@id\":\"https:\/\/www.africa-press.net\/niger\/#\/schema\/person\/2b1cf3cd81a31e3cd26889ca66d677f1\"},\"headline\":\"Ordre des avocats du Niger : Me Oumarou Sanda Kadri, nouveau b\u00e2tonnier\",\"datePublished\":\"2021-09-05T15:37:52+00:00\",\"dateModified\":\"2021-09-06T17:27:40+00:00\",\"mainEntityOfPage\":{\"@id\":\"https:\/\/www.africa-press.net\/niger\/politique\/ordre-des-avocats-du-niger-me-oumarou-sanda-kadri-nouveau-batonnier\"},\"wordCount\":376,\"commentCount\":0,\"image\":{\"@id\":\"https:\/\/www.africa-press.net\/niger\/politique\/ordre-des-avocats-du-niger-me-oumarou-sanda-kadri-nouveau-batonnier#primaryimage\"},\"thumbnailUrl\":\"https:\/\/static.africa-press.net\/niger\/sites\/40\/2021\/09\/img-6134e82a3bb01.jpg\",\"keywords\":[\"Africa Press\",\"Africa Press-Niger\",\"b\u00e2tonnier\",\"Niger\",\"Oumarou\"],\"articleSection\":[\"homepage-french\",\"Politique\",\"Top Nouvelles\",\"Toutes les actualit\u00e9s\"],\"inLanguage\":\"fr-FR\",\"potentialAction\":[{\"@type\":\"CommentAction\",\"name\":\"Comment\",\"target\":[\"https:\/\/www.africa-press.net\/niger\/politique\/ordre-des-avocats-du-niger-me-oumarou-sanda-kadri-nouveau-batonnier#respond\"]}]},{\"@type\":\"WebPage\",\"@id\":\"https:\/\/www.africa-press.net\/niger\/politique\/ordre-des-avocats-du-niger-me-oumarou-sanda-kadri-nouveau-batonnier\",\"url\":\"https:\/\/www.africa-press.net\/niger\/politique\/ordre-des-avocats-du-niger-me-oumarou-sanda-kadri-nouveau-batonnier\",\"name\":\"Ordre des avocats du Niger : Me Oumarou Sanda Kadri, nouveau b\u00e2tonnier - niger\",\"isPartOf\":{\"@id\":\"https:\/\/www.africa-press.net\/niger\/#website\"},\"primaryImageOfPage\":{\"@id\":\"https:\/\/www.africa-press.net\/niger\/politique\/ordre-des-avocats-du-niger-me-oumarou-sanda-kadri-nouveau-batonnier#primaryimage\"},\"image\":{\"@id\":\"https:\/\/www.africa-press.net\/niger\/politique\/ordre-des-avocats-du-niger-me-oumarou-sanda-kadri-nouveau-batonnier#primaryimage\"},\"thumbnailUrl\":\"https:\/\/static.africa-press.net\/niger\/sites\/40\/2021\/09\/img-6134e82a3bb01.jpg\",\"datePublished\":\"2021-09-05T15:37:52+00:00\",\"dateModified\":\"2021-09-06T17:27:40+00:00\",\"author\":{\"@id\":\"https:\/\/www.africa-press.net\/niger\/#\/schema\/person\/2b1cf3cd81a31e3cd26889ca66d677f1\"},\"description\":\"L\u2019ordre des avocats du Niger a un nouveau b\u00e2tonnier. Il s\u2019agit de Me Oumarou Sanda Kadri qui a \u00e9lu hier samedi par ses p ...\",\"breadcrumb\":{\"@id\":\"https:\/\/www.africa-press.net\/niger\/politique\/ordre-des-avocats-du-niger-me-oumarou-sanda-kadri-nouveau-batonnier#breadcrumb\"},\"inLanguage\":\"fr-FR\",\"potentialAction\":[{\"@type\":\"ReadAction\",\"target\":[\"https:\/\/www.africa-press.net\/niger\/politique\/ordre-des-avocats-du-niger-me-oumarou-sanda-kadri-nouveau-batonnier\"]}]},{\"@type\":\"ImageObject\",\"inLanguage\":\"fr-FR\",\"@id\":\"https:\/\/www.africa-press.net\/niger\/politique\/ordre-des-avocats-du-niger-me-oumarou-sanda-kadri-nouveau-batonnier#primaryimage\",\"url\":\"https:\/\/static.africa-press.net\/niger\/sites\/40\/2021\/09\/img-6134e82a3bb01.jpg\",\"contentUrl\":\"https:\/\/static.africa-press.net\/niger\/sites\/40\/2021\/09\/img-6134e82a3bb01.jpg\",\"width\":800,\"height\":450,\"caption\":\"Ordre des avocats du Niger : Me Oumarou Sanda Kadri, nouveau b\u00e2tonnier\"},{\"@type\":\"BreadcrumbList\",\"@id\":\"https:\/\/www.africa-press.net\/niger\/politique\/ordre-des-avocats-du-niger-me-oumarou-sanda-kadri-nouveau-batonnier#breadcrumb\",\"itemListElement\":[{\"@type\":\"ListItem\",\"position\":1,\"name\":\"Accueil\",\"item\":\"https:\/\/www.africa-press.net\/niger\/\"},{\"@type\":\"ListItem\",\"position\":2,\"name\":\"Ordre des avocats du Niger : Me Oumarou Sanda Kadri, nouveau b\u00e2tonnier\"}]},{\"@type\":\"WebSite\",\"@id\":\"https:\/\/www.africa-press.net\/niger\/#website\",\"url\":\"https:\/\/www.africa-press.net\/niger\/\",\"name\":\"niger\",\"description\":\"Just another Africa News Agency Sites site\",\"potentialAction\":[{\"@type\":\"SearchAction\",\"target\":{\"@type\":\"EntryPoint\",\"urlTemplate\":\"https:\/\/www.africa-press.net\/niger\/?s={search_term_string}\"},\"query-input\":{\"@type\":\"PropertyValueSpecification\",\"valueRequired\":true,\"valueName\":\"search_term_string\"}}],\"inLanguage\":\"fr-FR\"},{\"@type\":\"Person\",\"@id\":\"https:\/\/www.africa-press.net\/niger\/#\/schema\/person\/2b1cf3cd81a31e3cd26889ca66d677f1\",\"name\":\"cfeditorfr\"}]}<\/script>\n<!-- \/ Yoast SEO Premium plugin. -->","yoast_head_json":{"title":"Ordre des avocats du Niger : Me Oumarou Sanda Kadri, nouveau b\u00e2tonnier - niger","description":"L\u2019ordre des avocats du Niger a un nouveau b\u00e2tonnier. Il s\u2019agit de Me Oumarou Sanda Kadri qui a \u00e9lu hier samedi par ses p ...","robots":{"index":"index","follow":"follow","max-snippet":"max-snippet:-1","max-image-preview":"max-image-preview:large","max-video-preview":"max-video-preview:-1"},"canonical":"https:\/\/www.africa-press.net\/niger\/politique\/ordre-des-avocats-du-niger-me-oumarou-sanda-kadri-nouveau-batonnier","og_locale":"fr_FR","og_type":"article","og_title":"Ordre des avocats du Niger : Me Oumarou Sanda Kadri, nouveau b\u00e2tonnier","og_description":"L\u2019ordre des avocats du Niger a un nouveau b\u00e2tonnier. Il s\u2019agit de Me Oumarou Sanda Kadri qui a \u00e9lu hier samedi par ses p ...","og_url":"https:\/\/www.africa-press.net\/niger\/politique\/ordre-des-avocats-du-niger-me-oumarou-sanda-kadri-nouveau-batonnier","og_site_name":"niger","article_published_time":"2021-09-05T15:37:52+00:00","article_modified_time":"2021-09-06T17:27:40+00:00","og_image":[{"width":800,"height":450,"url":"https:\/\/static.africa-press.net\/niger\/sites\/40\/2021\/09\/img-6134e82a3bb01.jpg","type":"image\/jpeg"}],"author":"cfeditorfr","twitter_card":"summary_large_image","twitter_misc":{"\u00c9crit par":"cfeditorfr","Dur\u00e9e de lecture estim\u00e9e":"2 minutes"},"schema":{"@context":"https:\/\/schema.org","@graph":[{"@type":"Article","@id":"https:\/\/www.africa-press.net\/niger\/politique\/ordre-des-avocats-du-niger-me-oumarou-sanda-kadri-nouveau-batonnier#article","isPartOf":{"@id":"https:\/\/www.africa-press.net\/niger\/politique\/ordre-des-avocats-du-niger-me-oumarou-sanda-kadri-nouveau-batonnier"},"author":{"name":"cfeditorfr","@id":"https:\/\/www.africa-press.net\/niger\/#\/schema\/person\/2b1cf3cd81a31e3cd26889ca66d677f1"},"headline":"Ordre des avocats du Niger : Me Oumarou Sanda Kadri, nouveau b\u00e2tonnier","datePublished":"2021-09-05T15:37:52+00:00","dateModified":"2021-09-06T17:27:40+00:00","mainEntityOfPage":{"@id":"https:\/\/www.africa-press.net\/niger\/politique\/ordre-des-avocats-du-niger-me-oumarou-sanda-kadri-nouveau-batonnier"},"wordCount":376,"commentCount":0,"image":{"@id":"https:\/\/www.africa-press.net\/niger\/politique\/ordre-des-avocats-du-niger-me-oumarou-sanda-kadri-nouveau-batonnier#primaryimage"},"thumbnailUrl":"https:\/\/static.africa-press.net\/niger\/sites\/40\/2021\/09\/img-6134e82a3bb01.jpg","keywords":["Africa Press","Africa Press-Niger","b\u00e2tonnier","Niger","Oumarou"],"articleSection":["homepage-french","Politique","Top Nouvelles","Toutes les actualit\u00e9s"],"inLanguage":"fr-FR","potentialAction":[{"@type":"CommentAction","name":"Comment","target":["https:\/\/www.africa-press.net\/niger\/politique\/ordre-des-avocats-du-niger-me-oumarou-sanda-kadri-nouveau-batonnier#respond"]}]},{"@type":"WebPage","@id":"https:\/\/www.africa-press.net\/niger\/politique\/ordre-des-avocats-du-niger-me-oumarou-sanda-kadri-nouveau-batonnier","url":"https:\/\/www.africa-press.net\/niger\/politique\/ordre-des-avocats-du-niger-me-oumarou-sanda-kadri-nouveau-batonnier","name":"Ordre des avocats du Niger : Me Oumarou Sanda Kadri, nouveau b\u00e2tonnier - niger","isPartOf":{"@id":"https:\/\/www.africa-press.net\/niger\/#website"},"primaryImageOfPage":{"@id":"https:\/\/www.africa-press.net\/niger\/politique\/ordre-des-avocats-du-niger-me-oumarou-sanda-kadri-nouveau-batonnier#primaryimage"},"image":{"@id":"https:\/\/www.africa-press.net\/niger\/politique\/ordre-des-avocats-du-niger-me-oumarou-sanda-kadri-nouveau-batonnier#primaryimage"},"thumbnailUrl":"https:\/\/static.africa-press.net\/niger\/sites\/40\/2021\/09\/img-6134e82a3bb01.jpg","datePublished":"2021-09-05T15:37:52+00:00","dateModified":"2021-09-06T17:27:40+00:00","author":{"@id":"https:\/\/www.africa-press.net\/niger\/#\/schema\/person\/2b1cf3cd81a31e3cd26889ca66d677f1"},"description":"L\u2019ordre des avocats du Niger a un nouveau b\u00e2tonnier. Il s\u2019agit de Me Oumarou Sanda Kadri qui a \u00e9lu hier samedi par ses p ...","breadcrumb":{"@id":"https:\/\/www.africa-press.net\/niger\/politique\/ordre-des-avocats-du-niger-me-oumarou-sanda-kadri-nouveau-batonnier#breadcrumb"},"inLanguage":"fr-FR","potentialAction":[{"@type":"ReadAction","target":["https:\/\/www.africa-press.net\/niger\/politique\/ordre-des-avocats-du-niger-me-oumarou-sanda-kadri-nouveau-batonnier"]}]},{"@type":"ImageObject","inLanguage":"fr-FR","@id":"https:\/\/www.africa-press.net\/niger\/politique\/ordre-des-avocats-du-niger-me-oumarou-sanda-kadri-nouveau-batonnier#primaryimage","url":"https:\/\/static.africa-press.net\/niger\/sites\/40\/2021\/09\/img-6134e82a3bb01.jpg","contentUrl":"https:\/\/static.africa-press.net\/niger\/sites\/40\/2021\/09\/img-6134e82a3bb01.jpg","width":800,"height":450,"caption":"Ordre des avocats du Niger : Me Oumarou Sanda Kadri, nouveau b\u00e2tonnier"},{"@type":"BreadcrumbList","@id":"https:\/\/www.africa-press.net\/niger\/politique\/ordre-des-avocats-du-niger-me-oumarou-sanda-kadri-nouveau-batonnier#breadcrumb","itemListElement":[{"@type":"ListItem","position":1,"name":"Accueil","item":"https:\/\/www.africa-press.net\/niger\/"},{"@type":"ListItem","position":2,"name":"Ordre des avocats du Niger : Me Oumarou Sanda Kadri, nouveau b\u00e2tonnier"}]},{"@type":"WebSite","@id":"https:\/\/www.africa-press.net\/niger\/#website","url":"https:\/\/www.africa-press.net\/niger\/","name":"niger","description":"Just another Africa News Agency Sites site","potentialAction":[{"@type":"SearchAction","target":{"@type":"EntryPoint","urlTemplate":"https:\/\/www.africa-press.net\/niger\/?s={search_term_string}"},"query-input":{"@type":"PropertyValueSpecification","valueRequired":true,"valueName":"search_term_string"}}],"inLanguage":"fr-FR"},{"@type":"Person","@id":"https:\/\/www.africa-press.net\/niger\/#\/schema\/person\/2b1cf3cd81a31e3cd26889ca66d677f1","name":"cfeditorfr"}]}},"_links":{"self":[{"href":"https:\/\/www.africa-press.net\/niger\/wp-json\/wp\/v2\/posts\/11253","targetHints":{"allow":["GET"]}}],"collection":[{"href":"https:\/\/www.africa-press.net\/niger\/wp-json\/wp\/v2\/posts"}],"about":[{"href":"https:\/\/www.africa-press.net\/niger\/wp-json\/wp\/v2\/types\/post"}],"author":[{"embeddable":true,"href":"https:\/\/www.africa-press.net\/niger\/wp-json\/wp\/v2\/users\/82"}],"replies":[{"embeddable":true,"href":"https:\/\/www.africa-press.net\/niger\/wp-json\/wp\/v2\/comments?post=11253"}],"version-history":[{"count":0,"href":"https:\/\/www.africa-press.net\/niger\/wp-json\/wp\/v2\/posts\/11253\/revisions"}],"wp:featuredmedia":[{"embeddable":true,"href":"https:\/\/www.africa-press.net\/niger\/wp-json\/wp\/v2\/media\/11252"}],"wp:attachment":[{"href":"https:\/\/www.africa-press.net\/niger\/wp-json\/wp\/v2\/media?parent=11253"}],"wp:term":[{"taxonomy":"category","embeddable":true,"href":"https:\/\/www.africa-press.net\/niger\/wp-json\/wp\/v2\/categories?post=11253"},{"taxonomy":"post_tag","embeddable":true,"href":"https:\/\/www.africa-press.net\/niger\/wp-json\/wp\/v2\/tags?post=11253"}],"curies":[{"name":"wp","href":"https:\/\/api.w.org\/{rel}","templated":true}]}}