{"id":11265,"date":"2021-09-06T11:23:59","date_gmt":"2021-09-06T11:23:59","guid":{"rendered":"https:\/\/www.africa-press.net\/niger\/?p=11265"},"modified":"2021-09-06T17:28:24","modified_gmt":"2021-09-06T17:28:24","slug":"arrivee-a-niamey-du-vice-president-du-conseil-presidentiel-de-letat-de-libye-pour-une-visite-de-travail","status":"publish","type":"post","link":"https:\/\/www.africa-press.net\/niger\/politique\/arrivee-a-niamey-du-vice-president-du-conseil-presidentiel-de-letat-de-libye-pour-une-visite-de-travail","title":{"rendered":"Arriv\u00e9e \u00e0 Niamey du Vice-pr\u00e9sident du Conseil pr\u00e9sidentiel de l\u2019Etat de Libye pour une visite de travail"},"content":{"rendered":"<p><span style=\"color: #ff6600\"><strong><a href=\"https:\/\/www.africa-press.net\/\">Africa-Press<\/a> &#8211; <a href=\"https:\/\/www.africa-press.net\/niger\">Niger<\/a>. <\/strong><\/span>\u00a0Le Vice-pr\u00e9sident du Conseil pr\u00e9sidentiel de l\u2019Etat de Libye, M.Moussa Al Konni, est arriv\u00e9 ce lundi 06 septembre 2021 \u00e0 Niamey au Niger, o\u00f9 il effectuera une visite de travail de 48h.<\/p>\n<p>Il a \u00e9t\u00e9 accueilli \u00e0 sa descente d\u2019avion \u00e0 l\u2019A\u00e9roport International Diori Hamani par le Premier Ministre Ouhoumoudou Mahamadou, accompagn\u00e9 du ministre d\u00e9l\u00e9gu\u00e9 aux affaires \u00e9trang\u00e8res.<\/p>\n<p>Au cours de son s\u00e9jour, M. Moussa Al Konni aura des entretiens avec les autorit\u00e9s Nig\u00e9riennes dont une rencontre avec le Pr\u00e9sident Mohamed Bazoum.<\/p>\n<p>&nbsp;<\/p>\n","protected":false},"excerpt":{"rendered":"<p>Africa-Press &#8211; Niger. \u00a0Le Vice-pr\u00e9sident du Conseil pr\u00e9sidentiel de l\u2019Etat de Libye, M.Moussa Al Konni, est arriv\u00e9 ce lundi 06 septembre 2021 \u00e0 Niamey au Niger, o\u00f9 il effectuera une visite de travail de 48h. Il a \u00e9t\u00e9 accueilli \u00e0 sa descente d\u2019avion \u00e0 l\u2019A\u00e9roport International Diori Hamani par le Premier Ministre Ouhoumoudou Mahamadou, accompagn\u00e9 [&hellip;]<\/p>\n","protected":false},"author":82,"featured_media":11264,"comment_status":"open","ping_status":"closed","sticky":false,"template":"","format":"standard","meta":{"footnotes":""},"categories":[11,2,20,10],"tags":[55,60,29],"class_list":["post-11265","post","type-post","status-publish","format-standard","has-post-thumbnail","hentry","category-homepage-french","category-politique","category-top-nouvelles","category-toutes-les-actualites","tag-africa-press","tag-africa-press-niger","tag-niger"],"yoast_head":"<!-- This site is optimized with the Yoast SEO Premium plugin v26.1 (Yoast SEO v27.0) - https:\/\/yoast.com\/product\/yoast-seo-premium-wordpress\/ -->\n<title>Arriv\u00e9e \u00e0 Niamey du Vice-pr\u00e9sident du Conseil pr\u00e9sidentiel de l\u2019Etat de Libye pour une visite de travail - niger<\/title>\n<meta name=\"description\" content=\", 06 Septembre (ANP) \u2013 Le Vice-pr\u00e9sident du Conseil pr\u00e9sidentiel de l\u2019Etat de Libye, M.Moussa Al Konni, est arriv\u00e9 ce lu ...\" \/>\n<meta name=\"robots\" content=\"index, follow, max-snippet:-1, max-image-preview:large, max-video-preview:-1\" \/>\n<link rel=\"canonical\" href=\"https:\/\/www.africa-press.net\/niger\/politique\/arrivee-a-niamey-du-vice-president-du-conseil-presidentiel-de-letat-de-libye-pour-une-visite-de-travail\" \/>\n<meta property=\"og:locale\" content=\"fr_FR\" \/>\n<meta property=\"og:type\" content=\"article\" \/>\n<meta property=\"og:title\" content=\"Arriv\u00e9e \u00e0 Niamey du Vice-pr\u00e9sident du Conseil pr\u00e9sidentiel de l\u2019Etat de Libye pour une visite de travail\" \/>\n<meta property=\"og:description\" content=\", 06 Septembre (ANP) \u2013 Le Vice-pr\u00e9sident du Conseil pr\u00e9sidentiel de l\u2019Etat de Libye, M.Moussa Al Konni, est arriv\u00e9 ce lu ...\" \/>\n<meta property=\"og:url\" content=\"https:\/\/www.africa-press.net\/niger\/politique\/arrivee-a-niamey-du-vice-president-du-conseil-presidentiel-de-letat-de-libye-pour-une-visite-de-travail\" \/>\n<meta property=\"og:site_name\" content=\"niger\" \/>\n<meta property=\"article:published_time\" content=\"2021-09-06T11:23:59+00:00\" \/>\n<meta property=\"article:modified_time\" content=\"2021-09-06T17:28:24+00:00\" \/>\n<meta property=\"og:image\" content=\"https:\/\/static.africa-press.net\/niger\/sites\/40\/2021\/09\/img-6135f76b5d633.jpg\" \/>\n\t<meta property=\"og:image:width\" content=\"1920\" \/>\n\t<meta property=\"og:image:height\" content=\"1280\" \/>\n\t<meta property=\"og:image:type\" content=\"image\/jpeg\" \/>\n<meta name=\"author\" content=\"cfeditorfr\" \/>\n<meta name=\"twitter:card\" content=\"summary_large_image\" \/>\n<meta name=\"twitter:label1\" content=\"\u00c9crit par\" \/>\n\t<meta name=\"twitter:data1\" content=\"cfeditorfr\" \/>\n\t<meta name=\"twitter:label2\" content=\"Dur\u00e9e de lecture estim\u00e9e\" \/>\n\t<meta name=\"twitter:data2\" content=\"1 minute\" \/>\n<script type=\"application\/ld+json\" class=\"yoast-schema-graph\">{\"@context\":\"https:\/\/schema.org\",\"@graph\":[{\"@type\":\"Article\",\"@id\":\"https:\/\/www.africa-press.net\/niger\/politique\/arrivee-a-niamey-du-vice-president-du-conseil-presidentiel-de-letat-de-libye-pour-une-visite-de-travail#article\",\"isPartOf\":{\"@id\":\"https:\/\/www.africa-press.net\/niger\/politique\/arrivee-a-niamey-du-vice-president-du-conseil-presidentiel-de-letat-de-libye-pour-une-visite-de-travail\"},\"author\":{\"name\":\"cfeditorfr\",\"@id\":\"https:\/\/www.africa-press.net\/niger\/#\/schema\/person\/2b1cf3cd81a31e3cd26889ca66d677f1\"},\"headline\":\"Arriv\u00e9e \u00e0 Niamey du Vice-pr\u00e9sident du Conseil pr\u00e9sidentiel de l\u2019Etat de Libye pour une visite de travail\",\"datePublished\":\"2021-09-06T11:23:59+00:00\",\"dateModified\":\"2021-09-06T17:28:24+00:00\",\"mainEntityOfPage\":{\"@id\":\"https:\/\/www.africa-press.net\/niger\/politique\/arrivee-a-niamey-du-vice-president-du-conseil-presidentiel-de-letat-de-libye-pour-une-visite-de-travail\"},\"wordCount\":115,\"commentCount\":0,\"image\":{\"@id\":\"https:\/\/www.africa-press.net\/niger\/politique\/arrivee-a-niamey-du-vice-president-du-conseil-presidentiel-de-letat-de-libye-pour-une-visite-de-travail#primaryimage\"},\"thumbnailUrl\":\"https:\/\/static.africa-press.net\/niger\/sites\/40\/2021\/09\/img-6135f76b5d633.jpg\",\"keywords\":[\"Africa Press\",\"Africa Press-Niger\",\"Niger\"],\"articleSection\":[\"homepage-french\",\"Politique\",\"Top Nouvelles\",\"Toutes les actualit\u00e9s\"],\"inLanguage\":\"fr-FR\",\"potentialAction\":[{\"@type\":\"CommentAction\",\"name\":\"Comment\",\"target\":[\"https:\/\/www.africa-press.net\/niger\/politique\/arrivee-a-niamey-du-vice-president-du-conseil-presidentiel-de-letat-de-libye-pour-une-visite-de-travail#respond\"]}]},{\"@type\":\"WebPage\",\"@id\":\"https:\/\/www.africa-press.net\/niger\/politique\/arrivee-a-niamey-du-vice-president-du-conseil-presidentiel-de-letat-de-libye-pour-une-visite-de-travail\",\"url\":\"https:\/\/www.africa-press.net\/niger\/politique\/arrivee-a-niamey-du-vice-president-du-conseil-presidentiel-de-letat-de-libye-pour-une-visite-de-travail\",\"name\":\"Arriv\u00e9e \u00e0 Niamey du Vice-pr\u00e9sident du Conseil pr\u00e9sidentiel de l\u2019Etat de Libye pour une visite de travail - niger\",\"isPartOf\":{\"@id\":\"https:\/\/www.africa-press.net\/niger\/#website\"},\"primaryImageOfPage\":{\"@id\":\"https:\/\/www.africa-press.net\/niger\/politique\/arrivee-a-niamey-du-vice-president-du-conseil-presidentiel-de-letat-de-libye-pour-une-visite-de-travail#primaryimage\"},\"image\":{\"@id\":\"https:\/\/www.africa-press.net\/niger\/politique\/arrivee-a-niamey-du-vice-president-du-conseil-presidentiel-de-letat-de-libye-pour-une-visite-de-travail#primaryimage\"},\"thumbnailUrl\":\"https:\/\/static.africa-press.net\/niger\/sites\/40\/2021\/09\/img-6135f76b5d633.jpg\",\"datePublished\":\"2021-09-06T11:23:59+00:00\",\"dateModified\":\"2021-09-06T17:28:24+00:00\",\"author\":{\"@id\":\"https:\/\/www.africa-press.net\/niger\/#\/schema\/person\/2b1cf3cd81a31e3cd26889ca66d677f1\"},\"description\":\", 06 Septembre (ANP) \u2013 Le Vice-pr\u00e9sident du Conseil pr\u00e9sidentiel de l\u2019Etat de Libye, M.Moussa Al Konni, est arriv\u00e9 ce lu ...\",\"breadcrumb\":{\"@id\":\"https:\/\/www.africa-press.net\/niger\/politique\/arrivee-a-niamey-du-vice-president-du-conseil-presidentiel-de-letat-de-libye-pour-une-visite-de-travail#breadcrumb\"},\"inLanguage\":\"fr-FR\",\"potentialAction\":[{\"@type\":\"ReadAction\",\"target\":[\"https:\/\/www.africa-press.net\/niger\/politique\/arrivee-a-niamey-du-vice-president-du-conseil-presidentiel-de-letat-de-libye-pour-une-visite-de-travail\"]}]},{\"@type\":\"ImageObject\",\"inLanguage\":\"fr-FR\",\"@id\":\"https:\/\/www.africa-press.net\/niger\/politique\/arrivee-a-niamey-du-vice-president-du-conseil-presidentiel-de-letat-de-libye-pour-une-visite-de-travail#primaryimage\",\"url\":\"https:\/\/static.africa-press.net\/niger\/sites\/40\/2021\/09\/img-6135f76b5d633.jpg\",\"contentUrl\":\"https:\/\/static.africa-press.net\/niger\/sites\/40\/2021\/09\/img-6135f76b5d633.jpg\",\"width\":1920,\"height\":1280,\"caption\":\"Arriv\u00e9e \u00e0 Niamey du Vice-pr\u00e9sident du Conseil pr\u00e9sidentiel de l\u2019Etat de Libye pour une visite de travail\"},{\"@type\":\"BreadcrumbList\",\"@id\":\"https:\/\/www.africa-press.net\/niger\/politique\/arrivee-a-niamey-du-vice-president-du-conseil-presidentiel-de-letat-de-libye-pour-une-visite-de-travail#breadcrumb\",\"itemListElement\":[{\"@type\":\"ListItem\",\"position\":1,\"name\":\"Accueil\",\"item\":\"https:\/\/www.africa-press.net\/niger\/\"},{\"@type\":\"ListItem\",\"position\":2,\"name\":\"Arriv\u00e9e \u00e0 Niamey du Vice-pr\u00e9sident du Conseil pr\u00e9sidentiel de l\u2019Etat de Libye pour une visite de travail\"}]},{\"@type\":\"WebSite\",\"@id\":\"https:\/\/www.africa-press.net\/niger\/#website\",\"url\":\"https:\/\/www.africa-press.net\/niger\/\",\"name\":\"niger\",\"description\":\"Just another Africa News Agency Sites site\",\"potentialAction\":[{\"@type\":\"SearchAction\",\"target\":{\"@type\":\"EntryPoint\",\"urlTemplate\":\"https:\/\/www.africa-press.net\/niger\/?s={search_term_string}\"},\"query-input\":{\"@type\":\"PropertyValueSpecification\",\"valueRequired\":true,\"valueName\":\"search_term_string\"}}],\"inLanguage\":\"fr-FR\"},{\"@type\":\"Person\",\"@id\":\"https:\/\/www.africa-press.net\/niger\/#\/schema\/person\/2b1cf3cd81a31e3cd26889ca66d677f1\",\"name\":\"cfeditorfr\"}]}<\/script>\n<!-- \/ Yoast SEO Premium plugin. -->","yoast_head_json":{"title":"Arriv\u00e9e \u00e0 Niamey du Vice-pr\u00e9sident du Conseil pr\u00e9sidentiel de l\u2019Etat de Libye pour une visite de travail - niger","description":", 06 Septembre (ANP) \u2013 Le Vice-pr\u00e9sident du Conseil pr\u00e9sidentiel de l\u2019Etat de Libye, M.Moussa Al Konni, est arriv\u00e9 ce lu ...","robots":{"index":"index","follow":"follow","max-snippet":"max-snippet:-1","max-image-preview":"max-image-preview:large","max-video-preview":"max-video-preview:-1"},"canonical":"https:\/\/www.africa-press.net\/niger\/politique\/arrivee-a-niamey-du-vice-president-du-conseil-presidentiel-de-letat-de-libye-pour-une-visite-de-travail","og_locale":"fr_FR","og_type":"article","og_title":"Arriv\u00e9e \u00e0 Niamey du Vice-pr\u00e9sident du Conseil pr\u00e9sidentiel de l\u2019Etat de Libye pour une visite de travail","og_description":", 06 Septembre (ANP) \u2013 Le Vice-pr\u00e9sident du Conseil pr\u00e9sidentiel de l\u2019Etat de Libye, M.Moussa Al Konni, est arriv\u00e9 ce lu ...","og_url":"https:\/\/www.africa-press.net\/niger\/politique\/arrivee-a-niamey-du-vice-president-du-conseil-presidentiel-de-letat-de-libye-pour-une-visite-de-travail","og_site_name":"niger","article_published_time":"2021-09-06T11:23:59+00:00","article_modified_time":"2021-09-06T17:28:24+00:00","og_image":[{"width":1920,"height":1280,"url":"https:\/\/static.africa-press.net\/niger\/sites\/40\/2021\/09\/img-6135f76b5d633.jpg","type":"image\/jpeg"}],"author":"cfeditorfr","twitter_card":"summary_large_image","twitter_misc":{"\u00c9crit par":"cfeditorfr","Dur\u00e9e de lecture estim\u00e9e":"1 minute"},"schema":{"@context":"https:\/\/schema.org","@graph":[{"@type":"Article","@id":"https:\/\/www.africa-press.net\/niger\/politique\/arrivee-a-niamey-du-vice-president-du-conseil-presidentiel-de-letat-de-libye-pour-une-visite-de-travail#article","isPartOf":{"@id":"https:\/\/www.africa-press.net\/niger\/politique\/arrivee-a-niamey-du-vice-president-du-conseil-presidentiel-de-letat-de-libye-pour-une-visite-de-travail"},"author":{"name":"cfeditorfr","@id":"https:\/\/www.africa-press.net\/niger\/#\/schema\/person\/2b1cf3cd81a31e3cd26889ca66d677f1"},"headline":"Arriv\u00e9e \u00e0 Niamey du Vice-pr\u00e9sident du Conseil pr\u00e9sidentiel de l\u2019Etat de Libye pour une visite de travail","datePublished":"2021-09-06T11:23:59+00:00","dateModified":"2021-09-06T17:28:24+00:00","mainEntityOfPage":{"@id":"https:\/\/www.africa-press.net\/niger\/politique\/arrivee-a-niamey-du-vice-president-du-conseil-presidentiel-de-letat-de-libye-pour-une-visite-de-travail"},"wordCount":115,"commentCount":0,"image":{"@id":"https:\/\/www.africa-press.net\/niger\/politique\/arrivee-a-niamey-du-vice-president-du-conseil-presidentiel-de-letat-de-libye-pour-une-visite-de-travail#primaryimage"},"thumbnailUrl":"https:\/\/static.africa-press.net\/niger\/sites\/40\/2021\/09\/img-6135f76b5d633.jpg","keywords":["Africa Press","Africa Press-Niger","Niger"],"articleSection":["homepage-french","Politique","Top Nouvelles","Toutes les actualit\u00e9s"],"inLanguage":"fr-FR","potentialAction":[{"@type":"CommentAction","name":"Comment","target":["https:\/\/www.africa-press.net\/niger\/politique\/arrivee-a-niamey-du-vice-president-du-conseil-presidentiel-de-letat-de-libye-pour-une-visite-de-travail#respond"]}]},{"@type":"WebPage","@id":"https:\/\/www.africa-press.net\/niger\/politique\/arrivee-a-niamey-du-vice-president-du-conseil-presidentiel-de-letat-de-libye-pour-une-visite-de-travail","url":"https:\/\/www.africa-press.net\/niger\/politique\/arrivee-a-niamey-du-vice-president-du-conseil-presidentiel-de-letat-de-libye-pour-une-visite-de-travail","name":"Arriv\u00e9e \u00e0 Niamey du Vice-pr\u00e9sident du Conseil pr\u00e9sidentiel de l\u2019Etat de Libye pour une visite de travail - niger","isPartOf":{"@id":"https:\/\/www.africa-press.net\/niger\/#website"},"primaryImageOfPage":{"@id":"https:\/\/www.africa-press.net\/niger\/politique\/arrivee-a-niamey-du-vice-president-du-conseil-presidentiel-de-letat-de-libye-pour-une-visite-de-travail#primaryimage"},"image":{"@id":"https:\/\/www.africa-press.net\/niger\/politique\/arrivee-a-niamey-du-vice-president-du-conseil-presidentiel-de-letat-de-libye-pour-une-visite-de-travail#primaryimage"},"thumbnailUrl":"https:\/\/static.africa-press.net\/niger\/sites\/40\/2021\/09\/img-6135f76b5d633.jpg","datePublished":"2021-09-06T11:23:59+00:00","dateModified":"2021-09-06T17:28:24+00:00","author":{"@id":"https:\/\/www.africa-press.net\/niger\/#\/schema\/person\/2b1cf3cd81a31e3cd26889ca66d677f1"},"description":", 06 Septembre (ANP) \u2013 Le Vice-pr\u00e9sident du Conseil pr\u00e9sidentiel de l\u2019Etat de Libye, M.Moussa Al Konni, est arriv\u00e9 ce lu ...","breadcrumb":{"@id":"https:\/\/www.africa-press.net\/niger\/politique\/arrivee-a-niamey-du-vice-president-du-conseil-presidentiel-de-letat-de-libye-pour-une-visite-de-travail#breadcrumb"},"inLanguage":"fr-FR","potentialAction":[{"@type":"ReadAction","target":["https:\/\/www.africa-press.net\/niger\/politique\/arrivee-a-niamey-du-vice-president-du-conseil-presidentiel-de-letat-de-libye-pour-une-visite-de-travail"]}]},{"@type":"ImageObject","inLanguage":"fr-FR","@id":"https:\/\/www.africa-press.net\/niger\/politique\/arrivee-a-niamey-du-vice-president-du-conseil-presidentiel-de-letat-de-libye-pour-une-visite-de-travail#primaryimage","url":"https:\/\/static.africa-press.net\/niger\/sites\/40\/2021\/09\/img-6135f76b5d633.jpg","contentUrl":"https:\/\/static.africa-press.net\/niger\/sites\/40\/2021\/09\/img-6135f76b5d633.jpg","width":1920,"height":1280,"caption":"Arriv\u00e9e \u00e0 Niamey du Vice-pr\u00e9sident du Conseil pr\u00e9sidentiel de l\u2019Etat de Libye pour une visite de travail"},{"@type":"BreadcrumbList","@id":"https:\/\/www.africa-press.net\/niger\/politique\/arrivee-a-niamey-du-vice-president-du-conseil-presidentiel-de-letat-de-libye-pour-une-visite-de-travail#breadcrumb","itemListElement":[{"@type":"ListItem","position":1,"name":"Accueil","item":"https:\/\/www.africa-press.net\/niger\/"},{"@type":"ListItem","position":2,"name":"Arriv\u00e9e \u00e0 Niamey du Vice-pr\u00e9sident du Conseil pr\u00e9sidentiel de l\u2019Etat de Libye pour une visite de travail"}]},{"@type":"WebSite","@id":"https:\/\/www.africa-press.net\/niger\/#website","url":"https:\/\/www.africa-press.net\/niger\/","name":"niger","description":"Just another Africa News Agency Sites site","potentialAction":[{"@type":"SearchAction","target":{"@type":"EntryPoint","urlTemplate":"https:\/\/www.africa-press.net\/niger\/?s={search_term_string}"},"query-input":{"@type":"PropertyValueSpecification","valueRequired":true,"valueName":"search_term_string"}}],"inLanguage":"fr-FR"},{"@type":"Person","@id":"https:\/\/www.africa-press.net\/niger\/#\/schema\/person\/2b1cf3cd81a31e3cd26889ca66d677f1","name":"cfeditorfr"}]}},"_links":{"self":[{"href":"https:\/\/www.africa-press.net\/niger\/wp-json\/wp\/v2\/posts\/11265","targetHints":{"allow":["GET"]}}],"collection":[{"href":"https:\/\/www.africa-press.net\/niger\/wp-json\/wp\/v2\/posts"}],"about":[{"href":"https:\/\/www.africa-press.net\/niger\/wp-json\/wp\/v2\/types\/post"}],"author":[{"embeddable":true,"href":"https:\/\/www.africa-press.net\/niger\/wp-json\/wp\/v2\/users\/82"}],"replies":[{"embeddable":true,"href":"https:\/\/www.africa-press.net\/niger\/wp-json\/wp\/v2\/comments?post=11265"}],"version-history":[{"count":0,"href":"https:\/\/www.africa-press.net\/niger\/wp-json\/wp\/v2\/posts\/11265\/revisions"}],"wp:featuredmedia":[{"embeddable":true,"href":"https:\/\/www.africa-press.net\/niger\/wp-json\/wp\/v2\/media\/11264"}],"wp:attachment":[{"href":"https:\/\/www.africa-press.net\/niger\/wp-json\/wp\/v2\/media?parent=11265"}],"wp:term":[{"taxonomy":"category","embeddable":true,"href":"https:\/\/www.africa-press.net\/niger\/wp-json\/wp\/v2\/categories?post=11265"},{"taxonomy":"post_tag","embeddable":true,"href":"https:\/\/www.africa-press.net\/niger\/wp-json\/wp\/v2\/tags?post=11265"}],"curies":[{"name":"wp","href":"https:\/\/api.w.org\/{rel}","templated":true}]}}