{"id":11271,"date":"2021-09-06T11:36:45","date_gmt":"2021-09-06T11:36:45","guid":{"rendered":"https:\/\/www.africa-press.net\/niger\/?p=11271"},"modified":"2021-09-06T17:28:42","modified_gmt":"2021-09-06T17:28:42","slug":"lancement-dune-campagne-de-plaidoyer-a-agadez-le-mediateur-de-la-republique-simplique-en-faveur-de-lactualisation-du-cadre-juridique-national-protegeant-les-femmes-et-les","status":"publish","type":"post","link":"https:\/\/www.africa-press.net\/niger\/toutes-les-actualites\/lancement-dune-campagne-de-plaidoyer-a-agadez-le-mediateur-de-la-republique-simplique-en-faveur-de-lactualisation-du-cadre-juridique-national-protegeant-les-femmes-et-les","title":{"rendered":"Lancement d\u2019une campagne de plaidoyer \u00e0 Agadez : Le M\u00e9diateur de la R\u00e9publique s\u2019implique en faveur de l\u2019actualisation du cadre juridique national prot\u00e9geant les femmes et les jeunes filles"},"content":{"rendered":"<p><span style=\"color: #ff6600\"><strong><a href=\"https:\/\/www.africa-press.net\/\">Africa-Press<\/a> &#8211; <a href=\"https:\/\/www.africa-press.net\/niger\">Niger<\/a>. <\/strong><\/span>Une c\u00e9r\u00e9monie consacr\u00e9e au lancement de la campagne de plaidoyer sur les enjeux de l\u2019actualisation du cadre juridique national prot\u00e9geant les femmes et les jeunes filles des violences dans le cadre du programme Spotlight Niger s\u2019est d\u00e9roul\u00e9e le vendredi 3 septembre \u00e0 Agadez. Cette rencontre organis\u00e9e par le cabinet du M\u00e9diateur de la R\u00e9publique vise \u00e0 contribuer \u00e0 l\u2019am\u00e9lioration du cadre l\u00e9gal et r\u00e9glementaire et son application effective avec les conventions internationales ratifi\u00e9es en mati\u00e8re de lutte contre les violences faites aux femmes et aux filles. Elle permet \u00e9galement d\u2019examiner le cadre l\u00e9gislatif et r\u00e8glementaire existant confront\u00e9 aux r\u00e9alit\u00e9s v\u00e9cues des communaut\u00e9s.<\/p>\n<p>La conduite de cette mission par le M\u00e9diateur de la R\u00e9publique et\/ou son repr\u00e9sentant se justifie par le fait qu\u2019il peut \u00eatre saisi ou s\u2019autosaisir des questions de d\u00e9fense des droits de l\u2019enfant et des personnes vuln\u00e9rables dont les femmes surtout dans le contexte o\u00f9 le Niger a sign\u00e9 et ratifi\u00e9 des instruments juridiques r\u00e9gionaux et universels qui prot\u00e8gent la femme et l\u2019enfant, notamment la Charte africaine des droits de l\u2019homme et la Convention internationale relative aux Droits de l\u2019enfant(CDE).<\/p>\n<p>Dans son discours, le Secr\u00e9taire g\u00e9n\u00e9ral du gouvernorat d\u2019Agadez M. Attaher Adam a d\u00e9clar\u00e9 que l\u2019atteinte d\u2019un d\u00e9veloppement durable n\u2019est possible que dans une approche \u00e9galitaire des droits des hommes et des femmes. Pour ce faire, les soci\u00e9t\u00e9s doivent au pr\u00e9alable extirper de leurs usages et coutumes les violences faites aux femmes et aux jeunes filles qui repr\u00e9sentent une frange importante de la population et remarquable par sa vuln\u00e9rabilit\u00e9 socio\u00e9conomique et culturelle.<\/p>\n<p>En effet dira M. Attaher, aujourd\u2019hui encore cette tranche de la population fait face au Niger \u00e0 de graves probl\u00e8mes de violation de ses droits fondamentaux; cons\u00e9quence d\u2019une part, de certaines pratiques culturelles qui persistent et d\u2019autre part d\u2019un cadre juridique et institutionnel de protection balbutiant face aux pesanteurs socioculturelles. L\u2019un des d\u00e9fis majeurs du d\u00e9veloppement durable r\u00e9side, alors, dans la pleine reconnaissance des droits de la femme dans tous les domaines de la vie et dans la lutte contre les violences \u00e0 son \u00e9gard, qu\u2019elles soient, physiques, morales ou \u00e9conomiques.<\/p>\n<p>La premi\u00e8re \u00e9tape pour relever ces d\u00e9fis est de fortifier le cadre juridique prot\u00e9geant cette cat\u00e9gorie de la population afin de le rendre plus protecteur. Ainsi, dans les situations o\u00f9 la loi est absente, le l\u00e9gislateur doit \u00eatre appel\u00e9 \u00e0 l\u00e9gif\u00e9rer ; dans les situations o\u00f9 la loi balbutie elle doit \u00eatre plus rigide, car dit-on \u00abdura lex sed lex\u00bb autrement dit \u2018\u2019la loi est dure, mais c\u2019est la loi\u2019\u2019. L\u2019am\u00e9lioration du cadre juridique reste un pr\u00e9alable pour gagner cette croisade contre les violences envers les femmes et les filles. M\u00eame s\u2019il faut le reconna\u00eetre qu\u2019au Niger, la question des violences faites aux femmes et aux filles est sortie de l\u2019ombre, depuis quelques ann\u00e9es, en grande partie, gr\u00e2ce \u00e0 l\u2019action des organisations \u0153uvrant dans le domaine \u00e0 travers les campagnes d\u2019information et de sensibilisation, la bataille est loin d\u2019\u00eatre finie.<\/p>\n<p>La repr\u00e9sentante du M\u00e9diateur de la R\u00e9publique Mme Adize Ousseini a indiqu\u00e9 pour sa part que \u00abnous avons le devoir de continuer \u00e0 agir pour lever les obstacles qui freinent la pleine participation de la femme et de la jeune fille au d\u00e9veloppement socio-\u00e9conomique de sa soci\u00e9t\u00e9\u00bb. Cette campagne de sensibilisation, a-t-elle ajout\u00e9, vise \u00e0 mobiliser les pouvoirs publics, la soci\u00e9t\u00e9 civile, les parents, les communaut\u00e9s, les partenaires et les m\u00e9dias afin de s\u2019assurer que tout en grandissant les filles et les femmes doivent b\u00e9n\u00e9ficier d\u2019une \u00e9ducation de qualit\u00e9, les atouts et les comp\u00e9tences de vie n\u00e9cessaires \u00e0 leur protection et \u00e0 leur autonomie. Enfin Mme Adize Ousseini s\u2019est d\u00e9clar\u00e9 convaincue qu\u2019au sortir de la rencontre d\u2019Agadez, les participants parviendront \u00e0 formuler des recommandations fortes afin de consolider les droits des femmes et des jeunes filles.<\/p>\n<p>La repr\u00e9sentante du M\u00e9diateur de la R\u00e9publique a par ailleurs remerci\u00e9 le Programme des Nations Unies pour le D\u00e9veloppement (PNUD) dont l\u2019appui technique et financier a permis l\u2019organisation de cette campagne de plaidoyer sur les enjeux de l\u2019actualisation du cadre juridique national prot\u00e9geant les femmes et les jeunes filles des violences dans le cadre du programme Spotlight Niger.<\/p>\n<p><b>\u00a0<\/b><\/p>\n","protected":false},"excerpt":{"rendered":"<p>Africa-Press &#8211; Niger. Une c\u00e9r\u00e9monie consacr\u00e9e au lancement de la campagne de plaidoyer sur les enjeux de l\u2019actualisation du cadre juridique national prot\u00e9geant les femmes et les jeunes filles des violences dans le cadre du programme Spotlight Niger s\u2019est d\u00e9roul\u00e9e le vendredi 3 septembre \u00e0 Agadez. Cette rencontre organis\u00e9e par le cabinet du M\u00e9diateur de [&hellip;]<\/p>\n","protected":false},"author":82,"featured_media":11270,"comment_status":"open","ping_status":"closed","sticky":false,"template":"","format":"standard","meta":{"footnotes":""},"categories":[21,11,10],"tags":[55,60,29],"class_list":["post-11271","post","type-post","status-publish","format-standard","has-post-thumbnail","hentry","category-communaute","category-homepage-french","category-toutes-les-actualites","tag-africa-press","tag-africa-press-niger","tag-niger"],"yoast_head":"<!-- This site is optimized with the Yoast SEO Premium plugin v26.1 (Yoast SEO v27.0) - https:\/\/yoast.com\/product\/yoast-seo-premium-wordpress\/ -->\n<title>Lancement d\u2019une campagne de plaidoyer \u00e0 Agadez : Le M\u00e9diateur de la R\u00e9publique s\u2019implique en faveur de l\u2019actualisation du cadre juridique national prot\u00e9geant les femmes et les jeunes filles - niger<\/title>\n<meta name=\"description\" content=\"\ufeffUne c\u00e9r\u00e9monie consacr\u00e9e au lancement de la campagne de plaidoyer sur les enjeux de l\u2019actualisation du cadre juridique n ...\" \/>\n<meta name=\"robots\" content=\"index, follow, max-snippet:-1, max-image-preview:large, max-video-preview:-1\" \/>\n<link rel=\"canonical\" href=\"https:\/\/www.africa-press.net\/niger\/toutes-les-actualites\/lancement-dune-campagne-de-plaidoyer-a-agadez-le-mediateur-de-la-republique-simplique-en-faveur-de-lactualisation-du-cadre-juridique-national-protegeant-les-femmes-et-les\" \/>\n<meta property=\"og:locale\" content=\"fr_FR\" \/>\n<meta property=\"og:type\" content=\"article\" \/>\n<meta property=\"og:title\" content=\"Lancement d\u2019une campagne de plaidoyer \u00e0 Agadez : Le M\u00e9diateur de la R\u00e9publique s\u2019implique en faveur de l\u2019actualisation du cadre juridique national prot\u00e9geant les femmes et les jeunes filles\" \/>\n<meta property=\"og:description\" content=\"\ufeffUne c\u00e9r\u00e9monie consacr\u00e9e au lancement de la campagne de plaidoyer sur les enjeux de l\u2019actualisation du cadre juridique n ...\" \/>\n<meta property=\"og:url\" content=\"https:\/\/www.africa-press.net\/niger\/toutes-les-actualites\/lancement-dune-campagne-de-plaidoyer-a-agadez-le-mediateur-de-la-republique-simplique-en-faveur-de-lactualisation-du-cadre-juridique-national-protegeant-les-femmes-et-les\" \/>\n<meta property=\"og:site_name\" content=\"niger\" \/>\n<meta property=\"article:published_time\" content=\"2021-09-06T11:36:45+00:00\" \/>\n<meta property=\"article:modified_time\" content=\"2021-09-06T17:28:42+00:00\" \/>\n<meta property=\"og:image\" content=\"https:\/\/static.africa-press.net\/niger\/sites\/40\/2021\/09\/img-6135f7db674d1.jpg\" \/>\n\t<meta property=\"og:image:width\" content=\"720\" \/>\n\t<meta property=\"og:image:height\" content=\"348\" \/>\n\t<meta property=\"og:image:type\" content=\"image\/jpeg\" \/>\n<meta name=\"author\" content=\"cfeditorfr\" \/>\n<meta name=\"twitter:card\" content=\"summary_large_image\" \/>\n<meta name=\"twitter:label1\" content=\"\u00c9crit par\" \/>\n\t<meta name=\"twitter:data1\" content=\"cfeditorfr\" \/>\n\t<meta name=\"twitter:label2\" content=\"Dur\u00e9e de lecture estim\u00e9e\" \/>\n\t<meta name=\"twitter:data2\" content=\"4 minutes\" \/>\n<script type=\"application\/ld+json\" class=\"yoast-schema-graph\">{\"@context\":\"https:\/\/schema.org\",\"@graph\":[{\"@type\":\"Article\",\"@id\":\"https:\/\/www.africa-press.net\/niger\/toutes-les-actualites\/lancement-dune-campagne-de-plaidoyer-a-agadez-le-mediateur-de-la-republique-simplique-en-faveur-de-lactualisation-du-cadre-juridique-national-protegeant-les-femmes-et-les#article\",\"isPartOf\":{\"@id\":\"https:\/\/www.africa-press.net\/niger\/toutes-les-actualites\/lancement-dune-campagne-de-plaidoyer-a-agadez-le-mediateur-de-la-republique-simplique-en-faveur-de-lactualisation-du-cadre-juridique-national-protegeant-les-femmes-et-les\"},\"author\":{\"name\":\"cfeditorfr\",\"@id\":\"https:\/\/www.africa-press.net\/niger\/#\/schema\/person\/2b1cf3cd81a31e3cd26889ca66d677f1\"},\"headline\":\"Lancement d\u2019une campagne de plaidoyer \u00e0 Agadez : Le M\u00e9diateur de la R\u00e9publique s\u2019implique en faveur de l\u2019actualisation du cadre juridique national prot\u00e9geant les femmes et les jeunes filles\",\"datePublished\":\"2021-09-06T11:36:45+00:00\",\"dateModified\":\"2021-09-06T17:28:42+00:00\",\"mainEntityOfPage\":{\"@id\":\"https:\/\/www.africa-press.net\/niger\/toutes-les-actualites\/lancement-dune-campagne-de-plaidoyer-a-agadez-le-mediateur-de-la-republique-simplique-en-faveur-de-lactualisation-du-cadre-juridique-national-protegeant-les-femmes-et-les\"},\"wordCount\":813,\"commentCount\":0,\"image\":{\"@id\":\"https:\/\/www.africa-press.net\/niger\/toutes-les-actualites\/lancement-dune-campagne-de-plaidoyer-a-agadez-le-mediateur-de-la-republique-simplique-en-faveur-de-lactualisation-du-cadre-juridique-national-protegeant-les-femmes-et-les#primaryimage\"},\"thumbnailUrl\":\"https:\/\/static.africa-press.net\/niger\/sites\/40\/2021\/09\/img-6135f7db674d1.jpg\",\"keywords\":[\"Africa Press\",\"Africa Press-Niger\",\"Niger\"],\"articleSection\":[\"Communaut\u00e9\",\"homepage-french\",\"Toutes les actualit\u00e9s\"],\"inLanguage\":\"fr-FR\",\"potentialAction\":[{\"@type\":\"CommentAction\",\"name\":\"Comment\",\"target\":[\"https:\/\/www.africa-press.net\/niger\/toutes-les-actualites\/lancement-dune-campagne-de-plaidoyer-a-agadez-le-mediateur-de-la-republique-simplique-en-faveur-de-lactualisation-du-cadre-juridique-national-protegeant-les-femmes-et-les#respond\"]}]},{\"@type\":\"WebPage\",\"@id\":\"https:\/\/www.africa-press.net\/niger\/toutes-les-actualites\/lancement-dune-campagne-de-plaidoyer-a-agadez-le-mediateur-de-la-republique-simplique-en-faveur-de-lactualisation-du-cadre-juridique-national-protegeant-les-femmes-et-les\",\"url\":\"https:\/\/www.africa-press.net\/niger\/toutes-les-actualites\/lancement-dune-campagne-de-plaidoyer-a-agadez-le-mediateur-de-la-republique-simplique-en-faveur-de-lactualisation-du-cadre-juridique-national-protegeant-les-femmes-et-les\",\"name\":\"Lancement d\u2019une campagne de plaidoyer \u00e0 Agadez : Le M\u00e9diateur de la R\u00e9publique s\u2019implique en faveur de l\u2019actualisation du cadre juridique national prot\u00e9geant les femmes et les jeunes filles - niger\",\"isPartOf\":{\"@id\":\"https:\/\/www.africa-press.net\/niger\/#website\"},\"primaryImageOfPage\":{\"@id\":\"https:\/\/www.africa-press.net\/niger\/toutes-les-actualites\/lancement-dune-campagne-de-plaidoyer-a-agadez-le-mediateur-de-la-republique-simplique-en-faveur-de-lactualisation-du-cadre-juridique-national-protegeant-les-femmes-et-les#primaryimage\"},\"image\":{\"@id\":\"https:\/\/www.africa-press.net\/niger\/toutes-les-actualites\/lancement-dune-campagne-de-plaidoyer-a-agadez-le-mediateur-de-la-republique-simplique-en-faveur-de-lactualisation-du-cadre-juridique-national-protegeant-les-femmes-et-les#primaryimage\"},\"thumbnailUrl\":\"https:\/\/static.africa-press.net\/niger\/sites\/40\/2021\/09\/img-6135f7db674d1.jpg\",\"datePublished\":\"2021-09-06T11:36:45+00:00\",\"dateModified\":\"2021-09-06T17:28:42+00:00\",\"author\":{\"@id\":\"https:\/\/www.africa-press.net\/niger\/#\/schema\/person\/2b1cf3cd81a31e3cd26889ca66d677f1\"},\"description\":\"\ufeffUne c\u00e9r\u00e9monie consacr\u00e9e au lancement de la campagne de plaidoyer sur les enjeux de l\u2019actualisation du cadre juridique n ...\",\"breadcrumb\":{\"@id\":\"https:\/\/www.africa-press.net\/niger\/toutes-les-actualites\/lancement-dune-campagne-de-plaidoyer-a-agadez-le-mediateur-de-la-republique-simplique-en-faveur-de-lactualisation-du-cadre-juridique-national-protegeant-les-femmes-et-les#breadcrumb\"},\"inLanguage\":\"fr-FR\",\"potentialAction\":[{\"@type\":\"ReadAction\",\"target\":[\"https:\/\/www.africa-press.net\/niger\/toutes-les-actualites\/lancement-dune-campagne-de-plaidoyer-a-agadez-le-mediateur-de-la-republique-simplique-en-faveur-de-lactualisation-du-cadre-juridique-national-protegeant-les-femmes-et-les\"]}]},{\"@type\":\"ImageObject\",\"inLanguage\":\"fr-FR\",\"@id\":\"https:\/\/www.africa-press.net\/niger\/toutes-les-actualites\/lancement-dune-campagne-de-plaidoyer-a-agadez-le-mediateur-de-la-republique-simplique-en-faveur-de-lactualisation-du-cadre-juridique-national-protegeant-les-femmes-et-les#primaryimage\",\"url\":\"https:\/\/static.africa-press.net\/niger\/sites\/40\/2021\/09\/img-6135f7db674d1.jpg\",\"contentUrl\":\"https:\/\/static.africa-press.net\/niger\/sites\/40\/2021\/09\/img-6135f7db674d1.jpg\",\"width\":720,\"height\":348,\"caption\":\"Lancement d\u2019une campagne de plaidoyer \u00e0 Agadez : Le M\u00e9diateur de la R\u00e9publique s\u2019implique en faveur de l\u2019actualisation du cadre juridique national prot\u00e9geant les femmes et les jeunes filles\"},{\"@type\":\"BreadcrumbList\",\"@id\":\"https:\/\/www.africa-press.net\/niger\/toutes-les-actualites\/lancement-dune-campagne-de-plaidoyer-a-agadez-le-mediateur-de-la-republique-simplique-en-faveur-de-lactualisation-du-cadre-juridique-national-protegeant-les-femmes-et-les#breadcrumb\",\"itemListElement\":[{\"@type\":\"ListItem\",\"position\":1,\"name\":\"Accueil\",\"item\":\"https:\/\/www.africa-press.net\/niger\/\"},{\"@type\":\"ListItem\",\"position\":2,\"name\":\"Lancement d\u2019une campagne de plaidoyer \u00e0 Agadez : Le M\u00e9diateur de la R\u00e9publique s\u2019implique en faveur de l\u2019actualisation du cadre juridique national prot\u00e9geant les femmes et les jeunes filles\"}]},{\"@type\":\"WebSite\",\"@id\":\"https:\/\/www.africa-press.net\/niger\/#website\",\"url\":\"https:\/\/www.africa-press.net\/niger\/\",\"name\":\"niger\",\"description\":\"Just another Africa News Agency Sites site\",\"potentialAction\":[{\"@type\":\"SearchAction\",\"target\":{\"@type\":\"EntryPoint\",\"urlTemplate\":\"https:\/\/www.africa-press.net\/niger\/?s={search_term_string}\"},\"query-input\":{\"@type\":\"PropertyValueSpecification\",\"valueRequired\":true,\"valueName\":\"search_term_string\"}}],\"inLanguage\":\"fr-FR\"},{\"@type\":\"Person\",\"@id\":\"https:\/\/www.africa-press.net\/niger\/#\/schema\/person\/2b1cf3cd81a31e3cd26889ca66d677f1\",\"name\":\"cfeditorfr\"}]}<\/script>\n<!-- \/ Yoast SEO Premium plugin. -->","yoast_head_json":{"title":"Lancement d\u2019une campagne de plaidoyer \u00e0 Agadez : Le M\u00e9diateur de la R\u00e9publique s\u2019implique en faveur de l\u2019actualisation du cadre juridique national prot\u00e9geant les femmes et les jeunes filles - niger","description":"\ufeffUne c\u00e9r\u00e9monie consacr\u00e9e au lancement de la campagne de plaidoyer sur les enjeux de l\u2019actualisation du cadre juridique n ...","robots":{"index":"index","follow":"follow","max-snippet":"max-snippet:-1","max-image-preview":"max-image-preview:large","max-video-preview":"max-video-preview:-1"},"canonical":"https:\/\/www.africa-press.net\/niger\/toutes-les-actualites\/lancement-dune-campagne-de-plaidoyer-a-agadez-le-mediateur-de-la-republique-simplique-en-faveur-de-lactualisation-du-cadre-juridique-national-protegeant-les-femmes-et-les","og_locale":"fr_FR","og_type":"article","og_title":"Lancement d\u2019une campagne de plaidoyer \u00e0 Agadez : Le M\u00e9diateur de la R\u00e9publique s\u2019implique en faveur de l\u2019actualisation du cadre juridique national prot\u00e9geant les femmes et les jeunes filles","og_description":"\ufeffUne c\u00e9r\u00e9monie consacr\u00e9e au lancement de la campagne de plaidoyer sur les enjeux de l\u2019actualisation du cadre juridique n ...","og_url":"https:\/\/www.africa-press.net\/niger\/toutes-les-actualites\/lancement-dune-campagne-de-plaidoyer-a-agadez-le-mediateur-de-la-republique-simplique-en-faveur-de-lactualisation-du-cadre-juridique-national-protegeant-les-femmes-et-les","og_site_name":"niger","article_published_time":"2021-09-06T11:36:45+00:00","article_modified_time":"2021-09-06T17:28:42+00:00","og_image":[{"width":720,"height":348,"url":"https:\/\/static.africa-press.net\/niger\/sites\/40\/2021\/09\/img-6135f7db674d1.jpg","type":"image\/jpeg"}],"author":"cfeditorfr","twitter_card":"summary_large_image","twitter_misc":{"\u00c9crit par":"cfeditorfr","Dur\u00e9e de lecture estim\u00e9e":"4 minutes"},"schema":{"@context":"https:\/\/schema.org","@graph":[{"@type":"Article","@id":"https:\/\/www.africa-press.net\/niger\/toutes-les-actualites\/lancement-dune-campagne-de-plaidoyer-a-agadez-le-mediateur-de-la-republique-simplique-en-faveur-de-lactualisation-du-cadre-juridique-national-protegeant-les-femmes-et-les#article","isPartOf":{"@id":"https:\/\/www.africa-press.net\/niger\/toutes-les-actualites\/lancement-dune-campagne-de-plaidoyer-a-agadez-le-mediateur-de-la-republique-simplique-en-faveur-de-lactualisation-du-cadre-juridique-national-protegeant-les-femmes-et-les"},"author":{"name":"cfeditorfr","@id":"https:\/\/www.africa-press.net\/niger\/#\/schema\/person\/2b1cf3cd81a31e3cd26889ca66d677f1"},"headline":"Lancement d\u2019une campagne de plaidoyer \u00e0 Agadez : Le M\u00e9diateur de la R\u00e9publique s\u2019implique en faveur de l\u2019actualisation du cadre juridique national prot\u00e9geant les femmes et les jeunes filles","datePublished":"2021-09-06T11:36:45+00:00","dateModified":"2021-09-06T17:28:42+00:00","mainEntityOfPage":{"@id":"https:\/\/www.africa-press.net\/niger\/toutes-les-actualites\/lancement-dune-campagne-de-plaidoyer-a-agadez-le-mediateur-de-la-republique-simplique-en-faveur-de-lactualisation-du-cadre-juridique-national-protegeant-les-femmes-et-les"},"wordCount":813,"commentCount":0,"image":{"@id":"https:\/\/www.africa-press.net\/niger\/toutes-les-actualites\/lancement-dune-campagne-de-plaidoyer-a-agadez-le-mediateur-de-la-republique-simplique-en-faveur-de-lactualisation-du-cadre-juridique-national-protegeant-les-femmes-et-les#primaryimage"},"thumbnailUrl":"https:\/\/static.africa-press.net\/niger\/sites\/40\/2021\/09\/img-6135f7db674d1.jpg","keywords":["Africa Press","Africa Press-Niger","Niger"],"articleSection":["Communaut\u00e9","homepage-french","Toutes les actualit\u00e9s"],"inLanguage":"fr-FR","potentialAction":[{"@type":"CommentAction","name":"Comment","target":["https:\/\/www.africa-press.net\/niger\/toutes-les-actualites\/lancement-dune-campagne-de-plaidoyer-a-agadez-le-mediateur-de-la-republique-simplique-en-faveur-de-lactualisation-du-cadre-juridique-national-protegeant-les-femmes-et-les#respond"]}]},{"@type":"WebPage","@id":"https:\/\/www.africa-press.net\/niger\/toutes-les-actualites\/lancement-dune-campagne-de-plaidoyer-a-agadez-le-mediateur-de-la-republique-simplique-en-faveur-de-lactualisation-du-cadre-juridique-national-protegeant-les-femmes-et-les","url":"https:\/\/www.africa-press.net\/niger\/toutes-les-actualites\/lancement-dune-campagne-de-plaidoyer-a-agadez-le-mediateur-de-la-republique-simplique-en-faveur-de-lactualisation-du-cadre-juridique-national-protegeant-les-femmes-et-les","name":"Lancement d\u2019une campagne de plaidoyer \u00e0 Agadez : Le M\u00e9diateur de la R\u00e9publique s\u2019implique en faveur de l\u2019actualisation du cadre juridique national prot\u00e9geant les femmes et les jeunes filles - niger","isPartOf":{"@id":"https:\/\/www.africa-press.net\/niger\/#website"},"primaryImageOfPage":{"@id":"https:\/\/www.africa-press.net\/niger\/toutes-les-actualites\/lancement-dune-campagne-de-plaidoyer-a-agadez-le-mediateur-de-la-republique-simplique-en-faveur-de-lactualisation-du-cadre-juridique-national-protegeant-les-femmes-et-les#primaryimage"},"image":{"@id":"https:\/\/www.africa-press.net\/niger\/toutes-les-actualites\/lancement-dune-campagne-de-plaidoyer-a-agadez-le-mediateur-de-la-republique-simplique-en-faveur-de-lactualisation-du-cadre-juridique-national-protegeant-les-femmes-et-les#primaryimage"},"thumbnailUrl":"https:\/\/static.africa-press.net\/niger\/sites\/40\/2021\/09\/img-6135f7db674d1.jpg","datePublished":"2021-09-06T11:36:45+00:00","dateModified":"2021-09-06T17:28:42+00:00","author":{"@id":"https:\/\/www.africa-press.net\/niger\/#\/schema\/person\/2b1cf3cd81a31e3cd26889ca66d677f1"},"description":"\ufeffUne c\u00e9r\u00e9monie consacr\u00e9e au lancement de la campagne de plaidoyer sur les enjeux de l\u2019actualisation du cadre juridique n ...","breadcrumb":{"@id":"https:\/\/www.africa-press.net\/niger\/toutes-les-actualites\/lancement-dune-campagne-de-plaidoyer-a-agadez-le-mediateur-de-la-republique-simplique-en-faveur-de-lactualisation-du-cadre-juridique-national-protegeant-les-femmes-et-les#breadcrumb"},"inLanguage":"fr-FR","potentialAction":[{"@type":"ReadAction","target":["https:\/\/www.africa-press.net\/niger\/toutes-les-actualites\/lancement-dune-campagne-de-plaidoyer-a-agadez-le-mediateur-de-la-republique-simplique-en-faveur-de-lactualisation-du-cadre-juridique-national-protegeant-les-femmes-et-les"]}]},{"@type":"ImageObject","inLanguage":"fr-FR","@id":"https:\/\/www.africa-press.net\/niger\/toutes-les-actualites\/lancement-dune-campagne-de-plaidoyer-a-agadez-le-mediateur-de-la-republique-simplique-en-faveur-de-lactualisation-du-cadre-juridique-national-protegeant-les-femmes-et-les#primaryimage","url":"https:\/\/static.africa-press.net\/niger\/sites\/40\/2021\/09\/img-6135f7db674d1.jpg","contentUrl":"https:\/\/static.africa-press.net\/niger\/sites\/40\/2021\/09\/img-6135f7db674d1.jpg","width":720,"height":348,"caption":"Lancement d\u2019une campagne de plaidoyer \u00e0 Agadez : Le M\u00e9diateur de la R\u00e9publique s\u2019implique en faveur de l\u2019actualisation du cadre juridique national prot\u00e9geant les femmes et les jeunes filles"},{"@type":"BreadcrumbList","@id":"https:\/\/www.africa-press.net\/niger\/toutes-les-actualites\/lancement-dune-campagne-de-plaidoyer-a-agadez-le-mediateur-de-la-republique-simplique-en-faveur-de-lactualisation-du-cadre-juridique-national-protegeant-les-femmes-et-les#breadcrumb","itemListElement":[{"@type":"ListItem","position":1,"name":"Accueil","item":"https:\/\/www.africa-press.net\/niger\/"},{"@type":"ListItem","position":2,"name":"Lancement d\u2019une campagne de plaidoyer \u00e0 Agadez : Le M\u00e9diateur de la R\u00e9publique s\u2019implique en faveur de l\u2019actualisation du cadre juridique national prot\u00e9geant les femmes et les jeunes filles"}]},{"@type":"WebSite","@id":"https:\/\/www.africa-press.net\/niger\/#website","url":"https:\/\/www.africa-press.net\/niger\/","name":"niger","description":"Just another Africa News Agency Sites site","potentialAction":[{"@type":"SearchAction","target":{"@type":"EntryPoint","urlTemplate":"https:\/\/www.africa-press.net\/niger\/?s={search_term_string}"},"query-input":{"@type":"PropertyValueSpecification","valueRequired":true,"valueName":"search_term_string"}}],"inLanguage":"fr-FR"},{"@type":"Person","@id":"https:\/\/www.africa-press.net\/niger\/#\/schema\/person\/2b1cf3cd81a31e3cd26889ca66d677f1","name":"cfeditorfr"}]}},"_links":{"self":[{"href":"https:\/\/www.africa-press.net\/niger\/wp-json\/wp\/v2\/posts\/11271","targetHints":{"allow":["GET"]}}],"collection":[{"href":"https:\/\/www.africa-press.net\/niger\/wp-json\/wp\/v2\/posts"}],"about":[{"href":"https:\/\/www.africa-press.net\/niger\/wp-json\/wp\/v2\/types\/post"}],"author":[{"embeddable":true,"href":"https:\/\/www.africa-press.net\/niger\/wp-json\/wp\/v2\/users\/82"}],"replies":[{"embeddable":true,"href":"https:\/\/www.africa-press.net\/niger\/wp-json\/wp\/v2\/comments?post=11271"}],"version-history":[{"count":0,"href":"https:\/\/www.africa-press.net\/niger\/wp-json\/wp\/v2\/posts\/11271\/revisions"}],"wp:featuredmedia":[{"embeddable":true,"href":"https:\/\/www.africa-press.net\/niger\/wp-json\/wp\/v2\/media\/11270"}],"wp:attachment":[{"href":"https:\/\/www.africa-press.net\/niger\/wp-json\/wp\/v2\/media?parent=11271"}],"wp:term":[{"taxonomy":"category","embeddable":true,"href":"https:\/\/www.africa-press.net\/niger\/wp-json\/wp\/v2\/categories?post=11271"},{"taxonomy":"post_tag","embeddable":true,"href":"https:\/\/www.africa-press.net\/niger\/wp-json\/wp\/v2\/tags?post=11271"}],"curies":[{"name":"wp","href":"https:\/\/api.w.org\/{rel}","templated":true}]}}