{"id":11280,"date":"2021-09-06T11:59:36","date_gmt":"2021-09-06T11:59:36","guid":{"rendered":"https:\/\/www.africa-press.net\/niger\/?p=11280"},"modified":"2021-09-06T17:29:03","modified_gmt":"2021-09-06T17:29:03","slug":"niamey-cherte-de-certains-produits-sur-le-marche-le-prix-des-epices-en-hausse-sur-les-marches-de-la-capitale","status":"publish","type":"post","link":"https:\/\/www.africa-press.net\/niger\/economie\/niamey-cherte-de-certains-produits-sur-le-marche-le-prix-des-epices-en-hausse-sur-les-marches-de-la-capitale","title":{"rendered":"Niamey\/Chert\u00e9 de certains produits sur le march\u00e9 : Le prix des \u00e9pices en hausse sur les march\u00e9s de la capitale"},"content":{"rendered":"<p><span style=\"color: #ff6600\"><strong><a href=\"https:\/\/www.africa-press.net\/\">Africa-Press<\/a> &#8211; <a href=\"https:\/\/www.africa-press.net\/niger\">Niger<\/a>. <\/strong><\/span>Les \u00e9pices, commun\u00e9ment appel\u00e9 \u00abyaji\u00bb en langue haussa et zarma, sont des \u00e9l\u00e9ments incontournables dans la pr\u00e9paration et l\u2019assaisonnement des diff\u00e9rents mets dont raffolent les Nig\u00e9riens. Partout sur les march\u00e9s de la capitale en cette saison pluvieuse, on constate une inflation qui tire les prix vers le haut. Cette situation, plombe le panier de la m\u00e9nag\u00e8re et alourdit les d\u00e9penses de la famille.<\/p>\n<p>Sur le march\u00e9, il y a deux types d\u2019\u00e9pices : les \u00e9pices fraiches et les \u00e9pices s\u00e9ch\u00e9es. Parmi les \u00e9pices s\u00e8ches, on y trouve plusieurs vari\u00e9t\u00e9s : poivre noir, rouge, blanc, noix de muscade, fausse muscade, coriandre, cannelle, cardamome, \u00e9toile d\u2019anis, koranfle, curcuma, gingembre, ail, al kaimoune, dan Alger, dan Agadez, feuilles de thym, etc. Les \u00e9pices fraiches se constituent de persil et c\u00e9leri, l\u2019ail, ciboulette, basilique, poivron, piment vert, etc. Toutes ces \u00e9pices proviennent non seulement de l\u2019int\u00e9rieur du pays comme Maradi et Agadez mais aussi de l\u2019ext\u00e9rieur. \u00abCertains produits nous viennent du Maroc, d\u2019Alg\u00e9rie, du Nig\u00e9ria et de bien d\u2019autres pays\u00bb, confie Mahmidou Son Allah Hello, revendeur au march\u00e9 Dol\u00e9 de Niamey (le nouveau site du march\u00e9 Djamagu\u00e9).<\/p>\n<p>Relativement aux prix de ces produits, M. Mahmidou a soulign\u00e9 qu\u2019il y\u2019 a des \u00e9pices en sacs de 50kg et de 100kg, dont les prix sont compris entre 55.000 fcfa et 275.000 fcfa. Il y\u2019a aussi des \u00e9pices qui viennent en cartons de 10kg comme la cannelle qui coute 55.000 francs cfa. Selon M. Mahmidou, la vente sur le march\u00e9 se fait en d\u00e9taille. Expliquant les prix actuel de ces produits sur le march\u00e9, M. Mahmidou a soulign\u00e9 que l\u2019unit\u00e9 de cannelle est \u00e0 100f. Le kilo de poivre quant \u00e0 lui est \u00e0 4.000f au lieu de 3.500f, il y\u2019a quelques semaines. Le tangolo (la mesure) de la fausse muscade est \u00e0 900f au lieu de 700f. Pour al kaimoune, le sac de 100kg co\u00fbte 235.000 fcfa et la tasse \u00e0 6000f. Le sac de \u00abdan Alger\u00bb coute 52.000fcfa au lieu de 50.000 fcfa il y\u2019a quelques semaines et la mesure est \u00e0 1.200f. Le sac de \u00abdan Agadez\u00bb co\u00fbte 160.000 fcfa et la tasse 2.500fcfa. Quant au sac de gingembre de 50kg, il est \u00e0 55.000 fcfa, le sac du clou de girofle de 50 kg \u00e0 275.000 fcfa et la tasse de coriandre est \u00e0 2.000 francs cfa.<\/p>\n<p>M. Mahmidou souligne que le commerce des \u00e9pices est tr\u00e8s difficile. \u00abDe fois nous faisons des b\u00e9n\u00e9fices mais il y\u2019a aussi des moments o\u00f9 nous nous contentons juste de recouvrer le prix d\u2019achat. La plupart de nos clients pr\u00e9f\u00e8rent payer ces \u00e9pices en m\u00e9lange de 100 \u00e0 500fcfa, d\u2019o\u00f9 cette difficult\u00e9\u00bb, ajoute-il.<\/p>\n<p>M. Nazirou Kadiri, un autre revendeur d\u2019\u00e9pices du march\u00e9 Dol\u00e9 de Niamey, a expliqu\u00e9 que la chert\u00e9 des \u00e9pices en ce moment se justifie par la raret\u00e9 des produits en cette p\u00e9riode. \u00abC\u2019est en cette p\u00e9riode que la production est faite. Donc la r\u00e9colte n\u2019\u00e9tant pas pr\u00eate, il va falloir attendre novembre et d\u00e9cembre pour voir les prix baisser. Maintenant, ce sont les anciens stocks qui sont en vente. Nous les payons tr\u00e8s chers aussi et pour faire un peu de b\u00e9n\u00e9fice nous les vendons chers. Vous comprenez, alors la chert\u00e9 ne d\u00e9pend pas de notre volont\u00e9\u00bb, d\u00e9clare-t-il.<\/p>\n<p>Malika et Salamatou, clientes de Nazirou que nous avions rencontr\u00e9es au march\u00e9, ont d\u00e9plor\u00e9 le fait que ces produits soient chers en cette p\u00e9riode. \u00abMaintenant nous trouvons les \u00e9pices chers et dans tous les march\u00e9 de la capitale c\u2019est la m\u00eame situation. Quand on demande un m\u00e9lange d\u2019\u00e9pices commun\u00e9ment appel\u00e9 \u2018\u2019yaji marga marga\u2019\u2019 on nous dit qu\u2019il y en a seulement \u00e0 partir de 250 fcfa. Nous comprenons cette situation, car c\u2019est la p\u00e9riode qui fait hausser les prix de ces \u00e9pices\u00bb, explique Malika. En attendant les r\u00e9coltes, les femmes continuerons \u00e0 acheter chers les \u00e9pices afin de rendre plus assaisonn\u00e9 les plats pour le bien des foyers.<\/p>\n<p><b>\u00a0<\/b><\/p>\n","protected":false},"excerpt":{"rendered":"<p>Africa-Press &#8211; Niger. Les \u00e9pices, commun\u00e9ment appel\u00e9 \u00abyaji\u00bb en langue haussa et zarma, sont des \u00e9l\u00e9ments incontournables dans la pr\u00e9paration et l\u2019assaisonnement des diff\u00e9rents mets dont raffolent les Nig\u00e9riens. Partout sur les march\u00e9s de la capitale en cette saison pluvieuse, on constate une inflation qui tire les prix vers le haut. Cette situation, plombe le [&hellip;]<\/p>\n","protected":false},"author":82,"featured_media":11279,"comment_status":"open","ping_status":"closed","sticky":false,"template":"","format":"standard","meta":{"footnotes":""},"categories":[3,11,10],"tags":[55,60,29],"class_list":["post-11280","post","type-post","status-publish","format-standard","has-post-thumbnail","hentry","category-economie","category-homepage-french","category-toutes-les-actualites","tag-africa-press","tag-africa-press-niger","tag-niger"],"yoast_head":"<!-- This site is optimized with the Yoast SEO Premium plugin v26.1 (Yoast SEO v27.0) - https:\/\/yoast.com\/product\/yoast-seo-premium-wordpress\/ -->\n<title>Niamey\/Chert\u00e9 de certains produits sur le march\u00e9 : Le prix des \u00e9pices en hausse sur les march\u00e9s de la capitale - niger<\/title>\n<meta name=\"description\" content=\"\ufeffLes \u00e9pices, commun\u00e9ment appel\u00e9 \u00abyaji\u00bb en langue haussa et zarma, sont des \u00e9l\u00e9ments incontournables dans la pr\u00e9paration ...\" \/>\n<meta name=\"robots\" content=\"index, follow, max-snippet:-1, max-image-preview:large, max-video-preview:-1\" \/>\n<link rel=\"canonical\" href=\"https:\/\/www.africa-press.net\/niger\/economie\/niamey-cherte-de-certains-produits-sur-le-marche-le-prix-des-epices-en-hausse-sur-les-marches-de-la-capitale\" \/>\n<meta property=\"og:locale\" content=\"fr_FR\" \/>\n<meta property=\"og:type\" content=\"article\" \/>\n<meta property=\"og:title\" content=\"Niamey\/Chert\u00e9 de certains produits sur le march\u00e9 : Le prix des \u00e9pices en hausse sur les march\u00e9s de la capitale\" \/>\n<meta property=\"og:description\" content=\"\ufeffLes \u00e9pices, commun\u00e9ment appel\u00e9 \u00abyaji\u00bb en langue haussa et zarma, sont des \u00e9l\u00e9ments incontournables dans la pr\u00e9paration ...\" \/>\n<meta property=\"og:url\" content=\"https:\/\/www.africa-press.net\/niger\/economie\/niamey-cherte-de-certains-produits-sur-le-marche-le-prix-des-epices-en-hausse-sur-les-marches-de-la-capitale\" \/>\n<meta property=\"og:site_name\" content=\"niger\" \/>\n<meta property=\"article:published_time\" content=\"2021-09-06T11:59:36+00:00\" \/>\n<meta property=\"article:modified_time\" content=\"2021-09-06T17:29:03+00:00\" \/>\n<meta property=\"og:image\" content=\"https:\/\/static.africa-press.net\/niger\/sites\/40\/2021\/09\/img-6135f88648bd5.jpg\" \/>\n\t<meta property=\"og:image:width\" content=\"720\" \/>\n\t<meta property=\"og:image:height\" content=\"428\" \/>\n\t<meta property=\"og:image:type\" content=\"image\/jpeg\" \/>\n<meta name=\"author\" content=\"cfeditorfr\" \/>\n<meta name=\"twitter:card\" content=\"summary_large_image\" \/>\n<meta name=\"twitter:label1\" content=\"\u00c9crit par\" \/>\n\t<meta name=\"twitter:data1\" content=\"cfeditorfr\" \/>\n\t<meta name=\"twitter:label2\" content=\"Dur\u00e9e de lecture estim\u00e9e\" \/>\n\t<meta name=\"twitter:data2\" content=\"3 minutes\" \/>\n<script type=\"application\/ld+json\" class=\"yoast-schema-graph\">{\"@context\":\"https:\/\/schema.org\",\"@graph\":[{\"@type\":\"Article\",\"@id\":\"https:\/\/www.africa-press.net\/niger\/economie\/niamey-cherte-de-certains-produits-sur-le-marche-le-prix-des-epices-en-hausse-sur-les-marches-de-la-capitale#article\",\"isPartOf\":{\"@id\":\"https:\/\/www.africa-press.net\/niger\/economie\/niamey-cherte-de-certains-produits-sur-le-marche-le-prix-des-epices-en-hausse-sur-les-marches-de-la-capitale\"},\"author\":{\"name\":\"cfeditorfr\",\"@id\":\"https:\/\/www.africa-press.net\/niger\/#\/schema\/person\/2b1cf3cd81a31e3cd26889ca66d677f1\"},\"headline\":\"Niamey\/Chert\u00e9 de certains produits sur le march\u00e9 : Le prix des \u00e9pices en hausse sur les march\u00e9s de la capitale\",\"datePublished\":\"2021-09-06T11:59:36+00:00\",\"dateModified\":\"2021-09-06T17:29:03+00:00\",\"mainEntityOfPage\":{\"@id\":\"https:\/\/www.africa-press.net\/niger\/economie\/niamey-cherte-de-certains-produits-sur-le-marche-le-prix-des-epices-en-hausse-sur-les-marches-de-la-capitale\"},\"wordCount\":709,\"commentCount\":0,\"image\":{\"@id\":\"https:\/\/www.africa-press.net\/niger\/economie\/niamey-cherte-de-certains-produits-sur-le-marche-le-prix-des-epices-en-hausse-sur-les-marches-de-la-capitale#primaryimage\"},\"thumbnailUrl\":\"https:\/\/static.africa-press.net\/niger\/sites\/40\/2021\/09\/img-6135f88648bd5.jpg\",\"keywords\":[\"Africa Press\",\"Africa Press-Niger\",\"Niger\"],\"articleSection\":[\"\u00c9conomie\",\"homepage-french\",\"Toutes les actualit\u00e9s\"],\"inLanguage\":\"fr-FR\",\"potentialAction\":[{\"@type\":\"CommentAction\",\"name\":\"Comment\",\"target\":[\"https:\/\/www.africa-press.net\/niger\/economie\/niamey-cherte-de-certains-produits-sur-le-marche-le-prix-des-epices-en-hausse-sur-les-marches-de-la-capitale#respond\"]}]},{\"@type\":\"WebPage\",\"@id\":\"https:\/\/www.africa-press.net\/niger\/economie\/niamey-cherte-de-certains-produits-sur-le-marche-le-prix-des-epices-en-hausse-sur-les-marches-de-la-capitale\",\"url\":\"https:\/\/www.africa-press.net\/niger\/economie\/niamey-cherte-de-certains-produits-sur-le-marche-le-prix-des-epices-en-hausse-sur-les-marches-de-la-capitale\",\"name\":\"Niamey\/Chert\u00e9 de certains produits sur le march\u00e9 : Le prix des \u00e9pices en hausse sur les march\u00e9s de la capitale - niger\",\"isPartOf\":{\"@id\":\"https:\/\/www.africa-press.net\/niger\/#website\"},\"primaryImageOfPage\":{\"@id\":\"https:\/\/www.africa-press.net\/niger\/economie\/niamey-cherte-de-certains-produits-sur-le-marche-le-prix-des-epices-en-hausse-sur-les-marches-de-la-capitale#primaryimage\"},\"image\":{\"@id\":\"https:\/\/www.africa-press.net\/niger\/economie\/niamey-cherte-de-certains-produits-sur-le-marche-le-prix-des-epices-en-hausse-sur-les-marches-de-la-capitale#primaryimage\"},\"thumbnailUrl\":\"https:\/\/static.africa-press.net\/niger\/sites\/40\/2021\/09\/img-6135f88648bd5.jpg\",\"datePublished\":\"2021-09-06T11:59:36+00:00\",\"dateModified\":\"2021-09-06T17:29:03+00:00\",\"author\":{\"@id\":\"https:\/\/www.africa-press.net\/niger\/#\/schema\/person\/2b1cf3cd81a31e3cd26889ca66d677f1\"},\"description\":\"\ufeffLes \u00e9pices, commun\u00e9ment appel\u00e9 \u00abyaji\u00bb en langue haussa et zarma, sont des \u00e9l\u00e9ments incontournables dans la pr\u00e9paration ...\",\"breadcrumb\":{\"@id\":\"https:\/\/www.africa-press.net\/niger\/economie\/niamey-cherte-de-certains-produits-sur-le-marche-le-prix-des-epices-en-hausse-sur-les-marches-de-la-capitale#breadcrumb\"},\"inLanguage\":\"fr-FR\",\"potentialAction\":[{\"@type\":\"ReadAction\",\"target\":[\"https:\/\/www.africa-press.net\/niger\/economie\/niamey-cherte-de-certains-produits-sur-le-marche-le-prix-des-epices-en-hausse-sur-les-marches-de-la-capitale\"]}]},{\"@type\":\"ImageObject\",\"inLanguage\":\"fr-FR\",\"@id\":\"https:\/\/www.africa-press.net\/niger\/economie\/niamey-cherte-de-certains-produits-sur-le-marche-le-prix-des-epices-en-hausse-sur-les-marches-de-la-capitale#primaryimage\",\"url\":\"https:\/\/static.africa-press.net\/niger\/sites\/40\/2021\/09\/img-6135f88648bd5.jpg\",\"contentUrl\":\"https:\/\/static.africa-press.net\/niger\/sites\/40\/2021\/09\/img-6135f88648bd5.jpg\",\"width\":720,\"height\":428,\"caption\":\"Niamey\/Chert\u00e9 de certains produits sur le march\u00e9 : Le prix des \u00e9pices en hausse sur les march\u00e9s de la capitale\"},{\"@type\":\"BreadcrumbList\",\"@id\":\"https:\/\/www.africa-press.net\/niger\/economie\/niamey-cherte-de-certains-produits-sur-le-marche-le-prix-des-epices-en-hausse-sur-les-marches-de-la-capitale#breadcrumb\",\"itemListElement\":[{\"@type\":\"ListItem\",\"position\":1,\"name\":\"Accueil\",\"item\":\"https:\/\/www.africa-press.net\/niger\/\"},{\"@type\":\"ListItem\",\"position\":2,\"name\":\"Niamey\/Chert\u00e9 de certains produits sur le march\u00e9 : Le prix des \u00e9pices en hausse sur les march\u00e9s de la capitale\"}]},{\"@type\":\"WebSite\",\"@id\":\"https:\/\/www.africa-press.net\/niger\/#website\",\"url\":\"https:\/\/www.africa-press.net\/niger\/\",\"name\":\"niger\",\"description\":\"Just another Africa News Agency Sites site\",\"potentialAction\":[{\"@type\":\"SearchAction\",\"target\":{\"@type\":\"EntryPoint\",\"urlTemplate\":\"https:\/\/www.africa-press.net\/niger\/?s={search_term_string}\"},\"query-input\":{\"@type\":\"PropertyValueSpecification\",\"valueRequired\":true,\"valueName\":\"search_term_string\"}}],\"inLanguage\":\"fr-FR\"},{\"@type\":\"Person\",\"@id\":\"https:\/\/www.africa-press.net\/niger\/#\/schema\/person\/2b1cf3cd81a31e3cd26889ca66d677f1\",\"name\":\"cfeditorfr\"}]}<\/script>\n<!-- \/ Yoast SEO Premium plugin. -->","yoast_head_json":{"title":"Niamey\/Chert\u00e9 de certains produits sur le march\u00e9 : Le prix des \u00e9pices en hausse sur les march\u00e9s de la capitale - niger","description":"\ufeffLes \u00e9pices, commun\u00e9ment appel\u00e9 \u00abyaji\u00bb en langue haussa et zarma, sont des \u00e9l\u00e9ments incontournables dans la pr\u00e9paration ...","robots":{"index":"index","follow":"follow","max-snippet":"max-snippet:-1","max-image-preview":"max-image-preview:large","max-video-preview":"max-video-preview:-1"},"canonical":"https:\/\/www.africa-press.net\/niger\/economie\/niamey-cherte-de-certains-produits-sur-le-marche-le-prix-des-epices-en-hausse-sur-les-marches-de-la-capitale","og_locale":"fr_FR","og_type":"article","og_title":"Niamey\/Chert\u00e9 de certains produits sur le march\u00e9 : Le prix des \u00e9pices en hausse sur les march\u00e9s de la capitale","og_description":"\ufeffLes \u00e9pices, commun\u00e9ment appel\u00e9 \u00abyaji\u00bb en langue haussa et zarma, sont des \u00e9l\u00e9ments incontournables dans la pr\u00e9paration ...","og_url":"https:\/\/www.africa-press.net\/niger\/economie\/niamey-cherte-de-certains-produits-sur-le-marche-le-prix-des-epices-en-hausse-sur-les-marches-de-la-capitale","og_site_name":"niger","article_published_time":"2021-09-06T11:59:36+00:00","article_modified_time":"2021-09-06T17:29:03+00:00","og_image":[{"width":720,"height":428,"url":"https:\/\/static.africa-press.net\/niger\/sites\/40\/2021\/09\/img-6135f88648bd5.jpg","type":"image\/jpeg"}],"author":"cfeditorfr","twitter_card":"summary_large_image","twitter_misc":{"\u00c9crit par":"cfeditorfr","Dur\u00e9e de lecture estim\u00e9e":"3 minutes"},"schema":{"@context":"https:\/\/schema.org","@graph":[{"@type":"Article","@id":"https:\/\/www.africa-press.net\/niger\/economie\/niamey-cherte-de-certains-produits-sur-le-marche-le-prix-des-epices-en-hausse-sur-les-marches-de-la-capitale#article","isPartOf":{"@id":"https:\/\/www.africa-press.net\/niger\/economie\/niamey-cherte-de-certains-produits-sur-le-marche-le-prix-des-epices-en-hausse-sur-les-marches-de-la-capitale"},"author":{"name":"cfeditorfr","@id":"https:\/\/www.africa-press.net\/niger\/#\/schema\/person\/2b1cf3cd81a31e3cd26889ca66d677f1"},"headline":"Niamey\/Chert\u00e9 de certains produits sur le march\u00e9 : Le prix des \u00e9pices en hausse sur les march\u00e9s de la capitale","datePublished":"2021-09-06T11:59:36+00:00","dateModified":"2021-09-06T17:29:03+00:00","mainEntityOfPage":{"@id":"https:\/\/www.africa-press.net\/niger\/economie\/niamey-cherte-de-certains-produits-sur-le-marche-le-prix-des-epices-en-hausse-sur-les-marches-de-la-capitale"},"wordCount":709,"commentCount":0,"image":{"@id":"https:\/\/www.africa-press.net\/niger\/economie\/niamey-cherte-de-certains-produits-sur-le-marche-le-prix-des-epices-en-hausse-sur-les-marches-de-la-capitale#primaryimage"},"thumbnailUrl":"https:\/\/static.africa-press.net\/niger\/sites\/40\/2021\/09\/img-6135f88648bd5.jpg","keywords":["Africa Press","Africa Press-Niger","Niger"],"articleSection":["\u00c9conomie","homepage-french","Toutes les actualit\u00e9s"],"inLanguage":"fr-FR","potentialAction":[{"@type":"CommentAction","name":"Comment","target":["https:\/\/www.africa-press.net\/niger\/economie\/niamey-cherte-de-certains-produits-sur-le-marche-le-prix-des-epices-en-hausse-sur-les-marches-de-la-capitale#respond"]}]},{"@type":"WebPage","@id":"https:\/\/www.africa-press.net\/niger\/economie\/niamey-cherte-de-certains-produits-sur-le-marche-le-prix-des-epices-en-hausse-sur-les-marches-de-la-capitale","url":"https:\/\/www.africa-press.net\/niger\/economie\/niamey-cherte-de-certains-produits-sur-le-marche-le-prix-des-epices-en-hausse-sur-les-marches-de-la-capitale","name":"Niamey\/Chert\u00e9 de certains produits sur le march\u00e9 : Le prix des \u00e9pices en hausse sur les march\u00e9s de la capitale - niger","isPartOf":{"@id":"https:\/\/www.africa-press.net\/niger\/#website"},"primaryImageOfPage":{"@id":"https:\/\/www.africa-press.net\/niger\/economie\/niamey-cherte-de-certains-produits-sur-le-marche-le-prix-des-epices-en-hausse-sur-les-marches-de-la-capitale#primaryimage"},"image":{"@id":"https:\/\/www.africa-press.net\/niger\/economie\/niamey-cherte-de-certains-produits-sur-le-marche-le-prix-des-epices-en-hausse-sur-les-marches-de-la-capitale#primaryimage"},"thumbnailUrl":"https:\/\/static.africa-press.net\/niger\/sites\/40\/2021\/09\/img-6135f88648bd5.jpg","datePublished":"2021-09-06T11:59:36+00:00","dateModified":"2021-09-06T17:29:03+00:00","author":{"@id":"https:\/\/www.africa-press.net\/niger\/#\/schema\/person\/2b1cf3cd81a31e3cd26889ca66d677f1"},"description":"\ufeffLes \u00e9pices, commun\u00e9ment appel\u00e9 \u00abyaji\u00bb en langue haussa et zarma, sont des \u00e9l\u00e9ments incontournables dans la pr\u00e9paration ...","breadcrumb":{"@id":"https:\/\/www.africa-press.net\/niger\/economie\/niamey-cherte-de-certains-produits-sur-le-marche-le-prix-des-epices-en-hausse-sur-les-marches-de-la-capitale#breadcrumb"},"inLanguage":"fr-FR","potentialAction":[{"@type":"ReadAction","target":["https:\/\/www.africa-press.net\/niger\/economie\/niamey-cherte-de-certains-produits-sur-le-marche-le-prix-des-epices-en-hausse-sur-les-marches-de-la-capitale"]}]},{"@type":"ImageObject","inLanguage":"fr-FR","@id":"https:\/\/www.africa-press.net\/niger\/economie\/niamey-cherte-de-certains-produits-sur-le-marche-le-prix-des-epices-en-hausse-sur-les-marches-de-la-capitale#primaryimage","url":"https:\/\/static.africa-press.net\/niger\/sites\/40\/2021\/09\/img-6135f88648bd5.jpg","contentUrl":"https:\/\/static.africa-press.net\/niger\/sites\/40\/2021\/09\/img-6135f88648bd5.jpg","width":720,"height":428,"caption":"Niamey\/Chert\u00e9 de certains produits sur le march\u00e9 : Le prix des \u00e9pices en hausse sur les march\u00e9s de la capitale"},{"@type":"BreadcrumbList","@id":"https:\/\/www.africa-press.net\/niger\/economie\/niamey-cherte-de-certains-produits-sur-le-marche-le-prix-des-epices-en-hausse-sur-les-marches-de-la-capitale#breadcrumb","itemListElement":[{"@type":"ListItem","position":1,"name":"Accueil","item":"https:\/\/www.africa-press.net\/niger\/"},{"@type":"ListItem","position":2,"name":"Niamey\/Chert\u00e9 de certains produits sur le march\u00e9 : Le prix des \u00e9pices en hausse sur les march\u00e9s de la capitale"}]},{"@type":"WebSite","@id":"https:\/\/www.africa-press.net\/niger\/#website","url":"https:\/\/www.africa-press.net\/niger\/","name":"niger","description":"Just another Africa News Agency Sites site","potentialAction":[{"@type":"SearchAction","target":{"@type":"EntryPoint","urlTemplate":"https:\/\/www.africa-press.net\/niger\/?s={search_term_string}"},"query-input":{"@type":"PropertyValueSpecification","valueRequired":true,"valueName":"search_term_string"}}],"inLanguage":"fr-FR"},{"@type":"Person","@id":"https:\/\/www.africa-press.net\/niger\/#\/schema\/person\/2b1cf3cd81a31e3cd26889ca66d677f1","name":"cfeditorfr"}]}},"_links":{"self":[{"href":"https:\/\/www.africa-press.net\/niger\/wp-json\/wp\/v2\/posts\/11280","targetHints":{"allow":["GET"]}}],"collection":[{"href":"https:\/\/www.africa-press.net\/niger\/wp-json\/wp\/v2\/posts"}],"about":[{"href":"https:\/\/www.africa-press.net\/niger\/wp-json\/wp\/v2\/types\/post"}],"author":[{"embeddable":true,"href":"https:\/\/www.africa-press.net\/niger\/wp-json\/wp\/v2\/users\/82"}],"replies":[{"embeddable":true,"href":"https:\/\/www.africa-press.net\/niger\/wp-json\/wp\/v2\/comments?post=11280"}],"version-history":[{"count":0,"href":"https:\/\/www.africa-press.net\/niger\/wp-json\/wp\/v2\/posts\/11280\/revisions"}],"wp:featuredmedia":[{"embeddable":true,"href":"https:\/\/www.africa-press.net\/niger\/wp-json\/wp\/v2\/media\/11279"}],"wp:attachment":[{"href":"https:\/\/www.africa-press.net\/niger\/wp-json\/wp\/v2\/media?parent=11280"}],"wp:term":[{"taxonomy":"category","embeddable":true,"href":"https:\/\/www.africa-press.net\/niger\/wp-json\/wp\/v2\/categories?post=11280"},{"taxonomy":"post_tag","embeddable":true,"href":"https:\/\/www.africa-press.net\/niger\/wp-json\/wp\/v2\/tags?post=11280"}],"curies":[{"name":"wp","href":"https:\/\/api.w.org\/{rel}","templated":true}]}}