{"id":11283,"date":"2021-09-06T12:10:20","date_gmt":"2021-09-06T12:10:20","guid":{"rendered":"https:\/\/www.africa-press.net\/niger\/?p=11283"},"modified":"2021-09-06T17:29:09","modified_gmt":"2021-09-06T17:29:09","slug":"ouverture-de-la-1ere-edition-de-la-semaine-culturelle-du-dendi-a-gaya-un-festival-pour-la-sauvegarde-et-la-valorisation-du-patrimoine-culturel-dendi","status":"publish","type":"post","link":"https:\/\/www.africa-press.net\/niger\/culture-et-art\/ouverture-de-la-1ere-edition-de-la-semaine-culturelle-du-dendi-a-gaya-un-festival-pour-la-sauvegarde-et-la-valorisation-du-patrimoine-culturel-dendi","title":{"rendered":"Ouverture de la 1\u00e8re \u00e9dition de la Semaine culturelle du Dendi \u00e0 Gaya :Un festival pour la sauvegarde et la valorisation du patrimoine culturel Dendi"},"content":{"rendered":"<p><span style=\"color: #ff6600\"><strong><a href=\"https:\/\/www.africa-press.net\/\">Africa-Press<\/a> &#8211; <a href=\"https:\/\/www.africa-press.net\/niger\">Niger<\/a>. <\/strong><\/span>La ville de Gaya a vibr\u00e9, du 3 au 5 septembre 2021 dernier, au rythme de ses impressionnantes traditions et histoires mystiques. C\u2019est une manifestation culturelle riche en couleurs et premi\u00e8re du genre qui a \u00e9t\u00e9 organis\u00e9e par l\u2019association Union Dendi avec l\u2019appui des autorit\u00e9s d\u00e9partementales et communales de Gaya et la participation du Minist\u00e8re de la Culture. Cette premi\u00e8re \u00e9dition du festival intitul\u00e9 \u00abSemaine culturelle du Dendi\u00bb, plac\u00e9e sous le parrainage du Haut repr\u00e9sentant du Pr\u00e9sident de la R\u00e9publique, a \u00e9t\u00e9 une v\u00e9ritable vitrine de la richesse culturelle du terroir du Dendi, dans toute sa diversit\u00e9.<\/p>\n<p>Les riches ressources culturelles d\u2019antan du d\u00e9partement de Gaya (dans la r\u00e9gion de Dosso) semblent \u00eatre en voie de disparition. Cette identit\u00e9 dendi a \u00e9t\u00e9 pourtant pendant longtemps une source d\u2019inspiration de la c\u00e9l\u00e8bre troupe artistique Tchanguey de Gaya, plusieurs fois prim\u00e9e aux festivals de la jeunesse qui s\u2019organisaient jadis avec notamment des ballets comme \u00abGanyakoye\u00bb et \u00abDanbenkarh\u00e9\u00bb des ann\u00e9es 1980 mais qui reviennent encore tr\u00e8s souvent sur la t\u00e9l\u00e9vision nationale. \u00abLe patrimoine culturel m\u00e9rite d\u2019\u00eatre sauvegard\u00e9\u00bb, a dit le pr\u00e9sident de l\u2019Union Dendi, association des ressortissants du d\u00e9partement de Gaya, M. Moumouni Hassane, au lancement des activit\u00e9s culturelles en pr\u00e9sence du Haut Repr\u00e9sentant du Pr\u00e9sident de la R\u00e9publique M. Foumakoye Gado.<\/p>\n<p>Ce faisant, des animations et spectacles culturels ont eu lieu \u00e0 la maison des jeunes et de la culture Adamou Fodi de Gaya, ainsi qu\u2019\u00e0 la Samaria (place publique) du quartier Dendi. La semaine a \u00e9t\u00e9 marqu\u00e9e aussi par une excursion publique sur les sites historiques des fameux serpents g\u00e9nies, anges gardiens de l\u2019histoire du canton, \u00e0 savoir : la grotte de Kombalati qui fait face au fleuve Niger et la falaise de \u00abBarri Zangou\u00bb au Nord-ouest du village de Tara (situ\u00e9 \u00e015 km a l\u2019Ouest de Gaya). Il faut noter que le r\u00e9pertoire artistique du d\u00e9partement de Gaya traduit \u00e0 suffisance le v\u00e9cu de la population du Dendi. Selon le pr\u00e9sident de l\u2019association Union Dendi, ce festival est initi\u00e9 pour \u00eatre aussi un rendez-vous de toutes les cultures du Niger, d\u2019Afrique et d\u2019ailleurs, dans leurs diversit\u00e9s. Autrement dit, \u00abun festival du Dendi ouvert \u00e0 tous\u00bb, a-t-il lanc\u00e9, avant d\u2019inviter les autorit\u00e9s \u00e0 soutenir l\u2019initiative.<\/p>\n<p>A cette m\u00eame occasion du lancement de ladite Semaine culturelle, le pr\u00e9fet du d\u00e9partement de Gaya a tenu \u00e0 f\u00e9liciter l\u2019Union Dendi pour avoir con\u00e7u et organis\u00e9 l\u2019\u00e9v\u00e9nement. \u00abPar cet acte, l\u2019association vient de s\u2019inscrire r\u00e9solument dans le processus historique et dynamique de l\u2019espace Dendi\u00bb, a d\u00e9clar\u00e9 M. Adamou Harouna, soulignant l\u2019harmonieuse ad\u00e9quation de l\u2019initiative avec le concept \u00abDendi Ganda\u00bb, fruit d\u2019\u00e9minentes recherches des universitaires nig\u00e9riens, nig\u00e9rians et b\u00e9ninois en tant que programme de coop\u00e9ration transfrontali\u00e8re socio-\u00e9conomique et culturel. Le programme concerne, en effet, six communes du d\u00e9partement de Gaya, quatre communes du Nig\u00e9ria, et deux communes du B\u00e9nin qui forment l\u2019espace historique attractif Gaya-Mallanville-Kamba. \u00abLe d\u00e9partement de Gaya est en train de renaitre. Toute chose qui cadre parfaitement avec le programme de la renaissance acte III et la D\u00e9claration de politique g\u00e9n\u00e9rale du gouvernement\u00bb, a indiqu\u00e9 le pr\u00e9fet Adamou Harouna. Il a, cependant, exhort\u00e9 la population \u00e0 un changement de mentalit\u00e9 en faveur de ce processus promoteur, dans la coh\u00e9sion, l\u2019unit\u00e9 et la solidarit\u00e9. Puisque, dit-il, des grands enjeux existent et se posent d\u00e9j\u00e0. M. Adamou Harouna a attir\u00e9 l\u2019attention de la population \u00e0 ne pas perdre de vue la question s\u00e9curitaire caract\u00e9ris\u00e9e dans la zone par le trafic de carburant, de drogue et d\u2019armes.<\/p>\n<p>Pour la repr\u00e9sentante du ministre de la Culture, de l\u2019artisanat et du tourisme Mme Aichatou Ali Soumaila, ce projet fait, non seulement de la culture un levier de d\u00e9veloppement local, mais fait aussi de la commune urbaine de Gaya un centre d\u2019inspiration pour la valorisation du patrimoine culturel au Niger. \u00abCela consacre la d\u00e9mocratisation et l\u2019acc\u00e8s de la population \u00e0 la culture\u00bb, a-t-elle soutenu. \u00abCertains \u00e9l\u00e9ments du patrimoine culturel sont menac\u00e9s de disparition au Niger et un peu partout dans le monde. Une synergie d\u2019actions est n\u00e9cessaire, de la base au sommet\u00bb, estime la repr\u00e9sentante du ministre. Et c\u2019est justement en cela que cette dynamique vient d\u2019\u00eatre d\u00e9clench\u00e9e \u00e0 Gaya.<\/p>\n<p>Aichatou Ali Soumaila a par ailleurs relev\u00e9 que la sauvegarde de la culture suppose des dialogues interg\u00e9n\u00e9rationnels, pour la transmission des savoirs et savoirs faire traditionnels, et des infrastructures appropri\u00e9es pour leur expression. \u00abJe suis convaincue que ce projet fera de la commune urbaine de Gaya, une r\u00e9f\u00e9rence\u00bb, a-t-elle d\u00e9clar\u00e9 tout en rassurant quant \u00e0 la disponibilit\u00e9 des autorit\u00e9s \u00e0 soutenir des telles initiatives. Cette premi\u00e8re \u00e9dition s\u2019est tenue au grand bonheur des populations et des invit\u00e9s venus pour la circonstance.<\/p>\n<p><b>\u00a0<\/b><\/p>\n","protected":false},"excerpt":{"rendered":"<p>Africa-Press &#8211; Niger. La ville de Gaya a vibr\u00e9, du 3 au 5 septembre 2021 dernier, au rythme de ses impressionnantes traditions et histoires mystiques. C\u2019est une manifestation culturelle riche en couleurs et premi\u00e8re du genre qui a \u00e9t\u00e9 organis\u00e9e par l\u2019association Union Dendi avec l\u2019appui des autorit\u00e9s d\u00e9partementales et communales de Gaya et la [&hellip;]<\/p>\n","protected":false},"author":82,"featured_media":11282,"comment_status":"open","ping_status":"closed","sticky":false,"template":"","format":"standard","meta":{"footnotes":""},"categories":[5,11,10],"tags":[55,60,29],"class_list":["post-11283","post","type-post","status-publish","format-standard","has-post-thumbnail","hentry","category-culture-et-art","category-homepage-french","category-toutes-les-actualites","tag-africa-press","tag-africa-press-niger","tag-niger"],"yoast_head":"<!-- This site is optimized with the Yoast SEO Premium plugin v26.1 (Yoast SEO v27.0) - https:\/\/yoast.com\/product\/yoast-seo-premium-wordpress\/ -->\n<title>Ouverture de la 1\u00e8re \u00e9dition de la Semaine culturelle du Dendi \u00e0 Gaya :Un festival pour la sauvegarde et la valorisation du patrimoine culturel Dendi - niger<\/title>\n<meta name=\"description\" content=\"\ufeffLa ville de Gaya a vibr\u00e9, du 3 au 5 septembre 2021 dernier, au rythme de ses impressionnantes traditions et histoires m ...\" \/>\n<meta name=\"robots\" content=\"index, follow, max-snippet:-1, max-image-preview:large, max-video-preview:-1\" \/>\n<link rel=\"canonical\" href=\"https:\/\/www.africa-press.net\/niger\/culture-et-art\/ouverture-de-la-1ere-edition-de-la-semaine-culturelle-du-dendi-a-gaya-un-festival-pour-la-sauvegarde-et-la-valorisation-du-patrimoine-culturel-dendi\" \/>\n<meta property=\"og:locale\" content=\"fr_FR\" \/>\n<meta property=\"og:type\" content=\"article\" \/>\n<meta property=\"og:title\" content=\"Ouverture de la 1\u00e8re \u00e9dition de la Semaine culturelle du Dendi \u00e0 Gaya :Un festival pour la sauvegarde et la valorisation du patrimoine culturel Dendi\" \/>\n<meta property=\"og:description\" content=\"\ufeffLa ville de Gaya a vibr\u00e9, du 3 au 5 septembre 2021 dernier, au rythme de ses impressionnantes traditions et histoires m ...\" \/>\n<meta property=\"og:url\" content=\"https:\/\/www.africa-press.net\/niger\/culture-et-art\/ouverture-de-la-1ere-edition-de-la-semaine-culturelle-du-dendi-a-gaya-un-festival-pour-la-sauvegarde-et-la-valorisation-du-patrimoine-culturel-dendi\" \/>\n<meta property=\"og:site_name\" content=\"niger\" \/>\n<meta property=\"article:published_time\" content=\"2021-09-06T12:10:20+00:00\" \/>\n<meta property=\"article:modified_time\" content=\"2021-09-06T17:29:09+00:00\" \/>\n<meta property=\"og:image\" content=\"https:\/\/static.africa-press.net\/niger\/sites\/40\/2021\/09\/img-6135f8b475b06.jpg\" \/>\n\t<meta property=\"og:image:width\" content=\"720\" \/>\n\t<meta property=\"og:image:height\" content=\"425\" \/>\n\t<meta property=\"og:image:type\" content=\"image\/jpeg\" \/>\n<meta name=\"author\" content=\"cfeditorfr\" \/>\n<meta name=\"twitter:card\" content=\"summary_large_image\" \/>\n<meta name=\"twitter:label1\" content=\"\u00c9crit par\" \/>\n\t<meta name=\"twitter:data1\" content=\"cfeditorfr\" \/>\n\t<meta name=\"twitter:label2\" content=\"Dur\u00e9e de lecture estim\u00e9e\" \/>\n\t<meta name=\"twitter:data2\" content=\"4 minutes\" \/>\n<script type=\"application\/ld+json\" class=\"yoast-schema-graph\">{\"@context\":\"https:\/\/schema.org\",\"@graph\":[{\"@type\":\"Article\",\"@id\":\"https:\/\/www.africa-press.net\/niger\/culture-et-art\/ouverture-de-la-1ere-edition-de-la-semaine-culturelle-du-dendi-a-gaya-un-festival-pour-la-sauvegarde-et-la-valorisation-du-patrimoine-culturel-dendi#article\",\"isPartOf\":{\"@id\":\"https:\/\/www.africa-press.net\/niger\/culture-et-art\/ouverture-de-la-1ere-edition-de-la-semaine-culturelle-du-dendi-a-gaya-un-festival-pour-la-sauvegarde-et-la-valorisation-du-patrimoine-culturel-dendi\"},\"author\":{\"name\":\"cfeditorfr\",\"@id\":\"https:\/\/www.africa-press.net\/niger\/#\/schema\/person\/2b1cf3cd81a31e3cd26889ca66d677f1\"},\"headline\":\"Ouverture de la 1\u00e8re \u00e9dition de la Semaine culturelle du Dendi \u00e0 Gaya :Un festival pour la sauvegarde et la valorisation du patrimoine culturel Dendi\",\"datePublished\":\"2021-09-06T12:10:20+00:00\",\"dateModified\":\"2021-09-06T17:29:09+00:00\",\"mainEntityOfPage\":{\"@id\":\"https:\/\/www.africa-press.net\/niger\/culture-et-art\/ouverture-de-la-1ere-edition-de-la-semaine-culturelle-du-dendi-a-gaya-un-festival-pour-la-sauvegarde-et-la-valorisation-du-patrimoine-culturel-dendi\"},\"wordCount\":887,\"commentCount\":0,\"image\":{\"@id\":\"https:\/\/www.africa-press.net\/niger\/culture-et-art\/ouverture-de-la-1ere-edition-de-la-semaine-culturelle-du-dendi-a-gaya-un-festival-pour-la-sauvegarde-et-la-valorisation-du-patrimoine-culturel-dendi#primaryimage\"},\"thumbnailUrl\":\"https:\/\/static.africa-press.net\/niger\/sites\/40\/2021\/09\/img-6135f8b475b06.jpg\",\"keywords\":[\"Africa Press\",\"Africa Press-Niger\",\"Niger\"],\"articleSection\":[\"Culture et Art\",\"homepage-french\",\"Toutes les actualit\u00e9s\"],\"inLanguage\":\"fr-FR\",\"potentialAction\":[{\"@type\":\"CommentAction\",\"name\":\"Comment\",\"target\":[\"https:\/\/www.africa-press.net\/niger\/culture-et-art\/ouverture-de-la-1ere-edition-de-la-semaine-culturelle-du-dendi-a-gaya-un-festival-pour-la-sauvegarde-et-la-valorisation-du-patrimoine-culturel-dendi#respond\"]}]},{\"@type\":\"WebPage\",\"@id\":\"https:\/\/www.africa-press.net\/niger\/culture-et-art\/ouverture-de-la-1ere-edition-de-la-semaine-culturelle-du-dendi-a-gaya-un-festival-pour-la-sauvegarde-et-la-valorisation-du-patrimoine-culturel-dendi\",\"url\":\"https:\/\/www.africa-press.net\/niger\/culture-et-art\/ouverture-de-la-1ere-edition-de-la-semaine-culturelle-du-dendi-a-gaya-un-festival-pour-la-sauvegarde-et-la-valorisation-du-patrimoine-culturel-dendi\",\"name\":\"Ouverture de la 1\u00e8re \u00e9dition de la Semaine culturelle du Dendi \u00e0 Gaya :Un festival pour la sauvegarde et la valorisation du patrimoine culturel Dendi - niger\",\"isPartOf\":{\"@id\":\"https:\/\/www.africa-press.net\/niger\/#website\"},\"primaryImageOfPage\":{\"@id\":\"https:\/\/www.africa-press.net\/niger\/culture-et-art\/ouverture-de-la-1ere-edition-de-la-semaine-culturelle-du-dendi-a-gaya-un-festival-pour-la-sauvegarde-et-la-valorisation-du-patrimoine-culturel-dendi#primaryimage\"},\"image\":{\"@id\":\"https:\/\/www.africa-press.net\/niger\/culture-et-art\/ouverture-de-la-1ere-edition-de-la-semaine-culturelle-du-dendi-a-gaya-un-festival-pour-la-sauvegarde-et-la-valorisation-du-patrimoine-culturel-dendi#primaryimage\"},\"thumbnailUrl\":\"https:\/\/static.africa-press.net\/niger\/sites\/40\/2021\/09\/img-6135f8b475b06.jpg\",\"datePublished\":\"2021-09-06T12:10:20+00:00\",\"dateModified\":\"2021-09-06T17:29:09+00:00\",\"author\":{\"@id\":\"https:\/\/www.africa-press.net\/niger\/#\/schema\/person\/2b1cf3cd81a31e3cd26889ca66d677f1\"},\"description\":\"\ufeffLa ville de Gaya a vibr\u00e9, du 3 au 5 septembre 2021 dernier, au rythme de ses impressionnantes traditions et histoires m ...\",\"breadcrumb\":{\"@id\":\"https:\/\/www.africa-press.net\/niger\/culture-et-art\/ouverture-de-la-1ere-edition-de-la-semaine-culturelle-du-dendi-a-gaya-un-festival-pour-la-sauvegarde-et-la-valorisation-du-patrimoine-culturel-dendi#breadcrumb\"},\"inLanguage\":\"fr-FR\",\"potentialAction\":[{\"@type\":\"ReadAction\",\"target\":[\"https:\/\/www.africa-press.net\/niger\/culture-et-art\/ouverture-de-la-1ere-edition-de-la-semaine-culturelle-du-dendi-a-gaya-un-festival-pour-la-sauvegarde-et-la-valorisation-du-patrimoine-culturel-dendi\"]}]},{\"@type\":\"ImageObject\",\"inLanguage\":\"fr-FR\",\"@id\":\"https:\/\/www.africa-press.net\/niger\/culture-et-art\/ouverture-de-la-1ere-edition-de-la-semaine-culturelle-du-dendi-a-gaya-un-festival-pour-la-sauvegarde-et-la-valorisation-du-patrimoine-culturel-dendi#primaryimage\",\"url\":\"https:\/\/static.africa-press.net\/niger\/sites\/40\/2021\/09\/img-6135f8b475b06.jpg\",\"contentUrl\":\"https:\/\/static.africa-press.net\/niger\/sites\/40\/2021\/09\/img-6135f8b475b06.jpg\",\"width\":720,\"height\":425,\"caption\":\"Ouverture de la 1\u00e8re \u00e9dition de la Semaine culturelle du Dendi \u00e0 Gaya :Un festival pour la sauvegarde et la valorisation du patrimoine culturel Dendi\"},{\"@type\":\"BreadcrumbList\",\"@id\":\"https:\/\/www.africa-press.net\/niger\/culture-et-art\/ouverture-de-la-1ere-edition-de-la-semaine-culturelle-du-dendi-a-gaya-un-festival-pour-la-sauvegarde-et-la-valorisation-du-patrimoine-culturel-dendi#breadcrumb\",\"itemListElement\":[{\"@type\":\"ListItem\",\"position\":1,\"name\":\"Accueil\",\"item\":\"https:\/\/www.africa-press.net\/niger\/\"},{\"@type\":\"ListItem\",\"position\":2,\"name\":\"Ouverture de la 1\u00e8re \u00e9dition de la Semaine culturelle du Dendi \u00e0 Gaya :Un festival pour la sauvegarde et la valorisation du patrimoine culturel Dendi\"}]},{\"@type\":\"WebSite\",\"@id\":\"https:\/\/www.africa-press.net\/niger\/#website\",\"url\":\"https:\/\/www.africa-press.net\/niger\/\",\"name\":\"niger\",\"description\":\"Just another Africa News Agency Sites site\",\"potentialAction\":[{\"@type\":\"SearchAction\",\"target\":{\"@type\":\"EntryPoint\",\"urlTemplate\":\"https:\/\/www.africa-press.net\/niger\/?s={search_term_string}\"},\"query-input\":{\"@type\":\"PropertyValueSpecification\",\"valueRequired\":true,\"valueName\":\"search_term_string\"}}],\"inLanguage\":\"fr-FR\"},{\"@type\":\"Person\",\"@id\":\"https:\/\/www.africa-press.net\/niger\/#\/schema\/person\/2b1cf3cd81a31e3cd26889ca66d677f1\",\"name\":\"cfeditorfr\"}]}<\/script>\n<!-- \/ Yoast SEO Premium plugin. -->","yoast_head_json":{"title":"Ouverture de la 1\u00e8re \u00e9dition de la Semaine culturelle du Dendi \u00e0 Gaya :Un festival pour la sauvegarde et la valorisation du patrimoine culturel Dendi - niger","description":"\ufeffLa ville de Gaya a vibr\u00e9, du 3 au 5 septembre 2021 dernier, au rythme de ses impressionnantes traditions et histoires m ...","robots":{"index":"index","follow":"follow","max-snippet":"max-snippet:-1","max-image-preview":"max-image-preview:large","max-video-preview":"max-video-preview:-1"},"canonical":"https:\/\/www.africa-press.net\/niger\/culture-et-art\/ouverture-de-la-1ere-edition-de-la-semaine-culturelle-du-dendi-a-gaya-un-festival-pour-la-sauvegarde-et-la-valorisation-du-patrimoine-culturel-dendi","og_locale":"fr_FR","og_type":"article","og_title":"Ouverture de la 1\u00e8re \u00e9dition de la Semaine culturelle du Dendi \u00e0 Gaya :Un festival pour la sauvegarde et la valorisation du patrimoine culturel Dendi","og_description":"\ufeffLa ville de Gaya a vibr\u00e9, du 3 au 5 septembre 2021 dernier, au rythme de ses impressionnantes traditions et histoires m ...","og_url":"https:\/\/www.africa-press.net\/niger\/culture-et-art\/ouverture-de-la-1ere-edition-de-la-semaine-culturelle-du-dendi-a-gaya-un-festival-pour-la-sauvegarde-et-la-valorisation-du-patrimoine-culturel-dendi","og_site_name":"niger","article_published_time":"2021-09-06T12:10:20+00:00","article_modified_time":"2021-09-06T17:29:09+00:00","og_image":[{"width":720,"height":425,"url":"https:\/\/static.africa-press.net\/niger\/sites\/40\/2021\/09\/img-6135f8b475b06.jpg","type":"image\/jpeg"}],"author":"cfeditorfr","twitter_card":"summary_large_image","twitter_misc":{"\u00c9crit par":"cfeditorfr","Dur\u00e9e de lecture estim\u00e9e":"4 minutes"},"schema":{"@context":"https:\/\/schema.org","@graph":[{"@type":"Article","@id":"https:\/\/www.africa-press.net\/niger\/culture-et-art\/ouverture-de-la-1ere-edition-de-la-semaine-culturelle-du-dendi-a-gaya-un-festival-pour-la-sauvegarde-et-la-valorisation-du-patrimoine-culturel-dendi#article","isPartOf":{"@id":"https:\/\/www.africa-press.net\/niger\/culture-et-art\/ouverture-de-la-1ere-edition-de-la-semaine-culturelle-du-dendi-a-gaya-un-festival-pour-la-sauvegarde-et-la-valorisation-du-patrimoine-culturel-dendi"},"author":{"name":"cfeditorfr","@id":"https:\/\/www.africa-press.net\/niger\/#\/schema\/person\/2b1cf3cd81a31e3cd26889ca66d677f1"},"headline":"Ouverture de la 1\u00e8re \u00e9dition de la Semaine culturelle du Dendi \u00e0 Gaya :Un festival pour la sauvegarde et la valorisation du patrimoine culturel Dendi","datePublished":"2021-09-06T12:10:20+00:00","dateModified":"2021-09-06T17:29:09+00:00","mainEntityOfPage":{"@id":"https:\/\/www.africa-press.net\/niger\/culture-et-art\/ouverture-de-la-1ere-edition-de-la-semaine-culturelle-du-dendi-a-gaya-un-festival-pour-la-sauvegarde-et-la-valorisation-du-patrimoine-culturel-dendi"},"wordCount":887,"commentCount":0,"image":{"@id":"https:\/\/www.africa-press.net\/niger\/culture-et-art\/ouverture-de-la-1ere-edition-de-la-semaine-culturelle-du-dendi-a-gaya-un-festival-pour-la-sauvegarde-et-la-valorisation-du-patrimoine-culturel-dendi#primaryimage"},"thumbnailUrl":"https:\/\/static.africa-press.net\/niger\/sites\/40\/2021\/09\/img-6135f8b475b06.jpg","keywords":["Africa Press","Africa Press-Niger","Niger"],"articleSection":["Culture et Art","homepage-french","Toutes les actualit\u00e9s"],"inLanguage":"fr-FR","potentialAction":[{"@type":"CommentAction","name":"Comment","target":["https:\/\/www.africa-press.net\/niger\/culture-et-art\/ouverture-de-la-1ere-edition-de-la-semaine-culturelle-du-dendi-a-gaya-un-festival-pour-la-sauvegarde-et-la-valorisation-du-patrimoine-culturel-dendi#respond"]}]},{"@type":"WebPage","@id":"https:\/\/www.africa-press.net\/niger\/culture-et-art\/ouverture-de-la-1ere-edition-de-la-semaine-culturelle-du-dendi-a-gaya-un-festival-pour-la-sauvegarde-et-la-valorisation-du-patrimoine-culturel-dendi","url":"https:\/\/www.africa-press.net\/niger\/culture-et-art\/ouverture-de-la-1ere-edition-de-la-semaine-culturelle-du-dendi-a-gaya-un-festival-pour-la-sauvegarde-et-la-valorisation-du-patrimoine-culturel-dendi","name":"Ouverture de la 1\u00e8re \u00e9dition de la Semaine culturelle du Dendi \u00e0 Gaya :Un festival pour la sauvegarde et la valorisation du patrimoine culturel Dendi - niger","isPartOf":{"@id":"https:\/\/www.africa-press.net\/niger\/#website"},"primaryImageOfPage":{"@id":"https:\/\/www.africa-press.net\/niger\/culture-et-art\/ouverture-de-la-1ere-edition-de-la-semaine-culturelle-du-dendi-a-gaya-un-festival-pour-la-sauvegarde-et-la-valorisation-du-patrimoine-culturel-dendi#primaryimage"},"image":{"@id":"https:\/\/www.africa-press.net\/niger\/culture-et-art\/ouverture-de-la-1ere-edition-de-la-semaine-culturelle-du-dendi-a-gaya-un-festival-pour-la-sauvegarde-et-la-valorisation-du-patrimoine-culturel-dendi#primaryimage"},"thumbnailUrl":"https:\/\/static.africa-press.net\/niger\/sites\/40\/2021\/09\/img-6135f8b475b06.jpg","datePublished":"2021-09-06T12:10:20+00:00","dateModified":"2021-09-06T17:29:09+00:00","author":{"@id":"https:\/\/www.africa-press.net\/niger\/#\/schema\/person\/2b1cf3cd81a31e3cd26889ca66d677f1"},"description":"\ufeffLa ville de Gaya a vibr\u00e9, du 3 au 5 septembre 2021 dernier, au rythme de ses impressionnantes traditions et histoires m ...","breadcrumb":{"@id":"https:\/\/www.africa-press.net\/niger\/culture-et-art\/ouverture-de-la-1ere-edition-de-la-semaine-culturelle-du-dendi-a-gaya-un-festival-pour-la-sauvegarde-et-la-valorisation-du-patrimoine-culturel-dendi#breadcrumb"},"inLanguage":"fr-FR","potentialAction":[{"@type":"ReadAction","target":["https:\/\/www.africa-press.net\/niger\/culture-et-art\/ouverture-de-la-1ere-edition-de-la-semaine-culturelle-du-dendi-a-gaya-un-festival-pour-la-sauvegarde-et-la-valorisation-du-patrimoine-culturel-dendi"]}]},{"@type":"ImageObject","inLanguage":"fr-FR","@id":"https:\/\/www.africa-press.net\/niger\/culture-et-art\/ouverture-de-la-1ere-edition-de-la-semaine-culturelle-du-dendi-a-gaya-un-festival-pour-la-sauvegarde-et-la-valorisation-du-patrimoine-culturel-dendi#primaryimage","url":"https:\/\/static.africa-press.net\/niger\/sites\/40\/2021\/09\/img-6135f8b475b06.jpg","contentUrl":"https:\/\/static.africa-press.net\/niger\/sites\/40\/2021\/09\/img-6135f8b475b06.jpg","width":720,"height":425,"caption":"Ouverture de la 1\u00e8re \u00e9dition de la Semaine culturelle du Dendi \u00e0 Gaya :Un festival pour la sauvegarde et la valorisation du patrimoine culturel Dendi"},{"@type":"BreadcrumbList","@id":"https:\/\/www.africa-press.net\/niger\/culture-et-art\/ouverture-de-la-1ere-edition-de-la-semaine-culturelle-du-dendi-a-gaya-un-festival-pour-la-sauvegarde-et-la-valorisation-du-patrimoine-culturel-dendi#breadcrumb","itemListElement":[{"@type":"ListItem","position":1,"name":"Accueil","item":"https:\/\/www.africa-press.net\/niger\/"},{"@type":"ListItem","position":2,"name":"Ouverture de la 1\u00e8re \u00e9dition de la Semaine culturelle du Dendi \u00e0 Gaya :Un festival pour la sauvegarde et la valorisation du patrimoine culturel Dendi"}]},{"@type":"WebSite","@id":"https:\/\/www.africa-press.net\/niger\/#website","url":"https:\/\/www.africa-press.net\/niger\/","name":"niger","description":"Just another Africa News Agency Sites site","potentialAction":[{"@type":"SearchAction","target":{"@type":"EntryPoint","urlTemplate":"https:\/\/www.africa-press.net\/niger\/?s={search_term_string}"},"query-input":{"@type":"PropertyValueSpecification","valueRequired":true,"valueName":"search_term_string"}}],"inLanguage":"fr-FR"},{"@type":"Person","@id":"https:\/\/www.africa-press.net\/niger\/#\/schema\/person\/2b1cf3cd81a31e3cd26889ca66d677f1","name":"cfeditorfr"}]}},"_links":{"self":[{"href":"https:\/\/www.africa-press.net\/niger\/wp-json\/wp\/v2\/posts\/11283","targetHints":{"allow":["GET"]}}],"collection":[{"href":"https:\/\/www.africa-press.net\/niger\/wp-json\/wp\/v2\/posts"}],"about":[{"href":"https:\/\/www.africa-press.net\/niger\/wp-json\/wp\/v2\/types\/post"}],"author":[{"embeddable":true,"href":"https:\/\/www.africa-press.net\/niger\/wp-json\/wp\/v2\/users\/82"}],"replies":[{"embeddable":true,"href":"https:\/\/www.africa-press.net\/niger\/wp-json\/wp\/v2\/comments?post=11283"}],"version-history":[{"count":0,"href":"https:\/\/www.africa-press.net\/niger\/wp-json\/wp\/v2\/posts\/11283\/revisions"}],"wp:featuredmedia":[{"embeddable":true,"href":"https:\/\/www.africa-press.net\/niger\/wp-json\/wp\/v2\/media\/11282"}],"wp:attachment":[{"href":"https:\/\/www.africa-press.net\/niger\/wp-json\/wp\/v2\/media?parent=11283"}],"wp:term":[{"taxonomy":"category","embeddable":true,"href":"https:\/\/www.africa-press.net\/niger\/wp-json\/wp\/v2\/categories?post=11283"},{"taxonomy":"post_tag","embeddable":true,"href":"https:\/\/www.africa-press.net\/niger\/wp-json\/wp\/v2\/tags?post=11283"}],"curies":[{"name":"wp","href":"https:\/\/api.w.org\/{rel}","templated":true}]}}