{"id":11289,"date":"2021-09-06T12:24:24","date_gmt":"2021-09-06T12:24:24","guid":{"rendered":"https:\/\/www.africa-press.net\/niger\/?p=11289"},"modified":"2021-09-06T17:29:20","modified_gmt":"2021-09-06T17:29:20","slug":"conseil-economique-social-et-culturel-le-president-de-linstitution-sest-entretenu-avec-lambassadeur-des-etats-unis","status":"publish","type":"post","link":"https:\/\/www.africa-press.net\/niger\/politique\/conseil-economique-social-et-culturel-le-president-de-linstitution-sest-entretenu-avec-lambassadeur-des-etats-unis","title":{"rendered":"Conseil Economique Social et Culturel : Le pr\u00e9sident de l\u2019Institution s\u2019est entretenu avec l\u2019ambassadeur des Etats Unis"},"content":{"rendered":"<p><span style=\"color: #ff6600\"><strong><a href=\"https:\/\/www.africa-press.net\/\">Africa-Press<\/a> &#8211; <a href=\"https:\/\/www.africa-press.net\/niger\">Niger<\/a>. <\/strong><\/span>Le pr\u00e9sident du Conseil \u00e9conomique social et culturel (CESOC) M. Mairou Malan Ligari s\u2019est entretenu le vendredi 3 septembre 2021 avec l\u2019ambassadeur des Etats Unis d\u2019Am\u00e9rique au Niger, M. Eric P. Whitaker.<\/p>\n<p>En effet, dans le cadre de la mission du Conseil \u00e9conomique sociale et culturel, le pr\u00e9sident de l\u2019institution a entrepris une s\u00e9rie d\u2019\u00e9changes avec les homologues des autres pays afin de permettre \u00e0 l\u2019institution de r\u00e9aliser ces ambitions. C\u2019est donc \u00e0 cet \u00e9gard que M. Mairou Malan Ligari s\u2019adresse aux diff\u00e9rentes chancelleries pour leur faciliter ces mises en relation.<\/p>\n<p>A l\u2019issue de cette audience, le pr\u00e9sident du CESOC a affirm\u00e9 qu\u2019il a re\u00e7u l\u2019ambassadeur des Etats Unis afin de le remercier pour tous les efforts qui sont faits par le gouvernement des Etats Unis \u00e0 l\u2019endroit de la population nig\u00e9rienne mais aussi pour l\u2019excellente relation avec les autorit\u00e9s du Niger.<\/p>\n<p>En plus a Poursuivi M. Mairou Malan Ligari \u00abnous avons \u00e9mis le souhait \u00e0 travers tous les instruments de coop\u00e9ration que le CESOC soit accompagn\u00e9 pour qu\u2019il puisse \u00e9galement remplir correctement ses missions\u00bb. Car, a-t-il expliqu\u00e9, les membres de cette institution ont besoin de renforcement des capacit\u00e9s et cela va assur\u00e9ment permettre au CESOC de tirer le maximum d\u2019exp\u00e9rience des autres Conseils Economiques Sociaux et Culturels. Outre ce fait, a soutenu M. Mairou Malan Ligari, cela va permettre au CESOC de rendre des avis pertinents au Pr\u00e9sident de la R\u00e9publique et \u00e0 l\u2019Assembl\u00e9e nationale. Enfin, le pr\u00e9sident du CESOC s\u2019est dit tr\u00e8s satisfait des \u00e9changes et r\u00e9sultats auxquels ils sont parvenus.<\/p>\n<p><b>\u00a0<\/b><\/p>\n","protected":false},"excerpt":{"rendered":"<p>Africa-Press &#8211; Niger. Le pr\u00e9sident du Conseil \u00e9conomique social et culturel (CESOC) M. Mairou Malan Ligari s\u2019est entretenu le vendredi 3 septembre 2021 avec l\u2019ambassadeur des Etats Unis d\u2019Am\u00e9rique au Niger, M. Eric P. Whitaker. En effet, dans le cadre de la mission du Conseil \u00e9conomique sociale et culturel, le pr\u00e9sident de l\u2019institution a entrepris [&hellip;]<\/p>\n","protected":false},"author":82,"featured_media":11288,"comment_status":"open","ping_status":"closed","sticky":false,"template":"","format":"standard","meta":{"footnotes":""},"categories":[11,2,10],"tags":[55,60,29],"class_list":["post-11289","post","type-post","status-publish","format-standard","has-post-thumbnail","hentry","category-homepage-french","category-politique","category-toutes-les-actualites","tag-africa-press","tag-africa-press-niger","tag-niger"],"yoast_head":"<!-- This site is optimized with the Yoast SEO Premium plugin v26.1 (Yoast SEO v27.0) - https:\/\/yoast.com\/product\/yoast-seo-premium-wordpress\/ -->\n<title>Conseil Economique Social et Culturel : Le pr\u00e9sident de l\u2019Institution s\u2019est entretenu avec l\u2019ambassadeur des Etats Unis - niger<\/title>\n<meta name=\"description\" content=\"\ufeffLe pr\u00e9sident du Conseil \u00e9conomique social et culturel (CESOC) M. Mairou Malan Ligari s\u2019est entretenu le vendredi 3 sept ...\" \/>\n<meta name=\"robots\" content=\"index, follow, max-snippet:-1, max-image-preview:large, max-video-preview:-1\" \/>\n<link rel=\"canonical\" href=\"https:\/\/www.africa-press.net\/niger\/politique\/conseil-economique-social-et-culturel-le-president-de-linstitution-sest-entretenu-avec-lambassadeur-des-etats-unis\" \/>\n<meta property=\"og:locale\" content=\"fr_FR\" \/>\n<meta property=\"og:type\" content=\"article\" \/>\n<meta property=\"og:title\" content=\"Conseil Economique Social et Culturel : Le pr\u00e9sident de l\u2019Institution s\u2019est entretenu avec l\u2019ambassadeur des Etats Unis\" \/>\n<meta property=\"og:description\" content=\"\ufeffLe pr\u00e9sident du Conseil \u00e9conomique social et culturel (CESOC) M. Mairou Malan Ligari s\u2019est entretenu le vendredi 3 sept ...\" \/>\n<meta property=\"og:url\" content=\"https:\/\/www.africa-press.net\/niger\/politique\/conseil-economique-social-et-culturel-le-president-de-linstitution-sest-entretenu-avec-lambassadeur-des-etats-unis\" \/>\n<meta property=\"og:site_name\" content=\"niger\" \/>\n<meta property=\"article:published_time\" content=\"2021-09-06T12:24:24+00:00\" \/>\n<meta property=\"article:modified_time\" content=\"2021-09-06T17:29:20+00:00\" \/>\n<meta property=\"og:image\" content=\"https:\/\/static.africa-press.net\/niger\/sites\/40\/2021\/09\/img-6135f8f559127.jpg\" \/>\n\t<meta property=\"og:image:width\" content=\"720\" \/>\n\t<meta property=\"og:image:height\" content=\"441\" \/>\n\t<meta property=\"og:image:type\" content=\"image\/jpeg\" \/>\n<meta name=\"author\" content=\"cfeditorfr\" \/>\n<meta name=\"twitter:card\" content=\"summary_large_image\" \/>\n<meta name=\"twitter:label1\" content=\"\u00c9crit par\" \/>\n\t<meta name=\"twitter:data1\" content=\"cfeditorfr\" \/>\n\t<meta name=\"twitter:label2\" content=\"Dur\u00e9e de lecture estim\u00e9e\" \/>\n\t<meta name=\"twitter:data2\" content=\"1 minute\" \/>\n<script type=\"application\/ld+json\" class=\"yoast-schema-graph\">{\"@context\":\"https:\/\/schema.org\",\"@graph\":[{\"@type\":\"Article\",\"@id\":\"https:\/\/www.africa-press.net\/niger\/politique\/conseil-economique-social-et-culturel-le-president-de-linstitution-sest-entretenu-avec-lambassadeur-des-etats-unis#article\",\"isPartOf\":{\"@id\":\"https:\/\/www.africa-press.net\/niger\/politique\/conseil-economique-social-et-culturel-le-president-de-linstitution-sest-entretenu-avec-lambassadeur-des-etats-unis\"},\"author\":{\"name\":\"cfeditorfr\",\"@id\":\"https:\/\/www.africa-press.net\/niger\/#\/schema\/person\/2b1cf3cd81a31e3cd26889ca66d677f1\"},\"headline\":\"Conseil Economique Social et Culturel : Le pr\u00e9sident de l\u2019Institution s\u2019est entretenu avec l\u2019ambassadeur des Etats Unis\",\"datePublished\":\"2021-09-06T12:24:24+00:00\",\"dateModified\":\"2021-09-06T17:29:20+00:00\",\"mainEntityOfPage\":{\"@id\":\"https:\/\/www.africa-press.net\/niger\/politique\/conseil-economique-social-et-culturel-le-president-de-linstitution-sest-entretenu-avec-lambassadeur-des-etats-unis\"},\"wordCount\":306,\"commentCount\":0,\"image\":{\"@id\":\"https:\/\/www.africa-press.net\/niger\/politique\/conseil-economique-social-et-culturel-le-president-de-linstitution-sest-entretenu-avec-lambassadeur-des-etats-unis#primaryimage\"},\"thumbnailUrl\":\"https:\/\/static.africa-press.net\/niger\/sites\/40\/2021\/09\/img-6135f8f559127.jpg\",\"keywords\":[\"Africa Press\",\"Africa Press-Niger\",\"Niger\"],\"articleSection\":[\"homepage-french\",\"Politique\",\"Toutes les actualit\u00e9s\"],\"inLanguage\":\"fr-FR\",\"potentialAction\":[{\"@type\":\"CommentAction\",\"name\":\"Comment\",\"target\":[\"https:\/\/www.africa-press.net\/niger\/politique\/conseil-economique-social-et-culturel-le-president-de-linstitution-sest-entretenu-avec-lambassadeur-des-etats-unis#respond\"]}]},{\"@type\":\"WebPage\",\"@id\":\"https:\/\/www.africa-press.net\/niger\/politique\/conseil-economique-social-et-culturel-le-president-de-linstitution-sest-entretenu-avec-lambassadeur-des-etats-unis\",\"url\":\"https:\/\/www.africa-press.net\/niger\/politique\/conseil-economique-social-et-culturel-le-president-de-linstitution-sest-entretenu-avec-lambassadeur-des-etats-unis\",\"name\":\"Conseil Economique Social et Culturel : Le pr\u00e9sident de l\u2019Institution s\u2019est entretenu avec l\u2019ambassadeur des Etats Unis - niger\",\"isPartOf\":{\"@id\":\"https:\/\/www.africa-press.net\/niger\/#website\"},\"primaryImageOfPage\":{\"@id\":\"https:\/\/www.africa-press.net\/niger\/politique\/conseil-economique-social-et-culturel-le-president-de-linstitution-sest-entretenu-avec-lambassadeur-des-etats-unis#primaryimage\"},\"image\":{\"@id\":\"https:\/\/www.africa-press.net\/niger\/politique\/conseil-economique-social-et-culturel-le-president-de-linstitution-sest-entretenu-avec-lambassadeur-des-etats-unis#primaryimage\"},\"thumbnailUrl\":\"https:\/\/static.africa-press.net\/niger\/sites\/40\/2021\/09\/img-6135f8f559127.jpg\",\"datePublished\":\"2021-09-06T12:24:24+00:00\",\"dateModified\":\"2021-09-06T17:29:20+00:00\",\"author\":{\"@id\":\"https:\/\/www.africa-press.net\/niger\/#\/schema\/person\/2b1cf3cd81a31e3cd26889ca66d677f1\"},\"description\":\"\ufeffLe pr\u00e9sident du Conseil \u00e9conomique social et culturel (CESOC) M. Mairou Malan Ligari s\u2019est entretenu le vendredi 3 sept ...\",\"breadcrumb\":{\"@id\":\"https:\/\/www.africa-press.net\/niger\/politique\/conseil-economique-social-et-culturel-le-president-de-linstitution-sest-entretenu-avec-lambassadeur-des-etats-unis#breadcrumb\"},\"inLanguage\":\"fr-FR\",\"potentialAction\":[{\"@type\":\"ReadAction\",\"target\":[\"https:\/\/www.africa-press.net\/niger\/politique\/conseil-economique-social-et-culturel-le-president-de-linstitution-sest-entretenu-avec-lambassadeur-des-etats-unis\"]}]},{\"@type\":\"ImageObject\",\"inLanguage\":\"fr-FR\",\"@id\":\"https:\/\/www.africa-press.net\/niger\/politique\/conseil-economique-social-et-culturel-le-president-de-linstitution-sest-entretenu-avec-lambassadeur-des-etats-unis#primaryimage\",\"url\":\"https:\/\/static.africa-press.net\/niger\/sites\/40\/2021\/09\/img-6135f8f559127.jpg\",\"contentUrl\":\"https:\/\/static.africa-press.net\/niger\/sites\/40\/2021\/09\/img-6135f8f559127.jpg\",\"width\":720,\"height\":441,\"caption\":\"Conseil Economique Social et Culturel : Le pr\u00e9sident de l\u2019Institution s\u2019est entretenu avec l\u2019ambassadeur des Etats Unis\"},{\"@type\":\"BreadcrumbList\",\"@id\":\"https:\/\/www.africa-press.net\/niger\/politique\/conseil-economique-social-et-culturel-le-president-de-linstitution-sest-entretenu-avec-lambassadeur-des-etats-unis#breadcrumb\",\"itemListElement\":[{\"@type\":\"ListItem\",\"position\":1,\"name\":\"Accueil\",\"item\":\"https:\/\/www.africa-press.net\/niger\/\"},{\"@type\":\"ListItem\",\"position\":2,\"name\":\"Conseil Economique Social et Culturel : Le pr\u00e9sident de l\u2019Institution s\u2019est entretenu avec l\u2019ambassadeur des Etats Unis\"}]},{\"@type\":\"WebSite\",\"@id\":\"https:\/\/www.africa-press.net\/niger\/#website\",\"url\":\"https:\/\/www.africa-press.net\/niger\/\",\"name\":\"niger\",\"description\":\"Just another Africa News Agency Sites site\",\"potentialAction\":[{\"@type\":\"SearchAction\",\"target\":{\"@type\":\"EntryPoint\",\"urlTemplate\":\"https:\/\/www.africa-press.net\/niger\/?s={search_term_string}\"},\"query-input\":{\"@type\":\"PropertyValueSpecification\",\"valueRequired\":true,\"valueName\":\"search_term_string\"}}],\"inLanguage\":\"fr-FR\"},{\"@type\":\"Person\",\"@id\":\"https:\/\/www.africa-press.net\/niger\/#\/schema\/person\/2b1cf3cd81a31e3cd26889ca66d677f1\",\"name\":\"cfeditorfr\"}]}<\/script>\n<!-- \/ Yoast SEO Premium plugin. -->","yoast_head_json":{"title":"Conseil Economique Social et Culturel : Le pr\u00e9sident de l\u2019Institution s\u2019est entretenu avec l\u2019ambassadeur des Etats Unis - niger","description":"\ufeffLe pr\u00e9sident du Conseil \u00e9conomique social et culturel (CESOC) M. Mairou Malan Ligari s\u2019est entretenu le vendredi 3 sept ...","robots":{"index":"index","follow":"follow","max-snippet":"max-snippet:-1","max-image-preview":"max-image-preview:large","max-video-preview":"max-video-preview:-1"},"canonical":"https:\/\/www.africa-press.net\/niger\/politique\/conseil-economique-social-et-culturel-le-president-de-linstitution-sest-entretenu-avec-lambassadeur-des-etats-unis","og_locale":"fr_FR","og_type":"article","og_title":"Conseil Economique Social et Culturel : Le pr\u00e9sident de l\u2019Institution s\u2019est entretenu avec l\u2019ambassadeur des Etats Unis","og_description":"\ufeffLe pr\u00e9sident du Conseil \u00e9conomique social et culturel (CESOC) M. Mairou Malan Ligari s\u2019est entretenu le vendredi 3 sept ...","og_url":"https:\/\/www.africa-press.net\/niger\/politique\/conseil-economique-social-et-culturel-le-president-de-linstitution-sest-entretenu-avec-lambassadeur-des-etats-unis","og_site_name":"niger","article_published_time":"2021-09-06T12:24:24+00:00","article_modified_time":"2021-09-06T17:29:20+00:00","og_image":[{"width":720,"height":441,"url":"https:\/\/static.africa-press.net\/niger\/sites\/40\/2021\/09\/img-6135f8f559127.jpg","type":"image\/jpeg"}],"author":"cfeditorfr","twitter_card":"summary_large_image","twitter_misc":{"\u00c9crit par":"cfeditorfr","Dur\u00e9e de lecture estim\u00e9e":"1 minute"},"schema":{"@context":"https:\/\/schema.org","@graph":[{"@type":"Article","@id":"https:\/\/www.africa-press.net\/niger\/politique\/conseil-economique-social-et-culturel-le-president-de-linstitution-sest-entretenu-avec-lambassadeur-des-etats-unis#article","isPartOf":{"@id":"https:\/\/www.africa-press.net\/niger\/politique\/conseil-economique-social-et-culturel-le-president-de-linstitution-sest-entretenu-avec-lambassadeur-des-etats-unis"},"author":{"name":"cfeditorfr","@id":"https:\/\/www.africa-press.net\/niger\/#\/schema\/person\/2b1cf3cd81a31e3cd26889ca66d677f1"},"headline":"Conseil Economique Social et Culturel : Le pr\u00e9sident de l\u2019Institution s\u2019est entretenu avec l\u2019ambassadeur des Etats Unis","datePublished":"2021-09-06T12:24:24+00:00","dateModified":"2021-09-06T17:29:20+00:00","mainEntityOfPage":{"@id":"https:\/\/www.africa-press.net\/niger\/politique\/conseil-economique-social-et-culturel-le-president-de-linstitution-sest-entretenu-avec-lambassadeur-des-etats-unis"},"wordCount":306,"commentCount":0,"image":{"@id":"https:\/\/www.africa-press.net\/niger\/politique\/conseil-economique-social-et-culturel-le-president-de-linstitution-sest-entretenu-avec-lambassadeur-des-etats-unis#primaryimage"},"thumbnailUrl":"https:\/\/static.africa-press.net\/niger\/sites\/40\/2021\/09\/img-6135f8f559127.jpg","keywords":["Africa Press","Africa Press-Niger","Niger"],"articleSection":["homepage-french","Politique","Toutes les actualit\u00e9s"],"inLanguage":"fr-FR","potentialAction":[{"@type":"CommentAction","name":"Comment","target":["https:\/\/www.africa-press.net\/niger\/politique\/conseil-economique-social-et-culturel-le-president-de-linstitution-sest-entretenu-avec-lambassadeur-des-etats-unis#respond"]}]},{"@type":"WebPage","@id":"https:\/\/www.africa-press.net\/niger\/politique\/conseil-economique-social-et-culturel-le-president-de-linstitution-sest-entretenu-avec-lambassadeur-des-etats-unis","url":"https:\/\/www.africa-press.net\/niger\/politique\/conseil-economique-social-et-culturel-le-president-de-linstitution-sest-entretenu-avec-lambassadeur-des-etats-unis","name":"Conseil Economique Social et Culturel : Le pr\u00e9sident de l\u2019Institution s\u2019est entretenu avec l\u2019ambassadeur des Etats Unis - niger","isPartOf":{"@id":"https:\/\/www.africa-press.net\/niger\/#website"},"primaryImageOfPage":{"@id":"https:\/\/www.africa-press.net\/niger\/politique\/conseil-economique-social-et-culturel-le-president-de-linstitution-sest-entretenu-avec-lambassadeur-des-etats-unis#primaryimage"},"image":{"@id":"https:\/\/www.africa-press.net\/niger\/politique\/conseil-economique-social-et-culturel-le-president-de-linstitution-sest-entretenu-avec-lambassadeur-des-etats-unis#primaryimage"},"thumbnailUrl":"https:\/\/static.africa-press.net\/niger\/sites\/40\/2021\/09\/img-6135f8f559127.jpg","datePublished":"2021-09-06T12:24:24+00:00","dateModified":"2021-09-06T17:29:20+00:00","author":{"@id":"https:\/\/www.africa-press.net\/niger\/#\/schema\/person\/2b1cf3cd81a31e3cd26889ca66d677f1"},"description":"\ufeffLe pr\u00e9sident du Conseil \u00e9conomique social et culturel (CESOC) M. Mairou Malan Ligari s\u2019est entretenu le vendredi 3 sept ...","breadcrumb":{"@id":"https:\/\/www.africa-press.net\/niger\/politique\/conseil-economique-social-et-culturel-le-president-de-linstitution-sest-entretenu-avec-lambassadeur-des-etats-unis#breadcrumb"},"inLanguage":"fr-FR","potentialAction":[{"@type":"ReadAction","target":["https:\/\/www.africa-press.net\/niger\/politique\/conseil-economique-social-et-culturel-le-president-de-linstitution-sest-entretenu-avec-lambassadeur-des-etats-unis"]}]},{"@type":"ImageObject","inLanguage":"fr-FR","@id":"https:\/\/www.africa-press.net\/niger\/politique\/conseil-economique-social-et-culturel-le-president-de-linstitution-sest-entretenu-avec-lambassadeur-des-etats-unis#primaryimage","url":"https:\/\/static.africa-press.net\/niger\/sites\/40\/2021\/09\/img-6135f8f559127.jpg","contentUrl":"https:\/\/static.africa-press.net\/niger\/sites\/40\/2021\/09\/img-6135f8f559127.jpg","width":720,"height":441,"caption":"Conseil Economique Social et Culturel : Le pr\u00e9sident de l\u2019Institution s\u2019est entretenu avec l\u2019ambassadeur des Etats Unis"},{"@type":"BreadcrumbList","@id":"https:\/\/www.africa-press.net\/niger\/politique\/conseil-economique-social-et-culturel-le-president-de-linstitution-sest-entretenu-avec-lambassadeur-des-etats-unis#breadcrumb","itemListElement":[{"@type":"ListItem","position":1,"name":"Accueil","item":"https:\/\/www.africa-press.net\/niger\/"},{"@type":"ListItem","position":2,"name":"Conseil Economique Social et Culturel : Le pr\u00e9sident de l\u2019Institution s\u2019est entretenu avec l\u2019ambassadeur des Etats Unis"}]},{"@type":"WebSite","@id":"https:\/\/www.africa-press.net\/niger\/#website","url":"https:\/\/www.africa-press.net\/niger\/","name":"niger","description":"Just another Africa News Agency Sites site","potentialAction":[{"@type":"SearchAction","target":{"@type":"EntryPoint","urlTemplate":"https:\/\/www.africa-press.net\/niger\/?s={search_term_string}"},"query-input":{"@type":"PropertyValueSpecification","valueRequired":true,"valueName":"search_term_string"}}],"inLanguage":"fr-FR"},{"@type":"Person","@id":"https:\/\/www.africa-press.net\/niger\/#\/schema\/person\/2b1cf3cd81a31e3cd26889ca66d677f1","name":"cfeditorfr"}]}},"_links":{"self":[{"href":"https:\/\/www.africa-press.net\/niger\/wp-json\/wp\/v2\/posts\/11289","targetHints":{"allow":["GET"]}}],"collection":[{"href":"https:\/\/www.africa-press.net\/niger\/wp-json\/wp\/v2\/posts"}],"about":[{"href":"https:\/\/www.africa-press.net\/niger\/wp-json\/wp\/v2\/types\/post"}],"author":[{"embeddable":true,"href":"https:\/\/www.africa-press.net\/niger\/wp-json\/wp\/v2\/users\/82"}],"replies":[{"embeddable":true,"href":"https:\/\/www.africa-press.net\/niger\/wp-json\/wp\/v2\/comments?post=11289"}],"version-history":[{"count":0,"href":"https:\/\/www.africa-press.net\/niger\/wp-json\/wp\/v2\/posts\/11289\/revisions"}],"wp:featuredmedia":[{"embeddable":true,"href":"https:\/\/www.africa-press.net\/niger\/wp-json\/wp\/v2\/media\/11288"}],"wp:attachment":[{"href":"https:\/\/www.africa-press.net\/niger\/wp-json\/wp\/v2\/media?parent=11289"}],"wp:term":[{"taxonomy":"category","embeddable":true,"href":"https:\/\/www.africa-press.net\/niger\/wp-json\/wp\/v2\/categories?post=11289"},{"taxonomy":"post_tag","embeddable":true,"href":"https:\/\/www.africa-press.net\/niger\/wp-json\/wp\/v2\/tags?post=11289"}],"curies":[{"name":"wp","href":"https:\/\/api.w.org\/{rel}","templated":true}]}}