{"id":11292,"date":"2021-09-06T12:30:56","date_gmt":"2021-09-06T12:30:56","guid":{"rendered":"https:\/\/www.africa-press.net\/niger\/?p=11292"},"modified":"2021-09-06T17:29:27","modified_gmt":"2021-09-06T17:29:27","slug":"processus-de-reinstallation-des-victimes-des-inondations-de-2020-dici-une-semaine-972-menages-seront-definitivement-installes-sur-un-nouveau-site-amenage-annonce-le-minis","status":"publish","type":"post","link":"https:\/\/www.africa-press.net\/niger\/toutes-les-actualites\/processus-de-reinstallation-des-victimes-des-inondations-de-2020-dici-une-semaine-972-menages-seront-definitivement-installes-sur-un-nouveau-site-amenage-annonce-le-minis","title":{"rendered":"Processus de r\u00e9installation des victimes des inondations de 2020 : \u201cD\u2019ici une semaine 972 m\u00e9nages seront d\u00e9finitivement install\u00e9s sur un nouveau site am\u00e9nag\u00e9\u2019, annonce le ministre de l\u2019Action humanitaire et de la gestion des catastrophes"},"content":{"rendered":"<p><span style=\"color: #ff6600\"><strong><a href=\"https:\/\/www.africa-press.net\/\">Africa-Press<\/a> &#8211; <a href=\"https:\/\/www.africa-press.net\/niger\">Niger<\/a>. <\/strong><\/span>Le ministre de l\u2019Action Humanitaire et de la Gestion des Catastrophes M. Laouan Magagi a effectu\u00e9 une visite, le vendredi dernier, sur le site qui va d\u00e9finitivement accueillir les victimes des inondations de 2020. Il s\u2019agit pour le ministre Laouan de constater l\u2019\u00e9tat d\u2019avancement des travaux d\u2019am\u00e9nagement du site, de la construction des cases et de s\u2019informer sur le processus d\u2019affectation des diff\u00e9rentes parcelles et sur celui de l\u2019op\u00e9ration d\u2019\u00e9vacuation des ayants droits install\u00e9s au Camp Gamou et \u00e0 l\u2019hippodrome de Niamey. Le ministre Laouan Magagi est accompagn\u00e9 d\u2019une importante d\u00e9l\u00e9gation compos\u00e9e du gouverneur de la r\u00e9gion de Niamey, du pr\u00e9sident du Conseil de Ville de Niamey, du maire de l\u2019Arrondissement Communal Niamey 5, des responsables de la Protection Civile et des repr\u00e9sentants des partenaires techniques et financiers qui accompagnent l\u2019Etat dans ce processus.<\/p>\n<p>A son arriv\u00e9e, sur le site de relogement d\u00e9finitif des victimes des inondations, sis \u00e0 la cit\u00e9 Enseignant Chercheur, la d\u00e9l\u00e9gation minist\u00e9rielle a \u00e9t\u00e9 accueillie par le Colonel Boubacar Darantch\u00e9 Administrateur du site entour\u00e9 de ses proches collaborateurs. S\u2019adressant \u00e0 l\u2019Administrateur dudit site, le Ministre a soulign\u00e9 que c\u2019est sur instruction du Pr\u00e9sident de la R\u00e9publique en personne, lors du Conseil des ministres du Jeudi 2 Septembre 2021, que cette mission a \u00e9t\u00e9 initi\u00e9e. D\u2019apr\u00e8s le ministre, le Chef de l\u2019Etat a donn\u00e9 une semaine pour que tout soit fait afin d\u2019installer les populations concern\u00e9es sur le site. \u00abNous sommes donc venus pour voir ce qui est en train d\u2019\u00eatre fait. Pour voir comment vous travaillez, pour \u00e9valuer l\u2019\u00e9volution du travail mais aussi pour vous \u00e9couter et nous faire toutes la situation\u00bb, a expliqu\u00e9 le Ministre Laouan Magagi.<\/p>\n<p>Apr\u00e8s une br\u00e8ve pr\u00e9sentation du site et de la situation globale, l\u2019Administrateur du site a invit\u00e9 les membres de la d\u00e9l\u00e9gation \u00e0 visiter quelques \u00e9chantillons de cases construites. Au cours des \u00e9changes l\u2019Administrateur du site a soulev\u00e9 quelques difficult\u00e9s qui risquent de ralentir les travaux de construction des cases. \u00abEn 48 heures (\u00e0 la date de cette visite) ce sont environs 320 cases qui ont \u00e9t\u00e9 construites. Si nous disposons de l\u2019ensemble du mat\u00e9riel, en moins de 5 jours nous pouvons finir tout ce qui est construction des abris. Donc notre pr\u00e9occupation, c\u2019est l\u2019insuffisance du mat\u00e9riel de construction. Il y\u2019a deux fournisseurs, mais c\u2019est un qui est \u00e0 la traine et nous profitons de cette opportunit\u00e9 pour vous demander d\u2019interc\u00e9der aupr\u00e8s de ce fournisseur pour qu\u2019il acc\u00e9l\u00e8re de son c\u00f4t\u00e9\u00bb, a indiqu\u00e9 le Colonel Boubacar Darantch\u00e9. L\u2019Administrateur du site a pr\u00e9cis\u00e9 qu\u2019avec les abris d\u00e9j\u00e0 construits, l\u2019acheminement des populations peut commencer parce que la r\u00e9partition des parcelles a \u00e9t\u00e9 d\u00e9j\u00e0 faite par la Ville de Niamey.<\/p>\n<p>Pendant plusieurs heures le ministre, le gouverneur de la r\u00e9gion, le pr\u00e9sident du Conseil de Ville de Niamey et les partenaires qui accompagnent cette op\u00e9ration ont \u00e9chang\u00e9 sur tous les aspects. La construction des douches est en cours, le service de sant\u00e9 sera install\u00e9 d\u00e8s le premier jour de l\u2019arriv\u00e9e des premiers occupants. Trois forages sont d\u00e9j\u00e0 op\u00e9rationnels, les infrastructures scolaires suivront avant la prochaine rentr\u00e9e scolaire et la s\u00e9curit\u00e9 du site est assur\u00e9e par la Gendarmerie Nationale.<\/p>\n<p>Apr\u00e8s ce site, le ministre et la d\u00e9l\u00e9gation se sont rendus au Camp Gamou o\u00f9 ils ont rencontr\u00e9 les populations pour leur annoncer la bonne nouvelle. Devant les membres du comit\u00e9 des sinistr\u00e9s du Camp Gamou, le ministre Magagi Laouan a donn\u00e9 l\u2019information qu\u2019avant la semaine prochaine les op\u00e9rations de transport de toutes les personnes va d\u00e9buter. Il leur a demand\u00e9 plus de discipline de courtoisie et de compr\u00e9hension. \u00abToutes les dispositions concernant la s\u00e9curit\u00e9, les services sociaux de base et de l\u2019assainissement sont prises par le gouvernement pour vous accompagner dans ce processus d\u2019installation\u00bb, a-t-il dit.<\/p>\n<p>A l\u2019issue de ces visites, le ministre de l\u2019Action humanitaire et de la gestion des catastrophes a exprim\u00e9 toute sa satisfaction par rapport \u00e0 l\u2019\u00e9volution des travaux et \u00e0 l\u2019engagement de ceux qui sont charg\u00e9s desdits travaux. M. Laouan Magagi a soulign\u00e9 que toutes les dispositions seront prises pour que chaque op\u00e9rateur honore ses engagements dans le d\u00e9lai contractuel. Le ministre a soulign\u00e9 que d\u2019ici une semaine, les 972 m\u00e9nages seront sur ce site qui sera d\u00e9sormais un nouveau quartier de la Ville de Niamey. Il a remerci\u00e9 la Ville de Niamey pour avoir mis \u00e0 la disposition du Gouvernement ce site qui compte environs 40.000 parcelles. Il s\u2019agit des parcelles de 200 \u00e0 350 m\u00e8tres carr\u00e9s. Pour \u00e9viter le syndrome de SENO de 2012, le ministre a soulign\u00e9 que le Gouvernement et la Ville de Niamey ont pris toutes les dispositions n\u00e9cessaires pour s\u00e9curiser les parcelles attribu\u00e9es pour qu\u2019elles ne soient pas vendues.<\/p>\n<p>Ainsi, dans une semaine tous les 972 m\u00e9nages concern\u00e9s seront d\u00e9finitivement install\u00e9s sur ce site. Pour ce qui est de l\u2019\u00e9lectricit\u00e9, la Ville de Niamey est en discussions avec la NIGELEC. En attendant la connexion du site au r\u00e9seau de la NIGELEC, un syst\u00e8me d\u2019\u00e9clairage solaire est pr\u00e9vu et l\u2019installassion d\u00e9butera \u00e9galement dans les heures \u00e0 venir (\u00e0 partir de la date de cette visite), ont expliqu\u00e9 les responsables de la Ville de Niamey.<\/p>\n<p><b>\u00a0<\/b><\/p>\n","protected":false},"excerpt":{"rendered":"<p>Africa-Press &#8211; Niger. Le ministre de l\u2019Action Humanitaire et de la Gestion des Catastrophes M. Laouan Magagi a effectu\u00e9 une visite, le vendredi dernier, sur le site qui va d\u00e9finitivement accueillir les victimes des inondations de 2020. Il s\u2019agit pour le ministre Laouan de constater l\u2019\u00e9tat d\u2019avancement des travaux d\u2019am\u00e9nagement du site, de la construction [&hellip;]<\/p>\n","protected":false},"author":82,"featured_media":11291,"comment_status":"open","ping_status":"closed","sticky":false,"template":"","format":"standard","meta":{"footnotes":""},"categories":[21,11,10],"tags":[55,60,29],"class_list":["post-11292","post","type-post","status-publish","format-standard","has-post-thumbnail","hentry","category-communaute","category-homepage-french","category-toutes-les-actualites","tag-africa-press","tag-africa-press-niger","tag-niger"],"yoast_head":"<!-- This site is optimized with the Yoast SEO Premium plugin v26.1 (Yoast SEO v27.0) - https:\/\/yoast.com\/product\/yoast-seo-premium-wordpress\/ -->\n<title>Processus de r\u00e9installation des victimes des inondations de 2020 : \u201cD\u2019ici une semaine 972 m\u00e9nages seront d\u00e9finitivement install\u00e9s sur un nouveau site am\u00e9nag\u00e9\u2019, annonce le ministre de l\u2019Action humanitaire et de la gestion des catastrophes - niger<\/title>\n<meta name=\"description\" content=\"\ufeffLe ministre de l\u2019Action Humanitaire et de la Gestion des Catastrophes M. Laouan Magagi a effectu\u00e9 une visite, le vendre ...\" \/>\n<meta name=\"robots\" content=\"index, follow, max-snippet:-1, max-image-preview:large, max-video-preview:-1\" \/>\n<link rel=\"canonical\" href=\"https:\/\/www.africa-press.net\/niger\/toutes-les-actualites\/processus-de-reinstallation-des-victimes-des-inondations-de-2020-dici-une-semaine-972-menages-seront-definitivement-installes-sur-un-nouveau-site-amenage-annonce-le-minis\" \/>\n<meta property=\"og:locale\" content=\"fr_FR\" \/>\n<meta property=\"og:type\" content=\"article\" \/>\n<meta property=\"og:title\" content=\"Processus de r\u00e9installation des victimes des inondations de 2020 : \u201cD\u2019ici une semaine 972 m\u00e9nages seront d\u00e9finitivement install\u00e9s sur un nouveau site am\u00e9nag\u00e9\u2019, annonce le ministre de l\u2019Action humanitaire et de la gestion des catastrophes\" \/>\n<meta property=\"og:description\" content=\"\ufeffLe ministre de l\u2019Action Humanitaire et de la Gestion des Catastrophes M. Laouan Magagi a effectu\u00e9 une visite, le vendre ...\" \/>\n<meta property=\"og:url\" content=\"https:\/\/www.africa-press.net\/niger\/toutes-les-actualites\/processus-de-reinstallation-des-victimes-des-inondations-de-2020-dici-une-semaine-972-menages-seront-definitivement-installes-sur-un-nouveau-site-amenage-annonce-le-minis\" \/>\n<meta property=\"og:site_name\" content=\"niger\" \/>\n<meta property=\"article:published_time\" content=\"2021-09-06T12:30:56+00:00\" \/>\n<meta property=\"article:modified_time\" content=\"2021-09-06T17:29:27+00:00\" \/>\n<meta property=\"og:image\" content=\"https:\/\/static.africa-press.net\/niger\/sites\/40\/2021\/09\/img-6135f9158e0c5.jpg\" \/>\n\t<meta property=\"og:image:width\" content=\"720\" \/>\n\t<meta property=\"og:image:height\" content=\"436\" \/>\n\t<meta property=\"og:image:type\" content=\"image\/jpeg\" \/>\n<meta name=\"author\" content=\"cfeditorfr\" \/>\n<meta name=\"twitter:card\" content=\"summary_large_image\" \/>\n<meta name=\"twitter:label1\" content=\"\u00c9crit par\" \/>\n\t<meta name=\"twitter:data1\" content=\"cfeditorfr\" \/>\n\t<meta name=\"twitter:label2\" content=\"Dur\u00e9e de lecture estim\u00e9e\" \/>\n\t<meta name=\"twitter:data2\" content=\"5 minutes\" \/>\n<script type=\"application\/ld+json\" class=\"yoast-schema-graph\">{\"@context\":\"https:\/\/schema.org\",\"@graph\":[{\"@type\":\"Article\",\"@id\":\"https:\/\/www.africa-press.net\/niger\/toutes-les-actualites\/processus-de-reinstallation-des-victimes-des-inondations-de-2020-dici-une-semaine-972-menages-seront-definitivement-installes-sur-un-nouveau-site-amenage-annonce-le-minis#article\",\"isPartOf\":{\"@id\":\"https:\/\/www.africa-press.net\/niger\/toutes-les-actualites\/processus-de-reinstallation-des-victimes-des-inondations-de-2020-dici-une-semaine-972-menages-seront-definitivement-installes-sur-un-nouveau-site-amenage-annonce-le-minis\"},\"author\":{\"name\":\"cfeditorfr\",\"@id\":\"https:\/\/www.africa-press.net\/niger\/#\/schema\/person\/2b1cf3cd81a31e3cd26889ca66d677f1\"},\"headline\":\"Processus de r\u00e9installation des victimes des inondations de 2020 : \u201cD\u2019ici une semaine 972 m\u00e9nages seront d\u00e9finitivement install\u00e9s sur un nouveau site am\u00e9nag\u00e9\u2019, annonce le ministre de l\u2019Action humanitaire et de la gestion des catastrophes\",\"datePublished\":\"2021-09-06T12:30:56+00:00\",\"dateModified\":\"2021-09-06T17:29:27+00:00\",\"mainEntityOfPage\":{\"@id\":\"https:\/\/www.africa-press.net\/niger\/toutes-les-actualites\/processus-de-reinstallation-des-victimes-des-inondations-de-2020-dici-une-semaine-972-menages-seront-definitivement-installes-sur-un-nouveau-site-amenage-annonce-le-minis\"},\"wordCount\":981,\"commentCount\":0,\"image\":{\"@id\":\"https:\/\/www.africa-press.net\/niger\/toutes-les-actualites\/processus-de-reinstallation-des-victimes-des-inondations-de-2020-dici-une-semaine-972-menages-seront-definitivement-installes-sur-un-nouveau-site-amenage-annonce-le-minis#primaryimage\"},\"thumbnailUrl\":\"https:\/\/static.africa-press.net\/niger\/sites\/40\/2021\/09\/img-6135f9158e0c5.jpg\",\"keywords\":[\"Africa Press\",\"Africa Press-Niger\",\"Niger\"],\"articleSection\":[\"Communaut\u00e9\",\"homepage-french\",\"Toutes les actualit\u00e9s\"],\"inLanguage\":\"fr-FR\",\"potentialAction\":[{\"@type\":\"CommentAction\",\"name\":\"Comment\",\"target\":[\"https:\/\/www.africa-press.net\/niger\/toutes-les-actualites\/processus-de-reinstallation-des-victimes-des-inondations-de-2020-dici-une-semaine-972-menages-seront-definitivement-installes-sur-un-nouveau-site-amenage-annonce-le-minis#respond\"]}]},{\"@type\":\"WebPage\",\"@id\":\"https:\/\/www.africa-press.net\/niger\/toutes-les-actualites\/processus-de-reinstallation-des-victimes-des-inondations-de-2020-dici-une-semaine-972-menages-seront-definitivement-installes-sur-un-nouveau-site-amenage-annonce-le-minis\",\"url\":\"https:\/\/www.africa-press.net\/niger\/toutes-les-actualites\/processus-de-reinstallation-des-victimes-des-inondations-de-2020-dici-une-semaine-972-menages-seront-definitivement-installes-sur-un-nouveau-site-amenage-annonce-le-minis\",\"name\":\"Processus de r\u00e9installation des victimes des inondations de 2020 : \u201cD\u2019ici une semaine 972 m\u00e9nages seront d\u00e9finitivement install\u00e9s sur un nouveau site am\u00e9nag\u00e9\u2019, annonce le ministre de l\u2019Action humanitaire et de la gestion des catastrophes - niger\",\"isPartOf\":{\"@id\":\"https:\/\/www.africa-press.net\/niger\/#website\"},\"primaryImageOfPage\":{\"@id\":\"https:\/\/www.africa-press.net\/niger\/toutes-les-actualites\/processus-de-reinstallation-des-victimes-des-inondations-de-2020-dici-une-semaine-972-menages-seront-definitivement-installes-sur-un-nouveau-site-amenage-annonce-le-minis#primaryimage\"},\"image\":{\"@id\":\"https:\/\/www.africa-press.net\/niger\/toutes-les-actualites\/processus-de-reinstallation-des-victimes-des-inondations-de-2020-dici-une-semaine-972-menages-seront-definitivement-installes-sur-un-nouveau-site-amenage-annonce-le-minis#primaryimage\"},\"thumbnailUrl\":\"https:\/\/static.africa-press.net\/niger\/sites\/40\/2021\/09\/img-6135f9158e0c5.jpg\",\"datePublished\":\"2021-09-06T12:30:56+00:00\",\"dateModified\":\"2021-09-06T17:29:27+00:00\",\"author\":{\"@id\":\"https:\/\/www.africa-press.net\/niger\/#\/schema\/person\/2b1cf3cd81a31e3cd26889ca66d677f1\"},\"description\":\"\ufeffLe ministre de l\u2019Action Humanitaire et de la Gestion des Catastrophes M. Laouan Magagi a effectu\u00e9 une visite, le vendre ...\",\"breadcrumb\":{\"@id\":\"https:\/\/www.africa-press.net\/niger\/toutes-les-actualites\/processus-de-reinstallation-des-victimes-des-inondations-de-2020-dici-une-semaine-972-menages-seront-definitivement-installes-sur-un-nouveau-site-amenage-annonce-le-minis#breadcrumb\"},\"inLanguage\":\"fr-FR\",\"potentialAction\":[{\"@type\":\"ReadAction\",\"target\":[\"https:\/\/www.africa-press.net\/niger\/toutes-les-actualites\/processus-de-reinstallation-des-victimes-des-inondations-de-2020-dici-une-semaine-972-menages-seront-definitivement-installes-sur-un-nouveau-site-amenage-annonce-le-minis\"]}]},{\"@type\":\"ImageObject\",\"inLanguage\":\"fr-FR\",\"@id\":\"https:\/\/www.africa-press.net\/niger\/toutes-les-actualites\/processus-de-reinstallation-des-victimes-des-inondations-de-2020-dici-une-semaine-972-menages-seront-definitivement-installes-sur-un-nouveau-site-amenage-annonce-le-minis#primaryimage\",\"url\":\"https:\/\/static.africa-press.net\/niger\/sites\/40\/2021\/09\/img-6135f9158e0c5.jpg\",\"contentUrl\":\"https:\/\/static.africa-press.net\/niger\/sites\/40\/2021\/09\/img-6135f9158e0c5.jpg\",\"width\":720,\"height\":436,\"caption\":\"Processus de r\u00e9installation des victimes des inondations de 2020 : \u201cD\u2019ici une semaine 972 m\u00e9nages seront d\u00e9finitivement install\u00e9s sur un nouveau site am\u00e9nag\u00e9\u2019, annonce le ministre de l\u2019Action humanitaire et de la gestion des catastrophes\"},{\"@type\":\"BreadcrumbList\",\"@id\":\"https:\/\/www.africa-press.net\/niger\/toutes-les-actualites\/processus-de-reinstallation-des-victimes-des-inondations-de-2020-dici-une-semaine-972-menages-seront-definitivement-installes-sur-un-nouveau-site-amenage-annonce-le-minis#breadcrumb\",\"itemListElement\":[{\"@type\":\"ListItem\",\"position\":1,\"name\":\"Accueil\",\"item\":\"https:\/\/www.africa-press.net\/niger\/\"},{\"@type\":\"ListItem\",\"position\":2,\"name\":\"Processus de r\u00e9installation des victimes des inondations de 2020 : \u201cD\u2019ici une semaine 972 m\u00e9nages seront d\u00e9finitivement install\u00e9s sur un nouveau site am\u00e9nag\u00e9\u2019, annonce le ministre de l\u2019Action humanitaire et de la gestion des catastrophes\"}]},{\"@type\":\"WebSite\",\"@id\":\"https:\/\/www.africa-press.net\/niger\/#website\",\"url\":\"https:\/\/www.africa-press.net\/niger\/\",\"name\":\"niger\",\"description\":\"Just another Africa News Agency Sites site\",\"potentialAction\":[{\"@type\":\"SearchAction\",\"target\":{\"@type\":\"EntryPoint\",\"urlTemplate\":\"https:\/\/www.africa-press.net\/niger\/?s={search_term_string}\"},\"query-input\":{\"@type\":\"PropertyValueSpecification\",\"valueRequired\":true,\"valueName\":\"search_term_string\"}}],\"inLanguage\":\"fr-FR\"},{\"@type\":\"Person\",\"@id\":\"https:\/\/www.africa-press.net\/niger\/#\/schema\/person\/2b1cf3cd81a31e3cd26889ca66d677f1\",\"name\":\"cfeditorfr\"}]}<\/script>\n<!-- \/ Yoast SEO Premium plugin. -->","yoast_head_json":{"title":"Processus de r\u00e9installation des victimes des inondations de 2020 : \u201cD\u2019ici une semaine 972 m\u00e9nages seront d\u00e9finitivement install\u00e9s sur un nouveau site am\u00e9nag\u00e9\u2019, annonce le ministre de l\u2019Action humanitaire et de la gestion des catastrophes - niger","description":"\ufeffLe ministre de l\u2019Action Humanitaire et de la Gestion des Catastrophes M. Laouan Magagi a effectu\u00e9 une visite, le vendre ...","robots":{"index":"index","follow":"follow","max-snippet":"max-snippet:-1","max-image-preview":"max-image-preview:large","max-video-preview":"max-video-preview:-1"},"canonical":"https:\/\/www.africa-press.net\/niger\/toutes-les-actualites\/processus-de-reinstallation-des-victimes-des-inondations-de-2020-dici-une-semaine-972-menages-seront-definitivement-installes-sur-un-nouveau-site-amenage-annonce-le-minis","og_locale":"fr_FR","og_type":"article","og_title":"Processus de r\u00e9installation des victimes des inondations de 2020 : \u201cD\u2019ici une semaine 972 m\u00e9nages seront d\u00e9finitivement install\u00e9s sur un nouveau site am\u00e9nag\u00e9\u2019, annonce le ministre de l\u2019Action humanitaire et de la gestion des catastrophes","og_description":"\ufeffLe ministre de l\u2019Action Humanitaire et de la Gestion des Catastrophes M. Laouan Magagi a effectu\u00e9 une visite, le vendre ...","og_url":"https:\/\/www.africa-press.net\/niger\/toutes-les-actualites\/processus-de-reinstallation-des-victimes-des-inondations-de-2020-dici-une-semaine-972-menages-seront-definitivement-installes-sur-un-nouveau-site-amenage-annonce-le-minis","og_site_name":"niger","article_published_time":"2021-09-06T12:30:56+00:00","article_modified_time":"2021-09-06T17:29:27+00:00","og_image":[{"width":720,"height":436,"url":"https:\/\/static.africa-press.net\/niger\/sites\/40\/2021\/09\/img-6135f9158e0c5.jpg","type":"image\/jpeg"}],"author":"cfeditorfr","twitter_card":"summary_large_image","twitter_misc":{"\u00c9crit par":"cfeditorfr","Dur\u00e9e de lecture estim\u00e9e":"5 minutes"},"schema":{"@context":"https:\/\/schema.org","@graph":[{"@type":"Article","@id":"https:\/\/www.africa-press.net\/niger\/toutes-les-actualites\/processus-de-reinstallation-des-victimes-des-inondations-de-2020-dici-une-semaine-972-menages-seront-definitivement-installes-sur-un-nouveau-site-amenage-annonce-le-minis#article","isPartOf":{"@id":"https:\/\/www.africa-press.net\/niger\/toutes-les-actualites\/processus-de-reinstallation-des-victimes-des-inondations-de-2020-dici-une-semaine-972-menages-seront-definitivement-installes-sur-un-nouveau-site-amenage-annonce-le-minis"},"author":{"name":"cfeditorfr","@id":"https:\/\/www.africa-press.net\/niger\/#\/schema\/person\/2b1cf3cd81a31e3cd26889ca66d677f1"},"headline":"Processus de r\u00e9installation des victimes des inondations de 2020 : \u201cD\u2019ici une semaine 972 m\u00e9nages seront d\u00e9finitivement install\u00e9s sur un nouveau site am\u00e9nag\u00e9\u2019, annonce le ministre de l\u2019Action humanitaire et de la gestion des catastrophes","datePublished":"2021-09-06T12:30:56+00:00","dateModified":"2021-09-06T17:29:27+00:00","mainEntityOfPage":{"@id":"https:\/\/www.africa-press.net\/niger\/toutes-les-actualites\/processus-de-reinstallation-des-victimes-des-inondations-de-2020-dici-une-semaine-972-menages-seront-definitivement-installes-sur-un-nouveau-site-amenage-annonce-le-minis"},"wordCount":981,"commentCount":0,"image":{"@id":"https:\/\/www.africa-press.net\/niger\/toutes-les-actualites\/processus-de-reinstallation-des-victimes-des-inondations-de-2020-dici-une-semaine-972-menages-seront-definitivement-installes-sur-un-nouveau-site-amenage-annonce-le-minis#primaryimage"},"thumbnailUrl":"https:\/\/static.africa-press.net\/niger\/sites\/40\/2021\/09\/img-6135f9158e0c5.jpg","keywords":["Africa Press","Africa Press-Niger","Niger"],"articleSection":["Communaut\u00e9","homepage-french","Toutes les actualit\u00e9s"],"inLanguage":"fr-FR","potentialAction":[{"@type":"CommentAction","name":"Comment","target":["https:\/\/www.africa-press.net\/niger\/toutes-les-actualites\/processus-de-reinstallation-des-victimes-des-inondations-de-2020-dici-une-semaine-972-menages-seront-definitivement-installes-sur-un-nouveau-site-amenage-annonce-le-minis#respond"]}]},{"@type":"WebPage","@id":"https:\/\/www.africa-press.net\/niger\/toutes-les-actualites\/processus-de-reinstallation-des-victimes-des-inondations-de-2020-dici-une-semaine-972-menages-seront-definitivement-installes-sur-un-nouveau-site-amenage-annonce-le-minis","url":"https:\/\/www.africa-press.net\/niger\/toutes-les-actualites\/processus-de-reinstallation-des-victimes-des-inondations-de-2020-dici-une-semaine-972-menages-seront-definitivement-installes-sur-un-nouveau-site-amenage-annonce-le-minis","name":"Processus de r\u00e9installation des victimes des inondations de 2020 : \u201cD\u2019ici une semaine 972 m\u00e9nages seront d\u00e9finitivement install\u00e9s sur un nouveau site am\u00e9nag\u00e9\u2019, annonce le ministre de l\u2019Action humanitaire et de la gestion des catastrophes - niger","isPartOf":{"@id":"https:\/\/www.africa-press.net\/niger\/#website"},"primaryImageOfPage":{"@id":"https:\/\/www.africa-press.net\/niger\/toutes-les-actualites\/processus-de-reinstallation-des-victimes-des-inondations-de-2020-dici-une-semaine-972-menages-seront-definitivement-installes-sur-un-nouveau-site-amenage-annonce-le-minis#primaryimage"},"image":{"@id":"https:\/\/www.africa-press.net\/niger\/toutes-les-actualites\/processus-de-reinstallation-des-victimes-des-inondations-de-2020-dici-une-semaine-972-menages-seront-definitivement-installes-sur-un-nouveau-site-amenage-annonce-le-minis#primaryimage"},"thumbnailUrl":"https:\/\/static.africa-press.net\/niger\/sites\/40\/2021\/09\/img-6135f9158e0c5.jpg","datePublished":"2021-09-06T12:30:56+00:00","dateModified":"2021-09-06T17:29:27+00:00","author":{"@id":"https:\/\/www.africa-press.net\/niger\/#\/schema\/person\/2b1cf3cd81a31e3cd26889ca66d677f1"},"description":"\ufeffLe ministre de l\u2019Action Humanitaire et de la Gestion des Catastrophes M. Laouan Magagi a effectu\u00e9 une visite, le vendre ...","breadcrumb":{"@id":"https:\/\/www.africa-press.net\/niger\/toutes-les-actualites\/processus-de-reinstallation-des-victimes-des-inondations-de-2020-dici-une-semaine-972-menages-seront-definitivement-installes-sur-un-nouveau-site-amenage-annonce-le-minis#breadcrumb"},"inLanguage":"fr-FR","potentialAction":[{"@type":"ReadAction","target":["https:\/\/www.africa-press.net\/niger\/toutes-les-actualites\/processus-de-reinstallation-des-victimes-des-inondations-de-2020-dici-une-semaine-972-menages-seront-definitivement-installes-sur-un-nouveau-site-amenage-annonce-le-minis"]}]},{"@type":"ImageObject","inLanguage":"fr-FR","@id":"https:\/\/www.africa-press.net\/niger\/toutes-les-actualites\/processus-de-reinstallation-des-victimes-des-inondations-de-2020-dici-une-semaine-972-menages-seront-definitivement-installes-sur-un-nouveau-site-amenage-annonce-le-minis#primaryimage","url":"https:\/\/static.africa-press.net\/niger\/sites\/40\/2021\/09\/img-6135f9158e0c5.jpg","contentUrl":"https:\/\/static.africa-press.net\/niger\/sites\/40\/2021\/09\/img-6135f9158e0c5.jpg","width":720,"height":436,"caption":"Processus de r\u00e9installation des victimes des inondations de 2020 : \u201cD\u2019ici une semaine 972 m\u00e9nages seront d\u00e9finitivement install\u00e9s sur un nouveau site am\u00e9nag\u00e9\u2019, annonce le ministre de l\u2019Action humanitaire et de la gestion des catastrophes"},{"@type":"BreadcrumbList","@id":"https:\/\/www.africa-press.net\/niger\/toutes-les-actualites\/processus-de-reinstallation-des-victimes-des-inondations-de-2020-dici-une-semaine-972-menages-seront-definitivement-installes-sur-un-nouveau-site-amenage-annonce-le-minis#breadcrumb","itemListElement":[{"@type":"ListItem","position":1,"name":"Accueil","item":"https:\/\/www.africa-press.net\/niger\/"},{"@type":"ListItem","position":2,"name":"Processus de r\u00e9installation des victimes des inondations de 2020 : \u201cD\u2019ici une semaine 972 m\u00e9nages seront d\u00e9finitivement install\u00e9s sur un nouveau site am\u00e9nag\u00e9\u2019, annonce le ministre de l\u2019Action humanitaire et de la gestion des catastrophes"}]},{"@type":"WebSite","@id":"https:\/\/www.africa-press.net\/niger\/#website","url":"https:\/\/www.africa-press.net\/niger\/","name":"niger","description":"Just another Africa News Agency Sites site","potentialAction":[{"@type":"SearchAction","target":{"@type":"EntryPoint","urlTemplate":"https:\/\/www.africa-press.net\/niger\/?s={search_term_string}"},"query-input":{"@type":"PropertyValueSpecification","valueRequired":true,"valueName":"search_term_string"}}],"inLanguage":"fr-FR"},{"@type":"Person","@id":"https:\/\/www.africa-press.net\/niger\/#\/schema\/person\/2b1cf3cd81a31e3cd26889ca66d677f1","name":"cfeditorfr"}]}},"_links":{"self":[{"href":"https:\/\/www.africa-press.net\/niger\/wp-json\/wp\/v2\/posts\/11292","targetHints":{"allow":["GET"]}}],"collection":[{"href":"https:\/\/www.africa-press.net\/niger\/wp-json\/wp\/v2\/posts"}],"about":[{"href":"https:\/\/www.africa-press.net\/niger\/wp-json\/wp\/v2\/types\/post"}],"author":[{"embeddable":true,"href":"https:\/\/www.africa-press.net\/niger\/wp-json\/wp\/v2\/users\/82"}],"replies":[{"embeddable":true,"href":"https:\/\/www.africa-press.net\/niger\/wp-json\/wp\/v2\/comments?post=11292"}],"version-history":[{"count":0,"href":"https:\/\/www.africa-press.net\/niger\/wp-json\/wp\/v2\/posts\/11292\/revisions"}],"wp:featuredmedia":[{"embeddable":true,"href":"https:\/\/www.africa-press.net\/niger\/wp-json\/wp\/v2\/media\/11291"}],"wp:attachment":[{"href":"https:\/\/www.africa-press.net\/niger\/wp-json\/wp\/v2\/media?parent=11292"}],"wp:term":[{"taxonomy":"category","embeddable":true,"href":"https:\/\/www.africa-press.net\/niger\/wp-json\/wp\/v2\/categories?post=11292"},{"taxonomy":"post_tag","embeddable":true,"href":"https:\/\/www.africa-press.net\/niger\/wp-json\/wp\/v2\/tags?post=11292"}],"curies":[{"name":"wp","href":"https:\/\/api.w.org\/{rel}","templated":true}]}}