{"id":11295,"date":"2021-09-06T12:39:27","date_gmt":"2021-09-06T12:39:27","guid":{"rendered":"https:\/\/www.africa-press.net\/niger\/?p=11295"},"modified":"2021-09-06T11:19:40","modified_gmt":"2021-09-06T11:19:40","slug":"au-palais-de-la-presidence-le-chef-de-letat-recoit-felicite-et-encourage-les-laureats-du-prix-de-lexcellence-et-du-merite-et-leurs-enseignants","status":"publish","type":"post","link":"https:\/\/www.africa-press.net\/niger\/culture-et-art\/au-palais-de-la-presidence-le-chef-de-letat-recoit-felicite-et-encourage-les-laureats-du-prix-de-lexcellence-et-du-merite-et-leurs-enseignants","title":{"rendered":"Au Palais de la Pr\u00e9sidence : Le Chef de l\u2019Etat re\u00e7oit, f\u00e9licite et encourage les laur\u00e9ats du Prix de l\u2019Excellence et du M\u00e9rite et leurs enseignants"},"content":{"rendered":"<p><span style=\"color: #ff6600\"><strong><a href=\"https:\/\/www.africa-press.net\/\">Africa-Press<\/a> &#8211; <a href=\"https:\/\/www.africa-press.net\/niger\">Niger<\/a>. <\/strong><\/span>A l\u2019issue de la 11\u00e8me \u00e9dition du Prix de l\u2019Excellence et du M\u00e9rite de la fondation Noor de la Premi\u00e8re dame, les laur\u00e9ats de ce prestigieux prix ainsi que leurs enseignants et encadreurs ont \u00e9t\u00e9 pr\u00e9sent\u00e9s au Pr\u00e9sident de la R\u00e9publique M Mohamed Bazoum, le vendredi 03 ao\u00fbt lors d\u2019une sobre c\u00e9r\u00e9monie qui s\u2019est d\u00e9roul\u00e9e en pr\u00e9sence de tous ministres en charge de l\u2019\u00e9ducation et de la formation et, tout naturellement, celle de la Premi\u00e8re dame Mme Hadiza Bazoum. En effet, la Premi\u00e8re dame, qui entend poursuivre inexorablement l\u2019\u0153uvre louable de celle qu\u2019elle appelle affectueusement sa \u00abGrande S\u0153ur\u00bb l\u2019ancienne Premi\u00e8re dame Mme Aissata Issoufou, inscrit son action dans le cadre de l\u2019accompagnement des autorit\u00e9s dans leurs efforts de faire de l\u2019\u00e9ducation le premier levier du d\u00e9veloppement du Niger. C\u2019est dans cette logique que l\u2019\u00e9dition 2021 est plac\u00e9e sous le signe de \u00abla qualit\u00e9 de l\u2019\u00e9ducation et de la formation par le num\u00e9rique\u00bb<\/p>\n<p>Cette ann\u00e9e, du fait du contexte de la Covid 19, la fondation Noor n\u2019a pas fait venir tous les laur\u00e9ats \u00e0 Niamey, explique-t-on, mais c\u2019est plut\u00f4t les plus m\u00e9ritants des m\u00e9ritants de tous les niveaux du secondaire et fili\u00e8res de formation professionnelle qui ont eu l\u2019honneur d\u2019\u00eatre re\u00e7us au Palais de la Pr\u00e9sidence par le Chef de l\u2019Etat. Leurs autres laur\u00e9ats, qui n\u2019ont pas du tout d\u00e9m\u00e9rit\u00e9 le voyage de la capitale, ont re\u00e7u leurs prix dans les diff\u00e9rents chefs-lieux des r\u00e9gions des mains des autorit\u00e9s r\u00e9gionales toujours par les soins de la fondation Noor. De 2011 \u00e0 2021, plus de trois milles \u00e9l\u00e8ves et apprenants des diff\u00e9rentes fili\u00e8res de formation se sont vus attribuer des prix d\u2019Excellence et du M\u00e9rite par la fondation Guri Vie Meilleure de l\u2019ancienne Premi\u00e8re dame Aissata Issoufou. Sa successeuse ayant pris le relai avec beaucoup d\u2019enthousiasme n\u2019a pas, comme le dit un adage \u00abdu sable sur les genoux\u00bb et entend porter le flambeau encore plus haut pour le bien de l\u2019\u00e9cole nig\u00e9rienne.<\/p>\n<p>Entour\u00e9 de ses ministres en charge de l\u2019Education et de la Formation ainsi que la Premi\u00e8re dame et le staff de sa fondation, le Pr\u00e9sident Mohamed Bazoum avait fi\u00e8re allure ce jour-l\u00e0 face \u00e0 ces \u00e9l\u00e8ves, \u00e9tudiants et apprenants qui font la fiert\u00e9 de leurs parents et du Niger. Le Chef de l\u2019Etat n\u2019y a pas perdu une seule seconde en s\u2019adressant \u00e0 eux pour leur dire tout le plaisir qui l\u2019animait de les voir en face de lui, au Palais de la Pr\u00e9sidence. Rappelant ce que fut la c\u00e9r\u00e9monie de remise des prix la veille, le Pr\u00e9sident Bazoum a eu ces mots \u00e0 l\u2019endroit des laur\u00e9ats : \u00abc\u2019est \u00e0 mon tour, \u00e0 moi, aujourd\u2019hui de vous f\u00e9liciter bien vivement pour vos r\u00e9sultats, pour vos performances\u00bb. A ces jeunes nig\u00e9riennes et nig\u00e9riens, qui font honneur \u00e0 la Nation, le Chef de l\u2019Etat leur rappela qu\u2019il a mis l\u2019\u00e9cole comme priorit\u00e9 N\u00b0 1 dans son programme de campagne qu\u2019il a soumis au peuple nig\u00e9rien pour solliciter son suffrage, justifiant ce choix cet engagement par le caract\u00e8re contre-performant du syst\u00e8me \u00e9ducatif nig\u00e9rien et estimant que cela est suffisamment \u00e9difiant pour cr\u00e9er les conditions du sursaut indispensable pour l\u2019avenir du Niger.<\/p>\n<p>Le Chef de l\u2019Etat leur signifiait, comme il l\u2019a souvent fait, que \u00abla concurrence entre les Nations et les Etats, se r\u00e9sume aux performances de leurs syst\u00e8mes \u00e9ducatifs\u00bb. Il a expliqu\u00e9 que le bon fonctionnement et la performance du syst\u00e8me \u00e9ducatif sont le gage de la prosp\u00e9rit\u00e9 de l\u2019\u00e9conomie d\u2019un pays et de sa soci\u00e9t\u00e9. Le Pr\u00e9sident de la R\u00e9publique a estim\u00e9 que les citoyens ne peuvent voir leurs conditions de vie s\u2019am\u00e9liorer tant qu\u2019ils n\u2019ont pas un syst\u00e8me \u00e9ducatif qui forment des citoyens aux diff\u00e9rents m\u00e9tiers qu\u2019il faut pour donner l\u2019impulsion n\u00e9cessaire au d\u00e9veloppement \u00e9conomique avant d\u2019avertir que \u00abnous resterons toujours \u00e0 la traine tant que nous n\u2019avons pas fait en sorte que nous am\u00e9liorions les conditions de performance de notre syst\u00e8me \u00e9ducatif\u00bb.<\/p>\n<p>Le Pr\u00e9sident de la R\u00e9plique ajoute: \u00abc\u2019est cela mon ambition. Mon ambition, c\u2019est de faire en sorte que beaucoup de Nig\u00e9riens de votre \u00e2ge soient comme vous. Vous \u00eates aujourd\u2019hui les meilleurs. Et vous auriez \u00e9t\u00e9 bien plus que vous ne l\u2019\u00eates aujourd\u2019hui, vous qui avez le m\u00e9rite d\u2019\u00eatre notre fiert\u00e9, si nous avions un syst\u00e8me \u00e9ducatif encore plus performant\u00bb. Face aux laur\u00e9ats, leurs encadreurs et tous les invit\u00e9s, le Chef de l\u2019Etat a r\u00e9it\u00e9r\u00e9 sa d\u00e9termination de jeter les bases des r\u00e9formes du syst\u00e8me \u00e9ducatif nig\u00e9rien, de soutenir tous les enfants nig\u00e9riens m\u00eame ceux qui sont les zones les plus lointaines, pour leur offrir la chance de devenir des personnes pleines comme il se doit. La conviction du Pr\u00e9sident Bazoum est que \u00ablorsqu\u2019on n\u2019a pas \u00e9t\u00e9 instruit, on est singuli\u00e8rement diminu\u00e9\u00bb. Le chef de l\u2019Etat a reconnu sans ambages qu\u2019il y a ici au Niger des citoyens qui sont loin d\u2019\u00eatre des citoyens \u00e9panouis \u00e0 \u00abcause du peu de chance que leur donne notre syst\u00e8me \u00e9ducatif\u00bb.<\/p>\n<p>Aux jeunes laur\u00e9ats, le Pr\u00e9sident de la R\u00e9publique, doublement arbor\u00e9 sa tenue \u00abjeune-cadre\u00bb d\u2019enseignant et son boubou de p\u00e8re, a indiqu\u00e9 que les autorit\u00e9s ont l\u2019ambition d\u2019offrir les m\u00eames chances \u00e0 tous les enfants pour qu\u2019ils aient les m\u00eames aptitudes que ces laur\u00e9ats qui, sont aujourd\u2019hui des mod\u00e8les pour tous les enfants du pays. Pour le Chef de l\u2019Etat, ce que sont devenus ces jeunes filles et gar\u00e7ons est son seulement le fruit de la bonne \u00e9ducation re\u00e7ue de leurs parents mais aussi le fruit du don de soi qui les a \u00e9lev\u00e9s \u00e0 cette vertu. Mohamed Bazoum a exhort\u00e9, de vive voix, les laur\u00e9ats \u00e0 poursuivre leurs efforts, \u00e0 donner encore plus qu\u2019ils n\u2019en ont donn\u00e9 jusque-l\u00e0 pour \u00ab faire plaisir \u00e0 vos parents, pour faire plaisir \u00e0 tous les Nig\u00e9riens et pour faire en sorte que demain vous preniez les rennes de ce pays\u00bb. Le Chef de l\u2019Etat a soulign\u00e9 avec force que ces jeunes ont tous les droits absolument l\u00e9gitimes pour aspirer \u00e0 \u00eatre devant dans notre soci\u00e9t\u00e9 et en \u00eatre les dirigeants lorsqu\u2019ils auront l\u2019\u00e2ge n\u00e9cessaire \u00e0 cet effet. C\u2019est ce message galvanisant que le Pr\u00e9sident Bazoum a tenu \u00e0 adresser \u00e0 cette p\u00e9pini\u00e8re des jeunes promis au bel avenir, soutenant que leur ambition doit \u00eatre celle d\u2019\u00eatre toujours et encore meilleurs. En sa qualit\u00e9 de premier parent d\u2019\u00e9l\u00e8ve du Niger, le Chef de l\u2019Etat leur dit en guise de conseil: \u00abNe fl\u00e9chissez surtout pas, ne d\u00e9c\u00e9l\u00e9rez pas. Mettez-vous la m\u00eame pression, ayez la m\u00eame fiert\u00e9 d\u2019\u00eatre premiers et d\u2019\u00eatre cit\u00e9s en exemple. Faites-en le pari. Tenez bon et ne reculez pas en cours de route, avancez, foncez encore plus, donnez encore plus que vous n\u2019avez donn\u00e9 jusqu\u2019\u00e0 pr\u00e9sent. Vous serez l\u2019\u00e9lite, vous serez devant. Et vous aurez toutes les qualit\u00e9s pour \u00eatre de bons dirigeants de notre soci\u00e9t\u00e9\u00bb.<\/p>\n<p>Aux parents d\u2019\u00e9l\u00e8ves, le Pr\u00e9sident de la R\u00e9publique leur dit \u00abje vous f\u00e9licite plus que les enfants parce qu\u2019il a fallu que vous soyez l\u00e0 pour que nous ayons des enfants qui sont des mod\u00e8les\u00bb. Le Chef de l\u2019Etat a aussi vivement f\u00e9licit\u00e9 les encadreurs et enseignants tout en leur demandant de pers\u00e9v\u00e9rer, d\u2019\u00eatre pr\u00e9sents dans les d\u00e9bats que les autorit\u00e9s vont engager \u00e0 partir de la rentr\u00e9e prochaine pour frayer le chemin qu\u2019il faut en vue de construire un syst\u00e8me \u00e9ducatif viable et fiable. Pour lui, \u00abconstruire un syst\u00e8me \u00e9ducatif et en faire quelque chose de performant est la chose la plus difficile. Enseigner est extr\u00eamement difficile, enseigner bien est tr\u00e8s difficile\u00bb insiste-t-il. \u00abEt donc, c\u2019est sur vous que je compterai\u00bb, a dit le Chef de l\u2019Etat, aux enseignants et encadreurs qui jouent un r\u00f4le majeur dans le projet qu\u2019il a en vue de changer l\u2019\u00e9cole nig\u00e9rienne, de la transformer et de faire en sorte qu\u2019elle puisse donner \u00ables produits que nous, nous avions \u00e9t\u00e9 d\u2019une \u00e9cole \u00e0 une certaine \u00e9poque\u00bb.<\/p>\n<p>Le pr\u00e9sident de la R\u00e9publique a conclu son adresse en soulignant tout son optimisme, son volontarisme et sa d\u00e9termination pour la r\u00e9ussite des r\u00e9formes du syst\u00e8me \u00e9ducatif. A l\u2019adresse de la fondation Noor de la Premi\u00e8re dame Mme Hadiza Bazoum qui a pris le relai de la fondation Guri, le Chef de l\u2019Etat lui a rendu hommage pour avoir maintenu le principe du prix de l\u2019Excellence et du M\u00e9rite que Mme Aissata Issoufou a instaur\u00e9 il y a de cela dix ans pour promouvoir les vertus du travail, cr\u00e9er l\u2019\u00e9mulation autour de certaines valeurs.<\/p>\n<p><b>Zabeirou Moussa(onep)<\/b><\/p>\n","protected":false},"excerpt":{"rendered":"<p>Africa-Press &#8211; Niger. A l\u2019issue de la 11\u00e8me \u00e9dition du Prix de l\u2019Excellence et du M\u00e9rite de la fondation Noor de la Premi\u00e8re dame, les laur\u00e9ats de ce prestigieux prix ainsi que leurs enseignants et encadreurs ont \u00e9t\u00e9 pr\u00e9sent\u00e9s au Pr\u00e9sident de la R\u00e9publique M Mohamed Bazoum, le vendredi 03 ao\u00fbt lors d\u2019une sobre c\u00e9r\u00e9monie [&hellip;]<\/p>\n","protected":false},"author":82,"featured_media":11294,"comment_status":"open","ping_status":"closed","sticky":false,"template":"","format":"standard","meta":{"footnotes":""},"categories":[5,11,10],"tags":[55,60,29],"class_list":["post-11295","post","type-post","status-publish","format-standard","has-post-thumbnail","hentry","category-culture-et-art","category-homepage-french","category-toutes-les-actualites","tag-africa-press","tag-africa-press-niger","tag-niger"],"yoast_head":"<!-- This site is optimized with the Yoast SEO Premium plugin v26.1 (Yoast SEO v27.0) - https:\/\/yoast.com\/product\/yoast-seo-premium-wordpress\/ -->\n<title>Au Palais de la Pr\u00e9sidence : Le Chef de l\u2019Etat re\u00e7oit, f\u00e9licite et encourage les laur\u00e9ats du Prix de l\u2019Excellence et du M\u00e9rite et leurs enseignants - niger<\/title>\n<meta name=\"description\" content=\"\ufeffA l\u2019issue de la 11\u00e8me \u00e9dition du Prix de l\u2019Excellence et du M\u00e9rite de la fondation Noor de la Premi\u00e8re dame, les laur\u00e9a ...\" \/>\n<meta name=\"robots\" content=\"index, follow, max-snippet:-1, max-image-preview:large, max-video-preview:-1\" \/>\n<link rel=\"canonical\" href=\"https:\/\/www.africa-press.net\/niger\/culture-et-art\/au-palais-de-la-presidence-le-chef-de-letat-recoit-felicite-et-encourage-les-laureats-du-prix-de-lexcellence-et-du-merite-et-leurs-enseignants\" \/>\n<meta property=\"og:locale\" content=\"fr_FR\" \/>\n<meta property=\"og:type\" content=\"article\" \/>\n<meta property=\"og:title\" content=\"Au Palais de la Pr\u00e9sidence : Le Chef de l\u2019Etat re\u00e7oit, f\u00e9licite et encourage les laur\u00e9ats du Prix de l\u2019Excellence et du M\u00e9rite et leurs enseignants\" \/>\n<meta property=\"og:description\" content=\"\ufeffA l\u2019issue de la 11\u00e8me \u00e9dition du Prix de l\u2019Excellence et du M\u00e9rite de la fondation Noor de la Premi\u00e8re dame, les laur\u00e9a ...\" \/>\n<meta property=\"og:url\" content=\"https:\/\/www.africa-press.net\/niger\/culture-et-art\/au-palais-de-la-presidence-le-chef-de-letat-recoit-felicite-et-encourage-les-laureats-du-prix-de-lexcellence-et-du-merite-et-leurs-enseignants\" \/>\n<meta property=\"og:site_name\" content=\"niger\" \/>\n<meta property=\"article:published_time\" content=\"2021-09-06T12:39:27+00:00\" \/>\n<meta property=\"og:image\" content=\"https:\/\/static.africa-press.net\/niger\/sites\/40\/2021\/09\/img-6135f93416da7.jpg\" \/>\n\t<meta property=\"og:image:width\" content=\"720\" \/>\n\t<meta property=\"og:image:height\" content=\"361\" \/>\n\t<meta property=\"og:image:type\" content=\"image\/jpeg\" \/>\n<meta name=\"author\" content=\"cfeditorfr\" \/>\n<meta name=\"twitter:card\" content=\"summary_large_image\" \/>\n<meta name=\"twitter:label1\" content=\"\u00c9crit par\" \/>\n\t<meta name=\"twitter:data1\" content=\"cfeditorfr\" \/>\n\t<meta name=\"twitter:label2\" content=\"Dur\u00e9e de lecture estim\u00e9e\" \/>\n\t<meta name=\"twitter:data2\" content=\"8 minutes\" \/>\n<script type=\"application\/ld+json\" class=\"yoast-schema-graph\">{\"@context\":\"https:\/\/schema.org\",\"@graph\":[{\"@type\":\"Article\",\"@id\":\"https:\/\/www.africa-press.net\/niger\/culture-et-art\/au-palais-de-la-presidence-le-chef-de-letat-recoit-felicite-et-encourage-les-laureats-du-prix-de-lexcellence-et-du-merite-et-leurs-enseignants#article\",\"isPartOf\":{\"@id\":\"https:\/\/www.africa-press.net\/niger\/culture-et-art\/au-palais-de-la-presidence-le-chef-de-letat-recoit-felicite-et-encourage-les-laureats-du-prix-de-lexcellence-et-du-merite-et-leurs-enseignants\"},\"author\":{\"name\":\"cfeditorfr\",\"@id\":\"https:\/\/www.africa-press.net\/niger\/#\/schema\/person\/2b1cf3cd81a31e3cd26889ca66d677f1\"},\"headline\":\"Au Palais de la Pr\u00e9sidence : Le Chef de l\u2019Etat re\u00e7oit, f\u00e9licite et encourage les laur\u00e9ats du Prix de l\u2019Excellence et du M\u00e9rite et leurs enseignants\",\"datePublished\":\"2021-09-06T12:39:27+00:00\",\"mainEntityOfPage\":{\"@id\":\"https:\/\/www.africa-press.net\/niger\/culture-et-art\/au-palais-de-la-presidence-le-chef-de-letat-recoit-felicite-et-encourage-les-laureats-du-prix-de-lexcellence-et-du-merite-et-leurs-enseignants\"},\"wordCount\":1632,\"commentCount\":0,\"image\":{\"@id\":\"https:\/\/www.africa-press.net\/niger\/culture-et-art\/au-palais-de-la-presidence-le-chef-de-letat-recoit-felicite-et-encourage-les-laureats-du-prix-de-lexcellence-et-du-merite-et-leurs-enseignants#primaryimage\"},\"thumbnailUrl\":\"https:\/\/static.africa-press.net\/niger\/sites\/40\/2021\/09\/img-6135f93416da7.jpg\",\"keywords\":[\"Africa Press\",\"Africa Press-Niger\",\"Niger\"],\"articleSection\":[\"Culture et Art\",\"homepage-french\",\"Toutes les actualit\u00e9s\"],\"inLanguage\":\"fr-FR\",\"potentialAction\":[{\"@type\":\"CommentAction\",\"name\":\"Comment\",\"target\":[\"https:\/\/www.africa-press.net\/niger\/culture-et-art\/au-palais-de-la-presidence-le-chef-de-letat-recoit-felicite-et-encourage-les-laureats-du-prix-de-lexcellence-et-du-merite-et-leurs-enseignants#respond\"]}]},{\"@type\":\"WebPage\",\"@id\":\"https:\/\/www.africa-press.net\/niger\/culture-et-art\/au-palais-de-la-presidence-le-chef-de-letat-recoit-felicite-et-encourage-les-laureats-du-prix-de-lexcellence-et-du-merite-et-leurs-enseignants\",\"url\":\"https:\/\/www.africa-press.net\/niger\/culture-et-art\/au-palais-de-la-presidence-le-chef-de-letat-recoit-felicite-et-encourage-les-laureats-du-prix-de-lexcellence-et-du-merite-et-leurs-enseignants\",\"name\":\"Au Palais de la Pr\u00e9sidence : Le Chef de l\u2019Etat re\u00e7oit, f\u00e9licite et encourage les laur\u00e9ats du Prix de l\u2019Excellence et du M\u00e9rite et leurs enseignants - niger\",\"isPartOf\":{\"@id\":\"https:\/\/www.africa-press.net\/niger\/#website\"},\"primaryImageOfPage\":{\"@id\":\"https:\/\/www.africa-press.net\/niger\/culture-et-art\/au-palais-de-la-presidence-le-chef-de-letat-recoit-felicite-et-encourage-les-laureats-du-prix-de-lexcellence-et-du-merite-et-leurs-enseignants#primaryimage\"},\"image\":{\"@id\":\"https:\/\/www.africa-press.net\/niger\/culture-et-art\/au-palais-de-la-presidence-le-chef-de-letat-recoit-felicite-et-encourage-les-laureats-du-prix-de-lexcellence-et-du-merite-et-leurs-enseignants#primaryimage\"},\"thumbnailUrl\":\"https:\/\/static.africa-press.net\/niger\/sites\/40\/2021\/09\/img-6135f93416da7.jpg\",\"datePublished\":\"2021-09-06T12:39:27+00:00\",\"author\":{\"@id\":\"https:\/\/www.africa-press.net\/niger\/#\/schema\/person\/2b1cf3cd81a31e3cd26889ca66d677f1\"},\"description\":\"\ufeffA l\u2019issue de la 11\u00e8me \u00e9dition du Prix de l\u2019Excellence et du M\u00e9rite de la fondation Noor de la Premi\u00e8re dame, les laur\u00e9a ...\",\"breadcrumb\":{\"@id\":\"https:\/\/www.africa-press.net\/niger\/culture-et-art\/au-palais-de-la-presidence-le-chef-de-letat-recoit-felicite-et-encourage-les-laureats-du-prix-de-lexcellence-et-du-merite-et-leurs-enseignants#breadcrumb\"},\"inLanguage\":\"fr-FR\",\"potentialAction\":[{\"@type\":\"ReadAction\",\"target\":[\"https:\/\/www.africa-press.net\/niger\/culture-et-art\/au-palais-de-la-presidence-le-chef-de-letat-recoit-felicite-et-encourage-les-laureats-du-prix-de-lexcellence-et-du-merite-et-leurs-enseignants\"]}]},{\"@type\":\"ImageObject\",\"inLanguage\":\"fr-FR\",\"@id\":\"https:\/\/www.africa-press.net\/niger\/culture-et-art\/au-palais-de-la-presidence-le-chef-de-letat-recoit-felicite-et-encourage-les-laureats-du-prix-de-lexcellence-et-du-merite-et-leurs-enseignants#primaryimage\",\"url\":\"https:\/\/static.africa-press.net\/niger\/sites\/40\/2021\/09\/img-6135f93416da7.jpg\",\"contentUrl\":\"https:\/\/static.africa-press.net\/niger\/sites\/40\/2021\/09\/img-6135f93416da7.jpg\",\"width\":720,\"height\":361,\"caption\":\"Au Palais de la Pr\u00e9sidence : Le Chef de l\u2019Etat re\u00e7oit, f\u00e9licite et encourage les laur\u00e9ats du Prix de l\u2019Excellence et du M\u00e9rite et leurs enseignants\"},{\"@type\":\"BreadcrumbList\",\"@id\":\"https:\/\/www.africa-press.net\/niger\/culture-et-art\/au-palais-de-la-presidence-le-chef-de-letat-recoit-felicite-et-encourage-les-laureats-du-prix-de-lexcellence-et-du-merite-et-leurs-enseignants#breadcrumb\",\"itemListElement\":[{\"@type\":\"ListItem\",\"position\":1,\"name\":\"Accueil\",\"item\":\"https:\/\/www.africa-press.net\/niger\/\"},{\"@type\":\"ListItem\",\"position\":2,\"name\":\"Au Palais de la Pr\u00e9sidence : Le Chef de l\u2019Etat re\u00e7oit, f\u00e9licite et encourage les laur\u00e9ats du Prix de l\u2019Excellence et du M\u00e9rite et leurs enseignants\"}]},{\"@type\":\"WebSite\",\"@id\":\"https:\/\/www.africa-press.net\/niger\/#website\",\"url\":\"https:\/\/www.africa-press.net\/niger\/\",\"name\":\"niger\",\"description\":\"Just another Africa News Agency Sites site\",\"potentialAction\":[{\"@type\":\"SearchAction\",\"target\":{\"@type\":\"EntryPoint\",\"urlTemplate\":\"https:\/\/www.africa-press.net\/niger\/?s={search_term_string}\"},\"query-input\":{\"@type\":\"PropertyValueSpecification\",\"valueRequired\":true,\"valueName\":\"search_term_string\"}}],\"inLanguage\":\"fr-FR\"},{\"@type\":\"Person\",\"@id\":\"https:\/\/www.africa-press.net\/niger\/#\/schema\/person\/2b1cf3cd81a31e3cd26889ca66d677f1\",\"name\":\"cfeditorfr\"}]}<\/script>\n<!-- \/ Yoast SEO Premium plugin. -->","yoast_head_json":{"title":"Au Palais de la Pr\u00e9sidence : Le Chef de l\u2019Etat re\u00e7oit, f\u00e9licite et encourage les laur\u00e9ats du Prix de l\u2019Excellence et du M\u00e9rite et leurs enseignants - niger","description":"\ufeffA l\u2019issue de la 11\u00e8me \u00e9dition du Prix de l\u2019Excellence et du M\u00e9rite de la fondation Noor de la Premi\u00e8re dame, les laur\u00e9a ...","robots":{"index":"index","follow":"follow","max-snippet":"max-snippet:-1","max-image-preview":"max-image-preview:large","max-video-preview":"max-video-preview:-1"},"canonical":"https:\/\/www.africa-press.net\/niger\/culture-et-art\/au-palais-de-la-presidence-le-chef-de-letat-recoit-felicite-et-encourage-les-laureats-du-prix-de-lexcellence-et-du-merite-et-leurs-enseignants","og_locale":"fr_FR","og_type":"article","og_title":"Au Palais de la Pr\u00e9sidence : Le Chef de l\u2019Etat re\u00e7oit, f\u00e9licite et encourage les laur\u00e9ats du Prix de l\u2019Excellence et du M\u00e9rite et leurs enseignants","og_description":"\ufeffA l\u2019issue de la 11\u00e8me \u00e9dition du Prix de l\u2019Excellence et du M\u00e9rite de la fondation Noor de la Premi\u00e8re dame, les laur\u00e9a ...","og_url":"https:\/\/www.africa-press.net\/niger\/culture-et-art\/au-palais-de-la-presidence-le-chef-de-letat-recoit-felicite-et-encourage-les-laureats-du-prix-de-lexcellence-et-du-merite-et-leurs-enseignants","og_site_name":"niger","article_published_time":"2021-09-06T12:39:27+00:00","og_image":[{"width":720,"height":361,"url":"https:\/\/static.africa-press.net\/niger\/sites\/40\/2021\/09\/img-6135f93416da7.jpg","type":"image\/jpeg"}],"author":"cfeditorfr","twitter_card":"summary_large_image","twitter_misc":{"\u00c9crit par":"cfeditorfr","Dur\u00e9e de lecture estim\u00e9e":"8 minutes"},"schema":{"@context":"https:\/\/schema.org","@graph":[{"@type":"Article","@id":"https:\/\/www.africa-press.net\/niger\/culture-et-art\/au-palais-de-la-presidence-le-chef-de-letat-recoit-felicite-et-encourage-les-laureats-du-prix-de-lexcellence-et-du-merite-et-leurs-enseignants#article","isPartOf":{"@id":"https:\/\/www.africa-press.net\/niger\/culture-et-art\/au-palais-de-la-presidence-le-chef-de-letat-recoit-felicite-et-encourage-les-laureats-du-prix-de-lexcellence-et-du-merite-et-leurs-enseignants"},"author":{"name":"cfeditorfr","@id":"https:\/\/www.africa-press.net\/niger\/#\/schema\/person\/2b1cf3cd81a31e3cd26889ca66d677f1"},"headline":"Au Palais de la Pr\u00e9sidence : Le Chef de l\u2019Etat re\u00e7oit, f\u00e9licite et encourage les laur\u00e9ats du Prix de l\u2019Excellence et du M\u00e9rite et leurs enseignants","datePublished":"2021-09-06T12:39:27+00:00","mainEntityOfPage":{"@id":"https:\/\/www.africa-press.net\/niger\/culture-et-art\/au-palais-de-la-presidence-le-chef-de-letat-recoit-felicite-et-encourage-les-laureats-du-prix-de-lexcellence-et-du-merite-et-leurs-enseignants"},"wordCount":1632,"commentCount":0,"image":{"@id":"https:\/\/www.africa-press.net\/niger\/culture-et-art\/au-palais-de-la-presidence-le-chef-de-letat-recoit-felicite-et-encourage-les-laureats-du-prix-de-lexcellence-et-du-merite-et-leurs-enseignants#primaryimage"},"thumbnailUrl":"https:\/\/static.africa-press.net\/niger\/sites\/40\/2021\/09\/img-6135f93416da7.jpg","keywords":["Africa Press","Africa Press-Niger","Niger"],"articleSection":["Culture et Art","homepage-french","Toutes les actualit\u00e9s"],"inLanguage":"fr-FR","potentialAction":[{"@type":"CommentAction","name":"Comment","target":["https:\/\/www.africa-press.net\/niger\/culture-et-art\/au-palais-de-la-presidence-le-chef-de-letat-recoit-felicite-et-encourage-les-laureats-du-prix-de-lexcellence-et-du-merite-et-leurs-enseignants#respond"]}]},{"@type":"WebPage","@id":"https:\/\/www.africa-press.net\/niger\/culture-et-art\/au-palais-de-la-presidence-le-chef-de-letat-recoit-felicite-et-encourage-les-laureats-du-prix-de-lexcellence-et-du-merite-et-leurs-enseignants","url":"https:\/\/www.africa-press.net\/niger\/culture-et-art\/au-palais-de-la-presidence-le-chef-de-letat-recoit-felicite-et-encourage-les-laureats-du-prix-de-lexcellence-et-du-merite-et-leurs-enseignants","name":"Au Palais de la Pr\u00e9sidence : Le Chef de l\u2019Etat re\u00e7oit, f\u00e9licite et encourage les laur\u00e9ats du Prix de l\u2019Excellence et du M\u00e9rite et leurs enseignants - niger","isPartOf":{"@id":"https:\/\/www.africa-press.net\/niger\/#website"},"primaryImageOfPage":{"@id":"https:\/\/www.africa-press.net\/niger\/culture-et-art\/au-palais-de-la-presidence-le-chef-de-letat-recoit-felicite-et-encourage-les-laureats-du-prix-de-lexcellence-et-du-merite-et-leurs-enseignants#primaryimage"},"image":{"@id":"https:\/\/www.africa-press.net\/niger\/culture-et-art\/au-palais-de-la-presidence-le-chef-de-letat-recoit-felicite-et-encourage-les-laureats-du-prix-de-lexcellence-et-du-merite-et-leurs-enseignants#primaryimage"},"thumbnailUrl":"https:\/\/static.africa-press.net\/niger\/sites\/40\/2021\/09\/img-6135f93416da7.jpg","datePublished":"2021-09-06T12:39:27+00:00","author":{"@id":"https:\/\/www.africa-press.net\/niger\/#\/schema\/person\/2b1cf3cd81a31e3cd26889ca66d677f1"},"description":"\ufeffA l\u2019issue de la 11\u00e8me \u00e9dition du Prix de l\u2019Excellence et du M\u00e9rite de la fondation Noor de la Premi\u00e8re dame, les laur\u00e9a ...","breadcrumb":{"@id":"https:\/\/www.africa-press.net\/niger\/culture-et-art\/au-palais-de-la-presidence-le-chef-de-letat-recoit-felicite-et-encourage-les-laureats-du-prix-de-lexcellence-et-du-merite-et-leurs-enseignants#breadcrumb"},"inLanguage":"fr-FR","potentialAction":[{"@type":"ReadAction","target":["https:\/\/www.africa-press.net\/niger\/culture-et-art\/au-palais-de-la-presidence-le-chef-de-letat-recoit-felicite-et-encourage-les-laureats-du-prix-de-lexcellence-et-du-merite-et-leurs-enseignants"]}]},{"@type":"ImageObject","inLanguage":"fr-FR","@id":"https:\/\/www.africa-press.net\/niger\/culture-et-art\/au-palais-de-la-presidence-le-chef-de-letat-recoit-felicite-et-encourage-les-laureats-du-prix-de-lexcellence-et-du-merite-et-leurs-enseignants#primaryimage","url":"https:\/\/static.africa-press.net\/niger\/sites\/40\/2021\/09\/img-6135f93416da7.jpg","contentUrl":"https:\/\/static.africa-press.net\/niger\/sites\/40\/2021\/09\/img-6135f93416da7.jpg","width":720,"height":361,"caption":"Au Palais de la Pr\u00e9sidence : Le Chef de l\u2019Etat re\u00e7oit, f\u00e9licite et encourage les laur\u00e9ats du Prix de l\u2019Excellence et du M\u00e9rite et leurs enseignants"},{"@type":"BreadcrumbList","@id":"https:\/\/www.africa-press.net\/niger\/culture-et-art\/au-palais-de-la-presidence-le-chef-de-letat-recoit-felicite-et-encourage-les-laureats-du-prix-de-lexcellence-et-du-merite-et-leurs-enseignants#breadcrumb","itemListElement":[{"@type":"ListItem","position":1,"name":"Accueil","item":"https:\/\/www.africa-press.net\/niger\/"},{"@type":"ListItem","position":2,"name":"Au Palais de la Pr\u00e9sidence : Le Chef de l\u2019Etat re\u00e7oit, f\u00e9licite et encourage les laur\u00e9ats du Prix de l\u2019Excellence et du M\u00e9rite et leurs enseignants"}]},{"@type":"WebSite","@id":"https:\/\/www.africa-press.net\/niger\/#website","url":"https:\/\/www.africa-press.net\/niger\/","name":"niger","description":"Just another Africa News Agency Sites site","potentialAction":[{"@type":"SearchAction","target":{"@type":"EntryPoint","urlTemplate":"https:\/\/www.africa-press.net\/niger\/?s={search_term_string}"},"query-input":{"@type":"PropertyValueSpecification","valueRequired":true,"valueName":"search_term_string"}}],"inLanguage":"fr-FR"},{"@type":"Person","@id":"https:\/\/www.africa-press.net\/niger\/#\/schema\/person\/2b1cf3cd81a31e3cd26889ca66d677f1","name":"cfeditorfr"}]}},"_links":{"self":[{"href":"https:\/\/www.africa-press.net\/niger\/wp-json\/wp\/v2\/posts\/11295","targetHints":{"allow":["GET"]}}],"collection":[{"href":"https:\/\/www.africa-press.net\/niger\/wp-json\/wp\/v2\/posts"}],"about":[{"href":"https:\/\/www.africa-press.net\/niger\/wp-json\/wp\/v2\/types\/post"}],"author":[{"embeddable":true,"href":"https:\/\/www.africa-press.net\/niger\/wp-json\/wp\/v2\/users\/82"}],"replies":[{"embeddable":true,"href":"https:\/\/www.africa-press.net\/niger\/wp-json\/wp\/v2\/comments?post=11295"}],"version-history":[{"count":0,"href":"https:\/\/www.africa-press.net\/niger\/wp-json\/wp\/v2\/posts\/11295\/revisions"}],"wp:featuredmedia":[{"embeddable":true,"href":"https:\/\/www.africa-press.net\/niger\/wp-json\/wp\/v2\/media\/11294"}],"wp:attachment":[{"href":"https:\/\/www.africa-press.net\/niger\/wp-json\/wp\/v2\/media?parent=11295"}],"wp:term":[{"taxonomy":"category","embeddable":true,"href":"https:\/\/www.africa-press.net\/niger\/wp-json\/wp\/v2\/categories?post=11295"},{"taxonomy":"post_tag","embeddable":true,"href":"https:\/\/www.africa-press.net\/niger\/wp-json\/wp\/v2\/tags?post=11295"}],"curies":[{"name":"wp","href":"https:\/\/api.w.org\/{rel}","templated":true}]}}