{"id":11298,"date":"2021-09-06T14:22:29","date_gmt":"2021-09-06T14:22:29","guid":{"rendered":"https:\/\/www.africa-press.net\/niger\/?p=11298"},"modified":"2021-09-06T17:29:40","modified_gmt":"2021-09-06T17:29:40","slug":"la-cooperation-au-centre-dun-entretien-entre-le-president-bazoum-et-le-ministre-des-affaires-etrangeres-de-lalgerie","status":"publish","type":"post","link":"https:\/\/www.africa-press.net\/niger\/politique\/la-cooperation-au-centre-dun-entretien-entre-le-president-bazoum-et-le-ministre-des-affaires-etrangeres-de-lalgerie","title":{"rendered":"La coop\u00e9ration au centre d\u2019un entretien entre le Pr\u00e9sident Bazoum et le Ministre des affaires \u00e9trang\u00e8res de l\u2019Alg\u00e9rie"},"content":{"rendered":"<p><span style=\"color: #ff6600\"><strong><a href=\"https:\/\/www.africa-press.net\/\">Africa-Press<\/a> &#8211; <a href=\"https:\/\/www.africa-press.net\/niger\">Niger<\/a>. <\/strong><\/span>Le Pr\u00e9sident de la R\u00e9publique Mohamed Bazoum s\u2019est entretenu, dans l\u2019apr\u00e8s-midi de ce dimanche 5 septembre 2021, avec le Ministre alg\u00e9rien des affaires \u00e9trang\u00e8res, Monsieur Ramtane Lamamra.<\/p>\n<p>L\u2019entretien entre les deux personnalit\u00e9s a port\u00e9 sur la coop\u00e9ration entre les deux pays. Il s\u2019est agi principalement des questions d\u2019amiti\u00e9 entre l\u2019Alg\u00e9rie et le Niger, des questions d\u2019int\u00e9r\u00eats communs entre les deux pays, de la sous-r\u00e9gion et aussi des questions du niveau international.<\/p>\n<p>\u2018\u2019Sur toutes ces questions nous avons r\u00e9it\u00e9r\u00e9 notre d\u00e9termination commune \u00e0 travailler ensemble \u00e0 l\u2019exemplarit\u00e9 du partenariat et de la relation entre nos deux pays fr\u00e8res, voisins partageant une communaut\u00e9 d\u2019esp\u00e9rance et d\u2019exp\u00e9riences\u2019\u2019 a d\u00e9clar\u00e9 le chef de la diplomatie alg\u00e9rienne au sortir de cet entretien.<\/p>\n<p>Apr\u00e8s avoir rappel\u00e9 la lutte commune men\u00e9e par nos deux peuples dans le cadre de la d\u00e9colonisation et des grandes probl\u00e9matiques qui affectent l\u2019avenir des deux pays, Ramtane Lamamra a indiqu\u00e9 que \u2018\u2019cette premi\u00e8re s\u00e9ance de discussions a permis de diriger beaucoup de lumi\u00e8re sur la situation telle qu\u2019elle se pr\u00e9sente, mais plus important encore sur les perspectives de d\u00e9veloppement de cette relation de grande port\u00e9e entre nos deux pays fr\u00e8res\u2019\u2019.<\/p>\n<p>Selon le chef de la diplomatie alg\u00e9rienne, la relation entre son pays et le Niger confirme les grandes orientations de cette coop\u00e9ration qui ont \u00e9t\u00e9 d\u00e9termin\u00e9es \u00e0 Alger au cours de la visite du Pr\u00e9sident Mohamed Bazoum en Alg\u00e9rie et qui a permis aussi de \u2018\u2019d\u00e9gager les horizons et tracer des perspectives tr\u00e8s concr\u00e8tes de nos relations bilat\u00e9rales\u2019\u2019.<\/p>\n<p>Cette audience s\u2019est d\u00e9roul\u00e9e en pr\u00e9sence du Ministre nig\u00e9rien des affaires \u00e9trang\u00e8res et de la coop\u00e9ration, Monsieur Hassoumi Massaoudou avec qui Ramtane Lamamra aura une s\u00e9ance de travail au cours de son s\u00e9jour au Niger, indique-t-on.<\/p>\n","protected":false},"excerpt":{"rendered":"<p>Africa-Press &#8211; Niger. Le Pr\u00e9sident de la R\u00e9publique Mohamed Bazoum s\u2019est entretenu, dans l\u2019apr\u00e8s-midi de ce dimanche 5 septembre 2021, avec le Ministre alg\u00e9rien des affaires \u00e9trang\u00e8res, Monsieur Ramtane Lamamra. L\u2019entretien entre les deux personnalit\u00e9s a port\u00e9 sur la coop\u00e9ration entre les deux pays. Il s\u2019est agi principalement des questions d\u2019amiti\u00e9 entre l\u2019Alg\u00e9rie et le [&hellip;]<\/p>\n","protected":false},"author":82,"featured_media":11297,"comment_status":"open","ping_status":"closed","sticky":false,"template":"","format":"standard","meta":{"footnotes":""},"categories":[11,2,20,10],"tags":[55,60,29],"class_list":["post-11298","post","type-post","status-publish","format-standard","has-post-thumbnail","hentry","category-homepage-french","category-politique","category-top-nouvelles","category-toutes-les-actualites","tag-africa-press","tag-africa-press-niger","tag-niger"],"yoast_head":"<!-- This site is optimized with the Yoast SEO Premium plugin v26.1 (Yoast SEO v27.0) - https:\/\/yoast.com\/product\/yoast-seo-premium-wordpress\/ -->\n<title>La coop\u00e9ration au centre d\u2019un entretien entre le Pr\u00e9sident Bazoum et le Ministre des affaires \u00e9trang\u00e8res de l\u2019Alg\u00e9rie - niger<\/title>\n<meta name=\"description\" content=\"Le Pr\u00e9sident de la R\u00e9publique Mohamed Bazoum s\u2019est entretenu, dans l\u2019apr\u00e8s-midi de ce dimanche 5 septembre 2021, avec le ...\" \/>\n<meta name=\"robots\" content=\"index, follow, max-snippet:-1, max-image-preview:large, max-video-preview:-1\" \/>\n<link rel=\"canonical\" href=\"https:\/\/www.africa-press.net\/niger\/politique\/la-cooperation-au-centre-dun-entretien-entre-le-president-bazoum-et-le-ministre-des-affaires-etrangeres-de-lalgerie\" \/>\n<meta property=\"og:locale\" content=\"fr_FR\" \/>\n<meta property=\"og:type\" content=\"article\" \/>\n<meta property=\"og:title\" content=\"La coop\u00e9ration au centre d\u2019un entretien entre le Pr\u00e9sident Bazoum et le Ministre des affaires \u00e9trang\u00e8res de l\u2019Alg\u00e9rie\" \/>\n<meta property=\"og:description\" content=\"Le Pr\u00e9sident de la R\u00e9publique Mohamed Bazoum s\u2019est entretenu, dans l\u2019apr\u00e8s-midi de ce dimanche 5 septembre 2021, avec le ...\" \/>\n<meta property=\"og:url\" content=\"https:\/\/www.africa-press.net\/niger\/politique\/la-cooperation-au-centre-dun-entretien-entre-le-president-bazoum-et-le-ministre-des-affaires-etrangeres-de-lalgerie\" \/>\n<meta property=\"og:site_name\" content=\"niger\" \/>\n<meta property=\"article:published_time\" content=\"2021-09-06T14:22:29+00:00\" \/>\n<meta property=\"article:modified_time\" content=\"2021-09-06T17:29:40+00:00\" \/>\n<meta property=\"og:image\" content=\"https:\/\/static.africa-press.net\/niger\/sites\/40\/2021\/09\/img-6136102b389c3.jpg\" \/>\n\t<meta property=\"og:image:width\" content=\"1920\" \/>\n\t<meta property=\"og:image:height\" content=\"1440\" \/>\n\t<meta property=\"og:image:type\" content=\"image\/jpeg\" \/>\n<meta name=\"author\" content=\"cfeditorfr\" \/>\n<meta name=\"twitter:card\" content=\"summary_large_image\" \/>\n<meta name=\"twitter:label1\" content=\"\u00c9crit par\" \/>\n\t<meta name=\"twitter:data1\" content=\"cfeditorfr\" \/>\n\t<meta name=\"twitter:label2\" content=\"Dur\u00e9e de lecture estim\u00e9e\" \/>\n\t<meta name=\"twitter:data2\" content=\"2 minutes\" \/>\n<script type=\"application\/ld+json\" class=\"yoast-schema-graph\">{\"@context\":\"https:\/\/schema.org\",\"@graph\":[{\"@type\":\"Article\",\"@id\":\"https:\/\/www.africa-press.net\/niger\/politique\/la-cooperation-au-centre-dun-entretien-entre-le-president-bazoum-et-le-ministre-des-affaires-etrangeres-de-lalgerie#article\",\"isPartOf\":{\"@id\":\"https:\/\/www.africa-press.net\/niger\/politique\/la-cooperation-au-centre-dun-entretien-entre-le-president-bazoum-et-le-ministre-des-affaires-etrangeres-de-lalgerie\"},\"author\":{\"name\":\"cfeditorfr\",\"@id\":\"https:\/\/www.africa-press.net\/niger\/#\/schema\/person\/2b1cf3cd81a31e3cd26889ca66d677f1\"},\"headline\":\"La coop\u00e9ration au centre d\u2019un entretien entre le Pr\u00e9sident Bazoum et le Ministre des affaires \u00e9trang\u00e8res de l\u2019Alg\u00e9rie\",\"datePublished\":\"2021-09-06T14:22:29+00:00\",\"dateModified\":\"2021-09-06T17:29:40+00:00\",\"mainEntityOfPage\":{\"@id\":\"https:\/\/www.africa-press.net\/niger\/politique\/la-cooperation-au-centre-dun-entretien-entre-le-president-bazoum-et-le-ministre-des-affaires-etrangeres-de-lalgerie\"},\"wordCount\":365,\"commentCount\":0,\"image\":{\"@id\":\"https:\/\/www.africa-press.net\/niger\/politique\/la-cooperation-au-centre-dun-entretien-entre-le-president-bazoum-et-le-ministre-des-affaires-etrangeres-de-lalgerie#primaryimage\"},\"thumbnailUrl\":\"https:\/\/static.africa-press.net\/niger\/sites\/40\/2021\/09\/img-6136102b389c3.jpg\",\"keywords\":[\"Africa Press\",\"Africa Press-Niger\",\"Niger\"],\"articleSection\":[\"homepage-french\",\"Politique\",\"Top Nouvelles\",\"Toutes les actualit\u00e9s\"],\"inLanguage\":\"fr-FR\",\"potentialAction\":[{\"@type\":\"CommentAction\",\"name\":\"Comment\",\"target\":[\"https:\/\/www.africa-press.net\/niger\/politique\/la-cooperation-au-centre-dun-entretien-entre-le-president-bazoum-et-le-ministre-des-affaires-etrangeres-de-lalgerie#respond\"]}]},{\"@type\":\"WebPage\",\"@id\":\"https:\/\/www.africa-press.net\/niger\/politique\/la-cooperation-au-centre-dun-entretien-entre-le-president-bazoum-et-le-ministre-des-affaires-etrangeres-de-lalgerie\",\"url\":\"https:\/\/www.africa-press.net\/niger\/politique\/la-cooperation-au-centre-dun-entretien-entre-le-president-bazoum-et-le-ministre-des-affaires-etrangeres-de-lalgerie\",\"name\":\"La coop\u00e9ration au centre d\u2019un entretien entre le Pr\u00e9sident Bazoum et le Ministre des affaires \u00e9trang\u00e8res de l\u2019Alg\u00e9rie - niger\",\"isPartOf\":{\"@id\":\"https:\/\/www.africa-press.net\/niger\/#website\"},\"primaryImageOfPage\":{\"@id\":\"https:\/\/www.africa-press.net\/niger\/politique\/la-cooperation-au-centre-dun-entretien-entre-le-president-bazoum-et-le-ministre-des-affaires-etrangeres-de-lalgerie#primaryimage\"},\"image\":{\"@id\":\"https:\/\/www.africa-press.net\/niger\/politique\/la-cooperation-au-centre-dun-entretien-entre-le-president-bazoum-et-le-ministre-des-affaires-etrangeres-de-lalgerie#primaryimage\"},\"thumbnailUrl\":\"https:\/\/static.africa-press.net\/niger\/sites\/40\/2021\/09\/img-6136102b389c3.jpg\",\"datePublished\":\"2021-09-06T14:22:29+00:00\",\"dateModified\":\"2021-09-06T17:29:40+00:00\",\"author\":{\"@id\":\"https:\/\/www.africa-press.net\/niger\/#\/schema\/person\/2b1cf3cd81a31e3cd26889ca66d677f1\"},\"description\":\"Le Pr\u00e9sident de la R\u00e9publique Mohamed Bazoum s\u2019est entretenu, dans l\u2019apr\u00e8s-midi de ce dimanche 5 septembre 2021, avec le ...\",\"breadcrumb\":{\"@id\":\"https:\/\/www.africa-press.net\/niger\/politique\/la-cooperation-au-centre-dun-entretien-entre-le-president-bazoum-et-le-ministre-des-affaires-etrangeres-de-lalgerie#breadcrumb\"},\"inLanguage\":\"fr-FR\",\"potentialAction\":[{\"@type\":\"ReadAction\",\"target\":[\"https:\/\/www.africa-press.net\/niger\/politique\/la-cooperation-au-centre-dun-entretien-entre-le-president-bazoum-et-le-ministre-des-affaires-etrangeres-de-lalgerie\"]}]},{\"@type\":\"ImageObject\",\"inLanguage\":\"fr-FR\",\"@id\":\"https:\/\/www.africa-press.net\/niger\/politique\/la-cooperation-au-centre-dun-entretien-entre-le-president-bazoum-et-le-ministre-des-affaires-etrangeres-de-lalgerie#primaryimage\",\"url\":\"https:\/\/static.africa-press.net\/niger\/sites\/40\/2021\/09\/img-6136102b389c3.jpg\",\"contentUrl\":\"https:\/\/static.africa-press.net\/niger\/sites\/40\/2021\/09\/img-6136102b389c3.jpg\",\"width\":1920,\"height\":1440,\"caption\":\"La coop\u00e9ration au centre d\u2019un entretien entre le Pr\u00e9sident Bazoum et le Ministre des affaires \u00e9trang\u00e8res de l\u2019Alg\u00e9rie\"},{\"@type\":\"BreadcrumbList\",\"@id\":\"https:\/\/www.africa-press.net\/niger\/politique\/la-cooperation-au-centre-dun-entretien-entre-le-president-bazoum-et-le-ministre-des-affaires-etrangeres-de-lalgerie#breadcrumb\",\"itemListElement\":[{\"@type\":\"ListItem\",\"position\":1,\"name\":\"Accueil\",\"item\":\"https:\/\/www.africa-press.net\/niger\/\"},{\"@type\":\"ListItem\",\"position\":2,\"name\":\"La coop\u00e9ration au centre d\u2019un entretien entre le Pr\u00e9sident Bazoum et le Ministre des affaires \u00e9trang\u00e8res de l\u2019Alg\u00e9rie\"}]},{\"@type\":\"WebSite\",\"@id\":\"https:\/\/www.africa-press.net\/niger\/#website\",\"url\":\"https:\/\/www.africa-press.net\/niger\/\",\"name\":\"niger\",\"description\":\"Just another Africa News Agency Sites site\",\"potentialAction\":[{\"@type\":\"SearchAction\",\"target\":{\"@type\":\"EntryPoint\",\"urlTemplate\":\"https:\/\/www.africa-press.net\/niger\/?s={search_term_string}\"},\"query-input\":{\"@type\":\"PropertyValueSpecification\",\"valueRequired\":true,\"valueName\":\"search_term_string\"}}],\"inLanguage\":\"fr-FR\"},{\"@type\":\"Person\",\"@id\":\"https:\/\/www.africa-press.net\/niger\/#\/schema\/person\/2b1cf3cd81a31e3cd26889ca66d677f1\",\"name\":\"cfeditorfr\"}]}<\/script>\n<!-- \/ Yoast SEO Premium plugin. -->","yoast_head_json":{"title":"La coop\u00e9ration au centre d\u2019un entretien entre le Pr\u00e9sident Bazoum et le Ministre des affaires \u00e9trang\u00e8res de l\u2019Alg\u00e9rie - niger","description":"Le Pr\u00e9sident de la R\u00e9publique Mohamed Bazoum s\u2019est entretenu, dans l\u2019apr\u00e8s-midi de ce dimanche 5 septembre 2021, avec le ...","robots":{"index":"index","follow":"follow","max-snippet":"max-snippet:-1","max-image-preview":"max-image-preview:large","max-video-preview":"max-video-preview:-1"},"canonical":"https:\/\/www.africa-press.net\/niger\/politique\/la-cooperation-au-centre-dun-entretien-entre-le-president-bazoum-et-le-ministre-des-affaires-etrangeres-de-lalgerie","og_locale":"fr_FR","og_type":"article","og_title":"La coop\u00e9ration au centre d\u2019un entretien entre le Pr\u00e9sident Bazoum et le Ministre des affaires \u00e9trang\u00e8res de l\u2019Alg\u00e9rie","og_description":"Le Pr\u00e9sident de la R\u00e9publique Mohamed Bazoum s\u2019est entretenu, dans l\u2019apr\u00e8s-midi de ce dimanche 5 septembre 2021, avec le ...","og_url":"https:\/\/www.africa-press.net\/niger\/politique\/la-cooperation-au-centre-dun-entretien-entre-le-president-bazoum-et-le-ministre-des-affaires-etrangeres-de-lalgerie","og_site_name":"niger","article_published_time":"2021-09-06T14:22:29+00:00","article_modified_time":"2021-09-06T17:29:40+00:00","og_image":[{"width":1920,"height":1440,"url":"https:\/\/static.africa-press.net\/niger\/sites\/40\/2021\/09\/img-6136102b389c3.jpg","type":"image\/jpeg"}],"author":"cfeditorfr","twitter_card":"summary_large_image","twitter_misc":{"\u00c9crit par":"cfeditorfr","Dur\u00e9e de lecture estim\u00e9e":"2 minutes"},"schema":{"@context":"https:\/\/schema.org","@graph":[{"@type":"Article","@id":"https:\/\/www.africa-press.net\/niger\/politique\/la-cooperation-au-centre-dun-entretien-entre-le-president-bazoum-et-le-ministre-des-affaires-etrangeres-de-lalgerie#article","isPartOf":{"@id":"https:\/\/www.africa-press.net\/niger\/politique\/la-cooperation-au-centre-dun-entretien-entre-le-president-bazoum-et-le-ministre-des-affaires-etrangeres-de-lalgerie"},"author":{"name":"cfeditorfr","@id":"https:\/\/www.africa-press.net\/niger\/#\/schema\/person\/2b1cf3cd81a31e3cd26889ca66d677f1"},"headline":"La coop\u00e9ration au centre d\u2019un entretien entre le Pr\u00e9sident Bazoum et le Ministre des affaires \u00e9trang\u00e8res de l\u2019Alg\u00e9rie","datePublished":"2021-09-06T14:22:29+00:00","dateModified":"2021-09-06T17:29:40+00:00","mainEntityOfPage":{"@id":"https:\/\/www.africa-press.net\/niger\/politique\/la-cooperation-au-centre-dun-entretien-entre-le-president-bazoum-et-le-ministre-des-affaires-etrangeres-de-lalgerie"},"wordCount":365,"commentCount":0,"image":{"@id":"https:\/\/www.africa-press.net\/niger\/politique\/la-cooperation-au-centre-dun-entretien-entre-le-president-bazoum-et-le-ministre-des-affaires-etrangeres-de-lalgerie#primaryimage"},"thumbnailUrl":"https:\/\/static.africa-press.net\/niger\/sites\/40\/2021\/09\/img-6136102b389c3.jpg","keywords":["Africa Press","Africa Press-Niger","Niger"],"articleSection":["homepage-french","Politique","Top Nouvelles","Toutes les actualit\u00e9s"],"inLanguage":"fr-FR","potentialAction":[{"@type":"CommentAction","name":"Comment","target":["https:\/\/www.africa-press.net\/niger\/politique\/la-cooperation-au-centre-dun-entretien-entre-le-president-bazoum-et-le-ministre-des-affaires-etrangeres-de-lalgerie#respond"]}]},{"@type":"WebPage","@id":"https:\/\/www.africa-press.net\/niger\/politique\/la-cooperation-au-centre-dun-entretien-entre-le-president-bazoum-et-le-ministre-des-affaires-etrangeres-de-lalgerie","url":"https:\/\/www.africa-press.net\/niger\/politique\/la-cooperation-au-centre-dun-entretien-entre-le-president-bazoum-et-le-ministre-des-affaires-etrangeres-de-lalgerie","name":"La coop\u00e9ration au centre d\u2019un entretien entre le Pr\u00e9sident Bazoum et le Ministre des affaires \u00e9trang\u00e8res de l\u2019Alg\u00e9rie - niger","isPartOf":{"@id":"https:\/\/www.africa-press.net\/niger\/#website"},"primaryImageOfPage":{"@id":"https:\/\/www.africa-press.net\/niger\/politique\/la-cooperation-au-centre-dun-entretien-entre-le-president-bazoum-et-le-ministre-des-affaires-etrangeres-de-lalgerie#primaryimage"},"image":{"@id":"https:\/\/www.africa-press.net\/niger\/politique\/la-cooperation-au-centre-dun-entretien-entre-le-president-bazoum-et-le-ministre-des-affaires-etrangeres-de-lalgerie#primaryimage"},"thumbnailUrl":"https:\/\/static.africa-press.net\/niger\/sites\/40\/2021\/09\/img-6136102b389c3.jpg","datePublished":"2021-09-06T14:22:29+00:00","dateModified":"2021-09-06T17:29:40+00:00","author":{"@id":"https:\/\/www.africa-press.net\/niger\/#\/schema\/person\/2b1cf3cd81a31e3cd26889ca66d677f1"},"description":"Le Pr\u00e9sident de la R\u00e9publique Mohamed Bazoum s\u2019est entretenu, dans l\u2019apr\u00e8s-midi de ce dimanche 5 septembre 2021, avec le ...","breadcrumb":{"@id":"https:\/\/www.africa-press.net\/niger\/politique\/la-cooperation-au-centre-dun-entretien-entre-le-president-bazoum-et-le-ministre-des-affaires-etrangeres-de-lalgerie#breadcrumb"},"inLanguage":"fr-FR","potentialAction":[{"@type":"ReadAction","target":["https:\/\/www.africa-press.net\/niger\/politique\/la-cooperation-au-centre-dun-entretien-entre-le-president-bazoum-et-le-ministre-des-affaires-etrangeres-de-lalgerie"]}]},{"@type":"ImageObject","inLanguage":"fr-FR","@id":"https:\/\/www.africa-press.net\/niger\/politique\/la-cooperation-au-centre-dun-entretien-entre-le-president-bazoum-et-le-ministre-des-affaires-etrangeres-de-lalgerie#primaryimage","url":"https:\/\/static.africa-press.net\/niger\/sites\/40\/2021\/09\/img-6136102b389c3.jpg","contentUrl":"https:\/\/static.africa-press.net\/niger\/sites\/40\/2021\/09\/img-6136102b389c3.jpg","width":1920,"height":1440,"caption":"La coop\u00e9ration au centre d\u2019un entretien entre le Pr\u00e9sident Bazoum et le Ministre des affaires \u00e9trang\u00e8res de l\u2019Alg\u00e9rie"},{"@type":"BreadcrumbList","@id":"https:\/\/www.africa-press.net\/niger\/politique\/la-cooperation-au-centre-dun-entretien-entre-le-president-bazoum-et-le-ministre-des-affaires-etrangeres-de-lalgerie#breadcrumb","itemListElement":[{"@type":"ListItem","position":1,"name":"Accueil","item":"https:\/\/www.africa-press.net\/niger\/"},{"@type":"ListItem","position":2,"name":"La coop\u00e9ration au centre d\u2019un entretien entre le Pr\u00e9sident Bazoum et le Ministre des affaires \u00e9trang\u00e8res de l\u2019Alg\u00e9rie"}]},{"@type":"WebSite","@id":"https:\/\/www.africa-press.net\/niger\/#website","url":"https:\/\/www.africa-press.net\/niger\/","name":"niger","description":"Just another Africa News Agency Sites site","potentialAction":[{"@type":"SearchAction","target":{"@type":"EntryPoint","urlTemplate":"https:\/\/www.africa-press.net\/niger\/?s={search_term_string}"},"query-input":{"@type":"PropertyValueSpecification","valueRequired":true,"valueName":"search_term_string"}}],"inLanguage":"fr-FR"},{"@type":"Person","@id":"https:\/\/www.africa-press.net\/niger\/#\/schema\/person\/2b1cf3cd81a31e3cd26889ca66d677f1","name":"cfeditorfr"}]}},"_links":{"self":[{"href":"https:\/\/www.africa-press.net\/niger\/wp-json\/wp\/v2\/posts\/11298","targetHints":{"allow":["GET"]}}],"collection":[{"href":"https:\/\/www.africa-press.net\/niger\/wp-json\/wp\/v2\/posts"}],"about":[{"href":"https:\/\/www.africa-press.net\/niger\/wp-json\/wp\/v2\/types\/post"}],"author":[{"embeddable":true,"href":"https:\/\/www.africa-press.net\/niger\/wp-json\/wp\/v2\/users\/82"}],"replies":[{"embeddable":true,"href":"https:\/\/www.africa-press.net\/niger\/wp-json\/wp\/v2\/comments?post=11298"}],"version-history":[{"count":0,"href":"https:\/\/www.africa-press.net\/niger\/wp-json\/wp\/v2\/posts\/11298\/revisions"}],"wp:featuredmedia":[{"embeddable":true,"href":"https:\/\/www.africa-press.net\/niger\/wp-json\/wp\/v2\/media\/11297"}],"wp:attachment":[{"href":"https:\/\/www.africa-press.net\/niger\/wp-json\/wp\/v2\/media?parent=11298"}],"wp:term":[{"taxonomy":"category","embeddable":true,"href":"https:\/\/www.africa-press.net\/niger\/wp-json\/wp\/v2\/categories?post=11298"},{"taxonomy":"post_tag","embeddable":true,"href":"https:\/\/www.africa-press.net\/niger\/wp-json\/wp\/v2\/tags?post=11298"}],"curies":[{"name":"wp","href":"https:\/\/api.w.org\/{rel}","templated":true}]}}