{"id":11326,"date":"2021-09-07T17:14:19","date_gmt":"2021-09-07T17:14:19","guid":{"rendered":"https:\/\/www.africa-press.net\/niger\/?p=11326"},"modified":"2021-09-08T18:09:25","modified_gmt":"2021-09-08T18:09:25","slug":"le-1er-vice-president-de-lassemblee-nationale-du-niger-sentretient-a-niamey-avec-le-ministre-algerien-des-affaires-etrangeres","status":"publish","type":"post","link":"https:\/\/www.africa-press.net\/niger\/politique\/le-1er-vice-president-de-lassemblee-nationale-du-niger-sentretient-a-niamey-avec-le-ministre-algerien-des-affaires-etrangeres","title":{"rendered":"Le 1er Vice-pr\u00e9sident de l\u2019Assembl\u00e9e Nationale du Niger s\u2019entretient \u00e0 Niamey avec le Ministre alg\u00e9rien des Affaires Etrang\u00e8res"},"content":{"rendered":"<p><span style=\"color: #ff6600\"><strong><a href=\"https:\/\/www.africa-press.net\/\">Africa-Press<\/a> &#8211; <a href=\"https:\/\/www.africa-press.net\/niger\">Niger<\/a>. <\/strong><\/span>\u00a0Le 1er Vice-pr\u00e9sident de l\u2019Assembl\u00e9e Nationale du Niger, M. Kalla Ankourao a re\u00e7u, dans l\u2019apr\u00e8s-midi de ce lundi 06 Septembre 2021, le Ministre des Affaires Etrang\u00e8res de l\u2019Alg\u00e9rie, M. Ramtane Lamamra, en visite de travail au Niger.<\/p>\n<p>L\u2019audience s\u2019est d\u00e9roul\u00e9e en pr\u00e9sence de l\u2019ambassadeur de l\u2019Alg\u00e9rie au Niger, M. Ali Drouiche, et du pr\u00e9sident du Groupe d\u2019Amiti\u00e9 Niger-Alg\u00e9rie, M. Khalil Oumabarik.<\/p>\n<p>A sa sortie d\u2019audience, le diplomate alg\u00e9rien a d\u00e9clar\u00e9 \u00e0 la presse \u00eatre venu \u00ab\u00a0rendre une visite d\u2019amiti\u00e9 et de courtoisie au 1er Vice-pr\u00e9sident de l\u2019Assembl\u00e9e Nationale du Niger\u00a0\u00bb.<\/p>\n<p>M. Lamamra a aussi pr\u00e9cis\u00e9 \u00eatre en visite de travail pour renforcer les relations de coop\u00e9ration bilat\u00e9rale entre le Niger et l\u2019Alg\u00e9rie.<\/p>\n<p>\u00ab Les relations interparlementaires entre nos deux pays se portent tr\u00e8s bien, d\u2019o\u00f9 la pr\u00e9sence \u00e0 mes c\u00f4t\u00e9s du president du groupe d\u2019amiti\u00e9 Niger-Algerie, M. khalil Oumabarik \u00bb, s\u2019est-il enfin r\u00e9joui.<\/p>\n<p>&nbsp;<\/p>\n","protected":false},"excerpt":{"rendered":"<p>Africa-Press &#8211; Niger. \u00a0Le 1er Vice-pr\u00e9sident de l\u2019Assembl\u00e9e Nationale du Niger, M. Kalla Ankourao a re\u00e7u, dans l\u2019apr\u00e8s-midi de ce lundi 06 Septembre 2021, le Ministre des Affaires Etrang\u00e8res de l\u2019Alg\u00e9rie, M. Ramtane Lamamra, en visite de travail au Niger. L\u2019audience s\u2019est d\u00e9roul\u00e9e en pr\u00e9sence de l\u2019ambassadeur de l\u2019Alg\u00e9rie au Niger, M. Ali Drouiche, et [&hellip;]<\/p>\n","protected":false},"author":82,"featured_media":11325,"comment_status":"open","ping_status":"closed","sticky":false,"template":"","format":"standard","meta":{"footnotes":""},"categories":[11,2,10],"tags":[55,60,29],"class_list":["post-11326","post","type-post","status-publish","format-standard","has-post-thumbnail","hentry","category-homepage-french","category-politique","category-toutes-les-actualites","tag-africa-press","tag-africa-press-niger","tag-niger"],"yoast_head":"<!-- This site is optimized with the Yoast SEO Premium plugin v26.1 (Yoast SEO v27.0) - https:\/\/yoast.com\/product\/yoast-seo-premium-wordpress\/ -->\n<title>Le 1er Vice-pr\u00e9sident de l\u2019Assembl\u00e9e Nationale du Niger s\u2019entretient \u00e0 Niamey avec le Ministre alg\u00e9rien des Affaires Etrang\u00e8res - niger<\/title>\n<meta name=\"description\" content=\", 06 Sept.(ANP) - Le 1er Vice-pr\u00e9sident de l\u2019Assembl\u00e9e Nationale du Niger, M. Kalla Ankourao a re\u00e7u, dans l\u2019apr\u00e8s-midi d ...\" \/>\n<meta name=\"robots\" content=\"index, follow, max-snippet:-1, max-image-preview:large, max-video-preview:-1\" \/>\n<link rel=\"canonical\" href=\"https:\/\/www.africa-press.net\/niger\/politique\/le-1er-vice-president-de-lassemblee-nationale-du-niger-sentretient-a-niamey-avec-le-ministre-algerien-des-affaires-etrangeres\" \/>\n<meta property=\"og:locale\" content=\"fr_FR\" \/>\n<meta property=\"og:type\" content=\"article\" \/>\n<meta property=\"og:title\" content=\"Le 1er Vice-pr\u00e9sident de l\u2019Assembl\u00e9e Nationale du Niger s\u2019entretient \u00e0 Niamey avec le Ministre alg\u00e9rien des Affaires Etrang\u00e8res\" \/>\n<meta property=\"og:description\" content=\", 06 Sept.(ANP) - Le 1er Vice-pr\u00e9sident de l\u2019Assembl\u00e9e Nationale du Niger, M. Kalla Ankourao a re\u00e7u, dans l\u2019apr\u00e8s-midi d ...\" \/>\n<meta property=\"og:url\" content=\"https:\/\/www.africa-press.net\/niger\/politique\/le-1er-vice-president-de-lassemblee-nationale-du-niger-sentretient-a-niamey-avec-le-ministre-algerien-des-affaires-etrangeres\" \/>\n<meta property=\"og:site_name\" content=\"niger\" \/>\n<meta property=\"article:published_time\" content=\"2021-09-07T17:14:19+00:00\" \/>\n<meta property=\"article:modified_time\" content=\"2021-09-08T18:09:25+00:00\" \/>\n<meta property=\"og:image\" content=\"https:\/\/static.africa-press.net\/niger\/sites\/40\/2021\/09\/img-61379c9cdf02c.jpg\" \/>\n\t<meta property=\"og:image:width\" content=\"1080\" \/>\n\t<meta property=\"og:image:height\" content=\"720\" \/>\n\t<meta property=\"og:image:type\" content=\"image\/jpeg\" \/>\n<meta name=\"author\" content=\"cfeditorfr\" \/>\n<meta name=\"twitter:card\" content=\"summary_large_image\" \/>\n<meta name=\"twitter:label1\" content=\"\u00c9crit par\" \/>\n\t<meta name=\"twitter:data1\" content=\"cfeditorfr\" \/>\n\t<meta name=\"twitter:label2\" content=\"Dur\u00e9e de lecture estim\u00e9e\" \/>\n\t<meta name=\"twitter:data2\" content=\"1 minute\" \/>\n<script type=\"application\/ld+json\" class=\"yoast-schema-graph\">{\"@context\":\"https:\/\/schema.org\",\"@graph\":[{\"@type\":\"Article\",\"@id\":\"https:\/\/www.africa-press.net\/niger\/politique\/le-1er-vice-president-de-lassemblee-nationale-du-niger-sentretient-a-niamey-avec-le-ministre-algerien-des-affaires-etrangeres#article\",\"isPartOf\":{\"@id\":\"https:\/\/www.africa-press.net\/niger\/politique\/le-1er-vice-president-de-lassemblee-nationale-du-niger-sentretient-a-niamey-avec-le-ministre-algerien-des-affaires-etrangeres\"},\"author\":{\"name\":\"cfeditorfr\",\"@id\":\"https:\/\/www.africa-press.net\/niger\/#\/schema\/person\/2b1cf3cd81a31e3cd26889ca66d677f1\"},\"headline\":\"Le 1er Vice-pr\u00e9sident de l\u2019Assembl\u00e9e Nationale du Niger s\u2019entretient \u00e0 Niamey avec le Ministre alg\u00e9rien des Affaires Etrang\u00e8res\",\"datePublished\":\"2021-09-07T17:14:19+00:00\",\"dateModified\":\"2021-09-08T18:09:25+00:00\",\"mainEntityOfPage\":{\"@id\":\"https:\/\/www.africa-press.net\/niger\/politique\/le-1er-vice-president-de-lassemblee-nationale-du-niger-sentretient-a-niamey-avec-le-ministre-algerien-des-affaires-etrangeres\"},\"wordCount\":204,\"commentCount\":0,\"image\":{\"@id\":\"https:\/\/www.africa-press.net\/niger\/politique\/le-1er-vice-president-de-lassemblee-nationale-du-niger-sentretient-a-niamey-avec-le-ministre-algerien-des-affaires-etrangeres#primaryimage\"},\"thumbnailUrl\":\"https:\/\/static.africa-press.net\/niger\/sites\/40\/2021\/09\/img-61379c9cdf02c.jpg\",\"keywords\":[\"Africa Press\",\"Africa Press-Niger\",\"Niger\"],\"articleSection\":[\"homepage-french\",\"Politique\",\"Toutes les actualit\u00e9s\"],\"inLanguage\":\"fr-FR\",\"potentialAction\":[{\"@type\":\"CommentAction\",\"name\":\"Comment\",\"target\":[\"https:\/\/www.africa-press.net\/niger\/politique\/le-1er-vice-president-de-lassemblee-nationale-du-niger-sentretient-a-niamey-avec-le-ministre-algerien-des-affaires-etrangeres#respond\"]}]},{\"@type\":\"WebPage\",\"@id\":\"https:\/\/www.africa-press.net\/niger\/politique\/le-1er-vice-president-de-lassemblee-nationale-du-niger-sentretient-a-niamey-avec-le-ministre-algerien-des-affaires-etrangeres\",\"url\":\"https:\/\/www.africa-press.net\/niger\/politique\/le-1er-vice-president-de-lassemblee-nationale-du-niger-sentretient-a-niamey-avec-le-ministre-algerien-des-affaires-etrangeres\",\"name\":\"Le 1er Vice-pr\u00e9sident de l\u2019Assembl\u00e9e Nationale du Niger s\u2019entretient \u00e0 Niamey avec le Ministre alg\u00e9rien des Affaires Etrang\u00e8res - niger\",\"isPartOf\":{\"@id\":\"https:\/\/www.africa-press.net\/niger\/#website\"},\"primaryImageOfPage\":{\"@id\":\"https:\/\/www.africa-press.net\/niger\/politique\/le-1er-vice-president-de-lassemblee-nationale-du-niger-sentretient-a-niamey-avec-le-ministre-algerien-des-affaires-etrangeres#primaryimage\"},\"image\":{\"@id\":\"https:\/\/www.africa-press.net\/niger\/politique\/le-1er-vice-president-de-lassemblee-nationale-du-niger-sentretient-a-niamey-avec-le-ministre-algerien-des-affaires-etrangeres#primaryimage\"},\"thumbnailUrl\":\"https:\/\/static.africa-press.net\/niger\/sites\/40\/2021\/09\/img-61379c9cdf02c.jpg\",\"datePublished\":\"2021-09-07T17:14:19+00:00\",\"dateModified\":\"2021-09-08T18:09:25+00:00\",\"author\":{\"@id\":\"https:\/\/www.africa-press.net\/niger\/#\/schema\/person\/2b1cf3cd81a31e3cd26889ca66d677f1\"},\"description\":\", 06 Sept.(ANP) - Le 1er Vice-pr\u00e9sident de l\u2019Assembl\u00e9e Nationale du Niger, M. Kalla Ankourao a re\u00e7u, dans l\u2019apr\u00e8s-midi d ...\",\"breadcrumb\":{\"@id\":\"https:\/\/www.africa-press.net\/niger\/politique\/le-1er-vice-president-de-lassemblee-nationale-du-niger-sentretient-a-niamey-avec-le-ministre-algerien-des-affaires-etrangeres#breadcrumb\"},\"inLanguage\":\"fr-FR\",\"potentialAction\":[{\"@type\":\"ReadAction\",\"target\":[\"https:\/\/www.africa-press.net\/niger\/politique\/le-1er-vice-president-de-lassemblee-nationale-du-niger-sentretient-a-niamey-avec-le-ministre-algerien-des-affaires-etrangeres\"]}]},{\"@type\":\"ImageObject\",\"inLanguage\":\"fr-FR\",\"@id\":\"https:\/\/www.africa-press.net\/niger\/politique\/le-1er-vice-president-de-lassemblee-nationale-du-niger-sentretient-a-niamey-avec-le-ministre-algerien-des-affaires-etrangeres#primaryimage\",\"url\":\"https:\/\/static.africa-press.net\/niger\/sites\/40\/2021\/09\/img-61379c9cdf02c.jpg\",\"contentUrl\":\"https:\/\/static.africa-press.net\/niger\/sites\/40\/2021\/09\/img-61379c9cdf02c.jpg\",\"width\":1080,\"height\":720,\"caption\":\"Le 1er Vice-pr\u00e9sident de l\u2019Assembl\u00e9e Nationale du Niger s\u2019entretient \u00e0 Niamey avec le Ministre alg\u00e9rien des Affaires Etrang\u00e8res\"},{\"@type\":\"BreadcrumbList\",\"@id\":\"https:\/\/www.africa-press.net\/niger\/politique\/le-1er-vice-president-de-lassemblee-nationale-du-niger-sentretient-a-niamey-avec-le-ministre-algerien-des-affaires-etrangeres#breadcrumb\",\"itemListElement\":[{\"@type\":\"ListItem\",\"position\":1,\"name\":\"Accueil\",\"item\":\"https:\/\/www.africa-press.net\/niger\/\"},{\"@type\":\"ListItem\",\"position\":2,\"name\":\"Le 1er Vice-pr\u00e9sident de l\u2019Assembl\u00e9e Nationale du Niger s\u2019entretient \u00e0 Niamey avec le Ministre alg\u00e9rien des Affaires Etrang\u00e8res\"}]},{\"@type\":\"WebSite\",\"@id\":\"https:\/\/www.africa-press.net\/niger\/#website\",\"url\":\"https:\/\/www.africa-press.net\/niger\/\",\"name\":\"niger\",\"description\":\"Just another Africa News Agency Sites site\",\"potentialAction\":[{\"@type\":\"SearchAction\",\"target\":{\"@type\":\"EntryPoint\",\"urlTemplate\":\"https:\/\/www.africa-press.net\/niger\/?s={search_term_string}\"},\"query-input\":{\"@type\":\"PropertyValueSpecification\",\"valueRequired\":true,\"valueName\":\"search_term_string\"}}],\"inLanguage\":\"fr-FR\"},{\"@type\":\"Person\",\"@id\":\"https:\/\/www.africa-press.net\/niger\/#\/schema\/person\/2b1cf3cd81a31e3cd26889ca66d677f1\",\"name\":\"cfeditorfr\"}]}<\/script>\n<!-- \/ Yoast SEO Premium plugin. -->","yoast_head_json":{"title":"Le 1er Vice-pr\u00e9sident de l\u2019Assembl\u00e9e Nationale du Niger s\u2019entretient \u00e0 Niamey avec le Ministre alg\u00e9rien des Affaires Etrang\u00e8res - niger","description":", 06 Sept.(ANP) - Le 1er Vice-pr\u00e9sident de l\u2019Assembl\u00e9e Nationale du Niger, M. Kalla Ankourao a re\u00e7u, dans l\u2019apr\u00e8s-midi d ...","robots":{"index":"index","follow":"follow","max-snippet":"max-snippet:-1","max-image-preview":"max-image-preview:large","max-video-preview":"max-video-preview:-1"},"canonical":"https:\/\/www.africa-press.net\/niger\/politique\/le-1er-vice-president-de-lassemblee-nationale-du-niger-sentretient-a-niamey-avec-le-ministre-algerien-des-affaires-etrangeres","og_locale":"fr_FR","og_type":"article","og_title":"Le 1er Vice-pr\u00e9sident de l\u2019Assembl\u00e9e Nationale du Niger s\u2019entretient \u00e0 Niamey avec le Ministre alg\u00e9rien des Affaires Etrang\u00e8res","og_description":", 06 Sept.(ANP) - Le 1er Vice-pr\u00e9sident de l\u2019Assembl\u00e9e Nationale du Niger, M. Kalla Ankourao a re\u00e7u, dans l\u2019apr\u00e8s-midi d ...","og_url":"https:\/\/www.africa-press.net\/niger\/politique\/le-1er-vice-president-de-lassemblee-nationale-du-niger-sentretient-a-niamey-avec-le-ministre-algerien-des-affaires-etrangeres","og_site_name":"niger","article_published_time":"2021-09-07T17:14:19+00:00","article_modified_time":"2021-09-08T18:09:25+00:00","og_image":[{"width":1080,"height":720,"url":"https:\/\/static.africa-press.net\/niger\/sites\/40\/2021\/09\/img-61379c9cdf02c.jpg","type":"image\/jpeg"}],"author":"cfeditorfr","twitter_card":"summary_large_image","twitter_misc":{"\u00c9crit par":"cfeditorfr","Dur\u00e9e de lecture estim\u00e9e":"1 minute"},"schema":{"@context":"https:\/\/schema.org","@graph":[{"@type":"Article","@id":"https:\/\/www.africa-press.net\/niger\/politique\/le-1er-vice-president-de-lassemblee-nationale-du-niger-sentretient-a-niamey-avec-le-ministre-algerien-des-affaires-etrangeres#article","isPartOf":{"@id":"https:\/\/www.africa-press.net\/niger\/politique\/le-1er-vice-president-de-lassemblee-nationale-du-niger-sentretient-a-niamey-avec-le-ministre-algerien-des-affaires-etrangeres"},"author":{"name":"cfeditorfr","@id":"https:\/\/www.africa-press.net\/niger\/#\/schema\/person\/2b1cf3cd81a31e3cd26889ca66d677f1"},"headline":"Le 1er Vice-pr\u00e9sident de l\u2019Assembl\u00e9e Nationale du Niger s\u2019entretient \u00e0 Niamey avec le Ministre alg\u00e9rien des Affaires Etrang\u00e8res","datePublished":"2021-09-07T17:14:19+00:00","dateModified":"2021-09-08T18:09:25+00:00","mainEntityOfPage":{"@id":"https:\/\/www.africa-press.net\/niger\/politique\/le-1er-vice-president-de-lassemblee-nationale-du-niger-sentretient-a-niamey-avec-le-ministre-algerien-des-affaires-etrangeres"},"wordCount":204,"commentCount":0,"image":{"@id":"https:\/\/www.africa-press.net\/niger\/politique\/le-1er-vice-president-de-lassemblee-nationale-du-niger-sentretient-a-niamey-avec-le-ministre-algerien-des-affaires-etrangeres#primaryimage"},"thumbnailUrl":"https:\/\/static.africa-press.net\/niger\/sites\/40\/2021\/09\/img-61379c9cdf02c.jpg","keywords":["Africa Press","Africa Press-Niger","Niger"],"articleSection":["homepage-french","Politique","Toutes les actualit\u00e9s"],"inLanguage":"fr-FR","potentialAction":[{"@type":"CommentAction","name":"Comment","target":["https:\/\/www.africa-press.net\/niger\/politique\/le-1er-vice-president-de-lassemblee-nationale-du-niger-sentretient-a-niamey-avec-le-ministre-algerien-des-affaires-etrangeres#respond"]}]},{"@type":"WebPage","@id":"https:\/\/www.africa-press.net\/niger\/politique\/le-1er-vice-president-de-lassemblee-nationale-du-niger-sentretient-a-niamey-avec-le-ministre-algerien-des-affaires-etrangeres","url":"https:\/\/www.africa-press.net\/niger\/politique\/le-1er-vice-president-de-lassemblee-nationale-du-niger-sentretient-a-niamey-avec-le-ministre-algerien-des-affaires-etrangeres","name":"Le 1er Vice-pr\u00e9sident de l\u2019Assembl\u00e9e Nationale du Niger s\u2019entretient \u00e0 Niamey avec le Ministre alg\u00e9rien des Affaires Etrang\u00e8res - niger","isPartOf":{"@id":"https:\/\/www.africa-press.net\/niger\/#website"},"primaryImageOfPage":{"@id":"https:\/\/www.africa-press.net\/niger\/politique\/le-1er-vice-president-de-lassemblee-nationale-du-niger-sentretient-a-niamey-avec-le-ministre-algerien-des-affaires-etrangeres#primaryimage"},"image":{"@id":"https:\/\/www.africa-press.net\/niger\/politique\/le-1er-vice-president-de-lassemblee-nationale-du-niger-sentretient-a-niamey-avec-le-ministre-algerien-des-affaires-etrangeres#primaryimage"},"thumbnailUrl":"https:\/\/static.africa-press.net\/niger\/sites\/40\/2021\/09\/img-61379c9cdf02c.jpg","datePublished":"2021-09-07T17:14:19+00:00","dateModified":"2021-09-08T18:09:25+00:00","author":{"@id":"https:\/\/www.africa-press.net\/niger\/#\/schema\/person\/2b1cf3cd81a31e3cd26889ca66d677f1"},"description":", 06 Sept.(ANP) - Le 1er Vice-pr\u00e9sident de l\u2019Assembl\u00e9e Nationale du Niger, M. Kalla Ankourao a re\u00e7u, dans l\u2019apr\u00e8s-midi d ...","breadcrumb":{"@id":"https:\/\/www.africa-press.net\/niger\/politique\/le-1er-vice-president-de-lassemblee-nationale-du-niger-sentretient-a-niamey-avec-le-ministre-algerien-des-affaires-etrangeres#breadcrumb"},"inLanguage":"fr-FR","potentialAction":[{"@type":"ReadAction","target":["https:\/\/www.africa-press.net\/niger\/politique\/le-1er-vice-president-de-lassemblee-nationale-du-niger-sentretient-a-niamey-avec-le-ministre-algerien-des-affaires-etrangeres"]}]},{"@type":"ImageObject","inLanguage":"fr-FR","@id":"https:\/\/www.africa-press.net\/niger\/politique\/le-1er-vice-president-de-lassemblee-nationale-du-niger-sentretient-a-niamey-avec-le-ministre-algerien-des-affaires-etrangeres#primaryimage","url":"https:\/\/static.africa-press.net\/niger\/sites\/40\/2021\/09\/img-61379c9cdf02c.jpg","contentUrl":"https:\/\/static.africa-press.net\/niger\/sites\/40\/2021\/09\/img-61379c9cdf02c.jpg","width":1080,"height":720,"caption":"Le 1er Vice-pr\u00e9sident de l\u2019Assembl\u00e9e Nationale du Niger s\u2019entretient \u00e0 Niamey avec le Ministre alg\u00e9rien des Affaires Etrang\u00e8res"},{"@type":"BreadcrumbList","@id":"https:\/\/www.africa-press.net\/niger\/politique\/le-1er-vice-president-de-lassemblee-nationale-du-niger-sentretient-a-niamey-avec-le-ministre-algerien-des-affaires-etrangeres#breadcrumb","itemListElement":[{"@type":"ListItem","position":1,"name":"Accueil","item":"https:\/\/www.africa-press.net\/niger\/"},{"@type":"ListItem","position":2,"name":"Le 1er Vice-pr\u00e9sident de l\u2019Assembl\u00e9e Nationale du Niger s\u2019entretient \u00e0 Niamey avec le Ministre alg\u00e9rien des Affaires Etrang\u00e8res"}]},{"@type":"WebSite","@id":"https:\/\/www.africa-press.net\/niger\/#website","url":"https:\/\/www.africa-press.net\/niger\/","name":"niger","description":"Just another Africa News Agency Sites site","potentialAction":[{"@type":"SearchAction","target":{"@type":"EntryPoint","urlTemplate":"https:\/\/www.africa-press.net\/niger\/?s={search_term_string}"},"query-input":{"@type":"PropertyValueSpecification","valueRequired":true,"valueName":"search_term_string"}}],"inLanguage":"fr-FR"},{"@type":"Person","@id":"https:\/\/www.africa-press.net\/niger\/#\/schema\/person\/2b1cf3cd81a31e3cd26889ca66d677f1","name":"cfeditorfr"}]}},"_links":{"self":[{"href":"https:\/\/www.africa-press.net\/niger\/wp-json\/wp\/v2\/posts\/11326","targetHints":{"allow":["GET"]}}],"collection":[{"href":"https:\/\/www.africa-press.net\/niger\/wp-json\/wp\/v2\/posts"}],"about":[{"href":"https:\/\/www.africa-press.net\/niger\/wp-json\/wp\/v2\/types\/post"}],"author":[{"embeddable":true,"href":"https:\/\/www.africa-press.net\/niger\/wp-json\/wp\/v2\/users\/82"}],"replies":[{"embeddable":true,"href":"https:\/\/www.africa-press.net\/niger\/wp-json\/wp\/v2\/comments?post=11326"}],"version-history":[{"count":0,"href":"https:\/\/www.africa-press.net\/niger\/wp-json\/wp\/v2\/posts\/11326\/revisions"}],"wp:featuredmedia":[{"embeddable":true,"href":"https:\/\/www.africa-press.net\/niger\/wp-json\/wp\/v2\/media\/11325"}],"wp:attachment":[{"href":"https:\/\/www.africa-press.net\/niger\/wp-json\/wp\/v2\/media?parent=11326"}],"wp:term":[{"taxonomy":"category","embeddable":true,"href":"https:\/\/www.africa-press.net\/niger\/wp-json\/wp\/v2\/categories?post=11326"},{"taxonomy":"post_tag","embeddable":true,"href":"https:\/\/www.africa-press.net\/niger\/wp-json\/wp\/v2\/tags?post=11326"}],"curies":[{"name":"wp","href":"https:\/\/api.w.org\/{rel}","templated":true}]}}