{"id":11338,"date":"2021-09-07T17:45:25","date_gmt":"2021-09-07T17:45:25","guid":{"rendered":"https:\/\/www.africa-press.net\/niger\/?p=11338"},"modified":"2021-09-07T17:15:48","modified_gmt":"2021-09-07T17:15:48","slug":"maradi-atelier-de-vulgarisation-des-textes-du-csc-a-maradi","status":"publish","type":"post","link":"https:\/\/www.africa-press.net\/niger\/toutes-les-actualites\/maradi-atelier-de-vulgarisation-des-textes-du-csc-a-maradi","title":{"rendered":"Maradi : Atelier de vulgarisation des textes du CSC \u00e0 Maradi"},"content":{"rendered":"<p><span style=\"color: #ff6600\"><strong><a href=\"https:\/\/www.africa-press.net\/\">Africa-Press<\/a> &#8211; <a href=\"https:\/\/www.africa-press.net\/niger\">Niger<\/a>. <\/strong><\/span>Le pr\u00e9sident du Conseil Sup\u00e9rieur de la Communication (CSC), Dr Kabir Sani a proc\u00e9d\u00e9 dimanche 5 septembre \u00e0 l\u2019ouverture de l\u2019atelier de vulgarisation des textes de son institution sur l\u2019acc\u00e8s \u00e9quitable aux m\u00e9dias d\u2019Etat, les proc\u00e9dures de saisine et l\u2019attribution de la carte de presse dans la r\u00e9gion de Maradi, coupl\u00e9 aux plaidoyers pour l\u2019adoption de la loi sur le financement des radios communautaires et sur les m\u00e9dias num\u00e9riques.<\/p>\n<p>Financ\u00e9 par l\u2019Union Europ\u00e9enne et mise en \u0153uvre par Institut \u00e9lectoral pour une D\u00e9mocratie Durable en Afrique (EISA), cette campagne de vulgarisation consiste \u00e0 renforcer les capacit\u00e9s des acteurs m\u00e9diatiques, des partis politiques, des OSC, des autorit\u00e9s administratives, religieuses et coutumi\u00e8res et des FDS de la r\u00e9gion de Maradi sur le traitement des plaintes dans le respect des d\u00e9lais en vigueur ; l\u2019acc\u00e8s \u00e9quitable aux m\u00e9dias ainsi que les conditions d\u2019attribution de la carte de presse et ses avantages pour les journalistes.<\/p>\n<p>Dans son discours d\u2019ouverture, Dr Kabir Sani a rappel\u00e9 que son institution a r\u00e9vis\u00e9 au cours de cette ann\u00e9e 2021, certains textes r\u00e9glementaires pour combler des insuffisances d\u00e9cel\u00e9es \u00e0 la lumi\u00e8re de leur application. Entre autres, il a cit\u00e9 la d\u00e9lib\u00e9ration n\u00b0009\/CSC du 06 septembre 2018 d\u00e9terminant les modalit\u00e9s de la saisine d\u2019office et la proc\u00e9dure de traitement des plaintes et recours soumis au CSC. La modification intervenue sur cette d\u00e9lib\u00e9ration, modifi\u00e9e et compl\u00e9t\u00e9e par la d\u00e9lib\u00e9ration n\u00b004\/CSC du 09 ao\u00fbt 2021, d\u00e9terminant les modalit\u00e9s de la saisine d\u2019office et la proc\u00e9dure de traitement des plaintes et recours \u00e0 r\u00e9duit ce d\u00e9lai le portant d\u00e9sormais \u00e0 23 jours, en vue de r\u00e9pondre aux attentes des plaignants.<\/p>\n<p>Pour ce qui est des radios communautaires, le pr\u00e9sident du CSC a reconnu qu\u2019elles jouent un r\u00f4le de premier plan dans la sensibilisation des populations rurales sur les questions de d\u00e9veloppement, de s\u00e9curit\u00e9 et de d\u00e9mocratie. \u00abCes radios sont confront\u00e9es \u00e0 d\u2019\u00e9normes difficult\u00e9s, faute de moyens de fonctionnement. De ce fait, certaines radios communautaires ont m\u00eame cess\u00e9 d\u2019exister. D\u2019o\u00f9 la n\u00e9cessit\u00e9 de r\u00e9fl\u00e9chir sur un m\u00e9canisme de financement pour assurer leur survie\u00bb, a-t-il sugg\u00e9r\u00e9.<\/p>\n<p>Par rapport \u00e0 la presse \u00e9lectronique, le pr\u00e9sident du CSC a estim\u00e9 que le contexte de mondialisation marqu\u00e9 par la num\u00e9risation et la digitalisation de l\u2019information et de la communication, il est imp\u00e9rieux d\u2019adopter des textes normatifs permettant l\u2019effectivit\u00e9 d\u2019exercice des m\u00e9dias \u00e9lectroniques et leur r\u00e9gulation effective.<\/p>\n<p>Le Secr\u00e9taire g\u00e9n\u00e9ral du gouvernorat de Maradi, M. Soumana Karimou a, apr\u00e8s avoir salu\u00e9 cette initiative louable du CSC, indiqu\u00e9 que cette vulgarisation de textes sur la communication a pour objectif de rendre accessibles les textes juridiques en mati\u00e8re de r\u00e9gulation et de renforcer la capacit\u00e9 des acteurs m\u00e9diatiques. \u00abLa diversit\u00e9 du paysage m\u00e9diatique nig\u00e9rien a pour cons\u00e9quences le pluralisme d\u2019opinion. La gestion de ce pluralisme reste un v\u00e9ritable d\u00e9fi \u00e0 l\u2019instance de r\u00e9gulation\u00bb, a-t-il conclu.<\/p>\n<p><b>Ti\u00e9mogo Amadou ANP-ONEP Maradi<\/b><\/p>\n","protected":false},"excerpt":{"rendered":"<p>Africa-Press &#8211; Niger. Le pr\u00e9sident du Conseil Sup\u00e9rieur de la Communication (CSC), Dr Kabir Sani a proc\u00e9d\u00e9 dimanche 5 septembre \u00e0 l\u2019ouverture de l\u2019atelier de vulgarisation des textes de son institution sur l\u2019acc\u00e8s \u00e9quitable aux m\u00e9dias d\u2019Etat, les proc\u00e9dures de saisine et l\u2019attribution de la carte de presse dans la r\u00e9gion de Maradi, coupl\u00e9 aux [&hellip;]<\/p>\n","protected":false},"author":82,"featured_media":11337,"comment_status":"open","ping_status":"closed","sticky":false,"template":"","format":"standard","meta":{"footnotes":""},"categories":[21,11,10],"tags":[55,60,29],"class_list":["post-11338","post","type-post","status-publish","format-standard","has-post-thumbnail","hentry","category-communaute","category-homepage-french","category-toutes-les-actualites","tag-africa-press","tag-africa-press-niger","tag-niger"],"yoast_head":"<!-- This site is optimized with the Yoast SEO Premium plugin v26.1 (Yoast SEO v27.0) - https:\/\/yoast.com\/product\/yoast-seo-premium-wordpress\/ -->\n<title>Maradi : Atelier de vulgarisation des textes du CSC \u00e0 Maradi - niger<\/title>\n<meta name=\"description\" content=\"\ufeffLe pr\u00e9sident du Conseil Sup\u00e9rieur de la Communication (CSC), Dr Kabir Sani a proc\u00e9d\u00e9 dimanche 5 septembre \u00e0 l\u2019ouverture ...\" \/>\n<meta name=\"robots\" content=\"index, follow, max-snippet:-1, max-image-preview:large, max-video-preview:-1\" \/>\n<link rel=\"canonical\" href=\"https:\/\/www.africa-press.net\/niger\/toutes-les-actualites\/maradi-atelier-de-vulgarisation-des-textes-du-csc-a-maradi\" \/>\n<meta property=\"og:locale\" content=\"fr_FR\" \/>\n<meta property=\"og:type\" content=\"article\" \/>\n<meta property=\"og:title\" content=\"Maradi : Atelier de vulgarisation des textes du CSC \u00e0 Maradi\" \/>\n<meta property=\"og:description\" content=\"\ufeffLe pr\u00e9sident du Conseil Sup\u00e9rieur de la Communication (CSC), Dr Kabir Sani a proc\u00e9d\u00e9 dimanche 5 septembre \u00e0 l\u2019ouverture ...\" \/>\n<meta property=\"og:url\" content=\"https:\/\/www.africa-press.net\/niger\/toutes-les-actualites\/maradi-atelier-de-vulgarisation-des-textes-du-csc-a-maradi\" \/>\n<meta property=\"og:site_name\" content=\"niger\" \/>\n<meta property=\"article:published_time\" content=\"2021-09-07T17:45:25+00:00\" \/>\n<meta property=\"og:image\" content=\"https:\/\/static.africa-press.net\/niger\/sites\/40\/2021\/09\/img-61379e1cd4ad4.jpg\" \/>\n\t<meta property=\"og:image:width\" content=\"720\" \/>\n\t<meta property=\"og:image:height\" content=\"432\" \/>\n\t<meta property=\"og:image:type\" content=\"image\/jpeg\" \/>\n<meta name=\"author\" content=\"cfeditorfr\" \/>\n<meta name=\"twitter:card\" content=\"summary_large_image\" \/>\n<meta name=\"twitter:label1\" content=\"\u00c9crit par\" \/>\n\t<meta name=\"twitter:data1\" content=\"cfeditorfr\" \/>\n\t<meta name=\"twitter:label2\" content=\"Dur\u00e9e de lecture estim\u00e9e\" \/>\n\t<meta name=\"twitter:data2\" content=\"3 minutes\" \/>\n<script type=\"application\/ld+json\" class=\"yoast-schema-graph\">{\"@context\":\"https:\/\/schema.org\",\"@graph\":[{\"@type\":\"Article\",\"@id\":\"https:\/\/www.africa-press.net\/niger\/toutes-les-actualites\/maradi-atelier-de-vulgarisation-des-textes-du-csc-a-maradi#article\",\"isPartOf\":{\"@id\":\"https:\/\/www.africa-press.net\/niger\/toutes-les-actualites\/maradi-atelier-de-vulgarisation-des-textes-du-csc-a-maradi\"},\"author\":{\"name\":\"cfeditorfr\",\"@id\":\"https:\/\/www.africa-press.net\/niger\/#\/schema\/person\/2b1cf3cd81a31e3cd26889ca66d677f1\"},\"headline\":\"Maradi : Atelier de vulgarisation des textes du CSC \u00e0 Maradi\",\"datePublished\":\"2021-09-07T17:45:25+00:00\",\"mainEntityOfPage\":{\"@id\":\"https:\/\/www.africa-press.net\/niger\/toutes-les-actualites\/maradi-atelier-de-vulgarisation-des-textes-du-csc-a-maradi\"},\"wordCount\":565,\"commentCount\":0,\"image\":{\"@id\":\"https:\/\/www.africa-press.net\/niger\/toutes-les-actualites\/maradi-atelier-de-vulgarisation-des-textes-du-csc-a-maradi#primaryimage\"},\"thumbnailUrl\":\"https:\/\/static.africa-press.net\/niger\/sites\/40\/2021\/09\/img-61379e1cd4ad4.jpg\",\"keywords\":[\"Africa Press\",\"Africa Press-Niger\",\"Niger\"],\"articleSection\":[\"Communaut\u00e9\",\"homepage-french\",\"Toutes les actualit\u00e9s\"],\"inLanguage\":\"fr-FR\",\"potentialAction\":[{\"@type\":\"CommentAction\",\"name\":\"Comment\",\"target\":[\"https:\/\/www.africa-press.net\/niger\/toutes-les-actualites\/maradi-atelier-de-vulgarisation-des-textes-du-csc-a-maradi#respond\"]}]},{\"@type\":\"WebPage\",\"@id\":\"https:\/\/www.africa-press.net\/niger\/toutes-les-actualites\/maradi-atelier-de-vulgarisation-des-textes-du-csc-a-maradi\",\"url\":\"https:\/\/www.africa-press.net\/niger\/toutes-les-actualites\/maradi-atelier-de-vulgarisation-des-textes-du-csc-a-maradi\",\"name\":\"Maradi : Atelier de vulgarisation des textes du CSC \u00e0 Maradi - niger\",\"isPartOf\":{\"@id\":\"https:\/\/www.africa-press.net\/niger\/#website\"},\"primaryImageOfPage\":{\"@id\":\"https:\/\/www.africa-press.net\/niger\/toutes-les-actualites\/maradi-atelier-de-vulgarisation-des-textes-du-csc-a-maradi#primaryimage\"},\"image\":{\"@id\":\"https:\/\/www.africa-press.net\/niger\/toutes-les-actualites\/maradi-atelier-de-vulgarisation-des-textes-du-csc-a-maradi#primaryimage\"},\"thumbnailUrl\":\"https:\/\/static.africa-press.net\/niger\/sites\/40\/2021\/09\/img-61379e1cd4ad4.jpg\",\"datePublished\":\"2021-09-07T17:45:25+00:00\",\"author\":{\"@id\":\"https:\/\/www.africa-press.net\/niger\/#\/schema\/person\/2b1cf3cd81a31e3cd26889ca66d677f1\"},\"description\":\"\ufeffLe pr\u00e9sident du Conseil Sup\u00e9rieur de la Communication (CSC), Dr Kabir Sani a proc\u00e9d\u00e9 dimanche 5 septembre \u00e0 l\u2019ouverture ...\",\"breadcrumb\":{\"@id\":\"https:\/\/www.africa-press.net\/niger\/toutes-les-actualites\/maradi-atelier-de-vulgarisation-des-textes-du-csc-a-maradi#breadcrumb\"},\"inLanguage\":\"fr-FR\",\"potentialAction\":[{\"@type\":\"ReadAction\",\"target\":[\"https:\/\/www.africa-press.net\/niger\/toutes-les-actualites\/maradi-atelier-de-vulgarisation-des-textes-du-csc-a-maradi\"]}]},{\"@type\":\"ImageObject\",\"inLanguage\":\"fr-FR\",\"@id\":\"https:\/\/www.africa-press.net\/niger\/toutes-les-actualites\/maradi-atelier-de-vulgarisation-des-textes-du-csc-a-maradi#primaryimage\",\"url\":\"https:\/\/static.africa-press.net\/niger\/sites\/40\/2021\/09\/img-61379e1cd4ad4.jpg\",\"contentUrl\":\"https:\/\/static.africa-press.net\/niger\/sites\/40\/2021\/09\/img-61379e1cd4ad4.jpg\",\"width\":720,\"height\":432,\"caption\":\"Maradi : Atelier de vulgarisation des textes du CSC \u00e0 Maradi\"},{\"@type\":\"BreadcrumbList\",\"@id\":\"https:\/\/www.africa-press.net\/niger\/toutes-les-actualites\/maradi-atelier-de-vulgarisation-des-textes-du-csc-a-maradi#breadcrumb\",\"itemListElement\":[{\"@type\":\"ListItem\",\"position\":1,\"name\":\"Accueil\",\"item\":\"https:\/\/www.africa-press.net\/niger\/\"},{\"@type\":\"ListItem\",\"position\":2,\"name\":\"Maradi : Atelier de vulgarisation des textes du CSC \u00e0 Maradi\"}]},{\"@type\":\"WebSite\",\"@id\":\"https:\/\/www.africa-press.net\/niger\/#website\",\"url\":\"https:\/\/www.africa-press.net\/niger\/\",\"name\":\"niger\",\"description\":\"Just another Africa News Agency Sites site\",\"potentialAction\":[{\"@type\":\"SearchAction\",\"target\":{\"@type\":\"EntryPoint\",\"urlTemplate\":\"https:\/\/www.africa-press.net\/niger\/?s={search_term_string}\"},\"query-input\":{\"@type\":\"PropertyValueSpecification\",\"valueRequired\":true,\"valueName\":\"search_term_string\"}}],\"inLanguage\":\"fr-FR\"},{\"@type\":\"Person\",\"@id\":\"https:\/\/www.africa-press.net\/niger\/#\/schema\/person\/2b1cf3cd81a31e3cd26889ca66d677f1\",\"name\":\"cfeditorfr\"}]}<\/script>\n<!-- \/ Yoast SEO Premium plugin. -->","yoast_head_json":{"title":"Maradi : Atelier de vulgarisation des textes du CSC \u00e0 Maradi - niger","description":"\ufeffLe pr\u00e9sident du Conseil Sup\u00e9rieur de la Communication (CSC), Dr Kabir Sani a proc\u00e9d\u00e9 dimanche 5 septembre \u00e0 l\u2019ouverture ...","robots":{"index":"index","follow":"follow","max-snippet":"max-snippet:-1","max-image-preview":"max-image-preview:large","max-video-preview":"max-video-preview:-1"},"canonical":"https:\/\/www.africa-press.net\/niger\/toutes-les-actualites\/maradi-atelier-de-vulgarisation-des-textes-du-csc-a-maradi","og_locale":"fr_FR","og_type":"article","og_title":"Maradi : Atelier de vulgarisation des textes du CSC \u00e0 Maradi","og_description":"\ufeffLe pr\u00e9sident du Conseil Sup\u00e9rieur de la Communication (CSC), Dr Kabir Sani a proc\u00e9d\u00e9 dimanche 5 septembre \u00e0 l\u2019ouverture ...","og_url":"https:\/\/www.africa-press.net\/niger\/toutes-les-actualites\/maradi-atelier-de-vulgarisation-des-textes-du-csc-a-maradi","og_site_name":"niger","article_published_time":"2021-09-07T17:45:25+00:00","og_image":[{"width":720,"height":432,"url":"https:\/\/static.africa-press.net\/niger\/sites\/40\/2021\/09\/img-61379e1cd4ad4.jpg","type":"image\/jpeg"}],"author":"cfeditorfr","twitter_card":"summary_large_image","twitter_misc":{"\u00c9crit par":"cfeditorfr","Dur\u00e9e de lecture estim\u00e9e":"3 minutes"},"schema":{"@context":"https:\/\/schema.org","@graph":[{"@type":"Article","@id":"https:\/\/www.africa-press.net\/niger\/toutes-les-actualites\/maradi-atelier-de-vulgarisation-des-textes-du-csc-a-maradi#article","isPartOf":{"@id":"https:\/\/www.africa-press.net\/niger\/toutes-les-actualites\/maradi-atelier-de-vulgarisation-des-textes-du-csc-a-maradi"},"author":{"name":"cfeditorfr","@id":"https:\/\/www.africa-press.net\/niger\/#\/schema\/person\/2b1cf3cd81a31e3cd26889ca66d677f1"},"headline":"Maradi : Atelier de vulgarisation des textes du CSC \u00e0 Maradi","datePublished":"2021-09-07T17:45:25+00:00","mainEntityOfPage":{"@id":"https:\/\/www.africa-press.net\/niger\/toutes-les-actualites\/maradi-atelier-de-vulgarisation-des-textes-du-csc-a-maradi"},"wordCount":565,"commentCount":0,"image":{"@id":"https:\/\/www.africa-press.net\/niger\/toutes-les-actualites\/maradi-atelier-de-vulgarisation-des-textes-du-csc-a-maradi#primaryimage"},"thumbnailUrl":"https:\/\/static.africa-press.net\/niger\/sites\/40\/2021\/09\/img-61379e1cd4ad4.jpg","keywords":["Africa Press","Africa Press-Niger","Niger"],"articleSection":["Communaut\u00e9","homepage-french","Toutes les actualit\u00e9s"],"inLanguage":"fr-FR","potentialAction":[{"@type":"CommentAction","name":"Comment","target":["https:\/\/www.africa-press.net\/niger\/toutes-les-actualites\/maradi-atelier-de-vulgarisation-des-textes-du-csc-a-maradi#respond"]}]},{"@type":"WebPage","@id":"https:\/\/www.africa-press.net\/niger\/toutes-les-actualites\/maradi-atelier-de-vulgarisation-des-textes-du-csc-a-maradi","url":"https:\/\/www.africa-press.net\/niger\/toutes-les-actualites\/maradi-atelier-de-vulgarisation-des-textes-du-csc-a-maradi","name":"Maradi : Atelier de vulgarisation des textes du CSC \u00e0 Maradi - niger","isPartOf":{"@id":"https:\/\/www.africa-press.net\/niger\/#website"},"primaryImageOfPage":{"@id":"https:\/\/www.africa-press.net\/niger\/toutes-les-actualites\/maradi-atelier-de-vulgarisation-des-textes-du-csc-a-maradi#primaryimage"},"image":{"@id":"https:\/\/www.africa-press.net\/niger\/toutes-les-actualites\/maradi-atelier-de-vulgarisation-des-textes-du-csc-a-maradi#primaryimage"},"thumbnailUrl":"https:\/\/static.africa-press.net\/niger\/sites\/40\/2021\/09\/img-61379e1cd4ad4.jpg","datePublished":"2021-09-07T17:45:25+00:00","author":{"@id":"https:\/\/www.africa-press.net\/niger\/#\/schema\/person\/2b1cf3cd81a31e3cd26889ca66d677f1"},"description":"\ufeffLe pr\u00e9sident du Conseil Sup\u00e9rieur de la Communication (CSC), Dr Kabir Sani a proc\u00e9d\u00e9 dimanche 5 septembre \u00e0 l\u2019ouverture ...","breadcrumb":{"@id":"https:\/\/www.africa-press.net\/niger\/toutes-les-actualites\/maradi-atelier-de-vulgarisation-des-textes-du-csc-a-maradi#breadcrumb"},"inLanguage":"fr-FR","potentialAction":[{"@type":"ReadAction","target":["https:\/\/www.africa-press.net\/niger\/toutes-les-actualites\/maradi-atelier-de-vulgarisation-des-textes-du-csc-a-maradi"]}]},{"@type":"ImageObject","inLanguage":"fr-FR","@id":"https:\/\/www.africa-press.net\/niger\/toutes-les-actualites\/maradi-atelier-de-vulgarisation-des-textes-du-csc-a-maradi#primaryimage","url":"https:\/\/static.africa-press.net\/niger\/sites\/40\/2021\/09\/img-61379e1cd4ad4.jpg","contentUrl":"https:\/\/static.africa-press.net\/niger\/sites\/40\/2021\/09\/img-61379e1cd4ad4.jpg","width":720,"height":432,"caption":"Maradi : Atelier de vulgarisation des textes du CSC \u00e0 Maradi"},{"@type":"BreadcrumbList","@id":"https:\/\/www.africa-press.net\/niger\/toutes-les-actualites\/maradi-atelier-de-vulgarisation-des-textes-du-csc-a-maradi#breadcrumb","itemListElement":[{"@type":"ListItem","position":1,"name":"Accueil","item":"https:\/\/www.africa-press.net\/niger\/"},{"@type":"ListItem","position":2,"name":"Maradi : Atelier de vulgarisation des textes du CSC \u00e0 Maradi"}]},{"@type":"WebSite","@id":"https:\/\/www.africa-press.net\/niger\/#website","url":"https:\/\/www.africa-press.net\/niger\/","name":"niger","description":"Just another Africa News Agency Sites site","potentialAction":[{"@type":"SearchAction","target":{"@type":"EntryPoint","urlTemplate":"https:\/\/www.africa-press.net\/niger\/?s={search_term_string}"},"query-input":{"@type":"PropertyValueSpecification","valueRequired":true,"valueName":"search_term_string"}}],"inLanguage":"fr-FR"},{"@type":"Person","@id":"https:\/\/www.africa-press.net\/niger\/#\/schema\/person\/2b1cf3cd81a31e3cd26889ca66d677f1","name":"cfeditorfr"}]}},"_links":{"self":[{"href":"https:\/\/www.africa-press.net\/niger\/wp-json\/wp\/v2\/posts\/11338","targetHints":{"allow":["GET"]}}],"collection":[{"href":"https:\/\/www.africa-press.net\/niger\/wp-json\/wp\/v2\/posts"}],"about":[{"href":"https:\/\/www.africa-press.net\/niger\/wp-json\/wp\/v2\/types\/post"}],"author":[{"embeddable":true,"href":"https:\/\/www.africa-press.net\/niger\/wp-json\/wp\/v2\/users\/82"}],"replies":[{"embeddable":true,"href":"https:\/\/www.africa-press.net\/niger\/wp-json\/wp\/v2\/comments?post=11338"}],"version-history":[{"count":0,"href":"https:\/\/www.africa-press.net\/niger\/wp-json\/wp\/v2\/posts\/11338\/revisions"}],"wp:featuredmedia":[{"embeddable":true,"href":"https:\/\/www.africa-press.net\/niger\/wp-json\/wp\/v2\/media\/11337"}],"wp:attachment":[{"href":"https:\/\/www.africa-press.net\/niger\/wp-json\/wp\/v2\/media?parent=11338"}],"wp:term":[{"taxonomy":"category","embeddable":true,"href":"https:\/\/www.africa-press.net\/niger\/wp-json\/wp\/v2\/categories?post=11338"},{"taxonomy":"post_tag","embeddable":true,"href":"https:\/\/www.africa-press.net\/niger\/wp-json\/wp\/v2\/tags?post=11338"}],"curies":[{"name":"wp","href":"https:\/\/api.w.org\/{rel}","templated":true}]}}