{"id":11341,"date":"2021-09-07T17:56:22","date_gmt":"2021-09-07T17:56:22","guid":{"rendered":"https:\/\/www.africa-press.net\/niger\/?p=11341"},"modified":"2021-09-07T17:16:59","modified_gmt":"2021-09-07T17:16:59","slug":"soiree-culturelle-de-lunion-dendi-a-gaya-a-la-redecouverte-de-la-culture-authentique-du-dendi","status":"publish","type":"post","link":"https:\/\/www.africa-press.net\/niger\/culture-et-art\/soiree-culturelle-de-lunion-dendi-a-gaya-a-la-redecouverte-de-la-culture-authentique-du-dendi","title":{"rendered":"Soir\u00e9e culturelle de l\u2019Union Dendi \u00e0 Gaya : A la red\u00e9couverte de la culture authentique du Dendi"},"content":{"rendered":"<p><span style=\"color: #ff6600\"><strong><a href=\"https:\/\/www.africa-press.net\/\">Africa-Press<\/a> &#8211; <a href=\"https:\/\/www.africa-press.net\/niger\">Niger<\/a>. <\/strong><\/span>L\u2019association Union Dendi a organis\u00e9 du 3 au 5 septembre dernier \u00e0 Gaya, la premi\u00e8re \u00e9dition de la semaine culturelle dont le th\u00e8me est \u2018\u2019valorisation de la culture du Dendi\u2019\u2019. Plusieurs manifestations sont inscrites \u00e0 ce grand rendez-vous culturel dont entre autres une soir\u00e9e culturelle, une s\u00e9ance de don de sang \u00e0 l\u2019h\u00f4pital du district sanitaire de Gaya, un spectacle de danses traditionnelles et des visites guid\u00e9es sur un certain nombre de sites historiques et culturels du d\u00e9partement de Gaya. Plac\u00e9 sous le haut patronage du Haut repr\u00e9sentant du Pr\u00e9sident de la R\u00e9publique M. Foumakoye Gado, cet \u00e9v\u00e9nement se veut aussi un cadre d\u2019expression, d\u2019\u00e9changes et de coh\u00e9sion sociale entre les fils et filles du terroir. Le d\u00e9veloppement du Dendi constitue la seule boussole pour les organisateurs de cette semaine culturelle.<\/p>\n<p>C\u2019est la maison des jeunes et de la Culture Adamou Fodi de Gaya qui a abrit\u00e9 la soir\u00e9e culturelle qui s\u2019est d\u00e9roul\u00e9e dans la nuit du vendredi au samedi. Une soir\u00e9e culturelle riche en prestations et en d\u00e9monstrations, les unes plus \u00e9poustouflantes que les autres. Devant un public compos\u00e9 du haut repr\u00e9sentant du Pr\u00e9sident de la R\u00e9publique ; des d\u00e9put\u00e9s nationaux issus du d\u00e9partement de Gaya ; de la conseill\u00e8re du ministre de la Culture, du Tourisme et de l\u2019Artisanat Mme Aichatou Ali Soumaila, les organisateurs de la semaine culturelle et surtout un public nombreux, le Dendi a d\u00e9montr\u00e9 un certain nombre de pouvoirs mystiques dont seuls les initi\u00e9s ont le secret. Sur le podium de la maison des jeunes et de la culture, les d\u00e9monstrations des pouvoirs mystiques se sont enchain\u00e9es \u00e0 la grande satisfaction du public.<\/p>\n<p>Les batteurs de tam-tams sont les principaux acteurs qui galvanisent les initi\u00e9s. Chacun des acteurs connait le rythme de tam-tam qui l\u2019interpelle au podium. Lorsqu\u2019un initi\u00e9 r\u00e9pond \u00e0 l\u2019interpellation, il \u00e9met un grand cri avant de passer \u00e0 l\u2019action. Des armes blanches et des pilons sont cass\u00e9s syst\u00e9matiquement \u00e0 la main ; des lames de rasoir m\u00e2ch\u00e9es comme des cacahou\u00e8tes ; des aiguilles, de fl\u00e8ches et des cornes d\u2019animaux sont plant\u00e9s mais sans impact sur le corps des initi\u00e9s, invuln\u00e9rables. Toutes ces d\u00e9monstrations varient d\u2019un initi\u00e9 \u00e0 un autre et ont comme seule d\u00e9nominateur commun le mythe de l\u2019invincibilit\u00e9 africaine. Les tam-tams r\u00e9sonnent comme une invite aux jeunes initi\u00e9s \u00e0 venir d\u00e9montrer leur pouvoir mystique l\u00e9gu\u00e9 de g\u00e9n\u00e9rations en g\u00e9n\u00e9rations.<\/p>\n<p>Par ailleurs, l\u2019axe majeur de cette soir\u00e9e culturelle a \u00e9t\u00e9 la gratification offerte par l\u2019Union Dendi aux anciennes gloires de la culture de ce terroir. Appel\u00e9s au podium, ces anciens artistes dont certains sont toujours en activit\u00e9 ont \u00e9t\u00e9 r\u00e9compens\u00e9s pour le service rendu au d\u00e9partement de Gaya dans le domaine de la culture. Ce sont des artistes comme Alassane Gondi ; Ibrahim Koyteidjo ; Ousmane Kosso ; Harouna Mai godj\u00e9 ; Issoufou Mela, Moumouni Wazi et Mamane Dossokoye. Dans le sillage de cette r\u00e9compense, le pr\u00e9sident de l\u2019Association Union Dendi a \u00e9galement offert un cadeau au haut repr\u00e9sentant du Pr\u00e9sident de la R\u00e9publique pour avoir accept\u00e9 de parrainer cet \u00e9v\u00e9nement de grande port\u00e9e pour les ressortissants du Dendi. Sur le tableau qui a \u00e9t\u00e9 offert au Haut repr\u00e9sentant, il est \u00e9crit le slogan de l\u2019Association Union Dendi \u2018\u2019Union dans la diversit\u00e9\u2019\u2019. En guise de r\u00e9ponse, M. Foumakoye Gado a salu\u00e9 l\u2019initiative de cette association avant de demander \u00e0 l\u2019ensemble des filles et fils du d\u00e9partement de Gaya de cultiver la coh\u00e9sion sociale ; la paix et la stabilit\u00e9, seul gage pour d\u00e9veloppement du Niger tout entier.<\/p>\n<p>La soir\u00e9e culturelle a \u00e9t\u00e9 aussi marqu\u00e9e par la prestation de l\u2019humoriste Toukour. Celui-ci a d\u00e9di\u00e9 un chant au \u00abKomandi\u00bb, la c\u00e9l\u00e8bre bouillie du Dendi. En outre, la prestation du ballet de la troupe Tchangay et la m\u00e9lodie du violon du vieux Harouna Mai Godj\u00e9 ont tenu le public en haleine et rappelle les temps anciens o\u00f9 Gaya raflait les premiers prix aux diff\u00e9rents festivals de la jeunesse.<\/p>\n<p>Danse traditionnelle du dendi<\/p>\n<p>Le lendemain de la soir\u00e9e culturelle, soit le 4 septembre 2021, les convives du comit\u00e9 d\u2019organisation de l\u2019Association Union Dendi ont assist\u00e9 au quartier appel\u00e9 l\u2019ancien dendi \u00e0 un autre spectacle, cette fois-ci, de danse traditionnelle tout aussi agr\u00e9able qu\u2019admirable de par son originalit\u00e9. Cette danse \u00e0 laquelle les jeunes filles et gar\u00e7ons du Dendi ont r\u00e9pondu massivement s\u2019appelle \u2018\u2019Lal\u00e9\u2019\u2019. Les tam-tams sont les seuls instruments de musique utilis\u00e9s \u00e0 cet effet. Ces derniers sont tap\u00e9s par des batteurs rompus \u00e0 la t\u00e2che. Sur la sc\u00e8ne, des jeunes femmes, filles et gar\u00e7ons ex\u00e9cutent magistralement des pas de danse. Il ressort une parfaite communication entre les batteurs et les danseuses et danseurs \u00e0 travers un rythme bien synchronis\u00e9. Selon certains natifs de Gaya, la danse \u2018\u2019lal\u00e9\u2019\u2019 constituait \u00e0 l\u2019\u00e9poque une occasion formelle pour les jeunes filles et gar\u00e7ons de d\u00e9clarer \u00e0 l\u2019assistance et \u00e0 la famille leurs fian\u00e7ailles dans la perspective du mariage.<\/p>\n<p>A mesure que le rythme des tam-tams s\u2019intensifie, les esprits s\u2019\u00e9chauffent au milieu du podium o\u00f9 les liasses de billets tombent comme de la pluie. Bref, Gaya a demontr\u00e9 au cours de cette semaine culturelle qu\u2019il est un des r\u00e9servoirs de la culture authentique au Niger.<\/p>\n<p><b>Hassane Daouda, Envoy\u00e9 Sp\u00e9cial(onep)<\/b><\/p>\n","protected":false},"excerpt":{"rendered":"<p>Africa-Press &#8211; Niger. L\u2019association Union Dendi a organis\u00e9 du 3 au 5 septembre dernier \u00e0 Gaya, la premi\u00e8re \u00e9dition de la semaine culturelle dont le th\u00e8me est \u2018\u2019valorisation de la culture du Dendi\u2019\u2019. Plusieurs manifestations sont inscrites \u00e0 ce grand rendez-vous culturel dont entre autres une soir\u00e9e culturelle, une s\u00e9ance de don de sang \u00e0 [&hellip;]<\/p>\n","protected":false},"author":82,"featured_media":11340,"comment_status":"open","ping_status":"closed","sticky":false,"template":"","format":"standard","meta":{"footnotes":""},"categories":[5,11,10],"tags":[55,60,29],"class_list":["post-11341","post","type-post","status-publish","format-standard","has-post-thumbnail","hentry","category-culture-et-art","category-homepage-french","category-toutes-les-actualites","tag-africa-press","tag-africa-press-niger","tag-niger"],"yoast_head":"<!-- This site is optimized with the Yoast SEO Premium plugin v26.1 (Yoast SEO v27.0) - https:\/\/yoast.com\/product\/yoast-seo-premium-wordpress\/ -->\n<title>Soir\u00e9e culturelle de l\u2019Union Dendi \u00e0 Gaya : A la red\u00e9couverte de la culture authentique du Dendi - niger<\/title>\n<meta name=\"description\" content=\"\ufeffL\u2019association Union Dendi a organis\u00e9 du 3 au 5 septembre dernier \u00e0 Gaya, la premi\u00e8re \u00e9dition de la semaine culturelle d ...\" \/>\n<meta name=\"robots\" content=\"index, follow, max-snippet:-1, max-image-preview:large, max-video-preview:-1\" \/>\n<link rel=\"canonical\" href=\"https:\/\/www.africa-press.net\/niger\/culture-et-art\/soiree-culturelle-de-lunion-dendi-a-gaya-a-la-redecouverte-de-la-culture-authentique-du-dendi\" \/>\n<meta property=\"og:locale\" content=\"fr_FR\" \/>\n<meta property=\"og:type\" content=\"article\" \/>\n<meta property=\"og:title\" content=\"Soir\u00e9e culturelle de l\u2019Union Dendi \u00e0 Gaya : A la red\u00e9couverte de la culture authentique du Dendi\" \/>\n<meta property=\"og:description\" content=\"\ufeffL\u2019association Union Dendi a organis\u00e9 du 3 au 5 septembre dernier \u00e0 Gaya, la premi\u00e8re \u00e9dition de la semaine culturelle d ...\" \/>\n<meta property=\"og:url\" content=\"https:\/\/www.africa-press.net\/niger\/culture-et-art\/soiree-culturelle-de-lunion-dendi-a-gaya-a-la-redecouverte-de-la-culture-authentique-du-dendi\" \/>\n<meta property=\"og:site_name\" content=\"niger\" \/>\n<meta property=\"article:published_time\" content=\"2021-09-07T17:56:22+00:00\" \/>\n<meta property=\"og:image\" content=\"https:\/\/static.africa-press.net\/niger\/sites\/40\/2021\/09\/img-61379e544e9ca.jpg\" \/>\n\t<meta property=\"og:image:width\" content=\"720\" \/>\n\t<meta property=\"og:image:height\" content=\"462\" \/>\n\t<meta property=\"og:image:type\" content=\"image\/jpeg\" \/>\n<meta name=\"author\" content=\"cfeditorfr\" \/>\n<meta name=\"twitter:card\" content=\"summary_large_image\" \/>\n<meta name=\"twitter:label1\" content=\"\u00c9crit par\" \/>\n\t<meta name=\"twitter:data1\" content=\"cfeditorfr\" \/>\n\t<meta name=\"twitter:label2\" content=\"Dur\u00e9e de lecture estim\u00e9e\" \/>\n\t<meta name=\"twitter:data2\" content=\"5 minutes\" \/>\n<script type=\"application\/ld+json\" class=\"yoast-schema-graph\">{\"@context\":\"https:\/\/schema.org\",\"@graph\":[{\"@type\":\"Article\",\"@id\":\"https:\/\/www.africa-press.net\/niger\/culture-et-art\/soiree-culturelle-de-lunion-dendi-a-gaya-a-la-redecouverte-de-la-culture-authentique-du-dendi#article\",\"isPartOf\":{\"@id\":\"https:\/\/www.africa-press.net\/niger\/culture-et-art\/soiree-culturelle-de-lunion-dendi-a-gaya-a-la-redecouverte-de-la-culture-authentique-du-dendi\"},\"author\":{\"name\":\"cfeditorfr\",\"@id\":\"https:\/\/www.africa-press.net\/niger\/#\/schema\/person\/2b1cf3cd81a31e3cd26889ca66d677f1\"},\"headline\":\"Soir\u00e9e culturelle de l\u2019Union Dendi \u00e0 Gaya : A la red\u00e9couverte de la culture authentique du Dendi\",\"datePublished\":\"2021-09-07T17:56:22+00:00\",\"mainEntityOfPage\":{\"@id\":\"https:\/\/www.africa-press.net\/niger\/culture-et-art\/soiree-culturelle-de-lunion-dendi-a-gaya-a-la-redecouverte-de-la-culture-authentique-du-dendi\"},\"wordCount\":961,\"commentCount\":0,\"image\":{\"@id\":\"https:\/\/www.africa-press.net\/niger\/culture-et-art\/soiree-culturelle-de-lunion-dendi-a-gaya-a-la-redecouverte-de-la-culture-authentique-du-dendi#primaryimage\"},\"thumbnailUrl\":\"https:\/\/static.africa-press.net\/niger\/sites\/40\/2021\/09\/img-61379e544e9ca.jpg\",\"keywords\":[\"Africa Press\",\"Africa Press-Niger\",\"Niger\"],\"articleSection\":[\"Culture et Art\",\"homepage-french\",\"Toutes les actualit\u00e9s\"],\"inLanguage\":\"fr-FR\",\"potentialAction\":[{\"@type\":\"CommentAction\",\"name\":\"Comment\",\"target\":[\"https:\/\/www.africa-press.net\/niger\/culture-et-art\/soiree-culturelle-de-lunion-dendi-a-gaya-a-la-redecouverte-de-la-culture-authentique-du-dendi#respond\"]}]},{\"@type\":\"WebPage\",\"@id\":\"https:\/\/www.africa-press.net\/niger\/culture-et-art\/soiree-culturelle-de-lunion-dendi-a-gaya-a-la-redecouverte-de-la-culture-authentique-du-dendi\",\"url\":\"https:\/\/www.africa-press.net\/niger\/culture-et-art\/soiree-culturelle-de-lunion-dendi-a-gaya-a-la-redecouverte-de-la-culture-authentique-du-dendi\",\"name\":\"Soir\u00e9e culturelle de l\u2019Union Dendi \u00e0 Gaya : A la red\u00e9couverte de la culture authentique du Dendi - niger\",\"isPartOf\":{\"@id\":\"https:\/\/www.africa-press.net\/niger\/#website\"},\"primaryImageOfPage\":{\"@id\":\"https:\/\/www.africa-press.net\/niger\/culture-et-art\/soiree-culturelle-de-lunion-dendi-a-gaya-a-la-redecouverte-de-la-culture-authentique-du-dendi#primaryimage\"},\"image\":{\"@id\":\"https:\/\/www.africa-press.net\/niger\/culture-et-art\/soiree-culturelle-de-lunion-dendi-a-gaya-a-la-redecouverte-de-la-culture-authentique-du-dendi#primaryimage\"},\"thumbnailUrl\":\"https:\/\/static.africa-press.net\/niger\/sites\/40\/2021\/09\/img-61379e544e9ca.jpg\",\"datePublished\":\"2021-09-07T17:56:22+00:00\",\"author\":{\"@id\":\"https:\/\/www.africa-press.net\/niger\/#\/schema\/person\/2b1cf3cd81a31e3cd26889ca66d677f1\"},\"description\":\"\ufeffL\u2019association Union Dendi a organis\u00e9 du 3 au 5 septembre dernier \u00e0 Gaya, la premi\u00e8re \u00e9dition de la semaine culturelle d ...\",\"breadcrumb\":{\"@id\":\"https:\/\/www.africa-press.net\/niger\/culture-et-art\/soiree-culturelle-de-lunion-dendi-a-gaya-a-la-redecouverte-de-la-culture-authentique-du-dendi#breadcrumb\"},\"inLanguage\":\"fr-FR\",\"potentialAction\":[{\"@type\":\"ReadAction\",\"target\":[\"https:\/\/www.africa-press.net\/niger\/culture-et-art\/soiree-culturelle-de-lunion-dendi-a-gaya-a-la-redecouverte-de-la-culture-authentique-du-dendi\"]}]},{\"@type\":\"ImageObject\",\"inLanguage\":\"fr-FR\",\"@id\":\"https:\/\/www.africa-press.net\/niger\/culture-et-art\/soiree-culturelle-de-lunion-dendi-a-gaya-a-la-redecouverte-de-la-culture-authentique-du-dendi#primaryimage\",\"url\":\"https:\/\/static.africa-press.net\/niger\/sites\/40\/2021\/09\/img-61379e544e9ca.jpg\",\"contentUrl\":\"https:\/\/static.africa-press.net\/niger\/sites\/40\/2021\/09\/img-61379e544e9ca.jpg\",\"width\":720,\"height\":462,\"caption\":\"Soir\u00e9e culturelle de l\u2019Union Dendi \u00e0 Gaya : A la red\u00e9couverte de la culture authentique du Dendi\"},{\"@type\":\"BreadcrumbList\",\"@id\":\"https:\/\/www.africa-press.net\/niger\/culture-et-art\/soiree-culturelle-de-lunion-dendi-a-gaya-a-la-redecouverte-de-la-culture-authentique-du-dendi#breadcrumb\",\"itemListElement\":[{\"@type\":\"ListItem\",\"position\":1,\"name\":\"Accueil\",\"item\":\"https:\/\/www.africa-press.net\/niger\/\"},{\"@type\":\"ListItem\",\"position\":2,\"name\":\"Soir\u00e9e culturelle de l\u2019Union Dendi \u00e0 Gaya : A la red\u00e9couverte de la culture authentique du Dendi\"}]},{\"@type\":\"WebSite\",\"@id\":\"https:\/\/www.africa-press.net\/niger\/#website\",\"url\":\"https:\/\/www.africa-press.net\/niger\/\",\"name\":\"niger\",\"description\":\"Just another Africa News Agency Sites site\",\"potentialAction\":[{\"@type\":\"SearchAction\",\"target\":{\"@type\":\"EntryPoint\",\"urlTemplate\":\"https:\/\/www.africa-press.net\/niger\/?s={search_term_string}\"},\"query-input\":{\"@type\":\"PropertyValueSpecification\",\"valueRequired\":true,\"valueName\":\"search_term_string\"}}],\"inLanguage\":\"fr-FR\"},{\"@type\":\"Person\",\"@id\":\"https:\/\/www.africa-press.net\/niger\/#\/schema\/person\/2b1cf3cd81a31e3cd26889ca66d677f1\",\"name\":\"cfeditorfr\"}]}<\/script>\n<!-- \/ Yoast SEO Premium plugin. -->","yoast_head_json":{"title":"Soir\u00e9e culturelle de l\u2019Union Dendi \u00e0 Gaya : A la red\u00e9couverte de la culture authentique du Dendi - niger","description":"\ufeffL\u2019association Union Dendi a organis\u00e9 du 3 au 5 septembre dernier \u00e0 Gaya, la premi\u00e8re \u00e9dition de la semaine culturelle d ...","robots":{"index":"index","follow":"follow","max-snippet":"max-snippet:-1","max-image-preview":"max-image-preview:large","max-video-preview":"max-video-preview:-1"},"canonical":"https:\/\/www.africa-press.net\/niger\/culture-et-art\/soiree-culturelle-de-lunion-dendi-a-gaya-a-la-redecouverte-de-la-culture-authentique-du-dendi","og_locale":"fr_FR","og_type":"article","og_title":"Soir\u00e9e culturelle de l\u2019Union Dendi \u00e0 Gaya : A la red\u00e9couverte de la culture authentique du Dendi","og_description":"\ufeffL\u2019association Union Dendi a organis\u00e9 du 3 au 5 septembre dernier \u00e0 Gaya, la premi\u00e8re \u00e9dition de la semaine culturelle d ...","og_url":"https:\/\/www.africa-press.net\/niger\/culture-et-art\/soiree-culturelle-de-lunion-dendi-a-gaya-a-la-redecouverte-de-la-culture-authentique-du-dendi","og_site_name":"niger","article_published_time":"2021-09-07T17:56:22+00:00","og_image":[{"width":720,"height":462,"url":"https:\/\/static.africa-press.net\/niger\/sites\/40\/2021\/09\/img-61379e544e9ca.jpg","type":"image\/jpeg"}],"author":"cfeditorfr","twitter_card":"summary_large_image","twitter_misc":{"\u00c9crit par":"cfeditorfr","Dur\u00e9e de lecture estim\u00e9e":"5 minutes"},"schema":{"@context":"https:\/\/schema.org","@graph":[{"@type":"Article","@id":"https:\/\/www.africa-press.net\/niger\/culture-et-art\/soiree-culturelle-de-lunion-dendi-a-gaya-a-la-redecouverte-de-la-culture-authentique-du-dendi#article","isPartOf":{"@id":"https:\/\/www.africa-press.net\/niger\/culture-et-art\/soiree-culturelle-de-lunion-dendi-a-gaya-a-la-redecouverte-de-la-culture-authentique-du-dendi"},"author":{"name":"cfeditorfr","@id":"https:\/\/www.africa-press.net\/niger\/#\/schema\/person\/2b1cf3cd81a31e3cd26889ca66d677f1"},"headline":"Soir\u00e9e culturelle de l\u2019Union Dendi \u00e0 Gaya : A la red\u00e9couverte de la culture authentique du Dendi","datePublished":"2021-09-07T17:56:22+00:00","mainEntityOfPage":{"@id":"https:\/\/www.africa-press.net\/niger\/culture-et-art\/soiree-culturelle-de-lunion-dendi-a-gaya-a-la-redecouverte-de-la-culture-authentique-du-dendi"},"wordCount":961,"commentCount":0,"image":{"@id":"https:\/\/www.africa-press.net\/niger\/culture-et-art\/soiree-culturelle-de-lunion-dendi-a-gaya-a-la-redecouverte-de-la-culture-authentique-du-dendi#primaryimage"},"thumbnailUrl":"https:\/\/static.africa-press.net\/niger\/sites\/40\/2021\/09\/img-61379e544e9ca.jpg","keywords":["Africa Press","Africa Press-Niger","Niger"],"articleSection":["Culture et Art","homepage-french","Toutes les actualit\u00e9s"],"inLanguage":"fr-FR","potentialAction":[{"@type":"CommentAction","name":"Comment","target":["https:\/\/www.africa-press.net\/niger\/culture-et-art\/soiree-culturelle-de-lunion-dendi-a-gaya-a-la-redecouverte-de-la-culture-authentique-du-dendi#respond"]}]},{"@type":"WebPage","@id":"https:\/\/www.africa-press.net\/niger\/culture-et-art\/soiree-culturelle-de-lunion-dendi-a-gaya-a-la-redecouverte-de-la-culture-authentique-du-dendi","url":"https:\/\/www.africa-press.net\/niger\/culture-et-art\/soiree-culturelle-de-lunion-dendi-a-gaya-a-la-redecouverte-de-la-culture-authentique-du-dendi","name":"Soir\u00e9e culturelle de l\u2019Union Dendi \u00e0 Gaya : A la red\u00e9couverte de la culture authentique du Dendi - niger","isPartOf":{"@id":"https:\/\/www.africa-press.net\/niger\/#website"},"primaryImageOfPage":{"@id":"https:\/\/www.africa-press.net\/niger\/culture-et-art\/soiree-culturelle-de-lunion-dendi-a-gaya-a-la-redecouverte-de-la-culture-authentique-du-dendi#primaryimage"},"image":{"@id":"https:\/\/www.africa-press.net\/niger\/culture-et-art\/soiree-culturelle-de-lunion-dendi-a-gaya-a-la-redecouverte-de-la-culture-authentique-du-dendi#primaryimage"},"thumbnailUrl":"https:\/\/static.africa-press.net\/niger\/sites\/40\/2021\/09\/img-61379e544e9ca.jpg","datePublished":"2021-09-07T17:56:22+00:00","author":{"@id":"https:\/\/www.africa-press.net\/niger\/#\/schema\/person\/2b1cf3cd81a31e3cd26889ca66d677f1"},"description":"\ufeffL\u2019association Union Dendi a organis\u00e9 du 3 au 5 septembre dernier \u00e0 Gaya, la premi\u00e8re \u00e9dition de la semaine culturelle d ...","breadcrumb":{"@id":"https:\/\/www.africa-press.net\/niger\/culture-et-art\/soiree-culturelle-de-lunion-dendi-a-gaya-a-la-redecouverte-de-la-culture-authentique-du-dendi#breadcrumb"},"inLanguage":"fr-FR","potentialAction":[{"@type":"ReadAction","target":["https:\/\/www.africa-press.net\/niger\/culture-et-art\/soiree-culturelle-de-lunion-dendi-a-gaya-a-la-redecouverte-de-la-culture-authentique-du-dendi"]}]},{"@type":"ImageObject","inLanguage":"fr-FR","@id":"https:\/\/www.africa-press.net\/niger\/culture-et-art\/soiree-culturelle-de-lunion-dendi-a-gaya-a-la-redecouverte-de-la-culture-authentique-du-dendi#primaryimage","url":"https:\/\/static.africa-press.net\/niger\/sites\/40\/2021\/09\/img-61379e544e9ca.jpg","contentUrl":"https:\/\/static.africa-press.net\/niger\/sites\/40\/2021\/09\/img-61379e544e9ca.jpg","width":720,"height":462,"caption":"Soir\u00e9e culturelle de l\u2019Union Dendi \u00e0 Gaya : A la red\u00e9couverte de la culture authentique du Dendi"},{"@type":"BreadcrumbList","@id":"https:\/\/www.africa-press.net\/niger\/culture-et-art\/soiree-culturelle-de-lunion-dendi-a-gaya-a-la-redecouverte-de-la-culture-authentique-du-dendi#breadcrumb","itemListElement":[{"@type":"ListItem","position":1,"name":"Accueil","item":"https:\/\/www.africa-press.net\/niger\/"},{"@type":"ListItem","position":2,"name":"Soir\u00e9e culturelle de l\u2019Union Dendi \u00e0 Gaya : A la red\u00e9couverte de la culture authentique du Dendi"}]},{"@type":"WebSite","@id":"https:\/\/www.africa-press.net\/niger\/#website","url":"https:\/\/www.africa-press.net\/niger\/","name":"niger","description":"Just another Africa News Agency Sites site","potentialAction":[{"@type":"SearchAction","target":{"@type":"EntryPoint","urlTemplate":"https:\/\/www.africa-press.net\/niger\/?s={search_term_string}"},"query-input":{"@type":"PropertyValueSpecification","valueRequired":true,"valueName":"search_term_string"}}],"inLanguage":"fr-FR"},{"@type":"Person","@id":"https:\/\/www.africa-press.net\/niger\/#\/schema\/person\/2b1cf3cd81a31e3cd26889ca66d677f1","name":"cfeditorfr"}]}},"_links":{"self":[{"href":"https:\/\/www.africa-press.net\/niger\/wp-json\/wp\/v2\/posts\/11341","targetHints":{"allow":["GET"]}}],"collection":[{"href":"https:\/\/www.africa-press.net\/niger\/wp-json\/wp\/v2\/posts"}],"about":[{"href":"https:\/\/www.africa-press.net\/niger\/wp-json\/wp\/v2\/types\/post"}],"author":[{"embeddable":true,"href":"https:\/\/www.africa-press.net\/niger\/wp-json\/wp\/v2\/users\/82"}],"replies":[{"embeddable":true,"href":"https:\/\/www.africa-press.net\/niger\/wp-json\/wp\/v2\/comments?post=11341"}],"version-history":[{"count":0,"href":"https:\/\/www.africa-press.net\/niger\/wp-json\/wp\/v2\/posts\/11341\/revisions"}],"wp:featuredmedia":[{"embeddable":true,"href":"https:\/\/www.africa-press.net\/niger\/wp-json\/wp\/v2\/media\/11340"}],"wp:attachment":[{"href":"https:\/\/www.africa-press.net\/niger\/wp-json\/wp\/v2\/media?parent=11341"}],"wp:term":[{"taxonomy":"category","embeddable":true,"href":"https:\/\/www.africa-press.net\/niger\/wp-json\/wp\/v2\/categories?post=11341"},{"taxonomy":"post_tag","embeddable":true,"href":"https:\/\/www.africa-press.net\/niger\/wp-json\/wp\/v2\/tags?post=11341"}],"curies":[{"name":"wp","href":"https:\/\/api.w.org\/{rel}","templated":true}]}}