{"id":11344,"date":"2021-09-07T18:04:26","date_gmt":"2021-09-07T18:04:26","guid":{"rendered":"https:\/\/www.africa-press.net\/niger\/?p=11344"},"modified":"2021-09-07T17:17:48","modified_gmt":"2021-09-07T17:17:48","slug":"visite-du-vice-president-du-conseil-presidentiel-libyen-au-niger-m-moussa-al-koni-accueilli-par-le-premier-ministre","status":"publish","type":"post","link":"https:\/\/www.africa-press.net\/niger\/politique\/visite-du-vice-president-du-conseil-presidentiel-libyen-au-niger-m-moussa-al-koni-accueilli-par-le-premier-ministre","title":{"rendered":"Visite du Vice-pr\u00e9sident du Conseil Pr\u00e9sidentiel libyen au Niger : M. Moussa Al-Koni accueilli par le Premier ministre"},"content":{"rendered":"<p><span style=\"color: #ff6600\"><strong><a href=\"https:\/\/www.africa-press.net\/\">Africa-Press<\/a> &#8211; <a href=\"https:\/\/www.africa-press.net\/niger\">Niger<\/a>. <\/strong><\/span>En visite de travail et d\u2019amiti\u00e9 au Niger, le Vice-pr\u00e9sident du Conseil Pr\u00e9sidentiel libyen, SE.. Moussa Al-Koni a \u00e9t\u00e9 accueilli hier matin \u00e0 l\u2019A\u00e9roport International Diori Hamani de Niamey, par le Premier ministre Chef du gouvernement, M. Ouhoumoudou Mahamadou. A la t\u00eate d\u2019une forte d\u00e9l\u00e9gation, le Vice-pr\u00e9sident du Conseil Pr\u00e9sidentiel libyen s\u2019est entretenu en t\u00eate-\u00e0-t\u00eate au salon d\u2019honneur avec le Chef du gouvernement. Notons que la Libye traverse une crise depuis 2011. Une situation que les autorit\u00e9s en place tentent d\u2019endiguer avec l\u2019appui de la communaut\u00e9 internationale. Dans la perspective de retour de la paix et de la s\u00e9curit\u00e9 en Libye, les autorit\u00e9s libyennes de transition multiplient ce dernier temps les contacts avec leurs homologues des pays voisins.<\/p>\n<p><b>Mamane Abdoulaye(onep)<\/b><\/p>\n","protected":false},"excerpt":{"rendered":"<p>Africa-Press &#8211; Niger. En visite de travail et d\u2019amiti\u00e9 au Niger, le Vice-pr\u00e9sident du Conseil Pr\u00e9sidentiel libyen, SE.. Moussa Al-Koni a \u00e9t\u00e9 accueilli hier matin \u00e0 l\u2019A\u00e9roport International Diori Hamani de Niamey, par le Premier ministre Chef du gouvernement, M. Ouhoumoudou Mahamadou. A la t\u00eate d\u2019une forte d\u00e9l\u00e9gation, le Vice-pr\u00e9sident du Conseil Pr\u00e9sidentiel libyen s\u2019est [&hellip;]<\/p>\n","protected":false},"author":82,"featured_media":11343,"comment_status":"open","ping_status":"closed","sticky":false,"template":"","format":"standard","meta":{"footnotes":""},"categories":[11,2,20,10],"tags":[55,60,29],"class_list":["post-11344","post","type-post","status-publish","format-standard","has-post-thumbnail","hentry","category-homepage-french","category-politique","category-top-nouvelles","category-toutes-les-actualites","tag-africa-press","tag-africa-press-niger","tag-niger"],"yoast_head":"<!-- This site is optimized with the Yoast SEO Premium plugin v26.1 (Yoast SEO v27.0) - https:\/\/yoast.com\/product\/yoast-seo-premium-wordpress\/ -->\n<title>Visite du Vice-pr\u00e9sident du Conseil Pr\u00e9sidentiel libyen au Niger : M. Moussa Al-Koni accueilli par le Premier ministre - niger<\/title>\n<meta name=\"description\" content=\"\ufeffEn visite de travail et d\u2019amiti\u00e9 au Niger, le Vice-pr\u00e9sident du Conseil Pr\u00e9sidentiel libyen, SE.. Moussa Al-Koni a \u00e9t\u00e9 ...\" \/>\n<meta name=\"robots\" content=\"index, follow, max-snippet:-1, max-image-preview:large, max-video-preview:-1\" \/>\n<link rel=\"canonical\" href=\"https:\/\/www.africa-press.net\/niger\/politique\/visite-du-vice-president-du-conseil-presidentiel-libyen-au-niger-m-moussa-al-koni-accueilli-par-le-premier-ministre\" \/>\n<meta property=\"og:locale\" content=\"fr_FR\" \/>\n<meta property=\"og:type\" content=\"article\" \/>\n<meta property=\"og:title\" content=\"Visite du Vice-pr\u00e9sident du Conseil Pr\u00e9sidentiel libyen au Niger : M. Moussa Al-Koni accueilli par le Premier ministre\" \/>\n<meta property=\"og:description\" content=\"\ufeffEn visite de travail et d\u2019amiti\u00e9 au Niger, le Vice-pr\u00e9sident du Conseil Pr\u00e9sidentiel libyen, SE.. Moussa Al-Koni a \u00e9t\u00e9 ...\" \/>\n<meta property=\"og:url\" content=\"https:\/\/www.africa-press.net\/niger\/politique\/visite-du-vice-president-du-conseil-presidentiel-libyen-au-niger-m-moussa-al-koni-accueilli-par-le-premier-ministre\" \/>\n<meta property=\"og:site_name\" content=\"niger\" \/>\n<meta property=\"article:published_time\" content=\"2021-09-07T18:04:26+00:00\" \/>\n<meta property=\"og:image\" content=\"https:\/\/static.africa-press.net\/niger\/sites\/40\/2021\/09\/img-61379e8e3162e.jpg\" \/>\n\t<meta property=\"og:image:width\" content=\"720\" \/>\n\t<meta property=\"og:image:height\" content=\"489\" \/>\n\t<meta property=\"og:image:type\" content=\"image\/jpeg\" \/>\n<meta name=\"author\" content=\"cfeditorfr\" \/>\n<meta name=\"twitter:card\" content=\"summary_large_image\" \/>\n<meta name=\"twitter:label1\" content=\"\u00c9crit par\" \/>\n\t<meta name=\"twitter:data1\" content=\"cfeditorfr\" \/>\n\t<meta name=\"twitter:label2\" content=\"Dur\u00e9e de lecture estim\u00e9e\" \/>\n\t<meta name=\"twitter:data2\" content=\"1 minute\" \/>\n<script type=\"application\/ld+json\" class=\"yoast-schema-graph\">{\"@context\":\"https:\/\/schema.org\",\"@graph\":[{\"@type\":\"Article\",\"@id\":\"https:\/\/www.africa-press.net\/niger\/politique\/visite-du-vice-president-du-conseil-presidentiel-libyen-au-niger-m-moussa-al-koni-accueilli-par-le-premier-ministre#article\",\"isPartOf\":{\"@id\":\"https:\/\/www.africa-press.net\/niger\/politique\/visite-du-vice-president-du-conseil-presidentiel-libyen-au-niger-m-moussa-al-koni-accueilli-par-le-premier-ministre\"},\"author\":{\"name\":\"cfeditorfr\",\"@id\":\"https:\/\/www.africa-press.net\/niger\/#\/schema\/person\/2b1cf3cd81a31e3cd26889ca66d677f1\"},\"headline\":\"Visite du Vice-pr\u00e9sident du Conseil Pr\u00e9sidentiel libyen au Niger : M. Moussa Al-Koni accueilli par le Premier ministre\",\"datePublished\":\"2021-09-07T18:04:26+00:00\",\"mainEntityOfPage\":{\"@id\":\"https:\/\/www.africa-press.net\/niger\/politique\/visite-du-vice-president-du-conseil-presidentiel-libyen-au-niger-m-moussa-al-koni-accueilli-par-le-premier-ministre\"},\"wordCount\":162,\"commentCount\":0,\"image\":{\"@id\":\"https:\/\/www.africa-press.net\/niger\/politique\/visite-du-vice-president-du-conseil-presidentiel-libyen-au-niger-m-moussa-al-koni-accueilli-par-le-premier-ministre#primaryimage\"},\"thumbnailUrl\":\"https:\/\/static.africa-press.net\/niger\/sites\/40\/2021\/09\/img-61379e8e3162e.jpg\",\"keywords\":[\"Africa Press\",\"Africa Press-Niger\",\"Niger\"],\"articleSection\":[\"homepage-french\",\"Politique\",\"Top Nouvelles\",\"Toutes les actualit\u00e9s\"],\"inLanguage\":\"fr-FR\",\"potentialAction\":[{\"@type\":\"CommentAction\",\"name\":\"Comment\",\"target\":[\"https:\/\/www.africa-press.net\/niger\/politique\/visite-du-vice-president-du-conseil-presidentiel-libyen-au-niger-m-moussa-al-koni-accueilli-par-le-premier-ministre#respond\"]}]},{\"@type\":\"WebPage\",\"@id\":\"https:\/\/www.africa-press.net\/niger\/politique\/visite-du-vice-president-du-conseil-presidentiel-libyen-au-niger-m-moussa-al-koni-accueilli-par-le-premier-ministre\",\"url\":\"https:\/\/www.africa-press.net\/niger\/politique\/visite-du-vice-president-du-conseil-presidentiel-libyen-au-niger-m-moussa-al-koni-accueilli-par-le-premier-ministre\",\"name\":\"Visite du Vice-pr\u00e9sident du Conseil Pr\u00e9sidentiel libyen au Niger : M. Moussa Al-Koni accueilli par le Premier ministre - niger\",\"isPartOf\":{\"@id\":\"https:\/\/www.africa-press.net\/niger\/#website\"},\"primaryImageOfPage\":{\"@id\":\"https:\/\/www.africa-press.net\/niger\/politique\/visite-du-vice-president-du-conseil-presidentiel-libyen-au-niger-m-moussa-al-koni-accueilli-par-le-premier-ministre#primaryimage\"},\"image\":{\"@id\":\"https:\/\/www.africa-press.net\/niger\/politique\/visite-du-vice-president-du-conseil-presidentiel-libyen-au-niger-m-moussa-al-koni-accueilli-par-le-premier-ministre#primaryimage\"},\"thumbnailUrl\":\"https:\/\/static.africa-press.net\/niger\/sites\/40\/2021\/09\/img-61379e8e3162e.jpg\",\"datePublished\":\"2021-09-07T18:04:26+00:00\",\"author\":{\"@id\":\"https:\/\/www.africa-press.net\/niger\/#\/schema\/person\/2b1cf3cd81a31e3cd26889ca66d677f1\"},\"description\":\"\ufeffEn visite de travail et d\u2019amiti\u00e9 au Niger, le Vice-pr\u00e9sident du Conseil Pr\u00e9sidentiel libyen, SE.. Moussa Al-Koni a \u00e9t\u00e9 ...\",\"breadcrumb\":{\"@id\":\"https:\/\/www.africa-press.net\/niger\/politique\/visite-du-vice-president-du-conseil-presidentiel-libyen-au-niger-m-moussa-al-koni-accueilli-par-le-premier-ministre#breadcrumb\"},\"inLanguage\":\"fr-FR\",\"potentialAction\":[{\"@type\":\"ReadAction\",\"target\":[\"https:\/\/www.africa-press.net\/niger\/politique\/visite-du-vice-president-du-conseil-presidentiel-libyen-au-niger-m-moussa-al-koni-accueilli-par-le-premier-ministre\"]}]},{\"@type\":\"ImageObject\",\"inLanguage\":\"fr-FR\",\"@id\":\"https:\/\/www.africa-press.net\/niger\/politique\/visite-du-vice-president-du-conseil-presidentiel-libyen-au-niger-m-moussa-al-koni-accueilli-par-le-premier-ministre#primaryimage\",\"url\":\"https:\/\/static.africa-press.net\/niger\/sites\/40\/2021\/09\/img-61379e8e3162e.jpg\",\"contentUrl\":\"https:\/\/static.africa-press.net\/niger\/sites\/40\/2021\/09\/img-61379e8e3162e.jpg\",\"width\":720,\"height\":489,\"caption\":\"Visite du Vice-pr\u00e9sident du Conseil Pr\u00e9sidentiel libyen au Niger : M. Moussa Al-Koni accueilli par le Premier ministre\"},{\"@type\":\"BreadcrumbList\",\"@id\":\"https:\/\/www.africa-press.net\/niger\/politique\/visite-du-vice-president-du-conseil-presidentiel-libyen-au-niger-m-moussa-al-koni-accueilli-par-le-premier-ministre#breadcrumb\",\"itemListElement\":[{\"@type\":\"ListItem\",\"position\":1,\"name\":\"Accueil\",\"item\":\"https:\/\/www.africa-press.net\/niger\/\"},{\"@type\":\"ListItem\",\"position\":2,\"name\":\"Visite du Vice-pr\u00e9sident du Conseil Pr\u00e9sidentiel libyen au Niger : M. Moussa Al-Koni accueilli par le Premier ministre\"}]},{\"@type\":\"WebSite\",\"@id\":\"https:\/\/www.africa-press.net\/niger\/#website\",\"url\":\"https:\/\/www.africa-press.net\/niger\/\",\"name\":\"niger\",\"description\":\"Just another Africa News Agency Sites site\",\"potentialAction\":[{\"@type\":\"SearchAction\",\"target\":{\"@type\":\"EntryPoint\",\"urlTemplate\":\"https:\/\/www.africa-press.net\/niger\/?s={search_term_string}\"},\"query-input\":{\"@type\":\"PropertyValueSpecification\",\"valueRequired\":true,\"valueName\":\"search_term_string\"}}],\"inLanguage\":\"fr-FR\"},{\"@type\":\"Person\",\"@id\":\"https:\/\/www.africa-press.net\/niger\/#\/schema\/person\/2b1cf3cd81a31e3cd26889ca66d677f1\",\"name\":\"cfeditorfr\"}]}<\/script>\n<!-- \/ Yoast SEO Premium plugin. -->","yoast_head_json":{"title":"Visite du Vice-pr\u00e9sident du Conseil Pr\u00e9sidentiel libyen au Niger : M. Moussa Al-Koni accueilli par le Premier ministre - niger","description":"\ufeffEn visite de travail et d\u2019amiti\u00e9 au Niger, le Vice-pr\u00e9sident du Conseil Pr\u00e9sidentiel libyen, SE.. Moussa Al-Koni a \u00e9t\u00e9 ...","robots":{"index":"index","follow":"follow","max-snippet":"max-snippet:-1","max-image-preview":"max-image-preview:large","max-video-preview":"max-video-preview:-1"},"canonical":"https:\/\/www.africa-press.net\/niger\/politique\/visite-du-vice-president-du-conseil-presidentiel-libyen-au-niger-m-moussa-al-koni-accueilli-par-le-premier-ministre","og_locale":"fr_FR","og_type":"article","og_title":"Visite du Vice-pr\u00e9sident du Conseil Pr\u00e9sidentiel libyen au Niger : M. Moussa Al-Koni accueilli par le Premier ministre","og_description":"\ufeffEn visite de travail et d\u2019amiti\u00e9 au Niger, le Vice-pr\u00e9sident du Conseil Pr\u00e9sidentiel libyen, SE.. Moussa Al-Koni a \u00e9t\u00e9 ...","og_url":"https:\/\/www.africa-press.net\/niger\/politique\/visite-du-vice-president-du-conseil-presidentiel-libyen-au-niger-m-moussa-al-koni-accueilli-par-le-premier-ministre","og_site_name":"niger","article_published_time":"2021-09-07T18:04:26+00:00","og_image":[{"width":720,"height":489,"url":"https:\/\/static.africa-press.net\/niger\/sites\/40\/2021\/09\/img-61379e8e3162e.jpg","type":"image\/jpeg"}],"author":"cfeditorfr","twitter_card":"summary_large_image","twitter_misc":{"\u00c9crit par":"cfeditorfr","Dur\u00e9e de lecture estim\u00e9e":"1 minute"},"schema":{"@context":"https:\/\/schema.org","@graph":[{"@type":"Article","@id":"https:\/\/www.africa-press.net\/niger\/politique\/visite-du-vice-president-du-conseil-presidentiel-libyen-au-niger-m-moussa-al-koni-accueilli-par-le-premier-ministre#article","isPartOf":{"@id":"https:\/\/www.africa-press.net\/niger\/politique\/visite-du-vice-president-du-conseil-presidentiel-libyen-au-niger-m-moussa-al-koni-accueilli-par-le-premier-ministre"},"author":{"name":"cfeditorfr","@id":"https:\/\/www.africa-press.net\/niger\/#\/schema\/person\/2b1cf3cd81a31e3cd26889ca66d677f1"},"headline":"Visite du Vice-pr\u00e9sident du Conseil Pr\u00e9sidentiel libyen au Niger : M. Moussa Al-Koni accueilli par le Premier ministre","datePublished":"2021-09-07T18:04:26+00:00","mainEntityOfPage":{"@id":"https:\/\/www.africa-press.net\/niger\/politique\/visite-du-vice-president-du-conseil-presidentiel-libyen-au-niger-m-moussa-al-koni-accueilli-par-le-premier-ministre"},"wordCount":162,"commentCount":0,"image":{"@id":"https:\/\/www.africa-press.net\/niger\/politique\/visite-du-vice-president-du-conseil-presidentiel-libyen-au-niger-m-moussa-al-koni-accueilli-par-le-premier-ministre#primaryimage"},"thumbnailUrl":"https:\/\/static.africa-press.net\/niger\/sites\/40\/2021\/09\/img-61379e8e3162e.jpg","keywords":["Africa Press","Africa Press-Niger","Niger"],"articleSection":["homepage-french","Politique","Top Nouvelles","Toutes les actualit\u00e9s"],"inLanguage":"fr-FR","potentialAction":[{"@type":"CommentAction","name":"Comment","target":["https:\/\/www.africa-press.net\/niger\/politique\/visite-du-vice-president-du-conseil-presidentiel-libyen-au-niger-m-moussa-al-koni-accueilli-par-le-premier-ministre#respond"]}]},{"@type":"WebPage","@id":"https:\/\/www.africa-press.net\/niger\/politique\/visite-du-vice-president-du-conseil-presidentiel-libyen-au-niger-m-moussa-al-koni-accueilli-par-le-premier-ministre","url":"https:\/\/www.africa-press.net\/niger\/politique\/visite-du-vice-president-du-conseil-presidentiel-libyen-au-niger-m-moussa-al-koni-accueilli-par-le-premier-ministre","name":"Visite du Vice-pr\u00e9sident du Conseil Pr\u00e9sidentiel libyen au Niger : M. Moussa Al-Koni accueilli par le Premier ministre - niger","isPartOf":{"@id":"https:\/\/www.africa-press.net\/niger\/#website"},"primaryImageOfPage":{"@id":"https:\/\/www.africa-press.net\/niger\/politique\/visite-du-vice-president-du-conseil-presidentiel-libyen-au-niger-m-moussa-al-koni-accueilli-par-le-premier-ministre#primaryimage"},"image":{"@id":"https:\/\/www.africa-press.net\/niger\/politique\/visite-du-vice-president-du-conseil-presidentiel-libyen-au-niger-m-moussa-al-koni-accueilli-par-le-premier-ministre#primaryimage"},"thumbnailUrl":"https:\/\/static.africa-press.net\/niger\/sites\/40\/2021\/09\/img-61379e8e3162e.jpg","datePublished":"2021-09-07T18:04:26+00:00","author":{"@id":"https:\/\/www.africa-press.net\/niger\/#\/schema\/person\/2b1cf3cd81a31e3cd26889ca66d677f1"},"description":"\ufeffEn visite de travail et d\u2019amiti\u00e9 au Niger, le Vice-pr\u00e9sident du Conseil Pr\u00e9sidentiel libyen, SE.. Moussa Al-Koni a \u00e9t\u00e9 ...","breadcrumb":{"@id":"https:\/\/www.africa-press.net\/niger\/politique\/visite-du-vice-president-du-conseil-presidentiel-libyen-au-niger-m-moussa-al-koni-accueilli-par-le-premier-ministre#breadcrumb"},"inLanguage":"fr-FR","potentialAction":[{"@type":"ReadAction","target":["https:\/\/www.africa-press.net\/niger\/politique\/visite-du-vice-president-du-conseil-presidentiel-libyen-au-niger-m-moussa-al-koni-accueilli-par-le-premier-ministre"]}]},{"@type":"ImageObject","inLanguage":"fr-FR","@id":"https:\/\/www.africa-press.net\/niger\/politique\/visite-du-vice-president-du-conseil-presidentiel-libyen-au-niger-m-moussa-al-koni-accueilli-par-le-premier-ministre#primaryimage","url":"https:\/\/static.africa-press.net\/niger\/sites\/40\/2021\/09\/img-61379e8e3162e.jpg","contentUrl":"https:\/\/static.africa-press.net\/niger\/sites\/40\/2021\/09\/img-61379e8e3162e.jpg","width":720,"height":489,"caption":"Visite du Vice-pr\u00e9sident du Conseil Pr\u00e9sidentiel libyen au Niger : M. Moussa Al-Koni accueilli par le Premier ministre"},{"@type":"BreadcrumbList","@id":"https:\/\/www.africa-press.net\/niger\/politique\/visite-du-vice-president-du-conseil-presidentiel-libyen-au-niger-m-moussa-al-koni-accueilli-par-le-premier-ministre#breadcrumb","itemListElement":[{"@type":"ListItem","position":1,"name":"Accueil","item":"https:\/\/www.africa-press.net\/niger\/"},{"@type":"ListItem","position":2,"name":"Visite du Vice-pr\u00e9sident du Conseil Pr\u00e9sidentiel libyen au Niger : M. Moussa Al-Koni accueilli par le Premier ministre"}]},{"@type":"WebSite","@id":"https:\/\/www.africa-press.net\/niger\/#website","url":"https:\/\/www.africa-press.net\/niger\/","name":"niger","description":"Just another Africa News Agency Sites site","potentialAction":[{"@type":"SearchAction","target":{"@type":"EntryPoint","urlTemplate":"https:\/\/www.africa-press.net\/niger\/?s={search_term_string}"},"query-input":{"@type":"PropertyValueSpecification","valueRequired":true,"valueName":"search_term_string"}}],"inLanguage":"fr-FR"},{"@type":"Person","@id":"https:\/\/www.africa-press.net\/niger\/#\/schema\/person\/2b1cf3cd81a31e3cd26889ca66d677f1","name":"cfeditorfr"}]}},"_links":{"self":[{"href":"https:\/\/www.africa-press.net\/niger\/wp-json\/wp\/v2\/posts\/11344","targetHints":{"allow":["GET"]}}],"collection":[{"href":"https:\/\/www.africa-press.net\/niger\/wp-json\/wp\/v2\/posts"}],"about":[{"href":"https:\/\/www.africa-press.net\/niger\/wp-json\/wp\/v2\/types\/post"}],"author":[{"embeddable":true,"href":"https:\/\/www.africa-press.net\/niger\/wp-json\/wp\/v2\/users\/82"}],"replies":[{"embeddable":true,"href":"https:\/\/www.africa-press.net\/niger\/wp-json\/wp\/v2\/comments?post=11344"}],"version-history":[{"count":0,"href":"https:\/\/www.africa-press.net\/niger\/wp-json\/wp\/v2\/posts\/11344\/revisions"}],"wp:featuredmedia":[{"embeddable":true,"href":"https:\/\/www.africa-press.net\/niger\/wp-json\/wp\/v2\/media\/11343"}],"wp:attachment":[{"href":"https:\/\/www.africa-press.net\/niger\/wp-json\/wp\/v2\/media?parent=11344"}],"wp:term":[{"taxonomy":"category","embeddable":true,"href":"https:\/\/www.africa-press.net\/niger\/wp-json\/wp\/v2\/categories?post=11344"},{"taxonomy":"post_tag","embeddable":true,"href":"https:\/\/www.africa-press.net\/niger\/wp-json\/wp\/v2\/tags?post=11344"}],"curies":[{"name":"wp","href":"https:\/\/api.w.org\/{rel}","templated":true}]}}