{"id":11347,"date":"2021-09-07T18:10:28","date_gmt":"2021-09-07T18:10:28","guid":{"rendered":"https:\/\/www.africa-press.net\/niger\/?p=11347"},"modified":"2021-09-07T17:18:50","modified_gmt":"2021-09-07T17:18:50","slug":"communique-conjoint-a-lissue-de-la-visite-du-travail-de-sem-ramtane-lamamra-ministre-des-affaires-etrangeres-et-de-la-communaute-nationale-a-letranger-de-la-republique-algerienne-de","status":"publish","type":"post","link":"https:\/\/www.africa-press.net\/niger\/politique\/communique-conjoint-a-lissue-de-la-visite-du-travail-de-sem-ramtane-lamamra-ministre-des-affaires-etrangeres-et-de-la-communaute-nationale-a-letranger-de-la-republique-algerienne-de","title":{"rendered":"Communiqu\u00e9 conjoint \u00e0 l\u2019issue de la visite du travail de SEM Ramtane Lamamra, Ministre des Affaires Etrang\u00e8res et de la Communaut\u00e9 Nationale \u00e0 l\u2019Etranger de la R\u00e9publique Alg\u00e9rienne D\u00e9mocratique et Populaire"},"content":{"rendered":"<p><span style=\"color: #ff6600\"><strong><a href=\"https:\/\/www.africa-press.net\/\">Africa-Press<\/a> &#8211; <a href=\"https:\/\/www.africa-press.net\/niger\">Niger<\/a>. <\/strong><\/span>1. Son Excellence Monsieur RAMTANE LAMAMRA, Ministre des Affaires Etrang\u00e8res et de la Communaut\u00e9 Nationale \u00e0 l\u2019Etranger de la R\u00e9publique Alg\u00e9rienne D\u00e9mocratique et Populaire, Envoy\u00e9 Sp\u00e9cial de Monsieur le Pr\u00e9sident de la R\u00e9publique, Son Excellence ABDELMAJID TEBBOUNE a effectu\u00e9 une visite de travail, au Niger du 05 au 07 Septembre 2021, accompagn\u00e9 d\u2019une importante d\u00e9l\u00e9gation.<\/p>\n<p>2. Cette visite s\u2019inscrit dans le cadre des traditions de concertation et de dialogue entre les deux pays fr\u00e8res et traduit leur volont\u00e9 et leur d\u00e9termination \u00e0 imprimer une\u2019 nouvelle dynamique \u00e0 la coop\u00e9ration riche et multiforme conform\u00e9ment aux orientations donn\u00e9es par les Chefs d\u2019Etat des deux pays lors de la visite d\u2019amiti\u00e9 et de travail effectu\u00e9e en Alg\u00e9rie du 12 au 14 juillet 2021 par Son Excellence Monsieur MOHAMED BAZOUM.<\/p>\n<p>3. Au cours de sa visite, le Ministre des Affaires Etrang\u00e8res et de la Communaut\u00e9 Nationale \u00e0 j\u2019Etranger de la R\u00e9publique Alg\u00e9rienne D\u00e9mocratique et Populaire porteur d\u2019un message de Son Excellence Monsieur ABDELMAJID TEBBOUNE, a \u00e9t\u00e9 re\u00e7u en audience par Son Excellence Monsieur MOHAMED BAZOUM, Pr\u00e9sident de la R\u00e9publique, Chef de l\u2019Etat.<\/p>\n<p>4. Son Excellence Monsieur Ramtane LAMAMRA a \u00e9t\u00e9 \u00e9galement re\u00e7u en audience par Son Excellence Monsieur OUHOUMOUDOU MAHAMADOU, Premier Ministre, Chef de Gouvernement, avec lequel un large tour d\u2019horizon sur les questions r\u00e9gionales d\u2019int\u00e9r\u00eat commun a \u00e9t\u00e9 effectu\u00e9.<\/p>\n<p>6. Une r\u00e9union de travail a regroup\u00e9 les d\u00e9l\u00e9gations nig\u00e9rienne et alg\u00e9rienne, conduites respectivement par Son Excellence Monsieur HASSOUMI MASSOUDOU, Ministre d\u2019Etat, Ministre des Affaires Etrang\u00e8res et de la Coop\u00e9ration et Son Excellence RAMTANE LAMAMRA, Ministre des Affaires Etrang\u00e8res et de la Communaut\u00e9 Nationale \u00e0 l\u2019Etranger de la R\u00e9publique Alg\u00e9rienne D\u00e9mocratique et Populaire.<\/p>\n<p>6. Les travaux se sont d\u00e9roul\u00e9s dans une ambiance fraternelle et dans un climat de parfaite convergence de vues. Ils ont port\u00e9 sur un examen exhaustif des questions de coop\u00e9ration bilat\u00e9rale, notamment celles relatives \u00e0 la d\u00e9fense et \u00e0 la s\u00e9curit\u00e9, \u00e0 la migration, \u00e0 l\u2019\u00e9nergie et au p\u00e9trole, et \u00e0 la formation professionnelle. Un \u00e9change de vues sur les questions r\u00e9gionales et internationales d\u2019int\u00e9r\u00eat commun a \u00e9galement eu lieu et au cours duquel les deux Chefs de d\u00e9l\u00e9gations ont soulign\u00e9 la n\u00e9cessit\u00e9 de travailler ensemble pour pr\u00e9server la paix et la stabilit\u00e9 et promouvoir le d\u00e9veloppement en Afrique en g\u00e9n\u00e9ral et dans la sous- r\u00e9gion en particulier. Ils ont \u00e9galement r\u00e9affirm\u00e9 leur d\u00e9termination \u00e0 forger un partenariat sous r\u00e9gional viable au service des peuples de la r\u00e9gion en vue de promouvoir une coop\u00e9ration Sud-Sud pragmatique et solidaire.<\/p>\n<p>7. Concernant le secteur de la d\u00e9fense et de la s\u00e9curit\u00e9, les deux Chefs de d\u00e9l\u00e9gations ont salu\u00e9 l\u2019exemplarit\u00e9 de la coop\u00e9ration pr\u00e9valant dans ce domaine entre les deux pays. Ils se sont f\u00e9licit\u00e9s de la tenue de la r\u00e9union de la commission mixte militaire bilat\u00e9rale du 24 au 26 ao\u00fbt 2021 en Alg\u00e9rie. Ils se sont engag\u00e9s \u00e0 continuer dans ce sens afin de faire face aux multiples d\u00e9fis s\u00e9curitaires qui se posent \u00e0 eux, en particulier et dans la r\u00e9gion du sahel en g\u00e9n\u00e9ral.<\/p>\n<p>8. S\u2019agissant de la gestion du flux migratoire, les deux parties ont convenu d\u2019examiner la situation des migrants nig\u00e9riens travaillant en Alg\u00e9rie dans le cadre des consultations prochaines qui auront lieu entre les deux Ministres de l\u2019Int\u00e9rieur, tout comme ils \u00b7se sont f\u00e9licit\u00e9s des dispositions qui seront prises pour la tenue de la prochaine session du Comit\u00e9 bilat\u00e9ral frontalier.<\/p>\n<p>9. Les parties se sont f\u00e9licit\u00e9es de la relance de la coop\u00e9ration au niveau du bloc Kafra et des perspectives favorables pour permettre \u00e0 SIPEX de poursuivre ses activit\u00e9s et passer \u00e0 la phase de l\u2019exploitation le plus rapidement possible. Ils ont convenu \u00e9galement d\u2019approfondir leurs consultations sur les questions du p\u00e9trole et de l\u2019\u00e9nergie, notamment le projet de Gazoduc transsaharien, lors de la prochaine visite du Ministre alg\u00e9rien de l\u2019Energie et des mines au Niger d\u2019ici la fin du mois de septembre 2021.<\/p>\n<p>En plus de ces deux secteurs, les deux parties ont mis l\u2019accent sur l\u2019importance d\u2019\u00e9largir leur coop\u00e9ration aux domaines de la sante de la formation.<\/p>\n<p><b>Fait \u00e0 Niamey, le 06 septembre 2021.<\/b><\/p>\n","protected":false},"excerpt":{"rendered":"<p>Africa-Press &#8211; Niger. 1. Son Excellence Monsieur RAMTANE LAMAMRA, Ministre des Affaires Etrang\u00e8res et de la Communaut\u00e9 Nationale \u00e0 l\u2019Etranger de la R\u00e9publique Alg\u00e9rienne D\u00e9mocratique et Populaire, Envoy\u00e9 Sp\u00e9cial de Monsieur le Pr\u00e9sident de la R\u00e9publique, Son Excellence ABDELMAJID TEBBOUNE a effectu\u00e9 une visite de travail, au Niger du 05 au 07 Septembre 2021, accompagn\u00e9 [&hellip;]<\/p>\n","protected":false},"author":82,"featured_media":11346,"comment_status":"open","ping_status":"closed","sticky":false,"template":"","format":"standard","meta":{"footnotes":""},"categories":[11,2,10],"tags":[55,60,29],"class_list":["post-11347","post","type-post","status-publish","format-standard","has-post-thumbnail","hentry","category-homepage-french","category-politique","category-toutes-les-actualites","tag-africa-press","tag-africa-press-niger","tag-niger"],"yoast_head":"<!-- This site is optimized with the Yoast SEO Premium plugin v26.1 (Yoast SEO v27.0) - https:\/\/yoast.com\/product\/yoast-seo-premium-wordpress\/ -->\n<title>Communiqu\u00e9 conjoint \u00e0 l\u2019issue de la visite du travail de SEM Ramtane Lamamra, Ministre des Affaires Etrang\u00e8res et de la Communaut\u00e9 Nationale \u00e0 l\u2019Etranger de la R\u00e9publique Alg\u00e9rienne D\u00e9mocratique et Populaire - niger<\/title>\n<meta name=\"description\" content=\"\ufeff1. Son Excellence Monsieur RAMTANE LAMAMRA, Ministre des Affaires Etrang\u00e8res et de la Communaut\u00e9 Nationale \u00e0 l\u2019Etranger ...\" \/>\n<meta name=\"robots\" content=\"index, follow, max-snippet:-1, max-image-preview:large, max-video-preview:-1\" \/>\n<link rel=\"canonical\" href=\"https:\/\/www.africa-press.net\/niger\/politique\/communique-conjoint-a-lissue-de-la-visite-du-travail-de-sem-ramtane-lamamra-ministre-des-affaires-etrangeres-et-de-la-communaute-nationale-a-letranger-de-la-republique-algerienne-de\" \/>\n<meta property=\"og:locale\" content=\"fr_FR\" \/>\n<meta property=\"og:type\" content=\"article\" \/>\n<meta property=\"og:title\" content=\"Communiqu\u00e9 conjoint \u00e0 l\u2019issue de la visite du travail de SEM Ramtane Lamamra, Ministre des Affaires Etrang\u00e8res et de la Communaut\u00e9 Nationale \u00e0 l\u2019Etranger de la R\u00e9publique Alg\u00e9rienne D\u00e9mocratique et Populaire\" \/>\n<meta property=\"og:description\" content=\"\ufeff1. Son Excellence Monsieur RAMTANE LAMAMRA, Ministre des Affaires Etrang\u00e8res et de la Communaut\u00e9 Nationale \u00e0 l\u2019Etranger ...\" \/>\n<meta property=\"og:url\" content=\"https:\/\/www.africa-press.net\/niger\/politique\/communique-conjoint-a-lissue-de-la-visite-du-travail-de-sem-ramtane-lamamra-ministre-des-affaires-etrangeres-et-de-la-communaute-nationale-a-letranger-de-la-republique-algerienne-de\" \/>\n<meta property=\"og:site_name\" content=\"niger\" \/>\n<meta property=\"article:published_time\" content=\"2021-09-07T18:10:28+00:00\" \/>\n<meta property=\"og:image\" content=\"https:\/\/static.africa-press.net\/niger\/sites\/40\/2021\/09\/img-61379ed2bc864.jpg\" \/>\n\t<meta property=\"og:image:width\" content=\"720\" \/>\n\t<meta property=\"og:image:height\" content=\"448\" \/>\n\t<meta property=\"og:image:type\" content=\"image\/jpeg\" \/>\n<meta name=\"author\" content=\"cfeditorfr\" \/>\n<meta name=\"twitter:card\" content=\"summary_large_image\" \/>\n<meta name=\"twitter:label1\" content=\"\u00c9crit par\" \/>\n\t<meta name=\"twitter:data1\" content=\"cfeditorfr\" \/>\n\t<meta name=\"twitter:label2\" content=\"Dur\u00e9e de lecture estim\u00e9e\" \/>\n\t<meta name=\"twitter:data2\" content=\"4 minutes\" \/>\n<script type=\"application\/ld+json\" class=\"yoast-schema-graph\">{\"@context\":\"https:\/\/schema.org\",\"@graph\":[{\"@type\":\"Article\",\"@id\":\"https:\/\/www.africa-press.net\/niger\/politique\/communique-conjoint-a-lissue-de-la-visite-du-travail-de-sem-ramtane-lamamra-ministre-des-affaires-etrangeres-et-de-la-communaute-nationale-a-letranger-de-la-republique-algerienne-de#article\",\"isPartOf\":{\"@id\":\"https:\/\/www.africa-press.net\/niger\/politique\/communique-conjoint-a-lissue-de-la-visite-du-travail-de-sem-ramtane-lamamra-ministre-des-affaires-etrangeres-et-de-la-communaute-nationale-a-letranger-de-la-republique-algerienne-de\"},\"author\":{\"name\":\"cfeditorfr\",\"@id\":\"https:\/\/www.africa-press.net\/niger\/#\/schema\/person\/2b1cf3cd81a31e3cd26889ca66d677f1\"},\"headline\":\"Communiqu\u00e9 conjoint \u00e0 l\u2019issue de la visite du travail de SEM Ramtane Lamamra, Ministre des Affaires Etrang\u00e8res et de la Communaut\u00e9 Nationale \u00e0 l\u2019Etranger de la R\u00e9publique Alg\u00e9rienne D\u00e9mocratique et Populaire\",\"datePublished\":\"2021-09-07T18:10:28+00:00\",\"mainEntityOfPage\":{\"@id\":\"https:\/\/www.africa-press.net\/niger\/politique\/communique-conjoint-a-lissue-de-la-visite-du-travail-de-sem-ramtane-lamamra-ministre-des-affaires-etrangeres-et-de-la-communaute-nationale-a-letranger-de-la-republique-algerienne-de\"},\"wordCount\":787,\"commentCount\":0,\"image\":{\"@id\":\"https:\/\/www.africa-press.net\/niger\/politique\/communique-conjoint-a-lissue-de-la-visite-du-travail-de-sem-ramtane-lamamra-ministre-des-affaires-etrangeres-et-de-la-communaute-nationale-a-letranger-de-la-republique-algerienne-de#primaryimage\"},\"thumbnailUrl\":\"https:\/\/static.africa-press.net\/niger\/sites\/40\/2021\/09\/img-61379ed2bc864.jpg\",\"keywords\":[\"Africa Press\",\"Africa Press-Niger\",\"Niger\"],\"articleSection\":[\"homepage-french\",\"Politique\",\"Toutes les actualit\u00e9s\"],\"inLanguage\":\"fr-FR\",\"potentialAction\":[{\"@type\":\"CommentAction\",\"name\":\"Comment\",\"target\":[\"https:\/\/www.africa-press.net\/niger\/politique\/communique-conjoint-a-lissue-de-la-visite-du-travail-de-sem-ramtane-lamamra-ministre-des-affaires-etrangeres-et-de-la-communaute-nationale-a-letranger-de-la-republique-algerienne-de#respond\"]}]},{\"@type\":\"WebPage\",\"@id\":\"https:\/\/www.africa-press.net\/niger\/politique\/communique-conjoint-a-lissue-de-la-visite-du-travail-de-sem-ramtane-lamamra-ministre-des-affaires-etrangeres-et-de-la-communaute-nationale-a-letranger-de-la-republique-algerienne-de\",\"url\":\"https:\/\/www.africa-press.net\/niger\/politique\/communique-conjoint-a-lissue-de-la-visite-du-travail-de-sem-ramtane-lamamra-ministre-des-affaires-etrangeres-et-de-la-communaute-nationale-a-letranger-de-la-republique-algerienne-de\",\"name\":\"Communiqu\u00e9 conjoint \u00e0 l\u2019issue de la visite du travail de SEM Ramtane Lamamra, Ministre des Affaires Etrang\u00e8res et de la Communaut\u00e9 Nationale \u00e0 l\u2019Etranger de la R\u00e9publique Alg\u00e9rienne D\u00e9mocratique et Populaire - niger\",\"isPartOf\":{\"@id\":\"https:\/\/www.africa-press.net\/niger\/#website\"},\"primaryImageOfPage\":{\"@id\":\"https:\/\/www.africa-press.net\/niger\/politique\/communique-conjoint-a-lissue-de-la-visite-du-travail-de-sem-ramtane-lamamra-ministre-des-affaires-etrangeres-et-de-la-communaute-nationale-a-letranger-de-la-republique-algerienne-de#primaryimage\"},\"image\":{\"@id\":\"https:\/\/www.africa-press.net\/niger\/politique\/communique-conjoint-a-lissue-de-la-visite-du-travail-de-sem-ramtane-lamamra-ministre-des-affaires-etrangeres-et-de-la-communaute-nationale-a-letranger-de-la-republique-algerienne-de#primaryimage\"},\"thumbnailUrl\":\"https:\/\/static.africa-press.net\/niger\/sites\/40\/2021\/09\/img-61379ed2bc864.jpg\",\"datePublished\":\"2021-09-07T18:10:28+00:00\",\"author\":{\"@id\":\"https:\/\/www.africa-press.net\/niger\/#\/schema\/person\/2b1cf3cd81a31e3cd26889ca66d677f1\"},\"description\":\"\ufeff1. Son Excellence Monsieur RAMTANE LAMAMRA, Ministre des Affaires Etrang\u00e8res et de la Communaut\u00e9 Nationale \u00e0 l\u2019Etranger ...\",\"breadcrumb\":{\"@id\":\"https:\/\/www.africa-press.net\/niger\/politique\/communique-conjoint-a-lissue-de-la-visite-du-travail-de-sem-ramtane-lamamra-ministre-des-affaires-etrangeres-et-de-la-communaute-nationale-a-letranger-de-la-republique-algerienne-de#breadcrumb\"},\"inLanguage\":\"fr-FR\",\"potentialAction\":[{\"@type\":\"ReadAction\",\"target\":[\"https:\/\/www.africa-press.net\/niger\/politique\/communique-conjoint-a-lissue-de-la-visite-du-travail-de-sem-ramtane-lamamra-ministre-des-affaires-etrangeres-et-de-la-communaute-nationale-a-letranger-de-la-republique-algerienne-de\"]}]},{\"@type\":\"ImageObject\",\"inLanguage\":\"fr-FR\",\"@id\":\"https:\/\/www.africa-press.net\/niger\/politique\/communique-conjoint-a-lissue-de-la-visite-du-travail-de-sem-ramtane-lamamra-ministre-des-affaires-etrangeres-et-de-la-communaute-nationale-a-letranger-de-la-republique-algerienne-de#primaryimage\",\"url\":\"https:\/\/static.africa-press.net\/niger\/sites\/40\/2021\/09\/img-61379ed2bc864.jpg\",\"contentUrl\":\"https:\/\/static.africa-press.net\/niger\/sites\/40\/2021\/09\/img-61379ed2bc864.jpg\",\"width\":720,\"height\":448,\"caption\":\"Communiqu\u00e9 conjoint \u00e0 l\u2019issue de la visite du travail de SEM Ramtane Lamamra, Ministre des Affaires Etrang\u00e8res et de la Communaut\u00e9 Nationale \u00e0 l\u2019Etranger de la R\u00e9publique Alg\u00e9rienne D\u00e9mocratique et Populaire\"},{\"@type\":\"BreadcrumbList\",\"@id\":\"https:\/\/www.africa-press.net\/niger\/politique\/communique-conjoint-a-lissue-de-la-visite-du-travail-de-sem-ramtane-lamamra-ministre-des-affaires-etrangeres-et-de-la-communaute-nationale-a-letranger-de-la-republique-algerienne-de#breadcrumb\",\"itemListElement\":[{\"@type\":\"ListItem\",\"position\":1,\"name\":\"Accueil\",\"item\":\"https:\/\/www.africa-press.net\/niger\/\"},{\"@type\":\"ListItem\",\"position\":2,\"name\":\"Communiqu\u00e9 conjoint \u00e0 l\u2019issue de la visite du travail de SEM Ramtane Lamamra, Ministre des Affaires Etrang\u00e8res et de la Communaut\u00e9 Nationale \u00e0 l\u2019Etranger de la R\u00e9publique Alg\u00e9rienne D\u00e9mocratique et Populaire\"}]},{\"@type\":\"WebSite\",\"@id\":\"https:\/\/www.africa-press.net\/niger\/#website\",\"url\":\"https:\/\/www.africa-press.net\/niger\/\",\"name\":\"niger\",\"description\":\"Just another Africa News Agency Sites site\",\"potentialAction\":[{\"@type\":\"SearchAction\",\"target\":{\"@type\":\"EntryPoint\",\"urlTemplate\":\"https:\/\/www.africa-press.net\/niger\/?s={search_term_string}\"},\"query-input\":{\"@type\":\"PropertyValueSpecification\",\"valueRequired\":true,\"valueName\":\"search_term_string\"}}],\"inLanguage\":\"fr-FR\"},{\"@type\":\"Person\",\"@id\":\"https:\/\/www.africa-press.net\/niger\/#\/schema\/person\/2b1cf3cd81a31e3cd26889ca66d677f1\",\"name\":\"cfeditorfr\"}]}<\/script>\n<!-- \/ Yoast SEO Premium plugin. -->","yoast_head_json":{"title":"Communiqu\u00e9 conjoint \u00e0 l\u2019issue de la visite du travail de SEM Ramtane Lamamra, Ministre des Affaires Etrang\u00e8res et de la Communaut\u00e9 Nationale \u00e0 l\u2019Etranger de la R\u00e9publique Alg\u00e9rienne D\u00e9mocratique et Populaire - niger","description":"\ufeff1. Son Excellence Monsieur RAMTANE LAMAMRA, Ministre des Affaires Etrang\u00e8res et de la Communaut\u00e9 Nationale \u00e0 l\u2019Etranger ...","robots":{"index":"index","follow":"follow","max-snippet":"max-snippet:-1","max-image-preview":"max-image-preview:large","max-video-preview":"max-video-preview:-1"},"canonical":"https:\/\/www.africa-press.net\/niger\/politique\/communique-conjoint-a-lissue-de-la-visite-du-travail-de-sem-ramtane-lamamra-ministre-des-affaires-etrangeres-et-de-la-communaute-nationale-a-letranger-de-la-republique-algerienne-de","og_locale":"fr_FR","og_type":"article","og_title":"Communiqu\u00e9 conjoint \u00e0 l\u2019issue de la visite du travail de SEM Ramtane Lamamra, Ministre des Affaires Etrang\u00e8res et de la Communaut\u00e9 Nationale \u00e0 l\u2019Etranger de la R\u00e9publique Alg\u00e9rienne D\u00e9mocratique et Populaire","og_description":"\ufeff1. Son Excellence Monsieur RAMTANE LAMAMRA, Ministre des Affaires Etrang\u00e8res et de la Communaut\u00e9 Nationale \u00e0 l\u2019Etranger ...","og_url":"https:\/\/www.africa-press.net\/niger\/politique\/communique-conjoint-a-lissue-de-la-visite-du-travail-de-sem-ramtane-lamamra-ministre-des-affaires-etrangeres-et-de-la-communaute-nationale-a-letranger-de-la-republique-algerienne-de","og_site_name":"niger","article_published_time":"2021-09-07T18:10:28+00:00","og_image":[{"width":720,"height":448,"url":"https:\/\/static.africa-press.net\/niger\/sites\/40\/2021\/09\/img-61379ed2bc864.jpg","type":"image\/jpeg"}],"author":"cfeditorfr","twitter_card":"summary_large_image","twitter_misc":{"\u00c9crit par":"cfeditorfr","Dur\u00e9e de lecture estim\u00e9e":"4 minutes"},"schema":{"@context":"https:\/\/schema.org","@graph":[{"@type":"Article","@id":"https:\/\/www.africa-press.net\/niger\/politique\/communique-conjoint-a-lissue-de-la-visite-du-travail-de-sem-ramtane-lamamra-ministre-des-affaires-etrangeres-et-de-la-communaute-nationale-a-letranger-de-la-republique-algerienne-de#article","isPartOf":{"@id":"https:\/\/www.africa-press.net\/niger\/politique\/communique-conjoint-a-lissue-de-la-visite-du-travail-de-sem-ramtane-lamamra-ministre-des-affaires-etrangeres-et-de-la-communaute-nationale-a-letranger-de-la-republique-algerienne-de"},"author":{"name":"cfeditorfr","@id":"https:\/\/www.africa-press.net\/niger\/#\/schema\/person\/2b1cf3cd81a31e3cd26889ca66d677f1"},"headline":"Communiqu\u00e9 conjoint \u00e0 l\u2019issue de la visite du travail de SEM Ramtane Lamamra, Ministre des Affaires Etrang\u00e8res et de la Communaut\u00e9 Nationale \u00e0 l\u2019Etranger de la R\u00e9publique Alg\u00e9rienne D\u00e9mocratique et Populaire","datePublished":"2021-09-07T18:10:28+00:00","mainEntityOfPage":{"@id":"https:\/\/www.africa-press.net\/niger\/politique\/communique-conjoint-a-lissue-de-la-visite-du-travail-de-sem-ramtane-lamamra-ministre-des-affaires-etrangeres-et-de-la-communaute-nationale-a-letranger-de-la-republique-algerienne-de"},"wordCount":787,"commentCount":0,"image":{"@id":"https:\/\/www.africa-press.net\/niger\/politique\/communique-conjoint-a-lissue-de-la-visite-du-travail-de-sem-ramtane-lamamra-ministre-des-affaires-etrangeres-et-de-la-communaute-nationale-a-letranger-de-la-republique-algerienne-de#primaryimage"},"thumbnailUrl":"https:\/\/static.africa-press.net\/niger\/sites\/40\/2021\/09\/img-61379ed2bc864.jpg","keywords":["Africa Press","Africa Press-Niger","Niger"],"articleSection":["homepage-french","Politique","Toutes les actualit\u00e9s"],"inLanguage":"fr-FR","potentialAction":[{"@type":"CommentAction","name":"Comment","target":["https:\/\/www.africa-press.net\/niger\/politique\/communique-conjoint-a-lissue-de-la-visite-du-travail-de-sem-ramtane-lamamra-ministre-des-affaires-etrangeres-et-de-la-communaute-nationale-a-letranger-de-la-republique-algerienne-de#respond"]}]},{"@type":"WebPage","@id":"https:\/\/www.africa-press.net\/niger\/politique\/communique-conjoint-a-lissue-de-la-visite-du-travail-de-sem-ramtane-lamamra-ministre-des-affaires-etrangeres-et-de-la-communaute-nationale-a-letranger-de-la-republique-algerienne-de","url":"https:\/\/www.africa-press.net\/niger\/politique\/communique-conjoint-a-lissue-de-la-visite-du-travail-de-sem-ramtane-lamamra-ministre-des-affaires-etrangeres-et-de-la-communaute-nationale-a-letranger-de-la-republique-algerienne-de","name":"Communiqu\u00e9 conjoint \u00e0 l\u2019issue de la visite du travail de SEM Ramtane Lamamra, Ministre des Affaires Etrang\u00e8res et de la Communaut\u00e9 Nationale \u00e0 l\u2019Etranger de la R\u00e9publique Alg\u00e9rienne D\u00e9mocratique et Populaire - niger","isPartOf":{"@id":"https:\/\/www.africa-press.net\/niger\/#website"},"primaryImageOfPage":{"@id":"https:\/\/www.africa-press.net\/niger\/politique\/communique-conjoint-a-lissue-de-la-visite-du-travail-de-sem-ramtane-lamamra-ministre-des-affaires-etrangeres-et-de-la-communaute-nationale-a-letranger-de-la-republique-algerienne-de#primaryimage"},"image":{"@id":"https:\/\/www.africa-press.net\/niger\/politique\/communique-conjoint-a-lissue-de-la-visite-du-travail-de-sem-ramtane-lamamra-ministre-des-affaires-etrangeres-et-de-la-communaute-nationale-a-letranger-de-la-republique-algerienne-de#primaryimage"},"thumbnailUrl":"https:\/\/static.africa-press.net\/niger\/sites\/40\/2021\/09\/img-61379ed2bc864.jpg","datePublished":"2021-09-07T18:10:28+00:00","author":{"@id":"https:\/\/www.africa-press.net\/niger\/#\/schema\/person\/2b1cf3cd81a31e3cd26889ca66d677f1"},"description":"\ufeff1. Son Excellence Monsieur RAMTANE LAMAMRA, Ministre des Affaires Etrang\u00e8res et de la Communaut\u00e9 Nationale \u00e0 l\u2019Etranger ...","breadcrumb":{"@id":"https:\/\/www.africa-press.net\/niger\/politique\/communique-conjoint-a-lissue-de-la-visite-du-travail-de-sem-ramtane-lamamra-ministre-des-affaires-etrangeres-et-de-la-communaute-nationale-a-letranger-de-la-republique-algerienne-de#breadcrumb"},"inLanguage":"fr-FR","potentialAction":[{"@type":"ReadAction","target":["https:\/\/www.africa-press.net\/niger\/politique\/communique-conjoint-a-lissue-de-la-visite-du-travail-de-sem-ramtane-lamamra-ministre-des-affaires-etrangeres-et-de-la-communaute-nationale-a-letranger-de-la-republique-algerienne-de"]}]},{"@type":"ImageObject","inLanguage":"fr-FR","@id":"https:\/\/www.africa-press.net\/niger\/politique\/communique-conjoint-a-lissue-de-la-visite-du-travail-de-sem-ramtane-lamamra-ministre-des-affaires-etrangeres-et-de-la-communaute-nationale-a-letranger-de-la-republique-algerienne-de#primaryimage","url":"https:\/\/static.africa-press.net\/niger\/sites\/40\/2021\/09\/img-61379ed2bc864.jpg","contentUrl":"https:\/\/static.africa-press.net\/niger\/sites\/40\/2021\/09\/img-61379ed2bc864.jpg","width":720,"height":448,"caption":"Communiqu\u00e9 conjoint \u00e0 l\u2019issue de la visite du travail de SEM Ramtane Lamamra, Ministre des Affaires Etrang\u00e8res et de la Communaut\u00e9 Nationale \u00e0 l\u2019Etranger de la R\u00e9publique Alg\u00e9rienne D\u00e9mocratique et Populaire"},{"@type":"BreadcrumbList","@id":"https:\/\/www.africa-press.net\/niger\/politique\/communique-conjoint-a-lissue-de-la-visite-du-travail-de-sem-ramtane-lamamra-ministre-des-affaires-etrangeres-et-de-la-communaute-nationale-a-letranger-de-la-republique-algerienne-de#breadcrumb","itemListElement":[{"@type":"ListItem","position":1,"name":"Accueil","item":"https:\/\/www.africa-press.net\/niger\/"},{"@type":"ListItem","position":2,"name":"Communiqu\u00e9 conjoint \u00e0 l\u2019issue de la visite du travail de SEM Ramtane Lamamra, Ministre des Affaires Etrang\u00e8res et de la Communaut\u00e9 Nationale \u00e0 l\u2019Etranger de la R\u00e9publique Alg\u00e9rienne D\u00e9mocratique et Populaire"}]},{"@type":"WebSite","@id":"https:\/\/www.africa-press.net\/niger\/#website","url":"https:\/\/www.africa-press.net\/niger\/","name":"niger","description":"Just another Africa News Agency Sites site","potentialAction":[{"@type":"SearchAction","target":{"@type":"EntryPoint","urlTemplate":"https:\/\/www.africa-press.net\/niger\/?s={search_term_string}"},"query-input":{"@type":"PropertyValueSpecification","valueRequired":true,"valueName":"search_term_string"}}],"inLanguage":"fr-FR"},{"@type":"Person","@id":"https:\/\/www.africa-press.net\/niger\/#\/schema\/person\/2b1cf3cd81a31e3cd26889ca66d677f1","name":"cfeditorfr"}]}},"_links":{"self":[{"href":"https:\/\/www.africa-press.net\/niger\/wp-json\/wp\/v2\/posts\/11347","targetHints":{"allow":["GET"]}}],"collection":[{"href":"https:\/\/www.africa-press.net\/niger\/wp-json\/wp\/v2\/posts"}],"about":[{"href":"https:\/\/www.africa-press.net\/niger\/wp-json\/wp\/v2\/types\/post"}],"author":[{"embeddable":true,"href":"https:\/\/www.africa-press.net\/niger\/wp-json\/wp\/v2\/users\/82"}],"replies":[{"embeddable":true,"href":"https:\/\/www.africa-press.net\/niger\/wp-json\/wp\/v2\/comments?post=11347"}],"version-history":[{"count":0,"href":"https:\/\/www.africa-press.net\/niger\/wp-json\/wp\/v2\/posts\/11347\/revisions"}],"wp:featuredmedia":[{"embeddable":true,"href":"https:\/\/www.africa-press.net\/niger\/wp-json\/wp\/v2\/media\/11346"}],"wp:attachment":[{"href":"https:\/\/www.africa-press.net\/niger\/wp-json\/wp\/v2\/media?parent=11347"}],"wp:term":[{"taxonomy":"category","embeddable":true,"href":"https:\/\/www.africa-press.net\/niger\/wp-json\/wp\/v2\/categories?post=11347"},{"taxonomy":"post_tag","embeddable":true,"href":"https:\/\/www.africa-press.net\/niger\/wp-json\/wp\/v2\/tags?post=11347"}],"curies":[{"name":"wp","href":"https:\/\/api.w.org\/{rel}","templated":true}]}}